{"id":824868,"date":"2019-03-16T12:16:45","date_gmt":"2019-03-16T12:16:45","guid":{"rendered":"https:\/\/www.pressenza.com\/?p=824868"},"modified":"2019-03-16T12:16:45","modified_gmt":"2019-03-16T12:16:45","slug":"cinco-medios-de-comunicacion-hacen-autocritica-en-la-universidad","status":"publish","type":"post","link":"https:\/\/www.pressenza.com\/es\/2019\/03\/cinco-medios-de-comunicacion-hacen-autocritica-en-la-universidad\/","title":{"rendered":"Cinco medios de comunicaci\u00f3n hacen autocr\u00edtica en la universidad"},"content":{"rendered":"<p><strong>Periodistas de El Pa\u00eds, Periodista Digital, Entreletras, varios medios televisivos y Pressenza se re\u00fanen en en el Centro de Estudios Universitarios para reflexionar sobre la funci\u00f3n social de los medios, las fuerzas que les afectan y la forma en que pueden contribuir a la cohesi\u00f3n social.<\/strong><\/p>\n<p>El seminario titulado Replantear el rol de los medios en una sociedad en transformaci\u00f3n marca el pistoletazo de salida de un ciclo de conferencias y mesas redondas acerca de la responsabilidad de los medios con la cohesi\u00f3n o la fractura social.<\/p>\n<p>\u00abLos medios de comunicaci\u00f3n parecen haber contribuido a normalizar un discurso de polarizaci\u00f3n y descalificaciones que, aunque de manera incipiente, amenaza la convivencia\u00bb, indicaba Leila Sant, de la Oficina de Asuntos P\u00fablicos de la comunidad de Espa\u00f1a, instituci\u00f3n colaboradora del evento. \u00abEsto fue algo que se resalt\u00f3 en la jornada que organizamos en octubre sobre <a href=\"https:\/\/bahai.us20.list-manage.com\/track\/click?u=5ee81b1422075f36d3be6f960&amp;id=d7ee01062d&amp;e=2bd9e7dcb4\" target=\"_blank\" rel=\"noopener\">prevenci\u00f3n de la radicalizaci\u00f3n violenta<\/a>, por lo que decidimos propiciar una serie de encuentros exclusivos para periodistas donde se analice\u00a0las formas iniciales de radicalizaci\u00f3n en el debate p\u00fablico y la manera en que los medios podr\u00edan abordar este problema\u00bb.<\/p>\n<p>En la mesa inaugural \u2014compuesta por Marcin Roman, director acad\u00e9mico de CEDEU, Dunia Donaires de la comunidad bah\u00e1\u2019\u00ed y Alain Noghiu, del Instituto para el Conocimiento, la Gobernanza y el Desarrollo Globales\u2014, se mencion\u00f3 que uno de los objetivos del seminario era explorar la manera en que los medios de comunicaci\u00f3n pueden ejercer su vital funci\u00f3n de educar a la opini\u00f3n p\u00fablica e informar de manera fidedigna, al tiempo que son econ\u00f3micamente viables.<\/p>\n<p>El panel central del evento estuvo compuesto por cinco periodistas \u2014Rafael Fraguas, cofundador del diario El Pa\u00eds;\u00a0Jes\u00fas Bastante, jefe de redacci\u00f3n deReligi\u00f3n Digital;\u00a0Beatriz de Vicente de Castro, colaboradora de varios medios televisivos para temas de criminalidad;\u00a0Francisco Casta\u00f1\u00f3n, director de la revista digital Entreletras, y Juana P\u00e9rez, de la agencia de comunicaci\u00f3nPressenza\u2014 y un moderador, Andr\u00e9s Shoai, consultor de la agencia de comunicaci\u00f3n Kreab.<\/p>\n<p>Dos de los problemas que se identificaron y que dificultan que los medios de comunicaci\u00f3n puedan cumplir con su funci\u00f3n social son la mercantilizaci\u00f3n del periodismo y la prevalencia de la ideolog\u00eda.<\/p>\n<p>\u00abLos medios tienen que ser viables econ\u00f3micamente y es normal que tengan ciertos valores que quieran transmitir, pero esto no puede ser a cualquier precio, ya que, de lo contrario, su funci\u00f3n de informar, de ilustrar a la opini\u00f3n p\u00fablica para darle vitalidad a la democracia o a otro sistema pol\u00edtico, no puede llevarse a cabo\u00bb, eran las palabras del moderador del panel, Andr\u00e9s Shoai.<\/p>\n<p>Tras ser preguntado por la funci\u00f3n social de los medios, Rafael Fraguas indic\u00f3 que \u00absu funci\u00f3n es mediar entre el poder y la sociedad y gestionar la informaci\u00f3n\u00bb. Beatriz de Vicente, adem\u00e1s, se\u00f1al\u00f3 que \u00ablos medios son canales por los que se transmiten datos con cierta finalidad, ya sea docente, divulgativa o informativa, idealmente, lo m\u00e1s as\u00e9pticos posibles y principalmente aquellos datos que la sociedad necesita desde un punto de vista higi\u00e9nico\u00bb. Francisco Casta\u00f1\u00f3n, ante la misma pregunta, tambi\u00e9n mencion\u00f3 que los medios \u00abtienen que hacer una labor pedag\u00f3gica y de divulgaci\u00f3n que favorezcan la salud democr\u00e1tica\u00bb.<\/p>\n<p>Otra cuesti\u00f3n que estimul\u00f3 el debate fue la desigualdad que se vive en la sociedad y afecta al personal de los medios, dificultando el periodismo de investigaci\u00f3n o la simple contrastaci\u00f3n de las fuentes. \u00abLos periodistas tenemos un juramento hipocr\u00e1tico que exige ser fiel a la verdad aunque te arranquen la piel, as\u00ed como guardar el secreto de las fuentes si as\u00ed lo solicitan\u00bb, eran las palabras de Rafael Fraguas sobre este tema.<\/p>\n<p>Adem\u00e1s, Jes\u00fas Bastante resalt\u00f3 la importancia de que los medios informen, en lugar de \u00abhacer de agencia de comunicaci\u00f3n de los due\u00f1os, alterando as\u00ed lo que transmiten\u00bb. A este respecto, varios de los panelistas coincidieron en la idea que propuso Juana P\u00e9rez de que \u00aben la sociedad hay procesos de desintegraci\u00f3n y desesperanza que generan muchas audiencias, y otros procesos constructivos esperanzadores que no siempre se cuentan, por lo que el periodismo tiene que elegir entre simplemente hacer espect\u00e1culo y valoraciones, o informar de manera fidedigna que adem\u00e1s d\u00e9 esperanza\u00bb.<\/p>\n<p>Al concluir el panel, en la mesa de cierre institucional se se\u00f1al\u00f3 que, a pesar de que las reflexiones hab\u00edan sido muy ricas, este era solo el principio de un camino que aspira a integrar a un n\u00famero creciente de periodistas y de medios para incidir en el debate p\u00fablico y reconducir algunas de las inercias que han afectado negativamente a los medios de comunicaci\u00f3n.<\/p>\n<p>Finalmente, se distribuy\u00f3 un <a href=\"https:\/\/bahai.us20.list-manage.com\/track\/click?u=5ee81b1422075f36d3be6f960&amp;id=1d43999a9b&amp;e=2bd9e7dcb4\" target=\"_blank\" rel=\"noopener\">dec\u00e1logo<\/a> con las conclusiones del primer seminario sobre prevenci\u00f3n de la radicalizaci\u00f3n violenta y se invit\u00f3 a los participantes al curso de verano de tres d\u00edas que ya han aprobado la Universidad Aut\u00f3noma de Madrid y el Ayuntamiento de Tres Cantos sobre la misma tem\u00e1tica, y que contar\u00e1 con representantes nacionales de los diferentes partidos pol\u00edticos, con el presidente del Tribunal Constitucional y con otras cerca de veinte personalidades nacionales procedentes de las fuerzas armadas, de la sociedad civil, de varios medios de comunicaci\u00f3n y de varias religiones.<\/p>\n<p>Las conclusiones del seminario ser\u00e1n publicadas por el equipo de la televisi\u00f3n online Amaranta.tv, de la plataforma <a href=\"http:\/\/gobernanza.es\/\" target=\"_blank\" rel=\"noopener\">gobernanza.es<\/a> y del programa de Onda Verde En busca de la Unidad, quienes estuvieron presentes en el evento.<\/p>\n","protected":false},"excerpt":{"rendered":"<p>Periodistas de El Pa\u00eds, Periodista Digital, Entreletras, varios medios televisivos y Pressenza se re\u00fanen en en el Centro de Estudios Universitarios para reflexionar sobre la funci\u00f3n social de los medios, las fuerzas que les afectan y la forma en que&hellip;<\/p>\n","protected":false},"author":94,"featured_media":824869,"comment_status":"closed","ping_status":"closed","sticky":false,"template":"","format":"standard","meta":{"footnotes":""},"categories":[149,11389,75,66],"tags":[56393,32212,523,16832,51077],"class_list":["post-824868","post","type-post","status-publish","format-standard","has-post-thumbnail","hentry","category-comunicados-de-prensa","category-contenido-original","category-cultura-es","category-europa-es","tag-cedeu","tag-comunidad-bahai","tag-medios-de-comunicacion","tag-periodismo","tag-radicalizacion"],"yoast_head":"<!-- This site is optimized with the Yoast SEO plugin v27.1.1 - https:\/\/yoast.com\/product\/yoast-seo-wordpress\/ -->\n<title>Cinco medios de comunicaci\u00f3n hacen autocr\u00edtica en la universidad<\/title>\n<meta name=\"description\" content=\"Periodistas de El Pa\u00eds, Periodista Digital, Entreletras, varios medios televisivos y Pressenza se re\u00fanen en en el Centro de Estudios Universitarios para\" \/>\n<meta name=\"robots\" content=\"index, follow, max-snippet:-1, max-image-preview:large, max-video-preview:-1\" \/>\n<link rel=\"canonical\" href=\"https:\/\/www.pressenza.com\/es\/2019\/03\/cinco-medios-de-comunicacion-hacen-autocritica-en-la-universidad\/\" \/>\n<meta property=\"og:locale\" content=\"es_ES\" \/>\n<meta property=\"og:type\" content=\"article\" \/>\n<meta property=\"og:title\" content=\"Cinco medios de comunicaci\u00f3n hacen autocr\u00edtica en la universidad\" \/>\n<meta property=\"og:description\" content=\"Periodistas de El Pa\u00eds, Periodista Digital, Entreletras, varios medios televisivos y Pressenza se re\u00fanen en en el Centro de Estudios Universitarios para\" \/>\n<meta property=\"og:url\" content=\"https:\/\/www.pressenza.com\/es\/2019\/03\/cinco-medios-de-comunicacion-hacen-autocritica-en-la-universidad\/\" \/>\n<meta property=\"og:site_name\" content=\"Pressenza\" \/>\n<meta property=\"article:publisher\" content=\"https:\/\/www.facebook.com\/PressenzaItalia\" \/>\n<meta property=\"article:author\" content=\"https:\/\/www.facebook.com\/pressenza\" \/>\n<meta property=\"article:published_time\" content=\"2019-03-16T12:16:45+00:00\" \/>\n<meta property=\"og:image\" content=\"https:\/\/www.pressenza.com\/wp-content\/uploads\/2019\/03\/seminario-CEDEU.jpg\" \/>\n\t<meta property=\"og:image:width\" content=\"1024\" \/>\n\t<meta property=\"og:image:height\" content=\"546\" \/>\n\t<meta property=\"og:image:type\" content=\"image\/jpeg\" \/>\n<meta name=\"author\" content=\"Redacci\u00f3n Madrid\" \/>\n<meta name=\"twitter:card\" content=\"summary_large_image\" \/>\n<meta name=\"twitter:creator\" content=\"@pressenza\" \/>\n<meta name=\"twitter:site\" content=\"@PressenzaIPA\" \/>\n<meta name=\"twitter:label1\" content=\"Escrito por\" \/>\n\t<meta name=\"twitter:data1\" content=\"Redacci\u00f3n Madrid\" \/>\n\t<meta name=\"twitter:label2\" content=\"Tiempo de lectura\" \/>\n\t<meta name=\"twitter:data2\" content=\"5 minutos\" \/>\n<script type=\"application\/ld+json\" class=\"yoast-schema-graph\">{\"@context\":\"https:\/\/schema.org\",\"@graph\":[{\"@type\":\"Article\",\"@id\":\"https:\/\/www.pressenza.com\/es\/2019\/03\/cinco-medios-de-comunicacion-hacen-autocritica-en-la-universidad\/#article\",\"isPartOf\":{\"@id\":\"https:\/\/www.pressenza.com\/es\/2019\/03\/cinco-medios-de-comunicacion-hacen-autocritica-en-la-universidad\/\"},\"author\":{\"name\":\"Redacci\u00f3n Madrid\",\"@id\":\"https:\/\/www.pressenza.com\/es\/#\/schema\/person\/828fc40eeca2ad7be3630e5a46adba94\"},\"headline\":\"Cinco medios de comunicaci\u00f3n hacen autocr\u00edtica en la universidad\",\"datePublished\":\"2019-03-16T12:16:45+00:00\",\"mainEntityOfPage\":{\"@id\":\"https:\/\/www.pressenza.com\/es\/2019\/03\/cinco-medios-de-comunicacion-hacen-autocritica-en-la-universidad\/\"},\"wordCount\":964,\"publisher\":{\"@id\":\"https:\/\/www.pressenza.com\/es\/#organization\"},\"image\":{\"@id\":\"https:\/\/www.pressenza.com\/es\/2019\/03\/cinco-medios-de-comunicacion-hacen-autocritica-en-la-universidad\/#primaryimage\"},\"thumbnailUrl\":\"https:\/\/www.pressenza.com\/wp-content\/uploads\/2019\/03\/seminario-CEDEU.jpg\",\"keywords\":[\"CEDEU\",\"Comunidad Bah'ai\",\"medios de comunicaci\u00f3n\",\"periodismo\",\"Radicalizaci\u00f3n\"],\"articleSection\":[\"Comunicados de Prensa\",\"Contenido Original\",\"Cultura y Medios\",\"Europa\"],\"inLanguage\":\"es\"},{\"@type\":\"WebPage\",\"@id\":\"https:\/\/www.pressenza.com\/es\/2019\/03\/cinco-medios-de-comunicacion-hacen-autocritica-en-la-universidad\/\",\"url\":\"https:\/\/www.pressenza.com\/es\/2019\/03\/cinco-medios-de-comunicacion-hacen-autocritica-en-la-universidad\/\",\"name\":\"Cinco medios de comunicaci\u00f3n hacen autocr\u00edtica en la universidad\",\"isPartOf\":{\"@id\":\"https:\/\/www.pressenza.com\/es\/#website\"},\"primaryImageOfPage\":{\"@id\":\"https:\/\/www.pressenza.com\/es\/2019\/03\/cinco-medios-de-comunicacion-hacen-autocritica-en-la-universidad\/#primaryimage\"},\"image\":{\"@id\":\"https:\/\/www.pressenza.com\/es\/2019\/03\/cinco-medios-de-comunicacion-hacen-autocritica-en-la-universidad\/#primaryimage\"},\"thumbnailUrl\":\"https:\/\/www.pressenza.com\/wp-content\/uploads\/2019\/03\/seminario-CEDEU.jpg\",\"datePublished\":\"2019-03-16T12:16:45+00:00\",\"description\":\"Periodistas de El Pa\u00eds, Periodista Digital, Entreletras, varios medios televisivos y Pressenza se re\u00fanen en en el Centro de Estudios Universitarios para\",\"breadcrumb\":{\"@id\":\"https:\/\/www.pressenza.com\/es\/2019\/03\/cinco-medios-de-comunicacion-hacen-autocritica-en-la-universidad\/#breadcrumb\"},\"inLanguage\":\"es\",\"potentialAction\":[{\"@type\":\"ReadAction\",\"target\":[\"https:\/\/www.pressenza.com\/es\/2019\/03\/cinco-medios-de-comunicacion-hacen-autocritica-en-la-universidad\/\"]}]},{\"@type\":\"ImageObject\",\"inLanguage\":\"es\",\"@id\":\"https:\/\/www.pressenza.com\/es\/2019\/03\/cinco-medios-de-comunicacion-hacen-autocritica-en-la-universidad\/#primaryimage\",\"url\":\"https:\/\/www.pressenza.com\/wp-content\/uploads\/2019\/03\/seminario-CEDEU.jpg\",\"contentUrl\":\"https:\/\/www.pressenza.com\/wp-content\/uploads\/2019\/03\/seminario-CEDEU.jpg\",\"width\":1024,\"height\":546},{\"@type\":\"BreadcrumbList\",\"@id\":\"https:\/\/www.pressenza.com\/es\/2019\/03\/cinco-medios-de-comunicacion-hacen-autocritica-en-la-universidad\/#breadcrumb\",\"itemListElement\":[{\"@type\":\"ListItem\",\"position\":1,\"name\":\"Accueil\",\"item\":\"https:\/\/www.pressenza.com\/es\/\"},{\"@type\":\"ListItem\",\"position\":2,\"name\":\"Cinco medios de comunicaci\u00f3n hacen autocr\u00edtica en la universidad\"}]},{\"@type\":\"WebSite\",\"@id\":\"https:\/\/www.pressenza.com\/es\/#website\",\"url\":\"https:\/\/www.pressenza.com\/es\/\",\"name\":\"Pressenza\",\"description\":\"International Press Agency\",\"publisher\":{\"@id\":\"https:\/\/www.pressenza.com\/es\/#organization\"},\"potentialAction\":[{\"@type\":\"SearchAction\",\"target\":{\"@type\":\"EntryPoint\",\"urlTemplate\":\"https:\/\/www.pressenza.com\/es\/?s={search_term_string}\"},\"query-input\":{\"@type\":\"PropertyValueSpecification\",\"valueRequired\":true,\"valueName\":\"search_term_string\"}}],\"inLanguage\":\"es\"},{\"@type\":\"Organization\",\"@id\":\"https:\/\/www.pressenza.com\/es\/#organization\",\"name\":\"Pressenza\",\"url\":\"https:\/\/www.pressenza.com\/es\/\",\"logo\":{\"@type\":\"ImageObject\",\"inLanguage\":\"es\",\"@id\":\"https:\/\/www.pressenza.com\/es\/#\/schema\/logo\/image\/\",\"url\":\"https:\/\/www.pressenza.com\/wp-content\/uploads\/2022\/10\/pressenza_logo_200x200.jpg\",\"contentUrl\":\"https:\/\/www.pressenza.com\/wp-content\/uploads\/2022\/10\/pressenza_logo_200x200.jpg\",\"width\":200,\"height\":200,\"caption\":\"Pressenza\"},\"image\":{\"@id\":\"https:\/\/www.pressenza.com\/es\/#\/schema\/logo\/image\/\"},\"sameAs\":[\"https:\/\/www.facebook.com\/PressenzaItalia\",\"https:\/\/x.com\/PressenzaIPA\"]},{\"@type\":\"Person\",\"@id\":\"https:\/\/www.pressenza.com\/es\/#\/schema\/person\/828fc40eeca2ad7be3630e5a46adba94\",\"name\":\"Redacci\u00f3n Madrid\",\"description\":\"News from the Pressenza Bureau in Madrid, Spain\",\"sameAs\":[\"https:\/\/www.facebook.com\/pressenza\",\"https:\/\/x.com\/pressenza\"],\"url\":\"https:\/\/www.pressenza.com\/es\/author\/redaccion-madrid\/\"}]}<\/script>\n<!-- \/ Yoast SEO plugin. -->","yoast_head_json":{"title":"Cinco medios de comunicaci\u00f3n hacen autocr\u00edtica en la universidad","description":"Periodistas de El Pa\u00eds, Periodista Digital, Entreletras, varios medios televisivos y Pressenza se re\u00fanen en en el Centro de Estudios Universitarios para","robots":{"index":"index","follow":"follow","max-snippet":"max-snippet:-1","max-image-preview":"max-image-preview:large","max-video-preview":"max-video-preview:-1"},"canonical":"https:\/\/www.pressenza.com\/es\/2019\/03\/cinco-medios-de-comunicacion-hacen-autocritica-en-la-universidad\/","og_locale":"es_ES","og_type":"article","og_title":"Cinco medios de comunicaci\u00f3n hacen autocr\u00edtica en la universidad","og_description":"Periodistas de El Pa\u00eds, Periodista Digital, Entreletras, varios medios televisivos y Pressenza se re\u00fanen en en el Centro de Estudios Universitarios para","og_url":"https:\/\/www.pressenza.com\/es\/2019\/03\/cinco-medios-de-comunicacion-hacen-autocritica-en-la-universidad\/","og_site_name":"Pressenza","article_publisher":"https:\/\/www.facebook.com\/PressenzaItalia","article_author":"https:\/\/www.facebook.com\/pressenza","article_published_time":"2019-03-16T12:16:45+00:00","og_image":[{"width":1024,"height":546,"url":"https:\/\/www.pressenza.com\/wp-content\/uploads\/2019\/03\/seminario-CEDEU.jpg","type":"image\/jpeg"}],"author":"Redacci\u00f3n Madrid","twitter_card":"summary_large_image","twitter_creator":"@pressenza","twitter_site":"@PressenzaIPA","twitter_misc":{"Escrito por":"Redacci\u00f3n Madrid","Tiempo de lectura":"5 minutos"},"schema":{"@context":"https:\/\/schema.org","@graph":[{"@type":"Article","@id":"https:\/\/www.pressenza.com\/es\/2019\/03\/cinco-medios-de-comunicacion-hacen-autocritica-en-la-universidad\/#article","isPartOf":{"@id":"https:\/\/www.pressenza.com\/es\/2019\/03\/cinco-medios-de-comunicacion-hacen-autocritica-en-la-universidad\/"},"author":{"name":"Redacci\u00f3n Madrid","@id":"https:\/\/www.pressenza.com\/es\/#\/schema\/person\/828fc40eeca2ad7be3630e5a46adba94"},"headline":"Cinco medios de comunicaci\u00f3n hacen autocr\u00edtica en la universidad","datePublished":"2019-03-16T12:16:45+00:00","mainEntityOfPage":{"@id":"https:\/\/www.pressenza.com\/es\/2019\/03\/cinco-medios-de-comunicacion-hacen-autocritica-en-la-universidad\/"},"wordCount":964,"publisher":{"@id":"https:\/\/www.pressenza.com\/es\/#organization"},"image":{"@id":"https:\/\/www.pressenza.com\/es\/2019\/03\/cinco-medios-de-comunicacion-hacen-autocritica-en-la-universidad\/#primaryimage"},"thumbnailUrl":"https:\/\/www.pressenza.com\/wp-content\/uploads\/2019\/03\/seminario-CEDEU.jpg","keywords":["CEDEU","Comunidad Bah'ai","medios de comunicaci\u00f3n","periodismo","Radicalizaci\u00f3n"],"articleSection":["Comunicados de Prensa","Contenido Original","Cultura y Medios","Europa"],"inLanguage":"es"},{"@type":"WebPage","@id":"https:\/\/www.pressenza.com\/es\/2019\/03\/cinco-medios-de-comunicacion-hacen-autocritica-en-la-universidad\/","url":"https:\/\/www.pressenza.com\/es\/2019\/03\/cinco-medios-de-comunicacion-hacen-autocritica-en-la-universidad\/","name":"Cinco medios de comunicaci\u00f3n hacen autocr\u00edtica en la universidad","isPartOf":{"@id":"https:\/\/www.pressenza.com\/es\/#website"},"primaryImageOfPage":{"@id":"https:\/\/www.pressenza.com\/es\/2019\/03\/cinco-medios-de-comunicacion-hacen-autocritica-en-la-universidad\/#primaryimage"},"image":{"@id":"https:\/\/www.pressenza.com\/es\/2019\/03\/cinco-medios-de-comunicacion-hacen-autocritica-en-la-universidad\/#primaryimage"},"thumbnailUrl":"https:\/\/www.pressenza.com\/wp-content\/uploads\/2019\/03\/seminario-CEDEU.jpg","datePublished":"2019-03-16T12:16:45+00:00","description":"Periodistas de El Pa\u00eds, Periodista Digital, Entreletras, varios medios televisivos y Pressenza se re\u00fanen en en el Centro de Estudios Universitarios para","breadcrumb":{"@id":"https:\/\/www.pressenza.com\/es\/2019\/03\/cinco-medios-de-comunicacion-hacen-autocritica-en-la-universidad\/#breadcrumb"},"inLanguage":"es","potentialAction":[{"@type":"ReadAction","target":["https:\/\/www.pressenza.com\/es\/2019\/03\/cinco-medios-de-comunicacion-hacen-autocritica-en-la-universidad\/"]}]},{"@type":"ImageObject","inLanguage":"es","@id":"https:\/\/www.pressenza.com\/es\/2019\/03\/cinco-medios-de-comunicacion-hacen-autocritica-en-la-universidad\/#primaryimage","url":"https:\/\/www.pressenza.com\/wp-content\/uploads\/2019\/03\/seminario-CEDEU.jpg","contentUrl":"https:\/\/www.pressenza.com\/wp-content\/uploads\/2019\/03\/seminario-CEDEU.jpg","width":1024,"height":546},{"@type":"BreadcrumbList","@id":"https:\/\/www.pressenza.com\/es\/2019\/03\/cinco-medios-de-comunicacion-hacen-autocritica-en-la-universidad\/#breadcrumb","itemListElement":[{"@type":"ListItem","position":1,"name":"Accueil","item":"https:\/\/www.pressenza.com\/es\/"},{"@type":"ListItem","position":2,"name":"Cinco medios de comunicaci\u00f3n hacen autocr\u00edtica en la universidad"}]},{"@type":"WebSite","@id":"https:\/\/www.pressenza.com\/es\/#website","url":"https:\/\/www.pressenza.com\/es\/","name":"Pressenza","description":"International Press Agency","publisher":{"@id":"https:\/\/www.pressenza.com\/es\/#organization"},"potentialAction":[{"@type":"SearchAction","target":{"@type":"EntryPoint","urlTemplate":"https:\/\/www.pressenza.com\/es\/?s={search_term_string}"},"query-input":{"@type":"PropertyValueSpecification","valueRequired":true,"valueName":"search_term_string"}}],"inLanguage":"es"},{"@type":"Organization","@id":"https:\/\/www.pressenza.com\/es\/#organization","name":"Pressenza","url":"https:\/\/www.pressenza.com\/es\/","logo":{"@type":"ImageObject","inLanguage":"es","@id":"https:\/\/www.pressenza.com\/es\/#\/schema\/logo\/image\/","url":"https:\/\/www.pressenza.com\/wp-content\/uploads\/2022\/10\/pressenza_logo_200x200.jpg","contentUrl":"https:\/\/www.pressenza.com\/wp-content\/uploads\/2022\/10\/pressenza_logo_200x200.jpg","width":200,"height":200,"caption":"Pressenza"},"image":{"@id":"https:\/\/www.pressenza.com\/es\/#\/schema\/logo\/image\/"},"sameAs":["https:\/\/www.facebook.com\/PressenzaItalia","https:\/\/x.com\/PressenzaIPA"]},{"@type":"Person","@id":"https:\/\/www.pressenza.com\/es\/#\/schema\/person\/828fc40eeca2ad7be3630e5a46adba94","name":"Redacci\u00f3n Madrid","description":"News from the Pressenza Bureau in Madrid, Spain","sameAs":["https:\/\/www.facebook.com\/pressenza","https:\/\/x.com\/pressenza"],"url":"https:\/\/www.pressenza.com\/es\/author\/redaccion-madrid\/"}]}},"place":"Madrid, Espa\u00f1a","original_article_url":"","_links":{"self":[{"href":"https:\/\/www.pressenza.com\/es\/wp-json\/wp\/v2\/posts\/824868","targetHints":{"allow":["GET"]}}],"collection":[{"href":"https:\/\/www.pressenza.com\/es\/wp-json\/wp\/v2\/posts"}],"about":[{"href":"https:\/\/www.pressenza.com\/es\/wp-json\/wp\/v2\/types\/post"}],"author":[{"embeddable":true,"href":"https:\/\/www.pressenza.com\/es\/wp-json\/wp\/v2\/users\/94"}],"replies":[{"embeddable":true,"href":"https:\/\/www.pressenza.com\/es\/wp-json\/wp\/v2\/comments?post=824868"}],"version-history":[{"count":0,"href":"https:\/\/www.pressenza.com\/es\/wp-json\/wp\/v2\/posts\/824868\/revisions"}],"wp:featuredmedia":[{"embeddable":true,"href":"https:\/\/www.pressenza.com\/es\/wp-json\/wp\/v2\/media\/824869"}],"wp:attachment":[{"href":"https:\/\/www.pressenza.com\/es\/wp-json\/wp\/v2\/media?parent=824868"}],"wp:term":[{"taxonomy":"category","embeddable":true,"href":"https:\/\/www.pressenza.com\/es\/wp-json\/wp\/v2\/categories?post=824868"},{"taxonomy":"post_tag","embeddable":true,"href":"https:\/\/www.pressenza.com\/es\/wp-json\/wp\/v2\/tags?post=824868"}],"curies":[{"name":"wp","href":"https:\/\/api.w.org\/{rel}","templated":true}]}}