{"id":824857,"date":"2019-03-16T11:57:15","date_gmt":"2019-03-16T11:57:15","guid":{"rendered":"https:\/\/www.pressenza.com\/?p=824857"},"modified":"2019-03-16T11:57:15","modified_gmt":"2019-03-16T11:57:15","slug":"sobre-la-matanza-en-las-mezquitas-de-christchurch","status":"publish","type":"post","link":"https:\/\/www.pressenza.com\/es\/2019\/03\/sobre-la-matanza-en-las-mezquitas-de-christchurch\/","title":{"rendered":"Sobre la matanza en las mezquitas de Christchurch"},"content":{"rendered":"<p>Convergencia de las Culturas muestra su apoyo a todas las personas afectadas por el repudiable ataque terrorista contra dos mezquitas en Christchurch, Nueva Zelanda, el\u00a0 15 de marzo de 2019. Una vez m\u00e1s la humanidad ha sido golpeada por la xenofobia y el racismo, acabando con la vida de al menos 49 personas.<\/p>\n<p>Alertamos sobre las terribles consecuencias de los crecientes discursos extremistas que utilizan el odio y el miedo como argumento pol\u00edtico agudizando divisiones sociales y actitudes de intolerancia. Unas consecuencias que son a\u00fan mayores con la posesi\u00f3n permitida de las armas como se ha demostrado con los asesinatos de hoy.<\/p>\n<p>Exigimos responsabilidad a todos los actores pol\u00edticos, sociales y religiosos para tomar medidas profundas que acaben con todo tipo de discriminaci\u00f3n y violencia, as\u00ed como el uso de las armas.<\/p>\n<p>Tambi\u00e9n, recordamos la influencia y capacidad de difusi\u00f3n de los medios de comunicaci\u00f3n para fomentar los Derechos Humanos en lugar de promover prejuicios, desconfianza y violencia entre las personas y colectivos.<\/p>\n<p>El sin sentido de un racismo extendido por todas las regiones conduce a una continua divisi\u00f3n y autodestrucci\u00f3n que solo se superar\u00e1 con la comprensi\u00f3n y el sentimiento de pertenencia a una misma comunidad, la Naci\u00f3n Humana Universal.<\/p>\n<p>Para ello, desde Convergencia de las Culturas exponemos la necesidad de abrir y reforzar puentes de di\u00e1logo entre las distintas culturas y espiritualidades que posibiliten el respeto a la diversidad, la construcci\u00f3n de relaciones no-violentas y el reconocimiento del ser humano como valor central.<\/p>\n","protected":false},"excerpt":{"rendered":"<p>Convergencia de las Culturas muestra su apoyo a todas las personas afectadas por el repudiable ataque terrorista contra dos mezquitas en Christchurch, Nueva Zelanda, el\u00a0 15 de marzo de 2019. Una vez m\u00e1s la humanidad ha sido golpeada por la&hellip;<\/p>\n","protected":false},"author":389,"featured_media":824858,"comment_status":"closed","ping_status":"closed","sticky":false,"template":"","format":"standard","meta":{"footnotes":""},"categories":[149,11389,1241,66,1240,70,161],"tags":[20886,3665,56392,15448,23810,3098,10765],"class_list":["post-824857","post","type-post","status-publish","format-standard","has-post-thumbnail","hentry","category-comunicados-de-prensa","category-contenido-original","category-diversidad","category-europa-es","category-humanismo-espiritualidad","category-oceania-region-es","category-opiniones","tag-convergencia","tag-dialogo","tag-diversidd","tag-islam-es","tag-nueva-zelanda","tag-racismo","tag-xenofobia"],"yoast_head":"<!-- This site is optimized with the Yoast SEO plugin v27.1.1 - https:\/\/yoast.com\/product\/yoast-seo-wordpress\/ -->\n<title>Sobre la matanza en las mezquitas de Christchurch<\/title>\n<meta name=\"description\" content=\"Convergencia de las Culturas muestra su apoyo a todas las personas afectadas por el repudiable ataque terrorista contra dos mezquitas en Christchurch,\" \/>\n<meta name=\"robots\" content=\"index, follow, max-snippet:-1, max-image-preview:large, max-video-preview:-1\" \/>\n<link rel=\"canonical\" href=\"https:\/\/www.pressenza.com\/es\/2019\/03\/sobre-la-matanza-en-las-mezquitas-de-christchurch\/\" \/>\n<meta property=\"og:locale\" content=\"es_ES\" \/>\n<meta property=\"og:type\" content=\"article\" \/>\n<meta property=\"og:title\" content=\"Sobre la matanza en las mezquitas de Christchurch\" \/>\n<meta property=\"og:description\" content=\"Convergencia de las Culturas muestra su apoyo a todas las personas afectadas por el repudiable ataque terrorista contra dos mezquitas en Christchurch,\" \/>\n<meta property=\"og:url\" content=\"https:\/\/www.pressenza.com\/es\/2019\/03\/sobre-la-matanza-en-las-mezquitas-de-christchurch\/\" \/>\n<meta property=\"og:site_name\" content=\"Pressenza\" \/>\n<meta property=\"article:publisher\" content=\"https:\/\/www.facebook.com\/PressenzaItalia\" \/>\n<meta property=\"article:author\" content=\"https:\/\/www.facebook.com\/ConvergenceOfCultures?fref=ts\" \/>\n<meta property=\"article:published_time\" content=\"2019-03-16T11:57:15+00:00\" \/>\n<meta property=\"og:image\" content=\"https:\/\/www.pressenza.com\/wp-content\/uploads\/2019\/03\/Artform-Canada.jpg\" \/>\n\t<meta property=\"og:image:width\" content=\"1024\" \/>\n\t<meta property=\"og:image:height\" content=\"601\" \/>\n\t<meta property=\"og:image:type\" content=\"image\/jpeg\" \/>\n<meta name=\"author\" content=\"Convergencia de las Culturas\" \/>\n<meta name=\"twitter:card\" content=\"summary_large_image\" \/>\n<meta name=\"twitter:creator\" content=\"@PressenzaIPA\" \/>\n<meta name=\"twitter:site\" content=\"@PressenzaIPA\" \/>\n<meta name=\"twitter:label1\" content=\"Escrito por\" \/>\n\t<meta name=\"twitter:data1\" content=\"Convergencia de las Culturas\" \/>\n\t<meta name=\"twitter:label2\" content=\"Tiempo de lectura\" \/>\n\t<meta name=\"twitter:data2\" content=\"1 minuto\" \/>\n<script type=\"application\/ld+json\" class=\"yoast-schema-graph\">{\"@context\":\"https:\/\/schema.org\",\"@graph\":[{\"@type\":\"Article\",\"@id\":\"https:\/\/www.pressenza.com\/es\/2019\/03\/sobre-la-matanza-en-las-mezquitas-de-christchurch\/#article\",\"isPartOf\":{\"@id\":\"https:\/\/www.pressenza.com\/es\/2019\/03\/sobre-la-matanza-en-las-mezquitas-de-christchurch\/\"},\"author\":{\"name\":\"Convergencia de las Culturas\",\"@id\":\"https:\/\/www.pressenza.com\/es\/#\/schema\/person\/38598fb70b9162100457e7983ae8b548\"},\"headline\":\"Sobre la matanza en las mezquitas de Christchurch\",\"datePublished\":\"2019-03-16T11:57:15+00:00\",\"mainEntityOfPage\":{\"@id\":\"https:\/\/www.pressenza.com\/es\/2019\/03\/sobre-la-matanza-en-las-mezquitas-de-christchurch\/\"},\"wordCount\":265,\"publisher\":{\"@id\":\"https:\/\/www.pressenza.com\/es\/#organization\"},\"image\":{\"@id\":\"https:\/\/www.pressenza.com\/es\/2019\/03\/sobre-la-matanza-en-las-mezquitas-de-christchurch\/#primaryimage\"},\"thumbnailUrl\":\"https:\/\/www.pressenza.com\/wp-content\/uploads\/2019\/03\/Artform-Canada.jpg\",\"keywords\":[\"convergencia\",\"di\u00e1logo\",\"diversidd\",\"Islam\",\"Nueva Zelanda\",\"racismo\",\"xenofobia\"],\"articleSection\":[\"Comunicados de Prensa\",\"Contenido Original\",\"Diversidad\",\"Europa\",\"Humanismo y Espiritualidad\",\"Oceania\",\"Opiniones\"],\"inLanguage\":\"es\"},{\"@type\":\"WebPage\",\"@id\":\"https:\/\/www.pressenza.com\/es\/2019\/03\/sobre-la-matanza-en-las-mezquitas-de-christchurch\/\",\"url\":\"https:\/\/www.pressenza.com\/es\/2019\/03\/sobre-la-matanza-en-las-mezquitas-de-christchurch\/\",\"name\":\"Sobre la matanza en las mezquitas de Christchurch\",\"isPartOf\":{\"@id\":\"https:\/\/www.pressenza.com\/es\/#website\"},\"primaryImageOfPage\":{\"@id\":\"https:\/\/www.pressenza.com\/es\/2019\/03\/sobre-la-matanza-en-las-mezquitas-de-christchurch\/#primaryimage\"},\"image\":{\"@id\":\"https:\/\/www.pressenza.com\/es\/2019\/03\/sobre-la-matanza-en-las-mezquitas-de-christchurch\/#primaryimage\"},\"thumbnailUrl\":\"https:\/\/www.pressenza.com\/wp-content\/uploads\/2019\/03\/Artform-Canada.jpg\",\"datePublished\":\"2019-03-16T11:57:15+00:00\",\"description\":\"Convergencia de las Culturas muestra su apoyo a todas las personas afectadas por el repudiable ataque terrorista contra dos mezquitas en Christchurch,\",\"breadcrumb\":{\"@id\":\"https:\/\/www.pressenza.com\/es\/2019\/03\/sobre-la-matanza-en-las-mezquitas-de-christchurch\/#breadcrumb\"},\"inLanguage\":\"es\",\"potentialAction\":[{\"@type\":\"ReadAction\",\"target\":[\"https:\/\/www.pressenza.com\/es\/2019\/03\/sobre-la-matanza-en-las-mezquitas-de-christchurch\/\"]}]},{\"@type\":\"ImageObject\",\"inLanguage\":\"es\",\"@id\":\"https:\/\/www.pressenza.com\/es\/2019\/03\/sobre-la-matanza-en-las-mezquitas-de-christchurch\/#primaryimage\",\"url\":\"https:\/\/www.pressenza.com\/wp-content\/uploads\/2019\/03\/Artform-Canada.jpg\",\"contentUrl\":\"https:\/\/www.pressenza.com\/wp-content\/uploads\/2019\/03\/Artform-Canada.jpg\",\"width\":1024,\"height\":601},{\"@type\":\"BreadcrumbList\",\"@id\":\"https:\/\/www.pressenza.com\/es\/2019\/03\/sobre-la-matanza-en-las-mezquitas-de-christchurch\/#breadcrumb\",\"itemListElement\":[{\"@type\":\"ListItem\",\"position\":1,\"name\":\"Accueil\",\"item\":\"https:\/\/www.pressenza.com\/es\/\"},{\"@type\":\"ListItem\",\"position\":2,\"name\":\"Sobre la matanza en las mezquitas de Christchurch\"}]},{\"@type\":\"WebSite\",\"@id\":\"https:\/\/www.pressenza.com\/es\/#website\",\"url\":\"https:\/\/www.pressenza.com\/es\/\",\"name\":\"Pressenza\",\"description\":\"International Press Agency\",\"publisher\":{\"@id\":\"https:\/\/www.pressenza.com\/es\/#organization\"},\"potentialAction\":[{\"@type\":\"SearchAction\",\"target\":{\"@type\":\"EntryPoint\",\"urlTemplate\":\"https:\/\/www.pressenza.com\/es\/?s={search_term_string}\"},\"query-input\":{\"@type\":\"PropertyValueSpecification\",\"valueRequired\":true,\"valueName\":\"search_term_string\"}}],\"inLanguage\":\"es\"},{\"@type\":\"Organization\",\"@id\":\"https:\/\/www.pressenza.com\/es\/#organization\",\"name\":\"Pressenza\",\"url\":\"https:\/\/www.pressenza.com\/es\/\",\"logo\":{\"@type\":\"ImageObject\",\"inLanguage\":\"es\",\"@id\":\"https:\/\/www.pressenza.com\/es\/#\/schema\/logo\/image\/\",\"url\":\"https:\/\/www.pressenza.com\/wp-content\/uploads\/2022\/10\/pressenza_logo_200x200.jpg\",\"contentUrl\":\"https:\/\/www.pressenza.com\/wp-content\/uploads\/2022\/10\/pressenza_logo_200x200.jpg\",\"width\":200,\"height\":200,\"caption\":\"Pressenza\"},\"image\":{\"@id\":\"https:\/\/www.pressenza.com\/es\/#\/schema\/logo\/image\/\"},\"sameAs\":[\"https:\/\/www.facebook.com\/PressenzaItalia\",\"https:\/\/x.com\/PressenzaIPA\"]},{\"@type\":\"Person\",\"@id\":\"https:\/\/www.pressenza.com\/es\/#\/schema\/person\/38598fb70b9162100457e7983ae8b548\",\"name\":\"Convergencia de las Culturas\",\"description\":\"Convergence of Cultures is an organism that is part of the Humanist Movement. Its mission is: 1. To facilitate and stimulate dialogue between cultures. 2. To fight discrimination and violence. 3. To take its proposal to all latitudes. www.convergenceofcultures.org\",\"sameAs\":[\"https:\/\/www.facebook.com\/ConvergenceOfCultures?fref=ts\"],\"url\":\"https:\/\/www.pressenza.com\/es\/author\/convergencia-de-las-culturas\/\"}]}<\/script>\n<!-- \/ Yoast SEO plugin. -->","yoast_head_json":{"title":"Sobre la matanza en las mezquitas de Christchurch","description":"Convergencia de las Culturas muestra su apoyo a todas las personas afectadas por el repudiable ataque terrorista contra dos mezquitas en Christchurch,","robots":{"index":"index","follow":"follow","max-snippet":"max-snippet:-1","max-image-preview":"max-image-preview:large","max-video-preview":"max-video-preview:-1"},"canonical":"https:\/\/www.pressenza.com\/es\/2019\/03\/sobre-la-matanza-en-las-mezquitas-de-christchurch\/","og_locale":"es_ES","og_type":"article","og_title":"Sobre la matanza en las mezquitas de Christchurch","og_description":"Convergencia de las Culturas muestra su apoyo a todas las personas afectadas por el repudiable ataque terrorista contra dos mezquitas en Christchurch,","og_url":"https:\/\/www.pressenza.com\/es\/2019\/03\/sobre-la-matanza-en-las-mezquitas-de-christchurch\/","og_site_name":"Pressenza","article_publisher":"https:\/\/www.facebook.com\/PressenzaItalia","article_author":"https:\/\/www.facebook.com\/ConvergenceOfCultures?fref=ts","article_published_time":"2019-03-16T11:57:15+00:00","og_image":[{"width":1024,"height":601,"url":"https:\/\/www.pressenza.com\/wp-content\/uploads\/2019\/03\/Artform-Canada.jpg","type":"image\/jpeg"}],"author":"Convergencia de las Culturas","twitter_card":"summary_large_image","twitter_creator":"@PressenzaIPA","twitter_site":"@PressenzaIPA","twitter_misc":{"Escrito por":"Convergencia de las Culturas","Tiempo de lectura":"1 minuto"},"schema":{"@context":"https:\/\/schema.org","@graph":[{"@type":"Article","@id":"https:\/\/www.pressenza.com\/es\/2019\/03\/sobre-la-matanza-en-las-mezquitas-de-christchurch\/#article","isPartOf":{"@id":"https:\/\/www.pressenza.com\/es\/2019\/03\/sobre-la-matanza-en-las-mezquitas-de-christchurch\/"},"author":{"name":"Convergencia de las Culturas","@id":"https:\/\/www.pressenza.com\/es\/#\/schema\/person\/38598fb70b9162100457e7983ae8b548"},"headline":"Sobre la matanza en las mezquitas de Christchurch","datePublished":"2019-03-16T11:57:15+00:00","mainEntityOfPage":{"@id":"https:\/\/www.pressenza.com\/es\/2019\/03\/sobre-la-matanza-en-las-mezquitas-de-christchurch\/"},"wordCount":265,"publisher":{"@id":"https:\/\/www.pressenza.com\/es\/#organization"},"image":{"@id":"https:\/\/www.pressenza.com\/es\/2019\/03\/sobre-la-matanza-en-las-mezquitas-de-christchurch\/#primaryimage"},"thumbnailUrl":"https:\/\/www.pressenza.com\/wp-content\/uploads\/2019\/03\/Artform-Canada.jpg","keywords":["convergencia","di\u00e1logo","diversidd","Islam","Nueva Zelanda","racismo","xenofobia"],"articleSection":["Comunicados de Prensa","Contenido Original","Diversidad","Europa","Humanismo y Espiritualidad","Oceania","Opiniones"],"inLanguage":"es"},{"@type":"WebPage","@id":"https:\/\/www.pressenza.com\/es\/2019\/03\/sobre-la-matanza-en-las-mezquitas-de-christchurch\/","url":"https:\/\/www.pressenza.com\/es\/2019\/03\/sobre-la-matanza-en-las-mezquitas-de-christchurch\/","name":"Sobre la matanza en las mezquitas de Christchurch","isPartOf":{"@id":"https:\/\/www.pressenza.com\/es\/#website"},"primaryImageOfPage":{"@id":"https:\/\/www.pressenza.com\/es\/2019\/03\/sobre-la-matanza-en-las-mezquitas-de-christchurch\/#primaryimage"},"image":{"@id":"https:\/\/www.pressenza.com\/es\/2019\/03\/sobre-la-matanza-en-las-mezquitas-de-christchurch\/#primaryimage"},"thumbnailUrl":"https:\/\/www.pressenza.com\/wp-content\/uploads\/2019\/03\/Artform-Canada.jpg","datePublished":"2019-03-16T11:57:15+00:00","description":"Convergencia de las Culturas muestra su apoyo a todas las personas afectadas por el repudiable ataque terrorista contra dos mezquitas en Christchurch,","breadcrumb":{"@id":"https:\/\/www.pressenza.com\/es\/2019\/03\/sobre-la-matanza-en-las-mezquitas-de-christchurch\/#breadcrumb"},"inLanguage":"es","potentialAction":[{"@type":"ReadAction","target":["https:\/\/www.pressenza.com\/es\/2019\/03\/sobre-la-matanza-en-las-mezquitas-de-christchurch\/"]}]},{"@type":"ImageObject","inLanguage":"es","@id":"https:\/\/www.pressenza.com\/es\/2019\/03\/sobre-la-matanza-en-las-mezquitas-de-christchurch\/#primaryimage","url":"https:\/\/www.pressenza.com\/wp-content\/uploads\/2019\/03\/Artform-Canada.jpg","contentUrl":"https:\/\/www.pressenza.com\/wp-content\/uploads\/2019\/03\/Artform-Canada.jpg","width":1024,"height":601},{"@type":"BreadcrumbList","@id":"https:\/\/www.pressenza.com\/es\/2019\/03\/sobre-la-matanza-en-las-mezquitas-de-christchurch\/#breadcrumb","itemListElement":[{"@type":"ListItem","position":1,"name":"Accueil","item":"https:\/\/www.pressenza.com\/es\/"},{"@type":"ListItem","position":2,"name":"Sobre la matanza en las mezquitas de Christchurch"}]},{"@type":"WebSite","@id":"https:\/\/www.pressenza.com\/es\/#website","url":"https:\/\/www.pressenza.com\/es\/","name":"Pressenza","description":"International Press Agency","publisher":{"@id":"https:\/\/www.pressenza.com\/es\/#organization"},"potentialAction":[{"@type":"SearchAction","target":{"@type":"EntryPoint","urlTemplate":"https:\/\/www.pressenza.com\/es\/?s={search_term_string}"},"query-input":{"@type":"PropertyValueSpecification","valueRequired":true,"valueName":"search_term_string"}}],"inLanguage":"es"},{"@type":"Organization","@id":"https:\/\/www.pressenza.com\/es\/#organization","name":"Pressenza","url":"https:\/\/www.pressenza.com\/es\/","logo":{"@type":"ImageObject","inLanguage":"es","@id":"https:\/\/www.pressenza.com\/es\/#\/schema\/logo\/image\/","url":"https:\/\/www.pressenza.com\/wp-content\/uploads\/2022\/10\/pressenza_logo_200x200.jpg","contentUrl":"https:\/\/www.pressenza.com\/wp-content\/uploads\/2022\/10\/pressenza_logo_200x200.jpg","width":200,"height":200,"caption":"Pressenza"},"image":{"@id":"https:\/\/www.pressenza.com\/es\/#\/schema\/logo\/image\/"},"sameAs":["https:\/\/www.facebook.com\/PressenzaItalia","https:\/\/x.com\/PressenzaIPA"]},{"@type":"Person","@id":"https:\/\/www.pressenza.com\/es\/#\/schema\/person\/38598fb70b9162100457e7983ae8b548","name":"Convergencia de las Culturas","description":"Convergence of Cultures is an organism that is part of the Humanist Movement. Its mission is: 1. To facilitate and stimulate dialogue between cultures. 2. To fight discrimination and violence. 3. To take its proposal to all latitudes. www.convergenceofcultures.org","sameAs":["https:\/\/www.facebook.com\/ConvergenceOfCultures?fref=ts"],"url":"https:\/\/www.pressenza.com\/es\/author\/convergencia-de-las-culturas\/"}]}},"place":"Madrid, Espa\u00f1a","original_article_url":"","_links":{"self":[{"href":"https:\/\/www.pressenza.com\/es\/wp-json\/wp\/v2\/posts\/824857","targetHints":{"allow":["GET"]}}],"collection":[{"href":"https:\/\/www.pressenza.com\/es\/wp-json\/wp\/v2\/posts"}],"about":[{"href":"https:\/\/www.pressenza.com\/es\/wp-json\/wp\/v2\/types\/post"}],"author":[{"embeddable":true,"href":"https:\/\/www.pressenza.com\/es\/wp-json\/wp\/v2\/users\/389"}],"replies":[{"embeddable":true,"href":"https:\/\/www.pressenza.com\/es\/wp-json\/wp\/v2\/comments?post=824857"}],"version-history":[{"count":0,"href":"https:\/\/www.pressenza.com\/es\/wp-json\/wp\/v2\/posts\/824857\/revisions"}],"wp:featuredmedia":[{"embeddable":true,"href":"https:\/\/www.pressenza.com\/es\/wp-json\/wp\/v2\/media\/824858"}],"wp:attachment":[{"href":"https:\/\/www.pressenza.com\/es\/wp-json\/wp\/v2\/media?parent=824857"}],"wp:term":[{"taxonomy":"category","embeddable":true,"href":"https:\/\/www.pressenza.com\/es\/wp-json\/wp\/v2\/categories?post=824857"},{"taxonomy":"post_tag","embeddable":true,"href":"https:\/\/www.pressenza.com\/es\/wp-json\/wp\/v2\/tags?post=824857"}],"curies":[{"name":"wp","href":"https:\/\/api.w.org\/{rel}","templated":true}]}}