{"id":823705,"date":"2019-03-14T23:34:11","date_gmt":"2019-03-14T23:34:11","guid":{"rendered":"https:\/\/www.pressenza.com\/?p=823705"},"modified":"2019-03-14T23:34:11","modified_gmt":"2019-03-14T23:34:11","slug":"coin-ci-den-cia","status":"publish","type":"post","link":"https:\/\/www.pressenza.com\/es\/2019\/03\/coin-ci-den-cia\/","title":{"rendered":"Coin-ci-den-cia"},"content":{"rendered":"<p>Coincidencia\/as, f. la ocurrencia simult\u00e1nea y fortuita de dos o m\u00e1s hechos o circunstancias diferentes; Concomitancia de dos o m\u00e1s eventos.<\/p>\n<p>Aqu\u00ed siempre es domingo. Aqu\u00ed puedes vivir feliz. Porque tienes derecho a no ser molestado. Soluciones reales para problemas actuales. Libera al hombre libre que existe en ti.<\/p>\n<p>Cuando en Brasil hablamos de Condominio, no nos referimos a un edificio, sino a una forma de vida, a un estilo, al significado que queremos darle a nuestro ser. El condominio es una ciudadela fortificada en la que siempre deber\u00eda ser domingo y la felicidad se debe a la presencia exclusiva de tus iguales, garantizada por la ausencia del mundo exterior. Rodeado de muros, protegido por guardias armados que ofrecen la soluci\u00f3n real a los problemas actuales, como la seguridad contra el caos urbano, en el condominio es posible vivir libre, una especie de castillo medieval encerrado en s\u00ed mismo y prohibido al mundo circundante. Los esl\u00f3ganes publicitarios no mienten; y la ciudad est\u00e1 llena de condominios. Muros, garitas, alambre de p\u00faas electrificado, armas discretamente apuntadas hacia el exterior pero listas para usar. A la palabra condominio siempre le agregamos otra: \u00abfechado\u00bb, cerrado; condominio cerrado. Vivir en uno es el sue\u00f1o de nuestra clase media, y la realidad para la burgues\u00eda que ya vive all\u00ed.<\/p>\n<p>Cuando la prensa de medio mundo entrevistaba al reci\u00e9n elegido presidente Bolsonaro, el entraba a su lujoso condominio, rodeado de muros y vigilado; pasaba por los caminos entre \u00e1rboles, entre los jardines frente a las casas sin portones, sin cerramientos, la imagen de mundo donde el domingo nunca termina. La polic\u00eda federal, anteojos oscuros, ametralladoras en mano, rodeaba la casa de la familia presidencial.<\/p>\n<p><em>Tengo un hijo, mi hijo tiene una novia, vive en mi mismo condominio, a dos casas de la m\u00eda. Su padre viene a pescar conmigo; \u00e9l es un ex oficial de la polic\u00eda militar, ex, porque fue expulsado de la corporaci\u00f3n. Buena gente, buenas personas. Somos vecinos, su hija es la novia de mi hijo. Mi hijo hoy es concejal de R\u00edo y hace mucho que terminaron. Tengo otro hijo, ahora es senador. Cuando a\u00fan era diputado, dos mujeres muy buenas trabajaban para \u00e9l, recomendadas por mi chofer. Una es su esposa, la otra es la madre de un ex agente militar, ahora un fugitivo porque est\u00e1 bajo investigaci\u00f3n por el asesinato de Marielle Franco, mujer, feminista, negra, madre sin esposo, lesbiana declarada, activista de derechos humanos, concejala, ese tipo de persona que mi hijo desprecia tanto: el ej\u00e9rcito acababa de llegar a la ciudad para poner orden en estas malditas favelas y ella ya estaba denunciando las actividades, hablaba de acciones arbitrarias, ejecuciones sumarias y otras cosas t\u00edpicas de los defensores de los derechos humanos, amigos de los bandidos. El \u00fanico buen bandido es \u00e9l que est\u00e1 muerto. Los derechos humanos solo son buenos para los humanos que caminan en l\u00ednea recta. Adem\u00e1s a mi siempre me han gustado los grupos de exterminio, de hecho, hace algunos a\u00f1os incluso los invit\u00e9 a venir a R\u00edo, los invoqu\u00e9 durante un discurso oficial cuando a\u00fan era un diputado. Todo est\u00e1 en youtube, todo es cierto. Bueno, este ex agente recibi\u00f3 el honor municipal m\u00e1s alto gracias a \u00e9l y a mi hijo, quien indic\u00f3 su nombre, en ese momento ya era un militar conocido. Pero ya sabes c\u00f3mo es, aqu\u00ed el poder y la mala vida van de la mano. \u00bfRecuerdas el caso del helic\u00f3ptero con 500 kg de pasta base de coca\u00edna? \u00bfRecuerdas que pertenec\u00eda a un conocido senador? Era su helic\u00f3ptero, su hacienda donde fue interceptado, todo era suyo, pero era considerado completamente ajeno a los hechos. As\u00ed es el mundo. C\u00f3mo dec\u00eda, entonces, ahora se busca a ese ex agente condecorado por el asesinato de Marielle Franco, y el hecho de que \u00e9l mismo est\u00e9 vinculado a las maquinaciones de mi conductor, que deposit\u00f3 todo ese dinero en la cuenta de mi esposa, no tiene absolutamente nada que ver con eso. Un dep\u00f3sito para el pago de un pr\u00e9stamo, eso es todo; un dep\u00f3sito realizado y dividido en veinte peque\u00f1as partes. Ahora dicen que no es para despertar sospechas, las llaman coincidencias y as\u00ed son. Es como si estuvieran culpando al gobernador por una disculpa, \u00e9l solamente se regocij\u00f3 cuando sus partidarios rompieron la placa conmemorativa de esta Marielle; uno de ellos, ahora un diputado, ha enmarcado uno de los pedazos y lo colg\u00f3 en las paredes de su oficina parlamentaria. El gobernador no tiene nada que ver con eso, \u00e9l estaba all\u00ed en el escenario en su mitin. Coin-ci-den-cias. No es mi culpa si mi vecino, el padre de la ex novia de mi hijo, fue arrestado con la acusaci\u00f3n de ser el autor del asesinato de Marielle. No tengo la culpa del hecho de que \u00e9l viva en mi propio condominio donde tienes \u00e9l derecho a no ser molestado, a dos pasos de mi casa, y hoy, te lo digo sinceramente, no lo recuerdo, de hecho, no tengo la menor idea de qui\u00e9n es este tipo. S\u00e9 que en la foto estamos abrazados juntos, pero \u00bfsaben cu\u00e1ntos agentes anteriores abrac\u00e9 en mi vida? El hecho de que hayan encontrado un arsenal con casi doscientas ametralladoras en la casa de su colaborador no tiene nada que ver conmigo, mi hijo o mi familia. Es un coin-ci-den-cia. Todas son coincidencias. Y eso es todo. El jefe comisionado ayer me hizo hacer el rid\u00edculo, por responder a los periodistas que quer\u00edan saber sobre la relaci\u00f3n entre mi hijo y mi vecino, el jefe comisionado tartamudeaba como un ni\u00f1o atrapado con sus manos en la masa. Quiero reemplazarlo, llamar\u00e9 al ministro Moro para que intervenga. Mis hijos, con la muerte de Marielle, no tienen nada que ver, la desprecian, no hacen m\u00e1s que enturbiar su memoria con insultos y noticias falsas, pero con su muerte nada tienen que ver. No me importa lo que hagan mis vecinos. Que esta historia termine de una vez por todas.<\/em><\/p>\n<p>Los expertos dicen que el establecimiento del condominio y su estilo de vida ha corro\u00eddo el tejido social, creando muros y barreras que no solo son f\u00edsicas sino sobre todo \u00e9ticas y morales. Una especie de mundo artificial en el mundo real, un monstruo urbano creador de monstruos.<\/p>\n<p>Personajes<\/p>\n<p>Jair Bolsonaro &#8211; Presidente de la Rep\u00fablica<\/p>\n<p>Carlos Bolsonaro &#8211; hijo (ex novio)<\/p>\n<p>Ronnie Lessa &#8211; ex oficial de polic\u00eda militar, vecino del condominio, padre de la ex novia<\/p>\n<p>Flavio Bolsonaro &#8211; hijo, senador<\/p>\n<p>Adriano Nobrega &#8211; ex capit\u00e1n de la polic\u00eda militar, galardonado con un honor municipal de Flavio Bolsonaro, fugitivo, acusado del asesinato de Marielle.<\/p>\n<p>Wilson Witzel &#8211; Gobernador del Estado de R\u00edo de Janeiro.<\/p>\n<p>Rodrigo Amorin &#8211; Deputado del Estado, profanador de la placa conmemorativa de Marielle Franco.<\/p>\n<p>Marielle Franco &#8211; Hero\u00edna de nuestros tiempos.<\/p>\n<hr \/>\n<p><em>Traducido del italiano por Michelle Oviedo<\/em><\/p>\n","protected":false},"excerpt":{"rendered":"<p>Coincidencia\/as, f. la ocurrencia simult\u00e1nea y fortuita de dos o m\u00e1s hechos o circunstancias diferentes; Concomitancia de dos o m\u00e1s eventos. Aqu\u00ed siempre es domingo. Aqu\u00ed puedes vivir feliz. Porque tienes derecho a no ser molestado. Soluciones reales para problemas&hellip;<\/p>\n","protected":false},"author":1567,"featured_media":822665,"comment_status":"closed","ping_status":"closed","sticky":false,"template":"","format":"standard","meta":{"footnotes":""},"categories":[11389,79,161],"tags":[56335,54889,54684],"class_list":["post-823705","post","type-post","status-publish","format-standard","has-post-thumbnail","hentry","category-contenido-original","category-derechos-humanos","category-opiniones","tag-condominio-es","tag-jair-bolsonaro-es","tag-marielle-franco-es-2"],"yoast_head":"<!-- This site is optimized with the Yoast SEO plugin v27.1.1 - https:\/\/yoast.com\/product\/yoast-seo-wordpress\/ -->\n<title>Coin-ci-den-cia<\/title>\n<meta name=\"description\" content=\"Coincidencia\/as, f. la ocurrencia simult\u00e1nea y fortuita de dos o m\u00e1s hechos o circunstancias diferentes; Concomitancia de dos o m\u00e1s eventos. Aqu\u00ed siempre\" \/>\n<meta name=\"robots\" content=\"index, follow, max-snippet:-1, max-image-preview:large, max-video-preview:-1\" \/>\n<link rel=\"canonical\" href=\"https:\/\/www.pressenza.com\/es\/2019\/03\/coin-ci-den-cia\/\" \/>\n<meta property=\"og:locale\" content=\"es_ES\" \/>\n<meta property=\"og:type\" content=\"article\" \/>\n<meta property=\"og:title\" content=\"Coin-ci-den-cia\" \/>\n<meta property=\"og:description\" content=\"Coincidencia\/as, f. la ocurrencia simult\u00e1nea y fortuita de dos o m\u00e1s hechos o circunstancias diferentes; Concomitancia de dos o m\u00e1s eventos. Aqu\u00ed siempre\" \/>\n<meta property=\"og:url\" content=\"https:\/\/www.pressenza.com\/es\/2019\/03\/coin-ci-den-cia\/\" \/>\n<meta property=\"og:site_name\" content=\"Pressenza\" \/>\n<meta property=\"article:publisher\" content=\"https:\/\/www.facebook.com\/PressenzaItalia\" \/>\n<meta property=\"article:published_time\" content=\"2019-03-14T23:34:11+00:00\" \/>\n<meta property=\"og:image\" content=\"https:\/\/www.pressenza.com\/wp-content\/uploads\/2019\/03\/mariele.jpg\" \/>\n\t<meta property=\"og:image:width\" content=\"932\" \/>\n\t<meta property=\"og:image:height\" content=\"524\" \/>\n\t<meta property=\"og:image:type\" content=\"image\/jpeg\" \/>\n<meta name=\"author\" content=\"Paolo D&#039;Aprile\" \/>\n<meta name=\"twitter:card\" content=\"summary_large_image\" \/>\n<meta name=\"twitter:creator\" content=\"@PressenzaIPA\" \/>\n<meta name=\"twitter:site\" content=\"@PressenzaIPA\" \/>\n<meta name=\"twitter:label1\" content=\"Escrito por\" \/>\n\t<meta name=\"twitter:data1\" content=\"Paolo D&#039;Aprile\" \/>\n\t<meta name=\"twitter:label2\" content=\"Tiempo de lectura\" \/>\n\t<meta name=\"twitter:data2\" content=\"6 minutos\" \/>\n<script type=\"application\/ld+json\" class=\"yoast-schema-graph\">{\"@context\":\"https:\/\/schema.org\",\"@graph\":[{\"@type\":\"Article\",\"@id\":\"https:\/\/www.pressenza.com\/es\/2019\/03\/coin-ci-den-cia\/#article\",\"isPartOf\":{\"@id\":\"https:\/\/www.pressenza.com\/es\/2019\/03\/coin-ci-den-cia\/\"},\"author\":{\"name\":\"Paolo D'Aprile\",\"@id\":\"https:\/\/www.pressenza.com\/es\/#\/schema\/person\/b7683f6cc5b4992d9641abb1dd2b2c7a\"},\"headline\":\"Coin-ci-den-cia\",\"datePublished\":\"2019-03-14T23:34:11+00:00\",\"mainEntityOfPage\":{\"@id\":\"https:\/\/www.pressenza.com\/es\/2019\/03\/coin-ci-den-cia\/\"},\"wordCount\":1190,\"publisher\":{\"@id\":\"https:\/\/www.pressenza.com\/es\/#organization\"},\"image\":{\"@id\":\"https:\/\/www.pressenza.com\/es\/2019\/03\/coin-ci-den-cia\/#primaryimage\"},\"thumbnailUrl\":\"https:\/\/www.pressenza.com\/wp-content\/uploads\/2019\/03\/mariele.jpg\",\"keywords\":[\"Condominio\",\"Jair Bolsonaro\",\"Marielle Franco\"],\"articleSection\":[\"Contenido Original\",\"Derechos Humanos\",\"Opiniones\"],\"inLanguage\":\"es\"},{\"@type\":\"WebPage\",\"@id\":\"https:\/\/www.pressenza.com\/es\/2019\/03\/coin-ci-den-cia\/\",\"url\":\"https:\/\/www.pressenza.com\/es\/2019\/03\/coin-ci-den-cia\/\",\"name\":\"Coin-ci-den-cia\",\"isPartOf\":{\"@id\":\"https:\/\/www.pressenza.com\/es\/#website\"},\"primaryImageOfPage\":{\"@id\":\"https:\/\/www.pressenza.com\/es\/2019\/03\/coin-ci-den-cia\/#primaryimage\"},\"image\":{\"@id\":\"https:\/\/www.pressenza.com\/es\/2019\/03\/coin-ci-den-cia\/#primaryimage\"},\"thumbnailUrl\":\"https:\/\/www.pressenza.com\/wp-content\/uploads\/2019\/03\/mariele.jpg\",\"datePublished\":\"2019-03-14T23:34:11+00:00\",\"description\":\"Coincidencia\/as, f. la ocurrencia simult\u00e1nea y fortuita de dos o m\u00e1s hechos o circunstancias diferentes; Concomitancia de dos o m\u00e1s eventos. Aqu\u00ed siempre\",\"breadcrumb\":{\"@id\":\"https:\/\/www.pressenza.com\/es\/2019\/03\/coin-ci-den-cia\/#breadcrumb\"},\"inLanguage\":\"es\",\"potentialAction\":[{\"@type\":\"ReadAction\",\"target\":[\"https:\/\/www.pressenza.com\/es\/2019\/03\/coin-ci-den-cia\/\"]}]},{\"@type\":\"ImageObject\",\"inLanguage\":\"es\",\"@id\":\"https:\/\/www.pressenza.com\/es\/2019\/03\/coin-ci-den-cia\/#primaryimage\",\"url\":\"https:\/\/www.pressenza.com\/wp-content\/uploads\/2019\/03\/mariele.jpg\",\"contentUrl\":\"https:\/\/www.pressenza.com\/wp-content\/uploads\/2019\/03\/mariele.jpg\",\"width\":932,\"height\":524},{\"@type\":\"BreadcrumbList\",\"@id\":\"https:\/\/www.pressenza.com\/es\/2019\/03\/coin-ci-den-cia\/#breadcrumb\",\"itemListElement\":[{\"@type\":\"ListItem\",\"position\":1,\"name\":\"Accueil\",\"item\":\"https:\/\/www.pressenza.com\/es\/\"},{\"@type\":\"ListItem\",\"position\":2,\"name\":\"Coin-ci-den-cia\"}]},{\"@type\":\"WebSite\",\"@id\":\"https:\/\/www.pressenza.com\/es\/#website\",\"url\":\"https:\/\/www.pressenza.com\/es\/\",\"name\":\"Pressenza\",\"description\":\"International Press Agency\",\"publisher\":{\"@id\":\"https:\/\/www.pressenza.com\/es\/#organization\"},\"potentialAction\":[{\"@type\":\"SearchAction\",\"target\":{\"@type\":\"EntryPoint\",\"urlTemplate\":\"https:\/\/www.pressenza.com\/es\/?s={search_term_string}\"},\"query-input\":{\"@type\":\"PropertyValueSpecification\",\"valueRequired\":true,\"valueName\":\"search_term_string\"}}],\"inLanguage\":\"es\"},{\"@type\":\"Organization\",\"@id\":\"https:\/\/www.pressenza.com\/es\/#organization\",\"name\":\"Pressenza\",\"url\":\"https:\/\/www.pressenza.com\/es\/\",\"logo\":{\"@type\":\"ImageObject\",\"inLanguage\":\"es\",\"@id\":\"https:\/\/www.pressenza.com\/es\/#\/schema\/logo\/image\/\",\"url\":\"https:\/\/www.pressenza.com\/wp-content\/uploads\/2022\/10\/pressenza_logo_200x200.jpg\",\"contentUrl\":\"https:\/\/www.pressenza.com\/wp-content\/uploads\/2022\/10\/pressenza_logo_200x200.jpg\",\"width\":200,\"height\":200,\"caption\":\"Pressenza\"},\"image\":{\"@id\":\"https:\/\/www.pressenza.com\/es\/#\/schema\/logo\/image\/\"},\"sameAs\":[\"https:\/\/www.facebook.com\/PressenzaItalia\",\"https:\/\/x.com\/PressenzaIPA\"]},{\"@type\":\"Person\",\"@id\":\"https:\/\/www.pressenza.com\/es\/#\/schema\/person\/b7683f6cc5b4992d9641abb1dd2b2c7a\",\"name\":\"Paolo D'Aprile\",\"description\":\"Nasco nel 1963... sono un uomo di mezza et\u00e0! Vivo a S\u00e3o Paulo dal 1989 e il mio lavoro di fisioterapista mi ha portato in contatto con le situazioni estreme della citt\u00e0, dalle favelas ai \\\"meninos de rua\\\". Ho partecipato a vari progetti di inclusione attraverso l'esercizio dei diritti civili. Da grande voglio fare il calciatore, l'astronauta e il pompiere.\",\"url\":\"https:\/\/www.pressenza.com\/es\/author\/paolo-daprile\/\"}]}<\/script>\n<!-- \/ Yoast SEO plugin. -->","yoast_head_json":{"title":"Coin-ci-den-cia","description":"Coincidencia\/as, f. la ocurrencia simult\u00e1nea y fortuita de dos o m\u00e1s hechos o circunstancias diferentes; Concomitancia de dos o m\u00e1s eventos. Aqu\u00ed siempre","robots":{"index":"index","follow":"follow","max-snippet":"max-snippet:-1","max-image-preview":"max-image-preview:large","max-video-preview":"max-video-preview:-1"},"canonical":"https:\/\/www.pressenza.com\/es\/2019\/03\/coin-ci-den-cia\/","og_locale":"es_ES","og_type":"article","og_title":"Coin-ci-den-cia","og_description":"Coincidencia\/as, f. la ocurrencia simult\u00e1nea y fortuita de dos o m\u00e1s hechos o circunstancias diferentes; Concomitancia de dos o m\u00e1s eventos. Aqu\u00ed siempre","og_url":"https:\/\/www.pressenza.com\/es\/2019\/03\/coin-ci-den-cia\/","og_site_name":"Pressenza","article_publisher":"https:\/\/www.facebook.com\/PressenzaItalia","article_published_time":"2019-03-14T23:34:11+00:00","og_image":[{"width":932,"height":524,"url":"https:\/\/www.pressenza.com\/wp-content\/uploads\/2019\/03\/mariele.jpg","type":"image\/jpeg"}],"author":"Paolo D'Aprile","twitter_card":"summary_large_image","twitter_creator":"@PressenzaIPA","twitter_site":"@PressenzaIPA","twitter_misc":{"Escrito por":"Paolo D'Aprile","Tiempo de lectura":"6 minutos"},"schema":{"@context":"https:\/\/schema.org","@graph":[{"@type":"Article","@id":"https:\/\/www.pressenza.com\/es\/2019\/03\/coin-ci-den-cia\/#article","isPartOf":{"@id":"https:\/\/www.pressenza.com\/es\/2019\/03\/coin-ci-den-cia\/"},"author":{"name":"Paolo D'Aprile","@id":"https:\/\/www.pressenza.com\/es\/#\/schema\/person\/b7683f6cc5b4992d9641abb1dd2b2c7a"},"headline":"Coin-ci-den-cia","datePublished":"2019-03-14T23:34:11+00:00","mainEntityOfPage":{"@id":"https:\/\/www.pressenza.com\/es\/2019\/03\/coin-ci-den-cia\/"},"wordCount":1190,"publisher":{"@id":"https:\/\/www.pressenza.com\/es\/#organization"},"image":{"@id":"https:\/\/www.pressenza.com\/es\/2019\/03\/coin-ci-den-cia\/#primaryimage"},"thumbnailUrl":"https:\/\/www.pressenza.com\/wp-content\/uploads\/2019\/03\/mariele.jpg","keywords":["Condominio","Jair Bolsonaro","Marielle Franco"],"articleSection":["Contenido Original","Derechos Humanos","Opiniones"],"inLanguage":"es"},{"@type":"WebPage","@id":"https:\/\/www.pressenza.com\/es\/2019\/03\/coin-ci-den-cia\/","url":"https:\/\/www.pressenza.com\/es\/2019\/03\/coin-ci-den-cia\/","name":"Coin-ci-den-cia","isPartOf":{"@id":"https:\/\/www.pressenza.com\/es\/#website"},"primaryImageOfPage":{"@id":"https:\/\/www.pressenza.com\/es\/2019\/03\/coin-ci-den-cia\/#primaryimage"},"image":{"@id":"https:\/\/www.pressenza.com\/es\/2019\/03\/coin-ci-den-cia\/#primaryimage"},"thumbnailUrl":"https:\/\/www.pressenza.com\/wp-content\/uploads\/2019\/03\/mariele.jpg","datePublished":"2019-03-14T23:34:11+00:00","description":"Coincidencia\/as, f. la ocurrencia simult\u00e1nea y fortuita de dos o m\u00e1s hechos o circunstancias diferentes; Concomitancia de dos o m\u00e1s eventos. Aqu\u00ed siempre","breadcrumb":{"@id":"https:\/\/www.pressenza.com\/es\/2019\/03\/coin-ci-den-cia\/#breadcrumb"},"inLanguage":"es","potentialAction":[{"@type":"ReadAction","target":["https:\/\/www.pressenza.com\/es\/2019\/03\/coin-ci-den-cia\/"]}]},{"@type":"ImageObject","inLanguage":"es","@id":"https:\/\/www.pressenza.com\/es\/2019\/03\/coin-ci-den-cia\/#primaryimage","url":"https:\/\/www.pressenza.com\/wp-content\/uploads\/2019\/03\/mariele.jpg","contentUrl":"https:\/\/www.pressenza.com\/wp-content\/uploads\/2019\/03\/mariele.jpg","width":932,"height":524},{"@type":"BreadcrumbList","@id":"https:\/\/www.pressenza.com\/es\/2019\/03\/coin-ci-den-cia\/#breadcrumb","itemListElement":[{"@type":"ListItem","position":1,"name":"Accueil","item":"https:\/\/www.pressenza.com\/es\/"},{"@type":"ListItem","position":2,"name":"Coin-ci-den-cia"}]},{"@type":"WebSite","@id":"https:\/\/www.pressenza.com\/es\/#website","url":"https:\/\/www.pressenza.com\/es\/","name":"Pressenza","description":"International Press Agency","publisher":{"@id":"https:\/\/www.pressenza.com\/es\/#organization"},"potentialAction":[{"@type":"SearchAction","target":{"@type":"EntryPoint","urlTemplate":"https:\/\/www.pressenza.com\/es\/?s={search_term_string}"},"query-input":{"@type":"PropertyValueSpecification","valueRequired":true,"valueName":"search_term_string"}}],"inLanguage":"es"},{"@type":"Organization","@id":"https:\/\/www.pressenza.com\/es\/#organization","name":"Pressenza","url":"https:\/\/www.pressenza.com\/es\/","logo":{"@type":"ImageObject","inLanguage":"es","@id":"https:\/\/www.pressenza.com\/es\/#\/schema\/logo\/image\/","url":"https:\/\/www.pressenza.com\/wp-content\/uploads\/2022\/10\/pressenza_logo_200x200.jpg","contentUrl":"https:\/\/www.pressenza.com\/wp-content\/uploads\/2022\/10\/pressenza_logo_200x200.jpg","width":200,"height":200,"caption":"Pressenza"},"image":{"@id":"https:\/\/www.pressenza.com\/es\/#\/schema\/logo\/image\/"},"sameAs":["https:\/\/www.facebook.com\/PressenzaItalia","https:\/\/x.com\/PressenzaIPA"]},{"@type":"Person","@id":"https:\/\/www.pressenza.com\/es\/#\/schema\/person\/b7683f6cc5b4992d9641abb1dd2b2c7a","name":"Paolo D'Aprile","description":"Nasco nel 1963... sono un uomo di mezza et\u00e0! Vivo a S\u00e3o Paulo dal 1989 e il mio lavoro di fisioterapista mi ha portato in contatto con le situazioni estreme della citt\u00e0, dalle favelas ai \"meninos de rua\". Ho partecipato a vari progetti di inclusione attraverso l'esercizio dei diritti civili. Da grande voglio fare il calciatore, l'astronauta e il pompiere.","url":"https:\/\/www.pressenza.com\/es\/author\/paolo-daprile\/"}]}},"place":"Sao Paulo","original_article_url":"","_links":{"self":[{"href":"https:\/\/www.pressenza.com\/es\/wp-json\/wp\/v2\/posts\/823705","targetHints":{"allow":["GET"]}}],"collection":[{"href":"https:\/\/www.pressenza.com\/es\/wp-json\/wp\/v2\/posts"}],"about":[{"href":"https:\/\/www.pressenza.com\/es\/wp-json\/wp\/v2\/types\/post"}],"author":[{"embeddable":true,"href":"https:\/\/www.pressenza.com\/es\/wp-json\/wp\/v2\/users\/1567"}],"replies":[{"embeddable":true,"href":"https:\/\/www.pressenza.com\/es\/wp-json\/wp\/v2\/comments?post=823705"}],"version-history":[{"count":0,"href":"https:\/\/www.pressenza.com\/es\/wp-json\/wp\/v2\/posts\/823705\/revisions"}],"wp:featuredmedia":[{"embeddable":true,"href":"https:\/\/www.pressenza.com\/es\/wp-json\/wp\/v2\/media\/822665"}],"wp:attachment":[{"href":"https:\/\/www.pressenza.com\/es\/wp-json\/wp\/v2\/media?parent=823705"}],"wp:term":[{"taxonomy":"category","embeddable":true,"href":"https:\/\/www.pressenza.com\/es\/wp-json\/wp\/v2\/categories?post=823705"},{"taxonomy":"post_tag","embeddable":true,"href":"https:\/\/www.pressenza.com\/es\/wp-json\/wp\/v2\/tags?post=823705"}],"curies":[{"name":"wp","href":"https:\/\/api.w.org\/{rel}","templated":true}]}}