{"id":823625,"date":"2019-03-14T20:43:15","date_gmt":"2019-03-14T20:43:15","guid":{"rendered":"https:\/\/www.pressenza.com\/?p=823625"},"modified":"2019-03-14T20:43:15","modified_gmt":"2019-03-14T20:43:15","slug":"apdha-rechaza-la-experimentacion-con-personas-presas-por-vulnerar-el-principio-de-trato-humano","status":"publish","type":"post","link":"https:\/\/www.pressenza.com\/es\/2019\/03\/apdha-rechaza-la-experimentacion-con-personas-presas-por-vulnerar-el-principio-de-trato-humano\/","title":{"rendered":"APDHA rechaza la experimentaci\u00f3n con personas presas por vulnerar el principio de trato humano"},"content":{"rendered":"<p><strong>La asociaci\u00f3n sostiene que tanto el derecho internacional como la legislaci\u00f3n espa\u00f1ola proh\u00edben la experimentaci\u00f3n con personas presas.\u00a0El Defensor del Pueblo Espa\u00f1ol ha iniciado una investigaci\u00f3n de oficio.<\/strong><\/p>\n<p>Andaluc\u00eda. La Asociaci\u00f3n Pro Derechos Humanos de Andaluc\u00eda (APDHA) ha rechazado hoy la experimentaci\u00f3n llevada a cabo desde el a\u00f1o 2016 con 41 personas presas en las c\u00e1rceles de Huelva y C\u00f3rdoba y que ha sido paralizada cautelarmente por el Ministerio del Interior tras recibir un informe solicitado a la Subdirecci\u00f3n General de Sanidad Penitenciaria. Para la organizaci\u00f3n vulnera el principio de trato humano y \u201cva contra nuestro ordenamiento jur\u00eddico y el derecho internacional\u00bb.<\/p>\n<p>El experimento utiliza t\u00e9cnicas de estimulaci\u00f3n transcraneal con corriente el\u00e9ctrica que se aplica a los internos participantes. Estas t\u00e9cnicas, denuncia la APDHA, son invasivas ya que afectan a un \u00f3rgano interno como es el cerebro. Adem\u00e1s, tal investigaci\u00f3n, sentencian, no cumple las condiciones imprescindibles que establece el Reglamento Penitenciario, por lo que esperan que no se reanude.<\/p>\n<p>As\u00ed, desde la APDHA celebran que el Defensor del Pueblo Espa\u00f1ol (DPE) haya iniciado una investigaci\u00f3n de oficio al respecto y ponen en duda, al igual que el DPE, \u201cla voluntariedad\u201d para participar en el proyecto de una persona que se encuentra dentro de una instituci\u00f3n cumpliendo condena.<\/p>\n<p>En este sentido, desde el colectivo andaluz recuerdan que <a href=\"https:\/\/boe.es\/buscar\/doc.php?id=BOE-A-1977-10733\" target=\"_blank\" rel=\"noopener\">el Pacto Internacional de Derechos Civiles y Pol\u00edticos (PIDCP) establece en su art\u00edculo 7<\/a> que \u201cnadie puede ser sometido sin su libre consentimiento a experimentos m\u00e9dicos o cient\u00edficos\u201d, una prohibici\u00f3n que el Comit\u00e9 de Derechos Humanos de las Naciones Unidas reiter\u00f3 en su <a href=\"https:\/\/conf-dts1.unog.ch\/1%20SPA\/Tradutek\/Derechos_hum_Base\/CCPR\/00_2_obs_grales_Cte%20DerHum%20%5BCCPR%5D.html#GEN21\" target=\"_blank\" rel=\"noopener\">Observaci\u00f3n General n\u00ba 21 sobre el trato humano a las personas privadas de libertad<\/a>. \u00a0Por ello, la asociaci\u00f3n advierte de que la investigaci\u00f3n desarrollada en las dos prisiones andaluzas \u201cno solo ser\u00eda contraria al ordenamiento internacional, sino que puede ser considerada como una vulneraci\u00f3n del principio de trato humano de las personas privadas de libertad\u201d.<\/p>\n<p>El colectivo andaluz se\u00f1ala que esta investigaci\u00f3n \u201ctambi\u00e9n puede vulnerar nuestro Reglamento Penitenciario\u201d ya que, seg\u00fan sostienen desde el \u00e1rea de c\u00e1rceles de la asociaci\u00f3n, \u201cel <a href=\"http:\/\/noticias.juridicas.com\/base_datos\/Penal\/rd190-1996.t9.html\" target=\"_blank\" rel=\"noopener\">art\u00edculo 211 del reglamento<\/a> establece dos condiciones para realizar investigaciones m\u00e9dicas a las personas que se encuentran dentro de prisi\u00f3n\u201d. En primer lugar, afirman, dicha investigaci\u00f3n \u201cdebe tener un efecto directo y significativo en la salud de la persona\u201d y, en segundo lugar, \u201cla experimentaci\u00f3n debe llevarse a cabocon id\u00e9nticas garant\u00edas que las personas en libertad\u201d.<\/p>\n<p>En este sentido, apuntan desde la asociaci\u00f3n, \u201cno es suficiente con la mera obtenci\u00f3n del consentimiento informado ya que, debido a la coerci\u00f3n o a la influencia indebida dentro de la prisi\u00f3n, es necesario asegurar que dicho consentimiento es <a href=\"http:\/\/aebioetica.org\/revistas\/2018\/29\/96\/125.pdf\" target=\"_blank\" rel=\"noopener\">totalmente voluntario y verdaderamente informado<\/a>\u201d. Desde de APDHA consideran que no se dan ninguna de las dos condiciones por lo que esperan que no se reanude la investigaci\u00f3n.<\/p>\n","protected":false},"excerpt":{"rendered":"<p>La asociaci\u00f3n sostiene que tanto el derecho internacional como la legislaci\u00f3n espa\u00f1ola proh\u00edben la experimentaci\u00f3n con personas presas.\u00a0El Defensor del Pueblo Espa\u00f1ol ha iniciado una investigaci\u00f3n de oficio. Andaluc\u00eda. La Asociaci\u00f3n Pro Derechos Humanos de Andaluc\u00eda (APDHA) ha rechazado hoy&hellip;<\/p>\n","protected":false},"author":94,"featured_media":823637,"comment_status":"closed","ping_status":"closed","sticky":false,"template":"","format":"standard","meta":{"footnotes":""},"categories":[149,79,66,1239],"tags":[32004,441,1065,56322,56323],"class_list":["post-823625","post","type-post","status-publish","format-standard","has-post-thumbnail","hentry","category-comunicados-de-prensa","category-derechos-humanos","category-europa-es","category-salud","tag-apdha","tag-derechos-humanos","tag-espana","tag-estimulacion-transcraneal","tag-presos-es"],"yoast_head":"<!-- This site is optimized with the Yoast SEO plugin v27.1.1 - https:\/\/yoast.com\/product\/yoast-seo-wordpress\/ -->\n<title>APDHA rechaza la experimentaci\u00f3n con personas presas por vulnerar el principio de trato humano<\/title>\n<meta name=\"description\" content=\"La asociaci\u00f3n sostiene que tanto el derecho internacional como la legislaci\u00f3n espa\u00f1ola proh\u00edben la experimentaci\u00f3n con personas presas.\u00a0El Defensor del\" \/>\n<meta name=\"robots\" content=\"index, follow, max-snippet:-1, max-image-preview:large, max-video-preview:-1\" \/>\n<link rel=\"canonical\" href=\"https:\/\/www.pressenza.com\/es\/2019\/03\/apdha-rechaza-la-experimentacion-con-personas-presas-por-vulnerar-el-principio-de-trato-humano\/\" \/>\n<meta property=\"og:locale\" content=\"es_ES\" \/>\n<meta property=\"og:type\" content=\"article\" \/>\n<meta property=\"og:title\" content=\"APDHA rechaza la experimentaci\u00f3n con personas presas por vulnerar el principio de trato humano\" \/>\n<meta property=\"og:description\" content=\"La asociaci\u00f3n sostiene que tanto el derecho internacional como la legislaci\u00f3n espa\u00f1ola proh\u00edben la experimentaci\u00f3n con personas presas.\u00a0El Defensor del\" \/>\n<meta property=\"og:url\" content=\"https:\/\/www.pressenza.com\/es\/2019\/03\/apdha-rechaza-la-experimentacion-con-personas-presas-por-vulnerar-el-principio-de-trato-humano\/\" \/>\n<meta property=\"og:site_name\" content=\"Pressenza\" \/>\n<meta property=\"article:publisher\" content=\"https:\/\/www.facebook.com\/PressenzaItalia\" \/>\n<meta property=\"article:author\" content=\"https:\/\/www.facebook.com\/pressenza\" \/>\n<meta property=\"article:published_time\" content=\"2019-03-14T20:43:15+00:00\" \/>\n<meta property=\"og:image\" content=\"https:\/\/www.pressenza.com\/wp-content\/uploads\/2019\/03\/alambre-ca\u0301rcel-CC0.jpg\" \/>\n\t<meta property=\"og:image:width\" content=\"1024\" \/>\n\t<meta property=\"og:image:height\" content=\"619\" \/>\n\t<meta property=\"og:image:type\" content=\"image\/jpeg\" \/>\n<meta name=\"author\" content=\"Redacci\u00f3n Madrid\" \/>\n<meta name=\"twitter:card\" content=\"summary_large_image\" \/>\n<meta name=\"twitter:creator\" content=\"@pressenza\" \/>\n<meta name=\"twitter:site\" content=\"@PressenzaIPA\" \/>\n<meta name=\"twitter:label1\" content=\"Escrito por\" \/>\n\t<meta name=\"twitter:data1\" content=\"Redacci\u00f3n Madrid\" \/>\n\t<meta name=\"twitter:label2\" content=\"Tiempo de lectura\" \/>\n\t<meta name=\"twitter:data2\" content=\"3 minutos\" \/>\n<script type=\"application\/ld+json\" class=\"yoast-schema-graph\">{\"@context\":\"https:\/\/schema.org\",\"@graph\":[{\"@type\":\"Article\",\"@id\":\"https:\/\/www.pressenza.com\/es\/2019\/03\/apdha-rechaza-la-experimentacion-con-personas-presas-por-vulnerar-el-principio-de-trato-humano\/#article\",\"isPartOf\":{\"@id\":\"https:\/\/www.pressenza.com\/es\/2019\/03\/apdha-rechaza-la-experimentacion-con-personas-presas-por-vulnerar-el-principio-de-trato-humano\/\"},\"author\":{\"name\":\"Redacci\u00f3n Madrid\",\"@id\":\"https:\/\/www.pressenza.com\/es\/#\/schema\/person\/828fc40eeca2ad7be3630e5a46adba94\"},\"headline\":\"APDHA rechaza la experimentaci\u00f3n con personas presas por vulnerar el principio de trato humano\",\"datePublished\":\"2019-03-14T20:43:15+00:00\",\"mainEntityOfPage\":{\"@id\":\"https:\/\/www.pressenza.com\/es\/2019\/03\/apdha-rechaza-la-experimentacion-con-personas-presas-por-vulnerar-el-principio-de-trato-humano\/\"},\"wordCount\":528,\"publisher\":{\"@id\":\"https:\/\/www.pressenza.com\/es\/#organization\"},\"image\":{\"@id\":\"https:\/\/www.pressenza.com\/es\/2019\/03\/apdha-rechaza-la-experimentacion-con-personas-presas-por-vulnerar-el-principio-de-trato-humano\/#primaryimage\"},\"thumbnailUrl\":\"https:\/\/www.pressenza.com\/wp-content\/uploads\/2019\/03\/alambre-ca\u0301rcel-CC0.jpg\",\"keywords\":[\"APDHA\",\"Derechos humanos\",\"Espa\u00f1a\",\"estimulaci\u00f3n transcraneal\",\"presos\"],\"articleSection\":[\"Comunicados de Prensa\",\"Derechos Humanos\",\"Europa\",\"Salud\"],\"inLanguage\":\"es\"},{\"@type\":\"WebPage\",\"@id\":\"https:\/\/www.pressenza.com\/es\/2019\/03\/apdha-rechaza-la-experimentacion-con-personas-presas-por-vulnerar-el-principio-de-trato-humano\/\",\"url\":\"https:\/\/www.pressenza.com\/es\/2019\/03\/apdha-rechaza-la-experimentacion-con-personas-presas-por-vulnerar-el-principio-de-trato-humano\/\",\"name\":\"APDHA rechaza la experimentaci\u00f3n con personas presas por vulnerar el principio de trato humano\",\"isPartOf\":{\"@id\":\"https:\/\/www.pressenza.com\/es\/#website\"},\"primaryImageOfPage\":{\"@id\":\"https:\/\/www.pressenza.com\/es\/2019\/03\/apdha-rechaza-la-experimentacion-con-personas-presas-por-vulnerar-el-principio-de-trato-humano\/#primaryimage\"},\"image\":{\"@id\":\"https:\/\/www.pressenza.com\/es\/2019\/03\/apdha-rechaza-la-experimentacion-con-personas-presas-por-vulnerar-el-principio-de-trato-humano\/#primaryimage\"},\"thumbnailUrl\":\"https:\/\/www.pressenza.com\/wp-content\/uploads\/2019\/03\/alambre-ca\u0301rcel-CC0.jpg\",\"datePublished\":\"2019-03-14T20:43:15+00:00\",\"description\":\"La asociaci\u00f3n sostiene que tanto el derecho internacional como la legislaci\u00f3n espa\u00f1ola proh\u00edben la experimentaci\u00f3n con personas presas.\u00a0El Defensor del\",\"breadcrumb\":{\"@id\":\"https:\/\/www.pressenza.com\/es\/2019\/03\/apdha-rechaza-la-experimentacion-con-personas-presas-por-vulnerar-el-principio-de-trato-humano\/#breadcrumb\"},\"inLanguage\":\"es\",\"potentialAction\":[{\"@type\":\"ReadAction\",\"target\":[\"https:\/\/www.pressenza.com\/es\/2019\/03\/apdha-rechaza-la-experimentacion-con-personas-presas-por-vulnerar-el-principio-de-trato-humano\/\"]}]},{\"@type\":\"ImageObject\",\"inLanguage\":\"es\",\"@id\":\"https:\/\/www.pressenza.com\/es\/2019\/03\/apdha-rechaza-la-experimentacion-con-personas-presas-por-vulnerar-el-principio-de-trato-humano\/#primaryimage\",\"url\":\"https:\/\/www.pressenza.com\/wp-content\/uploads\/2019\/03\/alambre-ca\u0301rcel-CC0.jpg\",\"contentUrl\":\"https:\/\/www.pressenza.com\/wp-content\/uploads\/2019\/03\/alambre-ca\u0301rcel-CC0.jpg\",\"width\":1024,\"height\":619},{\"@type\":\"BreadcrumbList\",\"@id\":\"https:\/\/www.pressenza.com\/es\/2019\/03\/apdha-rechaza-la-experimentacion-con-personas-presas-por-vulnerar-el-principio-de-trato-humano\/#breadcrumb\",\"itemListElement\":[{\"@type\":\"ListItem\",\"position\":1,\"name\":\"Accueil\",\"item\":\"https:\/\/www.pressenza.com\/es\/\"},{\"@type\":\"ListItem\",\"position\":2,\"name\":\"APDHA rechaza la experimentaci\u00f3n con personas presas por vulnerar el principio de trato humano\"}]},{\"@type\":\"WebSite\",\"@id\":\"https:\/\/www.pressenza.com\/es\/#website\",\"url\":\"https:\/\/www.pressenza.com\/es\/\",\"name\":\"Pressenza\",\"description\":\"International Press Agency\",\"publisher\":{\"@id\":\"https:\/\/www.pressenza.com\/es\/#organization\"},\"potentialAction\":[{\"@type\":\"SearchAction\",\"target\":{\"@type\":\"EntryPoint\",\"urlTemplate\":\"https:\/\/www.pressenza.com\/es\/?s={search_term_string}\"},\"query-input\":{\"@type\":\"PropertyValueSpecification\",\"valueRequired\":true,\"valueName\":\"search_term_string\"}}],\"inLanguage\":\"es\"},{\"@type\":\"Organization\",\"@id\":\"https:\/\/www.pressenza.com\/es\/#organization\",\"name\":\"Pressenza\",\"url\":\"https:\/\/www.pressenza.com\/es\/\",\"logo\":{\"@type\":\"ImageObject\",\"inLanguage\":\"es\",\"@id\":\"https:\/\/www.pressenza.com\/es\/#\/schema\/logo\/image\/\",\"url\":\"https:\/\/www.pressenza.com\/wp-content\/uploads\/2022\/10\/pressenza_logo_200x200.jpg\",\"contentUrl\":\"https:\/\/www.pressenza.com\/wp-content\/uploads\/2022\/10\/pressenza_logo_200x200.jpg\",\"width\":200,\"height\":200,\"caption\":\"Pressenza\"},\"image\":{\"@id\":\"https:\/\/www.pressenza.com\/es\/#\/schema\/logo\/image\/\"},\"sameAs\":[\"https:\/\/www.facebook.com\/PressenzaItalia\",\"https:\/\/x.com\/PressenzaIPA\"]},{\"@type\":\"Person\",\"@id\":\"https:\/\/www.pressenza.com\/es\/#\/schema\/person\/828fc40eeca2ad7be3630e5a46adba94\",\"name\":\"Redacci\u00f3n Madrid\",\"description\":\"News from the Pressenza Bureau in Madrid, Spain\",\"sameAs\":[\"https:\/\/www.facebook.com\/pressenza\",\"https:\/\/x.com\/pressenza\"],\"url\":\"https:\/\/www.pressenza.com\/es\/author\/redaccion-madrid\/\"}]}<\/script>\n<!-- \/ Yoast SEO plugin. -->","yoast_head_json":{"title":"APDHA rechaza la experimentaci\u00f3n con personas presas por vulnerar el principio de trato humano","description":"La asociaci\u00f3n sostiene que tanto el derecho internacional como la legislaci\u00f3n espa\u00f1ola proh\u00edben la experimentaci\u00f3n con personas presas.\u00a0El Defensor del","robots":{"index":"index","follow":"follow","max-snippet":"max-snippet:-1","max-image-preview":"max-image-preview:large","max-video-preview":"max-video-preview:-1"},"canonical":"https:\/\/www.pressenza.com\/es\/2019\/03\/apdha-rechaza-la-experimentacion-con-personas-presas-por-vulnerar-el-principio-de-trato-humano\/","og_locale":"es_ES","og_type":"article","og_title":"APDHA rechaza la experimentaci\u00f3n con personas presas por vulnerar el principio de trato humano","og_description":"La asociaci\u00f3n sostiene que tanto el derecho internacional como la legislaci\u00f3n espa\u00f1ola proh\u00edben la experimentaci\u00f3n con personas presas.\u00a0El Defensor del","og_url":"https:\/\/www.pressenza.com\/es\/2019\/03\/apdha-rechaza-la-experimentacion-con-personas-presas-por-vulnerar-el-principio-de-trato-humano\/","og_site_name":"Pressenza","article_publisher":"https:\/\/www.facebook.com\/PressenzaItalia","article_author":"https:\/\/www.facebook.com\/pressenza","article_published_time":"2019-03-14T20:43:15+00:00","og_image":[{"width":1024,"height":619,"url":"https:\/\/www.pressenza.com\/wp-content\/uploads\/2019\/03\/alambre-ca\u0301rcel-CC0.jpg","type":"image\/jpeg"}],"author":"Redacci\u00f3n Madrid","twitter_card":"summary_large_image","twitter_creator":"@pressenza","twitter_site":"@PressenzaIPA","twitter_misc":{"Escrito por":"Redacci\u00f3n Madrid","Tiempo de lectura":"3 minutos"},"schema":{"@context":"https:\/\/schema.org","@graph":[{"@type":"Article","@id":"https:\/\/www.pressenza.com\/es\/2019\/03\/apdha-rechaza-la-experimentacion-con-personas-presas-por-vulnerar-el-principio-de-trato-humano\/#article","isPartOf":{"@id":"https:\/\/www.pressenza.com\/es\/2019\/03\/apdha-rechaza-la-experimentacion-con-personas-presas-por-vulnerar-el-principio-de-trato-humano\/"},"author":{"name":"Redacci\u00f3n Madrid","@id":"https:\/\/www.pressenza.com\/es\/#\/schema\/person\/828fc40eeca2ad7be3630e5a46adba94"},"headline":"APDHA rechaza la experimentaci\u00f3n con personas presas por vulnerar el principio de trato humano","datePublished":"2019-03-14T20:43:15+00:00","mainEntityOfPage":{"@id":"https:\/\/www.pressenza.com\/es\/2019\/03\/apdha-rechaza-la-experimentacion-con-personas-presas-por-vulnerar-el-principio-de-trato-humano\/"},"wordCount":528,"publisher":{"@id":"https:\/\/www.pressenza.com\/es\/#organization"},"image":{"@id":"https:\/\/www.pressenza.com\/es\/2019\/03\/apdha-rechaza-la-experimentacion-con-personas-presas-por-vulnerar-el-principio-de-trato-humano\/#primaryimage"},"thumbnailUrl":"https:\/\/www.pressenza.com\/wp-content\/uploads\/2019\/03\/alambre-ca\u0301rcel-CC0.jpg","keywords":["APDHA","Derechos humanos","Espa\u00f1a","estimulaci\u00f3n transcraneal","presos"],"articleSection":["Comunicados de Prensa","Derechos Humanos","Europa","Salud"],"inLanguage":"es"},{"@type":"WebPage","@id":"https:\/\/www.pressenza.com\/es\/2019\/03\/apdha-rechaza-la-experimentacion-con-personas-presas-por-vulnerar-el-principio-de-trato-humano\/","url":"https:\/\/www.pressenza.com\/es\/2019\/03\/apdha-rechaza-la-experimentacion-con-personas-presas-por-vulnerar-el-principio-de-trato-humano\/","name":"APDHA rechaza la experimentaci\u00f3n con personas presas por vulnerar el principio de trato humano","isPartOf":{"@id":"https:\/\/www.pressenza.com\/es\/#website"},"primaryImageOfPage":{"@id":"https:\/\/www.pressenza.com\/es\/2019\/03\/apdha-rechaza-la-experimentacion-con-personas-presas-por-vulnerar-el-principio-de-trato-humano\/#primaryimage"},"image":{"@id":"https:\/\/www.pressenza.com\/es\/2019\/03\/apdha-rechaza-la-experimentacion-con-personas-presas-por-vulnerar-el-principio-de-trato-humano\/#primaryimage"},"thumbnailUrl":"https:\/\/www.pressenza.com\/wp-content\/uploads\/2019\/03\/alambre-ca\u0301rcel-CC0.jpg","datePublished":"2019-03-14T20:43:15+00:00","description":"La asociaci\u00f3n sostiene que tanto el derecho internacional como la legislaci\u00f3n espa\u00f1ola proh\u00edben la experimentaci\u00f3n con personas presas.\u00a0El Defensor del","breadcrumb":{"@id":"https:\/\/www.pressenza.com\/es\/2019\/03\/apdha-rechaza-la-experimentacion-con-personas-presas-por-vulnerar-el-principio-de-trato-humano\/#breadcrumb"},"inLanguage":"es","potentialAction":[{"@type":"ReadAction","target":["https:\/\/www.pressenza.com\/es\/2019\/03\/apdha-rechaza-la-experimentacion-con-personas-presas-por-vulnerar-el-principio-de-trato-humano\/"]}]},{"@type":"ImageObject","inLanguage":"es","@id":"https:\/\/www.pressenza.com\/es\/2019\/03\/apdha-rechaza-la-experimentacion-con-personas-presas-por-vulnerar-el-principio-de-trato-humano\/#primaryimage","url":"https:\/\/www.pressenza.com\/wp-content\/uploads\/2019\/03\/alambre-ca\u0301rcel-CC0.jpg","contentUrl":"https:\/\/www.pressenza.com\/wp-content\/uploads\/2019\/03\/alambre-ca\u0301rcel-CC0.jpg","width":1024,"height":619},{"@type":"BreadcrumbList","@id":"https:\/\/www.pressenza.com\/es\/2019\/03\/apdha-rechaza-la-experimentacion-con-personas-presas-por-vulnerar-el-principio-de-trato-humano\/#breadcrumb","itemListElement":[{"@type":"ListItem","position":1,"name":"Accueil","item":"https:\/\/www.pressenza.com\/es\/"},{"@type":"ListItem","position":2,"name":"APDHA rechaza la experimentaci\u00f3n con personas presas por vulnerar el principio de trato humano"}]},{"@type":"WebSite","@id":"https:\/\/www.pressenza.com\/es\/#website","url":"https:\/\/www.pressenza.com\/es\/","name":"Pressenza","description":"International Press Agency","publisher":{"@id":"https:\/\/www.pressenza.com\/es\/#organization"},"potentialAction":[{"@type":"SearchAction","target":{"@type":"EntryPoint","urlTemplate":"https:\/\/www.pressenza.com\/es\/?s={search_term_string}"},"query-input":{"@type":"PropertyValueSpecification","valueRequired":true,"valueName":"search_term_string"}}],"inLanguage":"es"},{"@type":"Organization","@id":"https:\/\/www.pressenza.com\/es\/#organization","name":"Pressenza","url":"https:\/\/www.pressenza.com\/es\/","logo":{"@type":"ImageObject","inLanguage":"es","@id":"https:\/\/www.pressenza.com\/es\/#\/schema\/logo\/image\/","url":"https:\/\/www.pressenza.com\/wp-content\/uploads\/2022\/10\/pressenza_logo_200x200.jpg","contentUrl":"https:\/\/www.pressenza.com\/wp-content\/uploads\/2022\/10\/pressenza_logo_200x200.jpg","width":200,"height":200,"caption":"Pressenza"},"image":{"@id":"https:\/\/www.pressenza.com\/es\/#\/schema\/logo\/image\/"},"sameAs":["https:\/\/www.facebook.com\/PressenzaItalia","https:\/\/x.com\/PressenzaIPA"]},{"@type":"Person","@id":"https:\/\/www.pressenza.com\/es\/#\/schema\/person\/828fc40eeca2ad7be3630e5a46adba94","name":"Redacci\u00f3n Madrid","description":"News from the Pressenza Bureau in Madrid, Spain","sameAs":["https:\/\/www.facebook.com\/pressenza","https:\/\/x.com\/pressenza"],"url":"https:\/\/www.pressenza.com\/es\/author\/redaccion-madrid\/"}]}},"place":"Madrid, Espa\u00f1a","original_article_url":"","_links":{"self":[{"href":"https:\/\/www.pressenza.com\/es\/wp-json\/wp\/v2\/posts\/823625","targetHints":{"allow":["GET"]}}],"collection":[{"href":"https:\/\/www.pressenza.com\/es\/wp-json\/wp\/v2\/posts"}],"about":[{"href":"https:\/\/www.pressenza.com\/es\/wp-json\/wp\/v2\/types\/post"}],"author":[{"embeddable":true,"href":"https:\/\/www.pressenza.com\/es\/wp-json\/wp\/v2\/users\/94"}],"replies":[{"embeddable":true,"href":"https:\/\/www.pressenza.com\/es\/wp-json\/wp\/v2\/comments?post=823625"}],"version-history":[{"count":0,"href":"https:\/\/www.pressenza.com\/es\/wp-json\/wp\/v2\/posts\/823625\/revisions"}],"wp:featuredmedia":[{"embeddable":true,"href":"https:\/\/www.pressenza.com\/es\/wp-json\/wp\/v2\/media\/823637"}],"wp:attachment":[{"href":"https:\/\/www.pressenza.com\/es\/wp-json\/wp\/v2\/media?parent=823625"}],"wp:term":[{"taxonomy":"category","embeddable":true,"href":"https:\/\/www.pressenza.com\/es\/wp-json\/wp\/v2\/categories?post=823625"},{"taxonomy":"post_tag","embeddable":true,"href":"https:\/\/www.pressenza.com\/es\/wp-json\/wp\/v2\/tags?post=823625"}],"curies":[{"name":"wp","href":"https:\/\/api.w.org\/{rel}","templated":true}]}}