{"id":823624,"date":"2019-03-14T20:24:34","date_gmt":"2019-03-14T20:24:34","guid":{"rendered":"https:\/\/www.pressenza.com\/?p=823624"},"modified":"2019-03-14T20:24:34","modified_gmt":"2019-03-14T20:24:34","slug":"patagonia-sin-mineras-convoca-a-marcha-por-defensa-del-agua-y-la-tierra","status":"publish","type":"post","link":"https:\/\/www.pressenza.com\/es\/2019\/03\/patagonia-sin-mineras-convoca-a-marcha-por-defensa-del-agua-y-la-tierra\/","title":{"rendered":"\u201cPatagonia sin + Mineras\u201d convoca a marcha por Defensa del Agua y la Tierra"},"content":{"rendered":"<p>Una\u00a0serie de actividades ha organizado en Coyhaique la\u00a0Red Regional \u201cPatagonia sin\u00a0+ Mineras\u201d para conmemorar dos hitos fundamentales para la causa socioambiental: el D\u00eda Mundial de Acci\u00f3n contra las Represas (14 de marzo) y el D\u00eda Mundial del Agua (22 de marzo).\u00a0Las jornadas incluir\u00e1n confecci\u00f3n de lienzos, una marcha por la defensa del agua, un foro sobre enfermedades asociadas a la miner\u00eda en Ays\u00e9n y difusi\u00f3n de documentales, entre otras actividades.<\/p>\n<p>La\u00a0Semana por la Defensa del Agua y la Tierra\u00a0se da en el contexto de una ofensiva de cientos de prospecciones mineras en los alrededores de Coyhaique y la cuenca del lago General Carrera, adem\u00e1s de la inscripci\u00f3n de miles de hect\u00e1reas en concesiones y nuevos proyecto por parte de las transnacionales australianas\u00a0Laguna Gold\u00a0(El Toqui) y\u00a0Equus Mining\u00a0(Los Domos), canadiense\u00a0Mandalay Resources\u00a0(Cerro Bayo) y norteamericana\u00a0Newmont- Goldcorp.<\/p>\n<p>El\u00a0jueves 14\u00a0parti\u00f3 con confecci\u00f3n de lienzos en la plaza pentagonal de Coyhaique, en el Marco del\u00a0D\u00eda Mundial de Acci\u00f3n Contra las Represas, por los R\u00edos, el Agua y la Vida.<\/p>\n<p>Para\u00a0el viernes 15\u00a0se ha programado la\u00a0Marcha por la Defensa del Agua y la Tierra, a partir de las 17 horas desde el consultorio Alejandro Guti\u00e9rrez con destino al centro de la ciudad.<\/p>\n<p>El\u00a0s\u00e1bado 16\u00a0se realizar\u00e1 una\u00a0presentaci\u00f3n musical en vivo en la Feria Las Quintas\u00a0desde las 9 horas, oportunidad en que se entregar\u00e1 material informativo y se realizar\u00e1 serigraf\u00eda en poleras en alusi\u00f3n a la causa \u201cPatagonia sin + Mineras\u201d.\u00a0\u00a0Adem\u00e1s, se realizar\u00e1 una rifa en apoyo a la constituci\u00f3n de una nueva radio comunitaria en Puerto Cisnes.<\/p>\n<p>El\u00a0lunes 18\u00a0se ha organizado el foro-conversatorio \u201cEnfermedades profesionales como consecuencia de la actividad minera\u201d con los resultados de un estudio realizado en Ays\u00e9n.\u00a0Esta actividad se iniciar\u00e1 a las 18 horas en la sede comunitaria de la poblaci\u00f3n Pedro Aguirre Cerda\u00a0\u00a0(Err\u00e1zuriz con Tucapel)..<\/p>\n<p>El\u00a0martes 19\u00a0se proyectar\u00e1 el documental \u201cAguas Negras\u201d sobre la contaminaci\u00f3n por metales pesados en Alto Ma\u00f1ihuales generada a ra\u00edz de las operaciones de minera El Toqui y que produjo intoxicaci\u00f3n de pobladores y muerte de animales seg\u00fan constat\u00f3 un informe del Colegio M\u00e9dico de Chile.\u00a0\u00a0La jornada continuar\u00e1 la exhibici\u00f3n de \u201cAys\u00e9n decide: Cabalgata Patagonia sin Represas\u201d.\u00a0\u00a0La actividad se realizar\u00e1 en Las Quintas 894, desde las 19 horas.<\/p>\n<p>Hasta el hospital regional se trasladar\u00e1n el\u00a0mi\u00e9rcoles 20las acciones, donde desde las 11 a las 12:30 horas se realizar\u00e1 una tertulia educativa con la presentaci\u00f3n \u201cPayadas pa\u2019 Sat\u00e1n\u201d.\u00a0\u00a0En la Biblioteca Popular Trinchera Utop\u00eda (Las Tepas 1204) se realizar\u00e1 el\u00a0jueves 21\u00a0una mateada audiovisual.<\/p>\n<p>El\u00a0viernes 22, en tanto, se conmemorar\u00e1 el\u00a0D\u00eda Mundial del Agua con diversas intervenciones culturales en la plaza pentagonal, incluido un\u00a0clown cuentacuentos para los ni\u00f1os.<\/p>\n<p>Ya el 1 de marzo se realiz\u00f3 en la capital regional una primeraJornada de Agitaci\u00f3n y Propaganda\u00a0(conocida tradicionalmente como Agiprop), que concluy\u00f3 con varios murales relativos a la defensa socioambiental y contra el extractivismo, en espec\u00edfico en rechazo a que la miner\u00eda avance en Ays\u00e9n, como una forma de sensibilizar a la poblaci\u00f3n frente a las amenazas que existen hoy a la integridad ecosist\u00e9mica de la regi\u00f3n.<\/p>\n<p>&nbsp;<\/p>\n","protected":false},"excerpt":{"rendered":"<p>Una\u00a0serie de actividades ha organizado en Coyhaique la\u00a0Red Regional \u201cPatagonia sin\u00a0+ Mineras\u201d para conmemorar dos hitos fundamentales para la causa socioambiental: el D\u00eda Mundial de Acci\u00f3n contra las Represas (14 de marzo) y el D\u00eda Mundial del Agua (22 de&hellip;<\/p>\n","protected":false},"author":43,"featured_media":823626,"comment_status":"closed","ping_status":"closed","sticky":false,"template":"","format":"standard","meta":{"footnotes":""},"categories":[149,78,67],"tags":[642,29,35987,54991,394],"class_list":["post-823624","post","type-post","status-publish","format-standard","has-post-thumbnail","hentry","category-comunicados-de-prensa","category-medio-ambiente-ecologia","category-sudamerica","tag-agua","tag-chile","tag-dia-mundial-del-agua","tag-patagonia-sin-mineras","tag-protestas-sociales"],"yoast_head":"<!-- This site is optimized with the Yoast SEO plugin v27.1.1 - https:\/\/yoast.com\/product\/yoast-seo-wordpress\/ -->\n<title>\u201cPatagonia sin + Mineras\u201d convoca a marcha por Defensa del Agua y la Tierra<\/title>\n<meta name=\"description\" content=\"Una\u00a0serie de actividades ha organizado en Coyhaique la\u00a0Red Regional \u201cPatagonia sin\u00a0+ Mineras\u201d para conmemorar dos hitos fundamentales para la causa\" \/>\n<meta name=\"robots\" content=\"index, follow, max-snippet:-1, max-image-preview:large, max-video-preview:-1\" \/>\n<link rel=\"canonical\" href=\"https:\/\/www.pressenza.com\/es\/2019\/03\/patagonia-sin-mineras-convoca-a-marcha-por-defensa-del-agua-y-la-tierra\/\" \/>\n<meta property=\"og:locale\" content=\"es_ES\" \/>\n<meta property=\"og:type\" content=\"article\" \/>\n<meta property=\"og:title\" content=\"\u201cPatagonia sin + Mineras\u201d convoca a marcha por Defensa del Agua y la Tierra\" \/>\n<meta property=\"og:description\" content=\"Una\u00a0serie de actividades ha organizado en Coyhaique la\u00a0Red Regional \u201cPatagonia sin\u00a0+ Mineras\u201d para conmemorar dos hitos fundamentales para la causa\" \/>\n<meta property=\"og:url\" content=\"https:\/\/www.pressenza.com\/es\/2019\/03\/patagonia-sin-mineras-convoca-a-marcha-por-defensa-del-agua-y-la-tierra\/\" \/>\n<meta property=\"og:site_name\" content=\"Pressenza\" \/>\n<meta property=\"article:publisher\" content=\"https:\/\/www.facebook.com\/PressenzaItalia\" \/>\n<meta property=\"article:author\" content=\"https:\/\/www.facebook.com\/pressenza\" \/>\n<meta property=\"article:published_time\" content=\"2019-03-14T20:24:34+00:00\" \/>\n<meta property=\"og:image\" content=\"https:\/\/www.pressenza.com\/wp-content\/uploads\/2019\/03\/Mural-Agiprop-4.jpg\" \/>\n\t<meta property=\"og:image:width\" content=\"749\" \/>\n\t<meta property=\"og:image:height\" content=\"373\" \/>\n\t<meta property=\"og:image:type\" content=\"image\/jpeg\" \/>\n<meta name=\"author\" content=\"Redacci\u00f3n Chile\" \/>\n<meta name=\"twitter:card\" content=\"summary_large_image\" \/>\n<meta name=\"twitter:creator\" content=\"@pressenza\" \/>\n<meta name=\"twitter:site\" content=\"@PressenzaIPA\" \/>\n<meta name=\"twitter:label1\" content=\"Escrito por\" \/>\n\t<meta name=\"twitter:data1\" content=\"Redacci\u00f3n Chile\" \/>\n\t<meta name=\"twitter:label2\" content=\"Tiempo de lectura\" \/>\n\t<meta name=\"twitter:data2\" content=\"3 minutos\" \/>\n<script type=\"application\/ld+json\" class=\"yoast-schema-graph\">{\"@context\":\"https:\/\/schema.org\",\"@graph\":[{\"@type\":\"Article\",\"@id\":\"https:\/\/www.pressenza.com\/es\/2019\/03\/patagonia-sin-mineras-convoca-a-marcha-por-defensa-del-agua-y-la-tierra\/#article\",\"isPartOf\":{\"@id\":\"https:\/\/www.pressenza.com\/es\/2019\/03\/patagonia-sin-mineras-convoca-a-marcha-por-defensa-del-agua-y-la-tierra\/\"},\"author\":{\"name\":\"Redacci\u00f3n Chile\",\"@id\":\"https:\/\/www.pressenza.com\/es\/#\/schema\/person\/d7db40df35d6698ba69ba9ee260944ed\"},\"headline\":\"\u201cPatagonia sin + Mineras\u201d convoca a marcha por Defensa del Agua y la Tierra\",\"datePublished\":\"2019-03-14T20:24:34+00:00\",\"mainEntityOfPage\":{\"@id\":\"https:\/\/www.pressenza.com\/es\/2019\/03\/patagonia-sin-mineras-convoca-a-marcha-por-defensa-del-agua-y-la-tierra\/\"},\"wordCount\":572,\"publisher\":{\"@id\":\"https:\/\/www.pressenza.com\/es\/#organization\"},\"image\":{\"@id\":\"https:\/\/www.pressenza.com\/es\/2019\/03\/patagonia-sin-mineras-convoca-a-marcha-por-defensa-del-agua-y-la-tierra\/#primaryimage\"},\"thumbnailUrl\":\"https:\/\/www.pressenza.com\/wp-content\/uploads\/2019\/03\/Mural-Agiprop-4.jpg\",\"keywords\":[\"Agua\",\"Chile\",\"D\u00eda Mundial del Agua\",\"Patagonia sin mineras\",\"protestas sociales\"],\"articleSection\":[\"Comunicados de Prensa\",\"Ecolog\u00eda y Medio Ambiente\",\"Sudam\u00e9rica\"],\"inLanguage\":\"es\"},{\"@type\":\"WebPage\",\"@id\":\"https:\/\/www.pressenza.com\/es\/2019\/03\/patagonia-sin-mineras-convoca-a-marcha-por-defensa-del-agua-y-la-tierra\/\",\"url\":\"https:\/\/www.pressenza.com\/es\/2019\/03\/patagonia-sin-mineras-convoca-a-marcha-por-defensa-del-agua-y-la-tierra\/\",\"name\":\"\u201cPatagonia sin + Mineras\u201d convoca a marcha por Defensa del Agua y la Tierra\",\"isPartOf\":{\"@id\":\"https:\/\/www.pressenza.com\/es\/#website\"},\"primaryImageOfPage\":{\"@id\":\"https:\/\/www.pressenza.com\/es\/2019\/03\/patagonia-sin-mineras-convoca-a-marcha-por-defensa-del-agua-y-la-tierra\/#primaryimage\"},\"image\":{\"@id\":\"https:\/\/www.pressenza.com\/es\/2019\/03\/patagonia-sin-mineras-convoca-a-marcha-por-defensa-del-agua-y-la-tierra\/#primaryimage\"},\"thumbnailUrl\":\"https:\/\/www.pressenza.com\/wp-content\/uploads\/2019\/03\/Mural-Agiprop-4.jpg\",\"datePublished\":\"2019-03-14T20:24:34+00:00\",\"description\":\"Una\u00a0serie de actividades ha organizado en Coyhaique la\u00a0Red Regional \u201cPatagonia sin\u00a0+ Mineras\u201d para conmemorar dos hitos fundamentales para la causa\",\"breadcrumb\":{\"@id\":\"https:\/\/www.pressenza.com\/es\/2019\/03\/patagonia-sin-mineras-convoca-a-marcha-por-defensa-del-agua-y-la-tierra\/#breadcrumb\"},\"inLanguage\":\"es\",\"potentialAction\":[{\"@type\":\"ReadAction\",\"target\":[\"https:\/\/www.pressenza.com\/es\/2019\/03\/patagonia-sin-mineras-convoca-a-marcha-por-defensa-del-agua-y-la-tierra\/\"]}]},{\"@type\":\"ImageObject\",\"inLanguage\":\"es\",\"@id\":\"https:\/\/www.pressenza.com\/es\/2019\/03\/patagonia-sin-mineras-convoca-a-marcha-por-defensa-del-agua-y-la-tierra\/#primaryimage\",\"url\":\"https:\/\/www.pressenza.com\/wp-content\/uploads\/2019\/03\/Mural-Agiprop-4.jpg\",\"contentUrl\":\"https:\/\/www.pressenza.com\/wp-content\/uploads\/2019\/03\/Mural-Agiprop-4.jpg\",\"width\":749,\"height\":373},{\"@type\":\"BreadcrumbList\",\"@id\":\"https:\/\/www.pressenza.com\/es\/2019\/03\/patagonia-sin-mineras-convoca-a-marcha-por-defensa-del-agua-y-la-tierra\/#breadcrumb\",\"itemListElement\":[{\"@type\":\"ListItem\",\"position\":1,\"name\":\"Accueil\",\"item\":\"https:\/\/www.pressenza.com\/es\/\"},{\"@type\":\"ListItem\",\"position\":2,\"name\":\"\u201cPatagonia sin + Mineras\u201d convoca a marcha por Defensa del Agua y la Tierra\"}]},{\"@type\":\"WebSite\",\"@id\":\"https:\/\/www.pressenza.com\/es\/#website\",\"url\":\"https:\/\/www.pressenza.com\/es\/\",\"name\":\"Pressenza\",\"description\":\"International Press Agency\",\"publisher\":{\"@id\":\"https:\/\/www.pressenza.com\/es\/#organization\"},\"potentialAction\":[{\"@type\":\"SearchAction\",\"target\":{\"@type\":\"EntryPoint\",\"urlTemplate\":\"https:\/\/www.pressenza.com\/es\/?s={search_term_string}\"},\"query-input\":{\"@type\":\"PropertyValueSpecification\",\"valueRequired\":true,\"valueName\":\"search_term_string\"}}],\"inLanguage\":\"es\"},{\"@type\":\"Organization\",\"@id\":\"https:\/\/www.pressenza.com\/es\/#organization\",\"name\":\"Pressenza\",\"url\":\"https:\/\/www.pressenza.com\/es\/\",\"logo\":{\"@type\":\"ImageObject\",\"inLanguage\":\"es\",\"@id\":\"https:\/\/www.pressenza.com\/es\/#\/schema\/logo\/image\/\",\"url\":\"https:\/\/www.pressenza.com\/wp-content\/uploads\/2022\/10\/pressenza_logo_200x200.jpg\",\"contentUrl\":\"https:\/\/www.pressenza.com\/wp-content\/uploads\/2022\/10\/pressenza_logo_200x200.jpg\",\"width\":200,\"height\":200,\"caption\":\"Pressenza\"},\"image\":{\"@id\":\"https:\/\/www.pressenza.com\/es\/#\/schema\/logo\/image\/\"},\"sameAs\":[\"https:\/\/www.facebook.com\/PressenzaItalia\",\"https:\/\/x.com\/PressenzaIPA\"]},{\"@type\":\"Person\",\"@id\":\"https:\/\/www.pressenza.com\/es\/#\/schema\/person\/d7db40df35d6698ba69ba9ee260944ed\",\"name\":\"Redacci\u00f3n Chile\",\"description\":\"News from the Pressenza Bureau in Chile\",\"sameAs\":[\"https:\/\/www.facebook.com\/pressenza\",\"https:\/\/x.com\/pressenza\"],\"url\":\"https:\/\/www.pressenza.com\/es\/author\/redaccion-chile\/\"}]}<\/script>\n<!-- \/ Yoast SEO plugin. -->","yoast_head_json":{"title":"\u201cPatagonia sin + Mineras\u201d convoca a marcha por Defensa del Agua y la Tierra","description":"Una\u00a0serie de actividades ha organizado en Coyhaique la\u00a0Red Regional \u201cPatagonia sin\u00a0+ Mineras\u201d para conmemorar dos hitos fundamentales para la causa","robots":{"index":"index","follow":"follow","max-snippet":"max-snippet:-1","max-image-preview":"max-image-preview:large","max-video-preview":"max-video-preview:-1"},"canonical":"https:\/\/www.pressenza.com\/es\/2019\/03\/patagonia-sin-mineras-convoca-a-marcha-por-defensa-del-agua-y-la-tierra\/","og_locale":"es_ES","og_type":"article","og_title":"\u201cPatagonia sin + Mineras\u201d convoca a marcha por Defensa del Agua y la Tierra","og_description":"Una\u00a0serie de actividades ha organizado en Coyhaique la\u00a0Red Regional \u201cPatagonia sin\u00a0+ Mineras\u201d para conmemorar dos hitos fundamentales para la causa","og_url":"https:\/\/www.pressenza.com\/es\/2019\/03\/patagonia-sin-mineras-convoca-a-marcha-por-defensa-del-agua-y-la-tierra\/","og_site_name":"Pressenza","article_publisher":"https:\/\/www.facebook.com\/PressenzaItalia","article_author":"https:\/\/www.facebook.com\/pressenza","article_published_time":"2019-03-14T20:24:34+00:00","og_image":[{"width":749,"height":373,"url":"https:\/\/www.pressenza.com\/wp-content\/uploads\/2019\/03\/Mural-Agiprop-4.jpg","type":"image\/jpeg"}],"author":"Redacci\u00f3n Chile","twitter_card":"summary_large_image","twitter_creator":"@pressenza","twitter_site":"@PressenzaIPA","twitter_misc":{"Escrito por":"Redacci\u00f3n Chile","Tiempo de lectura":"3 minutos"},"schema":{"@context":"https:\/\/schema.org","@graph":[{"@type":"Article","@id":"https:\/\/www.pressenza.com\/es\/2019\/03\/patagonia-sin-mineras-convoca-a-marcha-por-defensa-del-agua-y-la-tierra\/#article","isPartOf":{"@id":"https:\/\/www.pressenza.com\/es\/2019\/03\/patagonia-sin-mineras-convoca-a-marcha-por-defensa-del-agua-y-la-tierra\/"},"author":{"name":"Redacci\u00f3n Chile","@id":"https:\/\/www.pressenza.com\/es\/#\/schema\/person\/d7db40df35d6698ba69ba9ee260944ed"},"headline":"\u201cPatagonia sin + Mineras\u201d convoca a marcha por Defensa del Agua y la Tierra","datePublished":"2019-03-14T20:24:34+00:00","mainEntityOfPage":{"@id":"https:\/\/www.pressenza.com\/es\/2019\/03\/patagonia-sin-mineras-convoca-a-marcha-por-defensa-del-agua-y-la-tierra\/"},"wordCount":572,"publisher":{"@id":"https:\/\/www.pressenza.com\/es\/#organization"},"image":{"@id":"https:\/\/www.pressenza.com\/es\/2019\/03\/patagonia-sin-mineras-convoca-a-marcha-por-defensa-del-agua-y-la-tierra\/#primaryimage"},"thumbnailUrl":"https:\/\/www.pressenza.com\/wp-content\/uploads\/2019\/03\/Mural-Agiprop-4.jpg","keywords":["Agua","Chile","D\u00eda Mundial del Agua","Patagonia sin mineras","protestas sociales"],"articleSection":["Comunicados de Prensa","Ecolog\u00eda y Medio Ambiente","Sudam\u00e9rica"],"inLanguage":"es"},{"@type":"WebPage","@id":"https:\/\/www.pressenza.com\/es\/2019\/03\/patagonia-sin-mineras-convoca-a-marcha-por-defensa-del-agua-y-la-tierra\/","url":"https:\/\/www.pressenza.com\/es\/2019\/03\/patagonia-sin-mineras-convoca-a-marcha-por-defensa-del-agua-y-la-tierra\/","name":"\u201cPatagonia sin + Mineras\u201d convoca a marcha por Defensa del Agua y la Tierra","isPartOf":{"@id":"https:\/\/www.pressenza.com\/es\/#website"},"primaryImageOfPage":{"@id":"https:\/\/www.pressenza.com\/es\/2019\/03\/patagonia-sin-mineras-convoca-a-marcha-por-defensa-del-agua-y-la-tierra\/#primaryimage"},"image":{"@id":"https:\/\/www.pressenza.com\/es\/2019\/03\/patagonia-sin-mineras-convoca-a-marcha-por-defensa-del-agua-y-la-tierra\/#primaryimage"},"thumbnailUrl":"https:\/\/www.pressenza.com\/wp-content\/uploads\/2019\/03\/Mural-Agiprop-4.jpg","datePublished":"2019-03-14T20:24:34+00:00","description":"Una\u00a0serie de actividades ha organizado en Coyhaique la\u00a0Red Regional \u201cPatagonia sin\u00a0+ Mineras\u201d para conmemorar dos hitos fundamentales para la causa","breadcrumb":{"@id":"https:\/\/www.pressenza.com\/es\/2019\/03\/patagonia-sin-mineras-convoca-a-marcha-por-defensa-del-agua-y-la-tierra\/#breadcrumb"},"inLanguage":"es","potentialAction":[{"@type":"ReadAction","target":["https:\/\/www.pressenza.com\/es\/2019\/03\/patagonia-sin-mineras-convoca-a-marcha-por-defensa-del-agua-y-la-tierra\/"]}]},{"@type":"ImageObject","inLanguage":"es","@id":"https:\/\/www.pressenza.com\/es\/2019\/03\/patagonia-sin-mineras-convoca-a-marcha-por-defensa-del-agua-y-la-tierra\/#primaryimage","url":"https:\/\/www.pressenza.com\/wp-content\/uploads\/2019\/03\/Mural-Agiprop-4.jpg","contentUrl":"https:\/\/www.pressenza.com\/wp-content\/uploads\/2019\/03\/Mural-Agiprop-4.jpg","width":749,"height":373},{"@type":"BreadcrumbList","@id":"https:\/\/www.pressenza.com\/es\/2019\/03\/patagonia-sin-mineras-convoca-a-marcha-por-defensa-del-agua-y-la-tierra\/#breadcrumb","itemListElement":[{"@type":"ListItem","position":1,"name":"Accueil","item":"https:\/\/www.pressenza.com\/es\/"},{"@type":"ListItem","position":2,"name":"\u201cPatagonia sin + Mineras\u201d convoca a marcha por Defensa del Agua y la Tierra"}]},{"@type":"WebSite","@id":"https:\/\/www.pressenza.com\/es\/#website","url":"https:\/\/www.pressenza.com\/es\/","name":"Pressenza","description":"International Press Agency","publisher":{"@id":"https:\/\/www.pressenza.com\/es\/#organization"},"potentialAction":[{"@type":"SearchAction","target":{"@type":"EntryPoint","urlTemplate":"https:\/\/www.pressenza.com\/es\/?s={search_term_string}"},"query-input":{"@type":"PropertyValueSpecification","valueRequired":true,"valueName":"search_term_string"}}],"inLanguage":"es"},{"@type":"Organization","@id":"https:\/\/www.pressenza.com\/es\/#organization","name":"Pressenza","url":"https:\/\/www.pressenza.com\/es\/","logo":{"@type":"ImageObject","inLanguage":"es","@id":"https:\/\/www.pressenza.com\/es\/#\/schema\/logo\/image\/","url":"https:\/\/www.pressenza.com\/wp-content\/uploads\/2022\/10\/pressenza_logo_200x200.jpg","contentUrl":"https:\/\/www.pressenza.com\/wp-content\/uploads\/2022\/10\/pressenza_logo_200x200.jpg","width":200,"height":200,"caption":"Pressenza"},"image":{"@id":"https:\/\/www.pressenza.com\/es\/#\/schema\/logo\/image\/"},"sameAs":["https:\/\/www.facebook.com\/PressenzaItalia","https:\/\/x.com\/PressenzaIPA"]},{"@type":"Person","@id":"https:\/\/www.pressenza.com\/es\/#\/schema\/person\/d7db40df35d6698ba69ba9ee260944ed","name":"Redacci\u00f3n Chile","description":"News from the Pressenza Bureau in Chile","sameAs":["https:\/\/www.facebook.com\/pressenza","https:\/\/x.com\/pressenza"],"url":"https:\/\/www.pressenza.com\/es\/author\/redaccion-chile\/"}]}},"place":"Coyhaique, Chile","original_article_url":"","_links":{"self":[{"href":"https:\/\/www.pressenza.com\/es\/wp-json\/wp\/v2\/posts\/823624","targetHints":{"allow":["GET"]}}],"collection":[{"href":"https:\/\/www.pressenza.com\/es\/wp-json\/wp\/v2\/posts"}],"about":[{"href":"https:\/\/www.pressenza.com\/es\/wp-json\/wp\/v2\/types\/post"}],"author":[{"embeddable":true,"href":"https:\/\/www.pressenza.com\/es\/wp-json\/wp\/v2\/users\/43"}],"replies":[{"embeddable":true,"href":"https:\/\/www.pressenza.com\/es\/wp-json\/wp\/v2\/comments?post=823624"}],"version-history":[{"count":0,"href":"https:\/\/www.pressenza.com\/es\/wp-json\/wp\/v2\/posts\/823624\/revisions"}],"wp:featuredmedia":[{"embeddable":true,"href":"https:\/\/www.pressenza.com\/es\/wp-json\/wp\/v2\/media\/823626"}],"wp:attachment":[{"href":"https:\/\/www.pressenza.com\/es\/wp-json\/wp\/v2\/media?parent=823624"}],"wp:term":[{"taxonomy":"category","embeddable":true,"href":"https:\/\/www.pressenza.com\/es\/wp-json\/wp\/v2\/categories?post=823624"},{"taxonomy":"post_tag","embeddable":true,"href":"https:\/\/www.pressenza.com\/es\/wp-json\/wp\/v2\/tags?post=823624"}],"curies":[{"name":"wp","href":"https:\/\/api.w.org\/{rel}","templated":true}]}}