{"id":823186,"date":"2019-03-14T12:38:38","date_gmt":"2019-03-14T12:38:38","guid":{"rendered":"https:\/\/www.pressenza.com\/?p=823186"},"modified":"2019-03-14T15:38:20","modified_gmt":"2019-03-14T15:38:20","slug":"guardias-indigenas-en-el-chaco-no-queremos-mas-ser-silencio","status":"publish","type":"post","link":"https:\/\/www.pressenza.com\/es\/2019\/03\/guardias-indigenas-en-el-chaco-no-queremos-mas-ser-silencio\/","title":{"rendered":"Guardias ind\u00edgenas en el Chaco: \u201cNo queremos m\u00e1s ser silencio\u201d"},"content":{"rendered":"<p>A fines de enero comenz\u00f3 a circular por redes sociales un comunicado que anunciaba:<\/p>\n<p>\u201c\u2026Por orden de nuestros m\u00e1s principal, nuestros caciques los m\u00e1s primeros, hemos dado calor y forma a los \u00abwhasek\u00bb, nuestra Guardia y defensa ind\u00edgena wichi del Chaco.\u201d<\/p>\n<p>El texto iba acompa\u00f1ado por fotograf\u00edas en las que se ve\u00edan grupos de j\u00f3venes ind\u00edgenas formados en fila, algunos con camisetas que dec\u00edan \u201cGuardia comunitaria\u201d y otros con ropa militar de fajina.<\/p>\n<p>El comunicado segu\u00eda diciendo:<\/p>\n<p>\u201cNo somos un ejercito armado, sino una comunidad organizada en defensa del territorio. No nos representa ning\u00fan sector pol\u00edtico y no formamos parte de ninguna organizaci\u00f3n social.\u201d<\/p>\n<p>\u201cA nuestra guardia la componen hombres y mujeres de la tierra, j\u00f3venas y j\u00f3venes, tambi\u00e9n adultes y ancianes.<\/p>\n<p>Nuestra lucha es sencilla y clara pues: defensa del territorio. Lucha contra el neoliberalismo, el narcotr\u00e1fico, la tala indiscriminada y la deforestaci\u00f3n.\u201d<\/p>\n<p>Luego resumir\u00edan:<\/p>\n<ul>\n<li><strong>\u201c\u00bfQui\u00e9nes somos?<\/strong><br \/>\nHermanos y hermanas wichi cansados de ser presa del narcotr\u00e1fico y el desmonte ilegal.<\/li>\n<li><strong>\u00bfQu\u00e9 buscamos?<\/strong><br \/>\nEl reconocimiento legal de nuestra guardia ind\u00edgena. Como guardianes del territorio y protectores de la Madre Tierra y sus seres vivos.<\/li>\n<li><strong>\u00bfQu\u00e9 hemos venido haciendo?<\/strong><br \/>\nControlar nuestro territorio. Pedir explicaciones a quienes pretenden ingresar a nuestras tierras que poseen titulo de propiedad comunitario otorgado por la provincia.<\/li>\n<li><strong>\u00bfPor qu\u00e9 usamos uniforme?<\/strong><br \/>\nPara hacernos ver y que se reconozca a quienes formamos parte de la guardia.<\/li>\n<li><strong>\u00bfC\u00f3mo pensamos continuar?<\/strong><br \/>\nContinuaremos patrullando nuestro territorio y exigiendo al gobierno provincial el reconocimiento legal de nuestra guardia ind\u00edgena.\u00a1Defender el territorio no es delito! \u00a1Delitos son el desmonte y el narcotr\u00e1fico!\u201d<\/li>\n<\/ul>\n<p>La prensa provincial fue la primera en difundir la noticia. El diario <a href=\"http:\/\/www.diariolavozdelchaco.com\/notix\/noticia\/101177_pueblos-originarios-habrian-formado-una-fuerza-paramilitar.htm.htm\" target=\"_blank\" rel=\"noopener\">La voz del Chaco<\/a>, por ejemplo, la ubic\u00f3 en la secci\u00f3n Policiales, bajo el t\u00edtulo\u00a0 \u201cPueblos originarios habr\u00edan formado una fuerza paramilitar\u201d. El t\u00edtulo contradice claramente el contenido de la nota que inmediatamente aclara que no se trata de un grupo armado, que la iniciativa de formar una guardia comunitaria fue reconocida como de inter\u00e9s del consejo municipal local, y que no hab\u00eda hasta el momento reclamos de vecinos \u201cque hayan sido molestados o perjudicados por (la guardia)\u201d. Sin embargo lo que se fue instalando fue la formaci\u00f3n de una \u201cfuerza paramilitar\u201d y otros medios provinciales difundieron la misma idea. Finalmente esta semana la prensa nacional comenz\u00f3 a replicar la informaci\u00f3n. <a href=\"https:\/\/www.lanacion.com.ar\/2226307-alerta-chaco-creacion-guardias-armadas-territorio-wichi\" target=\"_blank\" rel=\"noopener\">La Naci\u00f3n<\/a> y <a href=\"https:\/\/www.perfil.com\/noticias\/politica\/guardia-armada-wichis-impenetrable-chaco.phtml\" target=\"_blank\" rel=\"noopener\">Perfil<\/a> enfatizaron en la \u201calarma\u201d que habr\u00eda causado la formaci\u00f3n de la guardia comunitaria.<\/p>\n<p>Uno de los wich\u00ed replic\u00f3: \u201clo que causa terror y miedo es seguir como estamos\u201d.<\/p>\n<div id=\"attachment_823220\" class=\"wp-caption alignnone\"><img loading=\"lazy\" decoding=\"async\" aria-describedby=\"caption-attachment-823220\" class=\"size-large wp-image-823220\" src=\"https:\/\/www.pressenza.com\/wp-content\/uploads\/2019\/03\/Guardia-Whasek4-720x540.jpg\" alt=\"\" width=\"720\" height=\"540\" srcset=\"https:\/\/www.pressenza.com\/wp-content\/uploads\/2019\/03\/Guardia-Whasek4-720x540.jpg 720w, https:\/\/www.pressenza.com\/wp-content\/uploads\/2019\/03\/Guardia-Whasek4-300x225.jpg 300w, https:\/\/www.pressenza.com\/wp-content\/uploads\/2019\/03\/Guardia-Whasek4-768x576.jpg 768w, https:\/\/www.pressenza.com\/wp-content\/uploads\/2019\/03\/Guardia-Whasek4.jpg 1130w\" sizes=\"auto, (max-width: 720px) 100vw, 720px\" \/><p id=\"caption-attachment-823220\" class=\"wp-caption-text\">Foto: Guardia Ind\u00edgena Comunitaria Whasek<\/p><\/div>\n<h4>\u201c\u00bfEsto no causa conmoci\u00f3n?\u201d<\/h4>\n<p>\u201cNosotros no somos malos ni venimos a causar ning\u00fan da\u00f1o. El da\u00f1o lo vienen causando los gobiernos con las pol\u00edtica y toda esa cosa\u201d, dice Ger\u00f3nimo, uno de los miembros de la Guardia. \u201cNunca hay remedio. Mi sobrina muri\u00f3 hace dos a\u00f1os de tuberculosis. Mis padres, los dos, tienen mal de Chagas; viven de su pensi\u00f3n. Y ac\u00e1 cuando hay violaci\u00f3n de nuestras ni\u00f1as nadie hace nada. O cuando a nuestros chicos le venden la droga o los amenazan para que vendan nadie hace nada.<\/p>\n<p>\u00a1Y eso que denunciamos! Y el comisario dice que falta orden del fiscal. Y el fiscal nunca le conoc\u00ed yo. Y despu\u00e9s la avioneta baja en nuestro territorio y si te acerc\u00e1s te tiran tiro. Y esos son tiro de verdad. Pero nadie hace nada.<\/p>\n<p>Y la empresa meten su cami\u00f3n y sacan la madera y nadie hace nada.<\/p>\n<p>Y ahora yo veo que cuando nosotros hacemos algo, todo el mundo habla.\u201d<\/p>\n<p>En otro relato difundido, tambi\u00e9n denuncian:<\/p>\n<p>\u201cUn criollo de 59 a\u00f1os embaraza a una ni\u00f1a aborigen wichi del Sauzalito, a la que compr\u00f3 obligando a su familia a venderla. Dio a luz en el hospital de Sauzalito. Nadie hizo nada. El bebe naci\u00f3 en enero del 2019. El hombre se la llev\u00f3 a Formosa. Actualmente no sabemos nada de ella.<\/p>\n<p>Rupercia, una ni\u00f1a de trece a\u00f1os, falleci\u00f3 junto con su beb\u00e9 el a\u00f1o pasado. Ella muri\u00f3 antes que su beb\u00e9. Nadie hizo nada.<\/p>\n<p>\u00bfAcaso esto no causa conmoci\u00f3n? \u00bfAcaso esto no asusta? \u00bfSe necesitan fotos de los cuerpos arrasados por la tuberculosis? \u00bfQuieren ver ni\u00f1os obligados por el narcotr\u00e1fico a vender droga? \u00bfQuieren las listas enteras de ni\u00f1as que son raptadas o abusadas? Vayan, pidan todo eso en la comisar\u00eda de turno. Todo fue denunciado.<\/p>\n<p>Somos la consecuencia de siglos de abandono.\u201d<\/p>\n<h4>Ataque armado<\/h4>\n<p>La tarde del pasado 6, uno de los j\u00f3venes integrantes de la Guardia comunitaria fue acuchillado por tres encapuchados cuando volv\u00eda a su casa.<\/p>\n<p>La Guardia difundi\u00f3 un comunicado que dec\u00eda:<\/p>\n<p>\u201c\u2026sab\u00edamos que nuestra lucha toca los intereses del poder. Porque mientras hay quienes pues se aterrorizan o les causa terror vernos de uniforme, o pareciera que sus vidas corren peligro al vernos, est\u00e1n quienes ahora se ven impedidos de hacer sus negociados. Negocios de narcotr\u00e1fico. Como el tr\u00e1fico y trata de personas y la tala indiscriminada. Algo que pareciera a ciertos medios y gentes no causarles terror.<\/p>\n<p>Nosotros somos conscientes de a qu\u00e9 nos enfrentamos.<\/p>\n<p>Hermanos y hermanas, poblaci\u00f3n civil, a todos y todas: aqu\u00ed estamos. Nada pedimos excepto no queremos m\u00e1s ser silencio. Pr\u00e9stennos su o\u00eddo, abran su coraz\u00f3n, extiendan nuestra voz.\u201d<\/p>\n<p>\u201cYo quiero que hablen de estas cosas\u201d, hab\u00eda dicho Ger\u00f3nimo. \u201cYo no quiero usar uniforme ni patrullar. Me obligaron hacerlo. Porque los que ten\u00edan que hacer ese trabajo nunca lo hacen\u201d.<\/p>\n<p>\u201cYo formo parte la guardia ind\u00edgena para cuidar mi familia, mi tierra y mi gente. Yo no voy molestar a nadie, pero ya con el papel intent\u00e9 denunciar, y hacer nota y pedir cosa y nada, nada. Esto no es una decisi\u00f3n de uno nom\u00e1s. Toditos decidimos hacer esto.\u201d<\/p>\n<p>Las guardias comunitarias comenzaron a multiplicarse en otras comunidades del Chaco.<\/p>\n<div id=\"attachment_823229\" class=\"wp-caption alignnone\"><img loading=\"lazy\" decoding=\"async\" aria-describedby=\"caption-attachment-823229\" class=\"size-large wp-image-823229\" src=\"https:\/\/www.pressenza.com\/wp-content\/uploads\/2019\/03\/Guardia-Whasek-720x503.jpg\" alt=\"\" width=\"720\" height=\"503\" srcset=\"https:\/\/www.pressenza.com\/wp-content\/uploads\/2019\/03\/Guardia-Whasek-720x503.jpg 720w, https:\/\/www.pressenza.com\/wp-content\/uploads\/2019\/03\/Guardia-Whasek-300x210.jpg 300w, https:\/\/www.pressenza.com\/wp-content\/uploads\/2019\/03\/Guardia-Whasek-768x537.jpg 768w, https:\/\/www.pressenza.com\/wp-content\/uploads\/2019\/03\/Guardia-Whasek.jpg 1032w\" sizes=\"auto, (max-width: 720px) 100vw, 720px\" \/><p id=\"caption-attachment-823229\" class=\"wp-caption-text\">Foto Guardia Ind\u00edgena Comunitaria Whasek<\/p><\/div>\n","protected":false},"excerpt":{"rendered":"<p>A fines de enero comenz\u00f3 a circular por redes sociales un comunicado que anunciaba: \u201c\u2026Por orden de nuestros m\u00e1s principal, nuestros caciques los m\u00e1s primeros, hemos dado calor y forma a los \u00abwhasek\u00bb, nuestra Guardia y defensa ind\u00edgena wichi del&hellip;<\/p>\n","protected":false},"author":1187,"featured_media":823211,"comment_status":"closed","ping_status":"closed","sticky":false,"template":"","format":"standard","meta":{"footnotes":""},"categories":[11389,79,80,67],"tags":[26,17291,56276,54082,22210,3058,54221,18507,56277,19687],"class_list":["post-823186","post","type-post","status-publish","format-standard","has-post-thumbnail","hentry","category-contenido-original","category-derechos-humanos","category-pueblos-originarios","category-sudamerica","tag-argentina","tag-chaco","tag-guardia-comunitaria-indigena","tag-indigenas-es","tag-pueblos-originarios","tag-qom","tag-silencio","tag-territorios","tag-whasek","tag-wichi"],"yoast_head":"<!-- This site is optimized with the Yoast SEO plugin v27.1.1 - https:\/\/yoast.com\/product\/yoast-seo-wordpress\/ -->\n<title>Guardias ind\u00edgenas en el Chaco: \u201cNo queremos m\u00e1s ser silencio\u201d<\/title>\n<meta name=\"description\" content=\"A fines de enero comenz\u00f3 a circular por redes sociales un comunicado que anunciaba: \u201c\u2026Por orden de nuestros m\u00e1s principal, nuestros caciques los m\u00e1s\" \/>\n<meta name=\"robots\" content=\"index, follow, max-snippet:-1, max-image-preview:large, max-video-preview:-1\" \/>\n<link rel=\"canonical\" href=\"https:\/\/www.pressenza.com\/es\/2019\/03\/guardias-indigenas-en-el-chaco-no-queremos-mas-ser-silencio\/\" \/>\n<meta property=\"og:locale\" content=\"es_ES\" \/>\n<meta property=\"og:type\" content=\"article\" \/>\n<meta property=\"og:title\" content=\"Guardias ind\u00edgenas en el Chaco: \u201cNo queremos m\u00e1s ser silencio\u201d\" \/>\n<meta property=\"og:description\" content=\"A fines de enero comenz\u00f3 a circular por redes sociales un comunicado que anunciaba: \u201c\u2026Por orden de nuestros m\u00e1s principal, nuestros caciques los m\u00e1s\" \/>\n<meta property=\"og:url\" content=\"https:\/\/www.pressenza.com\/es\/2019\/03\/guardias-indigenas-en-el-chaco-no-queremos-mas-ser-silencio\/\" \/>\n<meta property=\"og:site_name\" content=\"Pressenza\" \/>\n<meta property=\"article:publisher\" content=\"https:\/\/www.facebook.com\/PressenzaItalia\" \/>\n<meta property=\"article:author\" content=\"Alicia Blanco\" \/>\n<meta property=\"article:published_time\" content=\"2019-03-14T12:38:38+00:00\" \/>\n<meta property=\"article:modified_time\" content=\"2019-03-14T15:38:20+00:00\" \/>\n<meta property=\"og:image\" content=\"https:\/\/www.pressenza.com\/wp-content\/uploads\/2019\/03\/Guardia-Whasek2.jpg\" \/>\n\t<meta property=\"og:image:width\" content=\"960\" \/>\n\t<meta property=\"og:image:height\" content=\"540\" \/>\n\t<meta property=\"og:image:type\" content=\"image\/jpeg\" \/>\n<meta name=\"author\" content=\"Alicia Blanco\" \/>\n<meta name=\"twitter:card\" content=\"summary_large_image\" \/>\n<meta name=\"twitter:creator\" content=\"@aliciablancoar\" \/>\n<meta name=\"twitter:site\" content=\"@PressenzaIPA\" \/>\n<meta name=\"twitter:label1\" content=\"Escrito por\" \/>\n\t<meta name=\"twitter:data1\" content=\"Alicia Blanco\" \/>\n\t<meta name=\"twitter:label2\" content=\"Tiempo de lectura\" \/>\n\t<meta name=\"twitter:data2\" content=\"5 minutos\" \/>\n<script type=\"application\/ld+json\" class=\"yoast-schema-graph\">{\"@context\":\"https:\/\/schema.org\",\"@graph\":[{\"@type\":\"Article\",\"@id\":\"https:\/\/www.pressenza.com\/es\/2019\/03\/guardias-indigenas-en-el-chaco-no-queremos-mas-ser-silencio\/#article\",\"isPartOf\":{\"@id\":\"https:\/\/www.pressenza.com\/es\/2019\/03\/guardias-indigenas-en-el-chaco-no-queremos-mas-ser-silencio\/\"},\"author\":{\"name\":\"Alicia Blanco\",\"@id\":\"https:\/\/www.pressenza.com\/es\/#\/schema\/person\/cd1c733ed7825bc0f36b165c74e256a3\"},\"headline\":\"Guardias ind\u00edgenas en el Chaco: \u201cNo queremos m\u00e1s ser silencio\u201d\",\"datePublished\":\"2019-03-14T12:38:38+00:00\",\"dateModified\":\"2019-03-14T15:38:20+00:00\",\"mainEntityOfPage\":{\"@id\":\"https:\/\/www.pressenza.com\/es\/2019\/03\/guardias-indigenas-en-el-chaco-no-queremos-mas-ser-silencio\/\"},\"wordCount\":1059,\"publisher\":{\"@id\":\"https:\/\/www.pressenza.com\/es\/#organization\"},\"image\":{\"@id\":\"https:\/\/www.pressenza.com\/es\/2019\/03\/guardias-indigenas-en-el-chaco-no-queremos-mas-ser-silencio\/#primaryimage\"},\"thumbnailUrl\":\"https:\/\/www.pressenza.com\/wp-content\/uploads\/2019\/03\/Guardia-Whasek2.jpg\",\"keywords\":[\"Argentina\",\"Chaco\",\"Guardia Comunitaria Ind\u00edgena\",\"indigenas\",\"Pueblos Originarios\",\"Qom\",\"silencio\",\"territorios\",\"Whasek\",\"wich\u00ed\"],\"articleSection\":[\"Contenido Original\",\"Derechos Humanos\",\"Pueblos Originarios\",\"Sudam\u00e9rica\"],\"inLanguage\":\"es\"},{\"@type\":\"WebPage\",\"@id\":\"https:\/\/www.pressenza.com\/es\/2019\/03\/guardias-indigenas-en-el-chaco-no-queremos-mas-ser-silencio\/\",\"url\":\"https:\/\/www.pressenza.com\/es\/2019\/03\/guardias-indigenas-en-el-chaco-no-queremos-mas-ser-silencio\/\",\"name\":\"Guardias ind\u00edgenas en el Chaco: \u201cNo queremos m\u00e1s ser silencio\u201d\",\"isPartOf\":{\"@id\":\"https:\/\/www.pressenza.com\/es\/#website\"},\"primaryImageOfPage\":{\"@id\":\"https:\/\/www.pressenza.com\/es\/2019\/03\/guardias-indigenas-en-el-chaco-no-queremos-mas-ser-silencio\/#primaryimage\"},\"image\":{\"@id\":\"https:\/\/www.pressenza.com\/es\/2019\/03\/guardias-indigenas-en-el-chaco-no-queremos-mas-ser-silencio\/#primaryimage\"},\"thumbnailUrl\":\"https:\/\/www.pressenza.com\/wp-content\/uploads\/2019\/03\/Guardia-Whasek2.jpg\",\"datePublished\":\"2019-03-14T12:38:38+00:00\",\"dateModified\":\"2019-03-14T15:38:20+00:00\",\"description\":\"A fines de enero comenz\u00f3 a circular por redes sociales un comunicado que anunciaba: \u201c\u2026Por orden de nuestros m\u00e1s principal, nuestros caciques los m\u00e1s\",\"breadcrumb\":{\"@id\":\"https:\/\/www.pressenza.com\/es\/2019\/03\/guardias-indigenas-en-el-chaco-no-queremos-mas-ser-silencio\/#breadcrumb\"},\"inLanguage\":\"es\",\"potentialAction\":[{\"@type\":\"ReadAction\",\"target\":[\"https:\/\/www.pressenza.com\/es\/2019\/03\/guardias-indigenas-en-el-chaco-no-queremos-mas-ser-silencio\/\"]}]},{\"@type\":\"ImageObject\",\"inLanguage\":\"es\",\"@id\":\"https:\/\/www.pressenza.com\/es\/2019\/03\/guardias-indigenas-en-el-chaco-no-queremos-mas-ser-silencio\/#primaryimage\",\"url\":\"https:\/\/www.pressenza.com\/wp-content\/uploads\/2019\/03\/Guardia-Whasek2.jpg\",\"contentUrl\":\"https:\/\/www.pressenza.com\/wp-content\/uploads\/2019\/03\/Guardia-Whasek2.jpg\",\"width\":960,\"height\":540},{\"@type\":\"BreadcrumbList\",\"@id\":\"https:\/\/www.pressenza.com\/es\/2019\/03\/guardias-indigenas-en-el-chaco-no-queremos-mas-ser-silencio\/#breadcrumb\",\"itemListElement\":[{\"@type\":\"ListItem\",\"position\":1,\"name\":\"Accueil\",\"item\":\"https:\/\/www.pressenza.com\/es\/\"},{\"@type\":\"ListItem\",\"position\":2,\"name\":\"Guardias ind\u00edgenas en el Chaco: \u201cNo queremos m\u00e1s ser silencio\u201d\"}]},{\"@type\":\"WebSite\",\"@id\":\"https:\/\/www.pressenza.com\/es\/#website\",\"url\":\"https:\/\/www.pressenza.com\/es\/\",\"name\":\"Pressenza\",\"description\":\"International Press Agency\",\"publisher\":{\"@id\":\"https:\/\/www.pressenza.com\/es\/#organization\"},\"potentialAction\":[{\"@type\":\"SearchAction\",\"target\":{\"@type\":\"EntryPoint\",\"urlTemplate\":\"https:\/\/www.pressenza.com\/es\/?s={search_term_string}\"},\"query-input\":{\"@type\":\"PropertyValueSpecification\",\"valueRequired\":true,\"valueName\":\"search_term_string\"}}],\"inLanguage\":\"es\"},{\"@type\":\"Organization\",\"@id\":\"https:\/\/www.pressenza.com\/es\/#organization\",\"name\":\"Pressenza\",\"url\":\"https:\/\/www.pressenza.com\/es\/\",\"logo\":{\"@type\":\"ImageObject\",\"inLanguage\":\"es\",\"@id\":\"https:\/\/www.pressenza.com\/es\/#\/schema\/logo\/image\/\",\"url\":\"https:\/\/www.pressenza.com\/wp-content\/uploads\/2022\/10\/pressenza_logo_200x200.jpg\",\"contentUrl\":\"https:\/\/www.pressenza.com\/wp-content\/uploads\/2022\/10\/pressenza_logo_200x200.jpg\",\"width\":200,\"height\":200,\"caption\":\"Pressenza\"},\"image\":{\"@id\":\"https:\/\/www.pressenza.com\/es\/#\/schema\/logo\/image\/\"},\"sameAs\":[\"https:\/\/www.facebook.com\/PressenzaItalia\",\"https:\/\/x.com\/PressenzaIPA\"]},{\"@type\":\"Person\",\"@id\":\"https:\/\/www.pressenza.com\/es\/#\/schema\/person\/cd1c733ed7825bc0f36b165c74e256a3\",\"name\":\"Alicia Blanco\",\"description\":\"Humanista, co-directora de Pressenza.\",\"sameAs\":[\"Alicia Blanco\",\"https:\/\/x.com\/aliciablancoar\"],\"url\":\"https:\/\/www.pressenza.com\/es\/author\/alicia-blanco\/\"}]}<\/script>\n<!-- \/ Yoast SEO plugin. -->","yoast_head_json":{"title":"Guardias ind\u00edgenas en el Chaco: \u201cNo queremos m\u00e1s ser silencio\u201d","description":"A fines de enero comenz\u00f3 a circular por redes sociales un comunicado que anunciaba: \u201c\u2026Por orden de nuestros m\u00e1s principal, nuestros caciques los m\u00e1s","robots":{"index":"index","follow":"follow","max-snippet":"max-snippet:-1","max-image-preview":"max-image-preview:large","max-video-preview":"max-video-preview:-1"},"canonical":"https:\/\/www.pressenza.com\/es\/2019\/03\/guardias-indigenas-en-el-chaco-no-queremos-mas-ser-silencio\/","og_locale":"es_ES","og_type":"article","og_title":"Guardias ind\u00edgenas en el Chaco: \u201cNo queremos m\u00e1s ser silencio\u201d","og_description":"A fines de enero comenz\u00f3 a circular por redes sociales un comunicado que anunciaba: \u201c\u2026Por orden de nuestros m\u00e1s principal, nuestros caciques los m\u00e1s","og_url":"https:\/\/www.pressenza.com\/es\/2019\/03\/guardias-indigenas-en-el-chaco-no-queremos-mas-ser-silencio\/","og_site_name":"Pressenza","article_publisher":"https:\/\/www.facebook.com\/PressenzaItalia","article_author":"Alicia Blanco","article_published_time":"2019-03-14T12:38:38+00:00","article_modified_time":"2019-03-14T15:38:20+00:00","og_image":[{"width":960,"height":540,"url":"https:\/\/www.pressenza.com\/wp-content\/uploads\/2019\/03\/Guardia-Whasek2.jpg","type":"image\/jpeg"}],"author":"Alicia Blanco","twitter_card":"summary_large_image","twitter_creator":"@aliciablancoar","twitter_site":"@PressenzaIPA","twitter_misc":{"Escrito por":"Alicia Blanco","Tiempo de lectura":"5 minutos"},"schema":{"@context":"https:\/\/schema.org","@graph":[{"@type":"Article","@id":"https:\/\/www.pressenza.com\/es\/2019\/03\/guardias-indigenas-en-el-chaco-no-queremos-mas-ser-silencio\/#article","isPartOf":{"@id":"https:\/\/www.pressenza.com\/es\/2019\/03\/guardias-indigenas-en-el-chaco-no-queremos-mas-ser-silencio\/"},"author":{"name":"Alicia Blanco","@id":"https:\/\/www.pressenza.com\/es\/#\/schema\/person\/cd1c733ed7825bc0f36b165c74e256a3"},"headline":"Guardias ind\u00edgenas en el Chaco: \u201cNo queremos m\u00e1s ser silencio\u201d","datePublished":"2019-03-14T12:38:38+00:00","dateModified":"2019-03-14T15:38:20+00:00","mainEntityOfPage":{"@id":"https:\/\/www.pressenza.com\/es\/2019\/03\/guardias-indigenas-en-el-chaco-no-queremos-mas-ser-silencio\/"},"wordCount":1059,"publisher":{"@id":"https:\/\/www.pressenza.com\/es\/#organization"},"image":{"@id":"https:\/\/www.pressenza.com\/es\/2019\/03\/guardias-indigenas-en-el-chaco-no-queremos-mas-ser-silencio\/#primaryimage"},"thumbnailUrl":"https:\/\/www.pressenza.com\/wp-content\/uploads\/2019\/03\/Guardia-Whasek2.jpg","keywords":["Argentina","Chaco","Guardia Comunitaria Ind\u00edgena","indigenas","Pueblos Originarios","Qom","silencio","territorios","Whasek","wich\u00ed"],"articleSection":["Contenido Original","Derechos Humanos","Pueblos Originarios","Sudam\u00e9rica"],"inLanguage":"es"},{"@type":"WebPage","@id":"https:\/\/www.pressenza.com\/es\/2019\/03\/guardias-indigenas-en-el-chaco-no-queremos-mas-ser-silencio\/","url":"https:\/\/www.pressenza.com\/es\/2019\/03\/guardias-indigenas-en-el-chaco-no-queremos-mas-ser-silencio\/","name":"Guardias ind\u00edgenas en el Chaco: \u201cNo queremos m\u00e1s ser silencio\u201d","isPartOf":{"@id":"https:\/\/www.pressenza.com\/es\/#website"},"primaryImageOfPage":{"@id":"https:\/\/www.pressenza.com\/es\/2019\/03\/guardias-indigenas-en-el-chaco-no-queremos-mas-ser-silencio\/#primaryimage"},"image":{"@id":"https:\/\/www.pressenza.com\/es\/2019\/03\/guardias-indigenas-en-el-chaco-no-queremos-mas-ser-silencio\/#primaryimage"},"thumbnailUrl":"https:\/\/www.pressenza.com\/wp-content\/uploads\/2019\/03\/Guardia-Whasek2.jpg","datePublished":"2019-03-14T12:38:38+00:00","dateModified":"2019-03-14T15:38:20+00:00","description":"A fines de enero comenz\u00f3 a circular por redes sociales un comunicado que anunciaba: \u201c\u2026Por orden de nuestros m\u00e1s principal, nuestros caciques los m\u00e1s","breadcrumb":{"@id":"https:\/\/www.pressenza.com\/es\/2019\/03\/guardias-indigenas-en-el-chaco-no-queremos-mas-ser-silencio\/#breadcrumb"},"inLanguage":"es","potentialAction":[{"@type":"ReadAction","target":["https:\/\/www.pressenza.com\/es\/2019\/03\/guardias-indigenas-en-el-chaco-no-queremos-mas-ser-silencio\/"]}]},{"@type":"ImageObject","inLanguage":"es","@id":"https:\/\/www.pressenza.com\/es\/2019\/03\/guardias-indigenas-en-el-chaco-no-queremos-mas-ser-silencio\/#primaryimage","url":"https:\/\/www.pressenza.com\/wp-content\/uploads\/2019\/03\/Guardia-Whasek2.jpg","contentUrl":"https:\/\/www.pressenza.com\/wp-content\/uploads\/2019\/03\/Guardia-Whasek2.jpg","width":960,"height":540},{"@type":"BreadcrumbList","@id":"https:\/\/www.pressenza.com\/es\/2019\/03\/guardias-indigenas-en-el-chaco-no-queremos-mas-ser-silencio\/#breadcrumb","itemListElement":[{"@type":"ListItem","position":1,"name":"Accueil","item":"https:\/\/www.pressenza.com\/es\/"},{"@type":"ListItem","position":2,"name":"Guardias ind\u00edgenas en el Chaco: \u201cNo queremos m\u00e1s ser silencio\u201d"}]},{"@type":"WebSite","@id":"https:\/\/www.pressenza.com\/es\/#website","url":"https:\/\/www.pressenza.com\/es\/","name":"Pressenza","description":"International Press Agency","publisher":{"@id":"https:\/\/www.pressenza.com\/es\/#organization"},"potentialAction":[{"@type":"SearchAction","target":{"@type":"EntryPoint","urlTemplate":"https:\/\/www.pressenza.com\/es\/?s={search_term_string}"},"query-input":{"@type":"PropertyValueSpecification","valueRequired":true,"valueName":"search_term_string"}}],"inLanguage":"es"},{"@type":"Organization","@id":"https:\/\/www.pressenza.com\/es\/#organization","name":"Pressenza","url":"https:\/\/www.pressenza.com\/es\/","logo":{"@type":"ImageObject","inLanguage":"es","@id":"https:\/\/www.pressenza.com\/es\/#\/schema\/logo\/image\/","url":"https:\/\/www.pressenza.com\/wp-content\/uploads\/2022\/10\/pressenza_logo_200x200.jpg","contentUrl":"https:\/\/www.pressenza.com\/wp-content\/uploads\/2022\/10\/pressenza_logo_200x200.jpg","width":200,"height":200,"caption":"Pressenza"},"image":{"@id":"https:\/\/www.pressenza.com\/es\/#\/schema\/logo\/image\/"},"sameAs":["https:\/\/www.facebook.com\/PressenzaItalia","https:\/\/x.com\/PressenzaIPA"]},{"@type":"Person","@id":"https:\/\/www.pressenza.com\/es\/#\/schema\/person\/cd1c733ed7825bc0f36b165c74e256a3","name":"Alicia Blanco","description":"Humanista, co-directora de Pressenza.","sameAs":["Alicia Blanco","https:\/\/x.com\/aliciablancoar"],"url":"https:\/\/www.pressenza.com\/es\/author\/alicia-blanco\/"}]}},"place":"Mar del Plata, Argentina","original_article_url":"","_links":{"self":[{"href":"https:\/\/www.pressenza.com\/es\/wp-json\/wp\/v2\/posts\/823186","targetHints":{"allow":["GET"]}}],"collection":[{"href":"https:\/\/www.pressenza.com\/es\/wp-json\/wp\/v2\/posts"}],"about":[{"href":"https:\/\/www.pressenza.com\/es\/wp-json\/wp\/v2\/types\/post"}],"author":[{"embeddable":true,"href":"https:\/\/www.pressenza.com\/es\/wp-json\/wp\/v2\/users\/1187"}],"replies":[{"embeddable":true,"href":"https:\/\/www.pressenza.com\/es\/wp-json\/wp\/v2\/comments?post=823186"}],"version-history":[{"count":0,"href":"https:\/\/www.pressenza.com\/es\/wp-json\/wp\/v2\/posts\/823186\/revisions"}],"wp:featuredmedia":[{"embeddable":true,"href":"https:\/\/www.pressenza.com\/es\/wp-json\/wp\/v2\/media\/823211"}],"wp:attachment":[{"href":"https:\/\/www.pressenza.com\/es\/wp-json\/wp\/v2\/media?parent=823186"}],"wp:term":[{"taxonomy":"category","embeddable":true,"href":"https:\/\/www.pressenza.com\/es\/wp-json\/wp\/v2\/categories?post=823186"},{"taxonomy":"post_tag","embeddable":true,"href":"https:\/\/www.pressenza.com\/es\/wp-json\/wp\/v2\/tags?post=823186"}],"curies":[{"name":"wp","href":"https:\/\/api.w.org\/{rel}","templated":true}]}}