{"id":82273,"date":"2013-12-23T10:31:49","date_gmt":"2013-12-23T10:31:49","guid":{"rendered":"http:\/\/www.pressenza.com\/?p=82273"},"modified":"2013-12-23T12:50:54","modified_gmt":"2013-12-23T12:50:54","slug":"adios-electricidad-luz-y-calefaccion","status":"publish","type":"post","link":"https:\/\/www.pressenza.com\/es\/2013\/12\/adios-electricidad-luz-y-calefaccion\/","title":{"rendered":"Adi\u00f3s electricidad, luz y calefacci\u00f3n"},"content":{"rendered":"<p>Nuestra pobreza es invisible. Si en estas fechas no se encendiera el alumbrado navide\u00f1o porque la administraci\u00f3n no pudiese pagar la tarifa de la electricidad, ver\u00edamos la noticia en las portadas de los peri\u00f3dicos, en la apertura de los informativos en televisi\u00f3n. Todos pondr\u00edamos el grito en el cielo. Si, en cambio, en mi casa no puedo encender la luz, poner el radiador o la lavadora parece ser que esto no importa. Aunque tal situaci\u00f3n afecte ya a un 10% de los hogares del Estado, unos cuatro millones de personas. Lo que no se ve, no cuenta.<\/p>\n<p>La pobreza, hoy por hoy, ya no solo implica no tener trabajo, no llegar a fin de mes, no poder pagar la hipoteca o el alquiler sino, tambi\u00e9n, no poder prender la luz, tomar una ducha o encender la calefacci\u00f3n. Es lo que se llama pobreza energ\u00e9tica. Y seg\u00fan la Asociaci\u00f3n de Ciencias Ambientales, sus consecuencias son: m\u00e1s problemas de salud, peor calidad de vida y muertes. \u201cSe estima que la pobreza energ\u00e9tica es responsable en Espa\u00f1a de entre 2.300 y 9.300 muertes prematuras\u201d, afirma la asociaci\u00f3n. Defunciones que, todo indica, no cuentan.<\/p>\n<p>Y no cuentan porque ante una situaci\u00f3n de emergencia social, como la descrita, vemos que el precio de la electricidad no hace sino aumentar. As\u00ed se ha anunciado este jueves: el recibo de la luz subir\u00e1 en enero un 11,5%. El Gobierno, una vez m\u00e1s, agacha la cabeza ante las empresas el\u00e9ctricas, anteponiendo los intereses econ\u00f3micos de estas a las necesidades b\u00e1sicas de las personas como no pasar fr\u00edo en invierno, cocinar o encender la luz. La usura del capital no sabe de principios ni tiene moral.<\/p>\n<p>En los \u00faltimos diez a\u00f1os, el recibo de la luz se ha encarecido un 78% y el precio del kW un 119%, seg\u00fan datos de FACUA, \u201cgracias\u201d a las pol\u00edticas de liberalizaci\u00f3n del mercado llevadas a cabo tanto por el gobierno del Partido Popular como del PSOE. El oligopolio de las el\u00e9ctricas es, en definitiva, quien dicta las Leyes del sector, y as\u00ed nos va. Si no puedes pagar la factura, adi\u00f3s electricidad, adi\u00f3s luz, adi\u00f3s calefacci\u00f3n. No importa si no tienes ingresos. El PP ya rechaz\u00f3, en su momento, una tregua invernal para las familias m\u00e1s desfavorecidas. Me viene ahora la cabeza el eslogan de campa\u00f1a de Mariano Rajoy en las \u00faltimas elecciones: \u201cS\u00famate al cambio\u201d. Entonces, se \u201colvidaron\u201d de explicar en qu\u00e9 consist\u00eda exactamente el cambio. Dudo, de haberlo hecho, que hubiesen ganado.<\/p>\n<p>Si nos quitan el agua, la luz, la electricidad, como a muchos han quitado, tambi\u00e9n, sus casas, no nos quedar\u00e1 otra opci\u00f3n que tomar lo que es nuestro. As\u00ed lo han hecho durante a\u00f1os diversos movimientos sociales en pa\u00edses del Sur reconectando a aquellos a quienes han cortado servicios esenciales. Lo vemos, tambi\u00e9n, ahora aqu\u00ed con la Obra Social de la Plataforma de Afectados por la Hipoteca, ayudando a quienes se han quedado sin hogar, mientras miles de viviendas se encuentra vac\u00edas y en manos de bancos. Unos amigos m\u00edos ya lo han puesto en pr\u00e1ctica y ponen a disposici\u00f3n de quien lo necesite sus \u201cmanualidades\u201d. Les animar\u00e9 a dar un taller, creo que se agotar\u00e1n las plazas.<\/p>\n","protected":false},"excerpt":{"rendered":"<p>Nuestra pobreza es invisible. Si en estas fechas no se encendiera el alumbrado navide\u00f1o porque la administraci\u00f3n no pudiese pagar la tarifa de la electricidad, ver\u00edamos la noticia en las portadas de los peri\u00f3dicos, en la apertura de los informativos&hellip;<\/p>\n","protected":false},"author":895,"featured_media":82280,"comment_status":"closed","ping_status":"open","sticky":false,"template":"","format":"standard","meta":{"footnotes":""},"categories":[78,81,66,161],"tags":[513,355,441,1161,984,512,631],"class_list":["post-82273","post","type-post","status-publish","format-standard","has-post-thumbnail","hentry","category-medio-ambiente-ecologia","category-economia-es","category-europa-es","category-opiniones","tag-austeridad","tag-crisis-es","tag-derechos-humanos","tag-desahucios","tag-indignados-es","tag-recortes","tag-violencia-economica"],"yoast_head":"<!-- This site is optimized with the Yoast SEO plugin v27.1.1 - https:\/\/yoast.com\/product\/yoast-seo-wordpress\/ -->\n<title>Adi\u00f3s electricidad, luz y calefacci\u00f3n<\/title>\n<meta name=\"description\" content=\"Nuestra pobreza es invisible. Si en estas fechas no se encendiera el alumbrado navide\u00f1o porque la administraci\u00f3n no pudiese pagar la tarifa de la\" \/>\n<meta name=\"robots\" content=\"index, follow, max-snippet:-1, max-image-preview:large, max-video-preview:-1\" \/>\n<link rel=\"canonical\" href=\"https:\/\/www.pressenza.com\/es\/2013\/12\/adios-electricidad-luz-y-calefaccion\/\" \/>\n<meta property=\"og:locale\" content=\"es_ES\" \/>\n<meta property=\"og:type\" content=\"article\" \/>\n<meta property=\"og:title\" content=\"Adi\u00f3s electricidad, luz y calefacci\u00f3n\" \/>\n<meta property=\"og:description\" content=\"Nuestra pobreza es invisible. Si en estas fechas no se encendiera el alumbrado navide\u00f1o porque la administraci\u00f3n no pudiese pagar la tarifa de la\" \/>\n<meta property=\"og:url\" content=\"https:\/\/www.pressenza.com\/es\/2013\/12\/adios-electricidad-luz-y-calefaccion\/\" \/>\n<meta property=\"og:site_name\" content=\"Pressenza\" \/>\n<meta property=\"article:publisher\" content=\"https:\/\/www.facebook.com\/PressenzaItalia\" \/>\n<meta property=\"article:published_time\" content=\"2013-12-23T10:31:49+00:00\" \/>\n<meta property=\"article:modified_time\" content=\"2013-12-23T12:50:54+00:00\" \/>\n<meta property=\"og:image\" content=\"https:\/\/www.pressenza.com\/wp-content\/uploads\/2013\/12\/pobreza-energ\u00e9tica.jpg\" \/>\n\t<meta property=\"og:image:width\" content=\"300\" \/>\n\t<meta property=\"og:image:height\" content=\"213\" \/>\n\t<meta property=\"og:image:type\" content=\"image\/jpeg\" \/>\n<meta name=\"author\" content=\"Esther Vivas\" \/>\n<meta name=\"twitter:card\" content=\"summary_large_image\" \/>\n<meta name=\"twitter:creator\" content=\"@PressenzaIPA\" \/>\n<meta name=\"twitter:site\" content=\"@PressenzaIPA\" \/>\n<meta name=\"twitter:label1\" content=\"Escrito por\" \/>\n\t<meta name=\"twitter:data1\" content=\"Esther Vivas\" \/>\n\t<meta name=\"twitter:label2\" content=\"Tiempo de lectura\" \/>\n\t<meta name=\"twitter:data2\" content=\"3 minutos\" \/>\n<script type=\"application\/ld+json\" class=\"yoast-schema-graph\">{\"@context\":\"https:\/\/schema.org\",\"@graph\":[{\"@type\":\"Article\",\"@id\":\"https:\/\/www.pressenza.com\/es\/2013\/12\/adios-electricidad-luz-y-calefaccion\/#article\",\"isPartOf\":{\"@id\":\"https:\/\/www.pressenza.com\/es\/2013\/12\/adios-electricidad-luz-y-calefaccion\/\"},\"author\":{\"name\":\"Esther Vivas\",\"@id\":\"https:\/\/www.pressenza.com\/es\/#\/schema\/person\/3e97417b680c48cd8fb0cbd3d60ce87e\"},\"headline\":\"Adi\u00f3s electricidad, luz y calefacci\u00f3n\",\"datePublished\":\"2013-12-23T10:31:49+00:00\",\"dateModified\":\"2013-12-23T12:50:54+00:00\",\"mainEntityOfPage\":{\"@id\":\"https:\/\/www.pressenza.com\/es\/2013\/12\/adios-electricidad-luz-y-calefaccion\/\"},\"wordCount\":576,\"publisher\":{\"@id\":\"https:\/\/www.pressenza.com\/es\/#organization\"},\"image\":{\"@id\":\"https:\/\/www.pressenza.com\/es\/2013\/12\/adios-electricidad-luz-y-calefaccion\/#primaryimage\"},\"thumbnailUrl\":\"https:\/\/www.pressenza.com\/wp-content\/uploads\/2013\/12\/pobreza-energ\u00e9tica.jpg\",\"keywords\":[\"austeridad\",\"crisis\",\"Derechos humanos\",\"desahucios\",\"indignados\",\"recortes\",\"Violencia econ\u00f3mica\"],\"articleSection\":[\"Ecolog\u00eda y Medio Ambiente\",\"Econom\u00eda\",\"Europa\",\"Opiniones\"],\"inLanguage\":\"es\"},{\"@type\":\"WebPage\",\"@id\":\"https:\/\/www.pressenza.com\/es\/2013\/12\/adios-electricidad-luz-y-calefaccion\/\",\"url\":\"https:\/\/www.pressenza.com\/es\/2013\/12\/adios-electricidad-luz-y-calefaccion\/\",\"name\":\"Adi\u00f3s electricidad, luz y calefacci\u00f3n\",\"isPartOf\":{\"@id\":\"https:\/\/www.pressenza.com\/es\/#website\"},\"primaryImageOfPage\":{\"@id\":\"https:\/\/www.pressenza.com\/es\/2013\/12\/adios-electricidad-luz-y-calefaccion\/#primaryimage\"},\"image\":{\"@id\":\"https:\/\/www.pressenza.com\/es\/2013\/12\/adios-electricidad-luz-y-calefaccion\/#primaryimage\"},\"thumbnailUrl\":\"https:\/\/www.pressenza.com\/wp-content\/uploads\/2013\/12\/pobreza-energ\u00e9tica.jpg\",\"datePublished\":\"2013-12-23T10:31:49+00:00\",\"dateModified\":\"2013-12-23T12:50:54+00:00\",\"description\":\"Nuestra pobreza es invisible. Si en estas fechas no se encendiera el alumbrado navide\u00f1o porque la administraci\u00f3n no pudiese pagar la tarifa de la\",\"breadcrumb\":{\"@id\":\"https:\/\/www.pressenza.com\/es\/2013\/12\/adios-electricidad-luz-y-calefaccion\/#breadcrumb\"},\"inLanguage\":\"es\",\"potentialAction\":[{\"@type\":\"ReadAction\",\"target\":[\"https:\/\/www.pressenza.com\/es\/2013\/12\/adios-electricidad-luz-y-calefaccion\/\"]}]},{\"@type\":\"ImageObject\",\"inLanguage\":\"es\",\"@id\":\"https:\/\/www.pressenza.com\/es\/2013\/12\/adios-electricidad-luz-y-calefaccion\/#primaryimage\",\"url\":\"https:\/\/www.pressenza.com\/wp-content\/uploads\/2013\/12\/pobreza-energ\u00e9tica.jpg\",\"contentUrl\":\"https:\/\/www.pressenza.com\/wp-content\/uploads\/2013\/12\/pobreza-energ\u00e9tica.jpg\",\"width\":300,\"height\":213},{\"@type\":\"BreadcrumbList\",\"@id\":\"https:\/\/www.pressenza.com\/es\/2013\/12\/adios-electricidad-luz-y-calefaccion\/#breadcrumb\",\"itemListElement\":[{\"@type\":\"ListItem\",\"position\":1,\"name\":\"Accueil\",\"item\":\"https:\/\/www.pressenza.com\/es\/\"},{\"@type\":\"ListItem\",\"position\":2,\"name\":\"Adi\u00f3s electricidad, luz y calefacci\u00f3n\"}]},{\"@type\":\"WebSite\",\"@id\":\"https:\/\/www.pressenza.com\/es\/#website\",\"url\":\"https:\/\/www.pressenza.com\/es\/\",\"name\":\"Pressenza\",\"description\":\"International Press Agency\",\"publisher\":{\"@id\":\"https:\/\/www.pressenza.com\/es\/#organization\"},\"potentialAction\":[{\"@type\":\"SearchAction\",\"target\":{\"@type\":\"EntryPoint\",\"urlTemplate\":\"https:\/\/www.pressenza.com\/es\/?s={search_term_string}\"},\"query-input\":{\"@type\":\"PropertyValueSpecification\",\"valueRequired\":true,\"valueName\":\"search_term_string\"}}],\"inLanguage\":\"es\"},{\"@type\":\"Organization\",\"@id\":\"https:\/\/www.pressenza.com\/es\/#organization\",\"name\":\"Pressenza\",\"url\":\"https:\/\/www.pressenza.com\/es\/\",\"logo\":{\"@type\":\"ImageObject\",\"inLanguage\":\"es\",\"@id\":\"https:\/\/www.pressenza.com\/es\/#\/schema\/logo\/image\/\",\"url\":\"https:\/\/www.pressenza.com\/wp-content\/uploads\/2022\/10\/pressenza_logo_200x200.jpg\",\"contentUrl\":\"https:\/\/www.pressenza.com\/wp-content\/uploads\/2022\/10\/pressenza_logo_200x200.jpg\",\"width\":200,\"height\":200,\"caption\":\"Pressenza\"},\"image\":{\"@id\":\"https:\/\/www.pressenza.com\/es\/#\/schema\/logo\/image\/\"},\"sameAs\":[\"https:\/\/www.facebook.com\/PressenzaItalia\",\"https:\/\/x.com\/PressenzaIPA\"]},{\"@type\":\"Person\",\"@id\":\"https:\/\/www.pressenza.com\/es\/#\/schema\/person\/3e97417b680c48cd8fb0cbd3d60ce87e\",\"name\":\"Esther Vivas\",\"description\":\"Activista e investigadora en movimientos sociales y pol\u00edticas agr\u00edcolas y alimentarias. Es licenciada en periodismo y m\u00e1ster en sociolog\u00eda. Forma parte del Centro de Estudios sobre Movimientos Sociales (CEMS) en la Universidad Pompeu Fabra. Es autora de varios libros, entre ellos \\\"Planeta indignado. Ocupando el futuro\\\" y \\\"Del campo al plato. Los circuitos de producci\u00f3n y distribuci\u00f3n de alimentos\\\". http:\/\/esthervivas.com\",\"url\":\"https:\/\/www.pressenza.com\/es\/author\/esther-vivas\/\"}]}<\/script>\n<!-- \/ Yoast SEO plugin. -->","yoast_head_json":{"title":"Adi\u00f3s electricidad, luz y calefacci\u00f3n","description":"Nuestra pobreza es invisible. Si en estas fechas no se encendiera el alumbrado navide\u00f1o porque la administraci\u00f3n no pudiese pagar la tarifa de la","robots":{"index":"index","follow":"follow","max-snippet":"max-snippet:-1","max-image-preview":"max-image-preview:large","max-video-preview":"max-video-preview:-1"},"canonical":"https:\/\/www.pressenza.com\/es\/2013\/12\/adios-electricidad-luz-y-calefaccion\/","og_locale":"es_ES","og_type":"article","og_title":"Adi\u00f3s electricidad, luz y calefacci\u00f3n","og_description":"Nuestra pobreza es invisible. Si en estas fechas no se encendiera el alumbrado navide\u00f1o porque la administraci\u00f3n no pudiese pagar la tarifa de la","og_url":"https:\/\/www.pressenza.com\/es\/2013\/12\/adios-electricidad-luz-y-calefaccion\/","og_site_name":"Pressenza","article_publisher":"https:\/\/www.facebook.com\/PressenzaItalia","article_published_time":"2013-12-23T10:31:49+00:00","article_modified_time":"2013-12-23T12:50:54+00:00","og_image":[{"width":300,"height":213,"url":"https:\/\/www.pressenza.com\/wp-content\/uploads\/2013\/12\/pobreza-energ\u00e9tica.jpg","type":"image\/jpeg"}],"author":"Esther Vivas","twitter_card":"summary_large_image","twitter_creator":"@PressenzaIPA","twitter_site":"@PressenzaIPA","twitter_misc":{"Escrito por":"Esther Vivas","Tiempo de lectura":"3 minutos"},"schema":{"@context":"https:\/\/schema.org","@graph":[{"@type":"Article","@id":"https:\/\/www.pressenza.com\/es\/2013\/12\/adios-electricidad-luz-y-calefaccion\/#article","isPartOf":{"@id":"https:\/\/www.pressenza.com\/es\/2013\/12\/adios-electricidad-luz-y-calefaccion\/"},"author":{"name":"Esther Vivas","@id":"https:\/\/www.pressenza.com\/es\/#\/schema\/person\/3e97417b680c48cd8fb0cbd3d60ce87e"},"headline":"Adi\u00f3s electricidad, luz y calefacci\u00f3n","datePublished":"2013-12-23T10:31:49+00:00","dateModified":"2013-12-23T12:50:54+00:00","mainEntityOfPage":{"@id":"https:\/\/www.pressenza.com\/es\/2013\/12\/adios-electricidad-luz-y-calefaccion\/"},"wordCount":576,"publisher":{"@id":"https:\/\/www.pressenza.com\/es\/#organization"},"image":{"@id":"https:\/\/www.pressenza.com\/es\/2013\/12\/adios-electricidad-luz-y-calefaccion\/#primaryimage"},"thumbnailUrl":"https:\/\/www.pressenza.com\/wp-content\/uploads\/2013\/12\/pobreza-energ\u00e9tica.jpg","keywords":["austeridad","crisis","Derechos humanos","desahucios","indignados","recortes","Violencia econ\u00f3mica"],"articleSection":["Ecolog\u00eda y Medio Ambiente","Econom\u00eda","Europa","Opiniones"],"inLanguage":"es"},{"@type":"WebPage","@id":"https:\/\/www.pressenza.com\/es\/2013\/12\/adios-electricidad-luz-y-calefaccion\/","url":"https:\/\/www.pressenza.com\/es\/2013\/12\/adios-electricidad-luz-y-calefaccion\/","name":"Adi\u00f3s electricidad, luz y calefacci\u00f3n","isPartOf":{"@id":"https:\/\/www.pressenza.com\/es\/#website"},"primaryImageOfPage":{"@id":"https:\/\/www.pressenza.com\/es\/2013\/12\/adios-electricidad-luz-y-calefaccion\/#primaryimage"},"image":{"@id":"https:\/\/www.pressenza.com\/es\/2013\/12\/adios-electricidad-luz-y-calefaccion\/#primaryimage"},"thumbnailUrl":"https:\/\/www.pressenza.com\/wp-content\/uploads\/2013\/12\/pobreza-energ\u00e9tica.jpg","datePublished":"2013-12-23T10:31:49+00:00","dateModified":"2013-12-23T12:50:54+00:00","description":"Nuestra pobreza es invisible. Si en estas fechas no se encendiera el alumbrado navide\u00f1o porque la administraci\u00f3n no pudiese pagar la tarifa de la","breadcrumb":{"@id":"https:\/\/www.pressenza.com\/es\/2013\/12\/adios-electricidad-luz-y-calefaccion\/#breadcrumb"},"inLanguage":"es","potentialAction":[{"@type":"ReadAction","target":["https:\/\/www.pressenza.com\/es\/2013\/12\/adios-electricidad-luz-y-calefaccion\/"]}]},{"@type":"ImageObject","inLanguage":"es","@id":"https:\/\/www.pressenza.com\/es\/2013\/12\/adios-electricidad-luz-y-calefaccion\/#primaryimage","url":"https:\/\/www.pressenza.com\/wp-content\/uploads\/2013\/12\/pobreza-energ\u00e9tica.jpg","contentUrl":"https:\/\/www.pressenza.com\/wp-content\/uploads\/2013\/12\/pobreza-energ\u00e9tica.jpg","width":300,"height":213},{"@type":"BreadcrumbList","@id":"https:\/\/www.pressenza.com\/es\/2013\/12\/adios-electricidad-luz-y-calefaccion\/#breadcrumb","itemListElement":[{"@type":"ListItem","position":1,"name":"Accueil","item":"https:\/\/www.pressenza.com\/es\/"},{"@type":"ListItem","position":2,"name":"Adi\u00f3s electricidad, luz y calefacci\u00f3n"}]},{"@type":"WebSite","@id":"https:\/\/www.pressenza.com\/es\/#website","url":"https:\/\/www.pressenza.com\/es\/","name":"Pressenza","description":"International Press Agency","publisher":{"@id":"https:\/\/www.pressenza.com\/es\/#organization"},"potentialAction":[{"@type":"SearchAction","target":{"@type":"EntryPoint","urlTemplate":"https:\/\/www.pressenza.com\/es\/?s={search_term_string}"},"query-input":{"@type":"PropertyValueSpecification","valueRequired":true,"valueName":"search_term_string"}}],"inLanguage":"es"},{"@type":"Organization","@id":"https:\/\/www.pressenza.com\/es\/#organization","name":"Pressenza","url":"https:\/\/www.pressenza.com\/es\/","logo":{"@type":"ImageObject","inLanguage":"es","@id":"https:\/\/www.pressenza.com\/es\/#\/schema\/logo\/image\/","url":"https:\/\/www.pressenza.com\/wp-content\/uploads\/2022\/10\/pressenza_logo_200x200.jpg","contentUrl":"https:\/\/www.pressenza.com\/wp-content\/uploads\/2022\/10\/pressenza_logo_200x200.jpg","width":200,"height":200,"caption":"Pressenza"},"image":{"@id":"https:\/\/www.pressenza.com\/es\/#\/schema\/logo\/image\/"},"sameAs":["https:\/\/www.facebook.com\/PressenzaItalia","https:\/\/x.com\/PressenzaIPA"]},{"@type":"Person","@id":"https:\/\/www.pressenza.com\/es\/#\/schema\/person\/3e97417b680c48cd8fb0cbd3d60ce87e","name":"Esther Vivas","description":"Activista e investigadora en movimientos sociales y pol\u00edticas agr\u00edcolas y alimentarias. Es licenciada en periodismo y m\u00e1ster en sociolog\u00eda. Forma parte del Centro de Estudios sobre Movimientos Sociales (CEMS) en la Universidad Pompeu Fabra. Es autora de varios libros, entre ellos \"Planeta indignado. Ocupando el futuro\" y \"Del campo al plato. Los circuitos de producci\u00f3n y distribuci\u00f3n de alimentos\". http:\/\/esthervivas.com","url":"https:\/\/www.pressenza.com\/es\/author\/esther-vivas\/"}]}},"place":"Barcelona","original_article_url":"","_links":{"self":[{"href":"https:\/\/www.pressenza.com\/es\/wp-json\/wp\/v2\/posts\/82273","targetHints":{"allow":["GET"]}}],"collection":[{"href":"https:\/\/www.pressenza.com\/es\/wp-json\/wp\/v2\/posts"}],"about":[{"href":"https:\/\/www.pressenza.com\/es\/wp-json\/wp\/v2\/types\/post"}],"author":[{"embeddable":true,"href":"https:\/\/www.pressenza.com\/es\/wp-json\/wp\/v2\/users\/895"}],"replies":[{"embeddable":true,"href":"https:\/\/www.pressenza.com\/es\/wp-json\/wp\/v2\/comments?post=82273"}],"version-history":[{"count":0,"href":"https:\/\/www.pressenza.com\/es\/wp-json\/wp\/v2\/posts\/82273\/revisions"}],"wp:featuredmedia":[{"embeddable":true,"href":"https:\/\/www.pressenza.com\/es\/wp-json\/wp\/v2\/media\/82280"}],"wp:attachment":[{"href":"https:\/\/www.pressenza.com\/es\/wp-json\/wp\/v2\/media?parent=82273"}],"wp:term":[{"taxonomy":"category","embeddable":true,"href":"https:\/\/www.pressenza.com\/es\/wp-json\/wp\/v2\/categories?post=82273"},{"taxonomy":"post_tag","embeddable":true,"href":"https:\/\/www.pressenza.com\/es\/wp-json\/wp\/v2\/tags?post=82273"}],"curies":[{"name":"wp","href":"https:\/\/api.w.org\/{rel}","templated":true}]}}