{"id":822340,"date":"2019-03-13T13:18:24","date_gmt":"2019-03-13T13:18:24","guid":{"rendered":"https:\/\/www.pressenza.com\/?p=822340"},"modified":"2019-03-13T13:18:24","modified_gmt":"2019-03-13T13:18:24","slug":"parlamentarios-contra-ciudadanos","status":"publish","type":"post","link":"https:\/\/www.pressenza.com\/es\/2019\/03\/parlamentarios-contra-ciudadanos\/","title":{"rendered":"Parlamentarios contra ciudadanos"},"content":{"rendered":"<p>La encuesta nos dice que la poblaci\u00f3n chilena prefiere, en m\u00e1s de un 80%, la propiedad estatal de los servicios de utilidad p\u00fablica, como el agua, el gas y la luz, al contrario de la preferencia de los parlamentarios, a quienes s\u00f3lo en un 46% los convence la propiedad estatal. Respecto del sistema de pensiones, s\u00f3lo un 39% de los parlamentarios cree que deber\u00eda ser totalmente estatal, cifra que se eleva al 81% en la encuesta a la poblaci\u00f3n. Diferencia similar se presenta tambi\u00e9n respecto de la salud.<\/p>\n<p>Una reciente encuesta de la Universidad Diego Portales (UDP) demuestra, con cifras contundentes, que los parlamentarios se encuentran m\u00e1s cercanos ideol\u00f3gicamente al empresariado que a la ciudadan\u00eda (\u201cCongresistas y opini\u00f3n p\u00fablica; Liberalismo econ\u00f3mico y social\u201d, Criteria \u2013 labcon UDP, marzo 2019). Un nuevo antecedente de la escasa representaci\u00f3n pol\u00edtica del Parlamento en nuestro pa\u00eds.<\/p>\n<p>La encuesta nos dice que la poblaci\u00f3n prefiere, en m\u00e1s de un 80%, la propiedad estatal de los servicios de utilidad p\u00fablica, como el agua, el gas y la luz, al contrario de la preferencia de los parlamentarios, a quienes s\u00f3lo en un 46% los convence la propiedad estatal. Respecto del sistema de pensiones, s\u00f3lo un 39% de los parlamentarios cree que deber\u00eda ser totalmente estatal, cifra que se eleva al 81% en la encuesta a la poblaci\u00f3n. Diferencia similar se presenta tambi\u00e9n respecto de la salud.<\/p>\n<p>La encuesta es oportuna ya que en los primeros d\u00edas de enero se elev\u00f3 la tarifa del Tag, en un porcentaje muy superior a la inflaci\u00f3n. Esto viene sucediendo a\u00f1o tras a\u00f1o, como consecuencia de un Estado que apoya a las empresas por sobre la ciudadan\u00eda. Primero, hace veinte a\u00f1os suscribi\u00f3 p\u00e9simos contratos y, ahora, frente a los reclamos de los usuarios, opta por la indolencia y es incapaz de modificarlos. \u00a0En suma, jugosas ganancias para las empresas concesionadas.<\/p>\n<p>En el mes de marzo hemos sido v\u00edctimas de la imposici\u00f3n de \u201cmedidores inteligentes\u201d de electricidad por parte de ENEL. Aunque esta nueva tecnolog\u00eda es propiedad de la empresa, se obliga a los usuarios a pagarlos con el aumento de las tarifas. Frente al reclamo ciudadano, la empresa dice que s\u00f3lo aplican una ley, aprobada el a\u00f1o pasado. Curiosamente, muchos parlamentarios dicen no haber le\u00eddo la ley que ellos mismos aprobaron, mientras el gobierno anterior se hace el leso y el actual justifica la expoliaci\u00f3n a los clientes. La empresa se embolsar\u00e1, mil millones de d\u00f3lares adicionales por este nuevo abuso contra la familia chilena.<\/p>\n<p>Lo sucedido recientemente con el Tag y los \u201cmedidores inteligentes\u201d, junto a la encuesta de la UDP, ponen de manifiesto el vac\u00edo existente entre lo que desea la ciudadan\u00eda y lo que piensan los parlamentarios chilenos.<\/p>\n<p>Los ciudadanos quieren que terminen los abusos, los que se repiten cotidianamente. Las AFP ofrecen el cielo a los pensionados y los condenan al infierno. Las ISAPRES desprecian a los ancianos y mujeres embarazadas y sus contratos son mentirosos: siempre existe alguna trampa a la hora de pagar en las cl\u00ednicas.<\/p>\n<p>Las empresas telef\u00f3nicas, de agua, gas y electricidad, en poder del sector privado, no cumplen con los contratos, violan la privacidad de nuestros datos, nos acosan ma\u00f1ana, tarde y noche. Sus operadores \u201cexternalizados\u201d nos llaman de distintos pa\u00edses para molestarnos y esquilmarnos. Y, el Estado no nos defiende, coloc\u00e1ndose del lado de las empresas.<\/p>\n<p>Por ello la ciudadan\u00eda est\u00e1 cansada de las ISAPRES, de las AFP y de las empresas privadas que manejan los servicios de utilidad p\u00fablica. Arbitrariedades, nula transparencia y elevadas tarifas que acumulan ganancias en favor de empresas privadas, a costa de usuarios indefensos.<\/p>\n<p>La ciudan\u00eda, seg\u00fan la encuesta de la UDP, busca en el Estado alg\u00fan grado de protecci\u00f3n frente al capitalismo de los abusos que sufrimos. Pero, la mayor\u00eda parlamentaria, en vez de acercarse a esas demandas de la poblaci\u00f3n, se separa de ellas. Prefiere al sector privado para el manejo de los servicios de utilidad p\u00fablica, as\u00ed como para la administraci\u00f3n de la salud y las pensiones. Resulta explicable, entonces, el controvertido pago de campa\u00f1as parlamentarias, as\u00ed como la instalaci\u00f3n de algunos connotados pol\u00edticos en los directorios de grandes empresas.<\/p>\n<p>Es curioso constatar que, en la denominada \u201ceconom\u00eda de mercado\u201d, valorada por la inmensa mayor\u00eda de economistas y pol\u00edticos chilenos, no existe la prescindencia estatal. El Estado, con sus principales instituciones, se ha colocado del lado de los grupos empresariales. Por ello la mayor\u00eda ciudadana no se siente representada por el Parlamento<\/p>\n","protected":false},"excerpt":{"rendered":"<p>La encuesta nos dice que la poblaci\u00f3n chilena prefiere, en m\u00e1s de un 80%, la propiedad estatal de los servicios de utilidad p\u00fablica, como el agua, el gas y la luz, al contrario de la preferencia de los parlamentarios, a&hellip;<\/p>\n","protected":false},"author":1451,"featured_media":822341,"comment_status":"closed","ping_status":"closed","sticky":false,"template":"","format":"standard","meta":{"footnotes":""},"categories":[11389,161,74,67],"tags":[29,24832,21194,35888,56243],"class_list":["post-822340","post","type-post","status-publish","format-standard","has-post-thumbnail","hentry","category-contenido-original","category-opiniones","category-politica-es","category-sudamerica","tag-chile","tag-ciudadanos","tag-congreso","tag-desconfianza","tag-encuesta-udp"],"yoast_head":"<!-- This site is optimized with the Yoast SEO plugin v27.1.1 - https:\/\/yoast.com\/product\/yoast-seo-wordpress\/ -->\n<title>Parlamentarios contra ciudadanos<\/title>\n<meta name=\"description\" content=\"La encuesta nos dice que la poblaci\u00f3n chilena prefiere, en m\u00e1s de un 80%, la propiedad estatal de los servicios de utilidad p\u00fablica, como el agua, el gas\" \/>\n<meta name=\"robots\" content=\"index, follow, max-snippet:-1, max-image-preview:large, max-video-preview:-1\" \/>\n<link rel=\"canonical\" href=\"https:\/\/www.pressenza.com\/es\/2019\/03\/parlamentarios-contra-ciudadanos\/\" \/>\n<meta property=\"og:locale\" content=\"es_ES\" \/>\n<meta property=\"og:type\" content=\"article\" \/>\n<meta property=\"og:title\" content=\"Parlamentarios contra ciudadanos\" \/>\n<meta property=\"og:description\" content=\"La encuesta nos dice que la poblaci\u00f3n chilena prefiere, en m\u00e1s de un 80%, la propiedad estatal de los servicios de utilidad p\u00fablica, como el agua, el gas\" \/>\n<meta property=\"og:url\" content=\"https:\/\/www.pressenza.com\/es\/2019\/03\/parlamentarios-contra-ciudadanos\/\" \/>\n<meta property=\"og:site_name\" content=\"Pressenza\" \/>\n<meta property=\"article:publisher\" content=\"https:\/\/www.facebook.com\/PressenzaItalia\" \/>\n<meta property=\"article:published_time\" content=\"2019-03-13T13:18:24+00:00\" \/>\n<meta property=\"og:image\" content=\"https:\/\/www.pressenza.com\/wp-content\/uploads\/2019\/03\/parlamento.jpg\" \/>\n\t<meta property=\"og:image:width\" content=\"640\" \/>\n\t<meta property=\"og:image:height\" content=\"426\" \/>\n\t<meta property=\"og:image:type\" content=\"image\/jpeg\" \/>\n<meta name=\"author\" content=\"Roberto Pizarro\" \/>\n<meta name=\"twitter:card\" content=\"summary_large_image\" \/>\n<meta name=\"twitter:creator\" content=\"@PressenzaIPA\" \/>\n<meta name=\"twitter:site\" content=\"@PressenzaIPA\" \/>\n<meta name=\"twitter:label1\" content=\"Escrito por\" \/>\n\t<meta name=\"twitter:data1\" content=\"Roberto Pizarro\" \/>\n\t<meta name=\"twitter:label2\" content=\"Tiempo de lectura\" \/>\n\t<meta name=\"twitter:data2\" content=\"4 minutos\" \/>\n<script type=\"application\/ld+json\" class=\"yoast-schema-graph\">{\"@context\":\"https:\/\/schema.org\",\"@graph\":[{\"@type\":\"Article\",\"@id\":\"https:\/\/www.pressenza.com\/es\/2019\/03\/parlamentarios-contra-ciudadanos\/#article\",\"isPartOf\":{\"@id\":\"https:\/\/www.pressenza.com\/es\/2019\/03\/parlamentarios-contra-ciudadanos\/\"},\"author\":{\"name\":\"Roberto Pizarro\",\"@id\":\"https:\/\/www.pressenza.com\/es\/#\/schema\/person\/622524797ea4e3bf162461cbc6b81e29\"},\"headline\":\"Parlamentarios contra ciudadanos\",\"datePublished\":\"2019-03-13T13:18:24+00:00\",\"mainEntityOfPage\":{\"@id\":\"https:\/\/www.pressenza.com\/es\/2019\/03\/parlamentarios-contra-ciudadanos\/\"},\"wordCount\":795,\"publisher\":{\"@id\":\"https:\/\/www.pressenza.com\/es\/#organization\"},\"image\":{\"@id\":\"https:\/\/www.pressenza.com\/es\/2019\/03\/parlamentarios-contra-ciudadanos\/#primaryimage\"},\"thumbnailUrl\":\"https:\/\/www.pressenza.com\/wp-content\/uploads\/2019\/03\/parlamento.jpg\",\"keywords\":[\"Chile\",\"ciudadanos\",\"Congreso\",\"desconfianza\",\"encuesta UDP\"],\"articleSection\":[\"Contenido Original\",\"Opiniones\",\"Pol\u00edtica\",\"Sudam\u00e9rica\"],\"inLanguage\":\"es\"},{\"@type\":\"WebPage\",\"@id\":\"https:\/\/www.pressenza.com\/es\/2019\/03\/parlamentarios-contra-ciudadanos\/\",\"url\":\"https:\/\/www.pressenza.com\/es\/2019\/03\/parlamentarios-contra-ciudadanos\/\",\"name\":\"Parlamentarios contra ciudadanos\",\"isPartOf\":{\"@id\":\"https:\/\/www.pressenza.com\/es\/#website\"},\"primaryImageOfPage\":{\"@id\":\"https:\/\/www.pressenza.com\/es\/2019\/03\/parlamentarios-contra-ciudadanos\/#primaryimage\"},\"image\":{\"@id\":\"https:\/\/www.pressenza.com\/es\/2019\/03\/parlamentarios-contra-ciudadanos\/#primaryimage\"},\"thumbnailUrl\":\"https:\/\/www.pressenza.com\/wp-content\/uploads\/2019\/03\/parlamento.jpg\",\"datePublished\":\"2019-03-13T13:18:24+00:00\",\"description\":\"La encuesta nos dice que la poblaci\u00f3n chilena prefiere, en m\u00e1s de un 80%, la propiedad estatal de los servicios de utilidad p\u00fablica, como el agua, el gas\",\"breadcrumb\":{\"@id\":\"https:\/\/www.pressenza.com\/es\/2019\/03\/parlamentarios-contra-ciudadanos\/#breadcrumb\"},\"inLanguage\":\"es\",\"potentialAction\":[{\"@type\":\"ReadAction\",\"target\":[\"https:\/\/www.pressenza.com\/es\/2019\/03\/parlamentarios-contra-ciudadanos\/\"]}]},{\"@type\":\"ImageObject\",\"inLanguage\":\"es\",\"@id\":\"https:\/\/www.pressenza.com\/es\/2019\/03\/parlamentarios-contra-ciudadanos\/#primaryimage\",\"url\":\"https:\/\/www.pressenza.com\/wp-content\/uploads\/2019\/03\/parlamento.jpg\",\"contentUrl\":\"https:\/\/www.pressenza.com\/wp-content\/uploads\/2019\/03\/parlamento.jpg\",\"width\":640,\"height\":426},{\"@type\":\"BreadcrumbList\",\"@id\":\"https:\/\/www.pressenza.com\/es\/2019\/03\/parlamentarios-contra-ciudadanos\/#breadcrumb\",\"itemListElement\":[{\"@type\":\"ListItem\",\"position\":1,\"name\":\"Accueil\",\"item\":\"https:\/\/www.pressenza.com\/es\/\"},{\"@type\":\"ListItem\",\"position\":2,\"name\":\"Parlamentarios contra ciudadanos\"}]},{\"@type\":\"WebSite\",\"@id\":\"https:\/\/www.pressenza.com\/es\/#website\",\"url\":\"https:\/\/www.pressenza.com\/es\/\",\"name\":\"Pressenza\",\"description\":\"International Press Agency\",\"publisher\":{\"@id\":\"https:\/\/www.pressenza.com\/es\/#organization\"},\"potentialAction\":[{\"@type\":\"SearchAction\",\"target\":{\"@type\":\"EntryPoint\",\"urlTemplate\":\"https:\/\/www.pressenza.com\/es\/?s={search_term_string}\"},\"query-input\":{\"@type\":\"PropertyValueSpecification\",\"valueRequired\":true,\"valueName\":\"search_term_string\"}}],\"inLanguage\":\"es\"},{\"@type\":\"Organization\",\"@id\":\"https:\/\/www.pressenza.com\/es\/#organization\",\"name\":\"Pressenza\",\"url\":\"https:\/\/www.pressenza.com\/es\/\",\"logo\":{\"@type\":\"ImageObject\",\"inLanguage\":\"es\",\"@id\":\"https:\/\/www.pressenza.com\/es\/#\/schema\/logo\/image\/\",\"url\":\"https:\/\/www.pressenza.com\/wp-content\/uploads\/2022\/10\/pressenza_logo_200x200.jpg\",\"contentUrl\":\"https:\/\/www.pressenza.com\/wp-content\/uploads\/2022\/10\/pressenza_logo_200x200.jpg\",\"width\":200,\"height\":200,\"caption\":\"Pressenza\"},\"image\":{\"@id\":\"https:\/\/www.pressenza.com\/es\/#\/schema\/logo\/image\/\"},\"sameAs\":[\"https:\/\/www.facebook.com\/PressenzaItalia\",\"https:\/\/x.com\/PressenzaIPA\"]},{\"@type\":\"Person\",\"@id\":\"https:\/\/www.pressenza.com\/es\/#\/schema\/person\/622524797ea4e3bf162461cbc6b81e29\",\"name\":\"Roberto Pizarro\",\"url\":\"https:\/\/www.pressenza.com\/es\/author\/roberto-pizarro\/\"}]}<\/script>\n<!-- \/ Yoast SEO plugin. -->","yoast_head_json":{"title":"Parlamentarios contra ciudadanos","description":"La encuesta nos dice que la poblaci\u00f3n chilena prefiere, en m\u00e1s de un 80%, la propiedad estatal de los servicios de utilidad p\u00fablica, como el agua, el gas","robots":{"index":"index","follow":"follow","max-snippet":"max-snippet:-1","max-image-preview":"max-image-preview:large","max-video-preview":"max-video-preview:-1"},"canonical":"https:\/\/www.pressenza.com\/es\/2019\/03\/parlamentarios-contra-ciudadanos\/","og_locale":"es_ES","og_type":"article","og_title":"Parlamentarios contra ciudadanos","og_description":"La encuesta nos dice que la poblaci\u00f3n chilena prefiere, en m\u00e1s de un 80%, la propiedad estatal de los servicios de utilidad p\u00fablica, como el agua, el gas","og_url":"https:\/\/www.pressenza.com\/es\/2019\/03\/parlamentarios-contra-ciudadanos\/","og_site_name":"Pressenza","article_publisher":"https:\/\/www.facebook.com\/PressenzaItalia","article_published_time":"2019-03-13T13:18:24+00:00","og_image":[{"width":640,"height":426,"url":"https:\/\/www.pressenza.com\/wp-content\/uploads\/2019\/03\/parlamento.jpg","type":"image\/jpeg"}],"author":"Roberto Pizarro","twitter_card":"summary_large_image","twitter_creator":"@PressenzaIPA","twitter_site":"@PressenzaIPA","twitter_misc":{"Escrito por":"Roberto Pizarro","Tiempo de lectura":"4 minutos"},"schema":{"@context":"https:\/\/schema.org","@graph":[{"@type":"Article","@id":"https:\/\/www.pressenza.com\/es\/2019\/03\/parlamentarios-contra-ciudadanos\/#article","isPartOf":{"@id":"https:\/\/www.pressenza.com\/es\/2019\/03\/parlamentarios-contra-ciudadanos\/"},"author":{"name":"Roberto Pizarro","@id":"https:\/\/www.pressenza.com\/es\/#\/schema\/person\/622524797ea4e3bf162461cbc6b81e29"},"headline":"Parlamentarios contra ciudadanos","datePublished":"2019-03-13T13:18:24+00:00","mainEntityOfPage":{"@id":"https:\/\/www.pressenza.com\/es\/2019\/03\/parlamentarios-contra-ciudadanos\/"},"wordCount":795,"publisher":{"@id":"https:\/\/www.pressenza.com\/es\/#organization"},"image":{"@id":"https:\/\/www.pressenza.com\/es\/2019\/03\/parlamentarios-contra-ciudadanos\/#primaryimage"},"thumbnailUrl":"https:\/\/www.pressenza.com\/wp-content\/uploads\/2019\/03\/parlamento.jpg","keywords":["Chile","ciudadanos","Congreso","desconfianza","encuesta UDP"],"articleSection":["Contenido Original","Opiniones","Pol\u00edtica","Sudam\u00e9rica"],"inLanguage":"es"},{"@type":"WebPage","@id":"https:\/\/www.pressenza.com\/es\/2019\/03\/parlamentarios-contra-ciudadanos\/","url":"https:\/\/www.pressenza.com\/es\/2019\/03\/parlamentarios-contra-ciudadanos\/","name":"Parlamentarios contra ciudadanos","isPartOf":{"@id":"https:\/\/www.pressenza.com\/es\/#website"},"primaryImageOfPage":{"@id":"https:\/\/www.pressenza.com\/es\/2019\/03\/parlamentarios-contra-ciudadanos\/#primaryimage"},"image":{"@id":"https:\/\/www.pressenza.com\/es\/2019\/03\/parlamentarios-contra-ciudadanos\/#primaryimage"},"thumbnailUrl":"https:\/\/www.pressenza.com\/wp-content\/uploads\/2019\/03\/parlamento.jpg","datePublished":"2019-03-13T13:18:24+00:00","description":"La encuesta nos dice que la poblaci\u00f3n chilena prefiere, en m\u00e1s de un 80%, la propiedad estatal de los servicios de utilidad p\u00fablica, como el agua, el gas","breadcrumb":{"@id":"https:\/\/www.pressenza.com\/es\/2019\/03\/parlamentarios-contra-ciudadanos\/#breadcrumb"},"inLanguage":"es","potentialAction":[{"@type":"ReadAction","target":["https:\/\/www.pressenza.com\/es\/2019\/03\/parlamentarios-contra-ciudadanos\/"]}]},{"@type":"ImageObject","inLanguage":"es","@id":"https:\/\/www.pressenza.com\/es\/2019\/03\/parlamentarios-contra-ciudadanos\/#primaryimage","url":"https:\/\/www.pressenza.com\/wp-content\/uploads\/2019\/03\/parlamento.jpg","contentUrl":"https:\/\/www.pressenza.com\/wp-content\/uploads\/2019\/03\/parlamento.jpg","width":640,"height":426},{"@type":"BreadcrumbList","@id":"https:\/\/www.pressenza.com\/es\/2019\/03\/parlamentarios-contra-ciudadanos\/#breadcrumb","itemListElement":[{"@type":"ListItem","position":1,"name":"Accueil","item":"https:\/\/www.pressenza.com\/es\/"},{"@type":"ListItem","position":2,"name":"Parlamentarios contra ciudadanos"}]},{"@type":"WebSite","@id":"https:\/\/www.pressenza.com\/es\/#website","url":"https:\/\/www.pressenza.com\/es\/","name":"Pressenza","description":"International Press Agency","publisher":{"@id":"https:\/\/www.pressenza.com\/es\/#organization"},"potentialAction":[{"@type":"SearchAction","target":{"@type":"EntryPoint","urlTemplate":"https:\/\/www.pressenza.com\/es\/?s={search_term_string}"},"query-input":{"@type":"PropertyValueSpecification","valueRequired":true,"valueName":"search_term_string"}}],"inLanguage":"es"},{"@type":"Organization","@id":"https:\/\/www.pressenza.com\/es\/#organization","name":"Pressenza","url":"https:\/\/www.pressenza.com\/es\/","logo":{"@type":"ImageObject","inLanguage":"es","@id":"https:\/\/www.pressenza.com\/es\/#\/schema\/logo\/image\/","url":"https:\/\/www.pressenza.com\/wp-content\/uploads\/2022\/10\/pressenza_logo_200x200.jpg","contentUrl":"https:\/\/www.pressenza.com\/wp-content\/uploads\/2022\/10\/pressenza_logo_200x200.jpg","width":200,"height":200,"caption":"Pressenza"},"image":{"@id":"https:\/\/www.pressenza.com\/es\/#\/schema\/logo\/image\/"},"sameAs":["https:\/\/www.facebook.com\/PressenzaItalia","https:\/\/x.com\/PressenzaIPA"]},{"@type":"Person","@id":"https:\/\/www.pressenza.com\/es\/#\/schema\/person\/622524797ea4e3bf162461cbc6b81e29","name":"Roberto Pizarro","url":"https:\/\/www.pressenza.com\/es\/author\/roberto-pizarro\/"}]}},"place":"Santiago de Chile","original_article_url":"","_links":{"self":[{"href":"https:\/\/www.pressenza.com\/es\/wp-json\/wp\/v2\/posts\/822340","targetHints":{"allow":["GET"]}}],"collection":[{"href":"https:\/\/www.pressenza.com\/es\/wp-json\/wp\/v2\/posts"}],"about":[{"href":"https:\/\/www.pressenza.com\/es\/wp-json\/wp\/v2\/types\/post"}],"author":[{"embeddable":true,"href":"https:\/\/www.pressenza.com\/es\/wp-json\/wp\/v2\/users\/1451"}],"replies":[{"embeddable":true,"href":"https:\/\/www.pressenza.com\/es\/wp-json\/wp\/v2\/comments?post=822340"}],"version-history":[{"count":0,"href":"https:\/\/www.pressenza.com\/es\/wp-json\/wp\/v2\/posts\/822340\/revisions"}],"wp:featuredmedia":[{"embeddable":true,"href":"https:\/\/www.pressenza.com\/es\/wp-json\/wp\/v2\/media\/822341"}],"wp:attachment":[{"href":"https:\/\/www.pressenza.com\/es\/wp-json\/wp\/v2\/media?parent=822340"}],"wp:term":[{"taxonomy":"category","embeddable":true,"href":"https:\/\/www.pressenza.com\/es\/wp-json\/wp\/v2\/categories?post=822340"},{"taxonomy":"post_tag","embeddable":true,"href":"https:\/\/www.pressenza.com\/es\/wp-json\/wp\/v2\/tags?post=822340"}],"curies":[{"name":"wp","href":"https:\/\/api.w.org\/{rel}","templated":true}]}}