{"id":822196,"date":"2019-03-13T00:39:34","date_gmt":"2019-03-13T00:39:34","guid":{"rendered":"https:\/\/www.pressenza.com\/?p=822196"},"modified":"2019-03-13T00:39:34","modified_gmt":"2019-03-13T00:39:34","slug":"cine-sin-derechos-quinta-edicion","status":"publish","type":"post","link":"https:\/\/www.pressenza.com\/es\/2019\/03\/cine-sin-derechos-quinta-edicion\/","title":{"rendered":"Cine sin derechos &#8211; quinta edici\u00f3n"},"content":{"rendered":"<p>Este a\u00f1o tambi\u00e9n tendr\u00e1 lugar la quinta edici\u00f3n de \u00abCine sin derechos\u00bb, una rese\u00f1a del cine palestino. Del 11 de marzo al 14 de abril de 2019 en la biblioteca universitaria CFZ, en el Zattere de Venecia, ser\u00e1n proyectadas 8 pel\u00edculas dirigidas principalmente por palestinos; por lo tanto, no es un cine sobre Palestina hecho por otros, sino el cine de cineastas y directores palestinos, una caracter\u00edstica a la cual no se ha querido renunciar en estos cinco a\u00f1os para presentar la dimensi\u00f3n cultural de un pueblo que lucha por sus derechos. Es importante relatar el conflicto y poner los hechos hist\u00f3ricos, sociales y pol\u00edticos en el centro, instando a todos a hacer un mayor esfuerzo para encontrar la soluci\u00f3n adecuada para todas las partes.<\/p>\n<p>El festival, como todos los a\u00f1os, est\u00e1 directamente vinculado al Festival de Cine Al Ard Doc de Cagliari, que selecciona las mejores obras de cinematograf\u00eda palestina y pa\u00edses \u00e1rabes. Este a\u00f1o, el festival en Venecia y el Festival de Cagliari comienzan el mismo d\u00eda con el objetivo de dar visibilidad a directores y pel\u00edculas que cada vez tienen m\u00e1s inter\u00e9s art\u00edstico.<\/p>\n<p>Para apoyar la organizaci\u00f3n de Cine sin derechos, este a\u00f1o han colaborado la asociaci\u00f3n universitaria de Ca &#8216;Foscari \u00abNUR, estudiantes universitarios contra el apartheid israel\u00ed\u00bb, ya muy activa en el territorio y no solo en el entorno acad\u00e9mico, y la asociaci\u00f3n Assopace Palestina que opera a nivel nacional.<\/p>\n<p>En esta edici\u00f3n encontraremos a cineastas palestinos famosos junto a nuevas promesas como Leila Sansour, que firma \u00abOpen Bethlehem\u00bb, la primera pel\u00edcula del programa. La pel\u00edcula documenta la empresa de la joven directora que trata de involucrar a la comunidad internacional en la defensa de su ciudad, Bel\u00e9n, que est\u00e1 a punto de ser separada por la construcci\u00f3n del muro.<\/p>\n<p>A continuaci\u00f3n \u00abWar of antiquities\u00bb de Lana Shaheen, un documental sobre la historia antigua de Gaza que ha dejado abundantes evidencias arqueol\u00f3gicas en el terreno. Pero, \u00bfc\u00f3mo podemos salvaguardar el patrimonio cultural en la zona de guerra?<\/p>\n<p>Con \u00abBloody Basil\u00bb, la directora Elia Ghorbiah, nos lleva a los asentamientos israel\u00edes donde trabajan los trabajadores palestinos.<\/p>\n<p>Encontramos a la directora Annemarie Jacir con \u00abLa sal de este mar\u00bb en la que la protagonista, Soraya, una joven palestina nacida en los Estados Unidos, se aventura en busca de sus ra\u00edces en la tierra de origen para enfrentarse a la dureza destructiva de la ocupaci\u00f3n.<\/p>\n<p>En el documental de Mark Kaplan, \u00abEl pueblo bajo el bosque\u00bb la protagonista no es palestina sino sudafricana de origen jud\u00edo. La ca\u00edda del r\u00e9gimen blanco de su pa\u00eds despierta en ella una impactante reflexi\u00f3n sobre los horrores del apartheid y las analog\u00edas con Palestina.<\/p>\n<p>Anas Balkrami dirige un cortometraje provocativo \u00ab100 Balfour Road\u00bb, que les dejamos con la sorpresa de descubrir.<\/p>\n<p>\u00abThe killer tear\u00bb de Khaled Faqih es un documental esclarecedor sobre armas qu\u00edmicas. Los gases lacrim\u00f3genos caen con todas las de la ley en esta categor\u00eda pero su toxicidad y peligro nunca se han considerado.<\/p>\n<p>Las dos \u00faltimas pel\u00edculas de la serie son \u00abOmar\u00bb, del m\u00e1s de una vez galardonado Hany Abu Assad: Omar es un joven panadero palestino que desaf\u00eda el muro del apartheid para encontrarse con sus amigos y Nadia, la joven de la que est\u00e1 enamorado; y \u00ab3000 Nights\u00bb de Mai Masri conmovedora historia real de una presa pol\u00edtica que cr\u00eda a su hijo en prisi\u00f3n.<\/p>\n<p>La exposici\u00f3n se enriquece con la pel\u00edcula documental de Julia Bacha, \u00abNaila and the uprising\u00bb, que ser\u00e1 presentada por Luisa Morgantini, ex vicepresidenta del Parlamento Europeo, el 3 de abril a las 6 pm en el Centro Cultural Candiani. En la sala se encontrar\u00e1n la protagonista Naila Ayesh y Jamal Zakout.<\/p>\n<p>Entrada gratuita sujeta a disponibilidad.<\/p>\n<p>Todas las pel\u00edculas est\u00e1n subtituladas en italiano.<\/p>\n<p><strong>Cine Sin Derechos<\/strong><\/p>\n<hr \/>\n<p><em>Traducido del italiano por Michelle Oviedo<\/em><\/p>\n","protected":false},"excerpt":{"rendered":"<p>Este a\u00f1o tambi\u00e9n tendr\u00e1 lugar la quinta edici\u00f3n de \u00abCine sin derechos\u00bb, una rese\u00f1a del cine palestino. Del 11 de marzo al 14 de abril de 2019 en la biblioteca universitaria CFZ, en el Zattere de Venecia, ser\u00e1n proyectadas 8&hellip;<\/p>\n","protected":false},"author":594,"featured_media":821132,"comment_status":"closed","ping_status":"closed","sticky":false,"template":"","format":"standard","meta":{"footnotes":""},"categories":[149,75,79,66,71],"tags":[3305,441,54558,56233,814],"class_list":["post-822196","post","type-post","status-publish","format-standard","has-post-thumbnail","hentry","category-comunicados-de-prensa","category-cultura-es","category-derechos-humanos","category-europa-es","category-medio-oriente-es","tag-cine","tag-derechos-humanos","tag-diritti-umani-es","tag-luisa-morgantini-es","tag-palestina-es"],"yoast_head":"<!-- This site is optimized with the Yoast SEO plugin v27.1.1 - https:\/\/yoast.com\/product\/yoast-seo-wordpress\/ -->\n<title>Cine sin derechos - quinta edici\u00f3n<\/title>\n<meta name=\"description\" content=\"Este a\u00f1o tambi\u00e9n tendr\u00e1 lugar la quinta edici\u00f3n de &quot;Cine sin derechos&quot;, una rese\u00f1a del cine palestino. Del 11 de marzo al 14 de abril de 2019 en la\" \/>\n<meta name=\"robots\" content=\"index, follow, max-snippet:-1, max-image-preview:large, max-video-preview:-1\" \/>\n<link rel=\"canonical\" href=\"https:\/\/www.pressenza.com\/es\/2019\/03\/cine-sin-derechos-quinta-edicion\/\" \/>\n<meta property=\"og:locale\" content=\"es_ES\" \/>\n<meta property=\"og:type\" content=\"article\" \/>\n<meta property=\"og:title\" content=\"Cine sin derechos - quinta edici\u00f3n\" \/>\n<meta property=\"og:description\" content=\"Este a\u00f1o tambi\u00e9n tendr\u00e1 lugar la quinta edici\u00f3n de &quot;Cine sin derechos&quot;, una rese\u00f1a del cine palestino. Del 11 de marzo al 14 de abril de 2019 en la\" \/>\n<meta property=\"og:url\" content=\"https:\/\/www.pressenza.com\/es\/2019\/03\/cine-sin-derechos-quinta-edicion\/\" \/>\n<meta property=\"og:site_name\" content=\"Pressenza\" \/>\n<meta property=\"article:publisher\" content=\"https:\/\/www.facebook.com\/PressenzaItalia\" \/>\n<meta property=\"article:author\" content=\"https:\/\/www.facebook.com\/PressenzaItalia\" \/>\n<meta property=\"article:published_time\" content=\"2019-03-13T00:39:34+00:00\" \/>\n<meta property=\"og:image\" content=\"https:\/\/www.pressenza.com\/wp-content\/uploads\/2019\/03\/loc-5-rassegna-jpg.jpg\" \/>\n\t<meta property=\"og:image:width\" content=\"1137\" \/>\n\t<meta property=\"og:image:height\" content=\"544\" \/>\n\t<meta property=\"og:image:type\" content=\"image\/jpeg\" \/>\n<meta name=\"author\" content=\"Redazione Italia\" \/>\n<meta name=\"twitter:card\" content=\"summary_large_image\" \/>\n<meta name=\"twitter:creator\" content=\"@pressenza_it\" \/>\n<meta name=\"twitter:site\" content=\"@PressenzaIPA\" \/>\n<meta name=\"twitter:label1\" content=\"Escrito por\" \/>\n\t<meta name=\"twitter:data1\" content=\"Redazione Italia\" \/>\n\t<meta name=\"twitter:label2\" content=\"Tiempo de lectura\" \/>\n\t<meta name=\"twitter:data2\" content=\"3 minutos\" \/>\n<script type=\"application\/ld+json\" class=\"yoast-schema-graph\">{\"@context\":\"https:\/\/schema.org\",\"@graph\":[{\"@type\":\"Article\",\"@id\":\"https:\/\/www.pressenza.com\/es\/2019\/03\/cine-sin-derechos-quinta-edicion\/#article\",\"isPartOf\":{\"@id\":\"https:\/\/www.pressenza.com\/es\/2019\/03\/cine-sin-derechos-quinta-edicion\/\"},\"author\":{\"name\":\"Redazione Italia\",\"@id\":\"https:\/\/www.pressenza.com\/es\/#\/schema\/person\/d983e81827ae24f2c7b1a2123d197f8d\"},\"headline\":\"Cine sin derechos &#8211; quinta edici\u00f3n\",\"datePublished\":\"2019-03-13T00:39:34+00:00\",\"mainEntityOfPage\":{\"@id\":\"https:\/\/www.pressenza.com\/es\/2019\/03\/cine-sin-derechos-quinta-edicion\/\"},\"wordCount\":685,\"publisher\":{\"@id\":\"https:\/\/www.pressenza.com\/es\/#organization\"},\"image\":{\"@id\":\"https:\/\/www.pressenza.com\/es\/2019\/03\/cine-sin-derechos-quinta-edicion\/#primaryimage\"},\"thumbnailUrl\":\"https:\/\/www.pressenza.com\/wp-content\/uploads\/2019\/03\/loc-5-rassegna-jpg.jpg\",\"keywords\":[\"cine\",\"Derechos humanos\",\"diritti umani\",\"Luisa Morgantini\",\"Palestina\"],\"articleSection\":[\"Comunicados de Prensa\",\"Cultura y Medios\",\"Derechos Humanos\",\"Europa\",\"Medio Oriente\"],\"inLanguage\":\"es\"},{\"@type\":\"WebPage\",\"@id\":\"https:\/\/www.pressenza.com\/es\/2019\/03\/cine-sin-derechos-quinta-edicion\/\",\"url\":\"https:\/\/www.pressenza.com\/es\/2019\/03\/cine-sin-derechos-quinta-edicion\/\",\"name\":\"Cine sin derechos - quinta edici\u00f3n\",\"isPartOf\":{\"@id\":\"https:\/\/www.pressenza.com\/es\/#website\"},\"primaryImageOfPage\":{\"@id\":\"https:\/\/www.pressenza.com\/es\/2019\/03\/cine-sin-derechos-quinta-edicion\/#primaryimage\"},\"image\":{\"@id\":\"https:\/\/www.pressenza.com\/es\/2019\/03\/cine-sin-derechos-quinta-edicion\/#primaryimage\"},\"thumbnailUrl\":\"https:\/\/www.pressenza.com\/wp-content\/uploads\/2019\/03\/loc-5-rassegna-jpg.jpg\",\"datePublished\":\"2019-03-13T00:39:34+00:00\",\"description\":\"Este a\u00f1o tambi\u00e9n tendr\u00e1 lugar la quinta edici\u00f3n de \\\"Cine sin derechos\\\", una rese\u00f1a del cine palestino. Del 11 de marzo al 14 de abril de 2019 en la\",\"breadcrumb\":{\"@id\":\"https:\/\/www.pressenza.com\/es\/2019\/03\/cine-sin-derechos-quinta-edicion\/#breadcrumb\"},\"inLanguage\":\"es\",\"potentialAction\":[{\"@type\":\"ReadAction\",\"target\":[\"https:\/\/www.pressenza.com\/es\/2019\/03\/cine-sin-derechos-quinta-edicion\/\"]}]},{\"@type\":\"ImageObject\",\"inLanguage\":\"es\",\"@id\":\"https:\/\/www.pressenza.com\/es\/2019\/03\/cine-sin-derechos-quinta-edicion\/#primaryimage\",\"url\":\"https:\/\/www.pressenza.com\/wp-content\/uploads\/2019\/03\/loc-5-rassegna-jpg.jpg\",\"contentUrl\":\"https:\/\/www.pressenza.com\/wp-content\/uploads\/2019\/03\/loc-5-rassegna-jpg.jpg\",\"width\":1137,\"height\":544},{\"@type\":\"BreadcrumbList\",\"@id\":\"https:\/\/www.pressenza.com\/es\/2019\/03\/cine-sin-derechos-quinta-edicion\/#breadcrumb\",\"itemListElement\":[{\"@type\":\"ListItem\",\"position\":1,\"name\":\"Accueil\",\"item\":\"https:\/\/www.pressenza.com\/es\/\"},{\"@type\":\"ListItem\",\"position\":2,\"name\":\"Cine sin derechos &#8211; quinta edici\u00f3n\"}]},{\"@type\":\"WebSite\",\"@id\":\"https:\/\/www.pressenza.com\/es\/#website\",\"url\":\"https:\/\/www.pressenza.com\/es\/\",\"name\":\"Pressenza\",\"description\":\"International Press Agency\",\"publisher\":{\"@id\":\"https:\/\/www.pressenza.com\/es\/#organization\"},\"potentialAction\":[{\"@type\":\"SearchAction\",\"target\":{\"@type\":\"EntryPoint\",\"urlTemplate\":\"https:\/\/www.pressenza.com\/es\/?s={search_term_string}\"},\"query-input\":{\"@type\":\"PropertyValueSpecification\",\"valueRequired\":true,\"valueName\":\"search_term_string\"}}],\"inLanguage\":\"es\"},{\"@type\":\"Organization\",\"@id\":\"https:\/\/www.pressenza.com\/es\/#organization\",\"name\":\"Pressenza\",\"url\":\"https:\/\/www.pressenza.com\/es\/\",\"logo\":{\"@type\":\"ImageObject\",\"inLanguage\":\"es\",\"@id\":\"https:\/\/www.pressenza.com\/es\/#\/schema\/logo\/image\/\",\"url\":\"https:\/\/www.pressenza.com\/wp-content\/uploads\/2022\/10\/pressenza_logo_200x200.jpg\",\"contentUrl\":\"https:\/\/www.pressenza.com\/wp-content\/uploads\/2022\/10\/pressenza_logo_200x200.jpg\",\"width\":200,\"height\":200,\"caption\":\"Pressenza\"},\"image\":{\"@id\":\"https:\/\/www.pressenza.com\/es\/#\/schema\/logo\/image\/\"},\"sameAs\":[\"https:\/\/www.facebook.com\/PressenzaItalia\",\"https:\/\/x.com\/PressenzaIPA\"]},{\"@type\":\"Person\",\"@id\":\"https:\/\/www.pressenza.com\/es\/#\/schema\/person\/d983e81827ae24f2c7b1a2123d197f8d\",\"name\":\"Redazione Italia\",\"description\":\"News from the Pressenza Bureau in Italy\",\"sameAs\":[\"https:\/\/www.pressenza.com\/it\/author\/redazione-italia\/\",\"https:\/\/www.facebook.com\/PressenzaItalia\",\"https:\/\/www.instagram.com\/pressenza_italia\/\",\"https:\/\/x.com\/pressenza_it\",\"https:\/\/www.youtube.com\/channel\/UCSalEIWjE1RSxkwjfftFuqg\"],\"url\":\"https:\/\/www.pressenza.com\/es\/author\/redazione-italia\/\"}]}<\/script>\n<!-- \/ Yoast SEO plugin. -->","yoast_head_json":{"title":"Cine sin derechos - quinta edici\u00f3n","description":"Este a\u00f1o tambi\u00e9n tendr\u00e1 lugar la quinta edici\u00f3n de \"Cine sin derechos\", una rese\u00f1a del cine palestino. Del 11 de marzo al 14 de abril de 2019 en la","robots":{"index":"index","follow":"follow","max-snippet":"max-snippet:-1","max-image-preview":"max-image-preview:large","max-video-preview":"max-video-preview:-1"},"canonical":"https:\/\/www.pressenza.com\/es\/2019\/03\/cine-sin-derechos-quinta-edicion\/","og_locale":"es_ES","og_type":"article","og_title":"Cine sin derechos - quinta edici\u00f3n","og_description":"Este a\u00f1o tambi\u00e9n tendr\u00e1 lugar la quinta edici\u00f3n de \"Cine sin derechos\", una rese\u00f1a del cine palestino. Del 11 de marzo al 14 de abril de 2019 en la","og_url":"https:\/\/www.pressenza.com\/es\/2019\/03\/cine-sin-derechos-quinta-edicion\/","og_site_name":"Pressenza","article_publisher":"https:\/\/www.facebook.com\/PressenzaItalia","article_author":"https:\/\/www.facebook.com\/PressenzaItalia","article_published_time":"2019-03-13T00:39:34+00:00","og_image":[{"width":1137,"height":544,"url":"https:\/\/www.pressenza.com\/wp-content\/uploads\/2019\/03\/loc-5-rassegna-jpg.jpg","type":"image\/jpeg"}],"author":"Redazione Italia","twitter_card":"summary_large_image","twitter_creator":"@pressenza_it","twitter_site":"@PressenzaIPA","twitter_misc":{"Escrito por":"Redazione Italia","Tiempo de lectura":"3 minutos"},"schema":{"@context":"https:\/\/schema.org","@graph":[{"@type":"Article","@id":"https:\/\/www.pressenza.com\/es\/2019\/03\/cine-sin-derechos-quinta-edicion\/#article","isPartOf":{"@id":"https:\/\/www.pressenza.com\/es\/2019\/03\/cine-sin-derechos-quinta-edicion\/"},"author":{"name":"Redazione Italia","@id":"https:\/\/www.pressenza.com\/es\/#\/schema\/person\/d983e81827ae24f2c7b1a2123d197f8d"},"headline":"Cine sin derechos &#8211; quinta edici\u00f3n","datePublished":"2019-03-13T00:39:34+00:00","mainEntityOfPage":{"@id":"https:\/\/www.pressenza.com\/es\/2019\/03\/cine-sin-derechos-quinta-edicion\/"},"wordCount":685,"publisher":{"@id":"https:\/\/www.pressenza.com\/es\/#organization"},"image":{"@id":"https:\/\/www.pressenza.com\/es\/2019\/03\/cine-sin-derechos-quinta-edicion\/#primaryimage"},"thumbnailUrl":"https:\/\/www.pressenza.com\/wp-content\/uploads\/2019\/03\/loc-5-rassegna-jpg.jpg","keywords":["cine","Derechos humanos","diritti umani","Luisa Morgantini","Palestina"],"articleSection":["Comunicados de Prensa","Cultura y Medios","Derechos Humanos","Europa","Medio Oriente"],"inLanguage":"es"},{"@type":"WebPage","@id":"https:\/\/www.pressenza.com\/es\/2019\/03\/cine-sin-derechos-quinta-edicion\/","url":"https:\/\/www.pressenza.com\/es\/2019\/03\/cine-sin-derechos-quinta-edicion\/","name":"Cine sin derechos - quinta edici\u00f3n","isPartOf":{"@id":"https:\/\/www.pressenza.com\/es\/#website"},"primaryImageOfPage":{"@id":"https:\/\/www.pressenza.com\/es\/2019\/03\/cine-sin-derechos-quinta-edicion\/#primaryimage"},"image":{"@id":"https:\/\/www.pressenza.com\/es\/2019\/03\/cine-sin-derechos-quinta-edicion\/#primaryimage"},"thumbnailUrl":"https:\/\/www.pressenza.com\/wp-content\/uploads\/2019\/03\/loc-5-rassegna-jpg.jpg","datePublished":"2019-03-13T00:39:34+00:00","description":"Este a\u00f1o tambi\u00e9n tendr\u00e1 lugar la quinta edici\u00f3n de \"Cine sin derechos\", una rese\u00f1a del cine palestino. Del 11 de marzo al 14 de abril de 2019 en la","breadcrumb":{"@id":"https:\/\/www.pressenza.com\/es\/2019\/03\/cine-sin-derechos-quinta-edicion\/#breadcrumb"},"inLanguage":"es","potentialAction":[{"@type":"ReadAction","target":["https:\/\/www.pressenza.com\/es\/2019\/03\/cine-sin-derechos-quinta-edicion\/"]}]},{"@type":"ImageObject","inLanguage":"es","@id":"https:\/\/www.pressenza.com\/es\/2019\/03\/cine-sin-derechos-quinta-edicion\/#primaryimage","url":"https:\/\/www.pressenza.com\/wp-content\/uploads\/2019\/03\/loc-5-rassegna-jpg.jpg","contentUrl":"https:\/\/www.pressenza.com\/wp-content\/uploads\/2019\/03\/loc-5-rassegna-jpg.jpg","width":1137,"height":544},{"@type":"BreadcrumbList","@id":"https:\/\/www.pressenza.com\/es\/2019\/03\/cine-sin-derechos-quinta-edicion\/#breadcrumb","itemListElement":[{"@type":"ListItem","position":1,"name":"Accueil","item":"https:\/\/www.pressenza.com\/es\/"},{"@type":"ListItem","position":2,"name":"Cine sin derechos &#8211; quinta edici\u00f3n"}]},{"@type":"WebSite","@id":"https:\/\/www.pressenza.com\/es\/#website","url":"https:\/\/www.pressenza.com\/es\/","name":"Pressenza","description":"International Press Agency","publisher":{"@id":"https:\/\/www.pressenza.com\/es\/#organization"},"potentialAction":[{"@type":"SearchAction","target":{"@type":"EntryPoint","urlTemplate":"https:\/\/www.pressenza.com\/es\/?s={search_term_string}"},"query-input":{"@type":"PropertyValueSpecification","valueRequired":true,"valueName":"search_term_string"}}],"inLanguage":"es"},{"@type":"Organization","@id":"https:\/\/www.pressenza.com\/es\/#organization","name":"Pressenza","url":"https:\/\/www.pressenza.com\/es\/","logo":{"@type":"ImageObject","inLanguage":"es","@id":"https:\/\/www.pressenza.com\/es\/#\/schema\/logo\/image\/","url":"https:\/\/www.pressenza.com\/wp-content\/uploads\/2022\/10\/pressenza_logo_200x200.jpg","contentUrl":"https:\/\/www.pressenza.com\/wp-content\/uploads\/2022\/10\/pressenza_logo_200x200.jpg","width":200,"height":200,"caption":"Pressenza"},"image":{"@id":"https:\/\/www.pressenza.com\/es\/#\/schema\/logo\/image\/"},"sameAs":["https:\/\/www.facebook.com\/PressenzaItalia","https:\/\/x.com\/PressenzaIPA"]},{"@type":"Person","@id":"https:\/\/www.pressenza.com\/es\/#\/schema\/person\/d983e81827ae24f2c7b1a2123d197f8d","name":"Redazione Italia","description":"News from the Pressenza Bureau in Italy","sameAs":["https:\/\/www.pressenza.com\/it\/author\/redazione-italia\/","https:\/\/www.facebook.com\/PressenzaItalia","https:\/\/www.instagram.com\/pressenza_italia\/","https:\/\/x.com\/pressenza_it","https:\/\/www.youtube.com\/channel\/UCSalEIWjE1RSxkwjfftFuqg"],"url":"https:\/\/www.pressenza.com\/es\/author\/redazione-italia\/"}]}},"place":"Venecia","original_article_url":"","_links":{"self":[{"href":"https:\/\/www.pressenza.com\/es\/wp-json\/wp\/v2\/posts\/822196","targetHints":{"allow":["GET"]}}],"collection":[{"href":"https:\/\/www.pressenza.com\/es\/wp-json\/wp\/v2\/posts"}],"about":[{"href":"https:\/\/www.pressenza.com\/es\/wp-json\/wp\/v2\/types\/post"}],"author":[{"embeddable":true,"href":"https:\/\/www.pressenza.com\/es\/wp-json\/wp\/v2\/users\/594"}],"replies":[{"embeddable":true,"href":"https:\/\/www.pressenza.com\/es\/wp-json\/wp\/v2\/comments?post=822196"}],"version-history":[{"count":0,"href":"https:\/\/www.pressenza.com\/es\/wp-json\/wp\/v2\/posts\/822196\/revisions"}],"wp:featuredmedia":[{"embeddable":true,"href":"https:\/\/www.pressenza.com\/es\/wp-json\/wp\/v2\/media\/821132"}],"wp:attachment":[{"href":"https:\/\/www.pressenza.com\/es\/wp-json\/wp\/v2\/media?parent=822196"}],"wp:term":[{"taxonomy":"category","embeddable":true,"href":"https:\/\/www.pressenza.com\/es\/wp-json\/wp\/v2\/categories?post=822196"},{"taxonomy":"post_tag","embeddable":true,"href":"https:\/\/www.pressenza.com\/es\/wp-json\/wp\/v2\/tags?post=822196"}],"curies":[{"name":"wp","href":"https:\/\/api.w.org\/{rel}","templated":true}]}}