{"id":820691,"date":"2019-03-11T03:36:32","date_gmt":"2019-03-11T03:36:32","guid":{"rendered":"https:\/\/www.pressenza.com\/?p=820691"},"modified":"2019-03-11T08:43:09","modified_gmt":"2019-03-11T08:43:09","slug":"furukawa-la-esclavitud-del-abaca-en-ecuador","status":"publish","type":"post","link":"https:\/\/www.pressenza.com\/es\/2019\/03\/furukawa-la-esclavitud-del-abaca-en-ecuador\/","title":{"rendered":"Furukawa: la esclavitud del abac\u00e1 en Ecuador"},"content":{"rendered":"<p>Ecuador es el segundo productor mundial de\u00a0abac\u00e1, que es considerado una de las fibras del futuro.\u00a0Furukawa Plantaciones C.A. del Ecuador\u00a0es una empresa de capital japon\u00e9s que se estableci\u00f3 en la provincia de Santo Domingo de los Ts\u00e1chilas hace ya m\u00e1s de 50 a\u00f1os, y al momento cuenta con 32 haciendas distribuidas en una superficie de 2.300 hect\u00e1reas en repartidas enSanto Domingo de los Ts\u00e1chilas, Los R\u00edos y Esmeraldas.<\/p>\n<p><img loading=\"lazy\" decoding=\"async\" class=\"aligncenter size-large wp-image-820692\" src=\"https:\/\/www.pressenza.com\/wp-content\/uploads\/2019\/03\/001-IMG_4164-720x540.jpg\" alt=\"\" width=\"720\" height=\"540\" srcset=\"https:\/\/www.pressenza.com\/wp-content\/uploads\/2019\/03\/001-IMG_4164-720x540.jpg 720w, https:\/\/www.pressenza.com\/wp-content\/uploads\/2019\/03\/001-IMG_4164-300x225.jpg 300w, https:\/\/www.pressenza.com\/wp-content\/uploads\/2019\/03\/001-IMG_4164-768x576.jpg 768w, https:\/\/www.pressenza.com\/wp-content\/uploads\/2019\/03\/001-IMG_4164.jpg 1200w\" sizes=\"auto, (max-width: 720px) 100vw, 720px\" \/><\/p>\n<p><img loading=\"lazy\" decoding=\"async\" class=\"aligncenter size-large wp-image-820701\" src=\"https:\/\/www.pressenza.com\/wp-content\/uploads\/2019\/03\/002-IMG_7575-720x540.jpg\" alt=\"\" width=\"720\" height=\"540\" srcset=\"https:\/\/www.pressenza.com\/wp-content\/uploads\/2019\/03\/002-IMG_7575-720x540.jpg 720w, https:\/\/www.pressenza.com\/wp-content\/uploads\/2019\/03\/002-IMG_7575-300x225.jpg 300w, https:\/\/www.pressenza.com\/wp-content\/uploads\/2019\/03\/002-IMG_7575-768x576.jpg 768w, https:\/\/www.pressenza.com\/wp-content\/uploads\/2019\/03\/002-IMG_7575.jpg 1200w\" sizes=\"auto, (max-width: 720px) 100vw, 720px\" \/><\/p>\n<p><img loading=\"lazy\" decoding=\"async\" class=\"aligncenter size-large wp-image-820710\" src=\"https:\/\/www.pressenza.com\/wp-content\/uploads\/2019\/03\/004-IMG_4078-720x540.jpg\" alt=\"\" width=\"720\" height=\"540\" srcset=\"https:\/\/www.pressenza.com\/wp-content\/uploads\/2019\/03\/004-IMG_4078-720x540.jpg 720w, https:\/\/www.pressenza.com\/wp-content\/uploads\/2019\/03\/004-IMG_4078-300x225.jpg 300w, https:\/\/www.pressenza.com\/wp-content\/uploads\/2019\/03\/004-IMG_4078-768x576.jpg 768w, https:\/\/www.pressenza.com\/wp-content\/uploads\/2019\/03\/004-IMG_4078.jpg 1200w\" sizes=\"auto, (max-width: 720px) 100vw, 720px\" \/><\/p>\n<p><img loading=\"lazy\" decoding=\"async\" class=\"aligncenter size-large wp-image-820719\" src=\"https:\/\/www.pressenza.com\/wp-content\/uploads\/2019\/03\/005-IMG_7600-720x540.jpg\" alt=\"\" width=\"720\" height=\"540\" srcset=\"https:\/\/www.pressenza.com\/wp-content\/uploads\/2019\/03\/005-IMG_7600-720x540.jpg 720w, https:\/\/www.pressenza.com\/wp-content\/uploads\/2019\/03\/005-IMG_7600-300x225.jpg 300w, https:\/\/www.pressenza.com\/wp-content\/uploads\/2019\/03\/005-IMG_7600-768x576.jpg 768w, https:\/\/www.pressenza.com\/wp-content\/uploads\/2019\/03\/005-IMG_7600.jpg 1200w\" sizes=\"auto, (max-width: 720px) 100vw, 720px\" \/><\/p>\n<p><img loading=\"lazy\" decoding=\"async\" class=\"aligncenter size-large wp-image-820728\" src=\"https:\/\/www.pressenza.com\/wp-content\/uploads\/2019\/03\/006-IMG_7646-720x540.jpg\" alt=\"\" width=\"720\" height=\"540\" srcset=\"https:\/\/www.pressenza.com\/wp-content\/uploads\/2019\/03\/006-IMG_7646-720x540.jpg 720w, https:\/\/www.pressenza.com\/wp-content\/uploads\/2019\/03\/006-IMG_7646-300x225.jpg 300w, https:\/\/www.pressenza.com\/wp-content\/uploads\/2019\/03\/006-IMG_7646-768x576.jpg 768w, https:\/\/www.pressenza.com\/wp-content\/uploads\/2019\/03\/006-IMG_7646.jpg 1200w\" sizes=\"auto, (max-width: 720px) 100vw, 720px\" \/><\/p>\n<p>Por cuestiones de trabajo fui a visitar varios campamentos de la empresa Furukawa, a\u00fan no puedo ordenar todo lo que vi, percib\u00ed, sent\u00ed&#8230; sal\u00ed con un registro de opresi\u00f3n muy fuerte. Sin entender c\u00f3mo puede existir una situaci\u00f3n tan indigna para los seres humanos a tan solo kil\u00f3metros de Santo Domingo de los Ts\u00e1chilas.<\/p>\n<p><img loading=\"lazy\" decoding=\"async\" class=\"aligncenter size-large wp-image-820737\" src=\"https:\/\/www.pressenza.com\/wp-content\/uploads\/2019\/03\/007-IMG_7651-720x540.jpg\" alt=\"\" width=\"720\" height=\"540\" srcset=\"https:\/\/www.pressenza.com\/wp-content\/uploads\/2019\/03\/007-IMG_7651-720x540.jpg 720w, https:\/\/www.pressenza.com\/wp-content\/uploads\/2019\/03\/007-IMG_7651-300x225.jpg 300w, https:\/\/www.pressenza.com\/wp-content\/uploads\/2019\/03\/007-IMG_7651-768x576.jpg 768w, https:\/\/www.pressenza.com\/wp-content\/uploads\/2019\/03\/007-IMG_7651.jpg 1200w\" sizes=\"auto, (max-width: 720px) 100vw, 720px\" \/><\/p>\n<p><img loading=\"lazy\" decoding=\"async\" class=\"aligncenter size-large wp-image-820746\" src=\"https:\/\/www.pressenza.com\/wp-content\/uploads\/2019\/03\/008-IMG_7656-720x540.jpg\" alt=\"\" width=\"720\" height=\"540\" srcset=\"https:\/\/www.pressenza.com\/wp-content\/uploads\/2019\/03\/008-IMG_7656-720x540.jpg 720w, https:\/\/www.pressenza.com\/wp-content\/uploads\/2019\/03\/008-IMG_7656-300x225.jpg 300w, https:\/\/www.pressenza.com\/wp-content\/uploads\/2019\/03\/008-IMG_7656-768x576.jpg 768w, https:\/\/www.pressenza.com\/wp-content\/uploads\/2019\/03\/008-IMG_7656.jpg 1200w\" sizes=\"auto, (max-width: 720px) 100vw, 720px\" \/><\/p>\n<p><img loading=\"lazy\" decoding=\"async\" class=\"aligncenter size-large wp-image-820755\" src=\"https:\/\/www.pressenza.com\/wp-content\/uploads\/2019\/03\/009-IMG_7666-720x540.jpg\" alt=\"\" width=\"720\" height=\"540\" srcset=\"https:\/\/www.pressenza.com\/wp-content\/uploads\/2019\/03\/009-IMG_7666-720x540.jpg 720w, https:\/\/www.pressenza.com\/wp-content\/uploads\/2019\/03\/009-IMG_7666-300x225.jpg 300w, https:\/\/www.pressenza.com\/wp-content\/uploads\/2019\/03\/009-IMG_7666-768x576.jpg 768w, https:\/\/www.pressenza.com\/wp-content\/uploads\/2019\/03\/009-IMG_7666.jpg 1200w\" sizes=\"auto, (max-width: 720px) 100vw, 720px\" \/><\/p>\n<p><img loading=\"lazy\" decoding=\"async\" class=\"aligncenter size-large wp-image-820764\" src=\"https:\/\/www.pressenza.com\/wp-content\/uploads\/2019\/03\/010-IMG_7668-720x540.jpg\" alt=\"\" width=\"720\" height=\"540\" srcset=\"https:\/\/www.pressenza.com\/wp-content\/uploads\/2019\/03\/010-IMG_7668-720x540.jpg 720w, https:\/\/www.pressenza.com\/wp-content\/uploads\/2019\/03\/010-IMG_7668-300x225.jpg 300w, https:\/\/www.pressenza.com\/wp-content\/uploads\/2019\/03\/010-IMG_7668-768x576.jpg 768w, https:\/\/www.pressenza.com\/wp-content\/uploads\/2019\/03\/010-IMG_7668.jpg 1200w\" sizes=\"auto, (max-width: 720px) 100vw, 720px\" \/><\/p>\n<p>Los derechos de cientos de trabajadores y sus familias han sido vulnerados sistem\u00e1ticamente. No cuentan con seguridad social, ni ning\u00fan tipo de seguridad para el trabajo; los trabajadores viven en unas covachas de 3 x 3 metros -m\u00e1s bien parecen establos-, sin agua ni luz, de hecho el agua la sacan de pozos, no tienen ba\u00f1os, sino una letrina con un hueco inmundo para las 7 u 8 habitaciones de cada campamento.<\/p>\n<p><img loading=\"lazy\" decoding=\"async\" class=\"aligncenter size-large wp-image-820773\" src=\"https:\/\/www.pressenza.com\/wp-content\/uploads\/2019\/03\/011-IMG_7682-720x540.jpg\" alt=\"\" width=\"720\" height=\"540\" srcset=\"https:\/\/www.pressenza.com\/wp-content\/uploads\/2019\/03\/011-IMG_7682-720x540.jpg 720w, https:\/\/www.pressenza.com\/wp-content\/uploads\/2019\/03\/011-IMG_7682-300x225.jpg 300w, https:\/\/www.pressenza.com\/wp-content\/uploads\/2019\/03\/011-IMG_7682-768x576.jpg 768w, https:\/\/www.pressenza.com\/wp-content\/uploads\/2019\/03\/011-IMG_7682.jpg 1200w\" sizes=\"auto, (max-width: 720px) 100vw, 720px\" \/><br \/>\n<img loading=\"lazy\" decoding=\"async\" class=\"aligncenter size-large wp-image-820782\" src=\"https:\/\/www.pressenza.com\/wp-content\/uploads\/2019\/03\/012-IMG_7734-720x540.jpg\" alt=\"\" width=\"720\" height=\"540\" srcset=\"https:\/\/www.pressenza.com\/wp-content\/uploads\/2019\/03\/012-IMG_7734-720x540.jpg 720w, https:\/\/www.pressenza.com\/wp-content\/uploads\/2019\/03\/012-IMG_7734-300x225.jpg 300w, https:\/\/www.pressenza.com\/wp-content\/uploads\/2019\/03\/012-IMG_7734-768x576.jpg 768w, https:\/\/www.pressenza.com\/wp-content\/uploads\/2019\/03\/012-IMG_7734.jpg 1200w\" sizes=\"auto, (max-width: 720px) 100vw, 720px\" \/><\/p>\n<p><img loading=\"lazy\" decoding=\"async\" class=\"aligncenter size-large wp-image-820791\" src=\"https:\/\/www.pressenza.com\/wp-content\/uploads\/2019\/03\/013-IMG_7612-720x540.jpg\" alt=\"\" width=\"720\" height=\"540\" srcset=\"https:\/\/www.pressenza.com\/wp-content\/uploads\/2019\/03\/013-IMG_7612-720x540.jpg 720w, https:\/\/www.pressenza.com\/wp-content\/uploads\/2019\/03\/013-IMG_7612-300x225.jpg 300w, https:\/\/www.pressenza.com\/wp-content\/uploads\/2019\/03\/013-IMG_7612-768x576.jpg 768w, https:\/\/www.pressenza.com\/wp-content\/uploads\/2019\/03\/013-IMG_7612.jpg 1200w\" sizes=\"auto, (max-width: 720px) 100vw, 720px\" \/><\/p>\n<p>La mayor\u00eda de personas apenas si han terminado la escuela, para muchos de los ni\u00f1os y adolescentes que viven all\u00ed no es posible continuar sus estudios porque salir de all\u00ed a la v\u00eda asfaltada les tomar una hora a pie y de ah\u00ed unos 15 minutos m\u00e1s hasta Patricia Pilar, el cant\u00f3n que les queda m\u00e1s cercano.<\/p>\n<p><img loading=\"lazy\" decoding=\"async\" class=\"aligncenter size-large wp-image-820800\" src=\"https:\/\/www.pressenza.com\/wp-content\/uploads\/2019\/03\/014-IMG_4092-720x540.jpg\" alt=\"\" width=\"720\" height=\"540\" srcset=\"https:\/\/www.pressenza.com\/wp-content\/uploads\/2019\/03\/014-IMG_4092-720x540.jpg 720w, https:\/\/www.pressenza.com\/wp-content\/uploads\/2019\/03\/014-IMG_4092-300x225.jpg 300w, https:\/\/www.pressenza.com\/wp-content\/uploads\/2019\/03\/014-IMG_4092-768x576.jpg 768w, https:\/\/www.pressenza.com\/wp-content\/uploads\/2019\/03\/014-IMG_4092.jpg 1200w\" sizes=\"auto, (max-width: 720px) 100vw, 720px\" \/><\/p>\n<p><img loading=\"lazy\" decoding=\"async\" class=\"aligncenter size-large wp-image-820809\" src=\"https:\/\/www.pressenza.com\/wp-content\/uploads\/2019\/03\/015-IMG_4099-720x540.jpg\" alt=\"\" width=\"720\" height=\"540\" srcset=\"https:\/\/www.pressenza.com\/wp-content\/uploads\/2019\/03\/015-IMG_4099-720x540.jpg 720w, https:\/\/www.pressenza.com\/wp-content\/uploads\/2019\/03\/015-IMG_4099-300x225.jpg 300w, https:\/\/www.pressenza.com\/wp-content\/uploads\/2019\/03\/015-IMG_4099-768x576.jpg 768w, https:\/\/www.pressenza.com\/wp-content\/uploads\/2019\/03\/015-IMG_4099.jpg 1200w\" sizes=\"auto, (max-width: 720px) 100vw, 720px\" \/><\/p>\n<p><img loading=\"lazy\" decoding=\"async\" class=\"aligncenter size-large wp-image-820818\" src=\"https:\/\/www.pressenza.com\/wp-content\/uploads\/2019\/03\/016-IMG_7747-720x540.jpg\" alt=\"\" width=\"720\" height=\"540\" srcset=\"https:\/\/www.pressenza.com\/wp-content\/uploads\/2019\/03\/016-IMG_7747-720x540.jpg 720w, https:\/\/www.pressenza.com\/wp-content\/uploads\/2019\/03\/016-IMG_7747-300x225.jpg 300w, https:\/\/www.pressenza.com\/wp-content\/uploads\/2019\/03\/016-IMG_7747-768x576.jpg 768w, https:\/\/www.pressenza.com\/wp-content\/uploads\/2019\/03\/016-IMG_7747.jpg 1200w\" sizes=\"auto, (max-width: 720px) 100vw, 720px\" \/><\/p>\n<p><img loading=\"lazy\" decoding=\"async\" class=\"aligncenter size-large wp-image-820827\" src=\"https:\/\/www.pressenza.com\/wp-content\/uploads\/2019\/03\/017-IMG_4010-720x540.jpg\" alt=\"\" width=\"720\" height=\"540\" srcset=\"https:\/\/www.pressenza.com\/wp-content\/uploads\/2019\/03\/017-IMG_4010-720x540.jpg 720w, https:\/\/www.pressenza.com\/wp-content\/uploads\/2019\/03\/017-IMG_4010-300x225.jpg 300w, https:\/\/www.pressenza.com\/wp-content\/uploads\/2019\/03\/017-IMG_4010-768x576.jpg 768w, https:\/\/www.pressenza.com\/wp-content\/uploads\/2019\/03\/017-IMG_4010.jpg 1200w\" sizes=\"auto, (max-width: 720px) 100vw, 720px\" \/><\/p>\n<p><img loading=\"lazy\" decoding=\"async\" class=\"aligncenter size-large wp-image-820836\" src=\"https:\/\/www.pressenza.com\/wp-content\/uploads\/2019\/03\/018-IMG_4014-720x540.jpg\" alt=\"\" width=\"720\" height=\"540\" srcset=\"https:\/\/www.pressenza.com\/wp-content\/uploads\/2019\/03\/018-IMG_4014-720x540.jpg 720w, https:\/\/www.pressenza.com\/wp-content\/uploads\/2019\/03\/018-IMG_4014-300x225.jpg 300w, https:\/\/www.pressenza.com\/wp-content\/uploads\/2019\/03\/018-IMG_4014-768x576.jpg 768w, https:\/\/www.pressenza.com\/wp-content\/uploads\/2019\/03\/018-IMG_4014.jpg 1200w\" sizes=\"auto, (max-width: 720px) 100vw, 720px\" \/><\/p>\n<p>Es incomprensible entender c\u00f3mo ninguna dependencia del Estado, a lo largo de d\u00e9cadas, no ha hecho nada por estas personas y por modificar su situaci\u00f3n personal y laboral, o sus perspectivas de futuro; de hecho algunas personas han nacido all\u00ed y siguen haciendo lo que sus padres vinieron hacer desde hace 30 a\u00f1os en algunos casos.<\/p>\n<p><img loading=\"lazy\" decoding=\"async\" class=\"aligncenter size-large wp-image-820845\" src=\"https:\/\/www.pressenza.com\/wp-content\/uploads\/2019\/03\/019-IMG_4046-720x540.jpg\" alt=\"\" width=\"720\" height=\"540\" srcset=\"https:\/\/www.pressenza.com\/wp-content\/uploads\/2019\/03\/019-IMG_4046-720x540.jpg 720w, https:\/\/www.pressenza.com\/wp-content\/uploads\/2019\/03\/019-IMG_4046-300x225.jpg 300w, https:\/\/www.pressenza.com\/wp-content\/uploads\/2019\/03\/019-IMG_4046-768x576.jpg 768w, https:\/\/www.pressenza.com\/wp-content\/uploads\/2019\/03\/019-IMG_4046.jpg 1200w\" sizes=\"auto, (max-width: 720px) 100vw, 720px\" \/><\/p>\n<p><img loading=\"lazy\" decoding=\"async\" class=\"aligncenter size-large wp-image-820854\" src=\"https:\/\/www.pressenza.com\/wp-content\/uploads\/2019\/03\/020-IMG_4109-720x540.jpg\" alt=\"\" width=\"720\" height=\"540\" srcset=\"https:\/\/www.pressenza.com\/wp-content\/uploads\/2019\/03\/020-IMG_4109-720x540.jpg 720w, https:\/\/www.pressenza.com\/wp-content\/uploads\/2019\/03\/020-IMG_4109-300x225.jpg 300w, https:\/\/www.pressenza.com\/wp-content\/uploads\/2019\/03\/020-IMG_4109-768x576.jpg 768w, https:\/\/www.pressenza.com\/wp-content\/uploads\/2019\/03\/020-IMG_4109.jpg 1200w\" sizes=\"auto, (max-width: 720px) 100vw, 720px\" \/><\/p>\n<p><img loading=\"lazy\" decoding=\"async\" class=\"aligncenter size-large wp-image-820863\" src=\"https:\/\/www.pressenza.com\/wp-content\/uploads\/2019\/03\/021-IMG_4127-720x540.jpg\" alt=\"\" width=\"720\" height=\"540\" srcset=\"https:\/\/www.pressenza.com\/wp-content\/uploads\/2019\/03\/021-IMG_4127-720x540.jpg 720w, https:\/\/www.pressenza.com\/wp-content\/uploads\/2019\/03\/021-IMG_4127-300x225.jpg 300w, https:\/\/www.pressenza.com\/wp-content\/uploads\/2019\/03\/021-IMG_4127-768x576.jpg 768w, https:\/\/www.pressenza.com\/wp-content\/uploads\/2019\/03\/021-IMG_4127.jpg 1200w\" sizes=\"auto, (max-width: 720px) 100vw, 720px\" \/><\/p>\n<p>Lo que all\u00ed se observa es que las personas viven en una situaci\u00f3n de esclavitud, tanto as\u00ed que en uno de los campamentos nos dec\u00edan que no pueden tener animales para criar, ni sembrar nada para su consumo persona, incluso son vigilados con drones. Los campamentos de la empresa Furukawa son un lugar donde los sue\u00f1os est\u00e1n atrapados.<\/p>\n<p><img loading=\"lazy\" decoding=\"async\" class=\"aligncenter size-large wp-image-820872\" src=\"https:\/\/www.pressenza.com\/wp-content\/uploads\/2019\/03\/022-IMG_4156-720x540.jpg\" alt=\"\" width=\"720\" height=\"540\" srcset=\"https:\/\/www.pressenza.com\/wp-content\/uploads\/2019\/03\/022-IMG_4156-720x540.jpg 720w, https:\/\/www.pressenza.com\/wp-content\/uploads\/2019\/03\/022-IMG_4156-300x225.jpg 300w, https:\/\/www.pressenza.com\/wp-content\/uploads\/2019\/03\/022-IMG_4156-768x576.jpg 768w, https:\/\/www.pressenza.com\/wp-content\/uploads\/2019\/03\/022-IMG_4156.jpg 1200w\" sizes=\"auto, (max-width: 720px) 100vw, 720px\" \/><\/p>\n","protected":false},"excerpt":{"rendered":"<p>Ecuador es el segundo productor mundial de\u00a0abac\u00e1, que es considerado una de las fibras del futuro.\u00a0Furukawa Plantaciones C.A. del Ecuador\u00a0es una empresa de capital japon\u00e9s que se estableci\u00f3 en la provincia de Santo Domingo de los Ts\u00e1chilas hace ya m\u00e1s&hellip;<\/p>\n","protected":false},"author":487,"featured_media":820881,"comment_status":"closed","ping_status":"closed","sticky":false,"template":"","format":"standard","meta":{"footnotes":""},"categories":[11389,79,81,5667,1242,74,1239,67],"tags":[56163,1044,56162],"class_list":["post-820691","post","type-post","status-publish","format-standard","has-post-thumbnail","hentry","category-contenido-original","category-derechos-humanos","category-economia-es","category-foto-reportajes","category-noviolencia-tema","category-politica-es","category-salud","category-sudamerica","tag-abaca","tag-esclavitud","tag-furukawa"],"yoast_head":"<!-- This site is optimized with the Yoast SEO plugin v27.1.1 - https:\/\/yoast.com\/product\/yoast-seo-wordpress\/ -->\n<title>Furukawa: la esclavitud del abac\u00e1 en Ecuador<\/title>\n<meta name=\"description\" content=\"Ecuador es el segundo productor mundial de\u00a0abac\u00e1, que es considerado una de las fibras del futuro.\u00a0Furukawa Plantaciones C.A. del Ecuador\u00a0es una empresa\" \/>\n<meta name=\"robots\" content=\"index, follow, max-snippet:-1, max-image-preview:large, max-video-preview:-1\" \/>\n<link rel=\"canonical\" href=\"https:\/\/www.pressenza.com\/es\/2019\/03\/furukawa-la-esclavitud-del-abaca-en-ecuador\/\" \/>\n<meta property=\"og:locale\" content=\"es_ES\" \/>\n<meta property=\"og:type\" content=\"article\" \/>\n<meta property=\"og:title\" content=\"Furukawa: la esclavitud del abac\u00e1 en Ecuador\" \/>\n<meta property=\"og:description\" content=\"Ecuador es el segundo productor mundial de\u00a0abac\u00e1, que es considerado una de las fibras del futuro.\u00a0Furukawa Plantaciones C.A. del Ecuador\u00a0es una empresa\" \/>\n<meta property=\"og:url\" content=\"https:\/\/www.pressenza.com\/es\/2019\/03\/furukawa-la-esclavitud-del-abaca-en-ecuador\/\" \/>\n<meta property=\"og:site_name\" content=\"Pressenza\" \/>\n<meta property=\"article:publisher\" content=\"https:\/\/www.facebook.com\/PressenzaItalia\" \/>\n<meta property=\"article:published_time\" content=\"2019-03-11T03:36:32+00:00\" \/>\n<meta property=\"article:modified_time\" content=\"2019-03-11T08:43:09+00:00\" \/>\n<meta property=\"og:image\" content=\"https:\/\/www.pressenza.com\/wp-content\/uploads\/2019\/03\/000-IMG_7589.jpg\" \/>\n\t<meta property=\"og:image:width\" content=\"1200\" \/>\n\t<meta property=\"og:image:height\" content=\"847\" \/>\n\t<meta property=\"og:image:type\" content=\"image\/jpeg\" \/>\n<meta name=\"author\" content=\"Walker Vizcarra\" \/>\n<meta name=\"twitter:card\" content=\"summary_large_image\" \/>\n<meta name=\"twitter:creator\" content=\"@PressenzaIPA\" \/>\n<meta name=\"twitter:site\" content=\"@PressenzaIPA\" \/>\n<meta name=\"twitter:label1\" content=\"Escrito por\" \/>\n\t<meta name=\"twitter:data1\" content=\"Walker Vizcarra\" \/>\n\t<meta name=\"twitter:label2\" content=\"Tiempo de lectura\" \/>\n\t<meta name=\"twitter:data2\" content=\"2 minutos\" \/>\n<script type=\"application\/ld+json\" class=\"yoast-schema-graph\">{\"@context\":\"https:\/\/schema.org\",\"@graph\":[{\"@type\":\"Article\",\"@id\":\"https:\/\/www.pressenza.com\/es\/2019\/03\/furukawa-la-esclavitud-del-abaca-en-ecuador\/#article\",\"isPartOf\":{\"@id\":\"https:\/\/www.pressenza.com\/es\/2019\/03\/furukawa-la-esclavitud-del-abaca-en-ecuador\/\"},\"author\":{\"name\":\"Walker Vizcarra\",\"@id\":\"https:\/\/www.pressenza.com\/es\/#\/schema\/person\/304df3c2fe6309c2051fa9253134e415\"},\"headline\":\"Furukawa: la esclavitud del abac\u00e1 en Ecuador\",\"datePublished\":\"2019-03-11T03:36:32+00:00\",\"dateModified\":\"2019-03-11T08:43:09+00:00\",\"mainEntityOfPage\":{\"@id\":\"https:\/\/www.pressenza.com\/es\/2019\/03\/furukawa-la-esclavitud-del-abaca-en-ecuador\/\"},\"wordCount\":398,\"publisher\":{\"@id\":\"https:\/\/www.pressenza.com\/es\/#organization\"},\"image\":{\"@id\":\"https:\/\/www.pressenza.com\/es\/2019\/03\/furukawa-la-esclavitud-del-abaca-en-ecuador\/#primaryimage\"},\"thumbnailUrl\":\"https:\/\/www.pressenza.com\/wp-content\/uploads\/2019\/03\/000-IMG_7589.jpg\",\"keywords\":[\"Abac\u00e1\",\"esclavitud\",\"Furukawa\"],\"articleSection\":[\"Contenido Original\",\"Derechos Humanos\",\"Econom\u00eda\",\"Fotorreportajes\",\"Noviolencia\",\"Pol\u00edtica\",\"Salud\",\"Sudam\u00e9rica\"],\"inLanguage\":\"es\"},{\"@type\":\"WebPage\",\"@id\":\"https:\/\/www.pressenza.com\/es\/2019\/03\/furukawa-la-esclavitud-del-abaca-en-ecuador\/\",\"url\":\"https:\/\/www.pressenza.com\/es\/2019\/03\/furukawa-la-esclavitud-del-abaca-en-ecuador\/\",\"name\":\"Furukawa: la esclavitud del abac\u00e1 en Ecuador\",\"isPartOf\":{\"@id\":\"https:\/\/www.pressenza.com\/es\/#website\"},\"primaryImageOfPage\":{\"@id\":\"https:\/\/www.pressenza.com\/es\/2019\/03\/furukawa-la-esclavitud-del-abaca-en-ecuador\/#primaryimage\"},\"image\":{\"@id\":\"https:\/\/www.pressenza.com\/es\/2019\/03\/furukawa-la-esclavitud-del-abaca-en-ecuador\/#primaryimage\"},\"thumbnailUrl\":\"https:\/\/www.pressenza.com\/wp-content\/uploads\/2019\/03\/000-IMG_7589.jpg\",\"datePublished\":\"2019-03-11T03:36:32+00:00\",\"dateModified\":\"2019-03-11T08:43:09+00:00\",\"description\":\"Ecuador es el segundo productor mundial de\u00a0abac\u00e1, que es considerado una de las fibras del futuro.\u00a0Furukawa Plantaciones C.A. del Ecuador\u00a0es una empresa\",\"breadcrumb\":{\"@id\":\"https:\/\/www.pressenza.com\/es\/2019\/03\/furukawa-la-esclavitud-del-abaca-en-ecuador\/#breadcrumb\"},\"inLanguage\":\"es\",\"potentialAction\":[{\"@type\":\"ReadAction\",\"target\":[\"https:\/\/www.pressenza.com\/es\/2019\/03\/furukawa-la-esclavitud-del-abaca-en-ecuador\/\"]}]},{\"@type\":\"ImageObject\",\"inLanguage\":\"es\",\"@id\":\"https:\/\/www.pressenza.com\/es\/2019\/03\/furukawa-la-esclavitud-del-abaca-en-ecuador\/#primaryimage\",\"url\":\"https:\/\/www.pressenza.com\/wp-content\/uploads\/2019\/03\/000-IMG_7589.jpg\",\"contentUrl\":\"https:\/\/www.pressenza.com\/wp-content\/uploads\/2019\/03\/000-IMG_7589.jpg\",\"width\":1200,\"height\":847,\"caption\":\"J\u00f3venes en uno de los campamentos\"},{\"@type\":\"BreadcrumbList\",\"@id\":\"https:\/\/www.pressenza.com\/es\/2019\/03\/furukawa-la-esclavitud-del-abaca-en-ecuador\/#breadcrumb\",\"itemListElement\":[{\"@type\":\"ListItem\",\"position\":1,\"name\":\"Accueil\",\"item\":\"https:\/\/www.pressenza.com\/es\/\"},{\"@type\":\"ListItem\",\"position\":2,\"name\":\"Furukawa: la esclavitud del abac\u00e1 en Ecuador\"}]},{\"@type\":\"WebSite\",\"@id\":\"https:\/\/www.pressenza.com\/es\/#website\",\"url\":\"https:\/\/www.pressenza.com\/es\/\",\"name\":\"Pressenza\",\"description\":\"International Press Agency\",\"publisher\":{\"@id\":\"https:\/\/www.pressenza.com\/es\/#organization\"},\"potentialAction\":[{\"@type\":\"SearchAction\",\"target\":{\"@type\":\"EntryPoint\",\"urlTemplate\":\"https:\/\/www.pressenza.com\/es\/?s={search_term_string}\"},\"query-input\":{\"@type\":\"PropertyValueSpecification\",\"valueRequired\":true,\"valueName\":\"search_term_string\"}}],\"inLanguage\":\"es\"},{\"@type\":\"Organization\",\"@id\":\"https:\/\/www.pressenza.com\/es\/#organization\",\"name\":\"Pressenza\",\"url\":\"https:\/\/www.pressenza.com\/es\/\",\"logo\":{\"@type\":\"ImageObject\",\"inLanguage\":\"es\",\"@id\":\"https:\/\/www.pressenza.com\/es\/#\/schema\/logo\/image\/\",\"url\":\"https:\/\/www.pressenza.com\/wp-content\/uploads\/2022\/10\/pressenza_logo_200x200.jpg\",\"contentUrl\":\"https:\/\/www.pressenza.com\/wp-content\/uploads\/2022\/10\/pressenza_logo_200x200.jpg\",\"width\":200,\"height\":200,\"caption\":\"Pressenza\"},\"image\":{\"@id\":\"https:\/\/www.pressenza.com\/es\/#\/schema\/logo\/image\/\"},\"sameAs\":[\"https:\/\/www.facebook.com\/PressenzaItalia\",\"https:\/\/x.com\/PressenzaIPA\"]},{\"@type\":\"Person\",\"@id\":\"https:\/\/www.pressenza.com\/es\/#\/schema\/person\/304df3c2fe6309c2051fa9253134e415\",\"name\":\"Walker Vizcarra\",\"description\":\"Ecuadorian, photographer and nonviolence activist! https:\/\/www.instagram.com\/walker.vizcarra\/\",\"url\":\"https:\/\/www.pressenza.com\/es\/author\/walker-vizcarra\/\"}]}<\/script>\n<!-- \/ Yoast SEO plugin. -->","yoast_head_json":{"title":"Furukawa: la esclavitud del abac\u00e1 en Ecuador","description":"Ecuador es el segundo productor mundial de\u00a0abac\u00e1, que es considerado una de las fibras del futuro.\u00a0Furukawa Plantaciones C.A. del Ecuador\u00a0es una empresa","robots":{"index":"index","follow":"follow","max-snippet":"max-snippet:-1","max-image-preview":"max-image-preview:large","max-video-preview":"max-video-preview:-1"},"canonical":"https:\/\/www.pressenza.com\/es\/2019\/03\/furukawa-la-esclavitud-del-abaca-en-ecuador\/","og_locale":"es_ES","og_type":"article","og_title":"Furukawa: la esclavitud del abac\u00e1 en Ecuador","og_description":"Ecuador es el segundo productor mundial de\u00a0abac\u00e1, que es considerado una de las fibras del futuro.\u00a0Furukawa Plantaciones C.A. del Ecuador\u00a0es una empresa","og_url":"https:\/\/www.pressenza.com\/es\/2019\/03\/furukawa-la-esclavitud-del-abaca-en-ecuador\/","og_site_name":"Pressenza","article_publisher":"https:\/\/www.facebook.com\/PressenzaItalia","article_published_time":"2019-03-11T03:36:32+00:00","article_modified_time":"2019-03-11T08:43:09+00:00","og_image":[{"width":1200,"height":847,"url":"https:\/\/www.pressenza.com\/wp-content\/uploads\/2019\/03\/000-IMG_7589.jpg","type":"image\/jpeg"}],"author":"Walker Vizcarra","twitter_card":"summary_large_image","twitter_creator":"@PressenzaIPA","twitter_site":"@PressenzaIPA","twitter_misc":{"Escrito por":"Walker Vizcarra","Tiempo de lectura":"2 minutos"},"schema":{"@context":"https:\/\/schema.org","@graph":[{"@type":"Article","@id":"https:\/\/www.pressenza.com\/es\/2019\/03\/furukawa-la-esclavitud-del-abaca-en-ecuador\/#article","isPartOf":{"@id":"https:\/\/www.pressenza.com\/es\/2019\/03\/furukawa-la-esclavitud-del-abaca-en-ecuador\/"},"author":{"name":"Walker Vizcarra","@id":"https:\/\/www.pressenza.com\/es\/#\/schema\/person\/304df3c2fe6309c2051fa9253134e415"},"headline":"Furukawa: la esclavitud del abac\u00e1 en Ecuador","datePublished":"2019-03-11T03:36:32+00:00","dateModified":"2019-03-11T08:43:09+00:00","mainEntityOfPage":{"@id":"https:\/\/www.pressenza.com\/es\/2019\/03\/furukawa-la-esclavitud-del-abaca-en-ecuador\/"},"wordCount":398,"publisher":{"@id":"https:\/\/www.pressenza.com\/es\/#organization"},"image":{"@id":"https:\/\/www.pressenza.com\/es\/2019\/03\/furukawa-la-esclavitud-del-abaca-en-ecuador\/#primaryimage"},"thumbnailUrl":"https:\/\/www.pressenza.com\/wp-content\/uploads\/2019\/03\/000-IMG_7589.jpg","keywords":["Abac\u00e1","esclavitud","Furukawa"],"articleSection":["Contenido Original","Derechos Humanos","Econom\u00eda","Fotorreportajes","Noviolencia","Pol\u00edtica","Salud","Sudam\u00e9rica"],"inLanguage":"es"},{"@type":"WebPage","@id":"https:\/\/www.pressenza.com\/es\/2019\/03\/furukawa-la-esclavitud-del-abaca-en-ecuador\/","url":"https:\/\/www.pressenza.com\/es\/2019\/03\/furukawa-la-esclavitud-del-abaca-en-ecuador\/","name":"Furukawa: la esclavitud del abac\u00e1 en Ecuador","isPartOf":{"@id":"https:\/\/www.pressenza.com\/es\/#website"},"primaryImageOfPage":{"@id":"https:\/\/www.pressenza.com\/es\/2019\/03\/furukawa-la-esclavitud-del-abaca-en-ecuador\/#primaryimage"},"image":{"@id":"https:\/\/www.pressenza.com\/es\/2019\/03\/furukawa-la-esclavitud-del-abaca-en-ecuador\/#primaryimage"},"thumbnailUrl":"https:\/\/www.pressenza.com\/wp-content\/uploads\/2019\/03\/000-IMG_7589.jpg","datePublished":"2019-03-11T03:36:32+00:00","dateModified":"2019-03-11T08:43:09+00:00","description":"Ecuador es el segundo productor mundial de\u00a0abac\u00e1, que es considerado una de las fibras del futuro.\u00a0Furukawa Plantaciones C.A. del Ecuador\u00a0es una empresa","breadcrumb":{"@id":"https:\/\/www.pressenza.com\/es\/2019\/03\/furukawa-la-esclavitud-del-abaca-en-ecuador\/#breadcrumb"},"inLanguage":"es","potentialAction":[{"@type":"ReadAction","target":["https:\/\/www.pressenza.com\/es\/2019\/03\/furukawa-la-esclavitud-del-abaca-en-ecuador\/"]}]},{"@type":"ImageObject","inLanguage":"es","@id":"https:\/\/www.pressenza.com\/es\/2019\/03\/furukawa-la-esclavitud-del-abaca-en-ecuador\/#primaryimage","url":"https:\/\/www.pressenza.com\/wp-content\/uploads\/2019\/03\/000-IMG_7589.jpg","contentUrl":"https:\/\/www.pressenza.com\/wp-content\/uploads\/2019\/03\/000-IMG_7589.jpg","width":1200,"height":847,"caption":"J\u00f3venes en uno de los campamentos"},{"@type":"BreadcrumbList","@id":"https:\/\/www.pressenza.com\/es\/2019\/03\/furukawa-la-esclavitud-del-abaca-en-ecuador\/#breadcrumb","itemListElement":[{"@type":"ListItem","position":1,"name":"Accueil","item":"https:\/\/www.pressenza.com\/es\/"},{"@type":"ListItem","position":2,"name":"Furukawa: la esclavitud del abac\u00e1 en Ecuador"}]},{"@type":"WebSite","@id":"https:\/\/www.pressenza.com\/es\/#website","url":"https:\/\/www.pressenza.com\/es\/","name":"Pressenza","description":"International Press Agency","publisher":{"@id":"https:\/\/www.pressenza.com\/es\/#organization"},"potentialAction":[{"@type":"SearchAction","target":{"@type":"EntryPoint","urlTemplate":"https:\/\/www.pressenza.com\/es\/?s={search_term_string}"},"query-input":{"@type":"PropertyValueSpecification","valueRequired":true,"valueName":"search_term_string"}}],"inLanguage":"es"},{"@type":"Organization","@id":"https:\/\/www.pressenza.com\/es\/#organization","name":"Pressenza","url":"https:\/\/www.pressenza.com\/es\/","logo":{"@type":"ImageObject","inLanguage":"es","@id":"https:\/\/www.pressenza.com\/es\/#\/schema\/logo\/image\/","url":"https:\/\/www.pressenza.com\/wp-content\/uploads\/2022\/10\/pressenza_logo_200x200.jpg","contentUrl":"https:\/\/www.pressenza.com\/wp-content\/uploads\/2022\/10\/pressenza_logo_200x200.jpg","width":200,"height":200,"caption":"Pressenza"},"image":{"@id":"https:\/\/www.pressenza.com\/es\/#\/schema\/logo\/image\/"},"sameAs":["https:\/\/www.facebook.com\/PressenzaItalia","https:\/\/x.com\/PressenzaIPA"]},{"@type":"Person","@id":"https:\/\/www.pressenza.com\/es\/#\/schema\/person\/304df3c2fe6309c2051fa9253134e415","name":"Walker Vizcarra","description":"Ecuadorian, photographer and nonviolence activist! https:\/\/www.instagram.com\/walker.vizcarra\/","url":"https:\/\/www.pressenza.com\/es\/author\/walker-vizcarra\/"}]}},"place":"Ecuador","original_article_url":"","_links":{"self":[{"href":"https:\/\/www.pressenza.com\/es\/wp-json\/wp\/v2\/posts\/820691","targetHints":{"allow":["GET"]}}],"collection":[{"href":"https:\/\/www.pressenza.com\/es\/wp-json\/wp\/v2\/posts"}],"about":[{"href":"https:\/\/www.pressenza.com\/es\/wp-json\/wp\/v2\/types\/post"}],"author":[{"embeddable":true,"href":"https:\/\/www.pressenza.com\/es\/wp-json\/wp\/v2\/users\/487"}],"replies":[{"embeddable":true,"href":"https:\/\/www.pressenza.com\/es\/wp-json\/wp\/v2\/comments?post=820691"}],"version-history":[{"count":0,"href":"https:\/\/www.pressenza.com\/es\/wp-json\/wp\/v2\/posts\/820691\/revisions"}],"wp:featuredmedia":[{"embeddable":true,"href":"https:\/\/www.pressenza.com\/es\/wp-json\/wp\/v2\/media\/820881"}],"wp:attachment":[{"href":"https:\/\/www.pressenza.com\/es\/wp-json\/wp\/v2\/media?parent=820691"}],"wp:term":[{"taxonomy":"category","embeddable":true,"href":"https:\/\/www.pressenza.com\/es\/wp-json\/wp\/v2\/categories?post=820691"},{"taxonomy":"post_tag","embeddable":true,"href":"https:\/\/www.pressenza.com\/es\/wp-json\/wp\/v2\/tags?post=820691"}],"curies":[{"name":"wp","href":"https:\/\/api.w.org\/{rel}","templated":true}]}}