{"id":819973,"date":"2019-03-10T01:35:39","date_gmt":"2019-03-10T01:35:39","guid":{"rendered":"https:\/\/www.pressenza.com\/?p=819973"},"modified":"2019-03-10T01:35:39","modified_gmt":"2019-03-10T01:35:39","slug":"miles-de-personas-se-manifiestan-en-berlin-por-los-derechos-de-las-mujeres","status":"publish","type":"post","link":"https:\/\/www.pressenza.com\/es\/2019\/03\/miles-de-personas-se-manifiestan-en-berlin-por-los-derechos-de-las-mujeres\/","title":{"rendered":"Miles de personas se manifiestan en Berl\u00edn por los derechos de las mujeres"},"content":{"rendered":"<p><strong>Ayer, miles de personas se manifestaron pac\u00edficamente por la igualdad de mujeres y hombres en Berl\u00edn con motivo del D\u00eda Internacional de la Mujer.<\/strong><\/p>\n<p>Este a\u00f1o, el D\u00eda Internacional de la Mujer es por primera vez un feriado oficial en Berl\u00edn. Las marchas del largo fin de semana por la igualdad de g\u00e9nero no se detuvieron en las calles. Se exigi\u00f3 un salario igual por un trabajo de igual valor, m\u00e1s reconocimiento y m\u00e1s mujeres en posiciones de liderazgo. Adem\u00e1s, se establecieron signos de sexismo cotidiano, violencia dom\u00e9stica y las disposiciones 218 y 219a sobre aborto.<\/p>\n<p><em>Reportaje fotogr\u00e1fico de Maga Navarrete<\/em><\/p>\n<p><img loading=\"lazy\" decoding=\"async\" class=\"aligncenter wp-image-819628\" src=\"https:\/\/www.pressenza.com\/wp-content\/uploads\/2019\/03\/satzfrauendemoberlinmaga-720x509.jpg\" alt=\"\" width=\"750\" height=\"530\" srcset=\"https:\/\/www.pressenza.com\/wp-content\/uploads\/2019\/03\/satzfrauendemoberlinmaga-720x509.jpg 720w, https:\/\/www.pressenza.com\/wp-content\/uploads\/2019\/03\/satzfrauendemoberlinmaga-300x212.jpg 300w, https:\/\/www.pressenza.com\/wp-content\/uploads\/2019\/03\/satzfrauendemoberlinmaga-768x543.jpg 768w, https:\/\/www.pressenza.com\/wp-content\/uploads\/2019\/03\/satzfrauendemoberlinmaga.jpg 770w\" sizes=\"auto, (max-width: 750px) 100vw, 750px\" \/> <img loading=\"lazy\" decoding=\"async\" class=\"aligncenter wp-image-819637\" src=\"https:\/\/www.pressenza.com\/wp-content\/uploads\/2019\/03\/berlinfrauendemomaga-720x480.jpg\" alt=\"\" width=\"753\" height=\"502\" srcset=\"https:\/\/www.pressenza.com\/wp-content\/uploads\/2019\/03\/berlinfrauendemomaga-720x480.jpg 720w, https:\/\/www.pressenza.com\/wp-content\/uploads\/2019\/03\/berlinfrauendemomaga-300x200.jpg 300w, https:\/\/www.pressenza.com\/wp-content\/uploads\/2019\/03\/berlinfrauendemomaga-768x512.jpg 768w, https:\/\/www.pressenza.com\/wp-content\/uploads\/2019\/03\/berlinfrauendemomaga.jpg 770w\" sizes=\"auto, (max-width: 753px) 100vw, 753px\" \/> <img loading=\"lazy\" decoding=\"async\" class=\"aligncenter wp-image-819646\" src=\"https:\/\/www.pressenza.com\/wp-content\/uploads\/2019\/03\/berlinfreuntagmaga-720x480.jpg\" alt=\"\" width=\"750\" height=\"500\" srcset=\"https:\/\/www.pressenza.com\/wp-content\/uploads\/2019\/03\/berlinfreuntagmaga-720x480.jpg 720w, https:\/\/www.pressenza.com\/wp-content\/uploads\/2019\/03\/berlinfreuntagmaga-300x200.jpg 300w, https:\/\/www.pressenza.com\/wp-content\/uploads\/2019\/03\/berlinfreuntagmaga-768x512.jpg 768w, https:\/\/www.pressenza.com\/wp-content\/uploads\/2019\/03\/berlinfreuntagmaga.jpg 770w\" sizes=\"auto, (max-width: 750px) 100vw, 750px\" \/> <img loading=\"lazy\" decoding=\"async\" class=\"aligncenter wp-image-819655\" src=\"https:\/\/www.pressenza.com\/wp-content\/uploads\/2019\/03\/demofrauenmaga2019-720x480.jpg\" alt=\"\" width=\"752\" height=\"501\" srcset=\"https:\/\/www.pressenza.com\/wp-content\/uploads\/2019\/03\/demofrauenmaga2019-720x480.jpg 720w, https:\/\/www.pressenza.com\/wp-content\/uploads\/2019\/03\/demofrauenmaga2019-300x200.jpg 300w, https:\/\/www.pressenza.com\/wp-content\/uploads\/2019\/03\/demofrauenmaga2019-768x512.jpg 768w, https:\/\/www.pressenza.com\/wp-content\/uploads\/2019\/03\/demofrauenmaga2019.jpg 770w\" sizes=\"auto, (max-width: 752px) 100vw, 752px\" \/> <img loading=\"lazy\" decoding=\"async\" class=\"aligncenter wp-image-819664\" src=\"https:\/\/www.pressenza.com\/wp-content\/uploads\/2019\/03\/femins2019berlinmaga-720x499.jpg\" alt=\"\" width=\"753\" height=\"522\" srcset=\"https:\/\/www.pressenza.com\/wp-content\/uploads\/2019\/03\/femins2019berlinmaga-720x499.jpg 720w, https:\/\/www.pressenza.com\/wp-content\/uploads\/2019\/03\/femins2019berlinmaga-300x208.jpg 300w, https:\/\/www.pressenza.com\/wp-content\/uploads\/2019\/03\/femins2019berlinmaga-768x533.jpg 768w, https:\/\/www.pressenza.com\/wp-content\/uploads\/2019\/03\/femins2019berlinmaga.jpg 770w\" sizes=\"auto, (max-width: 753px) 100vw, 753px\" \/> <img loading=\"lazy\" decoding=\"async\" class=\"aligncenter wp-image-819673\" src=\"https:\/\/www.pressenza.com\/wp-content\/uploads\/2019\/03\/frauendemomaga-720x480.jpg\" alt=\"\" width=\"750\" height=\"500\" srcset=\"https:\/\/www.pressenza.com\/wp-content\/uploads\/2019\/03\/frauendemomaga-720x480.jpg 720w, https:\/\/www.pressenza.com\/wp-content\/uploads\/2019\/03\/frauendemomaga-300x200.jpg 300w, https:\/\/www.pressenza.com\/wp-content\/uploads\/2019\/03\/frauendemomaga-768x512.jpg 768w, https:\/\/www.pressenza.com\/wp-content\/uploads\/2019\/03\/frauendemomaga.jpg 770w\" sizes=\"auto, (max-width: 750px) 100vw, 750px\" \/> <img loading=\"lazy\" decoding=\"async\" class=\"aligncenter wp-image-819682\" src=\"https:\/\/www.pressenza.com\/wp-content\/uploads\/2019\/03\/frauenrechtberlinmaga-720x468.jpg\" alt=\"\" width=\"751\" height=\"488\" srcset=\"https:\/\/www.pressenza.com\/wp-content\/uploads\/2019\/03\/frauenrechtberlinmaga-720x468.jpg 720w, https:\/\/www.pressenza.com\/wp-content\/uploads\/2019\/03\/frauenrechtberlinmaga-300x195.jpg 300w, https:\/\/www.pressenza.com\/wp-content\/uploads\/2019\/03\/frauenrechtberlinmaga-768x500.jpg 768w, https:\/\/www.pressenza.com\/wp-content\/uploads\/2019\/03\/frauenrechtberlinmaga.jpg 770w\" sizes=\"auto, (max-width: 751px) 100vw, 751px\" \/> <img loading=\"lazy\" decoding=\"async\" class=\"aligncenter wp-image-819700\" src=\"https:\/\/www.pressenza.com\/wp-content\/uploads\/2019\/03\/frauentagberlin2019maga-720x480.jpg\" alt=\"\" width=\"752\" height=\"501\" srcset=\"https:\/\/www.pressenza.com\/wp-content\/uploads\/2019\/03\/frauentagberlin2019maga-720x480.jpg 720w, https:\/\/www.pressenza.com\/wp-content\/uploads\/2019\/03\/frauentagberlin2019maga-300x200.jpg 300w, https:\/\/www.pressenza.com\/wp-content\/uploads\/2019\/03\/frauentagberlin2019maga-768x512.jpg 768w, https:\/\/www.pressenza.com\/wp-content\/uploads\/2019\/03\/frauentagberlin2019maga.jpg 770w\" sizes=\"auto, (max-width: 752px) 100vw, 752px\" \/> <img loading=\"lazy\" decoding=\"async\" class=\"aligncenter wp-image-819709\" src=\"https:\/\/www.pressenza.com\/wp-content\/uploads\/2019\/03\/frauentagberlinmaga-720x480.jpg\" alt=\"\" width=\"758\" height=\"505\" srcset=\"https:\/\/www.pressenza.com\/wp-content\/uploads\/2019\/03\/frauentagberlinmaga-720x480.jpg 720w, https:\/\/www.pressenza.com\/wp-content\/uploads\/2019\/03\/frauentagberlinmaga-300x200.jpg 300w, https:\/\/www.pressenza.com\/wp-content\/uploads\/2019\/03\/frauentagberlinmaga-768x512.jpg 768w, https:\/\/www.pressenza.com\/wp-content\/uploads\/2019\/03\/frauentagberlinmaga.jpg 770w\" sizes=\"auto, (max-width: 758px) 100vw, 758px\" \/> <img loading=\"lazy\" decoding=\"async\" class=\"aligncenter wp-image-819718\" src=\"https:\/\/www.pressenza.com\/wp-content\/uploads\/2019\/03\/gritodemujermagaberlinmaga-720x480.jpg\" alt=\"\" width=\"759\" height=\"506\" srcset=\"https:\/\/www.pressenza.com\/wp-content\/uploads\/2019\/03\/gritodemujermagaberlinmaga-720x480.jpg 720w, https:\/\/www.pressenza.com\/wp-content\/uploads\/2019\/03\/gritodemujermagaberlinmaga-300x200.jpg 300w, https:\/\/www.pressenza.com\/wp-content\/uploads\/2019\/03\/gritodemujermagaberlinmaga-768x512.jpg 768w, https:\/\/www.pressenza.com\/wp-content\/uploads\/2019\/03\/gritodemujermagaberlinmaga.jpg 770w\" sizes=\"auto, (max-width: 759px) 100vw, 759px\" \/> <img loading=\"lazy\" decoding=\"async\" class=\"aligncenter wp-image-819736\" src=\"https:\/\/www.pressenza.com\/wp-content\/uploads\/2019\/03\/jugendfrauenmaga-720x439.jpg\" alt=\"\" width=\"769\" height=\"469\" srcset=\"https:\/\/www.pressenza.com\/wp-content\/uploads\/2019\/03\/jugendfrauenmaga-720x439.jpg 720w, https:\/\/www.pressenza.com\/wp-content\/uploads\/2019\/03\/jugendfrauenmaga-300x183.jpg 300w, https:\/\/www.pressenza.com\/wp-content\/uploads\/2019\/03\/jugendfrauenmaga-768x468.jpg 768w, https:\/\/www.pressenza.com\/wp-content\/uploads\/2019\/03\/jugendfrauenmaga.jpg 770w\" sizes=\"auto, (max-width: 769px) 100vw, 769px\" \/> <img loading=\"lazy\" decoding=\"async\" class=\"aligncenter wp-image-819745\" src=\"https:\/\/www.pressenza.com\/wp-content\/uploads\/2019\/03\/madchendemomaga-720x497.jpg\" alt=\"\" width=\"750\" height=\"518\" srcset=\"https:\/\/www.pressenza.com\/wp-content\/uploads\/2019\/03\/madchendemomaga-720x497.jpg 720w, https:\/\/www.pressenza.com\/wp-content\/uploads\/2019\/03\/madchendemomaga-300x207.jpg 300w, https:\/\/www.pressenza.com\/wp-content\/uploads\/2019\/03\/madchendemomaga-768x530.jpg 768w, https:\/\/www.pressenza.com\/wp-content\/uploads\/2019\/03\/madchendemomaga.jpg 770w\" sizes=\"auto, (max-width: 750px) 100vw, 750px\" \/> <img loading=\"lazy\" decoding=\"async\" class=\"aligncenter wp-image-819754\" src=\"https:\/\/www.pressenza.com\/wp-content\/uploads\/2019\/03\/mfberlindemomaga-720x480.jpg\" alt=\"\" width=\"758\" height=\"505\" srcset=\"https:\/\/www.pressenza.com\/wp-content\/uploads\/2019\/03\/mfberlindemomaga-720x480.jpg 720w, https:\/\/www.pressenza.com\/wp-content\/uploads\/2019\/03\/mfberlindemomaga-300x200.jpg 300w, https:\/\/www.pressenza.com\/wp-content\/uploads\/2019\/03\/mfberlindemomaga-768x512.jpg 768w, https:\/\/www.pressenza.com\/wp-content\/uploads\/2019\/03\/mfberlindemomaga.jpg 770w\" sizes=\"auto, (max-width: 758px) 100vw, 758px\" \/> <img loading=\"lazy\" decoding=\"async\" class=\"aligncenter wp-image-819691\" src=\"https:\/\/www.pressenza.com\/wp-content\/uploads\/2019\/03\/frauenrechtemagaberlin.jpg\" alt=\"\" width=\"381\" height=\"572\" srcset=\"https:\/\/www.pressenza.com\/wp-content\/uploads\/2019\/03\/frauenrechtemagaberlin.jpg 513w, https:\/\/www.pressenza.com\/wp-content\/uploads\/2019\/03\/frauenrechtemagaberlin-200x300.jpg 200w\" sizes=\"auto, (max-width: 381px) 100vw, 381px\" \/><\/p>\n<hr \/>\n<p><em>Traducci\u00f3n del alem\u00e1n por Sof\u00eda Yunga<\/em><\/p>\n","protected":false},"excerpt":{"rendered":"<p>Ayer, miles de personas se manifestaron pac\u00edficamente por la igualdad de mujeres y hombres en Berl\u00edn con motivo del D\u00eda Internacional de la Mujer. Este a\u00f1o, el D\u00eda Internacional de la Mujer es por primera vez un feriado oficial en&hellip;<\/p>\n","protected":false},"author":1444,"featured_media":819627,"comment_status":"closed","ping_status":"closed","sticky":false,"template":"","format":"standard","meta":{"footnotes":""},"categories":[11389,79,66,5667,54515],"tags":[17958,24719,20290,56124,56125],"class_list":["post-819973","post","type-post","status-publish","format-standard","has-post-thumbnail","hentry","category-contenido-original","category-derechos-humanos","category-europa-es","category-foto-reportajes","category-genero-y-feminismos","tag-derechos-de-la-mujer","tag-dia-internacional-de-la-mujer","tag-igualdad-de-genero","tag-lucha-internacional-de-la-mujer","tag-normativa-219a"],"yoast_head":"<!-- This site is optimized with the Yoast SEO plugin v27.1.1 - https:\/\/yoast.com\/product\/yoast-seo-wordpress\/ -->\n<title>Miles de personas se manifiestan en Berl\u00edn por los derechos de las mujeres<\/title>\n<meta name=\"description\" content=\"Ayer, miles de personas se manifestaron pac\u00edficamente por la igualdad de mujeres y hombres en Berl\u00edn con motivo del D\u00eda Internacional de la Mujer. Este\" \/>\n<meta name=\"robots\" content=\"index, follow, max-snippet:-1, max-image-preview:large, max-video-preview:-1\" \/>\n<link rel=\"canonical\" href=\"https:\/\/www.pressenza.com\/es\/2019\/03\/miles-de-personas-se-manifiestan-en-berlin-por-los-derechos-de-las-mujeres\/\" \/>\n<meta property=\"og:locale\" content=\"es_ES\" \/>\n<meta property=\"og:type\" content=\"article\" \/>\n<meta property=\"og:title\" content=\"Miles de personas se manifiestan en Berl\u00edn por los derechos de las mujeres\" \/>\n<meta property=\"og:description\" content=\"Ayer, miles de personas se manifestaron pac\u00edficamente por la igualdad de mujeres y hombres en Berl\u00edn con motivo del D\u00eda Internacional de la Mujer. Este\" \/>\n<meta property=\"og:url\" content=\"https:\/\/www.pressenza.com\/es\/2019\/03\/miles-de-personas-se-manifiestan-en-berlin-por-los-derechos-de-las-mujeres\/\" \/>\n<meta property=\"og:site_name\" content=\"Pressenza\" \/>\n<meta property=\"article:publisher\" content=\"https:\/\/www.facebook.com\/PressenzaItalia\" \/>\n<meta property=\"article:published_time\" content=\"2019-03-10T01:35:39+00:00\" \/>\n<meta property=\"og:image\" content=\"https:\/\/www.pressenza.com\/wp-content\/uploads\/2019\/03\/8m\u00e4rzdemoberlinmaga.jpg\" \/>\n\t<meta property=\"og:image:width\" content=\"770\" \/>\n\t<meta property=\"og:image:height\" content=\"457\" \/>\n\t<meta property=\"og:image:type\" content=\"image\/jpeg\" \/>\n<meta name=\"author\" content=\"Magaly Navarrete\" \/>\n<meta name=\"twitter:card\" content=\"summary_large_image\" \/>\n<meta name=\"twitter:creator\" content=\"@PressenzaIPA\" \/>\n<meta name=\"twitter:site\" content=\"@PressenzaIPA\" \/>\n<meta name=\"twitter:label1\" content=\"Escrito por\" \/>\n\t<meta name=\"twitter:data1\" content=\"Magaly Navarrete\" \/>\n\t<meta name=\"twitter:label2\" content=\"Tiempo de lectura\" \/>\n\t<meta name=\"twitter:data2\" content=\"1 minuto\" \/>\n<script type=\"application\/ld+json\" class=\"yoast-schema-graph\">{\"@context\":\"https:\/\/schema.org\",\"@graph\":[{\"@type\":\"Article\",\"@id\":\"https:\/\/www.pressenza.com\/es\/2019\/03\/miles-de-personas-se-manifiestan-en-berlin-por-los-derechos-de-las-mujeres\/#article\",\"isPartOf\":{\"@id\":\"https:\/\/www.pressenza.com\/es\/2019\/03\/miles-de-personas-se-manifiestan-en-berlin-por-los-derechos-de-las-mujeres\/\"},\"author\":{\"name\":\"Magaly Navarrete\",\"@id\":\"https:\/\/www.pressenza.com\/es\/#\/schema\/person\/a9ab62fe53243f89da63c55b99759d27\"},\"headline\":\"Miles de personas se manifiestan en Berl\u00edn por los derechos de las mujeres\",\"datePublished\":\"2019-03-10T01:35:39+00:00\",\"mainEntityOfPage\":{\"@id\":\"https:\/\/www.pressenza.com\/es\/2019\/03\/miles-de-personas-se-manifiestan-en-berlin-por-los-derechos-de-las-mujeres\/\"},\"wordCount\":135,\"publisher\":{\"@id\":\"https:\/\/www.pressenza.com\/es\/#organization\"},\"image\":{\"@id\":\"https:\/\/www.pressenza.com\/es\/2019\/03\/miles-de-personas-se-manifiestan-en-berlin-por-los-derechos-de-las-mujeres\/#primaryimage\"},\"thumbnailUrl\":\"https:\/\/www.pressenza.com\/wp-content\/uploads\/2019\/03\/8m\u00e4rzdemoberlinmaga.jpg\",\"keywords\":[\"Derechos de la Mujer\",\"D\u00eda Internacional de la Mujer\",\"Igualdad de g\u00e9nero\",\"Lucha internacional de la mujer\",\"Normativa 219a\"],\"articleSection\":[\"Contenido Original\",\"Derechos Humanos\",\"Europa\",\"Fotorreportajes\",\"G\u00e9nero y Feminismos\"],\"inLanguage\":\"es\"},{\"@type\":\"WebPage\",\"@id\":\"https:\/\/www.pressenza.com\/es\/2019\/03\/miles-de-personas-se-manifiestan-en-berlin-por-los-derechos-de-las-mujeres\/\",\"url\":\"https:\/\/www.pressenza.com\/es\/2019\/03\/miles-de-personas-se-manifiestan-en-berlin-por-los-derechos-de-las-mujeres\/\",\"name\":\"Miles de personas se manifiestan en Berl\u00edn por los derechos de las mujeres\",\"isPartOf\":{\"@id\":\"https:\/\/www.pressenza.com\/es\/#website\"},\"primaryImageOfPage\":{\"@id\":\"https:\/\/www.pressenza.com\/es\/2019\/03\/miles-de-personas-se-manifiestan-en-berlin-por-los-derechos-de-las-mujeres\/#primaryimage\"},\"image\":{\"@id\":\"https:\/\/www.pressenza.com\/es\/2019\/03\/miles-de-personas-se-manifiestan-en-berlin-por-los-derechos-de-las-mujeres\/#primaryimage\"},\"thumbnailUrl\":\"https:\/\/www.pressenza.com\/wp-content\/uploads\/2019\/03\/8m\u00e4rzdemoberlinmaga.jpg\",\"datePublished\":\"2019-03-10T01:35:39+00:00\",\"description\":\"Ayer, miles de personas se manifestaron pac\u00edficamente por la igualdad de mujeres y hombres en Berl\u00edn con motivo del D\u00eda Internacional de la Mujer. Este\",\"breadcrumb\":{\"@id\":\"https:\/\/www.pressenza.com\/es\/2019\/03\/miles-de-personas-se-manifiestan-en-berlin-por-los-derechos-de-las-mujeres\/#breadcrumb\"},\"inLanguage\":\"es\",\"potentialAction\":[{\"@type\":\"ReadAction\",\"target\":[\"https:\/\/www.pressenza.com\/es\/2019\/03\/miles-de-personas-se-manifiestan-en-berlin-por-los-derechos-de-las-mujeres\/\"]}]},{\"@type\":\"ImageObject\",\"inLanguage\":\"es\",\"@id\":\"https:\/\/www.pressenza.com\/es\/2019\/03\/miles-de-personas-se-manifiestan-en-berlin-por-los-derechos-de-las-mujeres\/#primaryimage\",\"url\":\"https:\/\/www.pressenza.com\/wp-content\/uploads\/2019\/03\/8m\u00e4rzdemoberlinmaga.jpg\",\"contentUrl\":\"https:\/\/www.pressenza.com\/wp-content\/uploads\/2019\/03\/8m\u00e4rzdemoberlinmaga.jpg\",\"width\":770,\"height\":457},{\"@type\":\"BreadcrumbList\",\"@id\":\"https:\/\/www.pressenza.com\/es\/2019\/03\/miles-de-personas-se-manifiestan-en-berlin-por-los-derechos-de-las-mujeres\/#breadcrumb\",\"itemListElement\":[{\"@type\":\"ListItem\",\"position\":1,\"name\":\"Accueil\",\"item\":\"https:\/\/www.pressenza.com\/es\/\"},{\"@type\":\"ListItem\",\"position\":2,\"name\":\"Miles de personas se manifiestan en Berl\u00edn por los derechos de las mujeres\"}]},{\"@type\":\"WebSite\",\"@id\":\"https:\/\/www.pressenza.com\/es\/#website\",\"url\":\"https:\/\/www.pressenza.com\/es\/\",\"name\":\"Pressenza\",\"description\":\"International Press Agency\",\"publisher\":{\"@id\":\"https:\/\/www.pressenza.com\/es\/#organization\"},\"potentialAction\":[{\"@type\":\"SearchAction\",\"target\":{\"@type\":\"EntryPoint\",\"urlTemplate\":\"https:\/\/www.pressenza.com\/es\/?s={search_term_string}\"},\"query-input\":{\"@type\":\"PropertyValueSpecification\",\"valueRequired\":true,\"valueName\":\"search_term_string\"}}],\"inLanguage\":\"es\"},{\"@type\":\"Organization\",\"@id\":\"https:\/\/www.pressenza.com\/es\/#organization\",\"name\":\"Pressenza\",\"url\":\"https:\/\/www.pressenza.com\/es\/\",\"logo\":{\"@type\":\"ImageObject\",\"inLanguage\":\"es\",\"@id\":\"https:\/\/www.pressenza.com\/es\/#\/schema\/logo\/image\/\",\"url\":\"https:\/\/www.pressenza.com\/wp-content\/uploads\/2022\/10\/pressenza_logo_200x200.jpg\",\"contentUrl\":\"https:\/\/www.pressenza.com\/wp-content\/uploads\/2022\/10\/pressenza_logo_200x200.jpg\",\"width\":200,\"height\":200,\"caption\":\"Pressenza\"},\"image\":{\"@id\":\"https:\/\/www.pressenza.com\/es\/#\/schema\/logo\/image\/\"},\"sameAs\":[\"https:\/\/www.facebook.com\/PressenzaItalia\",\"https:\/\/x.com\/PressenzaIPA\"]},{\"@type\":\"Person\",\"@id\":\"https:\/\/www.pressenza.com\/es\/#\/schema\/person\/a9ab62fe53243f89da63c55b99759d27\",\"name\":\"Magaly Navarrete\",\"description\":\"Gestora Cultural, Fot\u00f3grafa de Pressenza e integrante de la \\\"Red Arte Transformador\\\" desarrolla proyectos de \\\"Arte y No-violencia\\\", en Latinoam\u00e9rica y Europa, actualmente reside en Berl\u00edn.\",\"url\":\"https:\/\/www.pressenza.com\/es\/author\/magaly-navarrete\/\"}]}<\/script>\n<!-- \/ Yoast SEO plugin. -->","yoast_head_json":{"title":"Miles de personas se manifiestan en Berl\u00edn por los derechos de las mujeres","description":"Ayer, miles de personas se manifestaron pac\u00edficamente por la igualdad de mujeres y hombres en Berl\u00edn con motivo del D\u00eda Internacional de la Mujer. Este","robots":{"index":"index","follow":"follow","max-snippet":"max-snippet:-1","max-image-preview":"max-image-preview:large","max-video-preview":"max-video-preview:-1"},"canonical":"https:\/\/www.pressenza.com\/es\/2019\/03\/miles-de-personas-se-manifiestan-en-berlin-por-los-derechos-de-las-mujeres\/","og_locale":"es_ES","og_type":"article","og_title":"Miles de personas se manifiestan en Berl\u00edn por los derechos de las mujeres","og_description":"Ayer, miles de personas se manifestaron pac\u00edficamente por la igualdad de mujeres y hombres en Berl\u00edn con motivo del D\u00eda Internacional de la Mujer. Este","og_url":"https:\/\/www.pressenza.com\/es\/2019\/03\/miles-de-personas-se-manifiestan-en-berlin-por-los-derechos-de-las-mujeres\/","og_site_name":"Pressenza","article_publisher":"https:\/\/www.facebook.com\/PressenzaItalia","article_published_time":"2019-03-10T01:35:39+00:00","og_image":[{"width":770,"height":457,"url":"https:\/\/www.pressenza.com\/wp-content\/uploads\/2019\/03\/8m\u00e4rzdemoberlinmaga.jpg","type":"image\/jpeg"}],"author":"Magaly Navarrete","twitter_card":"summary_large_image","twitter_creator":"@PressenzaIPA","twitter_site":"@PressenzaIPA","twitter_misc":{"Escrito por":"Magaly Navarrete","Tiempo de lectura":"1 minuto"},"schema":{"@context":"https:\/\/schema.org","@graph":[{"@type":"Article","@id":"https:\/\/www.pressenza.com\/es\/2019\/03\/miles-de-personas-se-manifiestan-en-berlin-por-los-derechos-de-las-mujeres\/#article","isPartOf":{"@id":"https:\/\/www.pressenza.com\/es\/2019\/03\/miles-de-personas-se-manifiestan-en-berlin-por-los-derechos-de-las-mujeres\/"},"author":{"name":"Magaly Navarrete","@id":"https:\/\/www.pressenza.com\/es\/#\/schema\/person\/a9ab62fe53243f89da63c55b99759d27"},"headline":"Miles de personas se manifiestan en Berl\u00edn por los derechos de las mujeres","datePublished":"2019-03-10T01:35:39+00:00","mainEntityOfPage":{"@id":"https:\/\/www.pressenza.com\/es\/2019\/03\/miles-de-personas-se-manifiestan-en-berlin-por-los-derechos-de-las-mujeres\/"},"wordCount":135,"publisher":{"@id":"https:\/\/www.pressenza.com\/es\/#organization"},"image":{"@id":"https:\/\/www.pressenza.com\/es\/2019\/03\/miles-de-personas-se-manifiestan-en-berlin-por-los-derechos-de-las-mujeres\/#primaryimage"},"thumbnailUrl":"https:\/\/www.pressenza.com\/wp-content\/uploads\/2019\/03\/8m\u00e4rzdemoberlinmaga.jpg","keywords":["Derechos de la Mujer","D\u00eda Internacional de la Mujer","Igualdad de g\u00e9nero","Lucha internacional de la mujer","Normativa 219a"],"articleSection":["Contenido Original","Derechos Humanos","Europa","Fotorreportajes","G\u00e9nero y Feminismos"],"inLanguage":"es"},{"@type":"WebPage","@id":"https:\/\/www.pressenza.com\/es\/2019\/03\/miles-de-personas-se-manifiestan-en-berlin-por-los-derechos-de-las-mujeres\/","url":"https:\/\/www.pressenza.com\/es\/2019\/03\/miles-de-personas-se-manifiestan-en-berlin-por-los-derechos-de-las-mujeres\/","name":"Miles de personas se manifiestan en Berl\u00edn por los derechos de las mujeres","isPartOf":{"@id":"https:\/\/www.pressenza.com\/es\/#website"},"primaryImageOfPage":{"@id":"https:\/\/www.pressenza.com\/es\/2019\/03\/miles-de-personas-se-manifiestan-en-berlin-por-los-derechos-de-las-mujeres\/#primaryimage"},"image":{"@id":"https:\/\/www.pressenza.com\/es\/2019\/03\/miles-de-personas-se-manifiestan-en-berlin-por-los-derechos-de-las-mujeres\/#primaryimage"},"thumbnailUrl":"https:\/\/www.pressenza.com\/wp-content\/uploads\/2019\/03\/8m\u00e4rzdemoberlinmaga.jpg","datePublished":"2019-03-10T01:35:39+00:00","description":"Ayer, miles de personas se manifestaron pac\u00edficamente por la igualdad de mujeres y hombres en Berl\u00edn con motivo del D\u00eda Internacional de la Mujer. Este","breadcrumb":{"@id":"https:\/\/www.pressenza.com\/es\/2019\/03\/miles-de-personas-se-manifiestan-en-berlin-por-los-derechos-de-las-mujeres\/#breadcrumb"},"inLanguage":"es","potentialAction":[{"@type":"ReadAction","target":["https:\/\/www.pressenza.com\/es\/2019\/03\/miles-de-personas-se-manifiestan-en-berlin-por-los-derechos-de-las-mujeres\/"]}]},{"@type":"ImageObject","inLanguage":"es","@id":"https:\/\/www.pressenza.com\/es\/2019\/03\/miles-de-personas-se-manifiestan-en-berlin-por-los-derechos-de-las-mujeres\/#primaryimage","url":"https:\/\/www.pressenza.com\/wp-content\/uploads\/2019\/03\/8m\u00e4rzdemoberlinmaga.jpg","contentUrl":"https:\/\/www.pressenza.com\/wp-content\/uploads\/2019\/03\/8m\u00e4rzdemoberlinmaga.jpg","width":770,"height":457},{"@type":"BreadcrumbList","@id":"https:\/\/www.pressenza.com\/es\/2019\/03\/miles-de-personas-se-manifiestan-en-berlin-por-los-derechos-de-las-mujeres\/#breadcrumb","itemListElement":[{"@type":"ListItem","position":1,"name":"Accueil","item":"https:\/\/www.pressenza.com\/es\/"},{"@type":"ListItem","position":2,"name":"Miles de personas se manifiestan en Berl\u00edn por los derechos de las mujeres"}]},{"@type":"WebSite","@id":"https:\/\/www.pressenza.com\/es\/#website","url":"https:\/\/www.pressenza.com\/es\/","name":"Pressenza","description":"International Press Agency","publisher":{"@id":"https:\/\/www.pressenza.com\/es\/#organization"},"potentialAction":[{"@type":"SearchAction","target":{"@type":"EntryPoint","urlTemplate":"https:\/\/www.pressenza.com\/es\/?s={search_term_string}"},"query-input":{"@type":"PropertyValueSpecification","valueRequired":true,"valueName":"search_term_string"}}],"inLanguage":"es"},{"@type":"Organization","@id":"https:\/\/www.pressenza.com\/es\/#organization","name":"Pressenza","url":"https:\/\/www.pressenza.com\/es\/","logo":{"@type":"ImageObject","inLanguage":"es","@id":"https:\/\/www.pressenza.com\/es\/#\/schema\/logo\/image\/","url":"https:\/\/www.pressenza.com\/wp-content\/uploads\/2022\/10\/pressenza_logo_200x200.jpg","contentUrl":"https:\/\/www.pressenza.com\/wp-content\/uploads\/2022\/10\/pressenza_logo_200x200.jpg","width":200,"height":200,"caption":"Pressenza"},"image":{"@id":"https:\/\/www.pressenza.com\/es\/#\/schema\/logo\/image\/"},"sameAs":["https:\/\/www.facebook.com\/PressenzaItalia","https:\/\/x.com\/PressenzaIPA"]},{"@type":"Person","@id":"https:\/\/www.pressenza.com\/es\/#\/schema\/person\/a9ab62fe53243f89da63c55b99759d27","name":"Magaly Navarrete","description":"Gestora Cultural, Fot\u00f3grafa de Pressenza e integrante de la \"Red Arte Transformador\" desarrolla proyectos de \"Arte y No-violencia\", en Latinoam\u00e9rica y Europa, actualmente reside en Berl\u00edn.","url":"https:\/\/www.pressenza.com\/es\/author\/magaly-navarrete\/"}]}},"place":"Berl\u00edn","original_article_url":"","_links":{"self":[{"href":"https:\/\/www.pressenza.com\/es\/wp-json\/wp\/v2\/posts\/819973","targetHints":{"allow":["GET"]}}],"collection":[{"href":"https:\/\/www.pressenza.com\/es\/wp-json\/wp\/v2\/posts"}],"about":[{"href":"https:\/\/www.pressenza.com\/es\/wp-json\/wp\/v2\/types\/post"}],"author":[{"embeddable":true,"href":"https:\/\/www.pressenza.com\/es\/wp-json\/wp\/v2\/users\/1444"}],"replies":[{"embeddable":true,"href":"https:\/\/www.pressenza.com\/es\/wp-json\/wp\/v2\/comments?post=819973"}],"version-history":[{"count":0,"href":"https:\/\/www.pressenza.com\/es\/wp-json\/wp\/v2\/posts\/819973\/revisions"}],"wp:featuredmedia":[{"embeddable":true,"href":"https:\/\/www.pressenza.com\/es\/wp-json\/wp\/v2\/media\/819627"}],"wp:attachment":[{"href":"https:\/\/www.pressenza.com\/es\/wp-json\/wp\/v2\/media?parent=819973"}],"wp:term":[{"taxonomy":"category","embeddable":true,"href":"https:\/\/www.pressenza.com\/es\/wp-json\/wp\/v2\/categories?post=819973"},{"taxonomy":"post_tag","embeddable":true,"href":"https:\/\/www.pressenza.com\/es\/wp-json\/wp\/v2\/tags?post=819973"}],"curies":[{"name":"wp","href":"https:\/\/api.w.org\/{rel}","templated":true}]}}