{"id":819948,"date":"2019-03-10T00:41:58","date_gmt":"2019-03-10T00:41:58","guid":{"rendered":"https:\/\/www.pressenza.com\/?p=819948"},"modified":"2019-03-10T00:41:58","modified_gmt":"2019-03-10T00:41:58","slug":"por-la-vida-y-la-dignidad-de-las-mujeres-luchamos-juntas-contra-la-explotacion-y-la-opresion-del-sistema-capitalista-y-patriarcal","status":"publish","type":"post","link":"https:\/\/www.pressenza.com\/es\/2019\/03\/por-la-vida-y-la-dignidad-de-las-mujeres-luchamos-juntas-contra-la-explotacion-y-la-opresion-del-sistema-capitalista-y-patriarcal\/","title":{"rendered":"\u00a1Por la vida y la dignidad de las mujeres, luchamos juntas contra la explotaci\u00f3n y la opresi\u00f3n del sistema capitalista y patriarcal!"},"content":{"rendered":"<p>Harare, 8 de marzo de 2019 &#8211; Los objetivos que llevaron al <strong>D\u00eda Internacional de la Mujer<\/strong> contin\u00faan inspir\u00e1ndonos. Se han convertido en el llamado colectivo de mujeres y hombres en todas partes del mundo comprometidos en la resistencia organizada contra el capitalismo y patriarcado.<\/p>\n<p>Por este motivo, nosotros, mujeres provenientes del \u00c1frica, Am\u00e9rica del Norte y del Sur, Asia y Europa, que luchamos por nuestros derechos y nuestras vidas, participamos en todas las actividades y manifestaciones, en un esp\u00edritu de <strong>unidad y solidaridad<\/strong>, organizado por trabajadores de zonas rurales y urbanas.<\/p>\n<p><strong>\u00a1El 8 de marzo de este a\u00f1o, nosotros tambi\u00e9n estamos en huelga!<\/strong><\/p>\n<p>En este d\u00eda de movilizaci\u00f3n global, estaremos en las calles y en el espacio p\u00fablico, en las comunidades y territorios rurales, reafirmando nuestro mensaje de lucha, estimulado por nuestra fortaleza y nuestra capacidad de resistencia organizada. En el contexto global actual de estrangulamiento por parte del capitalismo en su forma m\u00e1s salvaje y sin escr\u00fapulos, las desigualdades sociales, los conflictos, la incidencia de la xenofobia y la homofobia, y la criminalizaci\u00f3n de quienes luchamos por los derechos humanos y la vida se han intensificado. En un clima de belicismo y en el contexto de la crisis migratoria, millones de personas, incluyendo a millones de mujeres, est\u00e1n expuestas a la pobreza extrema y la violencia.<\/p>\n<p>Por esta raz\u00f3n, las mujeres de La V\u00eda Campesina nos movilizaron hoy, el 8 de marzo de 2019, como en a\u00f1os anteriores. \u00a1Organizamos, luchamos y exigimos <strong>el fin del neoliberalismo y el fin del patriarcado<\/strong>! Hacemos nuestra propuesta para construir un mundo mejor y celebramos nuestra <a href=\"https:\/\/viacampesina.org\/en\/wp-content\/uploads\/sites\/2\/2019\/03\/UN_Declaration_on_the_rights_of_peasants_and_other_people_working-in-rural_areas.pdf\">declaraci\u00f3n sobre los derechos de los agricultores y otras personas que trabajan en \u00e1reas rurales<\/a>, un instrumento pol\u00edtico adoptado por las Naciones Unidas como resultado de nuestro compromiso compartido. Sin duda, esta declaraci\u00f3n garantiza el derecho a una vida digna para aquellos de nosotros que alimentamos a los pueblos del mundo y que somos los guardianes de la tierra, el agua y los bosques.<\/p>\n<p>Para nosotros, las mujeres de La V\u00eda Campesina, los alimentos no pueden considerarse productos puramente comerciales en un mercado globalizado que est\u00e1 totalmente orientado a fines de lucro y que cruzan sus manos frente la hambruna de mucha gente. Creemos que la producci\u00f3n de alimentos debe basarse en la soberan\u00eda alimentaria basada en la agricultura org\u00e1nica. En este contexto, somos los principales actores para la promoci\u00f3n de la agricultura a peque\u00f1a escala basada en el respeto de los derechos de los peque\u00f1os agricultores y campesinos. Esto requerir\u00eda un cambio en la pol\u00edtica regional rural, acompa\u00f1ada por una perspectiva feminista, un feminismo popular campesino que garantice los derechos de las mujeres y asegure su participaci\u00f3n en las decisiones pol\u00edticas.<\/p>\n<p>Creemos que poner fin a la violencia de g\u00e9nero es esencial para otorgar valorar a las mujeres, garantizando sus derechos y promoviendo su emancipaci\u00f3n. Es por eso que las mujeres y los hombres de La V\u00eda Campesina dicen hoy en una sola expresi\u00f3n de lucha y liberaci\u00f3n: <strong>por la vida y la dignidad de las mujeres, \u00a1luchamos juntos contra la explotaci\u00f3n y la opresi\u00f3n!<\/strong><\/p>\n<p>Nos apegamos a nuestra misi\u00f3n de plantar las semillas de la esperanza y la liberaci\u00f3n para las mujeres en las zonas rurales y urbanas de todo el mundo. Por lo tanto, expresamos nuestra solidaridad fraternal con todas las mujeres de <strong>International Women&#8217;s Strike<\/strong>, cuyo objetivo es mostrar que el trabajo de las mujeres es un elemento crucial para la preservaci\u00f3n y reproducci\u00f3n de la vida y la econom\u00eda mundial. Solo a trav\u00e9s de la organizaci\u00f3n social, la educaci\u00f3n y el trabajo pol\u00edtico, en colaboraci\u00f3n con otras organizaciones feministas de mujeres y trabajadoras, podremos avanzar en el camino hacia una vida digna para todas las mujeres y hombres.<\/p>\n<p><strong>\u00a1Por la vida y la dignidad de las mujeres; luchamos juntas contra la explotaci\u00f3n y la opresi\u00f3n!<\/strong><\/p>\n<p><a href=\"https:\/\/viacampesina.org\/en\/wp-content\/uploads\/sites\/2\/2019\/03\/UN_Declaration_on_the_rights_of_peasants_and_other_people_working-in-rural_areas.pdf\">La Via Campesina International Peasant\u2019s Movement<\/a><\/p>\n<hr \/>\n<p><em>Traducido por Sof\u00eda Yunga<\/em><\/p>\n","protected":false},"excerpt":{"rendered":"<p>Harare, 8 de marzo de 2019 &#8211; Los objetivos que llevaron al D\u00eda Internacional de la Mujer contin\u00faan inspir\u00e1ndonos. Se han convertido en el llamado colectivo de mujeres y hombres en todas partes del mundo comprometidos en la resistencia organizada&hellip;<\/p>\n","protected":false},"author":1097,"featured_media":818243,"comment_status":"closed","ping_status":"closed","sticky":false,"template":"","format":"standard","meta":{"footnotes":""},"categories":[149,11389,79,54515,39],"tags":[24724,1374,17958,441,24719,56119,54743,16309,56118,18824],"class_list":["post-819948","post","type-post","status-publish","format-standard","has-post-thumbnail","hentry","category-comunicados-de-prensa","category-contenido-original","category-derechos-humanos","category-genero-y-feminismos","category-internacional","tag-8-de-marzo","tag-capitalismo-es","tag-derechos-de-la-mujer","tag-derechos-humanos","tag-dia-internacional-de-la-mujer","tag-ecologico","tag-la-via-campesina-es-2","tag-patriarcado","tag-pequenos-agricultores","tag-soberania-alimentaria"],"yoast_head":"<!-- This site is optimized with the Yoast SEO plugin v27.1.1 - https:\/\/yoast.com\/product\/yoast-seo-wordpress\/ -->\n<title>\u00a1Por la vida y la dignidad de las mujeres, luchamos juntas contra la explotaci\u00f3n y la opresi\u00f3n del sistema capitalista y patriarcal!<\/title>\n<meta name=\"description\" content=\"Harare, 8 de marzo de 2019 - Los objetivos que llevaron al D\u00eda Internacional de la Mujer contin\u00faan inspir\u00e1ndonos. Se han convertido en el llamado\" \/>\n<meta name=\"robots\" content=\"index, follow, max-snippet:-1, max-image-preview:large, max-video-preview:-1\" \/>\n<link rel=\"canonical\" href=\"https:\/\/www.pressenza.com\/es\/2019\/03\/por-la-vida-y-la-dignidad-de-las-mujeres-luchamos-juntas-contra-la-explotacion-y-la-opresion-del-sistema-capitalista-y-patriarcal\/\" \/>\n<meta property=\"og:locale\" content=\"es_ES\" \/>\n<meta property=\"og:type\" content=\"article\" \/>\n<meta property=\"og:title\" content=\"\u00a1Por la vida y la dignidad de las mujeres, luchamos juntas contra la explotaci\u00f3n y la opresi\u00f3n del sistema capitalista y patriarcal!\" \/>\n<meta property=\"og:description\" content=\"Harare, 8 de marzo de 2019 - Los objetivos que llevaron al D\u00eda Internacional de la Mujer contin\u00faan inspir\u00e1ndonos. Se han convertido en el llamado\" \/>\n<meta property=\"og:url\" content=\"https:\/\/www.pressenza.com\/es\/2019\/03\/por-la-vida-y-la-dignidad-de-las-mujeres-luchamos-juntas-contra-la-explotacion-y-la-opresion-del-sistema-capitalista-y-patriarcal\/\" \/>\n<meta property=\"og:site_name\" content=\"Pressenza\" \/>\n<meta property=\"article:publisher\" content=\"https:\/\/www.facebook.com\/PressenzaItalia\" \/>\n<meta property=\"article:author\" content=\"https:\/\/www.facebook.com\/Pressenza-Deutschland-sterreich-Schweiz-281675388658060\/timeline\/\" \/>\n<meta property=\"article:published_time\" content=\"2019-03-10T00:41:58+00:00\" \/>\n<meta property=\"og:image\" content=\"https:\/\/www.pressenza.com\/wp-content\/uploads\/2019\/03\/La-Via-Campesina-8-March_Facebook-Screenshot.png\" \/>\n\t<meta property=\"og:image:width\" content=\"1061\" \/>\n\t<meta property=\"og:image:height\" content=\"420\" \/>\n\t<meta property=\"og:image:type\" content=\"image\/png\" \/>\n<meta name=\"author\" content=\"Pressenza Muenchen\" \/>\n<meta name=\"twitter:card\" content=\"summary_large_image\" \/>\n<meta name=\"twitter:creator\" content=\"@pressenza_ger\" \/>\n<meta name=\"twitter:site\" content=\"@PressenzaIPA\" \/>\n<meta name=\"twitter:label1\" content=\"Escrito por\" \/>\n\t<meta name=\"twitter:data1\" content=\"Pressenza Muenchen\" \/>\n\t<meta name=\"twitter:label2\" content=\"Tiempo de lectura\" \/>\n\t<meta name=\"twitter:data2\" content=\"3 minutos\" \/>\n<script type=\"application\/ld+json\" class=\"yoast-schema-graph\">{\"@context\":\"https:\/\/schema.org\",\"@graph\":[{\"@type\":\"Article\",\"@id\":\"https:\/\/www.pressenza.com\/es\/2019\/03\/por-la-vida-y-la-dignidad-de-las-mujeres-luchamos-juntas-contra-la-explotacion-y-la-opresion-del-sistema-capitalista-y-patriarcal\/#article\",\"isPartOf\":{\"@id\":\"https:\/\/www.pressenza.com\/es\/2019\/03\/por-la-vida-y-la-dignidad-de-las-mujeres-luchamos-juntas-contra-la-explotacion-y-la-opresion-del-sistema-capitalista-y-patriarcal\/\"},\"author\":{\"name\":\"Pressenza Muenchen\",\"@id\":\"https:\/\/www.pressenza.com\/es\/#\/schema\/person\/0069724cfb2cb9785368a167d0d900b7\"},\"headline\":\"\u00a1Por la vida y la dignidad de las mujeres, luchamos juntas contra la explotaci\u00f3n y la opresi\u00f3n del sistema capitalista y patriarcal!\",\"datePublished\":\"2019-03-10T00:41:58+00:00\",\"mainEntityOfPage\":{\"@id\":\"https:\/\/www.pressenza.com\/es\/2019\/03\/por-la-vida-y-la-dignidad-de-las-mujeres-luchamos-juntas-contra-la-explotacion-y-la-opresion-del-sistema-capitalista-y-patriarcal\/\"},\"wordCount\":717,\"publisher\":{\"@id\":\"https:\/\/www.pressenza.com\/es\/#organization\"},\"image\":{\"@id\":\"https:\/\/www.pressenza.com\/es\/2019\/03\/por-la-vida-y-la-dignidad-de-las-mujeres-luchamos-juntas-contra-la-explotacion-y-la-opresion-del-sistema-capitalista-y-patriarcal\/#primaryimage\"},\"thumbnailUrl\":\"https:\/\/www.pressenza.com\/wp-content\/uploads\/2019\/03\/La-Via-Campesina-8-March_Facebook-Screenshot.png\",\"keywords\":[\"8 de marzo\",\"capitalismo\",\"Derechos de la Mujer\",\"Derechos humanos\",\"D\u00eda Internacional de la Mujer\",\"Ecol\u00f3gico\",\"La Via Campesina\",\"patriarcado\",\"Peque\u00f1os agricultores\",\"soberan\u00eda alimentaria\"],\"articleSection\":[\"Comunicados de Prensa\",\"Contenido Original\",\"Derechos Humanos\",\"G\u00e9nero y Feminismos\",\"Internacional\"],\"inLanguage\":\"es\"},{\"@type\":\"WebPage\",\"@id\":\"https:\/\/www.pressenza.com\/es\/2019\/03\/por-la-vida-y-la-dignidad-de-las-mujeres-luchamos-juntas-contra-la-explotacion-y-la-opresion-del-sistema-capitalista-y-patriarcal\/\",\"url\":\"https:\/\/www.pressenza.com\/es\/2019\/03\/por-la-vida-y-la-dignidad-de-las-mujeres-luchamos-juntas-contra-la-explotacion-y-la-opresion-del-sistema-capitalista-y-patriarcal\/\",\"name\":\"\u00a1Por la vida y la dignidad de las mujeres, luchamos juntas contra la explotaci\u00f3n y la opresi\u00f3n del sistema capitalista y patriarcal!\",\"isPartOf\":{\"@id\":\"https:\/\/www.pressenza.com\/es\/#website\"},\"primaryImageOfPage\":{\"@id\":\"https:\/\/www.pressenza.com\/es\/2019\/03\/por-la-vida-y-la-dignidad-de-las-mujeres-luchamos-juntas-contra-la-explotacion-y-la-opresion-del-sistema-capitalista-y-patriarcal\/#primaryimage\"},\"image\":{\"@id\":\"https:\/\/www.pressenza.com\/es\/2019\/03\/por-la-vida-y-la-dignidad-de-las-mujeres-luchamos-juntas-contra-la-explotacion-y-la-opresion-del-sistema-capitalista-y-patriarcal\/#primaryimage\"},\"thumbnailUrl\":\"https:\/\/www.pressenza.com\/wp-content\/uploads\/2019\/03\/La-Via-Campesina-8-March_Facebook-Screenshot.png\",\"datePublished\":\"2019-03-10T00:41:58+00:00\",\"description\":\"Harare, 8 de marzo de 2019 - Los objetivos que llevaron al D\u00eda Internacional de la Mujer contin\u00faan inspir\u00e1ndonos. Se han convertido en el llamado\",\"breadcrumb\":{\"@id\":\"https:\/\/www.pressenza.com\/es\/2019\/03\/por-la-vida-y-la-dignidad-de-las-mujeres-luchamos-juntas-contra-la-explotacion-y-la-opresion-del-sistema-capitalista-y-patriarcal\/#breadcrumb\"},\"inLanguage\":\"es\",\"potentialAction\":[{\"@type\":\"ReadAction\",\"target\":[\"https:\/\/www.pressenza.com\/es\/2019\/03\/por-la-vida-y-la-dignidad-de-las-mujeres-luchamos-juntas-contra-la-explotacion-y-la-opresion-del-sistema-capitalista-y-patriarcal\/\"]}]},{\"@type\":\"ImageObject\",\"inLanguage\":\"es\",\"@id\":\"https:\/\/www.pressenza.com\/es\/2019\/03\/por-la-vida-y-la-dignidad-de-las-mujeres-luchamos-juntas-contra-la-explotacion-y-la-opresion-del-sistema-capitalista-y-patriarcal\/#primaryimage\",\"url\":\"https:\/\/www.pressenza.com\/wp-content\/uploads\/2019\/03\/La-Via-Campesina-8-March_Facebook-Screenshot.png\",\"contentUrl\":\"https:\/\/www.pressenza.com\/wp-content\/uploads\/2019\/03\/La-Via-Campesina-8-March_Facebook-Screenshot.png\",\"width\":1061,\"height\":420},{\"@type\":\"BreadcrumbList\",\"@id\":\"https:\/\/www.pressenza.com\/es\/2019\/03\/por-la-vida-y-la-dignidad-de-las-mujeres-luchamos-juntas-contra-la-explotacion-y-la-opresion-del-sistema-capitalista-y-patriarcal\/#breadcrumb\",\"itemListElement\":[{\"@type\":\"ListItem\",\"position\":1,\"name\":\"Accueil\",\"item\":\"https:\/\/www.pressenza.com\/es\/\"},{\"@type\":\"ListItem\",\"position\":2,\"name\":\"\u00a1Por la vida y la dignidad de las mujeres, luchamos juntas contra la explotaci\u00f3n y la opresi\u00f3n del sistema capitalista y patriarcal!\"}]},{\"@type\":\"WebSite\",\"@id\":\"https:\/\/www.pressenza.com\/es\/#website\",\"url\":\"https:\/\/www.pressenza.com\/es\/\",\"name\":\"Pressenza\",\"description\":\"International Press Agency\",\"publisher\":{\"@id\":\"https:\/\/www.pressenza.com\/es\/#organization\"},\"potentialAction\":[{\"@type\":\"SearchAction\",\"target\":{\"@type\":\"EntryPoint\",\"urlTemplate\":\"https:\/\/www.pressenza.com\/es\/?s={search_term_string}\"},\"query-input\":{\"@type\":\"PropertyValueSpecification\",\"valueRequired\":true,\"valueName\":\"search_term_string\"}}],\"inLanguage\":\"es\"},{\"@type\":\"Organization\",\"@id\":\"https:\/\/www.pressenza.com\/es\/#organization\",\"name\":\"Pressenza\",\"url\":\"https:\/\/www.pressenza.com\/es\/\",\"logo\":{\"@type\":\"ImageObject\",\"inLanguage\":\"es\",\"@id\":\"https:\/\/www.pressenza.com\/es\/#\/schema\/logo\/image\/\",\"url\":\"https:\/\/www.pressenza.com\/wp-content\/uploads\/2022\/10\/pressenza_logo_200x200.jpg\",\"contentUrl\":\"https:\/\/www.pressenza.com\/wp-content\/uploads\/2022\/10\/pressenza_logo_200x200.jpg\",\"width\":200,\"height\":200,\"caption\":\"Pressenza\"},\"image\":{\"@id\":\"https:\/\/www.pressenza.com\/es\/#\/schema\/logo\/image\/\"},\"sameAs\":[\"https:\/\/www.facebook.com\/PressenzaItalia\",\"https:\/\/x.com\/PressenzaIPA\"]},{\"@type\":\"Person\",\"@id\":\"https:\/\/www.pressenza.com\/es\/#\/schema\/person\/0069724cfb2cb9785368a167d0d900b7\",\"name\":\"Pressenza Muenchen\",\"description\":\"News from the Pressenza bureau in Munich, Germany\",\"sameAs\":[\"https:\/\/www.facebook.com\/Pressenza-Deutschland-sterreich-Schweiz-281675388658060\/timeline\/\",\"https:\/\/x.com\/pressenza_ger\"],\"url\":\"https:\/\/www.pressenza.com\/es\/author\/pressenza-muenchen\/\"}]}<\/script>\n<!-- \/ Yoast SEO plugin. -->","yoast_head_json":{"title":"\u00a1Por la vida y la dignidad de las mujeres, luchamos juntas contra la explotaci\u00f3n y la opresi\u00f3n del sistema capitalista y patriarcal!","description":"Harare, 8 de marzo de 2019 - Los objetivos que llevaron al D\u00eda Internacional de la Mujer contin\u00faan inspir\u00e1ndonos. Se han convertido en el llamado","robots":{"index":"index","follow":"follow","max-snippet":"max-snippet:-1","max-image-preview":"max-image-preview:large","max-video-preview":"max-video-preview:-1"},"canonical":"https:\/\/www.pressenza.com\/es\/2019\/03\/por-la-vida-y-la-dignidad-de-las-mujeres-luchamos-juntas-contra-la-explotacion-y-la-opresion-del-sistema-capitalista-y-patriarcal\/","og_locale":"es_ES","og_type":"article","og_title":"\u00a1Por la vida y la dignidad de las mujeres, luchamos juntas contra la explotaci\u00f3n y la opresi\u00f3n del sistema capitalista y patriarcal!","og_description":"Harare, 8 de marzo de 2019 - Los objetivos que llevaron al D\u00eda Internacional de la Mujer contin\u00faan inspir\u00e1ndonos. Se han convertido en el llamado","og_url":"https:\/\/www.pressenza.com\/es\/2019\/03\/por-la-vida-y-la-dignidad-de-las-mujeres-luchamos-juntas-contra-la-explotacion-y-la-opresion-del-sistema-capitalista-y-patriarcal\/","og_site_name":"Pressenza","article_publisher":"https:\/\/www.facebook.com\/PressenzaItalia","article_author":"https:\/\/www.facebook.com\/Pressenza-Deutschland-sterreich-Schweiz-281675388658060\/timeline\/","article_published_time":"2019-03-10T00:41:58+00:00","og_image":[{"width":1061,"height":420,"url":"https:\/\/www.pressenza.com\/wp-content\/uploads\/2019\/03\/La-Via-Campesina-8-March_Facebook-Screenshot.png","type":"image\/png"}],"author":"Pressenza Muenchen","twitter_card":"summary_large_image","twitter_creator":"@pressenza_ger","twitter_site":"@PressenzaIPA","twitter_misc":{"Escrito por":"Pressenza Muenchen","Tiempo de lectura":"3 minutos"},"schema":{"@context":"https:\/\/schema.org","@graph":[{"@type":"Article","@id":"https:\/\/www.pressenza.com\/es\/2019\/03\/por-la-vida-y-la-dignidad-de-las-mujeres-luchamos-juntas-contra-la-explotacion-y-la-opresion-del-sistema-capitalista-y-patriarcal\/#article","isPartOf":{"@id":"https:\/\/www.pressenza.com\/es\/2019\/03\/por-la-vida-y-la-dignidad-de-las-mujeres-luchamos-juntas-contra-la-explotacion-y-la-opresion-del-sistema-capitalista-y-patriarcal\/"},"author":{"name":"Pressenza Muenchen","@id":"https:\/\/www.pressenza.com\/es\/#\/schema\/person\/0069724cfb2cb9785368a167d0d900b7"},"headline":"\u00a1Por la vida y la dignidad de las mujeres, luchamos juntas contra la explotaci\u00f3n y la opresi\u00f3n del sistema capitalista y patriarcal!","datePublished":"2019-03-10T00:41:58+00:00","mainEntityOfPage":{"@id":"https:\/\/www.pressenza.com\/es\/2019\/03\/por-la-vida-y-la-dignidad-de-las-mujeres-luchamos-juntas-contra-la-explotacion-y-la-opresion-del-sistema-capitalista-y-patriarcal\/"},"wordCount":717,"publisher":{"@id":"https:\/\/www.pressenza.com\/es\/#organization"},"image":{"@id":"https:\/\/www.pressenza.com\/es\/2019\/03\/por-la-vida-y-la-dignidad-de-las-mujeres-luchamos-juntas-contra-la-explotacion-y-la-opresion-del-sistema-capitalista-y-patriarcal\/#primaryimage"},"thumbnailUrl":"https:\/\/www.pressenza.com\/wp-content\/uploads\/2019\/03\/La-Via-Campesina-8-March_Facebook-Screenshot.png","keywords":["8 de marzo","capitalismo","Derechos de la Mujer","Derechos humanos","D\u00eda Internacional de la Mujer","Ecol\u00f3gico","La Via Campesina","patriarcado","Peque\u00f1os agricultores","soberan\u00eda alimentaria"],"articleSection":["Comunicados de Prensa","Contenido Original","Derechos Humanos","G\u00e9nero y Feminismos","Internacional"],"inLanguage":"es"},{"@type":"WebPage","@id":"https:\/\/www.pressenza.com\/es\/2019\/03\/por-la-vida-y-la-dignidad-de-las-mujeres-luchamos-juntas-contra-la-explotacion-y-la-opresion-del-sistema-capitalista-y-patriarcal\/","url":"https:\/\/www.pressenza.com\/es\/2019\/03\/por-la-vida-y-la-dignidad-de-las-mujeres-luchamos-juntas-contra-la-explotacion-y-la-opresion-del-sistema-capitalista-y-patriarcal\/","name":"\u00a1Por la vida y la dignidad de las mujeres, luchamos juntas contra la explotaci\u00f3n y la opresi\u00f3n del sistema capitalista y patriarcal!","isPartOf":{"@id":"https:\/\/www.pressenza.com\/es\/#website"},"primaryImageOfPage":{"@id":"https:\/\/www.pressenza.com\/es\/2019\/03\/por-la-vida-y-la-dignidad-de-las-mujeres-luchamos-juntas-contra-la-explotacion-y-la-opresion-del-sistema-capitalista-y-patriarcal\/#primaryimage"},"image":{"@id":"https:\/\/www.pressenza.com\/es\/2019\/03\/por-la-vida-y-la-dignidad-de-las-mujeres-luchamos-juntas-contra-la-explotacion-y-la-opresion-del-sistema-capitalista-y-patriarcal\/#primaryimage"},"thumbnailUrl":"https:\/\/www.pressenza.com\/wp-content\/uploads\/2019\/03\/La-Via-Campesina-8-March_Facebook-Screenshot.png","datePublished":"2019-03-10T00:41:58+00:00","description":"Harare, 8 de marzo de 2019 - Los objetivos que llevaron al D\u00eda Internacional de la Mujer contin\u00faan inspir\u00e1ndonos. Se han convertido en el llamado","breadcrumb":{"@id":"https:\/\/www.pressenza.com\/es\/2019\/03\/por-la-vida-y-la-dignidad-de-las-mujeres-luchamos-juntas-contra-la-explotacion-y-la-opresion-del-sistema-capitalista-y-patriarcal\/#breadcrumb"},"inLanguage":"es","potentialAction":[{"@type":"ReadAction","target":["https:\/\/www.pressenza.com\/es\/2019\/03\/por-la-vida-y-la-dignidad-de-las-mujeres-luchamos-juntas-contra-la-explotacion-y-la-opresion-del-sistema-capitalista-y-patriarcal\/"]}]},{"@type":"ImageObject","inLanguage":"es","@id":"https:\/\/www.pressenza.com\/es\/2019\/03\/por-la-vida-y-la-dignidad-de-las-mujeres-luchamos-juntas-contra-la-explotacion-y-la-opresion-del-sistema-capitalista-y-patriarcal\/#primaryimage","url":"https:\/\/www.pressenza.com\/wp-content\/uploads\/2019\/03\/La-Via-Campesina-8-March_Facebook-Screenshot.png","contentUrl":"https:\/\/www.pressenza.com\/wp-content\/uploads\/2019\/03\/La-Via-Campesina-8-March_Facebook-Screenshot.png","width":1061,"height":420},{"@type":"BreadcrumbList","@id":"https:\/\/www.pressenza.com\/es\/2019\/03\/por-la-vida-y-la-dignidad-de-las-mujeres-luchamos-juntas-contra-la-explotacion-y-la-opresion-del-sistema-capitalista-y-patriarcal\/#breadcrumb","itemListElement":[{"@type":"ListItem","position":1,"name":"Accueil","item":"https:\/\/www.pressenza.com\/es\/"},{"@type":"ListItem","position":2,"name":"\u00a1Por la vida y la dignidad de las mujeres, luchamos juntas contra la explotaci\u00f3n y la opresi\u00f3n del sistema capitalista y patriarcal!"}]},{"@type":"WebSite","@id":"https:\/\/www.pressenza.com\/es\/#website","url":"https:\/\/www.pressenza.com\/es\/","name":"Pressenza","description":"International Press Agency","publisher":{"@id":"https:\/\/www.pressenza.com\/es\/#organization"},"potentialAction":[{"@type":"SearchAction","target":{"@type":"EntryPoint","urlTemplate":"https:\/\/www.pressenza.com\/es\/?s={search_term_string}"},"query-input":{"@type":"PropertyValueSpecification","valueRequired":true,"valueName":"search_term_string"}}],"inLanguage":"es"},{"@type":"Organization","@id":"https:\/\/www.pressenza.com\/es\/#organization","name":"Pressenza","url":"https:\/\/www.pressenza.com\/es\/","logo":{"@type":"ImageObject","inLanguage":"es","@id":"https:\/\/www.pressenza.com\/es\/#\/schema\/logo\/image\/","url":"https:\/\/www.pressenza.com\/wp-content\/uploads\/2022\/10\/pressenza_logo_200x200.jpg","contentUrl":"https:\/\/www.pressenza.com\/wp-content\/uploads\/2022\/10\/pressenza_logo_200x200.jpg","width":200,"height":200,"caption":"Pressenza"},"image":{"@id":"https:\/\/www.pressenza.com\/es\/#\/schema\/logo\/image\/"},"sameAs":["https:\/\/www.facebook.com\/PressenzaItalia","https:\/\/x.com\/PressenzaIPA"]},{"@type":"Person","@id":"https:\/\/www.pressenza.com\/es\/#\/schema\/person\/0069724cfb2cb9785368a167d0d900b7","name":"Pressenza Muenchen","description":"News from the Pressenza bureau in Munich, Germany","sameAs":["https:\/\/www.facebook.com\/Pressenza-Deutschland-sterreich-Schweiz-281675388658060\/timeline\/","https:\/\/x.com\/pressenza_ger"],"url":"https:\/\/www.pressenza.com\/es\/author\/pressenza-muenchen\/"}]}},"place":"La V\u00eda Campesina","original_article_url":"","_links":{"self":[{"href":"https:\/\/www.pressenza.com\/es\/wp-json\/wp\/v2\/posts\/819948","targetHints":{"allow":["GET"]}}],"collection":[{"href":"https:\/\/www.pressenza.com\/es\/wp-json\/wp\/v2\/posts"}],"about":[{"href":"https:\/\/www.pressenza.com\/es\/wp-json\/wp\/v2\/types\/post"}],"author":[{"embeddable":true,"href":"https:\/\/www.pressenza.com\/es\/wp-json\/wp\/v2\/users\/1097"}],"replies":[{"embeddable":true,"href":"https:\/\/www.pressenza.com\/es\/wp-json\/wp\/v2\/comments?post=819948"}],"version-history":[{"count":0,"href":"https:\/\/www.pressenza.com\/es\/wp-json\/wp\/v2\/posts\/819948\/revisions"}],"wp:featuredmedia":[{"embeddable":true,"href":"https:\/\/www.pressenza.com\/es\/wp-json\/wp\/v2\/media\/818243"}],"wp:attachment":[{"href":"https:\/\/www.pressenza.com\/es\/wp-json\/wp\/v2\/media?parent=819948"}],"wp:term":[{"taxonomy":"category","embeddable":true,"href":"https:\/\/www.pressenza.com\/es\/wp-json\/wp\/v2\/categories?post=819948"},{"taxonomy":"post_tag","embeddable":true,"href":"https:\/\/www.pressenza.com\/es\/wp-json\/wp\/v2\/tags?post=819948"}],"curies":[{"name":"wp","href":"https:\/\/api.w.org\/{rel}","templated":true}]}}