{"id":819420,"date":"2019-03-09T04:06:07","date_gmt":"2019-03-09T04:06:07","guid":{"rendered":"https:\/\/www.pressenza.com\/?p=819420"},"modified":"2019-03-09T16:24:45","modified_gmt":"2019-03-09T16:24:45","slug":"marcha-por-el-dia-internacional-de-la-mujer-colectivo-presencia-y-palabra","status":"publish","type":"post","link":"https:\/\/www.pressenza.com\/es\/2019\/03\/marcha-por-el-dia-internacional-de-la-mujer-colectivo-presencia-y-palabra\/","title":{"rendered":"Marcha por el D\u00eda Internacional de la Mujer: Colectivo Presencia y Palabra"},"content":{"rendered":"<p>El d\u00eda de hoy, en Lima, salieron miles de mujeres por las calles del Centro de Lima por el D\u00eda Internacional de la Mujer. Partieron del Campo de Marte a las 5:30 p.m. y se dirigieron a la Plaza San Mart\u00edn, en pleno centro de la ciudad, llegando alrededor de las 7:00 p.m. Todas las organizaciones, colectivos y personas marcharon exigiendo la igualdad de derechos y oportunidades para las mujeres. El colectivo Presencia y Palabra, conformado por mujeres afrodescendientes march\u00f3 no s\u00f3lo por los derechos de la mujer, sino tambi\u00e9n por los derechos de las afrodescendientes, quienes viven la discriminaci\u00f3n de g\u00e9nero y racial. Mujeres afrodescendientes feministas valientes que, por primera vez, salen a las calles juntas y organizadas para hacerse sentir y escuchar.<\/p>\n<p><iframe loading=\"lazy\" title=\"Presencia y Palabra - Marcha D\u00eda de la Mujer - 01\" width=\"500\" height=\"281\" src=\"https:\/\/www.youtube.com\/embed\/H4WPSnw9MLU?feature=oembed\" frameborder=\"0\" allow=\"accelerometer; autoplay; clipboard-write; encrypted-media; gyroscope; picture-in-picture; web-share\" referrerpolicy=\"strict-origin-when-cross-origin\" allowfullscreen><\/iframe><\/p>\n<p><iframe loading=\"lazy\" title=\"Presencia y Palabra - Marcha D\u00eda de la Mujer - 02\" width=\"500\" height=\"281\" src=\"https:\/\/www.youtube.com\/embed\/hC0k_eT9HJk?feature=oembed\" frameborder=\"0\" allow=\"accelerometer; autoplay; clipboard-write; encrypted-media; gyroscope; picture-in-picture; web-share\" referrerpolicy=\"strict-origin-when-cross-origin\" allowfullscreen><\/iframe><\/p>\n<p><iframe loading=\"lazy\" title=\"Presencia y Palabra - Marcha D\u00eda de la Mujer - 03\" width=\"500\" height=\"281\" src=\"https:\/\/www.youtube.com\/embed\/j_pHtPQoCfE?feature=oembed\" frameborder=\"0\" allow=\"accelerometer; autoplay; clipboard-write; encrypted-media; gyroscope; picture-in-picture; web-share\" referrerpolicy=\"strict-origin-when-cross-origin\" allowfullscreen><\/iframe><\/p>\n<p><iframe loading=\"lazy\" title=\"Presencia y Palabra - Marcha D\u00eda de la Mujer - 04\" width=\"500\" height=\"281\" src=\"https:\/\/www.youtube.com\/embed\/oPS-AvYz8hk?feature=oembed\" frameborder=\"0\" allow=\"accelerometer; autoplay; clipboard-write; encrypted-media; gyroscope; picture-in-picture; web-share\" referrerpolicy=\"strict-origin-when-cross-origin\" allowfullscreen><\/iframe><\/p>\n<p><iframe loading=\"lazy\" title=\"Presencia y Palabra - Marcha D\u00eda de la Mujer - 05\" width=\"500\" height=\"281\" src=\"https:\/\/www.youtube.com\/embed\/JA094sBrxU4?feature=oembed\" frameborder=\"0\" allow=\"accelerometer; autoplay; clipboard-write; encrypted-media; gyroscope; picture-in-picture; web-share\" referrerpolicy=\"strict-origin-when-cross-origin\" allowfullscreen><\/iframe><\/p>\n<div class=\"post-gallery\">\n\t\t\t<figure class=\"post-gallery-item\">\n\t\t\t\t<img decoding=\"async\" src=\"https:\/\/www.pressenza.com\/wp-content\/uploads\/2019\/03\/2019-03-08-18.31.52-720x540.jpg\" loading=\"lazy\">\n\t\t\t\t<figcaption>\n\t\t\t\t\t\n\t\t\t\t<\/figcaption>\n\t\t\t<\/figure>\n\t\t\t<figure class=\"post-gallery-item\">\n\t\t\t\t<img decoding=\"async\" src=\"https:\/\/www.pressenza.com\/wp-content\/uploads\/2019\/03\/2019-03-08-18.37.39-720x540.jpg\" loading=\"lazy\">\n\t\t\t\t<figcaption>\n\t\t\t\t\t\n\t\t\t\t<\/figcaption>\n\t\t\t<\/figure>\n\t\t\t<figure class=\"post-gallery-item\">\n\t\t\t\t<img decoding=\"async\" src=\"https:\/\/www.pressenza.com\/wp-content\/uploads\/2019\/03\/2019-03-08-18.38.19-720x540.jpg\" loading=\"lazy\">\n\t\t\t\t<figcaption>\n\t\t\t\t\t\n\t\t\t\t<\/figcaption>\n\t\t\t<\/figure>\n\t\t\t<figure class=\"post-gallery-item\">\n\t\t\t\t<img decoding=\"async\" src=\"https:\/\/www.pressenza.com\/wp-content\/uploads\/2019\/03\/2019-03-08-18.43.53-720x540.jpg\" loading=\"lazy\">\n\t\t\t\t<figcaption>\n\t\t\t\t\t\n\t\t\t\t<\/figcaption>\n\t\t\t<\/figure>\n\t\t\t<figure class=\"post-gallery-item\">\n\t\t\t\t<img decoding=\"async\" src=\"https:\/\/www.pressenza.com\/wp-content\/uploads\/2019\/03\/2019-03-08-18.55.14-720x540.jpg\" loading=\"lazy\">\n\t\t\t\t<figcaption>\n\t\t\t\t\t\n\t\t\t\t<\/figcaption>\n\t\t\t<\/figure>\n\t\t\t<figure class=\"post-gallery-item\">\n\t\t\t\t<img decoding=\"async\" src=\"https:\/\/www.pressenza.com\/wp-content\/uploads\/2019\/03\/2019-03-08-19.12.38-1-720x540.jpg\" loading=\"lazy\">\n\t\t\t\t<figcaption>\n\t\t\t\t\t\n\t\t\t\t<\/figcaption>\n\t\t\t<\/figure><\/div>\n<p>&nbsp;<\/p>\n","protected":false},"excerpt":{"rendered":"<p>El d\u00eda de hoy, en Lima, salieron miles de mujeres por las calles del Centro de Lima por el D\u00eda Internacional de la Mujer. Partieron del Campo de Marte a las 5:30 p.m. y se dirigieron a la Plaza San&hellip;<\/p>\n","protected":false},"author":1166,"featured_media":819421,"comment_status":"closed","ping_status":"closed","sticky":false,"template":"","format":"standard","meta":{"footnotes":""},"categories":[11389,79,1241,54515,1242,67,25678],"tags":[24719,4332,39236,56097,383,3098],"class_list":["post-819420","post","type-post","status-publish","format-standard","has-post-thumbnail","hentry","category-contenido-original","category-derechos-humanos","category-diversidad","category-genero-y-feminismos","category-noviolencia-tema","category-sudamerica","category-video-es","tag-dia-internacional-de-la-mujer","tag-feminismo","tag-mujeres-afrodescendientes","tag-nodiscriminacion","tag-noviolencia","tag-racismo"],"yoast_head":"<!-- This site is optimized with the Yoast SEO plugin v27.1.1 - https:\/\/yoast.com\/product\/yoast-seo-wordpress\/ -->\n<title>Marcha por el D\u00eda Internacional de la Mujer: Colectivo Presencia y Palabra<\/title>\n<meta name=\"description\" content=\"El d\u00eda de hoy, en Lima, salieron miles de mujeres por las calles del Centro de Lima por el D\u00eda Internacional de la Mujer. Partieron del Campo de Marte a\" \/>\n<meta name=\"robots\" content=\"index, follow, max-snippet:-1, max-image-preview:large, max-video-preview:-1\" \/>\n<link rel=\"canonical\" href=\"https:\/\/www.pressenza.com\/es\/2019\/03\/marcha-por-el-dia-internacional-de-la-mujer-colectivo-presencia-y-palabra\/\" \/>\n<meta property=\"og:locale\" content=\"es_ES\" \/>\n<meta property=\"og:type\" content=\"article\" \/>\n<meta property=\"og:title\" content=\"Marcha por el D\u00eda Internacional de la Mujer: Colectivo Presencia y Palabra\" \/>\n<meta property=\"og:description\" content=\"El d\u00eda de hoy, en Lima, salieron miles de mujeres por las calles del Centro de Lima por el D\u00eda Internacional de la Mujer. Partieron del Campo de Marte a\" \/>\n<meta property=\"og:url\" content=\"https:\/\/www.pressenza.com\/es\/2019\/03\/marcha-por-el-dia-internacional-de-la-mujer-colectivo-presencia-y-palabra\/\" \/>\n<meta property=\"og:site_name\" content=\"Pressenza\" \/>\n<meta property=\"article:publisher\" content=\"https:\/\/www.facebook.com\/PressenzaItalia\" \/>\n<meta property=\"article:author\" content=\"https:\/\/www.facebook.com\/FernanTMoran\" \/>\n<meta property=\"article:published_time\" content=\"2019-03-09T04:06:07+00:00\" \/>\n<meta property=\"article:modified_time\" content=\"2019-03-09T16:24:45+00:00\" \/>\n<meta property=\"og:image\" content=\"https:\/\/www.pressenza.com\/wp-content\/uploads\/2019\/03\/2019-03-08-19.12.38.jpg\" \/>\n\t<meta property=\"og:image:width\" content=\"800\" \/>\n\t<meta property=\"og:image:height\" content=\"600\" \/>\n\t<meta property=\"og:image:type\" content=\"image\/jpeg\" \/>\n<meta name=\"author\" content=\"Fernando Torres Mor\u00e1n\" \/>\n<meta name=\"twitter:card\" content=\"summary_large_image\" \/>\n<meta name=\"twitter:creator\" content=\"@fernantmoran\" \/>\n<meta name=\"twitter:site\" content=\"@PressenzaIPA\" \/>\n<meta name=\"twitter:label1\" content=\"Escrito por\" \/>\n\t<meta name=\"twitter:data1\" content=\"Fernando Torres Mor\u00e1n\" \/>\n\t<meta name=\"twitter:label2\" content=\"Tiempo de lectura\" \/>\n\t<meta name=\"twitter:data2\" content=\"1 minuto\" \/>\n<script type=\"application\/ld+json\" class=\"yoast-schema-graph\">{\"@context\":\"https:\/\/schema.org\",\"@graph\":[{\"@type\":\"Article\",\"@id\":\"https:\/\/www.pressenza.com\/es\/2019\/03\/marcha-por-el-dia-internacional-de-la-mujer-colectivo-presencia-y-palabra\/#article\",\"isPartOf\":{\"@id\":\"https:\/\/www.pressenza.com\/es\/2019\/03\/marcha-por-el-dia-internacional-de-la-mujer-colectivo-presencia-y-palabra\/\"},\"author\":{\"name\":\"Fernando Torres Mor\u00e1n\",\"@id\":\"https:\/\/www.pressenza.com\/es\/#\/schema\/person\/5f99bb7ba464bd9844f2cc53eb694317\"},\"headline\":\"Marcha por el D\u00eda Internacional de la Mujer: Colectivo Presencia y Palabra\",\"datePublished\":\"2019-03-09T04:06:07+00:00\",\"dateModified\":\"2019-03-09T16:24:45+00:00\",\"mainEntityOfPage\":{\"@id\":\"https:\/\/www.pressenza.com\/es\/2019\/03\/marcha-por-el-dia-internacional-de-la-mujer-colectivo-presencia-y-palabra\/\"},\"wordCount\":190,\"publisher\":{\"@id\":\"https:\/\/www.pressenza.com\/es\/#organization\"},\"image\":{\"@id\":\"https:\/\/www.pressenza.com\/es\/2019\/03\/marcha-por-el-dia-internacional-de-la-mujer-colectivo-presencia-y-palabra\/#primaryimage\"},\"thumbnailUrl\":\"https:\/\/www.pressenza.com\/wp-content\/uploads\/2019\/03\/2019-03-08-19.12.38.jpg\",\"keywords\":[\"D\u00eda Internacional de la Mujer\",\"feminismo\",\"mujeres afrodescendientes\",\"nodiscriminaci\u00f3n\",\"Noviolencia\",\"racismo\"],\"articleSection\":[\"Contenido Original\",\"Derechos Humanos\",\"Diversidad\",\"G\u00e9nero y Feminismos\",\"Noviolencia\",\"Sudam\u00e9rica\",\"Video\"],\"inLanguage\":\"es\"},{\"@type\":\"WebPage\",\"@id\":\"https:\/\/www.pressenza.com\/es\/2019\/03\/marcha-por-el-dia-internacional-de-la-mujer-colectivo-presencia-y-palabra\/\",\"url\":\"https:\/\/www.pressenza.com\/es\/2019\/03\/marcha-por-el-dia-internacional-de-la-mujer-colectivo-presencia-y-palabra\/\",\"name\":\"Marcha por el D\u00eda Internacional de la Mujer: Colectivo Presencia y Palabra\",\"isPartOf\":{\"@id\":\"https:\/\/www.pressenza.com\/es\/#website\"},\"primaryImageOfPage\":{\"@id\":\"https:\/\/www.pressenza.com\/es\/2019\/03\/marcha-por-el-dia-internacional-de-la-mujer-colectivo-presencia-y-palabra\/#primaryimage\"},\"image\":{\"@id\":\"https:\/\/www.pressenza.com\/es\/2019\/03\/marcha-por-el-dia-internacional-de-la-mujer-colectivo-presencia-y-palabra\/#primaryimage\"},\"thumbnailUrl\":\"https:\/\/www.pressenza.com\/wp-content\/uploads\/2019\/03\/2019-03-08-19.12.38.jpg\",\"datePublished\":\"2019-03-09T04:06:07+00:00\",\"dateModified\":\"2019-03-09T16:24:45+00:00\",\"description\":\"El d\u00eda de hoy, en Lima, salieron miles de mujeres por las calles del Centro de Lima por el D\u00eda Internacional de la Mujer. Partieron del Campo de Marte a\",\"breadcrumb\":{\"@id\":\"https:\/\/www.pressenza.com\/es\/2019\/03\/marcha-por-el-dia-internacional-de-la-mujer-colectivo-presencia-y-palabra\/#breadcrumb\"},\"inLanguage\":\"es\",\"potentialAction\":[{\"@type\":\"ReadAction\",\"target\":[\"https:\/\/www.pressenza.com\/es\/2019\/03\/marcha-por-el-dia-internacional-de-la-mujer-colectivo-presencia-y-palabra\/\"]}]},{\"@type\":\"ImageObject\",\"inLanguage\":\"es\",\"@id\":\"https:\/\/www.pressenza.com\/es\/2019\/03\/marcha-por-el-dia-internacional-de-la-mujer-colectivo-presencia-y-palabra\/#primaryimage\",\"url\":\"https:\/\/www.pressenza.com\/wp-content\/uploads\/2019\/03\/2019-03-08-19.12.38.jpg\",\"contentUrl\":\"https:\/\/www.pressenza.com\/wp-content\/uploads\/2019\/03\/2019-03-08-19.12.38.jpg\",\"width\":800,\"height\":600},{\"@type\":\"BreadcrumbList\",\"@id\":\"https:\/\/www.pressenza.com\/es\/2019\/03\/marcha-por-el-dia-internacional-de-la-mujer-colectivo-presencia-y-palabra\/#breadcrumb\",\"itemListElement\":[{\"@type\":\"ListItem\",\"position\":1,\"name\":\"Accueil\",\"item\":\"https:\/\/www.pressenza.com\/es\/\"},{\"@type\":\"ListItem\",\"position\":2,\"name\":\"Marcha por el D\u00eda Internacional de la Mujer: Colectivo Presencia y Palabra\"}]},{\"@type\":\"WebSite\",\"@id\":\"https:\/\/www.pressenza.com\/es\/#website\",\"url\":\"https:\/\/www.pressenza.com\/es\/\",\"name\":\"Pressenza\",\"description\":\"International Press Agency\",\"publisher\":{\"@id\":\"https:\/\/www.pressenza.com\/es\/#organization\"},\"potentialAction\":[{\"@type\":\"SearchAction\",\"target\":{\"@type\":\"EntryPoint\",\"urlTemplate\":\"https:\/\/www.pressenza.com\/es\/?s={search_term_string}\"},\"query-input\":{\"@type\":\"PropertyValueSpecification\",\"valueRequired\":true,\"valueName\":\"search_term_string\"}}],\"inLanguage\":\"es\"},{\"@type\":\"Organization\",\"@id\":\"https:\/\/www.pressenza.com\/es\/#organization\",\"name\":\"Pressenza\",\"url\":\"https:\/\/www.pressenza.com\/es\/\",\"logo\":{\"@type\":\"ImageObject\",\"inLanguage\":\"es\",\"@id\":\"https:\/\/www.pressenza.com\/es\/#\/schema\/logo\/image\/\",\"url\":\"https:\/\/www.pressenza.com\/wp-content\/uploads\/2022\/10\/pressenza_logo_200x200.jpg\",\"contentUrl\":\"https:\/\/www.pressenza.com\/wp-content\/uploads\/2022\/10\/pressenza_logo_200x200.jpg\",\"width\":200,\"height\":200,\"caption\":\"Pressenza\"},\"image\":{\"@id\":\"https:\/\/www.pressenza.com\/es\/#\/schema\/logo\/image\/\"},\"sameAs\":[\"https:\/\/www.facebook.com\/PressenzaItalia\",\"https:\/\/x.com\/PressenzaIPA\"]},{\"@type\":\"Person\",\"@id\":\"https:\/\/www.pressenza.com\/es\/#\/schema\/person\/5f99bb7ba464bd9844f2cc53eb694317\",\"name\":\"Fernando Torres Mor\u00e1n\",\"description\":\"M\u00fasico y educador nacido en Lima, Per\u00fa, en 1964. Como pianista dio conciertos en su pa\u00eds y en Brasil. Humanista voluntario desde la adolescencia ha apoyado a la formaci\u00f3n de grupos en diversos organismos, como La Comunidad para el Desarrollo Humano, Grupos Ecologistas Pacifistas Los Verdes y Mundo Sin Guerras y Sin Violencia. En la actualidad es editor de Pressenza en Per\u00fa\",\"sameAs\":[\"https:\/\/www.facebook.com\/FernanTMoran\",\"https:\/\/x.com\/fernantmoran\"],\"url\":\"https:\/\/www.pressenza.com\/es\/author\/fernando-torres\/\"}]}<\/script>\n<!-- \/ Yoast SEO plugin. -->","yoast_head_json":{"title":"Marcha por el D\u00eda Internacional de la Mujer: Colectivo Presencia y Palabra","description":"El d\u00eda de hoy, en Lima, salieron miles de mujeres por las calles del Centro de Lima por el D\u00eda Internacional de la Mujer. Partieron del Campo de Marte a","robots":{"index":"index","follow":"follow","max-snippet":"max-snippet:-1","max-image-preview":"max-image-preview:large","max-video-preview":"max-video-preview:-1"},"canonical":"https:\/\/www.pressenza.com\/es\/2019\/03\/marcha-por-el-dia-internacional-de-la-mujer-colectivo-presencia-y-palabra\/","og_locale":"es_ES","og_type":"article","og_title":"Marcha por el D\u00eda Internacional de la Mujer: Colectivo Presencia y Palabra","og_description":"El d\u00eda de hoy, en Lima, salieron miles de mujeres por las calles del Centro de Lima por el D\u00eda Internacional de la Mujer. Partieron del Campo de Marte a","og_url":"https:\/\/www.pressenza.com\/es\/2019\/03\/marcha-por-el-dia-internacional-de-la-mujer-colectivo-presencia-y-palabra\/","og_site_name":"Pressenza","article_publisher":"https:\/\/www.facebook.com\/PressenzaItalia","article_author":"https:\/\/www.facebook.com\/FernanTMoran","article_published_time":"2019-03-09T04:06:07+00:00","article_modified_time":"2019-03-09T16:24:45+00:00","og_image":[{"width":800,"height":600,"url":"https:\/\/www.pressenza.com\/wp-content\/uploads\/2019\/03\/2019-03-08-19.12.38.jpg","type":"image\/jpeg"}],"author":"Fernando Torres Mor\u00e1n","twitter_card":"summary_large_image","twitter_creator":"@fernantmoran","twitter_site":"@PressenzaIPA","twitter_misc":{"Escrito por":"Fernando Torres Mor\u00e1n","Tiempo de lectura":"1 minuto"},"schema":{"@context":"https:\/\/schema.org","@graph":[{"@type":"Article","@id":"https:\/\/www.pressenza.com\/es\/2019\/03\/marcha-por-el-dia-internacional-de-la-mujer-colectivo-presencia-y-palabra\/#article","isPartOf":{"@id":"https:\/\/www.pressenza.com\/es\/2019\/03\/marcha-por-el-dia-internacional-de-la-mujer-colectivo-presencia-y-palabra\/"},"author":{"name":"Fernando Torres Mor\u00e1n","@id":"https:\/\/www.pressenza.com\/es\/#\/schema\/person\/5f99bb7ba464bd9844f2cc53eb694317"},"headline":"Marcha por el D\u00eda Internacional de la Mujer: Colectivo Presencia y Palabra","datePublished":"2019-03-09T04:06:07+00:00","dateModified":"2019-03-09T16:24:45+00:00","mainEntityOfPage":{"@id":"https:\/\/www.pressenza.com\/es\/2019\/03\/marcha-por-el-dia-internacional-de-la-mujer-colectivo-presencia-y-palabra\/"},"wordCount":190,"publisher":{"@id":"https:\/\/www.pressenza.com\/es\/#organization"},"image":{"@id":"https:\/\/www.pressenza.com\/es\/2019\/03\/marcha-por-el-dia-internacional-de-la-mujer-colectivo-presencia-y-palabra\/#primaryimage"},"thumbnailUrl":"https:\/\/www.pressenza.com\/wp-content\/uploads\/2019\/03\/2019-03-08-19.12.38.jpg","keywords":["D\u00eda Internacional de la Mujer","feminismo","mujeres afrodescendientes","nodiscriminaci\u00f3n","Noviolencia","racismo"],"articleSection":["Contenido Original","Derechos Humanos","Diversidad","G\u00e9nero y Feminismos","Noviolencia","Sudam\u00e9rica","Video"],"inLanguage":"es"},{"@type":"WebPage","@id":"https:\/\/www.pressenza.com\/es\/2019\/03\/marcha-por-el-dia-internacional-de-la-mujer-colectivo-presencia-y-palabra\/","url":"https:\/\/www.pressenza.com\/es\/2019\/03\/marcha-por-el-dia-internacional-de-la-mujer-colectivo-presencia-y-palabra\/","name":"Marcha por el D\u00eda Internacional de la Mujer: Colectivo Presencia y Palabra","isPartOf":{"@id":"https:\/\/www.pressenza.com\/es\/#website"},"primaryImageOfPage":{"@id":"https:\/\/www.pressenza.com\/es\/2019\/03\/marcha-por-el-dia-internacional-de-la-mujer-colectivo-presencia-y-palabra\/#primaryimage"},"image":{"@id":"https:\/\/www.pressenza.com\/es\/2019\/03\/marcha-por-el-dia-internacional-de-la-mujer-colectivo-presencia-y-palabra\/#primaryimage"},"thumbnailUrl":"https:\/\/www.pressenza.com\/wp-content\/uploads\/2019\/03\/2019-03-08-19.12.38.jpg","datePublished":"2019-03-09T04:06:07+00:00","dateModified":"2019-03-09T16:24:45+00:00","description":"El d\u00eda de hoy, en Lima, salieron miles de mujeres por las calles del Centro de Lima por el D\u00eda Internacional de la Mujer. Partieron del Campo de Marte a","breadcrumb":{"@id":"https:\/\/www.pressenza.com\/es\/2019\/03\/marcha-por-el-dia-internacional-de-la-mujer-colectivo-presencia-y-palabra\/#breadcrumb"},"inLanguage":"es","potentialAction":[{"@type":"ReadAction","target":["https:\/\/www.pressenza.com\/es\/2019\/03\/marcha-por-el-dia-internacional-de-la-mujer-colectivo-presencia-y-palabra\/"]}]},{"@type":"ImageObject","inLanguage":"es","@id":"https:\/\/www.pressenza.com\/es\/2019\/03\/marcha-por-el-dia-internacional-de-la-mujer-colectivo-presencia-y-palabra\/#primaryimage","url":"https:\/\/www.pressenza.com\/wp-content\/uploads\/2019\/03\/2019-03-08-19.12.38.jpg","contentUrl":"https:\/\/www.pressenza.com\/wp-content\/uploads\/2019\/03\/2019-03-08-19.12.38.jpg","width":800,"height":600},{"@type":"BreadcrumbList","@id":"https:\/\/www.pressenza.com\/es\/2019\/03\/marcha-por-el-dia-internacional-de-la-mujer-colectivo-presencia-y-palabra\/#breadcrumb","itemListElement":[{"@type":"ListItem","position":1,"name":"Accueil","item":"https:\/\/www.pressenza.com\/es\/"},{"@type":"ListItem","position":2,"name":"Marcha por el D\u00eda Internacional de la Mujer: Colectivo Presencia y Palabra"}]},{"@type":"WebSite","@id":"https:\/\/www.pressenza.com\/es\/#website","url":"https:\/\/www.pressenza.com\/es\/","name":"Pressenza","description":"International Press Agency","publisher":{"@id":"https:\/\/www.pressenza.com\/es\/#organization"},"potentialAction":[{"@type":"SearchAction","target":{"@type":"EntryPoint","urlTemplate":"https:\/\/www.pressenza.com\/es\/?s={search_term_string}"},"query-input":{"@type":"PropertyValueSpecification","valueRequired":true,"valueName":"search_term_string"}}],"inLanguage":"es"},{"@type":"Organization","@id":"https:\/\/www.pressenza.com\/es\/#organization","name":"Pressenza","url":"https:\/\/www.pressenza.com\/es\/","logo":{"@type":"ImageObject","inLanguage":"es","@id":"https:\/\/www.pressenza.com\/es\/#\/schema\/logo\/image\/","url":"https:\/\/www.pressenza.com\/wp-content\/uploads\/2022\/10\/pressenza_logo_200x200.jpg","contentUrl":"https:\/\/www.pressenza.com\/wp-content\/uploads\/2022\/10\/pressenza_logo_200x200.jpg","width":200,"height":200,"caption":"Pressenza"},"image":{"@id":"https:\/\/www.pressenza.com\/es\/#\/schema\/logo\/image\/"},"sameAs":["https:\/\/www.facebook.com\/PressenzaItalia","https:\/\/x.com\/PressenzaIPA"]},{"@type":"Person","@id":"https:\/\/www.pressenza.com\/es\/#\/schema\/person\/5f99bb7ba464bd9844f2cc53eb694317","name":"Fernando Torres Mor\u00e1n","description":"M\u00fasico y educador nacido en Lima, Per\u00fa, en 1964. Como pianista dio conciertos en su pa\u00eds y en Brasil. Humanista voluntario desde la adolescencia ha apoyado a la formaci\u00f3n de grupos en diversos organismos, como La Comunidad para el Desarrollo Humano, Grupos Ecologistas Pacifistas Los Verdes y Mundo Sin Guerras y Sin Violencia. En la actualidad es editor de Pressenza en Per\u00fa","sameAs":["https:\/\/www.facebook.com\/FernanTMoran","https:\/\/x.com\/fernantmoran"],"url":"https:\/\/www.pressenza.com\/es\/author\/fernando-torres\/"}]}},"place":"Lima, Per\u00fa","original_article_url":"","_links":{"self":[{"href":"https:\/\/www.pressenza.com\/es\/wp-json\/wp\/v2\/posts\/819420","targetHints":{"allow":["GET"]}}],"collection":[{"href":"https:\/\/www.pressenza.com\/es\/wp-json\/wp\/v2\/posts"}],"about":[{"href":"https:\/\/www.pressenza.com\/es\/wp-json\/wp\/v2\/types\/post"}],"author":[{"embeddable":true,"href":"https:\/\/www.pressenza.com\/es\/wp-json\/wp\/v2\/users\/1166"}],"replies":[{"embeddable":true,"href":"https:\/\/www.pressenza.com\/es\/wp-json\/wp\/v2\/comments?post=819420"}],"version-history":[{"count":0,"href":"https:\/\/www.pressenza.com\/es\/wp-json\/wp\/v2\/posts\/819420\/revisions"}],"wp:featuredmedia":[{"embeddable":true,"href":"https:\/\/www.pressenza.com\/es\/wp-json\/wp\/v2\/media\/819421"}],"wp:attachment":[{"href":"https:\/\/www.pressenza.com\/es\/wp-json\/wp\/v2\/media?parent=819420"}],"wp:term":[{"taxonomy":"category","embeddable":true,"href":"https:\/\/www.pressenza.com\/es\/wp-json\/wp\/v2\/categories?post=819420"},{"taxonomy":"post_tag","embeddable":true,"href":"https:\/\/www.pressenza.com\/es\/wp-json\/wp\/v2\/tags?post=819420"}],"curies":[{"name":"wp","href":"https:\/\/api.w.org\/{rel}","templated":true}]}}