{"id":818392,"date":"2019-03-09T00:09:56","date_gmt":"2019-03-09T00:09:56","guid":{"rendered":"https:\/\/www.pressenza.com\/?p=818392"},"modified":"2019-03-09T18:51:21","modified_gmt":"2019-03-09T18:51:21","slug":"desde-suelo-antartico-a-las-celdas-solares-una-idea-simplemente-genial","status":"publish","type":"post","link":"https:\/\/www.pressenza.com\/es\/2019\/03\/desde-suelo-antartico-a-las-celdas-solares-una-idea-simplemente-genial\/","title":{"rendered":"Desde suelo Ant\u00e1rtico a las celdas solares: Una idea simplemente genial"},"content":{"rendered":"<p align=\"justify\">Por Claudia Aranda Arellano \u2013 Corresponsal de Pressenza en la Expedici\u00f3n Cient\u00edfica Ant\u00e1rtica ECA 2019, Chile.<\/p>\n<p align=\"justify\">La consigna es generar energ\u00eda limpia a partir de tecnolog\u00eda limpia. Este es el foco y tal vez el mayor valor agregado que posee una investigaci\u00f3n presente en la Expedici\u00f3n Cient\u00edfica Ant\u00e1rtica (ECA 55) 2019 del Instituto Ant\u00e1rtico Chileno, INACH, y que en su trabajo de campo consiste en que microorganismos son extra\u00eddos de muestras de suelo en distintos lugares de la pen\u00ednsula del continente blanco y estas bacterias, ya en el laboratorio y luego de un proceso qu\u00edmico, generan nanopart\u00edculas que terminan en una celda solar.<\/p>\n<p align=\"justify\">Esa es la forma simple de explicarlo, pero en rigor la investigaci\u00f3n se llama \u201cUso de bacterias extrem\u00f3filas ant\u00e1rticas en la s\u00edntesis a bajas temperaturas de nanopart\u00edculas tolerantes al estr\u00e9s: mecanismo de s\u00edntesis, importancia ambiental y aplicaci\u00f3n en celdas solares\u201d, investigaci\u00f3n liderada por el Dr. Jos\u00e9 Manuel P\u00e9rez, acad\u00e9mico de la Facultad de Ciencias Biol\u00f3gicas de la Universidad Andr\u00e9s Bello de Chile (UNAB), investigador principal del Laboratorio de Bionanotecnolog\u00eda y Microbiolog\u00eda del Centro de Bioinform\u00e1tica y Biolog\u00eda Integrativa (CBIB) de esa casa de estudios.<\/p>\n<p align=\"justify\">Y a\u00fan m\u00e1s claro queda todo este proyecto cuando lo explican Mar\u00eda \u00c1ngeles Cabrera,\u00a0Bioqu\u00edmica chilena y Doctora en Biotecnolog\u00eda de la Universidad de Santiago de Chile (USACH) y que trabaja en a UNAB, y Jessica Campo, Microbi\u00f3loga colombiana y estudiante de doctorado en Biociencias Moleculares en la UNAB, y que son las dos j\u00f3venes cient\u00edficas que han partido a la ECA 2019 para tomar las muestras en el suelo ant\u00e1rtico.<\/p>\n<p align=\"justify\">Y la explicaci\u00f3n del proyecto, que al final del camino vislumbra grandes descubrimientos y evidente aplicaci\u00f3n pr\u00e1ctica altamente innovadora, debe comenzar por aclarar los conceptos implicados para comprender de qu\u00e9 estamos hablando.<\/p>\n<p>Mar\u00eda nos precisa que las bacterias extrem\u00f3filas \u201cson bacterias que crecen en sitios extremos, como por ejemplo a altas concentraciones de sal, a altas temperaturas (sobre 60\u00b0C) o bajas temperaturas como 4\u00b0C, a altos o muy bajos pH, o en condiciones de muy bajas cantidades de agua. Estas bacterias, por ejemplo, las podemos encontrar en el desierto de Atacama o ac\u00e1 en la Ant\u00e1rtica y, de hecho, en Chile hay muchos lugares en donde podemos encontrar este tipo de bacterias. Nosotras en particular estamos buscando bacterias extrem\u00f3filas ant\u00e1rticas que crecen a bajas temperaturas, las que se denominan psicr\u00f3filas o psicrotolerantes (denominaci\u00f3n espec\u00edfica para las bacterias que crecen a bajas temperaturas).<\/p>\n<p align=\"justify\"><a href=\"https:\/\/www.pressenza.com\/wp-content\/uploads\/2019\/03\/2.jpeg\"><img loading=\"lazy\" decoding=\"async\" class=\"aligncenter size-full wp-image-819078\" src=\"https:\/\/www.pressenza.com\/wp-content\/uploads\/2019\/03\/2.jpeg\" alt=\"\" width=\"1280\" height=\"853\" srcset=\"https:\/\/www.pressenza.com\/wp-content\/uploads\/2019\/03\/2.jpeg 1280w, https:\/\/www.pressenza.com\/wp-content\/uploads\/2019\/03\/2-300x200.jpeg 300w, https:\/\/www.pressenza.com\/wp-content\/uploads\/2019\/03\/2-768x512.jpeg 768w, https:\/\/www.pressenza.com\/wp-content\/uploads\/2019\/03\/2-720x480.jpeg 720w\" sizes=\"auto, (max-width: 1280px) 100vw, 1280px\" \/><\/a><\/p>\n<p align=\"justify\">Bien, resulta que estas extraordinarias bacterias producen nanopart\u00edculas. Jessica explica que \u201clas bacterias, aparte de sobrevivir en estos ambientes, pueden utilizar ciertos compuestos que hay en el medio ambiente para generar alg\u00fan compuesto de inter\u00e9s o de valor agregado para alguna aplicaci\u00f3n industrial. En este caso, nosotros nos interesamos en las bacterias ant\u00e1rticas que pueden crecer a bajas temperaturas y que pueden sintetizar estos compuestos que son nanopart\u00edculas\u201d, precisando que \u201cen este momento nos encontramos en la etapa de estudio para saber c\u00f3mo las sintetizan. Sabemos que pueden sintetizarlas. Entender c\u00f3mo lo hacen es parte de mi tesis, entender c\u00f3mo ellas, a nivel bioqu\u00edmico, est\u00e1n tomando lo que hay en el medio ambiente y pueden generar la nanopart\u00edcula\u201d.<\/p>\n<p align=\"justify\"><b>EN EL \u201cNANO MUNDO\u201d LAS COSAS CAMBIAN<\/b><\/p>\n<p align=\"justify\">Las cient\u00edficas agregan que \u201clas nanopart\u00edculas que nosotros estudiamos son compuestos que tienen metales y azufre y que por lo tanto tienen aplicaciones de semiconducci\u00f3n, que pueden absorber luz ultravioleta, que pueden usarse en celdas solares, entonces son compuestos de alto valor agregado que son muy costosos de producir en la industria de manera qu\u00edmica y que estas bacterias lo hacen solitas\u201d.<\/p>\n<p align=\"justify\">Para quien no lo sepa, me aclaran que la nanopart\u00edcula es una part\u00edcula diminuta, una escala de 10 elevado a menos 9 metros. \u201cNano\u201d referencia tama\u00f1o, y un tama\u00f1o extremadamente peque\u00f1o. Y las que ellas estudian \u201cest\u00e1n hechas de metales y azufre. Tan peque\u00f1as que hay que utilizar unos microscopios ultrapotentes para poder verlas. Es un poco m\u00e1s grande que un \u00e1tomo. Ser\u00eda como un cluster de \u00e1tomos, un grupo de \u00e1tomos organizados y que est\u00e1n confinados en un espacio. Un grupo tan \u00ednfimamente peque\u00f1o que, por estar en ese estado cu\u00e1ntico tan tan taaaan chiquito, tiene propiedades diferentes a las que tendr\u00eda, por ejemplo, una barra de cobre. Si el mismo cobre estuviera en estado nano, tendr\u00eda propiedades diferentes. En la escala nano ocurren fen\u00f3menos f\u00edsicos diferentes a los que ocurren en una escala macro y por eso es que las nanopart\u00edculas son interesantes, porque es el mismo metal pero con propiedades diferentes\u201d.<\/p>\n<p align=\"justify\"><a href=\"https:\/\/www.pressenza.com\/wp-content\/uploads\/2019\/03\/3.jpeg\"><img loading=\"lazy\" decoding=\"async\" class=\"aligncenter size-full wp-image-819096\" src=\"https:\/\/www.pressenza.com\/wp-content\/uploads\/2019\/03\/3.jpeg\" alt=\"\" width=\"1280\" height=\"853\" srcset=\"https:\/\/www.pressenza.com\/wp-content\/uploads\/2019\/03\/3.jpeg 1280w, https:\/\/www.pressenza.com\/wp-content\/uploads\/2019\/03\/3-300x200.jpeg 300w, https:\/\/www.pressenza.com\/wp-content\/uploads\/2019\/03\/3-768x512.jpeg 768w, https:\/\/www.pressenza.com\/wp-content\/uploads\/2019\/03\/3-720x480.jpeg 720w\" sizes=\"auto, (max-width: 1280px) 100vw, 1280px\" \/><\/a><\/p>\n<p align=\"justify\">Y resulta que dentro de estas propiedades est\u00e1n las que permiten que todo esto termine en celdas solares. \u201cEso es justamente lo interesante de las nanopart\u00edculas \u2013explica Jessica-, que aunque es b\u00e1sicamente el mismo metal o elemento que uno puede encontrar en la Tierra en un tama\u00f1o m\u00e1s grande, en esta escala peque\u00f1ita tiene otras propiedades. Y las bacterias tienen la capacidad de sintetizarlas\u201d.<\/p>\n<p align=\"justify\">Mar\u00eda precisa que \u201cestas nanopart\u00edculas pueden estar dentro de la bacteria o bien la bacteria puede liberarla\u201d, y que \u201c\u00e9stas se encuentran en suelos. Y ahora vamos por ellas en suelo Ant\u00e1rtico. Tomamos muestras de suelo en busca de bacterias para luego cultivar estas las bacterias o microorganismos\u201d. Y \u201cyo utilizo estas nanopart\u00edculas para meterlas en una celda solar\u201d, explica Jessica.<\/p>\n<p align=\"justify\">En suma este equipo de ciencias crea el medio para criar las bacterias y que sinteticen estas nanopart\u00edculas que solucionan el problema de las celdas solares. Pero \u00bfPor qu\u00e9 buscar bacterias en la Ant\u00e1rtica para producir nanopart\u00edculas que vayan a las celdas solares? O bien \u00bfPor qu\u00e9 construir celdas solares con nanopart\u00edculas extra\u00eddas de bacterias?<\/p>\n<p align=\"justify\">La doctora Jessica Campo explica que \u201cseg\u00fan estudios previos que hemos hecho en el laboratorio, en donde tenemos mucha experiencia con extrem\u00f3filos y nanopart\u00edculas, nos hemos dado cuenta de que las bacterias ant\u00e1rticas le confieren propiedades a la nanopart\u00edcula. \u00bfQu\u00e9 tipo de propiedades? Si la bacteria es capaz de resistir a temperaturas bajas, la nanopart\u00edcula tambi\u00e9n resiste temperaturas bajas\u201d.<\/p>\n<p align=\"justify\"><a href=\"https:\/\/www.pressenza.com\/wp-content\/uploads\/2019\/03\/4.jpeg\"><img loading=\"lazy\" decoding=\"async\" class=\"aligncenter size-full wp-image-819105\" src=\"https:\/\/www.pressenza.com\/wp-content\/uploads\/2019\/03\/4.jpeg\" alt=\"\" width=\"1280\" height=\"960\" srcset=\"https:\/\/www.pressenza.com\/wp-content\/uploads\/2019\/03\/4.jpeg 1280w, https:\/\/www.pressenza.com\/wp-content\/uploads\/2019\/03\/4-300x225.jpeg 300w, https:\/\/www.pressenza.com\/wp-content\/uploads\/2019\/03\/4-768x576.jpeg 768w, https:\/\/www.pressenza.com\/wp-content\/uploads\/2019\/03\/4-720x540.jpeg 720w\" sizes=\"auto, (max-width: 1280px) 100vw, 1280px\" \/><\/a><\/p>\n<p align=\"justify\">Y esta cualidad e implicancia no es menor porque vendr\u00eda a solucionar un problema existente hoy con las celdas solares. \u201cSi la bacteria es capaz de resistir a la radiaci\u00f3n UV como pasa en la Ant\u00e1rtica -pues la Ant\u00e1rtica recibe mucha radiaci\u00f3n UV-, la nanopart\u00edcula tambi\u00e9n, y dentro del desarrollo de cedas solares, la exposici\u00f3n a radiaci\u00f3n UV, como por ejemplo en el desierto de Atacama, es un problema y un problema grande, porque los compuestos de los cuales est\u00e1n hechos los paneles solares muchas veces no resisten tanta radiaci\u00f3n o tanto calor. Entonces nosotros, lo que estamos buscando con estas nanopart\u00edculas, es que vengan con esta capacidad, con estas resistencia anti UV que se la dan las bacterias, adem\u00e1s de estabilidad\u201d, precisa Jessica.<\/p>\n<p align=\"justify\"><b>EL REGALO DE LA BACTERIA ESTRESADA<\/b><\/p>\n<p align=\"justify\">\u201cDependiendo de la bacteria y del tipo de nanopart\u00edcula, nosotros podemos hacer que la bacteria o la deje en su interior o la saque y de ah\u00ed la utilizamos para ponerla en una celda solar\u201d, explican.<\/p>\n<p align=\"justify\">\u00bfC\u00f3mo, con qu\u00e9 proceso es que la bacteria hace esto? El equipo nos cuenta que en esta parte crucial de la investigaci\u00f3n ya est\u00e1n resolviendo acerca de las hip\u00f3tesis que se plantearon. \u201cNosotros exponemos la bacteria a una fuente de metal, en este caso puede ser cobre que nosotros le ponemos a la bacteria en su medio de cultivo. Si la bacteria resiste condiciones como fr\u00edo y otras cosas, una concentraci\u00f3n elevada de cobre no va a ser ning\u00fan problema en la mayor\u00eda de los casos. Pero aunque no sea un problema para ella, igual tiene que tener un mecanismo de respuesta, tiene en este caso, que saber responder al cobre, y esto lo puede hacer ingresando el cobre y generando la nanopart\u00edcula en su interior, o ingresando el cobre, cambiando su estado de oxidaci\u00f3n o haciendo una transformaci\u00f3n, y expuls\u00e1ndola\u201d.<\/p>\n<p align=\"justify\"><a href=\"https:\/\/www.pressenza.com\/wp-content\/uploads\/2019\/03\/5.jpeg\"><img loading=\"lazy\" decoding=\"async\" class=\"aligncenter size-full wp-image-819114\" src=\"https:\/\/www.pressenza.com\/wp-content\/uploads\/2019\/03\/5.jpeg\" alt=\"\" width=\"1280\" height=\"960\" srcset=\"https:\/\/www.pressenza.com\/wp-content\/uploads\/2019\/03\/5.jpeg 1280w, https:\/\/www.pressenza.com\/wp-content\/uploads\/2019\/03\/5-300x225.jpeg 300w, https:\/\/www.pressenza.com\/wp-content\/uploads\/2019\/03\/5-768x576.jpeg 768w, https:\/\/www.pressenza.com\/wp-content\/uploads\/2019\/03\/5-720x540.jpeg 720w\" sizes=\"auto, (max-width: 1280px) 100vw, 1280px\" \/><\/a><\/p>\n<p align=\"justify\">Entonces se tratar\u00eda de una respuesta al estr\u00e9s por cobre, y Mar\u00eda precisa que \u201cel cobre en altas concentraciones es t\u00f3xico para el microorganismo entonces para defenderse de este metal pesado, puede formar nanopart\u00edculas y as\u00ed las acumula en una parte dentro de ella y as\u00ed no se intoxica. Es un mecanismo de defensa. Y nosotros escogimos la Ant\u00e1rtica porque todav\u00eda este es un continente que ha sido poco explorado microbiol\u00f3gicamente hablando. Y porque microorganismos de ac\u00e1, se ha encontrado que tienen caracter\u00edstica y propiedades fisiol\u00f3gicas distintas a las de otros microorganismos. Por eso creemos que estas nanopart\u00edculas que pueden sintetizar, tambi\u00e9n pueden tener caracter\u00edsticas diferentes a las de bacterias que est\u00e1n en el continente, por ejemplo\u201d.<\/p>\n<p align=\"justify\"><b>UNA LARGA INVESTIGACI\u00d3N<\/b><\/p>\n<p align=\"justify\">Pero llegar hasta estos resultados significa que el equipo no parti\u00f3 ayer investigando. De hecho Jessica nos cuenta que esta expedici\u00f3n es la continuaci\u00f3n de una investigaci\u00f3n m\u00e1s larga. \u201cEste es el tercer a\u00f1o de este proyecto. Nosotros hemos tenido varios proyectos INACH relacionados con la misma l\u00ednea. Primero fue exploraci\u00f3n, luego las bacterias mismas, la s\u00edntesis, y ahora la aplicaci\u00f3n en celdas solares. Ahora queremos entender algo que no hab\u00edamos considerado en los INACH pasados que era la importancia ambiental. Nosotros aparte de entender y de utilizar la bacteria en un ambiente de laboratorio para que me genere estas nanopart\u00edculas y poder utilizarla en celdas solares, ahora queremos saber qu\u00e9 est\u00e1 haciendo esa bacteria en la Ant\u00e1rtica, en su entorno, qu\u00e9 funci\u00f3n cumple esta bacteria en su ecosistema. Ahora queremos tener las dos miradas, porque tenemos la explotaci\u00f3n biotecnol\u00f3gica que es sumamente interesante y lucrativa \u2013esperamos-, pero tambi\u00e9n queremos entender el rol ecol\u00f3gico de ella en el entorno. Ver si este proceso de bios\u00edntesis de nanopart\u00edculas puede ser algo que ocurra en la naturaleza, porque la capacidad la tiene cuando nosotros en el laboratorio le damos las condiciones\u201d.<\/p>\n<p align=\"justify\">Pero \u00bfPor qu\u00e9 trabajar con bacterias y no sintetizar qu\u00edmicamente estas nanopart\u00edculas? Mar\u00eda explica que la s\u00edntesis qu\u00edmica de estas nanopart\u00edculas, usando solamente compuestos qu\u00edmicos \u2013que tambi\u00e9n se puede lograr-, genera mucha contaminaci\u00f3n generando una gran huella de carbono. Entonces nosotros buscamos una opci\u00f3n biol\u00f3gica ya que no va a generar esos niveles de contaminaci\u00f3n\u201d.<\/p>\n<p align=\"justify\">De hecho esta investigaci\u00f3n liderada por el Dr. Jos\u00e9 Manuel P\u00e9rez ha conseguido a la fecha logros trascendentales aislando una serie de bacterias \u00fanicas a partir de muestras extra\u00eddas de las expediciones a la Ant\u00e1rtica y al Salar de Atacama. El doctor ha publicado que estos organismos han presentado altos niveles de resistencia al cobre y litio, por lo que son capaces de sintetizar nanopart\u00edculas de estos metales y que estas bacterias aisladas pueden tener aplicaciones en la miner\u00eda, con el fin de hacerla m\u00e1s sustentable.<\/p>\n<p align=\"justify\"><a href=\"https:\/\/www.pressenza.com\/wp-content\/uploads\/2019\/03\/6.jpeg\"><img loading=\"lazy\" decoding=\"async\" class=\"aligncenter size-full wp-image-819132\" src=\"https:\/\/www.pressenza.com\/wp-content\/uploads\/2019\/03\/6.jpeg\" alt=\"\" width=\"1280\" height=\"960\" srcset=\"https:\/\/www.pressenza.com\/wp-content\/uploads\/2019\/03\/6.jpeg 1280w, https:\/\/www.pressenza.com\/wp-content\/uploads\/2019\/03\/6-300x225.jpeg 300w, https:\/\/www.pressenza.com\/wp-content\/uploads\/2019\/03\/6-768x576.jpeg 768w, https:\/\/www.pressenza.com\/wp-content\/uploads\/2019\/03\/6-720x540.jpeg 720w\" sizes=\"auto, (max-width: 1280px) 100vw, 1280px\" \/><\/a><\/p>\n<p align=\"justify\">Y no s\u00f3lo en celdas solares son aplicables los descubrimientos del equipo de la UNAB, pues el doctor P\u00e9rez ha explicado que con estas bacterias est\u00e1n desarrollando m\u00e9todos que permitan la descontaminaci\u00f3n de soluciones que contengan cobre o cadmio, y que asociadas a la remediaci\u00f3n de estos metales, permitan la generaci\u00f3n de nanopart\u00edculas de cobre de alto valor y que adem\u00e1s a partir de la s\u00edntesis de nanopart\u00edculas de litio, se est\u00e1 evaluando su uso en la construcci\u00f3n de nuevas bater\u00edas recargables, enfatizando el objetivo de aportar insumos producidos por medio de metodolog\u00edas eco-amigables.<\/p>\n<p align=\"justify\">Jessica y Mar\u00eda me cuentan que en el planeta hay varios grupos de cient\u00edficos trabajando en nanotecnolog\u00eda pero la bionanotecnolog\u00eda es algo m\u00e1s reciente y novedoso. \u201cY en Chile, que sepamos, somos el \u00fanico grupo que est\u00e1 trabajando en esta aplicaci\u00f3n\u201d, precisan, subrayando que \u201clo que nosotros hacemos es que reemplazamos ciertos componentes de las celdas solares por nuestras nanopart\u00edculas que pr\u00e1cticamente no contaminan. Esto es generar energ\u00eda limpia a partir de tecnolog\u00eda limpia\u201d.<\/p>\n<p align=\"justify\">Y nos dan un claro ejemplo: \u201cpara sintetizar nanopart\u00edculas de sulfuro de cobre, que es uno de los compuestos que producen estas bacterias, se requieren, en la industria, ambientes inertes, lo que significa que no haya presencia de ox\u00edgeno, que existan altas temperaturas (arriba de 100\u00b0C), y que hayan presiones en algunos casos, aparte de los compuestos qu\u00edmicos. Todo para que la qu\u00edmica de los compuestos en ese ambiente funcione y obtengamos la nanopart\u00edcula. En cambio nosotros aqu\u00ed no, pues nosotros tenemos una bacteria en un ambiente aerobio, a la temperatura baja que nosotros le pongamos dependiendo del tipo de organismo, y que me genera la nanopart\u00edcula sin todas esas condiciones que dejan una huella de carbono gigante y que adem\u00e1s a nivel industrial requiere una inversi\u00f3n enorme\u201d.<\/p>\n<p align=\"justify\"><b>\u00a1SE PUEDE! \u00a1FUNCIONA!<\/b><\/p>\n<p align=\"justify\">Al imaginarlo, mientras ellas, con un entusiasmo pr\u00edstino y espont\u00e1neo que llega a conmover, me explican sus m\u00e9todos, las implicancias, me aclaran lo que no comprendo y hasta me hacen dibujitos en mi block de notas, es imposible no pensar en varias cosas a la vez. Todo lo que han reflexionado para llegar a esta idea genial, todo lo que han estudiado para comprender la viabilidad de la misma y poner en pr\u00e1ctica la persecuci\u00f3n marat\u00f3nica de sus hip\u00f3tesis. Todo lo que se podr\u00eda beneficiar el planeta y la humanidad de esta idea al parecer m\u00e1s que viable, en un contexto en que las energ\u00edas limpias y no convencionales sin duda alguna son nuestra \u00fanica esperanza de sobrevivir a largo plazo. Y por supuesto, que estamos hablando de un equipo de ciencias del fin del mundo, en un pa\u00eds del fin del mundo al que se le ilumin\u00f3 la ampolleta y que tiene a estas dos jovenc\u00edsimas y brillantes mujeres, en las condiciones m\u00e1s extremas y riesgosas imaginables, buscando muestras en el lugar m\u00e1s austral del planeta, es decir, en la Ant\u00e1rtica. Es imposible no sentir una profunda y gigantesca admiraci\u00f3n.<\/p>\n<p align=\"justify\"><a href=\"https:\/\/www.pressenza.com\/wp-content\/uploads\/2019\/03\/7.jpeg\"><img loading=\"lazy\" decoding=\"async\" class=\"aligncenter size-full wp-image-819150\" src=\"https:\/\/www.pressenza.com\/wp-content\/uploads\/2019\/03\/7.jpeg\" alt=\"\" width=\"1280\" height=\"960\" srcset=\"https:\/\/www.pressenza.com\/wp-content\/uploads\/2019\/03\/7.jpeg 1280w, https:\/\/www.pressenza.com\/wp-content\/uploads\/2019\/03\/7-300x225.jpeg 300w, https:\/\/www.pressenza.com\/wp-content\/uploads\/2019\/03\/7-768x576.jpeg 768w, https:\/\/www.pressenza.com\/wp-content\/uploads\/2019\/03\/7-720x540.jpeg 720w\" sizes=\"auto, (max-width: 1280px) 100vw, 1280px\" \/><\/a><\/p>\n<p align=\"justify\">Y claro, tambi\u00e9n es imposible no pensar en la otra pregunta, literalmente, la del mill\u00f3n. \u00bfSe puede generar la suficiente cantidad de bacterias para producir estas nanopart\u00edculas a nivel industrial? O bien, \u00bfSe puede generar una cantidad eficiente de nanopart\u00edculas a partir de las bacterias?<\/p>\n<p align=\"justify\">Jessica precisa que no es tan lejano \u201cpues nosotros hemos hecho unas escaladas peque\u00f1itas y hemos logrado producir grandes cantidades de nanopart\u00edculas con un m\u00ednimo volumen de bacterias y el proceso es eficiente, porque ya tenemos optimizada la concentraci\u00f3n de bacterias que se requiere para sintetizar equis cantidad de nanopart\u00edculas\u201d.<\/p>\n<p align=\"justify\">Y ya lo probaron. A buena escala no precisamente con nanopart\u00edculas, pero ya experimentaron con celdas solares. \u201cYa lo hemos probado. Y ya est\u00e1 publicada parte de esta investigaci\u00f3n. En el laboratorio se hicieron con bacterias que sintetizaban pigmento, una ceda que se hizo en el laboratorio utilizando pigmentos de bacterias ant\u00e1rticas para las celdas. Y si bien esos pigmentos o compuestos no son nanopart\u00edculas, son algo similar. Entonces ten\u00edamos experiencia en montaje y ensamblaje de celdas solares con compuestos biol\u00f3gicos, pero no con nanopart\u00edculas\u201d. Sin embargo se puede y saben que funcionan con nanopart\u00edculas porque a nivel experimental ya lo han probado y tienen montada la celda en el laboratorio. Jessica explica que la apuesta ahora es encontrar nanopart\u00edculas resistentes a la radiaci\u00f3n UV, lo cual las tiene de cabeza buscando en la Ant\u00e1rtica, en donde han salido a muestrear bajo las dependencias de las inclemencias atmosf\u00e9ricas extremas y lo que estas permiten y a donde las acompa\u00f1\u00e9 en varias jornadas.<\/p>\n<p align=\"justify\">\u201cLas muestras biol\u00f3gicas son tomadas en distintos puntos de la pen\u00ednsula ant\u00e1rtica, como Cupermine, Base Escudero, isla Decepci\u00f3n, Base O\u2019Higgins, etc.\u201d, precisan las cient\u00edficas que, dicho sea de paso, para poder logarlo est\u00e1n a bordo, junto a otros equipos de investigaci\u00f3n, del buque Aquiles de la Armada de Chile, en el cual se ha desarrollado parte de la ECA Mar\u00edtima 2019. En este sentido, el trabajo y colaboraci\u00f3n de la Armada es crucial para el desarrollo de la actividad cient\u00edfica ant\u00e1rtica y en esta expedici\u00f3n se preocuparon y ocuparon de que los cient\u00edficos a bordo pudiesen no s\u00f3lo estar lo m\u00e1s confortables posible y que pudiesen cumplir con sus planificaciones, sino por sobre todo, que estuvieran, dentro de lo extremo de la aventura, lo m\u00e1s a salvo posible.<\/p>\n<p align=\"justify\"><b>TODO POR LA CIENCIA<\/b><\/p>\n<p align=\"justify\">De muestra un bot\u00f3n: Una ventana de condiciones atmosf\u00e9ricas \u201cfavorables\u201d para bajar del buque e ir a tomar muestras se dio un d\u00eda alrededor de las doce de la noche cerca de la zona de una base Polaca. Y ah\u00ed tuvimos que bajar, por una compuerta del buque, por una escalera de cuerdas y palos de madera, hacia un zodiac que se golpeaba contra el buque por el oleaje, a oscuras y nevando, para llegar a una costa tambi\u00e9n a oscuras luego de atravesar en el mar por sobre una suerte de franja de frap\u00e9 muy extensa de hielo molido en grandes tama\u00f1os producto de los desprendimientos de un glaciar cercano que rug\u00eda cada tanto como explosi\u00f3n minera, y nada, abajo y a tomar muestras a punta de linterna.<\/p>\n<p align=\"justify\">Avanzamos con cuidado en medio de la nada y al mismo tiempo de todo. Con las luces de las linternas \u00edbamos descubriendo que esos extra\u00f1os mont\u00edculos que a ojo desnudo con dificultad pod\u00edamos distinguir, no eran otra cosa que ping\u00fcinos y m\u00e1s ping\u00fcinos que se regaban por toda la costa de aquella bah\u00eda y que en el opuesto ten\u00edamos una gran pared monta\u00f1osa.<\/p>\n<p align=\"justify\">Los glaciares segu\u00edan rugiendo y desprendiendo enormes bloques de hielo cuando Jessica y Mar\u00eda decidieron subir una empinada colina dif\u00edcil de trepar en donde era tambi\u00e9n dif\u00edcil mantenerse equilibradamente en pie. Tomaron sus muestras a punta de linternas, con todo el estricto proceso que eso significa, es decir, registrando cada paso, clasificando y rotulando, guardando todo con rigor y dejando el lugar de muestreo lo menos intervenido posible, todo, mientras a no m\u00e1s de tres metros una enorme ave ant\u00e1rtica nos observaba tan nerviosa como amenazante.<\/p>\n<p align=\"justify\">Una jornada extenuante y exitosa, sin duda. De regreso, claro, tuvimos que pasar con el zodiac por sobre una franja a\u00fan m\u00e1s grande de hielo frap\u00e9, lo que nos oblig\u00f3 a remar a ratos en vez de usar los motores.<\/p>\n<p align=\"justify\">Pero todo es por la ciencia y estas mujeres cient\u00edficas, con una alegr\u00eda evidente, enfrentaron la expedici\u00f3n sin reparar en aquellas condiciones. Y es que francamente qu\u00e9 importancia pueden tener aquellas condiciones extremas cuando haces lo que te apasiona y adem\u00e1s est\u00e1s haciendo trabajo de campo en un lugar maravilloso y alucinante, lo m\u00e1s parecido a salir del planeta, en medio de una belleza para cuya descripci\u00f3n no alcanzan las palabras. Y adem\u00e1s haciendo un trabajo que eventualmente significar\u00e1 un eslab\u00f3n m\u00e1s de la lucha por salvar el planeta. Todas coincidimos en algo: es un privilegio.<\/p>\n<p align=\"justify\"><a href=\"https:\/\/www.pressenza.com\/wp-content\/uploads\/2019\/03\/8.jpeg\"><img loading=\"lazy\" decoding=\"async\" class=\"aligncenter size-full wp-image-819205\" src=\"https:\/\/www.pressenza.com\/wp-content\/uploads\/2019\/03\/8.jpeg\" alt=\"\" width=\"1280\" height=\"960\" srcset=\"https:\/\/www.pressenza.com\/wp-content\/uploads\/2019\/03\/8.jpeg 1280w, https:\/\/www.pressenza.com\/wp-content\/uploads\/2019\/03\/8-300x225.jpeg 300w, https:\/\/www.pressenza.com\/wp-content\/uploads\/2019\/03\/8-768x576.jpeg 768w, https:\/\/www.pressenza.com\/wp-content\/uploads\/2019\/03\/8-720x540.jpeg 720w\" sizes=\"auto, (max-width: 1280px) 100vw, 1280px\" \/><\/a><\/p>\n<p align=\"justify\">Y Mar\u00eda lo enfatiza al concluir que \u201cbuscamos, con esto de que sea bio, demostrar que los procesos se caracterizan tambi\u00e9n por ser m\u00e1s eficientes, ecosustentables y de menor costo\u201d, y subraya Jessie que \u201cnuestra apuesta es a generar la misma eficiencia de una celda solar convencional pero con todo lo ecoamigable que viene con nuestro m\u00e9todo de s\u00edntesis\u201d, coincidiendo ambas, categ\u00f3ricamente, en que \u201cas\u00ed tambi\u00e9n buscamos que no toda la investigaci\u00f3n se quede en ciencia nada m\u00e1s y que termina en una publicaci\u00f3n, sino que queremos dar el siguiente paso que es el de la biotecnolog\u00eda y llegar a un producto\u201d y para lo cual cuentan con todo el apoyo de su universidad y del INACH.<\/p>\n<p align=\"justify\">Sin duda alguna, van a hacer historia.<\/p>\n<p align=\"justify\">\n","protected":false},"excerpt":{"rendered":"<p>Por Claudia Aranda Arellano \u2013 Corresponsal de Pressenza en la Expedici\u00f3n Cient\u00edfica Ant\u00e1rtica ECA 2019, Chile. La consigna es generar energ\u00eda limpia a partir de tecnolog\u00eda limpia. Este es el foco y tal vez el mayor valor agregado que posee&hellip;<\/p>\n","protected":false},"author":43,"featured_media":819040,"comment_status":"closed","ping_status":"closed","sticky":false,"template":"","format":"standard","meta":{"footnotes":""},"categories":[497,11389,67],"tags":[56070,29,551],"class_list":["post-818392","post","type-post","status-publish","format-standard","has-post-thumbnail","hentry","category-ciencia-tecnologia","category-contenido-original","category-sudamerica","tag-antartica-es","tag-chile","tag-investigacion-cientifica"],"yoast_head":"<!-- This site is optimized with the Yoast SEO plugin v27.1.1 - https:\/\/yoast.com\/product\/yoast-seo-wordpress\/ -->\n<title>Desde suelo Ant\u00e1rtico a las celdas solares: Una idea simplemente genial<\/title>\n<meta name=\"description\" content=\"Por Claudia Aranda Arellano \u2013 Corresponsal de Pressenza en la Expedici\u00f3n Cient\u00edfica Ant\u00e1rtica ECA 2019, Chile. La consigna es generar energ\u00eda limpia a\" \/>\n<meta name=\"robots\" content=\"index, follow, max-snippet:-1, max-image-preview:large, max-video-preview:-1\" \/>\n<link rel=\"canonical\" href=\"https:\/\/www.pressenza.com\/es\/2019\/03\/desde-suelo-antartico-a-las-celdas-solares-una-idea-simplemente-genial\/\" \/>\n<meta property=\"og:locale\" content=\"es_ES\" \/>\n<meta property=\"og:type\" content=\"article\" \/>\n<meta property=\"og:title\" content=\"Desde suelo Ant\u00e1rtico a las celdas solares: Una idea simplemente genial\" \/>\n<meta property=\"og:description\" content=\"Por Claudia Aranda Arellano \u2013 Corresponsal de Pressenza en la Expedici\u00f3n Cient\u00edfica Ant\u00e1rtica ECA 2019, Chile. La consigna es generar energ\u00eda limpia a\" \/>\n<meta property=\"og:url\" content=\"https:\/\/www.pressenza.com\/es\/2019\/03\/desde-suelo-antartico-a-las-celdas-solares-una-idea-simplemente-genial\/\" \/>\n<meta property=\"og:site_name\" content=\"Pressenza\" \/>\n<meta property=\"article:publisher\" content=\"https:\/\/www.facebook.com\/PressenzaItalia\" \/>\n<meta property=\"article:author\" content=\"https:\/\/www.facebook.com\/pressenza\" \/>\n<meta property=\"article:published_time\" content=\"2019-03-09T00:09:56+00:00\" \/>\n<meta property=\"article:modified_time\" content=\"2019-03-09T18:51:21+00:00\" \/>\n<meta property=\"og:image\" content=\"https:\/\/www.pressenza.com\/wp-content\/uploads\/2019\/03\/1.jpeg\" \/>\n\t<meta property=\"og:image:width\" content=\"1280\" \/>\n\t<meta property=\"og:image:height\" content=\"960\" \/>\n\t<meta property=\"og:image:type\" content=\"image\/jpeg\" \/>\n<meta name=\"author\" content=\"Redacci\u00f3n Chile\" \/>\n<meta name=\"twitter:card\" content=\"summary_large_image\" \/>\n<meta name=\"twitter:creator\" content=\"@pressenza\" \/>\n<meta name=\"twitter:site\" content=\"@PressenzaIPA\" \/>\n<meta name=\"twitter:label1\" content=\"Escrito por\" \/>\n\t<meta name=\"twitter:data1\" content=\"Redacci\u00f3n Chile\" \/>\n\t<meta name=\"twitter:label2\" content=\"Tiempo de lectura\" \/>\n\t<meta name=\"twitter:data2\" content=\"17 minutos\" \/>\n<script type=\"application\/ld+json\" class=\"yoast-schema-graph\">{\"@context\":\"https:\/\/schema.org\",\"@graph\":[{\"@type\":\"Article\",\"@id\":\"https:\/\/www.pressenza.com\/es\/2019\/03\/desde-suelo-antartico-a-las-celdas-solares-una-idea-simplemente-genial\/#article\",\"isPartOf\":{\"@id\":\"https:\/\/www.pressenza.com\/es\/2019\/03\/desde-suelo-antartico-a-las-celdas-solares-una-idea-simplemente-genial\/\"},\"author\":{\"name\":\"Redacci\u00f3n Chile\",\"@id\":\"https:\/\/www.pressenza.com\/es\/#\/schema\/person\/d7db40df35d6698ba69ba9ee260944ed\"},\"headline\":\"Desde suelo Ant\u00e1rtico a las celdas solares: Una idea simplemente genial\",\"datePublished\":\"2019-03-09T00:09:56+00:00\",\"dateModified\":\"2019-03-09T18:51:21+00:00\",\"mainEntityOfPage\":{\"@id\":\"https:\/\/www.pressenza.com\/es\/2019\/03\/desde-suelo-antartico-a-las-celdas-solares-una-idea-simplemente-genial\/\"},\"wordCount\":3475,\"publisher\":{\"@id\":\"https:\/\/www.pressenza.com\/es\/#organization\"},\"image\":{\"@id\":\"https:\/\/www.pressenza.com\/es\/2019\/03\/desde-suelo-antartico-a-las-celdas-solares-una-idea-simplemente-genial\/#primaryimage\"},\"thumbnailUrl\":\"https:\/\/www.pressenza.com\/wp-content\/uploads\/2019\/03\/1.jpeg\",\"keywords\":[\"Antartica\",\"Chile\",\"Investigaci\u00f3n Cient\u00edfica\"],\"articleSection\":[\"Ciencia y Tecnolog\u00eda\",\"Contenido Original\",\"Sudam\u00e9rica\"],\"inLanguage\":\"es\"},{\"@type\":\"WebPage\",\"@id\":\"https:\/\/www.pressenza.com\/es\/2019\/03\/desde-suelo-antartico-a-las-celdas-solares-una-idea-simplemente-genial\/\",\"url\":\"https:\/\/www.pressenza.com\/es\/2019\/03\/desde-suelo-antartico-a-las-celdas-solares-una-idea-simplemente-genial\/\",\"name\":\"Desde suelo Ant\u00e1rtico a las celdas solares: Una idea simplemente genial\",\"isPartOf\":{\"@id\":\"https:\/\/www.pressenza.com\/es\/#website\"},\"primaryImageOfPage\":{\"@id\":\"https:\/\/www.pressenza.com\/es\/2019\/03\/desde-suelo-antartico-a-las-celdas-solares-una-idea-simplemente-genial\/#primaryimage\"},\"image\":{\"@id\":\"https:\/\/www.pressenza.com\/es\/2019\/03\/desde-suelo-antartico-a-las-celdas-solares-una-idea-simplemente-genial\/#primaryimage\"},\"thumbnailUrl\":\"https:\/\/www.pressenza.com\/wp-content\/uploads\/2019\/03\/1.jpeg\",\"datePublished\":\"2019-03-09T00:09:56+00:00\",\"dateModified\":\"2019-03-09T18:51:21+00:00\",\"description\":\"Por Claudia Aranda Arellano \u2013 Corresponsal de Pressenza en la Expedici\u00f3n Cient\u00edfica Ant\u00e1rtica ECA 2019, Chile. La consigna es generar energ\u00eda limpia a\",\"breadcrumb\":{\"@id\":\"https:\/\/www.pressenza.com\/es\/2019\/03\/desde-suelo-antartico-a-las-celdas-solares-una-idea-simplemente-genial\/#breadcrumb\"},\"inLanguage\":\"es\",\"potentialAction\":[{\"@type\":\"ReadAction\",\"target\":[\"https:\/\/www.pressenza.com\/es\/2019\/03\/desde-suelo-antartico-a-las-celdas-solares-una-idea-simplemente-genial\/\"]}]},{\"@type\":\"ImageObject\",\"inLanguage\":\"es\",\"@id\":\"https:\/\/www.pressenza.com\/es\/2019\/03\/desde-suelo-antartico-a-las-celdas-solares-una-idea-simplemente-genial\/#primaryimage\",\"url\":\"https:\/\/www.pressenza.com\/wp-content\/uploads\/2019\/03\/1.jpeg\",\"contentUrl\":\"https:\/\/www.pressenza.com\/wp-content\/uploads\/2019\/03\/1.jpeg\",\"width\":1280,\"height\":960},{\"@type\":\"BreadcrumbList\",\"@id\":\"https:\/\/www.pressenza.com\/es\/2019\/03\/desde-suelo-antartico-a-las-celdas-solares-una-idea-simplemente-genial\/#breadcrumb\",\"itemListElement\":[{\"@type\":\"ListItem\",\"position\":1,\"name\":\"Accueil\",\"item\":\"https:\/\/www.pressenza.com\/es\/\"},{\"@type\":\"ListItem\",\"position\":2,\"name\":\"Desde suelo Ant\u00e1rtico a las celdas solares: Una idea simplemente genial\"}]},{\"@type\":\"WebSite\",\"@id\":\"https:\/\/www.pressenza.com\/es\/#website\",\"url\":\"https:\/\/www.pressenza.com\/es\/\",\"name\":\"Pressenza\",\"description\":\"International Press Agency\",\"publisher\":{\"@id\":\"https:\/\/www.pressenza.com\/es\/#organization\"},\"potentialAction\":[{\"@type\":\"SearchAction\",\"target\":{\"@type\":\"EntryPoint\",\"urlTemplate\":\"https:\/\/www.pressenza.com\/es\/?s={search_term_string}\"},\"query-input\":{\"@type\":\"PropertyValueSpecification\",\"valueRequired\":true,\"valueName\":\"search_term_string\"}}],\"inLanguage\":\"es\"},{\"@type\":\"Organization\",\"@id\":\"https:\/\/www.pressenza.com\/es\/#organization\",\"name\":\"Pressenza\",\"url\":\"https:\/\/www.pressenza.com\/es\/\",\"logo\":{\"@type\":\"ImageObject\",\"inLanguage\":\"es\",\"@id\":\"https:\/\/www.pressenza.com\/es\/#\/schema\/logo\/image\/\",\"url\":\"https:\/\/www.pressenza.com\/wp-content\/uploads\/2022\/10\/pressenza_logo_200x200.jpg\",\"contentUrl\":\"https:\/\/www.pressenza.com\/wp-content\/uploads\/2022\/10\/pressenza_logo_200x200.jpg\",\"width\":200,\"height\":200,\"caption\":\"Pressenza\"},\"image\":{\"@id\":\"https:\/\/www.pressenza.com\/es\/#\/schema\/logo\/image\/\"},\"sameAs\":[\"https:\/\/www.facebook.com\/PressenzaItalia\",\"https:\/\/x.com\/PressenzaIPA\"]},{\"@type\":\"Person\",\"@id\":\"https:\/\/www.pressenza.com\/es\/#\/schema\/person\/d7db40df35d6698ba69ba9ee260944ed\",\"name\":\"Redacci\u00f3n Chile\",\"description\":\"News from the Pressenza Bureau in Chile\",\"sameAs\":[\"https:\/\/www.facebook.com\/pressenza\",\"https:\/\/x.com\/pressenza\"],\"url\":\"https:\/\/www.pressenza.com\/es\/author\/redaccion-chile\/\"}]}<\/script>\n<!-- \/ Yoast SEO plugin. -->","yoast_head_json":{"title":"Desde suelo Ant\u00e1rtico a las celdas solares: Una idea simplemente genial","description":"Por Claudia Aranda Arellano \u2013 Corresponsal de Pressenza en la Expedici\u00f3n Cient\u00edfica Ant\u00e1rtica ECA 2019, Chile. La consigna es generar energ\u00eda limpia a","robots":{"index":"index","follow":"follow","max-snippet":"max-snippet:-1","max-image-preview":"max-image-preview:large","max-video-preview":"max-video-preview:-1"},"canonical":"https:\/\/www.pressenza.com\/es\/2019\/03\/desde-suelo-antartico-a-las-celdas-solares-una-idea-simplemente-genial\/","og_locale":"es_ES","og_type":"article","og_title":"Desde suelo Ant\u00e1rtico a las celdas solares: Una idea simplemente genial","og_description":"Por Claudia Aranda Arellano \u2013 Corresponsal de Pressenza en la Expedici\u00f3n Cient\u00edfica Ant\u00e1rtica ECA 2019, Chile. La consigna es generar energ\u00eda limpia a","og_url":"https:\/\/www.pressenza.com\/es\/2019\/03\/desde-suelo-antartico-a-las-celdas-solares-una-idea-simplemente-genial\/","og_site_name":"Pressenza","article_publisher":"https:\/\/www.facebook.com\/PressenzaItalia","article_author":"https:\/\/www.facebook.com\/pressenza","article_published_time":"2019-03-09T00:09:56+00:00","article_modified_time":"2019-03-09T18:51:21+00:00","og_image":[{"width":1280,"height":960,"url":"https:\/\/www.pressenza.com\/wp-content\/uploads\/2019\/03\/1.jpeg","type":"image\/jpeg"}],"author":"Redacci\u00f3n Chile","twitter_card":"summary_large_image","twitter_creator":"@pressenza","twitter_site":"@PressenzaIPA","twitter_misc":{"Escrito por":"Redacci\u00f3n Chile","Tiempo de lectura":"17 minutos"},"schema":{"@context":"https:\/\/schema.org","@graph":[{"@type":"Article","@id":"https:\/\/www.pressenza.com\/es\/2019\/03\/desde-suelo-antartico-a-las-celdas-solares-una-idea-simplemente-genial\/#article","isPartOf":{"@id":"https:\/\/www.pressenza.com\/es\/2019\/03\/desde-suelo-antartico-a-las-celdas-solares-una-idea-simplemente-genial\/"},"author":{"name":"Redacci\u00f3n Chile","@id":"https:\/\/www.pressenza.com\/es\/#\/schema\/person\/d7db40df35d6698ba69ba9ee260944ed"},"headline":"Desde suelo Ant\u00e1rtico a las celdas solares: Una idea simplemente genial","datePublished":"2019-03-09T00:09:56+00:00","dateModified":"2019-03-09T18:51:21+00:00","mainEntityOfPage":{"@id":"https:\/\/www.pressenza.com\/es\/2019\/03\/desde-suelo-antartico-a-las-celdas-solares-una-idea-simplemente-genial\/"},"wordCount":3475,"publisher":{"@id":"https:\/\/www.pressenza.com\/es\/#organization"},"image":{"@id":"https:\/\/www.pressenza.com\/es\/2019\/03\/desde-suelo-antartico-a-las-celdas-solares-una-idea-simplemente-genial\/#primaryimage"},"thumbnailUrl":"https:\/\/www.pressenza.com\/wp-content\/uploads\/2019\/03\/1.jpeg","keywords":["Antartica","Chile","Investigaci\u00f3n Cient\u00edfica"],"articleSection":["Ciencia y Tecnolog\u00eda","Contenido Original","Sudam\u00e9rica"],"inLanguage":"es"},{"@type":"WebPage","@id":"https:\/\/www.pressenza.com\/es\/2019\/03\/desde-suelo-antartico-a-las-celdas-solares-una-idea-simplemente-genial\/","url":"https:\/\/www.pressenza.com\/es\/2019\/03\/desde-suelo-antartico-a-las-celdas-solares-una-idea-simplemente-genial\/","name":"Desde suelo Ant\u00e1rtico a las celdas solares: Una idea simplemente genial","isPartOf":{"@id":"https:\/\/www.pressenza.com\/es\/#website"},"primaryImageOfPage":{"@id":"https:\/\/www.pressenza.com\/es\/2019\/03\/desde-suelo-antartico-a-las-celdas-solares-una-idea-simplemente-genial\/#primaryimage"},"image":{"@id":"https:\/\/www.pressenza.com\/es\/2019\/03\/desde-suelo-antartico-a-las-celdas-solares-una-idea-simplemente-genial\/#primaryimage"},"thumbnailUrl":"https:\/\/www.pressenza.com\/wp-content\/uploads\/2019\/03\/1.jpeg","datePublished":"2019-03-09T00:09:56+00:00","dateModified":"2019-03-09T18:51:21+00:00","description":"Por Claudia Aranda Arellano \u2013 Corresponsal de Pressenza en la Expedici\u00f3n Cient\u00edfica Ant\u00e1rtica ECA 2019, Chile. La consigna es generar energ\u00eda limpia a","breadcrumb":{"@id":"https:\/\/www.pressenza.com\/es\/2019\/03\/desde-suelo-antartico-a-las-celdas-solares-una-idea-simplemente-genial\/#breadcrumb"},"inLanguage":"es","potentialAction":[{"@type":"ReadAction","target":["https:\/\/www.pressenza.com\/es\/2019\/03\/desde-suelo-antartico-a-las-celdas-solares-una-idea-simplemente-genial\/"]}]},{"@type":"ImageObject","inLanguage":"es","@id":"https:\/\/www.pressenza.com\/es\/2019\/03\/desde-suelo-antartico-a-las-celdas-solares-una-idea-simplemente-genial\/#primaryimage","url":"https:\/\/www.pressenza.com\/wp-content\/uploads\/2019\/03\/1.jpeg","contentUrl":"https:\/\/www.pressenza.com\/wp-content\/uploads\/2019\/03\/1.jpeg","width":1280,"height":960},{"@type":"BreadcrumbList","@id":"https:\/\/www.pressenza.com\/es\/2019\/03\/desde-suelo-antartico-a-las-celdas-solares-una-idea-simplemente-genial\/#breadcrumb","itemListElement":[{"@type":"ListItem","position":1,"name":"Accueil","item":"https:\/\/www.pressenza.com\/es\/"},{"@type":"ListItem","position":2,"name":"Desde suelo Ant\u00e1rtico a las celdas solares: Una idea simplemente genial"}]},{"@type":"WebSite","@id":"https:\/\/www.pressenza.com\/es\/#website","url":"https:\/\/www.pressenza.com\/es\/","name":"Pressenza","description":"International Press Agency","publisher":{"@id":"https:\/\/www.pressenza.com\/es\/#organization"},"potentialAction":[{"@type":"SearchAction","target":{"@type":"EntryPoint","urlTemplate":"https:\/\/www.pressenza.com\/es\/?s={search_term_string}"},"query-input":{"@type":"PropertyValueSpecification","valueRequired":true,"valueName":"search_term_string"}}],"inLanguage":"es"},{"@type":"Organization","@id":"https:\/\/www.pressenza.com\/es\/#organization","name":"Pressenza","url":"https:\/\/www.pressenza.com\/es\/","logo":{"@type":"ImageObject","inLanguage":"es","@id":"https:\/\/www.pressenza.com\/es\/#\/schema\/logo\/image\/","url":"https:\/\/www.pressenza.com\/wp-content\/uploads\/2022\/10\/pressenza_logo_200x200.jpg","contentUrl":"https:\/\/www.pressenza.com\/wp-content\/uploads\/2022\/10\/pressenza_logo_200x200.jpg","width":200,"height":200,"caption":"Pressenza"},"image":{"@id":"https:\/\/www.pressenza.com\/es\/#\/schema\/logo\/image\/"},"sameAs":["https:\/\/www.facebook.com\/PressenzaItalia","https:\/\/x.com\/PressenzaIPA"]},{"@type":"Person","@id":"https:\/\/www.pressenza.com\/es\/#\/schema\/person\/d7db40df35d6698ba69ba9ee260944ed","name":"Redacci\u00f3n Chile","description":"News from the Pressenza Bureau in Chile","sameAs":["https:\/\/www.facebook.com\/pressenza","https:\/\/x.com\/pressenza"],"url":"https:\/\/www.pressenza.com\/es\/author\/redaccion-chile\/"}]}},"place":"Ant\u00e1rtica","original_article_url":"","_links":{"self":[{"href":"https:\/\/www.pressenza.com\/es\/wp-json\/wp\/v2\/posts\/818392","targetHints":{"allow":["GET"]}}],"collection":[{"href":"https:\/\/www.pressenza.com\/es\/wp-json\/wp\/v2\/posts"}],"about":[{"href":"https:\/\/www.pressenza.com\/es\/wp-json\/wp\/v2\/types\/post"}],"author":[{"embeddable":true,"href":"https:\/\/www.pressenza.com\/es\/wp-json\/wp\/v2\/users\/43"}],"replies":[{"embeddable":true,"href":"https:\/\/www.pressenza.com\/es\/wp-json\/wp\/v2\/comments?post=818392"}],"version-history":[{"count":0,"href":"https:\/\/www.pressenza.com\/es\/wp-json\/wp\/v2\/posts\/818392\/revisions"}],"wp:featuredmedia":[{"embeddable":true,"href":"https:\/\/www.pressenza.com\/es\/wp-json\/wp\/v2\/media\/819040"}],"wp:attachment":[{"href":"https:\/\/www.pressenza.com\/es\/wp-json\/wp\/v2\/media?parent=818392"}],"wp:term":[{"taxonomy":"category","embeddable":true,"href":"https:\/\/www.pressenza.com\/es\/wp-json\/wp\/v2\/categories?post=818392"},{"taxonomy":"post_tag","embeddable":true,"href":"https:\/\/www.pressenza.com\/es\/wp-json\/wp\/v2\/tags?post=818392"}],"curies":[{"name":"wp","href":"https:\/\/api.w.org\/{rel}","templated":true}]}}