{"id":818007,"date":"2019-03-08T01:39:27","date_gmt":"2019-03-08T01:39:27","guid":{"rendered":"https:\/\/www.pressenza.com\/?p=818007"},"modified":"2019-03-08T01:39:27","modified_gmt":"2019-03-08T01:39:27","slug":"criticas-a-bolsonaro-fueron-tema-preferido-en-bloques-del-carnaval-de-calle-en-brasil","status":"publish","type":"post","link":"https:\/\/www.pressenza.com\/es\/2019\/03\/criticas-a-bolsonaro-fueron-tema-preferido-en-bloques-del-carnaval-de-calle-en-brasil\/","title":{"rendered":"Cr\u00edticas a Bolsonaro fueron tema preferido en bloques del Carnaval de calle en Brasil"},"content":{"rendered":"<p><strong>Esc\u00e1ndalo de los testaferros del partido de Bolsonaro fue tema de disfraces de carnaval<\/strong><\/p>\n<p>Bloques de carnaval\u00a0en diversas ciudades de Brasil han criticado al gobierno de Bolsonaro en sus desfiles y presentaciones. Un tema recurrente entre los disfraces de los participantes del carnaval de calle brasile\u00f1o es el esc\u00e1ndalo de los testaferros &#8211; conocidos como\u00a0laranjas [naranjas] en portugu\u00e9s &#8211;\u00a0del PSL, supuestos esquemas que involucran familiares y pol\u00edticos pr\u00f3ximos al presidente.<\/p>\n<p>En muchas ciudades, la cr\u00edtica festiva se dio de forma m\u00e1s directa, involucrando consignas que atacan directamente al presidente.\u00a0Un hashtag en referencia a las protestas en el carnaval estuvo entre los asuntos m\u00e1s comentados en Twitter.<\/p>\n<p>Se hizo una versi\u00f3n de la marcha de carnaval \u201cCora\u00e7\u00e3o Corintiano\u201d contra el presidente en las calles en diversas localidades, con los siguientes versos: \u201cDoutor, eu n\u00e3o me engano\/ Bolsonaro \u00e9\u00a0miliciano\u201d.<\/p>\n<p>Otros bloques, a su vez, adem\u00e1s de las cr\u00edticas a\u00a0Bolsonaro, se manifestaron por la libertad del ex presidente Luiz In\u00e1cio Lula da Silva, que cumple pena en Curitiba (estado de Paran\u00e1), aunque todav\u00eda no se han agotado todas las instancias de apelaci\u00f3n de su condena.<\/p>\n<div id=\"attachment_818017\" class=\"wp-caption alignnone\"><img loading=\"lazy\" decoding=\"async\" aria-describedby=\"caption-attachment-818017\" class=\"size-full wp-image-818017\" src=\"https:\/\/www.pressenza.com\/wp-content\/uploads\/2019\/03\/Carnaval-en-Olinda-Arquimedes-Santos-Prefeitura-de-Olinda.jpg\" alt=\"\" width=\"640\" height=\"425\" srcset=\"https:\/\/www.pressenza.com\/wp-content\/uploads\/2019\/03\/Carnaval-en-Olinda-Arquimedes-Santos-Prefeitura-de-Olinda.jpg 640w, https:\/\/www.pressenza.com\/wp-content\/uploads\/2019\/03\/Carnaval-en-Olinda-Arquimedes-Santos-Prefeitura-de-Olinda-300x199.jpg 300w\" sizes=\"auto, (max-width: 640px) 100vw, 640px\" \/><p id=\"caption-attachment-818017\" class=\"wp-caption-text\">En el carnaval de Olinda tambi\u00e9n se critic\u00f3 a Bolsonaro. Foto Arquimedes Santos, Prefeitura de Olinda<\/p><\/div>\n<h4>Censura<\/h4>\n<p>En el estado de Minas Gerais, los organizadores del bloque Tchanzinho Zona Norte, de Belo Horizonte, afirmaron\u00a0haber recibido una orden de la Polic\u00eda Militar (PM) para que no se manifestaran pol\u00edticamente durante su presentaci\u00f3n. La posici\u00f3n de la PM se dio despu\u00e9s de que en el bloque se dieron c\u00e1nticos cr\u00edticos al presidente de la Rep\u00fablica.<\/p>\n<p>El mayor Flavio Santiago, portavoz de la PM de Minas Gerais, neg\u00f3 que se haya amenazado al bloque, mas confirm\u00f3 la orden de que no hubiera manifestaciones pol\u00edticas, con el argumento de que el incentivo al posicionamiento pol\u00edtico podr\u00eda llevar a una \u00abpelea generalizada\u00bb. Ning\u00fan incidente de ese tipo fue registrado durante la presentaci\u00f3n del Tchanzinho.<\/p>\n<p>La Defensor\u00eda P\u00fablica pidi\u00f3 que \u00ablas fuerzas policiales se abstengan de detener a cualquier individuo y que tampoco direccionen el contenido de sus expresiones verbales si estas son pol\u00edticas, bajo pena de practicar la odiosa pr\u00e1ctica de censura institucional; ilegal, inconstitucional y, adem\u00e1s, castigada como crimen de abuso de autoridad\u00bb, ya que \u00abest\u00e1n vedadas las acciones policiales para cohibir el libre ejercicio del pensamiento, inclusive, obvio, el de cu\u00f1o pol\u00edtico\u00bb.<\/p>\n<h4>Naranjal*<\/h4>\n<p>Vistiendo primordialmente de color naranja, en referencia al naranjal del partido de Jair Bolsonaro, los disfraces cr\u00edticos del presidente hac\u00edan menci\u00f3n a Fabricio Queiroz, ex asesor de Flavio Bolsonaro (PSL).<\/p>\n<p>Queiroz es investigado por el Ministerio P\u00fablico Federal (MPF) despu\u00e9s de que el COAF (Consejo de Control de Actividades Financieras) identific\u00f3 movimientos at\u00edpicos en su cuenta bancaria, los que involucran adem\u00e1s al senador electo que, cuando concejal, mantuvo en su gabinete a personas vinculadas directamente con las milicias de Rio de Janeiro.<\/p>\n<p>Adem\u00e1s, en este caso, hay la sospecha de que el PSL haya utilizado candidaturas testaferro en las \u00faltimas elecciones, cumpliendo formalmente\u00a0la cuota de candidatas mujeres estipuladas por la ley, pero desviando para otros fines los recursos p\u00fablicos electorales y partidarios que deber\u00edan haber sido destinados a ellas.<\/p>\n<hr \/>\n<p>*Alusi\u00f3n a naranjas, nombre con el que se conoce a los testaferros en Brasil.<\/p>\n","protected":false},"excerpt":{"rendered":"<p>Esc\u00e1ndalo de los testaferros del partido de Bolsonaro fue tema de disfraces de carnaval Bloques de carnaval\u00a0en diversas ciudades de Brasil han criticado al gobierno de Bolsonaro en sus desfiles y presentaciones. Un tema recurrente entre los disfraces de los&hellip;<\/p>\n","protected":false},"author":44,"featured_media":818028,"comment_status":"closed","ping_status":"closed","sticky":false,"template":"","format":"standard","meta":{"footnotes":""},"categories":[75,74,67],"tags":[51308,2749,15926],"class_list":["post-818007","post","type-post","status-publish","format-standard","has-post-thumbnail","hentry","category-cultura-es","category-politica-es","category-sudamerica","tag-bolsonaro-es","tag-brasil-es","tag-carnaval-es"],"yoast_head":"<!-- This site is optimized with the Yoast SEO plugin v27.1.1 - https:\/\/yoast.com\/product\/yoast-seo-wordpress\/ -->\n<title>Cr\u00edticas a Bolsonaro fueron tema preferido en bloques del Carnaval de calle en Brasil<\/title>\n<meta name=\"description\" content=\"Esc\u00e1ndalo de los testaferros del partido de Bolsonaro fue tema de disfraces de carnaval Bloques de carnaval\u00a0en diversas ciudades de Brasil han criticado\" \/>\n<meta name=\"robots\" content=\"index, follow, max-snippet:-1, max-image-preview:large, max-video-preview:-1\" \/>\n<link rel=\"canonical\" href=\"https:\/\/www.pressenza.com\/es\/2019\/03\/criticas-a-bolsonaro-fueron-tema-preferido-en-bloques-del-carnaval-de-calle-en-brasil\/\" \/>\n<meta property=\"og:locale\" content=\"es_ES\" \/>\n<meta property=\"og:type\" content=\"article\" \/>\n<meta property=\"og:title\" content=\"Cr\u00edticas a Bolsonaro fueron tema preferido en bloques del Carnaval de calle en Brasil\" \/>\n<meta property=\"og:description\" content=\"Esc\u00e1ndalo de los testaferros del partido de Bolsonaro fue tema de disfraces de carnaval Bloques de carnaval\u00a0en diversas ciudades de Brasil han criticado\" \/>\n<meta property=\"og:url\" content=\"https:\/\/www.pressenza.com\/es\/2019\/03\/criticas-a-bolsonaro-fueron-tema-preferido-en-bloques-del-carnaval-de-calle-en-brasil\/\" \/>\n<meta property=\"og:site_name\" content=\"Pressenza\" \/>\n<meta property=\"article:publisher\" content=\"https:\/\/www.facebook.com\/PressenzaItalia\" \/>\n<meta property=\"article:author\" content=\"https:\/\/www.facebook.com\/PressenzaPortugues\" \/>\n<meta property=\"article:published_time\" content=\"2019-03-08T01:39:27+00:00\" \/>\n<meta property=\"og:image\" content=\"https:\/\/www.pressenza.com\/wp-content\/uploads\/2019\/03\/carnaval-de-rua.jpg\" \/>\n\t<meta property=\"og:image:width\" content=\"750\" \/>\n\t<meta property=\"og:image:height\" content=\"469\" \/>\n\t<meta property=\"og:image:type\" content=\"image\/jpeg\" \/>\n<meta name=\"author\" content=\"Reda\u00e7\u00e3o S\u00e3o Paulo\" \/>\n<meta name=\"twitter:card\" content=\"summary_large_image\" \/>\n<meta name=\"twitter:creator\" content=\"@pressenza_pt\" \/>\n<meta name=\"twitter:site\" content=\"@PressenzaIPA\" \/>\n<meta name=\"twitter:label1\" content=\"Escrito por\" \/>\n\t<meta name=\"twitter:data1\" content=\"Reda\u00e7\u00e3o S\u00e3o Paulo\" \/>\n\t<meta name=\"twitter:label2\" content=\"Tiempo de lectura\" \/>\n\t<meta name=\"twitter:data2\" content=\"3 minutos\" \/>\n<script type=\"application\/ld+json\" class=\"yoast-schema-graph\">{\"@context\":\"https:\/\/schema.org\",\"@graph\":[{\"@type\":\"Article\",\"@id\":\"https:\/\/www.pressenza.com\/es\/2019\/03\/criticas-a-bolsonaro-fueron-tema-preferido-en-bloques-del-carnaval-de-calle-en-brasil\/#article\",\"isPartOf\":{\"@id\":\"https:\/\/www.pressenza.com\/es\/2019\/03\/criticas-a-bolsonaro-fueron-tema-preferido-en-bloques-del-carnaval-de-calle-en-brasil\/\"},\"author\":{\"name\":\"Reda\u00e7\u00e3o S\u00e3o Paulo\",\"@id\":\"https:\/\/www.pressenza.com\/es\/#\/schema\/person\/d171826afb7693cfc394da95892bfd93\"},\"headline\":\"Cr\u00edticas a Bolsonaro fueron tema preferido en bloques del Carnaval de calle en Brasil\",\"datePublished\":\"2019-03-08T01:39:27+00:00\",\"mainEntityOfPage\":{\"@id\":\"https:\/\/www.pressenza.com\/es\/2019\/03\/criticas-a-bolsonaro-fueron-tema-preferido-en-bloques-del-carnaval-de-calle-en-brasil\/\"},\"wordCount\":604,\"publisher\":{\"@id\":\"https:\/\/www.pressenza.com\/es\/#organization\"},\"image\":{\"@id\":\"https:\/\/www.pressenza.com\/es\/2019\/03\/criticas-a-bolsonaro-fueron-tema-preferido-en-bloques-del-carnaval-de-calle-en-brasil\/#primaryimage\"},\"thumbnailUrl\":\"https:\/\/www.pressenza.com\/wp-content\/uploads\/2019\/03\/carnaval-de-rua.jpg\",\"keywords\":[\"Bolsonaro\",\"Brasil\",\"carnaval\"],\"articleSection\":[\"Cultura y Medios\",\"Pol\u00edtica\",\"Sudam\u00e9rica\"],\"inLanguage\":\"es\"},{\"@type\":\"WebPage\",\"@id\":\"https:\/\/www.pressenza.com\/es\/2019\/03\/criticas-a-bolsonaro-fueron-tema-preferido-en-bloques-del-carnaval-de-calle-en-brasil\/\",\"url\":\"https:\/\/www.pressenza.com\/es\/2019\/03\/criticas-a-bolsonaro-fueron-tema-preferido-en-bloques-del-carnaval-de-calle-en-brasil\/\",\"name\":\"Cr\u00edticas a Bolsonaro fueron tema preferido en bloques del Carnaval de calle en Brasil\",\"isPartOf\":{\"@id\":\"https:\/\/www.pressenza.com\/es\/#website\"},\"primaryImageOfPage\":{\"@id\":\"https:\/\/www.pressenza.com\/es\/2019\/03\/criticas-a-bolsonaro-fueron-tema-preferido-en-bloques-del-carnaval-de-calle-en-brasil\/#primaryimage\"},\"image\":{\"@id\":\"https:\/\/www.pressenza.com\/es\/2019\/03\/criticas-a-bolsonaro-fueron-tema-preferido-en-bloques-del-carnaval-de-calle-en-brasil\/#primaryimage\"},\"thumbnailUrl\":\"https:\/\/www.pressenza.com\/wp-content\/uploads\/2019\/03\/carnaval-de-rua.jpg\",\"datePublished\":\"2019-03-08T01:39:27+00:00\",\"description\":\"Esc\u00e1ndalo de los testaferros del partido de Bolsonaro fue tema de disfraces de carnaval Bloques de carnaval\u00a0en diversas ciudades de Brasil han criticado\",\"breadcrumb\":{\"@id\":\"https:\/\/www.pressenza.com\/es\/2019\/03\/criticas-a-bolsonaro-fueron-tema-preferido-en-bloques-del-carnaval-de-calle-en-brasil\/#breadcrumb\"},\"inLanguage\":\"es\",\"potentialAction\":[{\"@type\":\"ReadAction\",\"target\":[\"https:\/\/www.pressenza.com\/es\/2019\/03\/criticas-a-bolsonaro-fueron-tema-preferido-en-bloques-del-carnaval-de-calle-en-brasil\/\"]}]},{\"@type\":\"ImageObject\",\"inLanguage\":\"es\",\"@id\":\"https:\/\/www.pressenza.com\/es\/2019\/03\/criticas-a-bolsonaro-fueron-tema-preferido-en-bloques-del-carnaval-de-calle-en-brasil\/#primaryimage\",\"url\":\"https:\/\/www.pressenza.com\/wp-content\/uploads\/2019\/03\/carnaval-de-rua.jpg\",\"contentUrl\":\"https:\/\/www.pressenza.com\/wp-content\/uploads\/2019\/03\/carnaval-de-rua.jpg\",\"width\":750,\"height\":469},{\"@type\":\"BreadcrumbList\",\"@id\":\"https:\/\/www.pressenza.com\/es\/2019\/03\/criticas-a-bolsonaro-fueron-tema-preferido-en-bloques-del-carnaval-de-calle-en-brasil\/#breadcrumb\",\"itemListElement\":[{\"@type\":\"ListItem\",\"position\":1,\"name\":\"Accueil\",\"item\":\"https:\/\/www.pressenza.com\/es\/\"},{\"@type\":\"ListItem\",\"position\":2,\"name\":\"Cr\u00edticas a Bolsonaro fueron tema preferido en bloques del Carnaval de calle en Brasil\"}]},{\"@type\":\"WebSite\",\"@id\":\"https:\/\/www.pressenza.com\/es\/#website\",\"url\":\"https:\/\/www.pressenza.com\/es\/\",\"name\":\"Pressenza\",\"description\":\"International Press Agency\",\"publisher\":{\"@id\":\"https:\/\/www.pressenza.com\/es\/#organization\"},\"potentialAction\":[{\"@type\":\"SearchAction\",\"target\":{\"@type\":\"EntryPoint\",\"urlTemplate\":\"https:\/\/www.pressenza.com\/es\/?s={search_term_string}\"},\"query-input\":{\"@type\":\"PropertyValueSpecification\",\"valueRequired\":true,\"valueName\":\"search_term_string\"}}],\"inLanguage\":\"es\"},{\"@type\":\"Organization\",\"@id\":\"https:\/\/www.pressenza.com\/es\/#organization\",\"name\":\"Pressenza\",\"url\":\"https:\/\/www.pressenza.com\/es\/\",\"logo\":{\"@type\":\"ImageObject\",\"inLanguage\":\"es\",\"@id\":\"https:\/\/www.pressenza.com\/es\/#\/schema\/logo\/image\/\",\"url\":\"https:\/\/www.pressenza.com\/wp-content\/uploads\/2022\/10\/pressenza_logo_200x200.jpg\",\"contentUrl\":\"https:\/\/www.pressenza.com\/wp-content\/uploads\/2022\/10\/pressenza_logo_200x200.jpg\",\"width\":200,\"height\":200,\"caption\":\"Pressenza\"},\"image\":{\"@id\":\"https:\/\/www.pressenza.com\/es\/#\/schema\/logo\/image\/\"},\"sameAs\":[\"https:\/\/www.facebook.com\/PressenzaItalia\",\"https:\/\/x.com\/PressenzaIPA\"]},{\"@type\":\"Person\",\"@id\":\"https:\/\/www.pressenza.com\/es\/#\/schema\/person\/d171826afb7693cfc394da95892bfd93\",\"name\":\"Reda\u00e7\u00e3o S\u00e3o Paulo\",\"description\":\"News from the Pressenza bureau in Sao Paulo, Brazil\",\"sameAs\":[\"https:\/\/www.facebook.com\/PressenzaPortugues\",\"https:\/\/x.com\/pressenza_pt\"],\"url\":\"https:\/\/www.pressenza.com\/es\/author\/redaccao-sao-paulo\/\"}]}<\/script>\n<!-- \/ Yoast SEO plugin. -->","yoast_head_json":{"title":"Cr\u00edticas a Bolsonaro fueron tema preferido en bloques del Carnaval de calle en Brasil","description":"Esc\u00e1ndalo de los testaferros del partido de Bolsonaro fue tema de disfraces de carnaval Bloques de carnaval\u00a0en diversas ciudades de Brasil han criticado","robots":{"index":"index","follow":"follow","max-snippet":"max-snippet:-1","max-image-preview":"max-image-preview:large","max-video-preview":"max-video-preview:-1"},"canonical":"https:\/\/www.pressenza.com\/es\/2019\/03\/criticas-a-bolsonaro-fueron-tema-preferido-en-bloques-del-carnaval-de-calle-en-brasil\/","og_locale":"es_ES","og_type":"article","og_title":"Cr\u00edticas a Bolsonaro fueron tema preferido en bloques del Carnaval de calle en Brasil","og_description":"Esc\u00e1ndalo de los testaferros del partido de Bolsonaro fue tema de disfraces de carnaval Bloques de carnaval\u00a0en diversas ciudades de Brasil han criticado","og_url":"https:\/\/www.pressenza.com\/es\/2019\/03\/criticas-a-bolsonaro-fueron-tema-preferido-en-bloques-del-carnaval-de-calle-en-brasil\/","og_site_name":"Pressenza","article_publisher":"https:\/\/www.facebook.com\/PressenzaItalia","article_author":"https:\/\/www.facebook.com\/PressenzaPortugues","article_published_time":"2019-03-08T01:39:27+00:00","og_image":[{"width":750,"height":469,"url":"https:\/\/www.pressenza.com\/wp-content\/uploads\/2019\/03\/carnaval-de-rua.jpg","type":"image\/jpeg"}],"author":"Reda\u00e7\u00e3o S\u00e3o Paulo","twitter_card":"summary_large_image","twitter_creator":"@pressenza_pt","twitter_site":"@PressenzaIPA","twitter_misc":{"Escrito por":"Reda\u00e7\u00e3o S\u00e3o Paulo","Tiempo de lectura":"3 minutos"},"schema":{"@context":"https:\/\/schema.org","@graph":[{"@type":"Article","@id":"https:\/\/www.pressenza.com\/es\/2019\/03\/criticas-a-bolsonaro-fueron-tema-preferido-en-bloques-del-carnaval-de-calle-en-brasil\/#article","isPartOf":{"@id":"https:\/\/www.pressenza.com\/es\/2019\/03\/criticas-a-bolsonaro-fueron-tema-preferido-en-bloques-del-carnaval-de-calle-en-brasil\/"},"author":{"name":"Reda\u00e7\u00e3o S\u00e3o Paulo","@id":"https:\/\/www.pressenza.com\/es\/#\/schema\/person\/d171826afb7693cfc394da95892bfd93"},"headline":"Cr\u00edticas a Bolsonaro fueron tema preferido en bloques del Carnaval de calle en Brasil","datePublished":"2019-03-08T01:39:27+00:00","mainEntityOfPage":{"@id":"https:\/\/www.pressenza.com\/es\/2019\/03\/criticas-a-bolsonaro-fueron-tema-preferido-en-bloques-del-carnaval-de-calle-en-brasil\/"},"wordCount":604,"publisher":{"@id":"https:\/\/www.pressenza.com\/es\/#organization"},"image":{"@id":"https:\/\/www.pressenza.com\/es\/2019\/03\/criticas-a-bolsonaro-fueron-tema-preferido-en-bloques-del-carnaval-de-calle-en-brasil\/#primaryimage"},"thumbnailUrl":"https:\/\/www.pressenza.com\/wp-content\/uploads\/2019\/03\/carnaval-de-rua.jpg","keywords":["Bolsonaro","Brasil","carnaval"],"articleSection":["Cultura y Medios","Pol\u00edtica","Sudam\u00e9rica"],"inLanguage":"es"},{"@type":"WebPage","@id":"https:\/\/www.pressenza.com\/es\/2019\/03\/criticas-a-bolsonaro-fueron-tema-preferido-en-bloques-del-carnaval-de-calle-en-brasil\/","url":"https:\/\/www.pressenza.com\/es\/2019\/03\/criticas-a-bolsonaro-fueron-tema-preferido-en-bloques-del-carnaval-de-calle-en-brasil\/","name":"Cr\u00edticas a Bolsonaro fueron tema preferido en bloques del Carnaval de calle en Brasil","isPartOf":{"@id":"https:\/\/www.pressenza.com\/es\/#website"},"primaryImageOfPage":{"@id":"https:\/\/www.pressenza.com\/es\/2019\/03\/criticas-a-bolsonaro-fueron-tema-preferido-en-bloques-del-carnaval-de-calle-en-brasil\/#primaryimage"},"image":{"@id":"https:\/\/www.pressenza.com\/es\/2019\/03\/criticas-a-bolsonaro-fueron-tema-preferido-en-bloques-del-carnaval-de-calle-en-brasil\/#primaryimage"},"thumbnailUrl":"https:\/\/www.pressenza.com\/wp-content\/uploads\/2019\/03\/carnaval-de-rua.jpg","datePublished":"2019-03-08T01:39:27+00:00","description":"Esc\u00e1ndalo de los testaferros del partido de Bolsonaro fue tema de disfraces de carnaval Bloques de carnaval\u00a0en diversas ciudades de Brasil han criticado","breadcrumb":{"@id":"https:\/\/www.pressenza.com\/es\/2019\/03\/criticas-a-bolsonaro-fueron-tema-preferido-en-bloques-del-carnaval-de-calle-en-brasil\/#breadcrumb"},"inLanguage":"es","potentialAction":[{"@type":"ReadAction","target":["https:\/\/www.pressenza.com\/es\/2019\/03\/criticas-a-bolsonaro-fueron-tema-preferido-en-bloques-del-carnaval-de-calle-en-brasil\/"]}]},{"@type":"ImageObject","inLanguage":"es","@id":"https:\/\/www.pressenza.com\/es\/2019\/03\/criticas-a-bolsonaro-fueron-tema-preferido-en-bloques-del-carnaval-de-calle-en-brasil\/#primaryimage","url":"https:\/\/www.pressenza.com\/wp-content\/uploads\/2019\/03\/carnaval-de-rua.jpg","contentUrl":"https:\/\/www.pressenza.com\/wp-content\/uploads\/2019\/03\/carnaval-de-rua.jpg","width":750,"height":469},{"@type":"BreadcrumbList","@id":"https:\/\/www.pressenza.com\/es\/2019\/03\/criticas-a-bolsonaro-fueron-tema-preferido-en-bloques-del-carnaval-de-calle-en-brasil\/#breadcrumb","itemListElement":[{"@type":"ListItem","position":1,"name":"Accueil","item":"https:\/\/www.pressenza.com\/es\/"},{"@type":"ListItem","position":2,"name":"Cr\u00edticas a Bolsonaro fueron tema preferido en bloques del Carnaval de calle en Brasil"}]},{"@type":"WebSite","@id":"https:\/\/www.pressenza.com\/es\/#website","url":"https:\/\/www.pressenza.com\/es\/","name":"Pressenza","description":"International Press Agency","publisher":{"@id":"https:\/\/www.pressenza.com\/es\/#organization"},"potentialAction":[{"@type":"SearchAction","target":{"@type":"EntryPoint","urlTemplate":"https:\/\/www.pressenza.com\/es\/?s={search_term_string}"},"query-input":{"@type":"PropertyValueSpecification","valueRequired":true,"valueName":"search_term_string"}}],"inLanguage":"es"},{"@type":"Organization","@id":"https:\/\/www.pressenza.com\/es\/#organization","name":"Pressenza","url":"https:\/\/www.pressenza.com\/es\/","logo":{"@type":"ImageObject","inLanguage":"es","@id":"https:\/\/www.pressenza.com\/es\/#\/schema\/logo\/image\/","url":"https:\/\/www.pressenza.com\/wp-content\/uploads\/2022\/10\/pressenza_logo_200x200.jpg","contentUrl":"https:\/\/www.pressenza.com\/wp-content\/uploads\/2022\/10\/pressenza_logo_200x200.jpg","width":200,"height":200,"caption":"Pressenza"},"image":{"@id":"https:\/\/www.pressenza.com\/es\/#\/schema\/logo\/image\/"},"sameAs":["https:\/\/www.facebook.com\/PressenzaItalia","https:\/\/x.com\/PressenzaIPA"]},{"@type":"Person","@id":"https:\/\/www.pressenza.com\/es\/#\/schema\/person\/d171826afb7693cfc394da95892bfd93","name":"Reda\u00e7\u00e3o S\u00e3o Paulo","description":"News from the Pressenza bureau in Sao Paulo, Brazil","sameAs":["https:\/\/www.facebook.com\/PressenzaPortugues","https:\/\/x.com\/pressenza_pt"],"url":"https:\/\/www.pressenza.com\/es\/author\/redaccao-sao-paulo\/"}]}},"place":"S\u00e3o Paulo, Brasil","original_article_url":"https:\/\/www.brasildefato.com.br\/2019\/03\/06\/criticas-a-bolsonaro-fueron-tema-preferido-en-bloques-del-carnaval-de-calle-en-brasil\/","_links":{"self":[{"href":"https:\/\/www.pressenza.com\/es\/wp-json\/wp\/v2\/posts\/818007","targetHints":{"allow":["GET"]}}],"collection":[{"href":"https:\/\/www.pressenza.com\/es\/wp-json\/wp\/v2\/posts"}],"about":[{"href":"https:\/\/www.pressenza.com\/es\/wp-json\/wp\/v2\/types\/post"}],"author":[{"embeddable":true,"href":"https:\/\/www.pressenza.com\/es\/wp-json\/wp\/v2\/users\/44"}],"replies":[{"embeddable":true,"href":"https:\/\/www.pressenza.com\/es\/wp-json\/wp\/v2\/comments?post=818007"}],"version-history":[{"count":0,"href":"https:\/\/www.pressenza.com\/es\/wp-json\/wp\/v2\/posts\/818007\/revisions"}],"wp:featuredmedia":[{"embeddable":true,"href":"https:\/\/www.pressenza.com\/es\/wp-json\/wp\/v2\/media\/818028"}],"wp:attachment":[{"href":"https:\/\/www.pressenza.com\/es\/wp-json\/wp\/v2\/media?parent=818007"}],"wp:term":[{"taxonomy":"category","embeddable":true,"href":"https:\/\/www.pressenza.com\/es\/wp-json\/wp\/v2\/categories?post=818007"},{"taxonomy":"post_tag","embeddable":true,"href":"https:\/\/www.pressenza.com\/es\/wp-json\/wp\/v2\/tags?post=818007"}],"curies":[{"name":"wp","href":"https:\/\/api.w.org\/{rel}","templated":true}]}}