{"id":815709,"date":"2019-03-03T22:19:40","date_gmt":"2019-03-03T22:19:40","guid":{"rendered":"https:\/\/www.pressenza.com\/?p=815709"},"modified":"2019-03-03T22:19:40","modified_gmt":"2019-03-03T22:19:40","slug":"esclavitud-moderna-el-crimen-organizado-en-su-maxima-expresion","status":"publish","type":"post","link":"https:\/\/www.pressenza.com\/es\/2019\/03\/esclavitud-moderna-el-crimen-organizado-en-su-maxima-expresion\/","title":{"rendered":"Esclavitud moderna, el crimen organizado en su m\u00e1xima expresi\u00f3n"},"content":{"rendered":"<p><span class=\"postauthor\">Por <a title=\"Art\u00edculos de Thalif Deen\" href=\"http:\/\/www.ipsnoticias.net\/author\/thalif-deen\/\">Thalif Deen<\/a><\/span><\/p>\n<p>M\u00e1s de 40 millones de personas viven en condiciones de esclavitud en el mundo, entre ellas 25 millones realizando trabajos forzosos y 15 millones en matrimonios forzados, 71 por ciento de las cuales son mujeres y ni\u00f1as, concluy\u00f3 un exhaustivo estudio de la Organizaci\u00f3n Internacional del Trabajo (OIT).<span id=\"more-139835\"><\/span><\/p>\n<p>Y la situaci\u00f3n podr\u00eda haber empeorado desde que se public\u00f3 \u201cEstimaciones Mundiales sobre la Esclavitud Moderna\u201d, en 2017, realizado en colaboraci\u00f3n con la Fundaci\u00f3n Walk Free.<\/p>\n<p>La Red Safe Haven, con sede en Chicago, calific\u00f3 la trata de personas como \u201cla mayor actividad criminal internacional, superior al narcotr\u00e1fico y a la venta ilegal de armas\u201d.<\/p>\n<p>En la actualidad, la esclavitud y la discriminaci\u00f3n racial son dos lados de la misma moneda en Estados Unidos, donde el racismo se hizo m\u00e1s visible bajo la bandera nacionalista de la \u201csupremac\u00eda blanca\u201d, resurgida con el demag\u00f3gico gobierno de Donald Trump.<\/p>\n<p>A pesar de estar prohibida en todas partes del mundo, la esclavitud adopt\u00f3 nuevas formas como la trata y el tr\u00e1fico de personas, el reclutamiento de ni\u00f1os soldados, el matrimonio precoz, la servidumbre dom\u00e9stica, tanto en el Sur como en el Norte global.<\/p>\n<p>Los trabajadores migrantes, ya sea en plantaciones de naranja en Italia o en la construcci\u00f3n, en Qatar, est\u00e1n en riesgo, puntualiz\u00f3 Karolin Seitz, oficial de programa para responsabilidad corporativa y derechos humanos de Global Policy Forum, con sede en Bonn, en di\u00e1logo con IPS.<\/p>\n<p>La experiencia muestra que los compromisos voluntarios de las compa\u00f1\u00edas trasnacionales no son suficientes, puntualiz\u00f3.<\/p>\n<p>No alcanza porque pa\u00edses como Gran Breta\u00f1a, con su Ley contra la Esclavitud, Australia, con su Ley sobre la Esclavitud Moderna, o Francia con su Ley de Vigilancia, llegaron a la conclusi\u00f3n de que solo funcionan las normas vinculantes.<\/p>\n<p>Un estudio de la Organizaci\u00f3n Mundial de la Salud sobre la salud de los refugiados y migrantes en Europa concluy\u00f3 que los trabajadores migrantes tienen m\u00e1s probabilidades de trabajar una cantidad excesiva de horas en empleos riesgosos y sin las medidas de seguridad adecuadas y sin quejarse.<\/p>\n<p>Las v\u00edctimas de trata o tr\u00e1fico quedan fuera del radar de las autoridades y no tienen acceso a la justicia, observ\u00f3 Seitz.<\/p>\n<p>Seg\u00fan ella, para eliminar las ventajas competitivas que ofrece la esclavitud moderna, la trata de personas y la contaminaci\u00f3n ambiental, los mecanismos de derechos humanos necesarios deben ir m\u00e1s all\u00e1 de los l\u00edmites fronterizos, opin\u00f3 Seitz.<\/p>\n<p>Por su parte, la secretaria general de la Confederaci\u00f3n Internacional de Sindicatos (ITUC, en ingl\u00e9s), Sharan Burrow, dijo a IPS que la desigualdad y la esclavitud moderna van de la mano para millones de personas. Pero es posible terminar con esta \u00faltima.<\/p>\n<p>\u201cLa esclavitud moderna est\u00e1 en todas partes, desde el kafala (sistema en que trabajadores migrantes tienen un patrocinador local, responsable de su visa y su estado legal) en Arabia Saudita y Emiratos \u00c1rabes Unidos, pasando por las haciendas de Paraguay y la pesca en Tailandia y Filipinas, hasta la agricultura en Italia\u201d, observ\u00f3.<\/p>\n<p>\u201cEs una cuesti\u00f3n de voluntad pol\u00edtica generar los cambios legales y garantizar la libertad de asociaci\u00f3n, que derivar\u00e1 de exponer el esc\u00e1ndalo y de las campa\u00f1as de trabajadores, consumidores y sindicatos. Los gobiernos deben ejercer presi\u00f3n sobre las corporaciones, la gente lo reclama\u201d, a\u00f1adi\u00f3.<\/p>\n<p>La directora de la oficina en Medio Oriente y \u00c1frica del norte de Igualdad Ya, Dima Dabbous, dijo a IPS que la OIT estima que hay <a href=\"https:\/\/www.ilo.org\/wcmsp5\/groups\/public\/---arabstates\/---ro-beirut\/documents\/publication\/wcms_619661.pdf\">1,6 millones de mujeres migrantes<\/a> en la regi\u00f3n viviendo bajo el kafala.<\/p>\n<p>En los pa\u00edses del Golfo, las trabajadoras migrantes se encuentran en una situaci\u00f3n vulnerable pues trabajan en el \u00e1mbito dom\u00e9stico, sujetas a un empleador sin poder renunciar ni cambiar de empleo ni irse del pa\u00eds sin el consentimiento de su patrocinador, el que las puede amenazar con deportarlas en caso de que protesten por las condiciones laborales, precis\u00f3.<\/p>\n<p>En esas condiciones, abusos como restricci\u00f3n de movimiento, retenci\u00f3n del pago y agresi\u00f3n f\u00edsica y sexual son moneda corriente. Y en casos extremos, causaron la muerte de alguna mujer, indic\u00f3 Dabbous, exdirectora del Instituto de Estudios de Mujeres en el Mundo \u00c1rabe.<\/p>\n<p>En L\u00edbano se lograron ciertas mejoras en el tipo de contratos que regulan el trabajo de mujeres migrantes que realizan tareas dom\u00e9sticas, como descanso semanal, el pago en fecha del salario y que las que sufren abusos recurran a las autoridades.<\/p>\n<p>Pero no se logr\u00f3 un gran cambio porque los contratos no est\u00e1n escritos en una lengua que hablen las empleadas migrantes ni las autoridades velan por su cumplimiento.<\/p>\n<p>\u201cLos empleadores les siguieron confiscando los pasaportes, todav\u00eda no tienen un d\u00eda de descanso semanal y tienen muy pocas posibilidades de quejarse ante las autoridades o de denunciar un abuso\u201d, se lament\u00f3 Dabbous.<\/p>\n<p>La OIT y otras organizaciones no gubernamentales internacionales deben seguir denunciando el sistema de kafala que hace que las mujeres migrantes queden sujetas a sus empleadores como si fueran esclavas, subray\u00f3.<\/p>\n<p>Adem\u00e1s, la comunidad internacional debe ayudar a las organizaciones locales a abolir o reemplazar ese sistema.<\/p>\n<p>Las leyes, si bien tienen falencias y presentan dificultades en su implementaci\u00f3n, obligan a las grandes compa\u00f1\u00edas a realizar declaraciones precisando el riesgo de esclavitud en su cadena de suministro, as\u00ed como las acciones que toman para evitarlo, destac\u00f3 Seitz, de Global Policy Forum.<\/p>\n<p>Otros pa\u00edses, en cambio, todav\u00eda creen en medidas voluntarias. El Plan de Acci\u00f3n Nacional de Alemania para la implementaci\u00f3n de los Principios Gu\u00eda de las Naciones Unidas sobre Empresas y Derechos Humanos carece de responsabilidad, en parte tambi\u00e9n por la gran presi\u00f3n de las empresas.<\/p>\n<p>A fin de fijar est\u00e1ndares comunes y s\u00f3lidos a escala mundial, los Estados deben apoyar el proceso actual en el Consejo de Derechos Humanos de la Organizaci\u00f3n de las Naciones Unidas (ONU) para crear un tratado vinculante que regule a las empresas transnacionales en cuestiones de derechos humanos, inst\u00f3.<\/p>\n<p>El documento deber\u00eda requerir que los Estados establezcan la obligatoriedad de la diligencia debida en materia de derechos humanos, que las compa\u00f1\u00edas se hagan responsables por romperla en casos de violaci\u00f3n y que eliminen los impedimentos que tienen las v\u00edctimas para acceder a la justicia, precis\u00f3 Seitz.<\/p>\n<p>El trabajo es m\u00e1s inseguro en el mundo, con el predominio de contratos a corto plazo, y aumentan el trabajo informal y la esclavitud moderna, puntualiz\u00f3 Burrow, de ITUC.<\/p>\n<p>La desigualdad de ingresos hace que la gente acepte empleos en condiciones de explotaci\u00f3n, lo que impide a los trabajadores ejercer sus derechos.<\/p>\n<p>\u201cCuando hay salarios bajos y no hay un empleo decente, cuando no hay sindicatos que representen y defiendan los derechos de los trabajadores, se crean las condiciones que llevan a la esclavitud moderna\u201d, apunt\u00f3.<\/p>\n<p>La debida diligencia y la transparencia son clave para poner fin a la esclavitud moderna en la cadena de suministro, subray\u00f3.<\/p>\n<p>Cuando las corporaciones asumen su responsabilidad con la debida diligencia y, por consiguiente, le dan transparencia a su cadena de suministro, es posible crear procedimientos de reclamo que pueden facilitar una soluci\u00f3n a violaciones laborales, desde el trabajo forzado a un sueldo por debajo del salario m\u00ednimo.<\/p>\n<p>Una ley sobre debida diligencia con nuevo mandato se est\u00e1 por adoptar en Francia, y otros pa\u00edses como Alemania y Holanda se preparan para seguir el mismo camino, apunt\u00f3.<\/p>\n","protected":false},"excerpt":{"rendered":"<p>Por Thalif Deen M\u00e1s de 40 millones de personas viven en condiciones de esclavitud en el mundo, entre ellas 25 millones realizando trabajos forzosos y 15 millones en matrimonios forzados, 71 por ciento de las cuales son mujeres y ni\u00f1as,&hellip;<\/p>\n","protected":false},"author":347,"featured_media":815721,"comment_status":"closed","ping_status":"closed","sticky":false,"template":"","format":"standard","meta":{"footnotes":""},"categories":[79,39,161],"tags":[1044],"class_list":["post-815709","post","type-post","status-publish","format-standard","has-post-thumbnail","hentry","category-derechos-humanos","category-internacional","category-opiniones","tag-esclavitud"],"yoast_head":"<!-- This site is optimized with the Yoast SEO plugin v27.1.1 - https:\/\/yoast.com\/product\/yoast-seo-wordpress\/ -->\n<title>Esclavitud moderna, el crimen organizado en su m\u00e1xima expresi\u00f3n<\/title>\n<meta name=\"description\" content=\"Por Thalif Deen M\u00e1s de 40 millones de personas viven en condiciones de esclavitud en el mundo, entre ellas 25 millones realizando trabajos forzosos y 15\" \/>\n<meta name=\"robots\" content=\"index, follow, max-snippet:-1, max-image-preview:large, max-video-preview:-1\" \/>\n<link rel=\"canonical\" href=\"https:\/\/www.pressenza.com\/es\/2019\/03\/esclavitud-moderna-el-crimen-organizado-en-su-maxima-expresion\/\" \/>\n<meta property=\"og:locale\" content=\"es_ES\" \/>\n<meta property=\"og:type\" content=\"article\" \/>\n<meta property=\"og:title\" content=\"Esclavitud moderna, el crimen organizado en su m\u00e1xima expresi\u00f3n\" \/>\n<meta property=\"og:description\" content=\"Por Thalif Deen M\u00e1s de 40 millones de personas viven en condiciones de esclavitud en el mundo, entre ellas 25 millones realizando trabajos forzosos y 15\" \/>\n<meta property=\"og:url\" content=\"https:\/\/www.pressenza.com\/es\/2019\/03\/esclavitud-moderna-el-crimen-organizado-en-su-maxima-expresion\/\" \/>\n<meta property=\"og:site_name\" content=\"Pressenza\" \/>\n<meta property=\"article:publisher\" content=\"https:\/\/www.facebook.com\/PressenzaItalia\" \/>\n<meta property=\"article:author\" content=\"http:\/\/www.facebook.com\/ipsnoticias\" \/>\n<meta property=\"article:published_time\" content=\"2019-03-03T22:19:40+00:00\" \/>\n<meta property=\"og:image\" content=\"https:\/\/www.pressenza.com\/wp-content\/uploads\/2019\/03\/esclavitud.jpeg\" \/>\n\t<meta property=\"og:image:width\" content=\"620\" \/>\n\t<meta property=\"og:image:height\" content=\"356\" \/>\n\t<meta property=\"og:image:type\" content=\"image\/jpeg\" \/>\n<meta name=\"author\" content=\"Inter Press Service\" \/>\n<meta name=\"twitter:card\" content=\"summary_large_image\" \/>\n<meta name=\"twitter:creator\" content=\"@ipsnoticias\" \/>\n<meta name=\"twitter:site\" content=\"@PressenzaIPA\" \/>\n<meta name=\"twitter:label1\" content=\"Escrito por\" \/>\n\t<meta name=\"twitter:data1\" content=\"Inter Press Service\" \/>\n\t<meta name=\"twitter:label2\" content=\"Tiempo de lectura\" \/>\n\t<meta name=\"twitter:data2\" content=\"6 minutos\" \/>\n<script type=\"application\/ld+json\" class=\"yoast-schema-graph\">{\"@context\":\"https:\/\/schema.org\",\"@graph\":[{\"@type\":\"Article\",\"@id\":\"https:\/\/www.pressenza.com\/es\/2019\/03\/esclavitud-moderna-el-crimen-organizado-en-su-maxima-expresion\/#article\",\"isPartOf\":{\"@id\":\"https:\/\/www.pressenza.com\/es\/2019\/03\/esclavitud-moderna-el-crimen-organizado-en-su-maxima-expresion\/\"},\"author\":{\"name\":\"Inter Press Service\",\"@id\":\"https:\/\/www.pressenza.com\/es\/#\/schema\/person\/7467f88f6765c239bdd52f3c432de81a\"},\"headline\":\"Esclavitud moderna, el crimen organizado en su m\u00e1xima expresi\u00f3n\",\"datePublished\":\"2019-03-03T22:19:40+00:00\",\"mainEntityOfPage\":{\"@id\":\"https:\/\/www.pressenza.com\/es\/2019\/03\/esclavitud-moderna-el-crimen-organizado-en-su-maxima-expresion\/\"},\"wordCount\":1268,\"publisher\":{\"@id\":\"https:\/\/www.pressenza.com\/es\/#organization\"},\"image\":{\"@id\":\"https:\/\/www.pressenza.com\/es\/2019\/03\/esclavitud-moderna-el-crimen-organizado-en-su-maxima-expresion\/#primaryimage\"},\"thumbnailUrl\":\"https:\/\/www.pressenza.com\/wp-content\/uploads\/2019\/03\/esclavitud.jpeg\",\"keywords\":[\"esclavitud\"],\"articleSection\":[\"Derechos Humanos\",\"Internacional\",\"Opiniones\"],\"inLanguage\":\"es\"},{\"@type\":\"WebPage\",\"@id\":\"https:\/\/www.pressenza.com\/es\/2019\/03\/esclavitud-moderna-el-crimen-organizado-en-su-maxima-expresion\/\",\"url\":\"https:\/\/www.pressenza.com\/es\/2019\/03\/esclavitud-moderna-el-crimen-organizado-en-su-maxima-expresion\/\",\"name\":\"Esclavitud moderna, el crimen organizado en su m\u00e1xima expresi\u00f3n\",\"isPartOf\":{\"@id\":\"https:\/\/www.pressenza.com\/es\/#website\"},\"primaryImageOfPage\":{\"@id\":\"https:\/\/www.pressenza.com\/es\/2019\/03\/esclavitud-moderna-el-crimen-organizado-en-su-maxima-expresion\/#primaryimage\"},\"image\":{\"@id\":\"https:\/\/www.pressenza.com\/es\/2019\/03\/esclavitud-moderna-el-crimen-organizado-en-su-maxima-expresion\/#primaryimage\"},\"thumbnailUrl\":\"https:\/\/www.pressenza.com\/wp-content\/uploads\/2019\/03\/esclavitud.jpeg\",\"datePublished\":\"2019-03-03T22:19:40+00:00\",\"description\":\"Por Thalif Deen M\u00e1s de 40 millones de personas viven en condiciones de esclavitud en el mundo, entre ellas 25 millones realizando trabajos forzosos y 15\",\"breadcrumb\":{\"@id\":\"https:\/\/www.pressenza.com\/es\/2019\/03\/esclavitud-moderna-el-crimen-organizado-en-su-maxima-expresion\/#breadcrumb\"},\"inLanguage\":\"es\",\"potentialAction\":[{\"@type\":\"ReadAction\",\"target\":[\"https:\/\/www.pressenza.com\/es\/2019\/03\/esclavitud-moderna-el-crimen-organizado-en-su-maxima-expresion\/\"]}]},{\"@type\":\"ImageObject\",\"inLanguage\":\"es\",\"@id\":\"https:\/\/www.pressenza.com\/es\/2019\/03\/esclavitud-moderna-el-crimen-organizado-en-su-maxima-expresion\/#primaryimage\",\"url\":\"https:\/\/www.pressenza.com\/wp-content\/uploads\/2019\/03\/esclavitud.jpeg\",\"contentUrl\":\"https:\/\/www.pressenza.com\/wp-content\/uploads\/2019\/03\/esclavitud.jpeg\",\"width\":620,\"height\":356},{\"@type\":\"BreadcrumbList\",\"@id\":\"https:\/\/www.pressenza.com\/es\/2019\/03\/esclavitud-moderna-el-crimen-organizado-en-su-maxima-expresion\/#breadcrumb\",\"itemListElement\":[{\"@type\":\"ListItem\",\"position\":1,\"name\":\"Accueil\",\"item\":\"https:\/\/www.pressenza.com\/es\/\"},{\"@type\":\"ListItem\",\"position\":2,\"name\":\"Esclavitud moderna, el crimen organizado en su m\u00e1xima expresi\u00f3n\"}]},{\"@type\":\"WebSite\",\"@id\":\"https:\/\/www.pressenza.com\/es\/#website\",\"url\":\"https:\/\/www.pressenza.com\/es\/\",\"name\":\"Pressenza\",\"description\":\"International Press Agency\",\"publisher\":{\"@id\":\"https:\/\/www.pressenza.com\/es\/#organization\"},\"potentialAction\":[{\"@type\":\"SearchAction\",\"target\":{\"@type\":\"EntryPoint\",\"urlTemplate\":\"https:\/\/www.pressenza.com\/es\/?s={search_term_string}\"},\"query-input\":{\"@type\":\"PropertyValueSpecification\",\"valueRequired\":true,\"valueName\":\"search_term_string\"}}],\"inLanguage\":\"es\"},{\"@type\":\"Organization\",\"@id\":\"https:\/\/www.pressenza.com\/es\/#organization\",\"name\":\"Pressenza\",\"url\":\"https:\/\/www.pressenza.com\/es\/\",\"logo\":{\"@type\":\"ImageObject\",\"inLanguage\":\"es\",\"@id\":\"https:\/\/www.pressenza.com\/es\/#\/schema\/logo\/image\/\",\"url\":\"https:\/\/www.pressenza.com\/wp-content\/uploads\/2022\/10\/pressenza_logo_200x200.jpg\",\"contentUrl\":\"https:\/\/www.pressenza.com\/wp-content\/uploads\/2022\/10\/pressenza_logo_200x200.jpg\",\"width\":200,\"height\":200,\"caption\":\"Pressenza\"},\"image\":{\"@id\":\"https:\/\/www.pressenza.com\/es\/#\/schema\/logo\/image\/\"},\"sameAs\":[\"https:\/\/www.facebook.com\/PressenzaItalia\",\"https:\/\/x.com\/PressenzaIPA\"]},{\"@type\":\"Person\",\"@id\":\"https:\/\/www.pressenza.com\/es\/#\/schema\/person\/7467f88f6765c239bdd52f3c432de81a\",\"name\":\"Inter Press Service\",\"description\":\"IPS is an international communications institution at the heart of a global news agency that amplifies the voices of the South and civil society on development, globalisation, human rights and the environment. www.ipsnews.net\",\"sameAs\":[\"http:\/\/www.facebook.com\/ipsnoticias\",\"https:\/\/x.com\/ipsnoticias\"],\"url\":\"https:\/\/www.pressenza.com\/es\/author\/ips-inter-press-service\/\"}]}<\/script>\n<!-- \/ Yoast SEO plugin. -->","yoast_head_json":{"title":"Esclavitud moderna, el crimen organizado en su m\u00e1xima expresi\u00f3n","description":"Por Thalif Deen M\u00e1s de 40 millones de personas viven en condiciones de esclavitud en el mundo, entre ellas 25 millones realizando trabajos forzosos y 15","robots":{"index":"index","follow":"follow","max-snippet":"max-snippet:-1","max-image-preview":"max-image-preview:large","max-video-preview":"max-video-preview:-1"},"canonical":"https:\/\/www.pressenza.com\/es\/2019\/03\/esclavitud-moderna-el-crimen-organizado-en-su-maxima-expresion\/","og_locale":"es_ES","og_type":"article","og_title":"Esclavitud moderna, el crimen organizado en su m\u00e1xima expresi\u00f3n","og_description":"Por Thalif Deen M\u00e1s de 40 millones de personas viven en condiciones de esclavitud en el mundo, entre ellas 25 millones realizando trabajos forzosos y 15","og_url":"https:\/\/www.pressenza.com\/es\/2019\/03\/esclavitud-moderna-el-crimen-organizado-en-su-maxima-expresion\/","og_site_name":"Pressenza","article_publisher":"https:\/\/www.facebook.com\/PressenzaItalia","article_author":"http:\/\/www.facebook.com\/ipsnoticias","article_published_time":"2019-03-03T22:19:40+00:00","og_image":[{"width":620,"height":356,"url":"https:\/\/www.pressenza.com\/wp-content\/uploads\/2019\/03\/esclavitud.jpeg","type":"image\/jpeg"}],"author":"Inter Press Service","twitter_card":"summary_large_image","twitter_creator":"@ipsnoticias","twitter_site":"@PressenzaIPA","twitter_misc":{"Escrito por":"Inter Press Service","Tiempo de lectura":"6 minutos"},"schema":{"@context":"https:\/\/schema.org","@graph":[{"@type":"Article","@id":"https:\/\/www.pressenza.com\/es\/2019\/03\/esclavitud-moderna-el-crimen-organizado-en-su-maxima-expresion\/#article","isPartOf":{"@id":"https:\/\/www.pressenza.com\/es\/2019\/03\/esclavitud-moderna-el-crimen-organizado-en-su-maxima-expresion\/"},"author":{"name":"Inter Press Service","@id":"https:\/\/www.pressenza.com\/es\/#\/schema\/person\/7467f88f6765c239bdd52f3c432de81a"},"headline":"Esclavitud moderna, el crimen organizado en su m\u00e1xima expresi\u00f3n","datePublished":"2019-03-03T22:19:40+00:00","mainEntityOfPage":{"@id":"https:\/\/www.pressenza.com\/es\/2019\/03\/esclavitud-moderna-el-crimen-organizado-en-su-maxima-expresion\/"},"wordCount":1268,"publisher":{"@id":"https:\/\/www.pressenza.com\/es\/#organization"},"image":{"@id":"https:\/\/www.pressenza.com\/es\/2019\/03\/esclavitud-moderna-el-crimen-organizado-en-su-maxima-expresion\/#primaryimage"},"thumbnailUrl":"https:\/\/www.pressenza.com\/wp-content\/uploads\/2019\/03\/esclavitud.jpeg","keywords":["esclavitud"],"articleSection":["Derechos Humanos","Internacional","Opiniones"],"inLanguage":"es"},{"@type":"WebPage","@id":"https:\/\/www.pressenza.com\/es\/2019\/03\/esclavitud-moderna-el-crimen-organizado-en-su-maxima-expresion\/","url":"https:\/\/www.pressenza.com\/es\/2019\/03\/esclavitud-moderna-el-crimen-organizado-en-su-maxima-expresion\/","name":"Esclavitud moderna, el crimen organizado en su m\u00e1xima expresi\u00f3n","isPartOf":{"@id":"https:\/\/www.pressenza.com\/es\/#website"},"primaryImageOfPage":{"@id":"https:\/\/www.pressenza.com\/es\/2019\/03\/esclavitud-moderna-el-crimen-organizado-en-su-maxima-expresion\/#primaryimage"},"image":{"@id":"https:\/\/www.pressenza.com\/es\/2019\/03\/esclavitud-moderna-el-crimen-organizado-en-su-maxima-expresion\/#primaryimage"},"thumbnailUrl":"https:\/\/www.pressenza.com\/wp-content\/uploads\/2019\/03\/esclavitud.jpeg","datePublished":"2019-03-03T22:19:40+00:00","description":"Por Thalif Deen M\u00e1s de 40 millones de personas viven en condiciones de esclavitud en el mundo, entre ellas 25 millones realizando trabajos forzosos y 15","breadcrumb":{"@id":"https:\/\/www.pressenza.com\/es\/2019\/03\/esclavitud-moderna-el-crimen-organizado-en-su-maxima-expresion\/#breadcrumb"},"inLanguage":"es","potentialAction":[{"@type":"ReadAction","target":["https:\/\/www.pressenza.com\/es\/2019\/03\/esclavitud-moderna-el-crimen-organizado-en-su-maxima-expresion\/"]}]},{"@type":"ImageObject","inLanguage":"es","@id":"https:\/\/www.pressenza.com\/es\/2019\/03\/esclavitud-moderna-el-crimen-organizado-en-su-maxima-expresion\/#primaryimage","url":"https:\/\/www.pressenza.com\/wp-content\/uploads\/2019\/03\/esclavitud.jpeg","contentUrl":"https:\/\/www.pressenza.com\/wp-content\/uploads\/2019\/03\/esclavitud.jpeg","width":620,"height":356},{"@type":"BreadcrumbList","@id":"https:\/\/www.pressenza.com\/es\/2019\/03\/esclavitud-moderna-el-crimen-organizado-en-su-maxima-expresion\/#breadcrumb","itemListElement":[{"@type":"ListItem","position":1,"name":"Accueil","item":"https:\/\/www.pressenza.com\/es\/"},{"@type":"ListItem","position":2,"name":"Esclavitud moderna, el crimen organizado en su m\u00e1xima expresi\u00f3n"}]},{"@type":"WebSite","@id":"https:\/\/www.pressenza.com\/es\/#website","url":"https:\/\/www.pressenza.com\/es\/","name":"Pressenza","description":"International Press Agency","publisher":{"@id":"https:\/\/www.pressenza.com\/es\/#organization"},"potentialAction":[{"@type":"SearchAction","target":{"@type":"EntryPoint","urlTemplate":"https:\/\/www.pressenza.com\/es\/?s={search_term_string}"},"query-input":{"@type":"PropertyValueSpecification","valueRequired":true,"valueName":"search_term_string"}}],"inLanguage":"es"},{"@type":"Organization","@id":"https:\/\/www.pressenza.com\/es\/#organization","name":"Pressenza","url":"https:\/\/www.pressenza.com\/es\/","logo":{"@type":"ImageObject","inLanguage":"es","@id":"https:\/\/www.pressenza.com\/es\/#\/schema\/logo\/image\/","url":"https:\/\/www.pressenza.com\/wp-content\/uploads\/2022\/10\/pressenza_logo_200x200.jpg","contentUrl":"https:\/\/www.pressenza.com\/wp-content\/uploads\/2022\/10\/pressenza_logo_200x200.jpg","width":200,"height":200,"caption":"Pressenza"},"image":{"@id":"https:\/\/www.pressenza.com\/es\/#\/schema\/logo\/image\/"},"sameAs":["https:\/\/www.facebook.com\/PressenzaItalia","https:\/\/x.com\/PressenzaIPA"]},{"@type":"Person","@id":"https:\/\/www.pressenza.com\/es\/#\/schema\/person\/7467f88f6765c239bdd52f3c432de81a","name":"Inter Press Service","description":"IPS is an international communications institution at the heart of a global news agency that amplifies the voices of the South and civil society on development, globalisation, human rights and the environment. www.ipsnews.net","sameAs":["http:\/\/www.facebook.com\/ipsnoticias","https:\/\/x.com\/ipsnoticias"],"url":"https:\/\/www.pressenza.com\/es\/author\/ips-inter-press-service\/"}]}},"place":"","original_article_url":"http:\/\/www.ipsnoticias.net\/2019\/02\/esclavitud-moderna-crimen-organizado-maxima-expresion\/","_links":{"self":[{"href":"https:\/\/www.pressenza.com\/es\/wp-json\/wp\/v2\/posts\/815709","targetHints":{"allow":["GET"]}}],"collection":[{"href":"https:\/\/www.pressenza.com\/es\/wp-json\/wp\/v2\/posts"}],"about":[{"href":"https:\/\/www.pressenza.com\/es\/wp-json\/wp\/v2\/types\/post"}],"author":[{"embeddable":true,"href":"https:\/\/www.pressenza.com\/es\/wp-json\/wp\/v2\/users\/347"}],"replies":[{"embeddable":true,"href":"https:\/\/www.pressenza.com\/es\/wp-json\/wp\/v2\/comments?post=815709"}],"version-history":[{"count":0,"href":"https:\/\/www.pressenza.com\/es\/wp-json\/wp\/v2\/posts\/815709\/revisions"}],"wp:featuredmedia":[{"embeddable":true,"href":"https:\/\/www.pressenza.com\/es\/wp-json\/wp\/v2\/media\/815721"}],"wp:attachment":[{"href":"https:\/\/www.pressenza.com\/es\/wp-json\/wp\/v2\/media?parent=815709"}],"wp:term":[{"taxonomy":"category","embeddable":true,"href":"https:\/\/www.pressenza.com\/es\/wp-json\/wp\/v2\/categories?post=815709"},{"taxonomy":"post_tag","embeddable":true,"href":"https:\/\/www.pressenza.com\/es\/wp-json\/wp\/v2\/tags?post=815709"}],"curies":[{"name":"wp","href":"https:\/\/api.w.org\/{rel}","templated":true}]}}