{"id":815640,"date":"2019-03-03T16:48:48","date_gmt":"2019-03-03T16:48:48","guid":{"rendered":"https:\/\/www.pressenza.com\/?p=815640"},"modified":"2019-04-22T08:55:48","modified_gmt":"2019-04-22T07:55:48","slug":"pressenza-en-florencia-el-10-de-marzo-para-formar-una-red-entre-activistas-y-periodistas","status":"publish","type":"post","link":"https:\/\/www.pressenza.com\/es\/2019\/03\/pressenza-en-florencia-el-10-de-marzo-para-formar-una-red-entre-activistas-y-periodistas\/","title":{"rendered":"Pressenza: en Florencia el 10 de marzo para formar una red entre activistas y periodistas"},"content":{"rendered":"<p>Con motivo de los 10 a\u00f1os de existencia de Pressenza, la agencia internacional de prensa para la paz y la no violencia, organiza reuniones p\u00fablicas en varias ciudades sobre la necesidad urgente de establecer redes de contacto entre periodistas independientes y activistas sociales.<\/p>\n<p>En <strong>Florencia<\/strong>, la reuni\u00f3n tendr\u00e1 lugar el <strong>10 de marzo de 10:30 am a 18:00 pm<\/strong> en el <strong>Circolo ARCI \u00abEntre los trabajadores de Porta al Prato\u00bb<\/strong> en direcci\u00f3n de las Porte Nuove, 33 a.<\/p>\n<p>El encuentro, abierto al p\u00fablico, se realiza en colaboraci\u00f3n con numerosas asociaciones y publicaciones period\u00edsticas locales y nacionales: ARCI Bassa Val di Cecina, Asamblea Bienes\/ Derechos Comunes, Comit\u00e9 \u201cFermiamo la guerra\u201d, Comit\u00e9 No Tunnel TAV, Centro de Estudios Humanistas \u00abTi con Cero \u00ab, COSPE, la Asociaci\u00f3n de Derechos y Fronteras, La Bottega del Barbieri, La ciudad invisible \u2013 perUnaltracitt\u00e0, Marcha Mundial por la Paz y la No Violencia, Multimage, Pacelink, S\u00ed &#8211; Toscana a la Izquierda, Mesa por la Paz en Val di Cecina, WILPF .<\/p>\n<p>En la reuni\u00f3n confirmaron su presencia: <strong>Angelo Baracca, Moreno Biagioni, Tiziano Cardosi, Amalia Chiovaro, Francesca Conti, Lorenzo Guadagnucci, Jeff Hoffman, Cristiano Lucchi, Anna Meli, Gianni Monti, David Lifodi, Giovanna Pagani, Anna Polo y Olivier Turquet .<\/strong><\/p>\n<p>Los temas y conclusiones de la reuni\u00f3n se informar\u00e1n a la reuni\u00f3n nacional que tendr\u00e1 lugar en el <a href=\"http:\/\/monasterodelbenecomune.blogspot.com\/\">Monasterio del Bien Com\u00fan<\/a>, en Sezano, los d\u00edas 6 y 7 de abril.<\/p>\n<p><strong>A continuaci\u00f3n, el evento de Facebook:<\/strong><\/p>\n<p><strong><a href=\"https:\/\/www.facebook.com\/events\/277693329816567\/\">Periodistas independientes y activistas: la urgencia del networking.<\/a><\/strong><\/p>\n<p><strong>&#8211; Profundizaci\u00f3n de la propuesta:<\/strong><\/p>\n<p><strong><a href=\"https:\/\/www.pressenza.com\/it\/2019\/01\/attivisti-e-giornalisti-costruire-una-rete\/\">Activistas y periodistas: construyendo una red.<\/a><\/strong><\/p>\n<p><strong>&#8211; Encuentro de Roma:<\/strong><\/p>\n<p><strong><a href=\"https:\/\/www.pressenza.com\/it\/2019\/02\/roma-10-febbraio-la-rete-tra-giornalisti-indipendenti-e-attivisti-fa-un-altro-passo-avanti\/\">Roma, 10 de febrero: la red entre periodistas independientes y activistas hace otro progreso.<\/a> <\/strong><\/p>\n<p><strong><a href=\"https:\/\/www.pressenza.com\/it\/2019\/02\/video-incontro-di-pressenza-a-roma-le-testimonianze-dei-relatori\/\">[Video] Reuni\u00f3n de Pressenza en Roma: los testimonios de los oradores<\/a><\/strong><\/p>\n<p><strong>&#8211; Encuentro de Mil\u00e1n:<\/strong><\/p>\n<p><strong><a href=\"https:\/\/www.pressenza.com\/it\/2019\/01\/giornalisti-indipendenti-e-attivisti-lurgenza-di-fare-rete-incontro-a-milano\/\">Periodistas independientes y activistas, la urgencia de hacer redes. Encuentro en Mil\u00e1n.<\/a><\/strong><\/p>\n<p><strong><a href=\"https:\/\/www.pressenza.com\/it\/2019\/01\/pressenza-milano-al-via-gli-incontri-su-giornalisti-indipendenti-e-attivisti-lurgenza-di-fare-rete\/\">Pressenza, Mil\u00e1n: reuniones sobre \u00abPeriodistas independientes y activistas, la urgencia de crear redes\u00bb<\/a><\/strong><\/p>\n<p>Para m\u00e1s informaci\u00f3n: <a href=\"mailto:olivier.turquet@gmail.com\">olivier.turquet@gmail.com<\/a> tel. 3395635202; ser\u00e1 posible almorzar juntos en el club, quien est\u00e1 interesado \u200b\u200bdebe reservar.<\/p>\n<hr \/>\n<p>Traducci\u00f3n del italiano: Ana Gabriela Vel\u00e1squez Proa\u00f1o<\/p>\n","protected":false},"excerpt":{"rendered":"<p>Con motivo de los 10 a\u00f1os de existencia de Pressenza, la agencia internacional de prensa para la paz y la no violencia, organiza reuniones p\u00fablicas en varias ciudades sobre la necesidad urgente de establecer redes de contacto entre periodistas independientes&hellip;<\/p>\n","protected":false},"author":594,"featured_media":814994,"comment_status":"closed","ping_status":"closed","sticky":false,"template":"","format":"standard","meta":{"footnotes":""},"categories":[11389,75,66],"tags":[51859,4880,57818,40942,49946,4814,16832,49948,55062],"class_list":["post-815640","post","type-post","status-publish","format-standard","has-post-thumbnail","hentry","category-contenido-original","category-cultura-es","category-europa-es","tag-10-anos-de-pressenza","tag-activistas","tag-europe-netting-es","tag-florencia","tag-humanist-movement-es","tag-movimiento-humanista","tag-periodismo","tag-pressenza-it-es","tag-red-es"],"yoast_head":"<!-- This site is optimized with the Yoast SEO plugin v27.1.1 - https:\/\/yoast.com\/product\/yoast-seo-wordpress\/ -->\n<title>Pressenza: en Florencia el 10 de marzo para formar una red entre activistas y periodistas<\/title>\n<meta name=\"description\" content=\"Con motivo de los 10 a\u00f1os de existencia de Pressenza, la agencia internacional de prensa para la paz y la no violencia, organiza reuniones p\u00fablicas en\" \/>\n<meta name=\"robots\" content=\"index, follow, max-snippet:-1, max-image-preview:large, max-video-preview:-1\" \/>\n<link rel=\"canonical\" href=\"https:\/\/www.pressenza.com\/es\/2019\/03\/pressenza-en-florencia-el-10-de-marzo-para-formar-una-red-entre-activistas-y-periodistas\/\" \/>\n<meta property=\"og:locale\" content=\"es_ES\" \/>\n<meta property=\"og:type\" content=\"article\" \/>\n<meta property=\"og:title\" content=\"Pressenza: en Florencia el 10 de marzo para formar una red entre activistas y periodistas\" \/>\n<meta property=\"og:description\" content=\"Con motivo de los 10 a\u00f1os de existencia de Pressenza, la agencia internacional de prensa para la paz y la no violencia, organiza reuniones p\u00fablicas en\" \/>\n<meta property=\"og:url\" content=\"https:\/\/www.pressenza.com\/es\/2019\/03\/pressenza-en-florencia-el-10-de-marzo-para-formar-una-red-entre-activistas-y-periodistas\/\" \/>\n<meta property=\"og:site_name\" content=\"Pressenza\" \/>\n<meta property=\"article:publisher\" content=\"https:\/\/www.facebook.com\/PressenzaItalia\" \/>\n<meta property=\"article:author\" content=\"https:\/\/www.facebook.com\/PressenzaItalia\" \/>\n<meta property=\"article:published_time\" content=\"2019-03-03T16:48:48+00:00\" \/>\n<meta property=\"article:modified_time\" content=\"2019-04-22T07:55:48+00:00\" \/>\n<meta property=\"og:image\" content=\"https:\/\/www.pressenza.com\/wp-content\/uploads\/2019\/03\/firenze-x-articolo.jpg\" \/>\n\t<meta property=\"og:image:width\" content=\"839\" \/>\n\t<meta property=\"og:image:height\" content=\"791\" \/>\n\t<meta property=\"og:image:type\" content=\"image\/jpeg\" \/>\n<meta name=\"author\" content=\"Redazione Italia\" \/>\n<meta name=\"twitter:card\" content=\"summary_large_image\" \/>\n<meta name=\"twitter:creator\" content=\"@pressenza_it\" \/>\n<meta name=\"twitter:site\" content=\"@PressenzaIPA\" \/>\n<meta name=\"twitter:label1\" content=\"Escrito por\" \/>\n\t<meta name=\"twitter:data1\" content=\"Redazione Italia\" \/>\n\t<meta name=\"twitter:label2\" content=\"Tiempo de lectura\" \/>\n\t<meta name=\"twitter:data2\" content=\"2 minutos\" \/>\n<script type=\"application\/ld+json\" class=\"yoast-schema-graph\">{\"@context\":\"https:\/\/schema.org\",\"@graph\":[{\"@type\":\"Article\",\"@id\":\"https:\/\/www.pressenza.com\/es\/2019\/03\/pressenza-en-florencia-el-10-de-marzo-para-formar-una-red-entre-activistas-y-periodistas\/#article\",\"isPartOf\":{\"@id\":\"https:\/\/www.pressenza.com\/es\/2019\/03\/pressenza-en-florencia-el-10-de-marzo-para-formar-una-red-entre-activistas-y-periodistas\/\"},\"author\":{\"name\":\"Redazione Italia\",\"@id\":\"https:\/\/www.pressenza.com\/es\/#\/schema\/person\/d983e81827ae24f2c7b1a2123d197f8d\"},\"headline\":\"Pressenza: en Florencia el 10 de marzo para formar una red entre activistas y periodistas\",\"datePublished\":\"2019-03-03T16:48:48+00:00\",\"dateModified\":\"2019-04-22T07:55:48+00:00\",\"mainEntityOfPage\":{\"@id\":\"https:\/\/www.pressenza.com\/es\/2019\/03\/pressenza-en-florencia-el-10-de-marzo-para-formar-una-red-entre-activistas-y-periodistas\/\"},\"wordCount\":368,\"publisher\":{\"@id\":\"https:\/\/www.pressenza.com\/es\/#organization\"},\"image\":{\"@id\":\"https:\/\/www.pressenza.com\/es\/2019\/03\/pressenza-en-florencia-el-10-de-marzo-para-formar-una-red-entre-activistas-y-periodistas\/#primaryimage\"},\"thumbnailUrl\":\"https:\/\/www.pressenza.com\/wp-content\/uploads\/2019\/03\/firenze-x-articolo.jpg\",\"keywords\":[\"10 a\u00f1os de Pressenza\",\"activistas\",\"Europe.Netting\",\"Florencia\",\"Humanist Movement\",\"Movimiento Humanista\",\"periodismo\",\"Pressenza\",\"RED\"],\"articleSection\":[\"Contenido Original\",\"Cultura y Medios\",\"Europa\"],\"inLanguage\":\"es\"},{\"@type\":\"WebPage\",\"@id\":\"https:\/\/www.pressenza.com\/es\/2019\/03\/pressenza-en-florencia-el-10-de-marzo-para-formar-una-red-entre-activistas-y-periodistas\/\",\"url\":\"https:\/\/www.pressenza.com\/es\/2019\/03\/pressenza-en-florencia-el-10-de-marzo-para-formar-una-red-entre-activistas-y-periodistas\/\",\"name\":\"Pressenza: en Florencia el 10 de marzo para formar una red entre activistas y periodistas\",\"isPartOf\":{\"@id\":\"https:\/\/www.pressenza.com\/es\/#website\"},\"primaryImageOfPage\":{\"@id\":\"https:\/\/www.pressenza.com\/es\/2019\/03\/pressenza-en-florencia-el-10-de-marzo-para-formar-una-red-entre-activistas-y-periodistas\/#primaryimage\"},\"image\":{\"@id\":\"https:\/\/www.pressenza.com\/es\/2019\/03\/pressenza-en-florencia-el-10-de-marzo-para-formar-una-red-entre-activistas-y-periodistas\/#primaryimage\"},\"thumbnailUrl\":\"https:\/\/www.pressenza.com\/wp-content\/uploads\/2019\/03\/firenze-x-articolo.jpg\",\"datePublished\":\"2019-03-03T16:48:48+00:00\",\"dateModified\":\"2019-04-22T07:55:48+00:00\",\"description\":\"Con motivo de los 10 a\u00f1os de existencia de Pressenza, la agencia internacional de prensa para la paz y la no violencia, organiza reuniones p\u00fablicas en\",\"breadcrumb\":{\"@id\":\"https:\/\/www.pressenza.com\/es\/2019\/03\/pressenza-en-florencia-el-10-de-marzo-para-formar-una-red-entre-activistas-y-periodistas\/#breadcrumb\"},\"inLanguage\":\"es\",\"potentialAction\":[{\"@type\":\"ReadAction\",\"target\":[\"https:\/\/www.pressenza.com\/es\/2019\/03\/pressenza-en-florencia-el-10-de-marzo-para-formar-una-red-entre-activistas-y-periodistas\/\"]}]},{\"@type\":\"ImageObject\",\"inLanguage\":\"es\",\"@id\":\"https:\/\/www.pressenza.com\/es\/2019\/03\/pressenza-en-florencia-el-10-de-marzo-para-formar-una-red-entre-activistas-y-periodistas\/#primaryimage\",\"url\":\"https:\/\/www.pressenza.com\/wp-content\/uploads\/2019\/03\/firenze-x-articolo.jpg\",\"contentUrl\":\"https:\/\/www.pressenza.com\/wp-content\/uploads\/2019\/03\/firenze-x-articolo.jpg\",\"width\":839,\"height\":791},{\"@type\":\"BreadcrumbList\",\"@id\":\"https:\/\/www.pressenza.com\/es\/2019\/03\/pressenza-en-florencia-el-10-de-marzo-para-formar-una-red-entre-activistas-y-periodistas\/#breadcrumb\",\"itemListElement\":[{\"@type\":\"ListItem\",\"position\":1,\"name\":\"Accueil\",\"item\":\"https:\/\/www.pressenza.com\/es\/\"},{\"@type\":\"ListItem\",\"position\":2,\"name\":\"Pressenza: en Florencia el 10 de marzo para formar una red entre activistas y periodistas\"}]},{\"@type\":\"WebSite\",\"@id\":\"https:\/\/www.pressenza.com\/es\/#website\",\"url\":\"https:\/\/www.pressenza.com\/es\/\",\"name\":\"Pressenza\",\"description\":\"International Press Agency\",\"publisher\":{\"@id\":\"https:\/\/www.pressenza.com\/es\/#organization\"},\"potentialAction\":[{\"@type\":\"SearchAction\",\"target\":{\"@type\":\"EntryPoint\",\"urlTemplate\":\"https:\/\/www.pressenza.com\/es\/?s={search_term_string}\"},\"query-input\":{\"@type\":\"PropertyValueSpecification\",\"valueRequired\":true,\"valueName\":\"search_term_string\"}}],\"inLanguage\":\"es\"},{\"@type\":\"Organization\",\"@id\":\"https:\/\/www.pressenza.com\/es\/#organization\",\"name\":\"Pressenza\",\"url\":\"https:\/\/www.pressenza.com\/es\/\",\"logo\":{\"@type\":\"ImageObject\",\"inLanguage\":\"es\",\"@id\":\"https:\/\/www.pressenza.com\/es\/#\/schema\/logo\/image\/\",\"url\":\"https:\/\/www.pressenza.com\/wp-content\/uploads\/2022\/10\/pressenza_logo_200x200.jpg\",\"contentUrl\":\"https:\/\/www.pressenza.com\/wp-content\/uploads\/2022\/10\/pressenza_logo_200x200.jpg\",\"width\":200,\"height\":200,\"caption\":\"Pressenza\"},\"image\":{\"@id\":\"https:\/\/www.pressenza.com\/es\/#\/schema\/logo\/image\/\"},\"sameAs\":[\"https:\/\/www.facebook.com\/PressenzaItalia\",\"https:\/\/x.com\/PressenzaIPA\"]},{\"@type\":\"Person\",\"@id\":\"https:\/\/www.pressenza.com\/es\/#\/schema\/person\/d983e81827ae24f2c7b1a2123d197f8d\",\"name\":\"Redazione Italia\",\"description\":\"News from the Pressenza Bureau in Italy\",\"sameAs\":[\"https:\/\/www.pressenza.com\/it\/author\/redazione-italia\/\",\"https:\/\/www.facebook.com\/PressenzaItalia\",\"https:\/\/www.instagram.com\/pressenza_italia\/\",\"https:\/\/x.com\/pressenza_it\",\"https:\/\/www.youtube.com\/channel\/UCSalEIWjE1RSxkwjfftFuqg\"],\"url\":\"https:\/\/www.pressenza.com\/es\/author\/redazione-italia\/\"}]}<\/script>\n<!-- \/ Yoast SEO plugin. -->","yoast_head_json":{"title":"Pressenza: en Florencia el 10 de marzo para formar una red entre activistas y periodistas","description":"Con motivo de los 10 a\u00f1os de existencia de Pressenza, la agencia internacional de prensa para la paz y la no violencia, organiza reuniones p\u00fablicas en","robots":{"index":"index","follow":"follow","max-snippet":"max-snippet:-1","max-image-preview":"max-image-preview:large","max-video-preview":"max-video-preview:-1"},"canonical":"https:\/\/www.pressenza.com\/es\/2019\/03\/pressenza-en-florencia-el-10-de-marzo-para-formar-una-red-entre-activistas-y-periodistas\/","og_locale":"es_ES","og_type":"article","og_title":"Pressenza: en Florencia el 10 de marzo para formar una red entre activistas y periodistas","og_description":"Con motivo de los 10 a\u00f1os de existencia de Pressenza, la agencia internacional de prensa para la paz y la no violencia, organiza reuniones p\u00fablicas en","og_url":"https:\/\/www.pressenza.com\/es\/2019\/03\/pressenza-en-florencia-el-10-de-marzo-para-formar-una-red-entre-activistas-y-periodistas\/","og_site_name":"Pressenza","article_publisher":"https:\/\/www.facebook.com\/PressenzaItalia","article_author":"https:\/\/www.facebook.com\/PressenzaItalia","article_published_time":"2019-03-03T16:48:48+00:00","article_modified_time":"2019-04-22T07:55:48+00:00","og_image":[{"width":839,"height":791,"url":"https:\/\/www.pressenza.com\/wp-content\/uploads\/2019\/03\/firenze-x-articolo.jpg","type":"image\/jpeg"}],"author":"Redazione Italia","twitter_card":"summary_large_image","twitter_creator":"@pressenza_it","twitter_site":"@PressenzaIPA","twitter_misc":{"Escrito por":"Redazione Italia","Tiempo de lectura":"2 minutos"},"schema":{"@context":"https:\/\/schema.org","@graph":[{"@type":"Article","@id":"https:\/\/www.pressenza.com\/es\/2019\/03\/pressenza-en-florencia-el-10-de-marzo-para-formar-una-red-entre-activistas-y-periodistas\/#article","isPartOf":{"@id":"https:\/\/www.pressenza.com\/es\/2019\/03\/pressenza-en-florencia-el-10-de-marzo-para-formar-una-red-entre-activistas-y-periodistas\/"},"author":{"name":"Redazione Italia","@id":"https:\/\/www.pressenza.com\/es\/#\/schema\/person\/d983e81827ae24f2c7b1a2123d197f8d"},"headline":"Pressenza: en Florencia el 10 de marzo para formar una red entre activistas y periodistas","datePublished":"2019-03-03T16:48:48+00:00","dateModified":"2019-04-22T07:55:48+00:00","mainEntityOfPage":{"@id":"https:\/\/www.pressenza.com\/es\/2019\/03\/pressenza-en-florencia-el-10-de-marzo-para-formar-una-red-entre-activistas-y-periodistas\/"},"wordCount":368,"publisher":{"@id":"https:\/\/www.pressenza.com\/es\/#organization"},"image":{"@id":"https:\/\/www.pressenza.com\/es\/2019\/03\/pressenza-en-florencia-el-10-de-marzo-para-formar-una-red-entre-activistas-y-periodistas\/#primaryimage"},"thumbnailUrl":"https:\/\/www.pressenza.com\/wp-content\/uploads\/2019\/03\/firenze-x-articolo.jpg","keywords":["10 a\u00f1os de Pressenza","activistas","Europe.Netting","Florencia","Humanist Movement","Movimiento Humanista","periodismo","Pressenza","RED"],"articleSection":["Contenido Original","Cultura y Medios","Europa"],"inLanguage":"es"},{"@type":"WebPage","@id":"https:\/\/www.pressenza.com\/es\/2019\/03\/pressenza-en-florencia-el-10-de-marzo-para-formar-una-red-entre-activistas-y-periodistas\/","url":"https:\/\/www.pressenza.com\/es\/2019\/03\/pressenza-en-florencia-el-10-de-marzo-para-formar-una-red-entre-activistas-y-periodistas\/","name":"Pressenza: en Florencia el 10 de marzo para formar una red entre activistas y periodistas","isPartOf":{"@id":"https:\/\/www.pressenza.com\/es\/#website"},"primaryImageOfPage":{"@id":"https:\/\/www.pressenza.com\/es\/2019\/03\/pressenza-en-florencia-el-10-de-marzo-para-formar-una-red-entre-activistas-y-periodistas\/#primaryimage"},"image":{"@id":"https:\/\/www.pressenza.com\/es\/2019\/03\/pressenza-en-florencia-el-10-de-marzo-para-formar-una-red-entre-activistas-y-periodistas\/#primaryimage"},"thumbnailUrl":"https:\/\/www.pressenza.com\/wp-content\/uploads\/2019\/03\/firenze-x-articolo.jpg","datePublished":"2019-03-03T16:48:48+00:00","dateModified":"2019-04-22T07:55:48+00:00","description":"Con motivo de los 10 a\u00f1os de existencia de Pressenza, la agencia internacional de prensa para la paz y la no violencia, organiza reuniones p\u00fablicas en","breadcrumb":{"@id":"https:\/\/www.pressenza.com\/es\/2019\/03\/pressenza-en-florencia-el-10-de-marzo-para-formar-una-red-entre-activistas-y-periodistas\/#breadcrumb"},"inLanguage":"es","potentialAction":[{"@type":"ReadAction","target":["https:\/\/www.pressenza.com\/es\/2019\/03\/pressenza-en-florencia-el-10-de-marzo-para-formar-una-red-entre-activistas-y-periodistas\/"]}]},{"@type":"ImageObject","inLanguage":"es","@id":"https:\/\/www.pressenza.com\/es\/2019\/03\/pressenza-en-florencia-el-10-de-marzo-para-formar-una-red-entre-activistas-y-periodistas\/#primaryimage","url":"https:\/\/www.pressenza.com\/wp-content\/uploads\/2019\/03\/firenze-x-articolo.jpg","contentUrl":"https:\/\/www.pressenza.com\/wp-content\/uploads\/2019\/03\/firenze-x-articolo.jpg","width":839,"height":791},{"@type":"BreadcrumbList","@id":"https:\/\/www.pressenza.com\/es\/2019\/03\/pressenza-en-florencia-el-10-de-marzo-para-formar-una-red-entre-activistas-y-periodistas\/#breadcrumb","itemListElement":[{"@type":"ListItem","position":1,"name":"Accueil","item":"https:\/\/www.pressenza.com\/es\/"},{"@type":"ListItem","position":2,"name":"Pressenza: en Florencia el 10 de marzo para formar una red entre activistas y periodistas"}]},{"@type":"WebSite","@id":"https:\/\/www.pressenza.com\/es\/#website","url":"https:\/\/www.pressenza.com\/es\/","name":"Pressenza","description":"International Press Agency","publisher":{"@id":"https:\/\/www.pressenza.com\/es\/#organization"},"potentialAction":[{"@type":"SearchAction","target":{"@type":"EntryPoint","urlTemplate":"https:\/\/www.pressenza.com\/es\/?s={search_term_string}"},"query-input":{"@type":"PropertyValueSpecification","valueRequired":true,"valueName":"search_term_string"}}],"inLanguage":"es"},{"@type":"Organization","@id":"https:\/\/www.pressenza.com\/es\/#organization","name":"Pressenza","url":"https:\/\/www.pressenza.com\/es\/","logo":{"@type":"ImageObject","inLanguage":"es","@id":"https:\/\/www.pressenza.com\/es\/#\/schema\/logo\/image\/","url":"https:\/\/www.pressenza.com\/wp-content\/uploads\/2022\/10\/pressenza_logo_200x200.jpg","contentUrl":"https:\/\/www.pressenza.com\/wp-content\/uploads\/2022\/10\/pressenza_logo_200x200.jpg","width":200,"height":200,"caption":"Pressenza"},"image":{"@id":"https:\/\/www.pressenza.com\/es\/#\/schema\/logo\/image\/"},"sameAs":["https:\/\/www.facebook.com\/PressenzaItalia","https:\/\/x.com\/PressenzaIPA"]},{"@type":"Person","@id":"https:\/\/www.pressenza.com\/es\/#\/schema\/person\/d983e81827ae24f2c7b1a2123d197f8d","name":"Redazione Italia","description":"News from the Pressenza Bureau in Italy","sameAs":["https:\/\/www.pressenza.com\/it\/author\/redazione-italia\/","https:\/\/www.facebook.com\/PressenzaItalia","https:\/\/www.instagram.com\/pressenza_italia\/","https:\/\/x.com\/pressenza_it","https:\/\/www.youtube.com\/channel\/UCSalEIWjE1RSxkwjfftFuqg"],"url":"https:\/\/www.pressenza.com\/es\/author\/redazione-italia\/"}]}},"place":"Florencia","original_article_url":"","_links":{"self":[{"href":"https:\/\/www.pressenza.com\/es\/wp-json\/wp\/v2\/posts\/815640","targetHints":{"allow":["GET"]}}],"collection":[{"href":"https:\/\/www.pressenza.com\/es\/wp-json\/wp\/v2\/posts"}],"about":[{"href":"https:\/\/www.pressenza.com\/es\/wp-json\/wp\/v2\/types\/post"}],"author":[{"embeddable":true,"href":"https:\/\/www.pressenza.com\/es\/wp-json\/wp\/v2\/users\/594"}],"replies":[{"embeddable":true,"href":"https:\/\/www.pressenza.com\/es\/wp-json\/wp\/v2\/comments?post=815640"}],"version-history":[{"count":0,"href":"https:\/\/www.pressenza.com\/es\/wp-json\/wp\/v2\/posts\/815640\/revisions"}],"wp:featuredmedia":[{"embeddable":true,"href":"https:\/\/www.pressenza.com\/es\/wp-json\/wp\/v2\/media\/814994"}],"wp:attachment":[{"href":"https:\/\/www.pressenza.com\/es\/wp-json\/wp\/v2\/media?parent=815640"}],"wp:term":[{"taxonomy":"category","embeddable":true,"href":"https:\/\/www.pressenza.com\/es\/wp-json\/wp\/v2\/categories?post=815640"},{"taxonomy":"post_tag","embeddable":true,"href":"https:\/\/www.pressenza.com\/es\/wp-json\/wp\/v2\/tags?post=815640"}],"curies":[{"name":"wp","href":"https:\/\/api.w.org\/{rel}","templated":true}]}}