{"id":815624,"date":"2019-03-03T16:37:48","date_gmt":"2019-03-03T16:37:48","guid":{"rendered":"https:\/\/www.pressenza.com\/?p=815624"},"modified":"2019-03-03T16:37:48","modified_gmt":"2019-03-03T16:37:48","slug":"trieste-justicia-climatica-seguridad-y-salud-en-las-escuelas","status":"publish","type":"post","link":"https:\/\/www.pressenza.com\/es\/2019\/03\/trieste-justicia-climatica-seguridad-y-salud-en-las-escuelas\/","title":{"rendered":"Trieste: justicia clim\u00e1tica, seguridad y salud en las escuelas"},"content":{"rendered":"<p><span style=\"color: #000000; font-family: Arial;\">Viernes 22 de febrero Bruna Bianchi, historiadora y ex profesora en C\u00e0 Foscari, imparti\u00f3 algunas lecciones en las escuelas y en la Casa Internacional de Mujeres de Trieste, para el proyecto \u00abPaz Feminista en Acci\u00f3n: Justicia Clim\u00e1tica, Seguridad y Salud\u00bb promovido por Wilpf (Liga Internacional de Mujeres por la Paz y la Libertad) en colaboraci\u00f3n con el Comit\u00e9 de Paz y Convivencia Danilo Dolci, Mondosenzaguerre, Arci Servizio Civile y la asociaci\u00f3n \u00abTina Modotti\u00bb, en preparaci\u00f3n para la 2\u00aa Marcha Mundial por la Paz y la No Violencia, que el 2 de octubre partir\u00e1 desde Madrid para visitar todo el planeta y regresar\u00e1 el 8 de marzo, despu\u00e9s de una parada en febrero de 2020 en Trieste, como ya ocurri\u00f3 en 2009.<\/span><\/p>\n<p><span style=\"color: #000000; font-family: Arial;\">La profesora Bianchi se reuni\u00f3 con dos clases del liceo cient\u00edfico Galilei, acompa\u00f1ado por el profesor Paciucci, hablando sobre la violencia contra civiles mujeres y ni\u00f1os durante conflictos de guerra. Y entretuvo a los alumnos de un tercero en la escuela intermedia Codermatz junto con la profesora Schiavolin, sobre la dram\u00e1tica experiencia de los adolescentes durante la Primera Guerra Mundial. Por la tarde, en la Casa Internacional de Mujeres de Via Pisoni, ilustr\u00f3 la historia del pacifismo feminista entre finales del siglo XIX y la Segunda Guerra Mundial.<\/span><\/p>\n<p><span style=\"color: #000000; font-family: Arial;\">La presidenta honoraria de Wilpf Italia, Giovanna Pagani, quien cre\u00f3 el proyecto, abri\u00f3 el sitio web <\/span><a href=\"file:\/\/\/C:\/Users\/len009\/Desktop\/www.pacefemministainazione.org\">www.pacefemministainazione.org<\/a><span style=\"color: #000000; font-family: Arial;\">, que albergar\u00e1 materiales de las actividades realizadas en Palermo, Monteleone de Puglia, Roma, Livorno, Pisa y Trieste. La Liga Internacional de Mujeres por la Paz es un co-fondo de la coalici\u00f3n ICAN, Premio Nobel de la Paz 2017. En esta capacidad ha presentado, a la Conferencia de las Naciones Unidas para el establecimiento del nuevo Tratado sobre la prohibici\u00f3n de las armas nucleares, la propuesta de llevar a cabo un estudio para el desnuclearizaci\u00f3n de los puertos de tr\u00e1nsito nucleares militares de Trieste y Koper-Capodistria, que podr\u00eda realizarse con el apoyo de las realidades cient\u00edficas presentes en el territorio.<\/span><\/p>\n<p><span style=\"color: #000000; font-family: Arial;\">La segunda fase del proyecto de Paz Feminista en acci\u00f3n incluye algunos eventos nacionales en los que puede participar una delegaci\u00f3n de nuestra ciudad. Al finalizar el a\u00f1o escolar, se llevar\u00e1 a cabo en la \u201cAuletta\u201d de los grupos parlamentarios en Roma, una Jornada en la que los estudiantes pueden presentar sus propuestas a las instituciones y conocer los eventos de personas que nos han salvado de la cat\u00e1strofe nuclear, como por ejemplo el coronel Stanislav Petrov, que ser\u00e1 recordado por cient\u00edficos destacados y sobre cuya historia se hizo una pel\u00edcula.<\/span><\/p>\n<p><span style=\"color: #000000; font-family: Arial;\">Por los organizadores, Alessandro Capuzzo.<\/span><\/p>\n<hr \/>\n<p><em>Traducido del italiano por Michelle Oviedo<\/em><\/p>\n<p><span style=\"color: #000000; font-family: Arial;\">\u00a0<\/span><\/p>\n<p>&nbsp;<\/p>\n","protected":false},"excerpt":{"rendered":"<p>Viernes 22 de febrero Bruna Bianchi, historiadora y ex profesora en C\u00e0 Foscari, imparti\u00f3 algunas lecciones en las escuelas y en la Casa Internacional de Mujeres de Trieste, para el proyecto \u00abPaz Feminista en Acci\u00f3n: Justicia Clim\u00e1tica, Seguridad y Salud\u00bb&hellip;<\/p>\n","protected":false},"author":594,"featured_media":813534,"comment_status":"closed","ping_status":"closed","sticky":false,"template":"","format":"standard","meta":{"footnotes":""},"categories":[149,1230,66,54515],"tags":[55872,55869,39104,55870,55871,55873,54704],"class_list":["post-815624","post","type-post","status-publish","format-standard","has-post-thumbnail","hentry","category-comunicados-de-prensa","category-educacion-tema","category-europa-es","category-genero-y-feminismos","tag-bruna-bianchi-es","tag-comite-de-paz-y-convivencia-danilo-dolci","tag-marcha-mundial-por-la-paz-y-la-no-violencia","tag-mundo-sin-guerra-y-sin-violencia","tag-paz-feminista-en-accion","tag-trieste-es","tag-wilpf-italia-es-2"],"yoast_head":"<!-- This site is optimized with the Yoast SEO plugin v27.1.1 - https:\/\/yoast.com\/product\/yoast-seo-wordpress\/ -->\n<title>Trieste: justicia clim\u00e1tica, seguridad y salud en las escuelas<\/title>\n<meta name=\"description\" content=\"Viernes 22 de febrero Bruna Bianchi, historiadora y ex profesora en C\u00e0 Foscari, imparti\u00f3 algunas lecciones en las escuelas y en la Casa Internacional de\" \/>\n<meta name=\"robots\" content=\"index, follow, max-snippet:-1, max-image-preview:large, max-video-preview:-1\" \/>\n<link rel=\"canonical\" href=\"https:\/\/www.pressenza.com\/es\/2019\/03\/trieste-justicia-climatica-seguridad-y-salud-en-las-escuelas\/\" \/>\n<meta property=\"og:locale\" content=\"es_ES\" \/>\n<meta property=\"og:type\" content=\"article\" \/>\n<meta property=\"og:title\" content=\"Trieste: justicia clim\u00e1tica, seguridad y salud en las escuelas\" \/>\n<meta property=\"og:description\" content=\"Viernes 22 de febrero Bruna Bianchi, historiadora y ex profesora en C\u00e0 Foscari, imparti\u00f3 algunas lecciones en las escuelas y en la Casa Internacional de\" \/>\n<meta property=\"og:url\" content=\"https:\/\/www.pressenza.com\/es\/2019\/03\/trieste-justicia-climatica-seguridad-y-salud-en-las-escuelas\/\" \/>\n<meta property=\"og:site_name\" content=\"Pressenza\" \/>\n<meta property=\"article:publisher\" content=\"https:\/\/www.facebook.com\/PressenzaItalia\" \/>\n<meta property=\"article:author\" content=\"https:\/\/www.facebook.com\/PressenzaItalia\" \/>\n<meta property=\"article:published_time\" content=\"2019-03-03T16:37:48+00:00\" \/>\n<meta property=\"og:image\" content=\"https:\/\/www.pressenza.com\/wp-content\/uploads\/2019\/02\/trieste-interventi-nelle-scuole.jpeg\" \/>\n\t<meta property=\"og:image:width\" content=\"2048\" \/>\n\t<meta property=\"og:image:height\" content=\"1536\" \/>\n\t<meta property=\"og:image:type\" content=\"image\/jpeg\" \/>\n<meta name=\"author\" content=\"Redazione Italia\" \/>\n<meta name=\"twitter:card\" content=\"summary_large_image\" \/>\n<meta name=\"twitter:creator\" content=\"@pressenza_it\" \/>\n<meta name=\"twitter:site\" content=\"@PressenzaIPA\" \/>\n<meta name=\"twitter:label1\" content=\"Escrito por\" \/>\n\t<meta name=\"twitter:data1\" content=\"Redazione Italia\" \/>\n\t<meta name=\"twitter:label2\" content=\"Tiempo de lectura\" \/>\n\t<meta name=\"twitter:data2\" content=\"2 minutos\" \/>\n<script type=\"application\/ld+json\" class=\"yoast-schema-graph\">{\"@context\":\"https:\/\/schema.org\",\"@graph\":[{\"@type\":\"Article\",\"@id\":\"https:\/\/www.pressenza.com\/es\/2019\/03\/trieste-justicia-climatica-seguridad-y-salud-en-las-escuelas\/#article\",\"isPartOf\":{\"@id\":\"https:\/\/www.pressenza.com\/es\/2019\/03\/trieste-justicia-climatica-seguridad-y-salud-en-las-escuelas\/\"},\"author\":{\"name\":\"Redazione Italia\",\"@id\":\"https:\/\/www.pressenza.com\/es\/#\/schema\/person\/d983e81827ae24f2c7b1a2123d197f8d\"},\"headline\":\"Trieste: justicia clim\u00e1tica, seguridad y salud en las escuelas\",\"datePublished\":\"2019-03-03T16:37:48+00:00\",\"mainEntityOfPage\":{\"@id\":\"https:\/\/www.pressenza.com\/es\/2019\/03\/trieste-justicia-climatica-seguridad-y-salud-en-las-escuelas\/\"},\"wordCount\":455,\"publisher\":{\"@id\":\"https:\/\/www.pressenza.com\/es\/#organization\"},\"image\":{\"@id\":\"https:\/\/www.pressenza.com\/es\/2019\/03\/trieste-justicia-climatica-seguridad-y-salud-en-las-escuelas\/#primaryimage\"},\"thumbnailUrl\":\"https:\/\/www.pressenza.com\/wp-content\/uploads\/2019\/02\/trieste-interventi-nelle-scuole.jpeg\",\"keywords\":[\"Bruna Bianchi\",\"Comit\u00e9 de Paz y Convivencia Danilo Dolci\",\"Marcha Mundial por la Paz y la No-violencia\",\"Mundo sin Guerra y sin Violencia\",\"Paz feminista en acci\u00f3n\",\"Trieste\",\"Wilpf Italia\"],\"articleSection\":[\"Comunicados de Prensa\",\"Educaci\u00f3n\",\"Europa\",\"G\u00e9nero y Feminismos\"],\"inLanguage\":\"es\"},{\"@type\":\"WebPage\",\"@id\":\"https:\/\/www.pressenza.com\/es\/2019\/03\/trieste-justicia-climatica-seguridad-y-salud-en-las-escuelas\/\",\"url\":\"https:\/\/www.pressenza.com\/es\/2019\/03\/trieste-justicia-climatica-seguridad-y-salud-en-las-escuelas\/\",\"name\":\"Trieste: justicia clim\u00e1tica, seguridad y salud en las escuelas\",\"isPartOf\":{\"@id\":\"https:\/\/www.pressenza.com\/es\/#website\"},\"primaryImageOfPage\":{\"@id\":\"https:\/\/www.pressenza.com\/es\/2019\/03\/trieste-justicia-climatica-seguridad-y-salud-en-las-escuelas\/#primaryimage\"},\"image\":{\"@id\":\"https:\/\/www.pressenza.com\/es\/2019\/03\/trieste-justicia-climatica-seguridad-y-salud-en-las-escuelas\/#primaryimage\"},\"thumbnailUrl\":\"https:\/\/www.pressenza.com\/wp-content\/uploads\/2019\/02\/trieste-interventi-nelle-scuole.jpeg\",\"datePublished\":\"2019-03-03T16:37:48+00:00\",\"description\":\"Viernes 22 de febrero Bruna Bianchi, historiadora y ex profesora en C\u00e0 Foscari, imparti\u00f3 algunas lecciones en las escuelas y en la Casa Internacional de\",\"breadcrumb\":{\"@id\":\"https:\/\/www.pressenza.com\/es\/2019\/03\/trieste-justicia-climatica-seguridad-y-salud-en-las-escuelas\/#breadcrumb\"},\"inLanguage\":\"es\",\"potentialAction\":[{\"@type\":\"ReadAction\",\"target\":[\"https:\/\/www.pressenza.com\/es\/2019\/03\/trieste-justicia-climatica-seguridad-y-salud-en-las-escuelas\/\"]}]},{\"@type\":\"ImageObject\",\"inLanguage\":\"es\",\"@id\":\"https:\/\/www.pressenza.com\/es\/2019\/03\/trieste-justicia-climatica-seguridad-y-salud-en-las-escuelas\/#primaryimage\",\"url\":\"https:\/\/www.pressenza.com\/wp-content\/uploads\/2019\/02\/trieste-interventi-nelle-scuole.jpeg\",\"contentUrl\":\"https:\/\/www.pressenza.com\/wp-content\/uploads\/2019\/02\/trieste-interventi-nelle-scuole.jpeg\",\"width\":2048,\"height\":1536},{\"@type\":\"BreadcrumbList\",\"@id\":\"https:\/\/www.pressenza.com\/es\/2019\/03\/trieste-justicia-climatica-seguridad-y-salud-en-las-escuelas\/#breadcrumb\",\"itemListElement\":[{\"@type\":\"ListItem\",\"position\":1,\"name\":\"Accueil\",\"item\":\"https:\/\/www.pressenza.com\/es\/\"},{\"@type\":\"ListItem\",\"position\":2,\"name\":\"Trieste: justicia clim\u00e1tica, seguridad y salud en las escuelas\"}]},{\"@type\":\"WebSite\",\"@id\":\"https:\/\/www.pressenza.com\/es\/#website\",\"url\":\"https:\/\/www.pressenza.com\/es\/\",\"name\":\"Pressenza\",\"description\":\"International Press Agency\",\"publisher\":{\"@id\":\"https:\/\/www.pressenza.com\/es\/#organization\"},\"potentialAction\":[{\"@type\":\"SearchAction\",\"target\":{\"@type\":\"EntryPoint\",\"urlTemplate\":\"https:\/\/www.pressenza.com\/es\/?s={search_term_string}\"},\"query-input\":{\"@type\":\"PropertyValueSpecification\",\"valueRequired\":true,\"valueName\":\"search_term_string\"}}],\"inLanguage\":\"es\"},{\"@type\":\"Organization\",\"@id\":\"https:\/\/www.pressenza.com\/es\/#organization\",\"name\":\"Pressenza\",\"url\":\"https:\/\/www.pressenza.com\/es\/\",\"logo\":{\"@type\":\"ImageObject\",\"inLanguage\":\"es\",\"@id\":\"https:\/\/www.pressenza.com\/es\/#\/schema\/logo\/image\/\",\"url\":\"https:\/\/www.pressenza.com\/wp-content\/uploads\/2022\/10\/pressenza_logo_200x200.jpg\",\"contentUrl\":\"https:\/\/www.pressenza.com\/wp-content\/uploads\/2022\/10\/pressenza_logo_200x200.jpg\",\"width\":200,\"height\":200,\"caption\":\"Pressenza\"},\"image\":{\"@id\":\"https:\/\/www.pressenza.com\/es\/#\/schema\/logo\/image\/\"},\"sameAs\":[\"https:\/\/www.facebook.com\/PressenzaItalia\",\"https:\/\/x.com\/PressenzaIPA\"]},{\"@type\":\"Person\",\"@id\":\"https:\/\/www.pressenza.com\/es\/#\/schema\/person\/d983e81827ae24f2c7b1a2123d197f8d\",\"name\":\"Redazione Italia\",\"description\":\"News from the Pressenza Bureau in Italy\",\"sameAs\":[\"https:\/\/www.pressenza.com\/it\/author\/redazione-italia\/\",\"https:\/\/www.facebook.com\/PressenzaItalia\",\"https:\/\/www.instagram.com\/pressenza_italia\/\",\"https:\/\/x.com\/pressenza_it\",\"https:\/\/www.youtube.com\/channel\/UCSalEIWjE1RSxkwjfftFuqg\"],\"url\":\"https:\/\/www.pressenza.com\/es\/author\/redazione-italia\/\"}]}<\/script>\n<!-- \/ Yoast SEO plugin. -->","yoast_head_json":{"title":"Trieste: justicia clim\u00e1tica, seguridad y salud en las escuelas","description":"Viernes 22 de febrero Bruna Bianchi, historiadora y ex profesora en C\u00e0 Foscari, imparti\u00f3 algunas lecciones en las escuelas y en la Casa Internacional de","robots":{"index":"index","follow":"follow","max-snippet":"max-snippet:-1","max-image-preview":"max-image-preview:large","max-video-preview":"max-video-preview:-1"},"canonical":"https:\/\/www.pressenza.com\/es\/2019\/03\/trieste-justicia-climatica-seguridad-y-salud-en-las-escuelas\/","og_locale":"es_ES","og_type":"article","og_title":"Trieste: justicia clim\u00e1tica, seguridad y salud en las escuelas","og_description":"Viernes 22 de febrero Bruna Bianchi, historiadora y ex profesora en C\u00e0 Foscari, imparti\u00f3 algunas lecciones en las escuelas y en la Casa Internacional de","og_url":"https:\/\/www.pressenza.com\/es\/2019\/03\/trieste-justicia-climatica-seguridad-y-salud-en-las-escuelas\/","og_site_name":"Pressenza","article_publisher":"https:\/\/www.facebook.com\/PressenzaItalia","article_author":"https:\/\/www.facebook.com\/PressenzaItalia","article_published_time":"2019-03-03T16:37:48+00:00","og_image":[{"width":2048,"height":1536,"url":"https:\/\/www.pressenza.com\/wp-content\/uploads\/2019\/02\/trieste-interventi-nelle-scuole.jpeg","type":"image\/jpeg"}],"author":"Redazione Italia","twitter_card":"summary_large_image","twitter_creator":"@pressenza_it","twitter_site":"@PressenzaIPA","twitter_misc":{"Escrito por":"Redazione Italia","Tiempo de lectura":"2 minutos"},"schema":{"@context":"https:\/\/schema.org","@graph":[{"@type":"Article","@id":"https:\/\/www.pressenza.com\/es\/2019\/03\/trieste-justicia-climatica-seguridad-y-salud-en-las-escuelas\/#article","isPartOf":{"@id":"https:\/\/www.pressenza.com\/es\/2019\/03\/trieste-justicia-climatica-seguridad-y-salud-en-las-escuelas\/"},"author":{"name":"Redazione Italia","@id":"https:\/\/www.pressenza.com\/es\/#\/schema\/person\/d983e81827ae24f2c7b1a2123d197f8d"},"headline":"Trieste: justicia clim\u00e1tica, seguridad y salud en las escuelas","datePublished":"2019-03-03T16:37:48+00:00","mainEntityOfPage":{"@id":"https:\/\/www.pressenza.com\/es\/2019\/03\/trieste-justicia-climatica-seguridad-y-salud-en-las-escuelas\/"},"wordCount":455,"publisher":{"@id":"https:\/\/www.pressenza.com\/es\/#organization"},"image":{"@id":"https:\/\/www.pressenza.com\/es\/2019\/03\/trieste-justicia-climatica-seguridad-y-salud-en-las-escuelas\/#primaryimage"},"thumbnailUrl":"https:\/\/www.pressenza.com\/wp-content\/uploads\/2019\/02\/trieste-interventi-nelle-scuole.jpeg","keywords":["Bruna Bianchi","Comit\u00e9 de Paz y Convivencia Danilo Dolci","Marcha Mundial por la Paz y la No-violencia","Mundo sin Guerra y sin Violencia","Paz feminista en acci\u00f3n","Trieste","Wilpf Italia"],"articleSection":["Comunicados de Prensa","Educaci\u00f3n","Europa","G\u00e9nero y Feminismos"],"inLanguage":"es"},{"@type":"WebPage","@id":"https:\/\/www.pressenza.com\/es\/2019\/03\/trieste-justicia-climatica-seguridad-y-salud-en-las-escuelas\/","url":"https:\/\/www.pressenza.com\/es\/2019\/03\/trieste-justicia-climatica-seguridad-y-salud-en-las-escuelas\/","name":"Trieste: justicia clim\u00e1tica, seguridad y salud en las escuelas","isPartOf":{"@id":"https:\/\/www.pressenza.com\/es\/#website"},"primaryImageOfPage":{"@id":"https:\/\/www.pressenza.com\/es\/2019\/03\/trieste-justicia-climatica-seguridad-y-salud-en-las-escuelas\/#primaryimage"},"image":{"@id":"https:\/\/www.pressenza.com\/es\/2019\/03\/trieste-justicia-climatica-seguridad-y-salud-en-las-escuelas\/#primaryimage"},"thumbnailUrl":"https:\/\/www.pressenza.com\/wp-content\/uploads\/2019\/02\/trieste-interventi-nelle-scuole.jpeg","datePublished":"2019-03-03T16:37:48+00:00","description":"Viernes 22 de febrero Bruna Bianchi, historiadora y ex profesora en C\u00e0 Foscari, imparti\u00f3 algunas lecciones en las escuelas y en la Casa Internacional de","breadcrumb":{"@id":"https:\/\/www.pressenza.com\/es\/2019\/03\/trieste-justicia-climatica-seguridad-y-salud-en-las-escuelas\/#breadcrumb"},"inLanguage":"es","potentialAction":[{"@type":"ReadAction","target":["https:\/\/www.pressenza.com\/es\/2019\/03\/trieste-justicia-climatica-seguridad-y-salud-en-las-escuelas\/"]}]},{"@type":"ImageObject","inLanguage":"es","@id":"https:\/\/www.pressenza.com\/es\/2019\/03\/trieste-justicia-climatica-seguridad-y-salud-en-las-escuelas\/#primaryimage","url":"https:\/\/www.pressenza.com\/wp-content\/uploads\/2019\/02\/trieste-interventi-nelle-scuole.jpeg","contentUrl":"https:\/\/www.pressenza.com\/wp-content\/uploads\/2019\/02\/trieste-interventi-nelle-scuole.jpeg","width":2048,"height":1536},{"@type":"BreadcrumbList","@id":"https:\/\/www.pressenza.com\/es\/2019\/03\/trieste-justicia-climatica-seguridad-y-salud-en-las-escuelas\/#breadcrumb","itemListElement":[{"@type":"ListItem","position":1,"name":"Accueil","item":"https:\/\/www.pressenza.com\/es\/"},{"@type":"ListItem","position":2,"name":"Trieste: justicia clim\u00e1tica, seguridad y salud en las escuelas"}]},{"@type":"WebSite","@id":"https:\/\/www.pressenza.com\/es\/#website","url":"https:\/\/www.pressenza.com\/es\/","name":"Pressenza","description":"International Press Agency","publisher":{"@id":"https:\/\/www.pressenza.com\/es\/#organization"},"potentialAction":[{"@type":"SearchAction","target":{"@type":"EntryPoint","urlTemplate":"https:\/\/www.pressenza.com\/es\/?s={search_term_string}"},"query-input":{"@type":"PropertyValueSpecification","valueRequired":true,"valueName":"search_term_string"}}],"inLanguage":"es"},{"@type":"Organization","@id":"https:\/\/www.pressenza.com\/es\/#organization","name":"Pressenza","url":"https:\/\/www.pressenza.com\/es\/","logo":{"@type":"ImageObject","inLanguage":"es","@id":"https:\/\/www.pressenza.com\/es\/#\/schema\/logo\/image\/","url":"https:\/\/www.pressenza.com\/wp-content\/uploads\/2022\/10\/pressenza_logo_200x200.jpg","contentUrl":"https:\/\/www.pressenza.com\/wp-content\/uploads\/2022\/10\/pressenza_logo_200x200.jpg","width":200,"height":200,"caption":"Pressenza"},"image":{"@id":"https:\/\/www.pressenza.com\/es\/#\/schema\/logo\/image\/"},"sameAs":["https:\/\/www.facebook.com\/PressenzaItalia","https:\/\/x.com\/PressenzaIPA"]},{"@type":"Person","@id":"https:\/\/www.pressenza.com\/es\/#\/schema\/person\/d983e81827ae24f2c7b1a2123d197f8d","name":"Redazione Italia","description":"News from the Pressenza Bureau in Italy","sameAs":["https:\/\/www.pressenza.com\/it\/author\/redazione-italia\/","https:\/\/www.facebook.com\/PressenzaItalia","https:\/\/www.instagram.com\/pressenza_italia\/","https:\/\/x.com\/pressenza_it","https:\/\/www.youtube.com\/channel\/UCSalEIWjE1RSxkwjfftFuqg"],"url":"https:\/\/www.pressenza.com\/es\/author\/redazione-italia\/"}]}},"place":"Trieste","original_article_url":"","_links":{"self":[{"href":"https:\/\/www.pressenza.com\/es\/wp-json\/wp\/v2\/posts\/815624","targetHints":{"allow":["GET"]}}],"collection":[{"href":"https:\/\/www.pressenza.com\/es\/wp-json\/wp\/v2\/posts"}],"about":[{"href":"https:\/\/www.pressenza.com\/es\/wp-json\/wp\/v2\/types\/post"}],"author":[{"embeddable":true,"href":"https:\/\/www.pressenza.com\/es\/wp-json\/wp\/v2\/users\/594"}],"replies":[{"embeddable":true,"href":"https:\/\/www.pressenza.com\/es\/wp-json\/wp\/v2\/comments?post=815624"}],"version-history":[{"count":0,"href":"https:\/\/www.pressenza.com\/es\/wp-json\/wp\/v2\/posts\/815624\/revisions"}],"wp:featuredmedia":[{"embeddable":true,"href":"https:\/\/www.pressenza.com\/es\/wp-json\/wp\/v2\/media\/813534"}],"wp:attachment":[{"href":"https:\/\/www.pressenza.com\/es\/wp-json\/wp\/v2\/media?parent=815624"}],"wp:term":[{"taxonomy":"category","embeddable":true,"href":"https:\/\/www.pressenza.com\/es\/wp-json\/wp\/v2\/categories?post=815624"},{"taxonomy":"post_tag","embeddable":true,"href":"https:\/\/www.pressenza.com\/es\/wp-json\/wp\/v2\/tags?post=815624"}],"curies":[{"name":"wp","href":"https:\/\/api.w.org\/{rel}","templated":true}]}}