{"id":815611,"date":"2019-03-03T15:27:45","date_gmt":"2019-03-03T15:27:45","guid":{"rendered":"https:\/\/www.pressenza.com\/?p=815611"},"modified":"2019-03-03T15:27:45","modified_gmt":"2019-03-03T15:27:45","slug":"stornelli-extorsion-y-empresariado-argentino","status":"publish","type":"post","link":"https:\/\/www.pressenza.com\/es\/2019\/03\/stornelli-extorsion-y-empresariado-argentino\/","title":{"rendered":"Stornelli, extorsi\u00f3n y empresariado argentino"},"content":{"rendered":"<p id=\"BAJADA\"><em>En el caso de las denuncias por extorsi\u00f3n contra el controvertido fiscal se pone en juego, junto a la persecuci\u00f3n pol\u00edtica judicial que deriva de la causa de los cuadernos fotocopiados, la polarizaci\u00f3n hist\u00f3rica latinoamericana entre autonom\u00eda y desarrollo o sometimiento y subdesarrollo de nuestras naciones. Nota aparecida en La Tecla E\u00f1e.<\/em><\/p>\n<p><em><strong>Por E. Ra\u00fal Zaffaroni*<\/strong><\/em><\/p>\n<p>Leo con asombro las noticias sobre el\u00a0<em>caso Stornelli<\/em>. Se trata de una denuncia que involucra al representante del Ministerio P\u00fablico que act\u00faa en uno de los procesos m\u00e1s controvertidos y discutibles del momento. No s\u00f3lo trasciende una extra\u00f1a compulsi\u00f3n a prisiones preventivas selectivas respecto de los imputados que no se autoincriminan como\u00a0<em>arrepentidos,\u00a0<\/em>sino que sus consecuencias son inimaginables para el futuro de nuestra Naci\u00f3n.<\/p>\n<p>M\u00e1s all\u00e1 del intenso tufo a persecuci\u00f3n pol\u00edtica judicial que envuelve el caso de los curiosos cuadernos fotocopiados, que proceder\u00edan de un no menos curioso graf\u00f3mano y que, de por s\u00ed, pone en duda la existencia del Estado de derecho en nuestro pa\u00eds, este proceso puede tener consecuencias mucho m\u00e1s destructivas en miras al futuro.<\/p>\n<p>En efecto: se est\u00e1n involucrando en el proceso a empresarios argentinos, o sea, a los titulares de las empresas de capital nacional, lo que los marxistas llamar\u00edan la\u00a0<em>burgues\u00eda nacional.\u00a0<\/em>M\u00e1s all\u00e1 de las ideolog\u00edas, la agresi\u00f3n a nuestros empresarios implica el riesgo de destrucci\u00f3n de sus empresas, o de su venta a trasnacionales a precios viles.<\/p>\n<p>El capitalismo puro y sano no ha existido nunca, m\u00e1s que como una f\u00e1bula resultante de una mala interpretaci\u00f3n de Max Weber, que se refer\u00eda al origen del capitalismo, a sus primeros pasos puritanos y sobrios, pero que no pretend\u00eda extenderse a todo el ulterior fen\u00f3meno capitalista del mundo.<\/p>\n<p>Todo capitalismo, en alguna medida, tiene aspectos de la hoy mentada\u00a0<em>corrupci\u00f3n<\/em>, quiz\u00e1 atribuibles a su propia esencia competitiva, que hace que el diablo, que siempre habla a la oreja, despierte la tentaci\u00f3n de trampear al otro o\u00a0<em>primerearlo<\/em>.<\/p>\n<p>El nuestro supongo que no es ninguna excepci\u00f3n, porque no somos la mosca blanca del planeta. Pero quienes creemos en los ahora pretendidamente descalificados\u00a0<em>populismos,\u00a0<\/em>en especial porque pensamos que sin ellos en nuestra historia es casi seguro que hoy no estar\u00edamos escribiendo estas l\u00edneas, dado que nunca habr\u00edamos llegado a las universidades y quiz\u00e1 incluso fu\u00e9semos analfabetos, sabemos de sobra que debemos arregl\u00e1rnoslas con el capital y con sus defectos esenciales.<\/p>\n<p>Desde esta perspectiva, tambi\u00e9n sabemos que con nuestros empresarios -convenientemente vigilados- el valor agregado (el trabajo) por lo menos quedar\u00e1 en el pa\u00eds y eso permitir\u00e1 que luego discutamos si se reparte m\u00e1s o menos. En esta discusi\u00f3n, siempre dir\u00e1n algunos que los que pretenden m\u00e1s reparto son\u00a0<em>izquierdistas,\u00a0<\/em>calificativo claramente euroc\u00e9ntrico mal trasplantado, por cierto. Cabe precisar que esta discusi\u00f3n por el reparto la adelantaba en su tiempo nada menos que el propio Adam Smith, tan deformado por sus lectores de hoy que, por cierto, se aprovechan de que el pobre escoc\u00e9s est\u00e9 muerto desde hace m\u00e1s de dos siglos.<\/p>\n<p>Pero por ahora \u2013y aunque parezca mentira- eso no importa mucho, porque lo que est\u00e1 en riesgo es nada menos que la tentativa misma de que el valor agregado por manos argentinas quede aqu\u00ed, porque si se malvenden nuestras empresas (que se deval\u00faan con las denuncias y prisiones preventivas de sus due\u00f1os) no vendr\u00e1 el socialismo ni la igualdad, como pretenden algunos ingenuos e ilusos, sino que el valor agregado se lo llevar\u00e1n las empresas trasnacionales que las reemplacen o compren y que forman parte del totalitarismo financiero que en (y desde) el hemisferio norte vac\u00eda soberan\u00edas y democracias.<\/p>\n<p>Se trata, como siempre, de la eterna y b\u00e1sica polarizaci\u00f3n hist\u00f3rica latinoamericana entre soberan\u00eda y colonialismo, entre autonom\u00eda y desarrollo o sometimiento y subdesarrollo de nuestras naciones, con todas las consecuencias letales que le conocemos al subdesarrollo, que se traducen, por decirlo sint\u00e9ticamente, en un verdadero\u00a0<em>genocidio por goteo<\/em>.<\/p>\n<p>El\u00a0<em>caso Stornelli\u00a0<\/em>se plantea, pues, nada menos que en el proceso en que se juegan estos astron\u00f3micos intereses. Es obvio que no por eso se debe condenar anticipadamente a nadie, cualquiera sea la persona involucrada y graves las circunstancias concretas del caso, y aunque nos resulte simp\u00e1tica o antip\u00e1tica la persona y su actuaci\u00f3n.<\/p>\n<p>Todos sabemos las consecuencias desgraciadas de manejos medi\u00e1ticos de\u00a0<em>desgaste y pulimiento\u00a0<\/em>y, quienes tratamos de mantenernos m\u00e1s o menos serenos en medio de un carnaval en que no se manejan lanzaperfumes sino que se distribuye esti\u00e9rcol maloliente a diestra y siniestra, no podemos permitirnos caer en los mismos procedimientos.<\/p>\n<p>Tampoco podemos admitir lo que lamentablemente alguna vez dijo un pol\u00edtico de nuestro pa\u00eds:\u00a0<em>en pol\u00edtica hay mala suerte y en tales casos se debe dar un paso al costado.\u00a0<\/em>No, nadie debe dar un paso al costado si tiene la conciencia tranquila. De lo contrario, estamos a merced de cualquier manipulaci\u00f3n medi\u00e1tica y eso es injustificable, porque acabar\u00eda con nuestra democracia, ya de suyo bastante precaria. Aunque la mujer del C\u00e9sar no s\u00f3lo sea casta sino incluso virgen, aqu\u00ed se la hace prostituta mediante la creaci\u00f3n medi\u00e1tica de medios monop\u00f3licos (o se la hace virgen aunque se acueste con toda la soldadesca).<\/p>\n<p>Cuando el totalitarismo financiero se apodera de la pol\u00edtica \u2013como sucede hoy en el mundo- y sus monopolios medi\u00e1ticos se convierten en \u00e1rbitros de qui\u00e9nes se quedan o salen del ring, afirmaciones tan est\u00fapidas como que quien es acosado por la difamaci\u00f3n deba dar un\u00a0<em>paso al costado\u00a0<\/em>son inaceptables, porque implican la muerte definitiva de la pol\u00edtica.<\/p>\n<p>Quienes hemos pasado d\u00e9cadas en los tribunales sabemos lo que en la jerga se llama\u00a0<em>girar el nombre.\u00a0<\/em>Se trata de estafadores que\u00a0<em>venden humo,\u00a0<\/em>falsas influencias para obtener dinero de alg\u00fan incauto con el pretexto de que\u00a0<em>es para el juez.\u00a0<\/em>Sabemos que la creatividad de los estafadores es enorme. A quien no lo crea, le recomendamos leer el estudio criminol\u00f3gico sobre la estafa de Hans von Hentig, que tiene m\u00e1s de sesenta a\u00f1os de antig\u00fcedad, al que habr\u00eda que sumarle todos los ejemplos de esas d\u00e9cadas.<\/p>\n<p>Por lo general, estos estafadores no tienen ning\u00fan v\u00ednculo con el funcionario para quien pretenden que destinan el dinero del supuesto cohecho. En otros casos pueden ganarse la confianza de \u00e9ste, pero son casos menos comunes y m\u00e1s dudosos, lo que no excluye su posibilidad.<\/p>\n<p>En el\u00a0<em>caso Stornelli\u00a0<\/em>el v\u00ednculo existe y no parece superficial, por lo menos a partir de las noticias period\u00edsticas y de las comunicaciones que se han dado a publicidad. Esto no es ninguna prueba concluyente e insistimos en que nadie debe ser condenado anticipadamente, pero es claro que merece ser investigado a fondo por la justicia. \u00bfEl propio Stornelli fue estafado? \u00bfNo tuvo la sagacidad de reconocer el car\u00e1cter de estafador del supuesto interpuesto?<\/p>\n<p>El personaje que interviene en este episodio proporciona explicaciones que no son ni lejanamente veros\u00edmiles, porque a quien paga en una extorsi\u00f3n no se le pregunta de d\u00f3nde sac\u00f3 el dinero y, si se le preguntase, tampoco tendr\u00eda sentido que se lo explique al extorsionador o bien podr\u00eda mentirle con total impunidad. Ese argumento resulta infantil y, por cierto, no contribuye a esclarecer lo sucedido sino a oscurecerlo a\u00fan m\u00e1s.<\/p>\n<p>Lo \u00fanico cierto hasta el momento es que el hecho resulta escandaloso, dadas las circunstancias y las personas involucradas, y que requiere una investigaci\u00f3n judicial urgente.<\/p>\n<p>Poco contribuyen a esto las descalificaciones ideol\u00f3gicas del juez competente o la pretensi\u00f3n de inventar maniobras o encubrir medi\u00e1ticamente el hecho. Sea cual fuere la ideolog\u00eda de un funcionario judicial, y dado que no lo hay sin una ideolog\u00eda o una concepci\u00f3n del mundo que lo haga simpatizar m\u00e1s con el oficialismo o con la oposici\u00f3n, no puede ponerse en duda nada de lo que investigue en funci\u00f3n de atribuirle una ideolog\u00eda. Precisamente, la imparcialidad judicial no es otra cosa que el producto del pluralismo ideol\u00f3gico entre los jueces.<\/p>\n<p>Adem\u00e1s, nadie en su sano juicio condena o absuelve arbitrariamente en funci\u00f3n de ideolog\u00edas o simpat\u00edas, porque hay l\u00edmites jur\u00eddicos, hay conciencia en los hombres y mujeres y hay revisiones de segunda instancia, casatorias y extraordinarias.<\/p>\n<p>Si bien puede haber quien no est\u00e9 en su sano juicio \u2013y al parecer algunos no faltan-, esto s\u00f3lo puede verse a partir de su actuaci\u00f3n y no mediante una descalificaci\u00f3n ideol\u00f3gica previa que tienda a sacar del juez natural una investigaci\u00f3n, m\u00e1s en circunstancias tan delicadas como las del mentado\u00a0<em>caso.<\/em><\/p>\n<p>Debemos ser extremadamente cuidadosos en esta situaci\u00f3n, que es pr\u00e1cticamente donde se juega el poco prestigio que le resta a nuestra justicia, por efecto de una cadena de decisiones ins\u00f3litas, como el desopilante invento de los\u00a0<em>v\u00ednculos residuales<\/em>, las prisiones preventivas extorsivas, el reclamo de\u00a0<em>jueces propios\u00a0<\/em>del ejecutivo, la persecuci\u00f3n de jueces laborales hist\u00f3ricos del fuero, la omisi\u00f3n de asistencia m\u00e9dica al ex-canciller, la clonaci\u00f3n de procesamientos contra la ex-presidenta, por no mencionar a los pseudojueces de Jujuy contra Milagro Sala y sus compa\u00f1eros.<\/p>\n<p>Somos conscientes de que hay miles de jueces en la Rep\u00fablica y que la inmensa mayor\u00eda es ajena a estos episodios, pero todos deben tener sumo cuidado, poner la debida distancia de estas desviaciones del poder, no s\u00f3lo expresarlo en privado sino hacer p\u00fablica su disidencia con ellas. No se trata de asumir ninguna posici\u00f3n en el complicado panorama pol\u00edtico actual, sino de salvaguardar la dignidad de la inmensa mayor\u00eda de los jueces.<\/p>\n<p>De lo contrario, cuando el diluvio pase, como siempre pasa, y la paloma llegue, nuestro pueblo (despectivamente llamado\u00a0<em>la gente<\/em>) no distinguir\u00e1 y, en el fondo, tampoco le faltar\u00e1 raz\u00f3n, porque nos reclamar\u00e1 a todos para qu\u00e9 sirve lo que ense\u00f1amos en las universidades, para qu\u00e9 diablos sirven nuestros libros y tratados, si al final quedamos inm\u00f3viles frente a unos pocos que proceden al margen del derecho.<\/p>\n<p>De momento, si no somos capaces de garantizar que este\u00a0<em>caso\u00a0<\/em>se esclarezca como corresponde, la responsabilidad por el silencio ser\u00e1 a\u00fan m\u00e1s fuerte el d\u00eda que el diluvio pase.<\/p>\n<div class=\"descripcion_autor\">\n(*) Profesor Em\u00e9rito de la UBA<\/div>\n<p>&nbsp;<\/p>\n","protected":false},"excerpt":{"rendered":"<p>En el caso de las denuncias por extorsi\u00f3n contra el controvertido fiscal se pone en juego, junto a la persecuci\u00f3n pol\u00edtica judicial que deriva de la causa de los cuadernos fotocopiados, la polarizaci\u00f3n hist\u00f3rica latinoamericana entre autonom\u00eda y desarrollo o&hellip;<\/p>\n","protected":false},"author":1336,"featured_media":815612,"comment_status":"closed","ping_status":"closed","sticky":false,"template":"","format":"standard","meta":{"footnotes":""},"categories":[81,161,67],"tags":[26,737,39418,55868,398,43197],"class_list":["post-815611","post","type-post","status-publish","format-standard","has-post-thumbnail","hentry","category-economia-es","category-opiniones","category-sudamerica","tag-argentina","tag-economia-2","tag-extorsion","tag-fiscal-stornelli","tag-justicia","tag-persecucion-judicial"],"yoast_head":"<!-- This site is optimized with the Yoast SEO plugin v27.1.1 - https:\/\/yoast.com\/product\/yoast-seo-wordpress\/ -->\n<title>Stornelli, extorsi\u00f3n y empresariado argentino<\/title>\n<meta name=\"description\" content=\"En el caso de las denuncias por extorsi\u00f3n contra el controvertido fiscal se pone en juego, junto a la persecuci\u00f3n pol\u00edtica judicial que deriva de la causa\" \/>\n<meta name=\"robots\" content=\"index, follow, max-snippet:-1, max-image-preview:large, max-video-preview:-1\" \/>\n<link rel=\"canonical\" href=\"https:\/\/www.pressenza.com\/es\/2019\/03\/stornelli-extorsion-y-empresariado-argentino\/\" \/>\n<meta property=\"og:locale\" content=\"es_ES\" \/>\n<meta property=\"og:type\" content=\"article\" \/>\n<meta property=\"og:title\" content=\"Stornelli, extorsi\u00f3n y empresariado argentino\" \/>\n<meta property=\"og:description\" content=\"En el caso de las denuncias por extorsi\u00f3n contra el controvertido fiscal se pone en juego, junto a la persecuci\u00f3n pol\u00edtica judicial que deriva de la causa\" \/>\n<meta property=\"og:url\" content=\"https:\/\/www.pressenza.com\/es\/2019\/03\/stornelli-extorsion-y-empresariado-argentino\/\" \/>\n<meta property=\"og:site_name\" content=\"Pressenza\" \/>\n<meta property=\"article:publisher\" content=\"https:\/\/www.facebook.com\/PressenzaItalia\" \/>\n<meta property=\"article:published_time\" content=\"2019-03-03T15:27:45+00:00\" \/>\n<meta property=\"og:image\" content=\"https:\/\/www.pressenza.com\/wp-content\/uploads\/2019\/03\/shakedown-1340048_1280.png\" \/>\n\t<meta property=\"og:image:width\" content=\"1179\" \/>\n\t<meta property=\"og:image:height\" content=\"1280\" \/>\n\t<meta property=\"og:image:type\" content=\"image\/png\" \/>\n<meta name=\"author\" content=\"Va Con Firma\" \/>\n<meta name=\"twitter:card\" content=\"summary_large_image\" \/>\n<meta name=\"twitter:creator\" content=\"@PressenzaIPA\" \/>\n<meta name=\"twitter:site\" content=\"@PressenzaIPA\" \/>\n<meta name=\"twitter:label1\" content=\"Escrito por\" \/>\n\t<meta name=\"twitter:data1\" content=\"Va Con Firma\" \/>\n\t<meta name=\"twitter:label2\" content=\"Tiempo de lectura\" \/>\n\t<meta name=\"twitter:data2\" content=\"9 minutos\" \/>\n<script type=\"application\/ld+json\" class=\"yoast-schema-graph\">{\"@context\":\"https:\/\/schema.org\",\"@graph\":[{\"@type\":\"Article\",\"@id\":\"https:\/\/www.pressenza.com\/es\/2019\/03\/stornelli-extorsion-y-empresariado-argentino\/#article\",\"isPartOf\":{\"@id\":\"https:\/\/www.pressenza.com\/es\/2019\/03\/stornelli-extorsion-y-empresariado-argentino\/\"},\"author\":{\"name\":\"Va Con Firma\",\"@id\":\"https:\/\/www.pressenza.com\/es\/#\/schema\/person\/3aa4e6f0669784ffe86f969ca162c0aa\"},\"headline\":\"Stornelli, extorsi\u00f3n y empresariado argentino\",\"datePublished\":\"2019-03-03T15:27:45+00:00\",\"mainEntityOfPage\":{\"@id\":\"https:\/\/www.pressenza.com\/es\/2019\/03\/stornelli-extorsion-y-empresariado-argentino\/\"},\"wordCount\":1814,\"publisher\":{\"@id\":\"https:\/\/www.pressenza.com\/es\/#organization\"},\"image\":{\"@id\":\"https:\/\/www.pressenza.com\/es\/2019\/03\/stornelli-extorsion-y-empresariado-argentino\/#primaryimage\"},\"thumbnailUrl\":\"https:\/\/www.pressenza.com\/wp-content\/uploads\/2019\/03\/shakedown-1340048_1280.png\",\"keywords\":[\"Argentina\",\"econom\u00eda\",\"extorsi\u00f3n\",\"fiscal Stornelli\",\"justicia\",\"persecuci\u00f3n judicial\"],\"articleSection\":[\"Econom\u00eda\",\"Opiniones\",\"Sudam\u00e9rica\"],\"inLanguage\":\"es\"},{\"@type\":\"WebPage\",\"@id\":\"https:\/\/www.pressenza.com\/es\/2019\/03\/stornelli-extorsion-y-empresariado-argentino\/\",\"url\":\"https:\/\/www.pressenza.com\/es\/2019\/03\/stornelli-extorsion-y-empresariado-argentino\/\",\"name\":\"Stornelli, extorsi\u00f3n y empresariado argentino\",\"isPartOf\":{\"@id\":\"https:\/\/www.pressenza.com\/es\/#website\"},\"primaryImageOfPage\":{\"@id\":\"https:\/\/www.pressenza.com\/es\/2019\/03\/stornelli-extorsion-y-empresariado-argentino\/#primaryimage\"},\"image\":{\"@id\":\"https:\/\/www.pressenza.com\/es\/2019\/03\/stornelli-extorsion-y-empresariado-argentino\/#primaryimage\"},\"thumbnailUrl\":\"https:\/\/www.pressenza.com\/wp-content\/uploads\/2019\/03\/shakedown-1340048_1280.png\",\"datePublished\":\"2019-03-03T15:27:45+00:00\",\"description\":\"En el caso de las denuncias por extorsi\u00f3n contra el controvertido fiscal se pone en juego, junto a la persecuci\u00f3n pol\u00edtica judicial que deriva de la causa\",\"breadcrumb\":{\"@id\":\"https:\/\/www.pressenza.com\/es\/2019\/03\/stornelli-extorsion-y-empresariado-argentino\/#breadcrumb\"},\"inLanguage\":\"es\",\"potentialAction\":[{\"@type\":\"ReadAction\",\"target\":[\"https:\/\/www.pressenza.com\/es\/2019\/03\/stornelli-extorsion-y-empresariado-argentino\/\"]}]},{\"@type\":\"ImageObject\",\"inLanguage\":\"es\",\"@id\":\"https:\/\/www.pressenza.com\/es\/2019\/03\/stornelli-extorsion-y-empresariado-argentino\/#primaryimage\",\"url\":\"https:\/\/www.pressenza.com\/wp-content\/uploads\/2019\/03\/shakedown-1340048_1280.png\",\"contentUrl\":\"https:\/\/www.pressenza.com\/wp-content\/uploads\/2019\/03\/shakedown-1340048_1280.png\",\"width\":1179,\"height\":1280},{\"@type\":\"BreadcrumbList\",\"@id\":\"https:\/\/www.pressenza.com\/es\/2019\/03\/stornelli-extorsion-y-empresariado-argentino\/#breadcrumb\",\"itemListElement\":[{\"@type\":\"ListItem\",\"position\":1,\"name\":\"Accueil\",\"item\":\"https:\/\/www.pressenza.com\/es\/\"},{\"@type\":\"ListItem\",\"position\":2,\"name\":\"Stornelli, extorsi\u00f3n y empresariado argentino\"}]},{\"@type\":\"WebSite\",\"@id\":\"https:\/\/www.pressenza.com\/es\/#website\",\"url\":\"https:\/\/www.pressenza.com\/es\/\",\"name\":\"Pressenza\",\"description\":\"International Press Agency\",\"publisher\":{\"@id\":\"https:\/\/www.pressenza.com\/es\/#organization\"},\"potentialAction\":[{\"@type\":\"SearchAction\",\"target\":{\"@type\":\"EntryPoint\",\"urlTemplate\":\"https:\/\/www.pressenza.com\/es\/?s={search_term_string}\"},\"query-input\":{\"@type\":\"PropertyValueSpecification\",\"valueRequired\":true,\"valueName\":\"search_term_string\"}}],\"inLanguage\":\"es\"},{\"@type\":\"Organization\",\"@id\":\"https:\/\/www.pressenza.com\/es\/#organization\",\"name\":\"Pressenza\",\"url\":\"https:\/\/www.pressenza.com\/es\/\",\"logo\":{\"@type\":\"ImageObject\",\"inLanguage\":\"es\",\"@id\":\"https:\/\/www.pressenza.com\/es\/#\/schema\/logo\/image\/\",\"url\":\"https:\/\/www.pressenza.com\/wp-content\/uploads\/2022\/10\/pressenza_logo_200x200.jpg\",\"contentUrl\":\"https:\/\/www.pressenza.com\/wp-content\/uploads\/2022\/10\/pressenza_logo_200x200.jpg\",\"width\":200,\"height\":200,\"caption\":\"Pressenza\"},\"image\":{\"@id\":\"https:\/\/www.pressenza.com\/es\/#\/schema\/logo\/image\/\"},\"sameAs\":[\"https:\/\/www.facebook.com\/PressenzaItalia\",\"https:\/\/x.com\/PressenzaIPA\"]},{\"@type\":\"Person\",\"@id\":\"https:\/\/www.pressenza.com\/es\/#\/schema\/person\/3aa4e6f0669784ffe86f969ca162c0aa\",\"name\":\"Va Con Firma\",\"sameAs\":[\"http:\/\/vaconfirma.com.ar\/\"],\"url\":\"https:\/\/www.pressenza.com\/es\/author\/va-con-firma\/\"}]}<\/script>\n<!-- \/ Yoast SEO plugin. -->","yoast_head_json":{"title":"Stornelli, extorsi\u00f3n y empresariado argentino","description":"En el caso de las denuncias por extorsi\u00f3n contra el controvertido fiscal se pone en juego, junto a la persecuci\u00f3n pol\u00edtica judicial que deriva de la causa","robots":{"index":"index","follow":"follow","max-snippet":"max-snippet:-1","max-image-preview":"max-image-preview:large","max-video-preview":"max-video-preview:-1"},"canonical":"https:\/\/www.pressenza.com\/es\/2019\/03\/stornelli-extorsion-y-empresariado-argentino\/","og_locale":"es_ES","og_type":"article","og_title":"Stornelli, extorsi\u00f3n y empresariado argentino","og_description":"En el caso de las denuncias por extorsi\u00f3n contra el controvertido fiscal se pone en juego, junto a la persecuci\u00f3n pol\u00edtica judicial que deriva de la causa","og_url":"https:\/\/www.pressenza.com\/es\/2019\/03\/stornelli-extorsion-y-empresariado-argentino\/","og_site_name":"Pressenza","article_publisher":"https:\/\/www.facebook.com\/PressenzaItalia","article_published_time":"2019-03-03T15:27:45+00:00","og_image":[{"width":1179,"height":1280,"url":"https:\/\/www.pressenza.com\/wp-content\/uploads\/2019\/03\/shakedown-1340048_1280.png","type":"image\/png"}],"author":"Va Con Firma","twitter_card":"summary_large_image","twitter_creator":"@PressenzaIPA","twitter_site":"@PressenzaIPA","twitter_misc":{"Escrito por":"Va Con Firma","Tiempo de lectura":"9 minutos"},"schema":{"@context":"https:\/\/schema.org","@graph":[{"@type":"Article","@id":"https:\/\/www.pressenza.com\/es\/2019\/03\/stornelli-extorsion-y-empresariado-argentino\/#article","isPartOf":{"@id":"https:\/\/www.pressenza.com\/es\/2019\/03\/stornelli-extorsion-y-empresariado-argentino\/"},"author":{"name":"Va Con Firma","@id":"https:\/\/www.pressenza.com\/es\/#\/schema\/person\/3aa4e6f0669784ffe86f969ca162c0aa"},"headline":"Stornelli, extorsi\u00f3n y empresariado argentino","datePublished":"2019-03-03T15:27:45+00:00","mainEntityOfPage":{"@id":"https:\/\/www.pressenza.com\/es\/2019\/03\/stornelli-extorsion-y-empresariado-argentino\/"},"wordCount":1814,"publisher":{"@id":"https:\/\/www.pressenza.com\/es\/#organization"},"image":{"@id":"https:\/\/www.pressenza.com\/es\/2019\/03\/stornelli-extorsion-y-empresariado-argentino\/#primaryimage"},"thumbnailUrl":"https:\/\/www.pressenza.com\/wp-content\/uploads\/2019\/03\/shakedown-1340048_1280.png","keywords":["Argentina","econom\u00eda","extorsi\u00f3n","fiscal Stornelli","justicia","persecuci\u00f3n judicial"],"articleSection":["Econom\u00eda","Opiniones","Sudam\u00e9rica"],"inLanguage":"es"},{"@type":"WebPage","@id":"https:\/\/www.pressenza.com\/es\/2019\/03\/stornelli-extorsion-y-empresariado-argentino\/","url":"https:\/\/www.pressenza.com\/es\/2019\/03\/stornelli-extorsion-y-empresariado-argentino\/","name":"Stornelli, extorsi\u00f3n y empresariado argentino","isPartOf":{"@id":"https:\/\/www.pressenza.com\/es\/#website"},"primaryImageOfPage":{"@id":"https:\/\/www.pressenza.com\/es\/2019\/03\/stornelli-extorsion-y-empresariado-argentino\/#primaryimage"},"image":{"@id":"https:\/\/www.pressenza.com\/es\/2019\/03\/stornelli-extorsion-y-empresariado-argentino\/#primaryimage"},"thumbnailUrl":"https:\/\/www.pressenza.com\/wp-content\/uploads\/2019\/03\/shakedown-1340048_1280.png","datePublished":"2019-03-03T15:27:45+00:00","description":"En el caso de las denuncias por extorsi\u00f3n contra el controvertido fiscal se pone en juego, junto a la persecuci\u00f3n pol\u00edtica judicial que deriva de la causa","breadcrumb":{"@id":"https:\/\/www.pressenza.com\/es\/2019\/03\/stornelli-extorsion-y-empresariado-argentino\/#breadcrumb"},"inLanguage":"es","potentialAction":[{"@type":"ReadAction","target":["https:\/\/www.pressenza.com\/es\/2019\/03\/stornelli-extorsion-y-empresariado-argentino\/"]}]},{"@type":"ImageObject","inLanguage":"es","@id":"https:\/\/www.pressenza.com\/es\/2019\/03\/stornelli-extorsion-y-empresariado-argentino\/#primaryimage","url":"https:\/\/www.pressenza.com\/wp-content\/uploads\/2019\/03\/shakedown-1340048_1280.png","contentUrl":"https:\/\/www.pressenza.com\/wp-content\/uploads\/2019\/03\/shakedown-1340048_1280.png","width":1179,"height":1280},{"@type":"BreadcrumbList","@id":"https:\/\/www.pressenza.com\/es\/2019\/03\/stornelli-extorsion-y-empresariado-argentino\/#breadcrumb","itemListElement":[{"@type":"ListItem","position":1,"name":"Accueil","item":"https:\/\/www.pressenza.com\/es\/"},{"@type":"ListItem","position":2,"name":"Stornelli, extorsi\u00f3n y empresariado argentino"}]},{"@type":"WebSite","@id":"https:\/\/www.pressenza.com\/es\/#website","url":"https:\/\/www.pressenza.com\/es\/","name":"Pressenza","description":"International Press Agency","publisher":{"@id":"https:\/\/www.pressenza.com\/es\/#organization"},"potentialAction":[{"@type":"SearchAction","target":{"@type":"EntryPoint","urlTemplate":"https:\/\/www.pressenza.com\/es\/?s={search_term_string}"},"query-input":{"@type":"PropertyValueSpecification","valueRequired":true,"valueName":"search_term_string"}}],"inLanguage":"es"},{"@type":"Organization","@id":"https:\/\/www.pressenza.com\/es\/#organization","name":"Pressenza","url":"https:\/\/www.pressenza.com\/es\/","logo":{"@type":"ImageObject","inLanguage":"es","@id":"https:\/\/www.pressenza.com\/es\/#\/schema\/logo\/image\/","url":"https:\/\/www.pressenza.com\/wp-content\/uploads\/2022\/10\/pressenza_logo_200x200.jpg","contentUrl":"https:\/\/www.pressenza.com\/wp-content\/uploads\/2022\/10\/pressenza_logo_200x200.jpg","width":200,"height":200,"caption":"Pressenza"},"image":{"@id":"https:\/\/www.pressenza.com\/es\/#\/schema\/logo\/image\/"},"sameAs":["https:\/\/www.facebook.com\/PressenzaItalia","https:\/\/x.com\/PressenzaIPA"]},{"@type":"Person","@id":"https:\/\/www.pressenza.com\/es\/#\/schema\/person\/3aa4e6f0669784ffe86f969ca162c0aa","name":"Va Con Firma","sameAs":["http:\/\/vaconfirma.com.ar\/"],"url":"https:\/\/www.pressenza.com\/es\/author\/va-con-firma\/"}]}},"place":"Ciudad de Buenos Aires, Argentina","original_article_url":"http:\/\/vaconfirma.com.ar\/?articulos_seccion_719\/id_8668\/stornelli-extorsion-y-empresariado-nacional-","_links":{"self":[{"href":"https:\/\/www.pressenza.com\/es\/wp-json\/wp\/v2\/posts\/815611","targetHints":{"allow":["GET"]}}],"collection":[{"href":"https:\/\/www.pressenza.com\/es\/wp-json\/wp\/v2\/posts"}],"about":[{"href":"https:\/\/www.pressenza.com\/es\/wp-json\/wp\/v2\/types\/post"}],"author":[{"embeddable":true,"href":"https:\/\/www.pressenza.com\/es\/wp-json\/wp\/v2\/users\/1336"}],"replies":[{"embeddable":true,"href":"https:\/\/www.pressenza.com\/es\/wp-json\/wp\/v2\/comments?post=815611"}],"version-history":[{"count":0,"href":"https:\/\/www.pressenza.com\/es\/wp-json\/wp\/v2\/posts\/815611\/revisions"}],"wp:featuredmedia":[{"embeddable":true,"href":"https:\/\/www.pressenza.com\/es\/wp-json\/wp\/v2\/media\/815612"}],"wp:attachment":[{"href":"https:\/\/www.pressenza.com\/es\/wp-json\/wp\/v2\/media?parent=815611"}],"wp:term":[{"taxonomy":"category","embeddable":true,"href":"https:\/\/www.pressenza.com\/es\/wp-json\/wp\/v2\/categories?post=815611"},{"taxonomy":"post_tag","embeddable":true,"href":"https:\/\/www.pressenza.com\/es\/wp-json\/wp\/v2\/tags?post=815611"}],"curies":[{"name":"wp","href":"https:\/\/api.w.org\/{rel}","templated":true}]}}