{"id":815429,"date":"2019-03-03T02:36:13","date_gmt":"2019-03-03T02:36:13","guid":{"rendered":"https:\/\/www.pressenza.com\/?p=815429"},"modified":"2019-03-03T02:36:13","modified_gmt":"2019-03-03T02:36:13","slug":"pyongyang-siembra-vidas-pese-a-portazo-a-la-paz-de-ee-uu","status":"publish","type":"post","link":"https:\/\/www.pressenza.com\/es\/2019\/03\/pyongyang-siembra-vidas-pese-a-portazo-a-la-paz-de-ee-uu\/","title":{"rendered":"Pyongyang siembra vidas pese a &#8216;portazo&#8217; a la paz de EE.UU."},"content":{"rendered":"<p>Habitantes de esta capital sembraron hoy cerca de tres millones de pinos a manera de respuesta de vida al reciente \u00bbportazo\u00bb a la paz dado por el presidente de Estados Unidos, Donald Trump, ante el l\u00edder norcoreano, Kim Jong-un.<\/p>\n<p>La plantaci\u00f3n de la variedad arb\u00f3rea, Pinus densiflora, tuvo lugar en las inmediaciones de los conjuntos monumentarios a la Idea Juche y a la Fundaci\u00f3n del Partido del Trabajo de Corea (PTC) y en los alrededores de la Exposici\u00f3n Permanente de las Tres Revoluciones.<\/p>\n<p>Tambi\u00e9n al lado del puente Okryu, en la Ciudad Deportiva de Chongchun, en el Jard\u00edn Bot\u00e1nico Nacional y otros lugares de esta urbe, confirm\u00f3 Prensa Latina durante un amplio recorrido dominical.<\/p>\n<p>La responsable del Ministerio de Urbanismo, Kim Un Gum, precis\u00f3 que las acciones fueron lideradas por los comit\u00e9s populares en todos los municipios y distritos, que trazaron de manera colegiada los proyectos de la repoblaci\u00f3n forestal seg\u00fan conveniencias del paisaje natural de cada lugar.<\/p>\n<p>A inicios de marzo de 1946 el l\u00edder hist\u00f3rico de la Rep\u00fablica Popular Democr\u00e1tica de Corea (RPDC), Kim Il-sung, desde una de las alturas capitalinas, la colina Moran, junto con Kim Jong-il y la Hero\u00edna de la Lucha Antijaponesa Kim Jong-suk, instruy\u00f3 repoblar forestalmente la devastada naci\u00f3n coreana destruida durante la guerra contra la ocupaci\u00f3n japonesa, de 1910 a 1945, record\u00f3 el diario Rodong Sinmun.<\/p>\n<p>El PTC, que lidera los destinos de esta naci\u00f3n, concibe en su plataforma program\u00e1tica a la reforestaci\u00f3n como una tarea importante para el futuro de la RPDC, con el objetivo de favorecer el bienestar de todos los coreanos.<\/p>\n<p>El pino es considerado aqu\u00ed \u00e1rbol nacional y desde hace miles de a\u00f1os es utilizado en la creaci\u00f3n de \u00e1reas verdes, debido a que la variedad Pinus densiflora posee una forma de nube o paraguas que protege del calor veraniego de unos 40 grados que predomina en regiones de la RPDC y cobij\u00f3 a las guerrillas, campamentos y t\u00e9cnica militar en zonas intramontanas.<\/p>\n","protected":false},"excerpt":{"rendered":"<p>Habitantes de esta capital sembraron hoy cerca de tres millones de pinos a manera de respuesta de vida al reciente \u00bbportazo\u00bb a la paz dado por el presidente de Estados Unidos, Donald Trump, ante el l\u00edder norcoreano, Kim Jong-un. La&hellip;<\/p>\n","protected":false},"author":90,"featured_media":815430,"comment_status":"closed","ping_status":"closed","sticky":false,"template":"","format":"standard","meta":{"footnotes":""},"categories":[65,1242,1243],"tags":[709,24583,383,419,54019],"class_list":["post-815429","post","type-post","status-publish","format-standard","has-post-thumbnail","hentry","category-asia-es","category-noviolencia-tema","category-paz-desarme","tag-desarme","tag-kim-jong-un","tag-noviolencia","tag-paz","tag-trump-es"],"yoast_head":"<!-- This site is optimized with the Yoast SEO plugin v27.1.1 - https:\/\/yoast.com\/product\/yoast-seo-wordpress\/ -->\n<title>Pyongyang siembra vidas pese a &#039;portazo&#039; a la paz de EE.UU.<\/title>\n<meta name=\"description\" content=\"Habitantes de esta capital sembraron hoy cerca de tres millones de pinos a manera de respuesta de vida al reciente &#039;&#039;portazo&#039;&#039; a la paz dado por el\" \/>\n<meta name=\"robots\" content=\"index, follow, max-snippet:-1, max-image-preview:large, max-video-preview:-1\" \/>\n<link rel=\"canonical\" href=\"https:\/\/www.pressenza.com\/es\/2019\/03\/pyongyang-siembra-vidas-pese-a-portazo-a-la-paz-de-ee-uu\/\" \/>\n<meta property=\"og:locale\" content=\"es_ES\" \/>\n<meta property=\"og:type\" content=\"article\" \/>\n<meta property=\"og:title\" content=\"Pyongyang siembra vidas pese a &#039;portazo&#039; a la paz de EE.UU.\" \/>\n<meta property=\"og:description\" content=\"Habitantes de esta capital sembraron hoy cerca de tres millones de pinos a manera de respuesta de vida al reciente &#039;&#039;portazo&#039;&#039; a la paz dado por el\" \/>\n<meta property=\"og:url\" content=\"https:\/\/www.pressenza.com\/es\/2019\/03\/pyongyang-siembra-vidas-pese-a-portazo-a-la-paz-de-ee-uu\/\" \/>\n<meta property=\"og:site_name\" content=\"Pressenza\" \/>\n<meta property=\"article:publisher\" content=\"https:\/\/www.facebook.com\/PressenzaItalia\" \/>\n<meta property=\"article:author\" content=\"https:\/\/www.facebook.com\/AgenciaPrensaLatina\" \/>\n<meta property=\"article:published_time\" content=\"2019-03-03T02:36:13+00:00\" \/>\n<meta property=\"og:image\" content=\"https:\/\/www.pressenza.com\/wp-content\/uploads\/2019\/03\/RPDC-siembra-pinos.jpg\" \/>\n\t<meta property=\"og:image:width\" content=\"748\" \/>\n\t<meta property=\"og:image:height\" content=\"498\" \/>\n\t<meta property=\"og:image:type\" content=\"image\/jpeg\" \/>\n<meta name=\"author\" content=\"Prensa Latina\" \/>\n<meta name=\"twitter:card\" content=\"summary_large_image\" \/>\n<meta name=\"twitter:creator\" content=\"@prensalatina_cu\" \/>\n<meta name=\"twitter:site\" content=\"@PressenzaIPA\" \/>\n<meta name=\"twitter:label1\" content=\"Escrito por\" \/>\n\t<meta name=\"twitter:data1\" content=\"Prensa Latina\" \/>\n\t<meta name=\"twitter:label2\" content=\"Tiempo de lectura\" \/>\n\t<meta name=\"twitter:data2\" content=\"2 minutos\" \/>\n<script type=\"application\/ld+json\" class=\"yoast-schema-graph\">{\"@context\":\"https:\/\/schema.org\",\"@graph\":[{\"@type\":\"Article\",\"@id\":\"https:\/\/www.pressenza.com\/es\/2019\/03\/pyongyang-siembra-vidas-pese-a-portazo-a-la-paz-de-ee-uu\/#article\",\"isPartOf\":{\"@id\":\"https:\/\/www.pressenza.com\/es\/2019\/03\/pyongyang-siembra-vidas-pese-a-portazo-a-la-paz-de-ee-uu\/\"},\"author\":{\"name\":\"Prensa Latina\",\"@id\":\"https:\/\/www.pressenza.com\/es\/#\/schema\/person\/e35c78ffa242d98f4f49ccb18c8631de\"},\"headline\":\"Pyongyang siembra vidas pese a &#8216;portazo&#8217; a la paz de EE.UU.\",\"datePublished\":\"2019-03-03T02:36:13+00:00\",\"mainEntityOfPage\":{\"@id\":\"https:\/\/www.pressenza.com\/es\/2019\/03\/pyongyang-siembra-vidas-pese-a-portazo-a-la-paz-de-ee-uu\/\"},\"wordCount\":356,\"publisher\":{\"@id\":\"https:\/\/www.pressenza.com\/es\/#organization\"},\"image\":{\"@id\":\"https:\/\/www.pressenza.com\/es\/2019\/03\/pyongyang-siembra-vidas-pese-a-portazo-a-la-paz-de-ee-uu\/#primaryimage\"},\"thumbnailUrl\":\"https:\/\/www.pressenza.com\/wp-content\/uploads\/2019\/03\/RPDC-siembra-pinos.jpg\",\"keywords\":[\"Desarme\",\"Kim Jong-un\",\"Noviolencia\",\"Paz\",\"Trump\"],\"articleSection\":[\"Asia\",\"Noviolencia\",\"Paz y Desarme\"],\"inLanguage\":\"es\"},{\"@type\":\"WebPage\",\"@id\":\"https:\/\/www.pressenza.com\/es\/2019\/03\/pyongyang-siembra-vidas-pese-a-portazo-a-la-paz-de-ee-uu\/\",\"url\":\"https:\/\/www.pressenza.com\/es\/2019\/03\/pyongyang-siembra-vidas-pese-a-portazo-a-la-paz-de-ee-uu\/\",\"name\":\"Pyongyang siembra vidas pese a 'portazo' a la paz de EE.UU.\",\"isPartOf\":{\"@id\":\"https:\/\/www.pressenza.com\/es\/#website\"},\"primaryImageOfPage\":{\"@id\":\"https:\/\/www.pressenza.com\/es\/2019\/03\/pyongyang-siembra-vidas-pese-a-portazo-a-la-paz-de-ee-uu\/#primaryimage\"},\"image\":{\"@id\":\"https:\/\/www.pressenza.com\/es\/2019\/03\/pyongyang-siembra-vidas-pese-a-portazo-a-la-paz-de-ee-uu\/#primaryimage\"},\"thumbnailUrl\":\"https:\/\/www.pressenza.com\/wp-content\/uploads\/2019\/03\/RPDC-siembra-pinos.jpg\",\"datePublished\":\"2019-03-03T02:36:13+00:00\",\"description\":\"Habitantes de esta capital sembraron hoy cerca de tres millones de pinos a manera de respuesta de vida al reciente ''portazo'' a la paz dado por el\",\"breadcrumb\":{\"@id\":\"https:\/\/www.pressenza.com\/es\/2019\/03\/pyongyang-siembra-vidas-pese-a-portazo-a-la-paz-de-ee-uu\/#breadcrumb\"},\"inLanguage\":\"es\",\"potentialAction\":[{\"@type\":\"ReadAction\",\"target\":[\"https:\/\/www.pressenza.com\/es\/2019\/03\/pyongyang-siembra-vidas-pese-a-portazo-a-la-paz-de-ee-uu\/\"]}]},{\"@type\":\"ImageObject\",\"inLanguage\":\"es\",\"@id\":\"https:\/\/www.pressenza.com\/es\/2019\/03\/pyongyang-siembra-vidas-pese-a-portazo-a-la-paz-de-ee-uu\/#primaryimage\",\"url\":\"https:\/\/www.pressenza.com\/wp-content\/uploads\/2019\/03\/RPDC-siembra-pinos.jpg\",\"contentUrl\":\"https:\/\/www.pressenza.com\/wp-content\/uploads\/2019\/03\/RPDC-siembra-pinos.jpg\",\"width\":748,\"height\":498},{\"@type\":\"BreadcrumbList\",\"@id\":\"https:\/\/www.pressenza.com\/es\/2019\/03\/pyongyang-siembra-vidas-pese-a-portazo-a-la-paz-de-ee-uu\/#breadcrumb\",\"itemListElement\":[{\"@type\":\"ListItem\",\"position\":1,\"name\":\"Accueil\",\"item\":\"https:\/\/www.pressenza.com\/es\/\"},{\"@type\":\"ListItem\",\"position\":2,\"name\":\"Pyongyang siembra vidas pese a &#8216;portazo&#8217; a la paz de EE.UU.\"}]},{\"@type\":\"WebSite\",\"@id\":\"https:\/\/www.pressenza.com\/es\/#website\",\"url\":\"https:\/\/www.pressenza.com\/es\/\",\"name\":\"Pressenza\",\"description\":\"International Press Agency\",\"publisher\":{\"@id\":\"https:\/\/www.pressenza.com\/es\/#organization\"},\"potentialAction\":[{\"@type\":\"SearchAction\",\"target\":{\"@type\":\"EntryPoint\",\"urlTemplate\":\"https:\/\/www.pressenza.com\/es\/?s={search_term_string}\"},\"query-input\":{\"@type\":\"PropertyValueSpecification\",\"valueRequired\":true,\"valueName\":\"search_term_string\"}}],\"inLanguage\":\"es\"},{\"@type\":\"Organization\",\"@id\":\"https:\/\/www.pressenza.com\/es\/#organization\",\"name\":\"Pressenza\",\"url\":\"https:\/\/www.pressenza.com\/es\/\",\"logo\":{\"@type\":\"ImageObject\",\"inLanguage\":\"es\",\"@id\":\"https:\/\/www.pressenza.com\/es\/#\/schema\/logo\/image\/\",\"url\":\"https:\/\/www.pressenza.com\/wp-content\/uploads\/2022\/10\/pressenza_logo_200x200.jpg\",\"contentUrl\":\"https:\/\/www.pressenza.com\/wp-content\/uploads\/2022\/10\/pressenza_logo_200x200.jpg\",\"width\":200,\"height\":200,\"caption\":\"Pressenza\"},\"image\":{\"@id\":\"https:\/\/www.pressenza.com\/es\/#\/schema\/logo\/image\/\"},\"sameAs\":[\"https:\/\/www.facebook.com\/PressenzaItalia\",\"https:\/\/x.com\/PressenzaIPA\"]},{\"@type\":\"Person\",\"@id\":\"https:\/\/www.pressenza.com\/es\/#\/schema\/person\/e35c78ffa242d98f4f49ccb18c8631de\",\"name\":\"Prensa Latina\",\"description\":\"www.prensa-latina.cu\",\"sameAs\":[\"https:\/\/www.facebook.com\/AgenciaPrensaLatina\",\"https:\/\/x.com\/prensalatina_cu\"],\"url\":\"https:\/\/www.pressenza.com\/es\/author\/prensa-latina\/\"}]}<\/script>\n<!-- \/ Yoast SEO plugin. -->","yoast_head_json":{"title":"Pyongyang siembra vidas pese a 'portazo' a la paz de EE.UU.","description":"Habitantes de esta capital sembraron hoy cerca de tres millones de pinos a manera de respuesta de vida al reciente ''portazo'' a la paz dado por el","robots":{"index":"index","follow":"follow","max-snippet":"max-snippet:-1","max-image-preview":"max-image-preview:large","max-video-preview":"max-video-preview:-1"},"canonical":"https:\/\/www.pressenza.com\/es\/2019\/03\/pyongyang-siembra-vidas-pese-a-portazo-a-la-paz-de-ee-uu\/","og_locale":"es_ES","og_type":"article","og_title":"Pyongyang siembra vidas pese a 'portazo' a la paz de EE.UU.","og_description":"Habitantes de esta capital sembraron hoy cerca de tres millones de pinos a manera de respuesta de vida al reciente ''portazo'' a la paz dado por el","og_url":"https:\/\/www.pressenza.com\/es\/2019\/03\/pyongyang-siembra-vidas-pese-a-portazo-a-la-paz-de-ee-uu\/","og_site_name":"Pressenza","article_publisher":"https:\/\/www.facebook.com\/PressenzaItalia","article_author":"https:\/\/www.facebook.com\/AgenciaPrensaLatina","article_published_time":"2019-03-03T02:36:13+00:00","og_image":[{"width":748,"height":498,"url":"https:\/\/www.pressenza.com\/wp-content\/uploads\/2019\/03\/RPDC-siembra-pinos.jpg","type":"image\/jpeg"}],"author":"Prensa Latina","twitter_card":"summary_large_image","twitter_creator":"@prensalatina_cu","twitter_site":"@PressenzaIPA","twitter_misc":{"Escrito por":"Prensa Latina","Tiempo de lectura":"2 minutos"},"schema":{"@context":"https:\/\/schema.org","@graph":[{"@type":"Article","@id":"https:\/\/www.pressenza.com\/es\/2019\/03\/pyongyang-siembra-vidas-pese-a-portazo-a-la-paz-de-ee-uu\/#article","isPartOf":{"@id":"https:\/\/www.pressenza.com\/es\/2019\/03\/pyongyang-siembra-vidas-pese-a-portazo-a-la-paz-de-ee-uu\/"},"author":{"name":"Prensa Latina","@id":"https:\/\/www.pressenza.com\/es\/#\/schema\/person\/e35c78ffa242d98f4f49ccb18c8631de"},"headline":"Pyongyang siembra vidas pese a &#8216;portazo&#8217; a la paz de EE.UU.","datePublished":"2019-03-03T02:36:13+00:00","mainEntityOfPage":{"@id":"https:\/\/www.pressenza.com\/es\/2019\/03\/pyongyang-siembra-vidas-pese-a-portazo-a-la-paz-de-ee-uu\/"},"wordCount":356,"publisher":{"@id":"https:\/\/www.pressenza.com\/es\/#organization"},"image":{"@id":"https:\/\/www.pressenza.com\/es\/2019\/03\/pyongyang-siembra-vidas-pese-a-portazo-a-la-paz-de-ee-uu\/#primaryimage"},"thumbnailUrl":"https:\/\/www.pressenza.com\/wp-content\/uploads\/2019\/03\/RPDC-siembra-pinos.jpg","keywords":["Desarme","Kim Jong-un","Noviolencia","Paz","Trump"],"articleSection":["Asia","Noviolencia","Paz y Desarme"],"inLanguage":"es"},{"@type":"WebPage","@id":"https:\/\/www.pressenza.com\/es\/2019\/03\/pyongyang-siembra-vidas-pese-a-portazo-a-la-paz-de-ee-uu\/","url":"https:\/\/www.pressenza.com\/es\/2019\/03\/pyongyang-siembra-vidas-pese-a-portazo-a-la-paz-de-ee-uu\/","name":"Pyongyang siembra vidas pese a 'portazo' a la paz de EE.UU.","isPartOf":{"@id":"https:\/\/www.pressenza.com\/es\/#website"},"primaryImageOfPage":{"@id":"https:\/\/www.pressenza.com\/es\/2019\/03\/pyongyang-siembra-vidas-pese-a-portazo-a-la-paz-de-ee-uu\/#primaryimage"},"image":{"@id":"https:\/\/www.pressenza.com\/es\/2019\/03\/pyongyang-siembra-vidas-pese-a-portazo-a-la-paz-de-ee-uu\/#primaryimage"},"thumbnailUrl":"https:\/\/www.pressenza.com\/wp-content\/uploads\/2019\/03\/RPDC-siembra-pinos.jpg","datePublished":"2019-03-03T02:36:13+00:00","description":"Habitantes de esta capital sembraron hoy cerca de tres millones de pinos a manera de respuesta de vida al reciente ''portazo'' a la paz dado por el","breadcrumb":{"@id":"https:\/\/www.pressenza.com\/es\/2019\/03\/pyongyang-siembra-vidas-pese-a-portazo-a-la-paz-de-ee-uu\/#breadcrumb"},"inLanguage":"es","potentialAction":[{"@type":"ReadAction","target":["https:\/\/www.pressenza.com\/es\/2019\/03\/pyongyang-siembra-vidas-pese-a-portazo-a-la-paz-de-ee-uu\/"]}]},{"@type":"ImageObject","inLanguage":"es","@id":"https:\/\/www.pressenza.com\/es\/2019\/03\/pyongyang-siembra-vidas-pese-a-portazo-a-la-paz-de-ee-uu\/#primaryimage","url":"https:\/\/www.pressenza.com\/wp-content\/uploads\/2019\/03\/RPDC-siembra-pinos.jpg","contentUrl":"https:\/\/www.pressenza.com\/wp-content\/uploads\/2019\/03\/RPDC-siembra-pinos.jpg","width":748,"height":498},{"@type":"BreadcrumbList","@id":"https:\/\/www.pressenza.com\/es\/2019\/03\/pyongyang-siembra-vidas-pese-a-portazo-a-la-paz-de-ee-uu\/#breadcrumb","itemListElement":[{"@type":"ListItem","position":1,"name":"Accueil","item":"https:\/\/www.pressenza.com\/es\/"},{"@type":"ListItem","position":2,"name":"Pyongyang siembra vidas pese a &#8216;portazo&#8217; a la paz de EE.UU."}]},{"@type":"WebSite","@id":"https:\/\/www.pressenza.com\/es\/#website","url":"https:\/\/www.pressenza.com\/es\/","name":"Pressenza","description":"International Press Agency","publisher":{"@id":"https:\/\/www.pressenza.com\/es\/#organization"},"potentialAction":[{"@type":"SearchAction","target":{"@type":"EntryPoint","urlTemplate":"https:\/\/www.pressenza.com\/es\/?s={search_term_string}"},"query-input":{"@type":"PropertyValueSpecification","valueRequired":true,"valueName":"search_term_string"}}],"inLanguage":"es"},{"@type":"Organization","@id":"https:\/\/www.pressenza.com\/es\/#organization","name":"Pressenza","url":"https:\/\/www.pressenza.com\/es\/","logo":{"@type":"ImageObject","inLanguage":"es","@id":"https:\/\/www.pressenza.com\/es\/#\/schema\/logo\/image\/","url":"https:\/\/www.pressenza.com\/wp-content\/uploads\/2022\/10\/pressenza_logo_200x200.jpg","contentUrl":"https:\/\/www.pressenza.com\/wp-content\/uploads\/2022\/10\/pressenza_logo_200x200.jpg","width":200,"height":200,"caption":"Pressenza"},"image":{"@id":"https:\/\/www.pressenza.com\/es\/#\/schema\/logo\/image\/"},"sameAs":["https:\/\/www.facebook.com\/PressenzaItalia","https:\/\/x.com\/PressenzaIPA"]},{"@type":"Person","@id":"https:\/\/www.pressenza.com\/es\/#\/schema\/person\/e35c78ffa242d98f4f49ccb18c8631de","name":"Prensa Latina","description":"www.prensa-latina.cu","sameAs":["https:\/\/www.facebook.com\/AgenciaPrensaLatina","https:\/\/x.com\/prensalatina_cu"],"url":"https:\/\/www.pressenza.com\/es\/author\/prensa-latina\/"}]}},"place":"Pyongyang - Corea del Norte","original_article_url":"https:\/\/www.prensa-latina.cu\/index.php?o=rn&id=257820&SEO=pyongyang-siembra-vidas-pese-a-portazo-a-la-paz-de-ee.uu.","_links":{"self":[{"href":"https:\/\/www.pressenza.com\/es\/wp-json\/wp\/v2\/posts\/815429","targetHints":{"allow":["GET"]}}],"collection":[{"href":"https:\/\/www.pressenza.com\/es\/wp-json\/wp\/v2\/posts"}],"about":[{"href":"https:\/\/www.pressenza.com\/es\/wp-json\/wp\/v2\/types\/post"}],"author":[{"embeddable":true,"href":"https:\/\/www.pressenza.com\/es\/wp-json\/wp\/v2\/users\/90"}],"replies":[{"embeddable":true,"href":"https:\/\/www.pressenza.com\/es\/wp-json\/wp\/v2\/comments?post=815429"}],"version-history":[{"count":0,"href":"https:\/\/www.pressenza.com\/es\/wp-json\/wp\/v2\/posts\/815429\/revisions"}],"wp:featuredmedia":[{"embeddable":true,"href":"https:\/\/www.pressenza.com\/es\/wp-json\/wp\/v2\/media\/815430"}],"wp:attachment":[{"href":"https:\/\/www.pressenza.com\/es\/wp-json\/wp\/v2\/media?parent=815429"}],"wp:term":[{"taxonomy":"category","embeddable":true,"href":"https:\/\/www.pressenza.com\/es\/wp-json\/wp\/v2\/categories?post=815429"},{"taxonomy":"post_tag","embeddable":true,"href":"https:\/\/www.pressenza.com\/es\/wp-json\/wp\/v2\/tags?post=815429"}],"curies":[{"name":"wp","href":"https:\/\/api.w.org\/{rel}","templated":true}]}}