{"id":815,"date":"2009-08-04T00:00:00","date_gmt":"2009-08-04T00:00:00","guid":{"rendered":""},"modified":"2009-08-17T09:27:30","modified_gmt":"2009-08-17T09:27:30","slug":"cineastas-documentan-la-paz","status":"publish","type":"post","link":"https:\/\/www.pressenza.com\/es\/2009\/08\/cineastas-documentan-la-paz\/","title":{"rendered":"Cineastas documentan la paz"},"content":{"rendered":"<p>Dejar un testimonio f\u00edlmico de las distintas expresiones de la paz es la consigna que ha unido a cineastas de Europa, Am\u00e9rica, Asia y Medio Oriente. El proyecto consiste en que cuando la Marcha Mundial pase por sus pa\u00edses la dejen registrada en un documental. Interesa lograr una filmaci\u00f3n que d\u00e9 cuenta del desarrollo de esta odisea, su impacto y tambi\u00e9n el contexto cultural que va encontrando a su paso y la resonancia de quienes adhieren.  <\/p>\n<p>Los g\u00e9neros que se desarrollar\u00e1n ser\u00e1n el del documental y tambi\u00e9n de docu-ficci\u00f3n. Los directores participantes de esta iniciativa son Julia Vargas que coordina a los diferentes realizadores y que a su vez filmar\u00e1 desde Bolivia. Gabor Dettre har\u00e1 lo propio en Hungr\u00eda, adem\u00e1s que est\u00e1 apoyando en animar a otros directores europeos. Eduardo Gozalo filmar\u00e1 el paso por Alejandr\u00eda, Egipto, y est\u00e1 intentando formar un grupo de directores en Asia Menor. Maher al Sabbagh, sirio, plasmar\u00e1 la visi\u00f3n musulmana de la no-violencia. Hitesh Gusani pondr\u00e1 el mismo \u00e9nfasis desde la cultura hind\u00fa. En Latinoam\u00e9rica, aparte de la coordinadora Julia Vargas, Luis Mandoki filmar\u00e1 en M\u00e9xico, mientras Mario Pozzi-Escot lo har\u00e1 en Per\u00fa y Federico Due\u00f1as en Colombia. <\/p>\n<p>Los directores antes mencionados har\u00e1n sus propios guiones de acuerdo a sus particulares intereses. De esta manera se tendr\u00e1 un registro amplio de este verdadero acontecimiento que se realiza por primera vez y que pasar\u00e1 por todos los continentes, razas y credos unidos en torno a la paz y a la no violencia. <\/p>\n<p>Esperamos que a esta lista de voluntarios se sumen m\u00e1s directores de otras culturas y zonas geogr\u00e1ficas quienes pueden hacerlo a los correos: Ana L&#8217;Homme &#8211; lhomme.ana@gmail.com; o de Juan Chambeaux &#8211; jchambeaux@terra.cl<\/p>\n<p>Estos documentales tambi\u00e9n se transformar\u00e1n en un \u00fanico documental que tomar\u00e1 como base lo filmado por los distintos realizadores de tal manera de dejar un registro unitario de lo que ha sido esta marcha y se presentar\u00e1 en festivales internacionales. <\/p>\n","protected":false},"excerpt":{"rendered":"<p>Un grupo importante de cineastas profesionales provenientes de todos los continentes han resuelto documentar la paz desde las m\u00e1s diversas latitudes de todo el mundo. Con sus propios guiones, ir\u00e1n siguiendo el recorrido de la Marcha Mundial que se desarrollar\u00e1 en el \u00faltimo trimestre de este a\u00f1o y se presentar\u00e1 en los festivales internacionales.<\/p>\n","protected":false},"author":19,"featured_media":0,"comment_status":"closed","ping_status":"open","sticky":false,"template":"","format":"standard","meta":{"footnotes":""},"categories":[149,75,39,67],"tags":[],"class_list":["post-815","post","type-post","status-publish","format-standard","hentry","category-comunicados-de-prensa","category-cultura-es","category-internacional","category-sudamerica"],"yoast_head":"<!-- This site is optimized with the Yoast SEO plugin v27.1.1 - https:\/\/yoast.com\/product\/yoast-seo-wordpress\/ -->\n<title>Cineastas documentan la paz<\/title>\n<meta name=\"description\" content=\"Un grupo importante de cineastas profesionales provenientes de todos los continentes han resuelto documentar la paz desde las m\u00e1s diversas latitudes de todo el mundo. Con sus propios guiones, ir\u00e1n siguiendo el recorrido de la Marcha Mundial que se desarrollar\u00e1 en el \u00faltimo trimestre de este a\u00f1o y se presentar\u00e1 en los festivales internacionales.\" \/>\n<meta name=\"robots\" content=\"index, follow, max-snippet:-1, max-image-preview:large, max-video-preview:-1\" \/>\n<link rel=\"canonical\" href=\"https:\/\/www.pressenza.com\/es\/2009\/08\/cineastas-documentan-la-paz\/\" \/>\n<meta property=\"og:locale\" content=\"es_ES\" \/>\n<meta property=\"og:type\" content=\"article\" \/>\n<meta property=\"og:title\" content=\"Cineastas documentan la paz\" \/>\n<meta property=\"og:description\" content=\"Un grupo importante de cineastas profesionales provenientes de todos los continentes han resuelto documentar la paz desde las m\u00e1s diversas latitudes de todo el mundo. Con sus propios guiones, ir\u00e1n siguiendo el recorrido de la Marcha Mundial que se desarrollar\u00e1 en el \u00faltimo trimestre de este a\u00f1o y se presentar\u00e1 en los festivales internacionales.\" \/>\n<meta property=\"og:url\" content=\"https:\/\/www.pressenza.com\/es\/2009\/08\/cineastas-documentan-la-paz\/\" \/>\n<meta property=\"og:site_name\" content=\"Pressenza\" \/>\n<meta property=\"article:publisher\" content=\"https:\/\/www.facebook.com\/PressenzaItalia\" \/>\n<meta property=\"article:author\" content=\"https:\/\/www.facebook.com\/pressenza\" \/>\n<meta property=\"article:published_time\" content=\"2009-08-04T00:00:00+00:00\" \/>\n<meta property=\"article:modified_time\" content=\"2009-08-17T09:27:30+00:00\" \/>\n<meta name=\"author\" content=\"Pressenza IPA\" \/>\n<meta name=\"twitter:card\" content=\"summary_large_image\" \/>\n<meta name=\"twitter:creator\" content=\"@PressenzaIPA\" \/>\n<meta name=\"twitter:site\" content=\"@PressenzaIPA\" \/>\n<meta name=\"twitter:label1\" content=\"Escrito por\" \/>\n\t<meta name=\"twitter:data1\" content=\"Pressenza IPA\" \/>\n\t<meta name=\"twitter:label2\" content=\"Tiempo de lectura\" \/>\n\t<meta name=\"twitter:data2\" content=\"2 minutos\" \/>\n<script type=\"application\/ld+json\" class=\"yoast-schema-graph\">{\"@context\":\"https:\/\/schema.org\",\"@graph\":[{\"@type\":\"Article\",\"@id\":\"https:\/\/www.pressenza.com\/es\/2009\/08\/cineastas-documentan-la-paz\/#article\",\"isPartOf\":{\"@id\":\"https:\/\/www.pressenza.com\/es\/2009\/08\/cineastas-documentan-la-paz\/\"},\"author\":{\"name\":\"Pressenza IPA\",\"@id\":\"https:\/\/www.pressenza.com\/es\/#\/schema\/person\/010e5d02bcf40965427a1289a4cc8d75\"},\"headline\":\"Cineastas documentan la paz\",\"datePublished\":\"2009-08-04T00:00:00+00:00\",\"dateModified\":\"2009-08-17T09:27:30+00:00\",\"mainEntityOfPage\":{\"@id\":\"https:\/\/www.pressenza.com\/es\/2009\/08\/cineastas-documentan-la-paz\/\"},\"wordCount\":352,\"publisher\":{\"@id\":\"https:\/\/www.pressenza.com\/es\/#organization\"},\"articleSection\":[\"Comunicados de Prensa\",\"Cultura y Medios\",\"Internacional\",\"Sudam\u00e9rica\"],\"inLanguage\":\"es\"},{\"@type\":\"WebPage\",\"@id\":\"https:\/\/www.pressenza.com\/es\/2009\/08\/cineastas-documentan-la-paz\/\",\"url\":\"https:\/\/www.pressenza.com\/es\/2009\/08\/cineastas-documentan-la-paz\/\",\"name\":\"Cineastas documentan la paz\",\"isPartOf\":{\"@id\":\"https:\/\/www.pressenza.com\/es\/#website\"},\"datePublished\":\"2009-08-04T00:00:00+00:00\",\"dateModified\":\"2009-08-17T09:27:30+00:00\",\"description\":\"Un grupo importante de cineastas profesionales provenientes de todos los continentes han resuelto documentar la paz desde las m\u00e1s diversas latitudes de todo el mundo. Con sus propios guiones, ir\u00e1n siguiendo el recorrido de la Marcha Mundial que se desarrollar\u00e1 en el \u00faltimo trimestre de este a\u00f1o y se presentar\u00e1 en los festivales internacionales.\",\"breadcrumb\":{\"@id\":\"https:\/\/www.pressenza.com\/es\/2009\/08\/cineastas-documentan-la-paz\/#breadcrumb\"},\"inLanguage\":\"es\",\"potentialAction\":[{\"@type\":\"ReadAction\",\"target\":[\"https:\/\/www.pressenza.com\/es\/2009\/08\/cineastas-documentan-la-paz\/\"]}]},{\"@type\":\"BreadcrumbList\",\"@id\":\"https:\/\/www.pressenza.com\/es\/2009\/08\/cineastas-documentan-la-paz\/#breadcrumb\",\"itemListElement\":[{\"@type\":\"ListItem\",\"position\":1,\"name\":\"Accueil\",\"item\":\"https:\/\/www.pressenza.com\/es\/\"},{\"@type\":\"ListItem\",\"position\":2,\"name\":\"Cineastas documentan la paz\"}]},{\"@type\":\"WebSite\",\"@id\":\"https:\/\/www.pressenza.com\/es\/#website\",\"url\":\"https:\/\/www.pressenza.com\/es\/\",\"name\":\"Pressenza\",\"description\":\"International Press Agency\",\"publisher\":{\"@id\":\"https:\/\/www.pressenza.com\/es\/#organization\"},\"potentialAction\":[{\"@type\":\"SearchAction\",\"target\":{\"@type\":\"EntryPoint\",\"urlTemplate\":\"https:\/\/www.pressenza.com\/es\/?s={search_term_string}\"},\"query-input\":{\"@type\":\"PropertyValueSpecification\",\"valueRequired\":true,\"valueName\":\"search_term_string\"}}],\"inLanguage\":\"es\"},{\"@type\":\"Organization\",\"@id\":\"https:\/\/www.pressenza.com\/es\/#organization\",\"name\":\"Pressenza\",\"url\":\"https:\/\/www.pressenza.com\/es\/\",\"logo\":{\"@type\":\"ImageObject\",\"inLanguage\":\"es\",\"@id\":\"https:\/\/www.pressenza.com\/es\/#\/schema\/logo\/image\/\",\"url\":\"https:\/\/www.pressenza.com\/wp-content\/uploads\/2022\/10\/pressenza_logo_200x200.jpg\",\"contentUrl\":\"https:\/\/www.pressenza.com\/wp-content\/uploads\/2022\/10\/pressenza_logo_200x200.jpg\",\"width\":200,\"height\":200,\"caption\":\"Pressenza\"},\"image\":{\"@id\":\"https:\/\/www.pressenza.com\/es\/#\/schema\/logo\/image\/\"},\"sameAs\":[\"https:\/\/www.facebook.com\/PressenzaItalia\",\"https:\/\/x.com\/PressenzaIPA\"]},{\"@type\":\"Person\",\"@id\":\"https:\/\/www.pressenza.com\/es\/#\/schema\/person\/010e5d02bcf40965427a1289a4cc8d75\",\"name\":\"Pressenza IPA\",\"description\":\"News from Pressenza IPA correspondents\",\"sameAs\":[\"https:\/\/www.facebook.com\/pressenza\",\"https:\/\/x.com\/PressenzaIPA\"],\"url\":\"https:\/\/www.pressenza.com\/es\/author\/pressenza-ipa\/\"}]}<\/script>\n<!-- \/ Yoast SEO plugin. -->","yoast_head_json":{"title":"Cineastas documentan la paz","description":"Un grupo importante de cineastas profesionales provenientes de todos los continentes han resuelto documentar la paz desde las m\u00e1s diversas latitudes de todo el mundo. Con sus propios guiones, ir\u00e1n siguiendo el recorrido de la Marcha Mundial que se desarrollar\u00e1 en el \u00faltimo trimestre de este a\u00f1o y se presentar\u00e1 en los festivales internacionales.","robots":{"index":"index","follow":"follow","max-snippet":"max-snippet:-1","max-image-preview":"max-image-preview:large","max-video-preview":"max-video-preview:-1"},"canonical":"https:\/\/www.pressenza.com\/es\/2009\/08\/cineastas-documentan-la-paz\/","og_locale":"es_ES","og_type":"article","og_title":"Cineastas documentan la paz","og_description":"Un grupo importante de cineastas profesionales provenientes de todos los continentes han resuelto documentar la paz desde las m\u00e1s diversas latitudes de todo el mundo. Con sus propios guiones, ir\u00e1n siguiendo el recorrido de la Marcha Mundial que se desarrollar\u00e1 en el \u00faltimo trimestre de este a\u00f1o y se presentar\u00e1 en los festivales internacionales.","og_url":"https:\/\/www.pressenza.com\/es\/2009\/08\/cineastas-documentan-la-paz\/","og_site_name":"Pressenza","article_publisher":"https:\/\/www.facebook.com\/PressenzaItalia","article_author":"https:\/\/www.facebook.com\/pressenza","article_published_time":"2009-08-04T00:00:00+00:00","article_modified_time":"2009-08-17T09:27:30+00:00","author":"Pressenza IPA","twitter_card":"summary_large_image","twitter_creator":"@PressenzaIPA","twitter_site":"@PressenzaIPA","twitter_misc":{"Escrito por":"Pressenza IPA","Tiempo de lectura":"2 minutos"},"schema":{"@context":"https:\/\/schema.org","@graph":[{"@type":"Article","@id":"https:\/\/www.pressenza.com\/es\/2009\/08\/cineastas-documentan-la-paz\/#article","isPartOf":{"@id":"https:\/\/www.pressenza.com\/es\/2009\/08\/cineastas-documentan-la-paz\/"},"author":{"name":"Pressenza IPA","@id":"https:\/\/www.pressenza.com\/es\/#\/schema\/person\/010e5d02bcf40965427a1289a4cc8d75"},"headline":"Cineastas documentan la paz","datePublished":"2009-08-04T00:00:00+00:00","dateModified":"2009-08-17T09:27:30+00:00","mainEntityOfPage":{"@id":"https:\/\/www.pressenza.com\/es\/2009\/08\/cineastas-documentan-la-paz\/"},"wordCount":352,"publisher":{"@id":"https:\/\/www.pressenza.com\/es\/#organization"},"articleSection":["Comunicados de Prensa","Cultura y Medios","Internacional","Sudam\u00e9rica"],"inLanguage":"es"},{"@type":"WebPage","@id":"https:\/\/www.pressenza.com\/es\/2009\/08\/cineastas-documentan-la-paz\/","url":"https:\/\/www.pressenza.com\/es\/2009\/08\/cineastas-documentan-la-paz\/","name":"Cineastas documentan la paz","isPartOf":{"@id":"https:\/\/www.pressenza.com\/es\/#website"},"datePublished":"2009-08-04T00:00:00+00:00","dateModified":"2009-08-17T09:27:30+00:00","description":"Un grupo importante de cineastas profesionales provenientes de todos los continentes han resuelto documentar la paz desde las m\u00e1s diversas latitudes de todo el mundo. Con sus propios guiones, ir\u00e1n siguiendo el recorrido de la Marcha Mundial que se desarrollar\u00e1 en el \u00faltimo trimestre de este a\u00f1o y se presentar\u00e1 en los festivales internacionales.","breadcrumb":{"@id":"https:\/\/www.pressenza.com\/es\/2009\/08\/cineastas-documentan-la-paz\/#breadcrumb"},"inLanguage":"es","potentialAction":[{"@type":"ReadAction","target":["https:\/\/www.pressenza.com\/es\/2009\/08\/cineastas-documentan-la-paz\/"]}]},{"@type":"BreadcrumbList","@id":"https:\/\/www.pressenza.com\/es\/2009\/08\/cineastas-documentan-la-paz\/#breadcrumb","itemListElement":[{"@type":"ListItem","position":1,"name":"Accueil","item":"https:\/\/www.pressenza.com\/es\/"},{"@type":"ListItem","position":2,"name":"Cineastas documentan la paz"}]},{"@type":"WebSite","@id":"https:\/\/www.pressenza.com\/es\/#website","url":"https:\/\/www.pressenza.com\/es\/","name":"Pressenza","description":"International Press Agency","publisher":{"@id":"https:\/\/www.pressenza.com\/es\/#organization"},"potentialAction":[{"@type":"SearchAction","target":{"@type":"EntryPoint","urlTemplate":"https:\/\/www.pressenza.com\/es\/?s={search_term_string}"},"query-input":{"@type":"PropertyValueSpecification","valueRequired":true,"valueName":"search_term_string"}}],"inLanguage":"es"},{"@type":"Organization","@id":"https:\/\/www.pressenza.com\/es\/#organization","name":"Pressenza","url":"https:\/\/www.pressenza.com\/es\/","logo":{"@type":"ImageObject","inLanguage":"es","@id":"https:\/\/www.pressenza.com\/es\/#\/schema\/logo\/image\/","url":"https:\/\/www.pressenza.com\/wp-content\/uploads\/2022\/10\/pressenza_logo_200x200.jpg","contentUrl":"https:\/\/www.pressenza.com\/wp-content\/uploads\/2022\/10\/pressenza_logo_200x200.jpg","width":200,"height":200,"caption":"Pressenza"},"image":{"@id":"https:\/\/www.pressenza.com\/es\/#\/schema\/logo\/image\/"},"sameAs":["https:\/\/www.facebook.com\/PressenzaItalia","https:\/\/x.com\/PressenzaIPA"]},{"@type":"Person","@id":"https:\/\/www.pressenza.com\/es\/#\/schema\/person\/010e5d02bcf40965427a1289a4cc8d75","name":"Pressenza IPA","description":"News from Pressenza IPA correspondents","sameAs":["https:\/\/www.facebook.com\/pressenza","https:\/\/x.com\/PressenzaIPA"],"url":"https:\/\/www.pressenza.com\/es\/author\/pressenza-ipa\/"}]}},"place":"Santiago","original_article_url":"","_links":{"self":[{"href":"https:\/\/www.pressenza.com\/es\/wp-json\/wp\/v2\/posts\/815","targetHints":{"allow":["GET"]}}],"collection":[{"href":"https:\/\/www.pressenza.com\/es\/wp-json\/wp\/v2\/posts"}],"about":[{"href":"https:\/\/www.pressenza.com\/es\/wp-json\/wp\/v2\/types\/post"}],"author":[{"embeddable":true,"href":"https:\/\/www.pressenza.com\/es\/wp-json\/wp\/v2\/users\/19"}],"replies":[{"embeddable":true,"href":"https:\/\/www.pressenza.com\/es\/wp-json\/wp\/v2\/comments?post=815"}],"version-history":[{"count":0,"href":"https:\/\/www.pressenza.com\/es\/wp-json\/wp\/v2\/posts\/815\/revisions"}],"wp:attachment":[{"href":"https:\/\/www.pressenza.com\/es\/wp-json\/wp\/v2\/media?parent=815"}],"wp:term":[{"taxonomy":"category","embeddable":true,"href":"https:\/\/www.pressenza.com\/es\/wp-json\/wp\/v2\/categories?post=815"},{"taxonomy":"post_tag","embeddable":true,"href":"https:\/\/www.pressenza.com\/es\/wp-json\/wp\/v2\/tags?post=815"}],"curies":[{"name":"wp","href":"https:\/\/api.w.org\/{rel}","templated":true}]}}