{"id":8149,"date":"2012-02-04T00:00:00","date_gmt":"2012-02-04T00:00:00","guid":{"rendered":""},"modified":"2012-02-08T04:29:21","modified_gmt":"2012-02-08T04:29:21","slug":"represion-a-los-indigeneas-por-parte-del-gobierno-de-panama","status":"publish","type":"post","link":"https:\/\/www.pressenza.com\/es\/2012\/02\/represion-a-los-indigeneas-por-parte-del-gobierno-de-panama\/","title":{"rendered":"Represi\u00f3n a los ind\u00edgeneas por parte del gobierno de Panam\u00e1"},"content":{"rendered":"<p>Las manifestaciones se llevan a cabo debido a que durante varias administraciones el estado paname\u00f1o viene violentando la gobernabilidad, la propiedad y tenencia de la tierra, la territorialidad y los recursos naturales como bosques, marino costeros, agua, suelo, subsuelo y de la biodiversidad de la comarca, mediante la derogaci\u00f3n de leyes que reconocen los derechos ind\u00edgenas, y aprobaci\u00f3n de normas que los despojan de sus derechos y recursos. <\/p>\n<p>Tal es el caso de concesiones mineras, explotaci\u00f3n de bosques, y construcciones de hidroel\u00e9ctricas, sin que medie a consulta y el consentimiento libre, previo e informado de la Comarca. <\/p>\n<p>Esta situaci\u00f3n cobra notoriedad con la actitud antidemocr\u00e1tica del gobierno del presidente Ricardo Martinelli, qui\u00e9n ha volcado todos sus recursos y capacidad para excluir del Proyecto de Ley 415, el art\u00edculo 5\u00ba que establece un r\u00e9gimen especial de los recursos minerales, h\u00eddricos y ambientales en la Comarca Ng\u00e4be-Bugl\u00e9, aprobado el 25 de enero pasado, por unanimidad por Comisi\u00f3n de Comercio de la Asamblea Nacional, precepto que es el resultado de muchos a\u00f1os de lucha ind\u00edgena y que ahora se excluye sin  ninguna consulta a ellos.<\/p>\n<p>El art\u00edculo 5\u00ba dice: \u201cSe cancelan todas las concesiones otorgadas y vigentes a empresas nacionales o extranjeras, para la exploraci\u00f3n y explotaci\u00f3n de los recursos minerales y para la construcci\u00f3n de proyectos hidroel\u00e9ctricos dentro de la comarca Ng\u00e4be Bugl\u00e9, \u00e1reas anexas, territorios y comunidades Ng\u00e4be-Bugl\u00e9, fuera de la comarca, y se suspenden de inmediato todos los trabajos que est\u00e9n llevando a cabo dichas empresas.\u201d<\/p>\n<p>La falta de respeto a los m\u00e1s sagrados derechos ind\u00edgenas, la negativa sistem\u00e1tica al di\u00e1logo y cumplimiento de los acuerdos de producto de las manifestaciones y negociaciones anteriores entre la Comarca Ng\u00e4be Bukl\u00e9 y el gobierno de Martinelli, contin\u00faan, y los ind\u00edgenas siguen esperando muestras de buena voluntad y un di\u00e1logo serio y transparente por parte del gobierno.<\/p>\n<p>Ante la ausencia de respuestas se manifestaron cerrando la carretera interamericana, acci\u00f3n por la que han sido reprimidos violentamente por las fuerzas de seguridad del gobierno. <\/p>\n<p>Pese a la represi\u00f3n se suman m\u00e1s y m\u00e1s ind\u00edgenas a cada momento y existe la posibilidad de que se extienda al cierre de fronteras, puentes, puertos, y aeropuertos, si el gobierno no atiende las demandas que se le plantean. <\/p>\n<p>Tambi\u00e9n se escuchan crecientes voces que otras Comarcas se est\u00e1n preparando para incorporarse a la lucha en defensa de la tierra, el territorio y los recursos.<\/p>\n<p>El pueblo Ng\u00e4be Bukl\u00e9, ancestralmente habita un amplio territorio que fue cercenado con la creaci\u00f3n de las rep\u00fablicas de Panam\u00e1 y Costa Rica, quienes hoy d\u00eda contin\u00faan en el mismo territorio en ambos pa\u00edses.<\/p>\n<p>La Mesa Nacional Ind\u00edgena de Costa Rica (MNICR) profundamente preocupada por la situaci\u00f3n que viven los ind\u00edgenas en Panam\u00e1, expresa:<\/p>\n<p>\u00b7        Su m\u00e1s amplia solidaridad con el pueblo Ng\u00e4be Bukl\u00e9<\/p>\n<p>\u00b7        Su rechazo vehemente la actitud antidemocr\u00e1tica y violenta del gobierno nacional de Panam\u00e1. A quien le hace un llamado al cese inmediato de las hostilidades y violencia contra los ind\u00edgenas, y la inmediata apertura a un dialogo sincero y transparente en el marco del estricto respeto a los derechos ind\u00edgenas.<\/p>\n<p>\u00b7        Un pedido de inclusi\u00f3n en el Proyecto de Ley 415, del art\u00edculo 5\u00ba que establece un r\u00e9gimen especial de los recursos minerales, h\u00eddricos y ambientales en la Comarca Ng\u00e4be-Bugl\u00e9.<\/p>\n<p>\u00b7        Un llamado a los organismos nacionales e internacionales de derechos ind\u00edgenas y derechos humanos, y a la comunidad internacional en general, para que intercedan ante el gobierno de Panam\u00e1, a fin de que abandone la violencia contra los ind\u00edgenas, y se abra dialogo, dentro del cual se establezca una comisi\u00f3n de observadores y verificadores del cumplimiento de los acuerdos a que lleguen ind\u00edgenas \u2013 gobierno.<\/p>\n","protected":false},"excerpt":{"rendered":"<p>Seg\u00fan informaciones recibidas de la Mesa Nacional Ind\u00edgena las fuerzas de seguridad de Panam\u00e1, buscando disolver los cierres de carretera cerca de la frontera con Costa Rica, reprimieron violentamente a ind\u00edgenas en varios puntos de las provincias de Chiriqu\u00ed, Veraguas, y Bocas del Toro. Resultaron heridos y detenidos un grupo de ind\u00edgenas. <\/p>\n","protected":false},"author":19,"featured_media":0,"comment_status":"closed","ping_status":"open","sticky":false,"template":"","format":"standard","meta":{"footnotes":""},"categories":[69,80],"tags":[],"class_list":["post-8149","post","type-post","status-publish","format-standard","hentry","category-america-central","category-pueblos-originarios"],"yoast_head":"<!-- This site is optimized with the Yoast SEO plugin v27.1.1 - https:\/\/yoast.com\/product\/yoast-seo-wordpress\/ -->\n<title>Represi\u00f3n a los ind\u00edgeneas por parte del gobierno de Panam\u00e1<\/title>\n<meta name=\"description\" content=\"Seg\u00fan informaciones recibidas de la Mesa Nacional Ind\u00edgena las fuerzas de seguridad de Panam\u00e1, buscando disolver los cierres de carretera cerca de la frontera con Costa Rica, reprimieron violentamente a ind\u00edgenas en varios puntos de las provincias de Chiriqu\u00ed, Veraguas, y Bocas del Toro. Resultaron heridos y detenidos un grupo de ind\u00edgenas.\" \/>\n<meta name=\"robots\" content=\"index, follow, max-snippet:-1, max-image-preview:large, max-video-preview:-1\" \/>\n<link rel=\"canonical\" href=\"https:\/\/www.pressenza.com\/es\/2012\/02\/represion-a-los-indigeneas-por-parte-del-gobierno-de-panama\/\" \/>\n<meta property=\"og:locale\" content=\"es_ES\" \/>\n<meta property=\"og:type\" content=\"article\" \/>\n<meta property=\"og:title\" content=\"Represi\u00f3n a los ind\u00edgeneas por parte del gobierno de Panam\u00e1\" \/>\n<meta property=\"og:description\" content=\"Seg\u00fan informaciones recibidas de la Mesa Nacional Ind\u00edgena las fuerzas de seguridad de Panam\u00e1, buscando disolver los cierres de carretera cerca de la frontera con Costa Rica, reprimieron violentamente a ind\u00edgenas en varios puntos de las provincias de Chiriqu\u00ed, Veraguas, y Bocas del Toro. Resultaron heridos y detenidos un grupo de ind\u00edgenas.\" \/>\n<meta property=\"og:url\" content=\"https:\/\/www.pressenza.com\/es\/2012\/02\/represion-a-los-indigeneas-por-parte-del-gobierno-de-panama\/\" \/>\n<meta property=\"og:site_name\" content=\"Pressenza\" \/>\n<meta property=\"article:publisher\" content=\"https:\/\/www.facebook.com\/PressenzaItalia\" \/>\n<meta property=\"article:author\" content=\"https:\/\/www.facebook.com\/pressenza\" \/>\n<meta property=\"article:published_time\" content=\"2012-02-04T00:00:00+00:00\" \/>\n<meta property=\"article:modified_time\" content=\"2012-02-08T04:29:21+00:00\" \/>\n<meta name=\"author\" content=\"Pressenza IPA\" \/>\n<meta name=\"twitter:card\" content=\"summary_large_image\" \/>\n<meta name=\"twitter:creator\" content=\"@PressenzaIPA\" \/>\n<meta name=\"twitter:site\" content=\"@PressenzaIPA\" \/>\n<meta name=\"twitter:label1\" content=\"Escrito por\" \/>\n\t<meta name=\"twitter:data1\" content=\"Pressenza IPA\" \/>\n\t<meta name=\"twitter:label2\" content=\"Tiempo de lectura\" \/>\n\t<meta name=\"twitter:data2\" content=\"3 minutos\" \/>\n<script type=\"application\/ld+json\" class=\"yoast-schema-graph\">{\"@context\":\"https:\/\/schema.org\",\"@graph\":[{\"@type\":\"Article\",\"@id\":\"https:\/\/www.pressenza.com\/es\/2012\/02\/represion-a-los-indigeneas-por-parte-del-gobierno-de-panama\/#article\",\"isPartOf\":{\"@id\":\"https:\/\/www.pressenza.com\/es\/2012\/02\/represion-a-los-indigeneas-por-parte-del-gobierno-de-panama\/\"},\"author\":{\"name\":\"Pressenza IPA\",\"@id\":\"https:\/\/www.pressenza.com\/es\/#\/schema\/person\/010e5d02bcf40965427a1289a4cc8d75\"},\"headline\":\"Represi\u00f3n a los ind\u00edgeneas por parte del gobierno de Panam\u00e1\",\"datePublished\":\"2012-02-04T00:00:00+00:00\",\"dateModified\":\"2012-02-08T04:29:21+00:00\",\"mainEntityOfPage\":{\"@id\":\"https:\/\/www.pressenza.com\/es\/2012\/02\/represion-a-los-indigeneas-por-parte-del-gobierno-de-panama\/\"},\"wordCount\":670,\"publisher\":{\"@id\":\"https:\/\/www.pressenza.com\/es\/#organization\"},\"articleSection\":[\"Am\u00e9rica Central\",\"Pueblos Originarios\"],\"inLanguage\":\"es\"},{\"@type\":\"WebPage\",\"@id\":\"https:\/\/www.pressenza.com\/es\/2012\/02\/represion-a-los-indigeneas-por-parte-del-gobierno-de-panama\/\",\"url\":\"https:\/\/www.pressenza.com\/es\/2012\/02\/represion-a-los-indigeneas-por-parte-del-gobierno-de-panama\/\",\"name\":\"Represi\u00f3n a los ind\u00edgeneas por parte del gobierno de Panam\u00e1\",\"isPartOf\":{\"@id\":\"https:\/\/www.pressenza.com\/es\/#website\"},\"datePublished\":\"2012-02-04T00:00:00+00:00\",\"dateModified\":\"2012-02-08T04:29:21+00:00\",\"description\":\"Seg\u00fan informaciones recibidas de la Mesa Nacional Ind\u00edgena las fuerzas de seguridad de Panam\u00e1, buscando disolver los cierres de carretera cerca de la frontera con Costa Rica, reprimieron violentamente a ind\u00edgenas en varios puntos de las provincias de Chiriqu\u00ed, Veraguas, y Bocas del Toro. Resultaron heridos y detenidos un grupo de ind\u00edgenas.\",\"breadcrumb\":{\"@id\":\"https:\/\/www.pressenza.com\/es\/2012\/02\/represion-a-los-indigeneas-por-parte-del-gobierno-de-panama\/#breadcrumb\"},\"inLanguage\":\"es\",\"potentialAction\":[{\"@type\":\"ReadAction\",\"target\":[\"https:\/\/www.pressenza.com\/es\/2012\/02\/represion-a-los-indigeneas-por-parte-del-gobierno-de-panama\/\"]}]},{\"@type\":\"BreadcrumbList\",\"@id\":\"https:\/\/www.pressenza.com\/es\/2012\/02\/represion-a-los-indigeneas-por-parte-del-gobierno-de-panama\/#breadcrumb\",\"itemListElement\":[{\"@type\":\"ListItem\",\"position\":1,\"name\":\"Accueil\",\"item\":\"https:\/\/www.pressenza.com\/es\/\"},{\"@type\":\"ListItem\",\"position\":2,\"name\":\"Represi\u00f3n a los ind\u00edgeneas por parte del gobierno de Panam\u00e1\"}]},{\"@type\":\"WebSite\",\"@id\":\"https:\/\/www.pressenza.com\/es\/#website\",\"url\":\"https:\/\/www.pressenza.com\/es\/\",\"name\":\"Pressenza\",\"description\":\"International Press Agency\",\"publisher\":{\"@id\":\"https:\/\/www.pressenza.com\/es\/#organization\"},\"potentialAction\":[{\"@type\":\"SearchAction\",\"target\":{\"@type\":\"EntryPoint\",\"urlTemplate\":\"https:\/\/www.pressenza.com\/es\/?s={search_term_string}\"},\"query-input\":{\"@type\":\"PropertyValueSpecification\",\"valueRequired\":true,\"valueName\":\"search_term_string\"}}],\"inLanguage\":\"es\"},{\"@type\":\"Organization\",\"@id\":\"https:\/\/www.pressenza.com\/es\/#organization\",\"name\":\"Pressenza\",\"url\":\"https:\/\/www.pressenza.com\/es\/\",\"logo\":{\"@type\":\"ImageObject\",\"inLanguage\":\"es\",\"@id\":\"https:\/\/www.pressenza.com\/es\/#\/schema\/logo\/image\/\",\"url\":\"https:\/\/www.pressenza.com\/wp-content\/uploads\/2022\/10\/pressenza_logo_200x200.jpg\",\"contentUrl\":\"https:\/\/www.pressenza.com\/wp-content\/uploads\/2022\/10\/pressenza_logo_200x200.jpg\",\"width\":200,\"height\":200,\"caption\":\"Pressenza\"},\"image\":{\"@id\":\"https:\/\/www.pressenza.com\/es\/#\/schema\/logo\/image\/\"},\"sameAs\":[\"https:\/\/www.facebook.com\/PressenzaItalia\",\"https:\/\/x.com\/PressenzaIPA\"]},{\"@type\":\"Person\",\"@id\":\"https:\/\/www.pressenza.com\/es\/#\/schema\/person\/010e5d02bcf40965427a1289a4cc8d75\",\"name\":\"Pressenza IPA\",\"description\":\"News from Pressenza IPA correspondents\",\"sameAs\":[\"https:\/\/www.facebook.com\/pressenza\",\"https:\/\/x.com\/PressenzaIPA\"],\"url\":\"https:\/\/www.pressenza.com\/es\/author\/pressenza-ipa\/\"}]}<\/script>\n<!-- \/ Yoast SEO plugin. -->","yoast_head_json":{"title":"Represi\u00f3n a los ind\u00edgeneas por parte del gobierno de Panam\u00e1","description":"Seg\u00fan informaciones recibidas de la Mesa Nacional Ind\u00edgena las fuerzas de seguridad de Panam\u00e1, buscando disolver los cierres de carretera cerca de la frontera con Costa Rica, reprimieron violentamente a ind\u00edgenas en varios puntos de las provincias de Chiriqu\u00ed, Veraguas, y Bocas del Toro. Resultaron heridos y detenidos un grupo de ind\u00edgenas.","robots":{"index":"index","follow":"follow","max-snippet":"max-snippet:-1","max-image-preview":"max-image-preview:large","max-video-preview":"max-video-preview:-1"},"canonical":"https:\/\/www.pressenza.com\/es\/2012\/02\/represion-a-los-indigeneas-por-parte-del-gobierno-de-panama\/","og_locale":"es_ES","og_type":"article","og_title":"Represi\u00f3n a los ind\u00edgeneas por parte del gobierno de Panam\u00e1","og_description":"Seg\u00fan informaciones recibidas de la Mesa Nacional Ind\u00edgena las fuerzas de seguridad de Panam\u00e1, buscando disolver los cierres de carretera cerca de la frontera con Costa Rica, reprimieron violentamente a ind\u00edgenas en varios puntos de las provincias de Chiriqu\u00ed, Veraguas, y Bocas del Toro. Resultaron heridos y detenidos un grupo de ind\u00edgenas.","og_url":"https:\/\/www.pressenza.com\/es\/2012\/02\/represion-a-los-indigeneas-por-parte-del-gobierno-de-panama\/","og_site_name":"Pressenza","article_publisher":"https:\/\/www.facebook.com\/PressenzaItalia","article_author":"https:\/\/www.facebook.com\/pressenza","article_published_time":"2012-02-04T00:00:00+00:00","article_modified_time":"2012-02-08T04:29:21+00:00","author":"Pressenza IPA","twitter_card":"summary_large_image","twitter_creator":"@PressenzaIPA","twitter_site":"@PressenzaIPA","twitter_misc":{"Escrito por":"Pressenza IPA","Tiempo de lectura":"3 minutos"},"schema":{"@context":"https:\/\/schema.org","@graph":[{"@type":"Article","@id":"https:\/\/www.pressenza.com\/es\/2012\/02\/represion-a-los-indigeneas-por-parte-del-gobierno-de-panama\/#article","isPartOf":{"@id":"https:\/\/www.pressenza.com\/es\/2012\/02\/represion-a-los-indigeneas-por-parte-del-gobierno-de-panama\/"},"author":{"name":"Pressenza IPA","@id":"https:\/\/www.pressenza.com\/es\/#\/schema\/person\/010e5d02bcf40965427a1289a4cc8d75"},"headline":"Represi\u00f3n a los ind\u00edgeneas por parte del gobierno de Panam\u00e1","datePublished":"2012-02-04T00:00:00+00:00","dateModified":"2012-02-08T04:29:21+00:00","mainEntityOfPage":{"@id":"https:\/\/www.pressenza.com\/es\/2012\/02\/represion-a-los-indigeneas-por-parte-del-gobierno-de-panama\/"},"wordCount":670,"publisher":{"@id":"https:\/\/www.pressenza.com\/es\/#organization"},"articleSection":["Am\u00e9rica Central","Pueblos Originarios"],"inLanguage":"es"},{"@type":"WebPage","@id":"https:\/\/www.pressenza.com\/es\/2012\/02\/represion-a-los-indigeneas-por-parte-del-gobierno-de-panama\/","url":"https:\/\/www.pressenza.com\/es\/2012\/02\/represion-a-los-indigeneas-por-parte-del-gobierno-de-panama\/","name":"Represi\u00f3n a los ind\u00edgeneas por parte del gobierno de Panam\u00e1","isPartOf":{"@id":"https:\/\/www.pressenza.com\/es\/#website"},"datePublished":"2012-02-04T00:00:00+00:00","dateModified":"2012-02-08T04:29:21+00:00","description":"Seg\u00fan informaciones recibidas de la Mesa Nacional Ind\u00edgena las fuerzas de seguridad de Panam\u00e1, buscando disolver los cierres de carretera cerca de la frontera con Costa Rica, reprimieron violentamente a ind\u00edgenas en varios puntos de las provincias de Chiriqu\u00ed, Veraguas, y Bocas del Toro. Resultaron heridos y detenidos un grupo de ind\u00edgenas.","breadcrumb":{"@id":"https:\/\/www.pressenza.com\/es\/2012\/02\/represion-a-los-indigeneas-por-parte-del-gobierno-de-panama\/#breadcrumb"},"inLanguage":"es","potentialAction":[{"@type":"ReadAction","target":["https:\/\/www.pressenza.com\/es\/2012\/02\/represion-a-los-indigeneas-por-parte-del-gobierno-de-panama\/"]}]},{"@type":"BreadcrumbList","@id":"https:\/\/www.pressenza.com\/es\/2012\/02\/represion-a-los-indigeneas-por-parte-del-gobierno-de-panama\/#breadcrumb","itemListElement":[{"@type":"ListItem","position":1,"name":"Accueil","item":"https:\/\/www.pressenza.com\/es\/"},{"@type":"ListItem","position":2,"name":"Represi\u00f3n a los ind\u00edgeneas por parte del gobierno de Panam\u00e1"}]},{"@type":"WebSite","@id":"https:\/\/www.pressenza.com\/es\/#website","url":"https:\/\/www.pressenza.com\/es\/","name":"Pressenza","description":"International Press Agency","publisher":{"@id":"https:\/\/www.pressenza.com\/es\/#organization"},"potentialAction":[{"@type":"SearchAction","target":{"@type":"EntryPoint","urlTemplate":"https:\/\/www.pressenza.com\/es\/?s={search_term_string}"},"query-input":{"@type":"PropertyValueSpecification","valueRequired":true,"valueName":"search_term_string"}}],"inLanguage":"es"},{"@type":"Organization","@id":"https:\/\/www.pressenza.com\/es\/#organization","name":"Pressenza","url":"https:\/\/www.pressenza.com\/es\/","logo":{"@type":"ImageObject","inLanguage":"es","@id":"https:\/\/www.pressenza.com\/es\/#\/schema\/logo\/image\/","url":"https:\/\/www.pressenza.com\/wp-content\/uploads\/2022\/10\/pressenza_logo_200x200.jpg","contentUrl":"https:\/\/www.pressenza.com\/wp-content\/uploads\/2022\/10\/pressenza_logo_200x200.jpg","width":200,"height":200,"caption":"Pressenza"},"image":{"@id":"https:\/\/www.pressenza.com\/es\/#\/schema\/logo\/image\/"},"sameAs":["https:\/\/www.facebook.com\/PressenzaItalia","https:\/\/x.com\/PressenzaIPA"]},{"@type":"Person","@id":"https:\/\/www.pressenza.com\/es\/#\/schema\/person\/010e5d02bcf40965427a1289a4cc8d75","name":"Pressenza IPA","description":"News from Pressenza IPA correspondents","sameAs":["https:\/\/www.facebook.com\/pressenza","https:\/\/x.com\/PressenzaIPA"],"url":"https:\/\/www.pressenza.com\/es\/author\/pressenza-ipa\/"}]}},"place":"Ciudad de Panam\u00e1","original_article_url":"","_links":{"self":[{"href":"https:\/\/www.pressenza.com\/es\/wp-json\/wp\/v2\/posts\/8149","targetHints":{"allow":["GET"]}}],"collection":[{"href":"https:\/\/www.pressenza.com\/es\/wp-json\/wp\/v2\/posts"}],"about":[{"href":"https:\/\/www.pressenza.com\/es\/wp-json\/wp\/v2\/types\/post"}],"author":[{"embeddable":true,"href":"https:\/\/www.pressenza.com\/es\/wp-json\/wp\/v2\/users\/19"}],"replies":[{"embeddable":true,"href":"https:\/\/www.pressenza.com\/es\/wp-json\/wp\/v2\/comments?post=8149"}],"version-history":[{"count":0,"href":"https:\/\/www.pressenza.com\/es\/wp-json\/wp\/v2\/posts\/8149\/revisions"}],"wp:attachment":[{"href":"https:\/\/www.pressenza.com\/es\/wp-json\/wp\/v2\/media?parent=8149"}],"wp:term":[{"taxonomy":"category","embeddable":true,"href":"https:\/\/www.pressenza.com\/es\/wp-json\/wp\/v2\/categories?post=8149"},{"taxonomy":"post_tag","embeddable":true,"href":"https:\/\/www.pressenza.com\/es\/wp-json\/wp\/v2\/tags?post=8149"}],"curies":[{"name":"wp","href":"https:\/\/api.w.org\/{rel}","templated":true}]}}