{"id":814535,"date":"2019-03-01T13:26:21","date_gmt":"2019-03-01T13:26:21","guid":{"rendered":"https:\/\/www.pressenza.com\/?p=814535"},"modified":"2019-03-02T21:16:09","modified_gmt":"2019-03-02T21:16:09","slug":"como-el-estado-tucumano-torturo-a-una-nina-violada","status":"publish","type":"post","link":"https:\/\/www.pressenza.com\/es\/2019\/03\/como-el-estado-tucumano-torturo-a-una-nina-violada\/","title":{"rendered":"C\u00f3mo el Estado tucumano tortur\u00f3 a una ni\u00f1a violada"},"content":{"rendered":"<p><em>Desde 1921 la ley argentina establece que el aborto es permitido (no es punible) en dos casos: si la vida de la mujer est\u00e1 en peligro y cuando el embarazo resulta de una violaci\u00f3n. <strong>Casi 100 a\u00f1os despu\u00e9s<\/strong>, a una ni\u00f1a tucumana de 11 a\u00f1os violada por el esposo de su abuela, le fue negado ese derecho. Violaron e instigaron a violar la ley \u2013una vez m\u00e1s\u2013 el gobierno tucumano y la jerarqu\u00eda cat\u00f3lica. El caso fue reflejado por medios de todo el pa\u00eds y del mundo. En la nota que sigue, los doctores que \u2013contra el miedo y el corporativismo\u2013 asistieron a la ni\u00f1a, cuentan exhaustivamente lo que pas\u00f3. Agradecemos su coherencia y su ejemplo.<\/em><\/p>\n<p><em>Por<strong> lavaca<\/strong><\/em><\/p>\n<p><strong>(Desde San Miguel de Tucum\u00e1n) lavaca convers\u00f3 con los dos m\u00e9dicos que realizaron el procedimiento que las autoridades sanitarias eludieron durante casi un mes. Los detalles son reveladores de una pr\u00e1ctica perversa: cu\u00e1l es el costo que deben soportar los profesionales que cumplen con la ley, y c\u00f3mo sufren las v\u00edctimas.<\/strong><\/p>\n<p>A las siete de la tarde del martes 26 de febrero son\u00f3 el tel\u00e9fono en el consultorio privado del doctor Jos\u00e9 Gijena, tocoginec\u00f3logo de 47 a\u00f1os, director de la Obra Social de Prensa de Tucum\u00e1n.<\/p>\n<p>Atendi\u00f3 su secretaria.<\/p>\n<p>Era una amenaza.<\/p>\n<p><strong>\u2013\u00bfQu\u00e9 le dijeron?<\/strong><\/p>\n<p>\u2013Que iba a pagar caro lo que estaba por hacer: me iban a esperar en el Hospital Eva Per\u00f3n. No entend\u00ed de qu\u00e9 hablaban.<\/p>\n<p>Cortaron.<\/p>\n<p>Dos horas despu\u00e9s volvi\u00f3 a sonar el tel\u00e9fono.<\/p>\n<p>Esta vez era el viceministro de Salud, Gustavo Vigliocco.<\/p>\n<p>\u2013Me comunic\u00f3 que, despu\u00e9s de reunirse con el gobernador (Juan) Manzur y la jueza, hab\u00edan decidido llevar adelante el consentimiento de la ILE \u00a0<em>(Interrupci\u00f3n Legal del Embarazo)<\/em> y me pregunt\u00f3 si pod\u00eda hacer el procedimiento. Le dije que no hab\u00eda problema, pero que iba a evaluar a la ni\u00f1a y con total libertad decidir, desde lo t\u00e9cnico y lo m\u00e9dico, qu\u00e9 hacer de acuerdo a los lineamientos de la Organizaci\u00f3n Mundial de la Salud (OMS) y todas las normas m\u00e9dico legales que existen. Y como ah\u00ed entend\u00ed que la amenaza se hab\u00eda adelantado por dos horas a los hechos, tambi\u00e9n solicit\u00e9 que me facilitaran el ingreso al hospital y las condiciones de seguridad necesarias para realizar la pr\u00e1ctica.<\/p>\n<p>A los cinco minutos lo llamaron con otra noticia:<\/p>\n<p>\u2013No hay anestesista: se declar\u00f3 objetor de conciencia.<\/p>\n<h4>La tortura como sistema<\/h4>\n<p>El doctor Gijena habl\u00f3 con el presidente de la Asociaci\u00f3n de Anestesi\u00f3logos para solicitar un profesional dispuesto a cumplir con la ILE. \u201cLo hicimos por esa v\u00eda para sentar un precedente y que podamos hacer cualquier intervenci\u00f3n sin que nos obliguen a improvisar\u201d.<\/p>\n<p>Al hospital el doctor Gijena lleg\u00f3 acompa\u00f1ado de su esposa, la tocoginec\u00f3loga Cecilia Ousset, una de las expositoras en el Senado a favor de la Interrupci\u00f3n Voluntaria del Embarazo (IVE). Ella es objetora de conciencia, y durante la discusi\u00f3n se volvi\u00f3 viral una carta que public\u00f3 en redes sociales en las que relataba c\u00f3mo deb\u00eda atender semanalmente a mujeres pobres por complicaciones de abortos. Ambos entraron al Eva Per\u00f3n escondidos, por una puerta que habitualmente no se utiliza.<\/p>\n<p>Internada desde hace un mes all\u00ed, los esperaba la ni\u00f1a de 11 a\u00f1os que lleg\u00f3 con el pedido de una Interrupci\u00f3n Legal del Embarazo (ILE) luego de denunciar que hab\u00eda sido violada por la pareja de su abuela en el paraje Siete de Abril, al noreste de la provincia, a un 1 km de la frontera con Santiago del Estero. La ni\u00f1a tuvo intentos de suicidio, pero no cont\u00f3 con asistencia psicol\u00f3gica y reci\u00e9n el\u00a0martes el Sistema Provincial de Salud (Siprosa) inform\u00f3 que cumplir\u00eda con la ley y pondr\u00eda en marcha las garant\u00edas de la ILE, luego de la intervenci\u00f3n de la jueza de Familia de 5ta Nominaci\u00f3n, Valeria Brand.<\/p>\n<p><strong>\u2013\u00bfQu\u00e9 vieron cuando la vieron por primera vez?<\/strong><\/p>\n<p>\u2013Una ni\u00f1a de 11 a\u00f1os sentada en una cama, jugando con unos juguetitos de pl\u00e1stico. Nos ve y se asusta. Le dice a la mam\u00e1: \u201cNo me dejes\u201d. Era claro que ve\u00eda a un m\u00e9dico y se aterraba.<\/p>\n<p><strong>\u2013\u00bfQu\u00e9 evaluaron?<\/strong><\/p>\n<p>\u2013Que por su contextura f\u00edsica infantil era imposible que pudi\u00e9ramos hacer una ILE por v\u00eda vaginal. Primero, por su anatom\u00eda: su cuerpo no iba a permitir la expulsi\u00f3n por v\u00eda vaginal de un feto de 23 semanas. Y, por otro, el da\u00f1o psicol\u00f3gico que le podr\u00edamos seguir ocasionando a esa ni\u00f1a: era someterla a una nueva tortura. \u00bfPor qu\u00e9? Porque un procedimiento de esas caracter\u00edsticas, por v\u00eda medicantosa, puede demorar 72 horas. Es decir, 72 horas m\u00e1s de tortura, con una presi\u00f3n medi\u00e1tica creciente e inmersa en un entorno absolutamente hostil. Entonces propusimos la ces\u00e1rea.<\/p>\n<p><strong>\u2013Si la ILE se hubiera practicado cuando la ni\u00f1a lo solicit\u00f3 apenas lleg\u00f3, \u00bfel proceso tambi\u00e9n hubiera sido as\u00ed?<\/strong><\/p>\n<p>\u2013No. Hubiera sido por v\u00eda vaginal, porque ten\u00e9s el tiempo para una paciente en condiciones, das anelgesia, explic\u00e1s. 16 semanas de gestaci\u00f3n es otra cosa, el tama\u00f1o del feto es distinto.<\/p>\n<p><strong>\u2013\u00bfPor qu\u00e9 se lleg\u00f3 a esto?<\/strong><\/p>\n<p>\u2013Alargaron el tiempo para que se alargue la gestaci\u00f3n. Eso han querido. Y si lo tuvieron que hacer anoche, fue por la presi\u00f3n de los organismos de derechos humanos.<\/p>\n<p>El doctor Gijena le explic\u00f3 a la ni\u00f1a y a su madre lo que iba a hacer. Aceptaron. Tambi\u00e9n estaban presentes la jefa de servicio y el psiquiatra, que no era especializado en infancias. Ousset: \u201cLe tom\u00e9 la mano y le dije que no se preocupara, que iba a estar todo bien. Le pregunt\u00e9 si quer\u00eda escuchar m\u00fasica. Me pidi\u00f3 que pusiera m\u00fasica de la asamblea cristiana\u201d.<\/p>\n<p>Cuando llegaron al quir\u00f3fano los esperaba otra sorpresa. \u201cEn ese preciso momento se declararon objetores de conciencia los enfermeros y los instrumentadores. Qued\u00e9 solo\u201d.<\/p>\n<h4>Los objetores que filman<\/h4>\n<p>La doctora Ousset, objetora de conciencia, tom\u00f3 una decisi\u00f3n: se puso \u2013literalmente\u2013 los guantes. \u201cMe vi obligada. No pod\u00edamos dar marcha atr\u00e1s. La tortura iba a ser mucho peor. Prefer\u00eda despu\u00e9s sentirme mal yo, que seguir torturando a esa chiquita. Imaginate: tuvimos que hacerle anestesia raqu\u00eddea para poder sacarle la ropa interior. En ese nivel de espanto estaba ella: se aferraba a su bombacha. No pod\u00edamos ni acercarnos\u201d.<\/p>\n<p>El doctor Gijena remarca otro detalle: la ni\u00f1a ten\u00eda una presi\u00f3n arterial de 170 a 120. \u201cSufr\u00eda una preeclampsia, lo cual es potencialmente muy grave porque puede quedar con secuelas si se llega a una eclapsia, un proceso patol\u00f3gico que genera convulsiones. Una ni\u00f1a de 11 a\u00f1os embarazada tiene cuatro veces mayor posibilidad de morir que una ni\u00f1a que supera los 15 a\u00f1os. Est\u00e1bamos hablando de eso. No de otra cosa. Estaba en riesgo la vida de esa ni\u00f1ita. Estoy absolutamente convencido de lo que hice. Y lo volver\u00eda a hacer. La idea no era matar a nadie, sino respetar el Derecho. Y hasta donde s\u00e9, el reci\u00e9n nacido estaba con vida pero muy cr\u00edtico, con prematurez extrema: pesaba menos de medio kilo\u201d.<\/p>\n<p>A las 0:05 comenz\u00f3 la cirug\u00eda. Dur\u00f3 aproximadamente una hora.<\/p>\n<p>Un detalle: \u201cTuvimos que tapar el quir\u00f3fano con s\u00e1banas porque del otro lado del vidrio vimos que filmaban. Era morboso: todos objetores, ninguno entraba, pero te filmaban. Despu\u00e9s uno se pregunta c\u00f3mo es que hacen los antiderecho para saber antes que nosotros las cosas. Claro, ellos siempre tienen la primicia: est\u00e1n en el gobierno\u201d.<\/p>\n<p><strong>\u2013\u00bfQu\u00e9 lectura debemos hacer de todo este procedimiento salvaje?<\/strong><\/p>\n<p>\u2013Todo se desarrolla en un contexto en el que la provincia se declara \u201cPro Vida\u201d durante el debate en el Congreso. Una provincia que impide la Educaci\u00f3n Sexual Integral (ESI), que no adhiere a la Ley de Salud Sexual y Reproductiva. Todo bajo un cartel muy lindo desde lo enunciativo, que es: \u201cSalvemos las dos vidas\u201d. \u00bfPero de qu\u00e9 dos vidas estamos hablando? \u00bfCu\u00e1ntas vas a salvar? Pareciera que detr\u00e1s de ese cartel hay otro que dijera: \u201cSalvemos las dos vidas\u2026 o ninguna\u201d.<\/p>\n<p><strong>\u2013\u00bfPudieron hablar con la ni\u00f1a luego de la intervenci\u00f3n?<\/strong><\/p>\n<p>\u2013Se recuper\u00f3 de forma satisfactoria. Tuvo plena lucidez. Nos dijo gracias. Y sonri\u00f3 por primera vez en todas estas semanas de tortura.<\/p>\n<h4>La hipocres\u00eda estatal<\/h4>\n<p>El doctor Gijena subraya que acudieron a \u00e9l porque no hab\u00eda nadie m\u00e1s que quisiera hacerlo. Gijena: \u201cMuy frecuente en el \u00e1mbito m\u00e9dico: diversas ILE se realizan en instituciones privadas, y te puedo asegurar que no hay ning\u00fan pa\u00f1uelo celeste en la puerta reclamando el derecho de ning\u00fan feto. Semanalmente me encuentro con 2 o 3 que ingresan en la Obra Social. Y en nuestro consultorio privado, tenemos 4 o 5 mujeres que se van a controlar post abortos. Los realizan en otros lugares y vienen aqu\u00ed por control. Esto es una epidemia. Es tapar el sol con la mano. No deber\u00eda haber ninguna posibilidad de que si esta ley se vuelve a discutir, se vote en contra\u201d.<\/p>\n<p>La doctora Ousset resume en una palabra ese diagn\u00f3stico. \u201cEs hipocres\u00eda: eso es lo que pasa. Si ese cuerpo gestante es pobre, el Estado es due\u00f1o de ese cuerpo y puede decidir sobre \u00e9l. Es muy grave, es muy humillante y es violatorio de todos los derechos humanos. No me entra el dolor. Y es un mensaje claro: \u00b4Te pasa por ser pobre, por no tener ning\u00fan tipo de recurso, ni educaci\u00f3n ni Internet ni nada. Es la pobreza absoluta. Y que una fiscal especializada en homicidios (Adriana Giannoni) haya actuado de oficio pidiendo un defensor para el feto, es rid\u00edculo. Es, literalmente, <em>El cuento de la criada<\/em>. Si ten\u00e9s plata, decid\u00eds. Si no, no\u201d.<\/p>\n<h4>El costo de cumplir la ley<\/h4>\n<p>Los tel\u00e9fonos del matrimonio estallan en pedidos de entrevistas. Tambi\u00e9n las redes sociales.<\/p>\n<p><strong>\u2013\u00bfC\u00f3mo les impacta esto?<\/strong><\/p>\n<p>\u2013Hace un tiempo largo que venimos con esto. Tuvimos que cambiar a nuestros cuatro chicos de colegio. Al que pasaba de 5to a\u00f1o a 6to grado no le permitieron la inscripci\u00f3n para el 2019. Con solo 11 a\u00f1os \u00e9l tuvo la valent\u00eda de cuestionar a la due\u00f1a del colegio. Es una instituci\u00f3n que en las paredes del comedor tiene im\u00e1genes dibujadas, por los propios ni\u00f1os, de mam\u00e1s tirando beb\u00e9s a la basura o de mujeres embarazadas apunt\u00e1ndose con cuchillos en la panza con esv\u00e1sticas nazis. Los hac\u00edan rezar diariamente antes del ingreso. A mi otra hija le llamaron la atenci\u00f3n varias veces cuando iba con pa\u00f1uelo verde, mientras a otras compa\u00f1eras que iban con el pa\u00f1uelo celeste no le dec\u00edan nada. Dej\u00f3 el pa\u00f1uelo y se compr\u00f3 una pulsera verde. Tambi\u00e9n le llamaron la atenci\u00f3n. Prohibieron el\u00a0verde. Una locura. Hasta trajeron al doctor Abel Albino para que diera una charla, a una semana de haber dicho las barbaridades que dijo en el Senado. Organizaron kermesses para traerlo.<\/p>\n<p><strong>\u2013\u00bfY c\u00f3mo se reclama que cumpla la ley en un contexto asi?<\/strong><\/p>\n<p>\u2013Nosotros venimos poniendo el cuerpo. No hay que dar un paso atr\u00e1s. Hay que pelear por los derechos. Y, en ese camino, algunos rechazos nos vamos a ganar. Pero esto te muestra la importancia urgente de una ley de IVE: un servicio p\u00fablico regulado y controlado por el Estado, con personas de distintas \u00e1reas de la salud que reciban a la mujer que solicite la IVE, que se le explique, que se la contenga con un equipo y que si ella decide continuar, se lo haga. Pero de manera segura y en igualdad de condiciones sin partir del credo, del origen social, de su situaci\u00f3n econ\u00f3mica. \u00bfNo se salvar\u00edan m\u00e1s vidas as\u00ed? Mientras tanto, lo que vemos y a lo que estamos asistiendo ac\u00e1, es a una expulsi\u00f3n de un sistema perverso que tortura sistem\u00e1ticamente a ni\u00f1as violadas.<\/p>\n<div id=\"attachment_814537\" class=\"wp-caption alignnone\"><img loading=\"lazy\" decoding=\"async\" aria-describedby=\"caption-attachment-814537\" class=\"size-large wp-image-814537\" src=\"https:\/\/www.pressenza.com\/wp-content\/uploads\/2019\/03\/doctores-tucuma\u0301n-2-Nacho-Yuchark-720x480.jpg\" alt=\"\" width=\"720\" height=\"480\" srcset=\"https:\/\/www.pressenza.com\/wp-content\/uploads\/2019\/03\/doctores-tucuma\u0301n-2-Nacho-Yuchark-720x480.jpg 720w, https:\/\/www.pressenza.com\/wp-content\/uploads\/2019\/03\/doctores-tucuma\u0301n-2-Nacho-Yuchark-300x200.jpg 300w, https:\/\/www.pressenza.com\/wp-content\/uploads\/2019\/03\/doctores-tucuma\u0301n-2-Nacho-Yuchark-768x512.jpg 768w, https:\/\/www.pressenza.com\/wp-content\/uploads\/2019\/03\/doctores-tucuma\u0301n-2-Nacho-Yuchark.jpg 2048w\" sizes=\"auto, (max-width: 720px) 100vw, 720px\" \/><p id=\"caption-attachment-814537\" class=\"wp-caption-text\">Foto de Nacho Yuchark\/La vaca<\/p><\/div>\n","protected":false},"excerpt":{"rendered":"<p>Desde 1921 la ley argentina establece que el aborto es permitido (no es punible) en dos casos: si la vida de la mujer est\u00e1 en peligro y cuando el embarazo resulta de una violaci\u00f3n. Casi 100 a\u00f1os despu\u00e9s, a una&hellip;<\/p>\n","protected":false},"author":1254,"featured_media":814546,"comment_status":"closed","ping_status":"closed","sticky":false,"template":"","format":"standard","meta":{"footnotes":""},"categories":[155,54515,1239,67],"tags":[54360,5371,26,55779,44232,503,3408,55778,55780,27815,55782,14926,21270],"class_list":["post-814535","post","type-post","status-publish","format-standard","has-post-thumbnail","hentry","category-entrevistas","category-genero-y-feminismos","category-salud","category-sudamerica","tag-8m-es","tag-aborto","tag-argentina","tag-cecilia-ousset","tag-feminismos","tag-genero","tag-iglesia","tag-ile","tag-jose-gijena","tag-mujer","tag-siprosa","tag-tucuman","tag-violacion"],"yoast_head":"<!-- This site is optimized with the Yoast SEO plugin v27.1.1 - https:\/\/yoast.com\/product\/yoast-seo-wordpress\/ -->\n<title>C\u00f3mo el Estado tucumano tortur\u00f3 a una ni\u00f1a violada<\/title>\n<meta name=\"description\" content=\"Desde 1921 la ley argentina establece que el aborto es permitido (no es punible) en dos casos: si la vida de la mujer est\u00e1 en peligro y cuando el embarazo\" \/>\n<meta name=\"robots\" content=\"index, follow, max-snippet:-1, max-image-preview:large, max-video-preview:-1\" \/>\n<link rel=\"canonical\" href=\"https:\/\/www.pressenza.com\/es\/2019\/03\/como-el-estado-tucumano-torturo-a-una-nina-violada\/\" \/>\n<meta property=\"og:locale\" content=\"es_ES\" \/>\n<meta property=\"og:type\" content=\"article\" \/>\n<meta property=\"og:title\" content=\"C\u00f3mo el Estado tucumano tortur\u00f3 a una ni\u00f1a violada\" \/>\n<meta property=\"og:description\" content=\"Desde 1921 la ley argentina establece que el aborto es permitido (no es punible) en dos casos: si la vida de la mujer est\u00e1 en peligro y cuando el embarazo\" \/>\n<meta property=\"og:url\" content=\"https:\/\/www.pressenza.com\/es\/2019\/03\/como-el-estado-tucumano-torturo-a-una-nina-violada\/\" \/>\n<meta property=\"og:site_name\" content=\"Pressenza\" \/>\n<meta property=\"article:publisher\" content=\"https:\/\/www.facebook.com\/PressenzaItalia\" \/>\n<meta property=\"article:author\" content=\"https:\/\/www.facebook.com\/pressenza\" \/>\n<meta property=\"article:published_time\" content=\"2019-03-01T13:26:21+00:00\" \/>\n<meta property=\"article:modified_time\" content=\"2019-03-02T21:16:09+00:00\" \/>\n<meta property=\"og:image\" content=\"https:\/\/www.pressenza.com\/wp-content\/uploads\/2019\/03\/doctores-tucuma\u0301n-Nacho-Yuchark.jpg\" \/>\n\t<meta property=\"og:image:width\" content=\"1021\" \/>\n\t<meta property=\"og:image:height\" content=\"580\" \/>\n\t<meta property=\"og:image:type\" content=\"image\/jpeg\" \/>\n<meta name=\"author\" content=\"Redacci\u00f3n Mar del Plata\" \/>\n<meta name=\"twitter:card\" content=\"summary_large_image\" \/>\n<meta name=\"twitter:creator\" content=\"@Pressenza\" \/>\n<meta name=\"twitter:site\" content=\"@PressenzaIPA\" \/>\n<meta name=\"twitter:label1\" content=\"Escrito por\" \/>\n\t<meta name=\"twitter:data1\" content=\"Redacci\u00f3n Mar del Plata\" \/>\n\t<meta name=\"twitter:label2\" content=\"Tiempo de lectura\" \/>\n\t<meta name=\"twitter:data2\" content=\"10 minutos\" \/>\n<script type=\"application\/ld+json\" class=\"yoast-schema-graph\">{\"@context\":\"https:\/\/schema.org\",\"@graph\":[{\"@type\":\"Article\",\"@id\":\"https:\/\/www.pressenza.com\/es\/2019\/03\/como-el-estado-tucumano-torturo-a-una-nina-violada\/#article\",\"isPartOf\":{\"@id\":\"https:\/\/www.pressenza.com\/es\/2019\/03\/como-el-estado-tucumano-torturo-a-una-nina-violada\/\"},\"author\":{\"name\":\"Redacci\u00f3n Mar del Plata\",\"@id\":\"https:\/\/www.pressenza.com\/es\/#\/schema\/person\/738658b5125ecea661a8a0b96dba8b69\"},\"headline\":\"C\u00f3mo el Estado tucumano tortur\u00f3 a una ni\u00f1a violada\",\"datePublished\":\"2019-03-01T13:26:21+00:00\",\"dateModified\":\"2019-03-02T21:16:09+00:00\",\"mainEntityOfPage\":{\"@id\":\"https:\/\/www.pressenza.com\/es\/2019\/03\/como-el-estado-tucumano-torturo-a-una-nina-violada\/\"},\"wordCount\":2082,\"publisher\":{\"@id\":\"https:\/\/www.pressenza.com\/es\/#organization\"},\"image\":{\"@id\":\"https:\/\/www.pressenza.com\/es\/2019\/03\/como-el-estado-tucumano-torturo-a-una-nina-violada\/#primaryimage\"},\"thumbnailUrl\":\"https:\/\/www.pressenza.com\/wp-content\/uploads\/2019\/03\/doctores-tucuma\u0301n-Nacho-Yuchark.jpg\",\"keywords\":[\"8M\",\"aborto\",\"Argentina\",\"Cecilia Ousset\",\"feminismos\",\"G\u00e9nero\",\"Iglesia\",\"ILE\",\"Jos\u00e9 Gijena\",\"mujer\",\"Siprosa\",\"Tucum\u00e1n\",\"violaci\u00f3n\"],\"articleSection\":[\"Entrevistas\",\"G\u00e9nero y Feminismos\",\"Salud\",\"Sudam\u00e9rica\"],\"inLanguage\":\"es\"},{\"@type\":\"WebPage\",\"@id\":\"https:\/\/www.pressenza.com\/es\/2019\/03\/como-el-estado-tucumano-torturo-a-una-nina-violada\/\",\"url\":\"https:\/\/www.pressenza.com\/es\/2019\/03\/como-el-estado-tucumano-torturo-a-una-nina-violada\/\",\"name\":\"C\u00f3mo el Estado tucumano tortur\u00f3 a una ni\u00f1a violada\",\"isPartOf\":{\"@id\":\"https:\/\/www.pressenza.com\/es\/#website\"},\"primaryImageOfPage\":{\"@id\":\"https:\/\/www.pressenza.com\/es\/2019\/03\/como-el-estado-tucumano-torturo-a-una-nina-violada\/#primaryimage\"},\"image\":{\"@id\":\"https:\/\/www.pressenza.com\/es\/2019\/03\/como-el-estado-tucumano-torturo-a-una-nina-violada\/#primaryimage\"},\"thumbnailUrl\":\"https:\/\/www.pressenza.com\/wp-content\/uploads\/2019\/03\/doctores-tucuma\u0301n-Nacho-Yuchark.jpg\",\"datePublished\":\"2019-03-01T13:26:21+00:00\",\"dateModified\":\"2019-03-02T21:16:09+00:00\",\"description\":\"Desde 1921 la ley argentina establece que el aborto es permitido (no es punible) en dos casos: si la vida de la mujer est\u00e1 en peligro y cuando el embarazo\",\"breadcrumb\":{\"@id\":\"https:\/\/www.pressenza.com\/es\/2019\/03\/como-el-estado-tucumano-torturo-a-una-nina-violada\/#breadcrumb\"},\"inLanguage\":\"es\",\"potentialAction\":[{\"@type\":\"ReadAction\",\"target\":[\"https:\/\/www.pressenza.com\/es\/2019\/03\/como-el-estado-tucumano-torturo-a-una-nina-violada\/\"]}]},{\"@type\":\"ImageObject\",\"inLanguage\":\"es\",\"@id\":\"https:\/\/www.pressenza.com\/es\/2019\/03\/como-el-estado-tucumano-torturo-a-una-nina-violada\/#primaryimage\",\"url\":\"https:\/\/www.pressenza.com\/wp-content\/uploads\/2019\/03\/doctores-tucuma\u0301n-Nacho-Yuchark.jpg\",\"contentUrl\":\"https:\/\/www.pressenza.com\/wp-content\/uploads\/2019\/03\/doctores-tucuma\u0301n-Nacho-Yuchark.jpg\",\"width\":1021,\"height\":580},{\"@type\":\"BreadcrumbList\",\"@id\":\"https:\/\/www.pressenza.com\/es\/2019\/03\/como-el-estado-tucumano-torturo-a-una-nina-violada\/#breadcrumb\",\"itemListElement\":[{\"@type\":\"ListItem\",\"position\":1,\"name\":\"Accueil\",\"item\":\"https:\/\/www.pressenza.com\/es\/\"},{\"@type\":\"ListItem\",\"position\":2,\"name\":\"C\u00f3mo el Estado tucumano tortur\u00f3 a una ni\u00f1a violada\"}]},{\"@type\":\"WebSite\",\"@id\":\"https:\/\/www.pressenza.com\/es\/#website\",\"url\":\"https:\/\/www.pressenza.com\/es\/\",\"name\":\"Pressenza\",\"description\":\"International Press Agency\",\"publisher\":{\"@id\":\"https:\/\/www.pressenza.com\/es\/#organization\"},\"potentialAction\":[{\"@type\":\"SearchAction\",\"target\":{\"@type\":\"EntryPoint\",\"urlTemplate\":\"https:\/\/www.pressenza.com\/es\/?s={search_term_string}\"},\"query-input\":{\"@type\":\"PropertyValueSpecification\",\"valueRequired\":true,\"valueName\":\"search_term_string\"}}],\"inLanguage\":\"es\"},{\"@type\":\"Organization\",\"@id\":\"https:\/\/www.pressenza.com\/es\/#organization\",\"name\":\"Pressenza\",\"url\":\"https:\/\/www.pressenza.com\/es\/\",\"logo\":{\"@type\":\"ImageObject\",\"inLanguage\":\"es\",\"@id\":\"https:\/\/www.pressenza.com\/es\/#\/schema\/logo\/image\/\",\"url\":\"https:\/\/www.pressenza.com\/wp-content\/uploads\/2022\/10\/pressenza_logo_200x200.jpg\",\"contentUrl\":\"https:\/\/www.pressenza.com\/wp-content\/uploads\/2022\/10\/pressenza_logo_200x200.jpg\",\"width\":200,\"height\":200,\"caption\":\"Pressenza\"},\"image\":{\"@id\":\"https:\/\/www.pressenza.com\/es\/#\/schema\/logo\/image\/\"},\"sameAs\":[\"https:\/\/www.facebook.com\/PressenzaItalia\",\"https:\/\/x.com\/PressenzaIPA\"]},{\"@type\":\"Person\",\"@id\":\"https:\/\/www.pressenza.com\/es\/#\/schema\/person\/738658b5125ecea661a8a0b96dba8b69\",\"name\":\"Redacci\u00f3n Mar del Plata\",\"description\":\"News published by the Pressenza bureau in Mar Del Plata, Argentina\",\"sameAs\":[\"https:\/\/www.facebook.com\/pressenza\",\"https:\/\/x.com\/Pressenza\"],\"url\":\"https:\/\/www.pressenza.com\/es\/author\/redaccion-mar-del-plata\/\"}]}<\/script>\n<!-- \/ Yoast SEO plugin. -->","yoast_head_json":{"title":"C\u00f3mo el Estado tucumano tortur\u00f3 a una ni\u00f1a violada","description":"Desde 1921 la ley argentina establece que el aborto es permitido (no es punible) en dos casos: si la vida de la mujer est\u00e1 en peligro y cuando el embarazo","robots":{"index":"index","follow":"follow","max-snippet":"max-snippet:-1","max-image-preview":"max-image-preview:large","max-video-preview":"max-video-preview:-1"},"canonical":"https:\/\/www.pressenza.com\/es\/2019\/03\/como-el-estado-tucumano-torturo-a-una-nina-violada\/","og_locale":"es_ES","og_type":"article","og_title":"C\u00f3mo el Estado tucumano tortur\u00f3 a una ni\u00f1a violada","og_description":"Desde 1921 la ley argentina establece que el aborto es permitido (no es punible) en dos casos: si la vida de la mujer est\u00e1 en peligro y cuando el embarazo","og_url":"https:\/\/www.pressenza.com\/es\/2019\/03\/como-el-estado-tucumano-torturo-a-una-nina-violada\/","og_site_name":"Pressenza","article_publisher":"https:\/\/www.facebook.com\/PressenzaItalia","article_author":"https:\/\/www.facebook.com\/pressenza","article_published_time":"2019-03-01T13:26:21+00:00","article_modified_time":"2019-03-02T21:16:09+00:00","og_image":[{"width":1021,"height":580,"url":"https:\/\/www.pressenza.com\/wp-content\/uploads\/2019\/03\/doctores-tucuma\u0301n-Nacho-Yuchark.jpg","type":"image\/jpeg"}],"author":"Redacci\u00f3n Mar del Plata","twitter_card":"summary_large_image","twitter_creator":"@Pressenza","twitter_site":"@PressenzaIPA","twitter_misc":{"Escrito por":"Redacci\u00f3n Mar del Plata","Tiempo de lectura":"10 minutos"},"schema":{"@context":"https:\/\/schema.org","@graph":[{"@type":"Article","@id":"https:\/\/www.pressenza.com\/es\/2019\/03\/como-el-estado-tucumano-torturo-a-una-nina-violada\/#article","isPartOf":{"@id":"https:\/\/www.pressenza.com\/es\/2019\/03\/como-el-estado-tucumano-torturo-a-una-nina-violada\/"},"author":{"name":"Redacci\u00f3n Mar del Plata","@id":"https:\/\/www.pressenza.com\/es\/#\/schema\/person\/738658b5125ecea661a8a0b96dba8b69"},"headline":"C\u00f3mo el Estado tucumano tortur\u00f3 a una ni\u00f1a violada","datePublished":"2019-03-01T13:26:21+00:00","dateModified":"2019-03-02T21:16:09+00:00","mainEntityOfPage":{"@id":"https:\/\/www.pressenza.com\/es\/2019\/03\/como-el-estado-tucumano-torturo-a-una-nina-violada\/"},"wordCount":2082,"publisher":{"@id":"https:\/\/www.pressenza.com\/es\/#organization"},"image":{"@id":"https:\/\/www.pressenza.com\/es\/2019\/03\/como-el-estado-tucumano-torturo-a-una-nina-violada\/#primaryimage"},"thumbnailUrl":"https:\/\/www.pressenza.com\/wp-content\/uploads\/2019\/03\/doctores-tucuma\u0301n-Nacho-Yuchark.jpg","keywords":["8M","aborto","Argentina","Cecilia Ousset","feminismos","G\u00e9nero","Iglesia","ILE","Jos\u00e9 Gijena","mujer","Siprosa","Tucum\u00e1n","violaci\u00f3n"],"articleSection":["Entrevistas","G\u00e9nero y Feminismos","Salud","Sudam\u00e9rica"],"inLanguage":"es"},{"@type":"WebPage","@id":"https:\/\/www.pressenza.com\/es\/2019\/03\/como-el-estado-tucumano-torturo-a-una-nina-violada\/","url":"https:\/\/www.pressenza.com\/es\/2019\/03\/como-el-estado-tucumano-torturo-a-una-nina-violada\/","name":"C\u00f3mo el Estado tucumano tortur\u00f3 a una ni\u00f1a violada","isPartOf":{"@id":"https:\/\/www.pressenza.com\/es\/#website"},"primaryImageOfPage":{"@id":"https:\/\/www.pressenza.com\/es\/2019\/03\/como-el-estado-tucumano-torturo-a-una-nina-violada\/#primaryimage"},"image":{"@id":"https:\/\/www.pressenza.com\/es\/2019\/03\/como-el-estado-tucumano-torturo-a-una-nina-violada\/#primaryimage"},"thumbnailUrl":"https:\/\/www.pressenza.com\/wp-content\/uploads\/2019\/03\/doctores-tucuma\u0301n-Nacho-Yuchark.jpg","datePublished":"2019-03-01T13:26:21+00:00","dateModified":"2019-03-02T21:16:09+00:00","description":"Desde 1921 la ley argentina establece que el aborto es permitido (no es punible) en dos casos: si la vida de la mujer est\u00e1 en peligro y cuando el embarazo","breadcrumb":{"@id":"https:\/\/www.pressenza.com\/es\/2019\/03\/como-el-estado-tucumano-torturo-a-una-nina-violada\/#breadcrumb"},"inLanguage":"es","potentialAction":[{"@type":"ReadAction","target":["https:\/\/www.pressenza.com\/es\/2019\/03\/como-el-estado-tucumano-torturo-a-una-nina-violada\/"]}]},{"@type":"ImageObject","inLanguage":"es","@id":"https:\/\/www.pressenza.com\/es\/2019\/03\/como-el-estado-tucumano-torturo-a-una-nina-violada\/#primaryimage","url":"https:\/\/www.pressenza.com\/wp-content\/uploads\/2019\/03\/doctores-tucuma\u0301n-Nacho-Yuchark.jpg","contentUrl":"https:\/\/www.pressenza.com\/wp-content\/uploads\/2019\/03\/doctores-tucuma\u0301n-Nacho-Yuchark.jpg","width":1021,"height":580},{"@type":"BreadcrumbList","@id":"https:\/\/www.pressenza.com\/es\/2019\/03\/como-el-estado-tucumano-torturo-a-una-nina-violada\/#breadcrumb","itemListElement":[{"@type":"ListItem","position":1,"name":"Accueil","item":"https:\/\/www.pressenza.com\/es\/"},{"@type":"ListItem","position":2,"name":"C\u00f3mo el Estado tucumano tortur\u00f3 a una ni\u00f1a violada"}]},{"@type":"WebSite","@id":"https:\/\/www.pressenza.com\/es\/#website","url":"https:\/\/www.pressenza.com\/es\/","name":"Pressenza","description":"International Press Agency","publisher":{"@id":"https:\/\/www.pressenza.com\/es\/#organization"},"potentialAction":[{"@type":"SearchAction","target":{"@type":"EntryPoint","urlTemplate":"https:\/\/www.pressenza.com\/es\/?s={search_term_string}"},"query-input":{"@type":"PropertyValueSpecification","valueRequired":true,"valueName":"search_term_string"}}],"inLanguage":"es"},{"@type":"Organization","@id":"https:\/\/www.pressenza.com\/es\/#organization","name":"Pressenza","url":"https:\/\/www.pressenza.com\/es\/","logo":{"@type":"ImageObject","inLanguage":"es","@id":"https:\/\/www.pressenza.com\/es\/#\/schema\/logo\/image\/","url":"https:\/\/www.pressenza.com\/wp-content\/uploads\/2022\/10\/pressenza_logo_200x200.jpg","contentUrl":"https:\/\/www.pressenza.com\/wp-content\/uploads\/2022\/10\/pressenza_logo_200x200.jpg","width":200,"height":200,"caption":"Pressenza"},"image":{"@id":"https:\/\/www.pressenza.com\/es\/#\/schema\/logo\/image\/"},"sameAs":["https:\/\/www.facebook.com\/PressenzaItalia","https:\/\/x.com\/PressenzaIPA"]},{"@type":"Person","@id":"https:\/\/www.pressenza.com\/es\/#\/schema\/person\/738658b5125ecea661a8a0b96dba8b69","name":"Redacci\u00f3n Mar del Plata","description":"News published by the Pressenza bureau in Mar Del Plata, Argentina","sameAs":["https:\/\/www.facebook.com\/pressenza","https:\/\/x.com\/Pressenza"],"url":"https:\/\/www.pressenza.com\/es\/author\/redaccion-mar-del-plata\/"}]}},"place":"Mar del Plata, Argentina","original_article_url":"https:\/\/www.lavaca.org\/notas\/como-el-estado-tucumano-torturo-a-una-nina-violada\/","_links":{"self":[{"href":"https:\/\/www.pressenza.com\/es\/wp-json\/wp\/v2\/posts\/814535","targetHints":{"allow":["GET"]}}],"collection":[{"href":"https:\/\/www.pressenza.com\/es\/wp-json\/wp\/v2\/posts"}],"about":[{"href":"https:\/\/www.pressenza.com\/es\/wp-json\/wp\/v2\/types\/post"}],"author":[{"embeddable":true,"href":"https:\/\/www.pressenza.com\/es\/wp-json\/wp\/v2\/users\/1254"}],"replies":[{"embeddable":true,"href":"https:\/\/www.pressenza.com\/es\/wp-json\/wp\/v2\/comments?post=814535"}],"version-history":[{"count":0,"href":"https:\/\/www.pressenza.com\/es\/wp-json\/wp\/v2\/posts\/814535\/revisions"}],"wp:featuredmedia":[{"embeddable":true,"href":"https:\/\/www.pressenza.com\/es\/wp-json\/wp\/v2\/media\/814546"}],"wp:attachment":[{"href":"https:\/\/www.pressenza.com\/es\/wp-json\/wp\/v2\/media?parent=814535"}],"wp:term":[{"taxonomy":"category","embeddable":true,"href":"https:\/\/www.pressenza.com\/es\/wp-json\/wp\/v2\/categories?post=814535"},{"taxonomy":"post_tag","embeddable":true,"href":"https:\/\/www.pressenza.com\/es\/wp-json\/wp\/v2\/tags?post=814535"}],"curies":[{"name":"wp","href":"https:\/\/api.w.org\/{rel}","templated":true}]}}