{"id":814070,"date":"2019-02-28T01:58:56","date_gmt":"2019-02-28T01:58:56","guid":{"rendered":"https:\/\/www.pressenza.com\/?p=814070"},"modified":"2019-02-28T01:58:56","modified_gmt":"2019-02-28T01:58:56","slug":"rifkin-reduccion-del-tiempo-de-trabajo-y-salario-social-contra-el-desempleo","status":"publish","type":"post","link":"https:\/\/www.pressenza.com\/es\/2019\/02\/rifkin-reduccion-del-tiempo-de-trabajo-y-salario-social-contra-el-desempleo\/","title":{"rendered":"Rifkin: reducci\u00f3n del tiempo de trabajo y salario social contra el desempleo"},"content":{"rendered":"<p>Desde que, en 1995, el economista Jeremy Rifkin public\u00f3 el ensayo \u00abEl fin del trabajo\u00bb, han pasado 23 a\u00f1os.<\/p>\n<p>Si, en 1995, sus hallazgos y sus temores sobre el \u00abdeclive de la fuerza laboral mundial\u00bb se refer\u00edan a la tercera revoluci\u00f3n industrial y a los Estados Unidos, hoy, <strong><a href=\"https:\/\/www.pressenza.com\/it\/2019\/02\/istat-in-italia-si-lavora-sempre-meno-e-con-maggiore-precarieta\/\">el ISTAT, con su informe de 2018 sobre el \u00abmercado laboral\u00bb<\/a><\/strong>, confirma que este declive lleg\u00f3 a Italia.<\/p>\n<p>\u00ab<strong>Muchos ya no pueden encontrar un empleo<\/strong> <em>a tiempo completo y una seguridad a largo plazo del lugar de trabajo<\/em>\u00bb, escribi\u00f3, por ejemplo, hace 23 a\u00f1os. O nuevamente: \u00ab<strong>muchas empresas est\u00e1n reduciendo la fuerza laboral<\/strong> <em>ocupada permanentemente, reemplaz\u00e1ndola con trabajadores temporales<\/em>\u00bb, se \u00ab<em>apunta<\/em> <strong>hacia el empleo just-in-time<\/strong>: <em>las empresas usar\u00e1n cada vez m\u00e1s personas solo si es necesario<\/em>\u00bb, \u00ab <em>el trabajo temporal y la subcontrataci\u00f3n constituyen el n\u00facleo de la fuerza laboral contingente de estos d\u00edas: millones de estadounidenses pueden ser utilizados y arrojados sin previo aviso <\/em>[&#8230;]<em> su existencia tiene el prop\u00f3sito de comprimir los salarios de los empleados<\/em>\u00bb [1].<\/p>\n<p>Rifkin fue claro al se\u00f1alar la causa irreversible de la ca\u00edda en la demanda de trabajo: la automatizaci\u00f3n.<\/p>\n<p>Desde principios de los a\u00f1os setenta &#8211; escrib\u00eda &#8211; \u00ab<em>mientras<\/em> <strong>la automatizaci\u00f3n se extend\u00eda <\/strong><em>como un incendio por todo el pa\u00eds, sus efectos comenzaban a sentirse en los trabajadores y las empresas<\/em>\u00bb. En esencia, \u00abd<em>esde el punto de vista de los gerentes, el control num\u00e9rico <\/em>[automatizaci\u00f3n computarizada, Ed] <em>significaba poder aumentar la eficiencia y la productividad al mismo tiempo que reduce la necesidad de mano de obra en las f\u00e1bricas<\/em>\u00bb. \u00ab<em>El ej\u00e9rcito de reserva de la fuerza laboral a explotar prefigurado por Karl Marx se ha transformado en la<\/em> <strong>procesi\u00f3n de los espectros de \u00abhombres invisibles\u00bb de Ralph Ellison<\/strong>\u00bb [2].<\/p>\n<p>El mismo <strong><a href=\"https:\/\/es.wikipedia.org\/wiki\/Norbert_Wiener\">Norman Werner, padre de la cibern\u00e9tica<\/a><\/strong> &#8211; seg\u00fan c\u00f3mo lo report\u00f3 Rifkin en \u00abEl fin del trabajo\u00bb &#8211;<em> advirti\u00f3 a Walter Reuther, presidente del sindicato de la UAW, que la revoluci\u00f3n cibern\u00e9tica<\/em> \u00ab\u201dindudablemente llevar\u00e1 a f\u00e1bricas sin trabajadores\u201d\u00bb.<\/p>\n<p>Desde 1995, Jeremy Riftkin identific\u00f3 las dram\u00e1ticas consecuencias del aumento de la automatizaci\u00f3n (\u00ab<em>hab\u00eda hecho inofensiva<\/em>\u00bb la \u00fanica arma de los sindicatos: la huelga, y en consecuencia \u00ab<em>los trabajadores permanecieron sin una voz que apoyara firmemente sus intereses con los empresarios<\/em>\u00bb) y el consiguiente desempleo (\u00ab<em>imparable ola de delincuenci<\/em>a\u00bb, \u00ab<em>el nivel de poder de compra global que colapsa<\/em>\u00bb, \u00ab<em>consecuencias previsibles en t\u00e9rminos de la estabilidad pol\u00edtica de la naci\u00f3n<\/em>\u00bb) pero tambi\u00e9n algunas soluciones.<\/p>\n<p>Rifkin es claramente un defensor de <strong>reducir las horas de trabajo a 30 horas a la semana<\/strong>. En el libro \u00abEl fin del trabajo\u00bb, de hecho, muestra algunas de las numerosas propuestas que han avanzado, sin \u00e9xito, de pol\u00edticos estadounidenses. \u00ab<em>Tenemos que considerar una semana laboral m\u00e1s corta y al est\u00edmulo de empleo para millones de trabajadores como un medio para reducir el desempleo sin afectar negativamente la productividad<\/em>\u00bb, dijo el congresista John Conyers en 1993, escribe Rifkin.<\/p>\n<p>Pero, sobre todo, \u00ab<em>el Estado y los gobiernos locales y nacionales deber\u00edan tambi\u00e9n considerar<\/em> <strong>el pago de un Salario Social<\/strong> <em>como una alternativa a los subsidios y prestaciones sociales para aquellos que, desempleados permanentemente, aceptan reentrenarse y<\/em> <strong>emplearse en actividades del Tercer Sector<\/strong>. [&#8230;] <em>No ser\u00eda de consuelo solo para quienes lo reciben, sino que tambi\u00e9n ser\u00eda \u00fatil para toda la comunidad que se beneficia de estas actividades voluntarias<\/em>\u00bb [3].<\/p>\n<p>Rifkin probablemente estaba hablando de lo que hoy, aqu\u00ed en Italia, <strong><a href=\"https:\/\/www.pressenza.com\/it\/2019\/01\/reddito-di-cittadinanza-primo-passo-verso-linclusione-e-il-reddito-di-base\/\">llamamos \u00abIngreso de Ciudadan\u00eda\u00bb<\/a><\/strong>.<\/p>\n<p>Sin embargo, Rifkin, en 1995, era pesimista y estaba convencido de que, en contra de los desempleados y subempleados, obligados a conseguir \u00ab<em>trabajo ocasional para comida y alojamiento<\/em>\u00bb o \u00ab<strong>al robo y a la peque\u00f1a criminalidad; drogas y prostituci\u00f3n<\/strong>\u00bb, el Estado \u00ab<em>apretar\u00e1 cada vez m\u00e1s las sogas y cambiar\u00e1 las prioridades de gasto para<\/em> <strong>fortalecer las fuerzas policiales y construir nuevas c\u00e1rceles<\/strong>\u00bb [4].<\/p>\n<p>\u00bfEn este punto al menos estar\u00e1 mal?<\/p>\n<p>____<\/p>\n<p>Notas<br \/>\n[1] Jeremy Riftkin, La fine del lavoro, Baldini &amp; Castoldi, Milano, Traducci\u00f3n de Paolo Canton, edici\u00f3n 2001: 309,311,313.<br \/>\n[2] \u00eddem: p\u00e1g. 122,123,137, 139,146,150,153,274, 282<br \/>\n[3] \u00eddem: p\u00e1g. 407-408<br \/>\n[4] \u00eddem: p\u00e1g. 380<\/p>\n<hr \/>\n<p><em>Traducido del italiano por Michelle Oviedo<\/em><\/p>\n","protected":false},"excerpt":{"rendered":"<p>Desde que, en 1995, el economista Jeremy Rifkin public\u00f3 el ensayo \u00abEl fin del trabajo\u00bb, han pasado 23 a\u00f1os. Si, en 1995, sus hallazgos y sus temores sobre el \u00abdeclive de la fuerza laboral mundial\u00bb se refer\u00edan a la tercera&hellip;<\/p>\n","protected":false},"author":1284,"featured_media":813773,"comment_status":"closed","ping_status":"closed","sticky":false,"template":"","format":"standard","meta":{"footnotes":""},"categories":[11389,81,66,74],"tags":[3361,55734,1406],"class_list":["post-814070","post","type-post","status-publish","format-standard","has-post-thumbnail","hentry","category-contenido-original","category-economia-es","category-europa-es","category-politica-es","tag-desempleo","tag-jeremy-rifkin-es","tag-trabajo"],"yoast_head":"<!-- This site is optimized with the Yoast SEO plugin v27.1.1 - https:\/\/yoast.com\/product\/yoast-seo-wordpress\/ -->\n<title>Rifkin: reducci\u00f3n del tiempo de trabajo y salario social contra el desempleo<\/title>\n<meta name=\"description\" content=\"Desde que, en 1995, el economista Jeremy Rifkin public\u00f3 el ensayo &quot;El fin del trabajo&quot;, han pasado 23 a\u00f1os. Si, en 1995, sus hallazgos y sus temores sobre\" \/>\n<meta name=\"robots\" content=\"index, follow, max-snippet:-1, max-image-preview:large, max-video-preview:-1\" \/>\n<link rel=\"canonical\" href=\"https:\/\/www.pressenza.com\/es\/2019\/02\/rifkin-reduccion-del-tiempo-de-trabajo-y-salario-social-contra-el-desempleo\/\" \/>\n<meta property=\"og:locale\" content=\"es_ES\" \/>\n<meta property=\"og:type\" content=\"article\" \/>\n<meta property=\"og:title\" content=\"Rifkin: reducci\u00f3n del tiempo de trabajo y salario social contra el desempleo\" \/>\n<meta property=\"og:description\" content=\"Desde que, en 1995, el economista Jeremy Rifkin public\u00f3 el ensayo &quot;El fin del trabajo&quot;, han pasado 23 a\u00f1os. Si, en 1995, sus hallazgos y sus temores sobre\" \/>\n<meta property=\"og:url\" content=\"https:\/\/www.pressenza.com\/es\/2019\/02\/rifkin-reduccion-del-tiempo-de-trabajo-y-salario-social-contra-el-desempleo\/\" \/>\n<meta property=\"og:site_name\" content=\"Pressenza\" \/>\n<meta property=\"article:publisher\" content=\"https:\/\/www.facebook.com\/PressenzaItalia\" \/>\n<meta property=\"article:published_time\" content=\"2019-02-28T01:58:56+00:00\" \/>\n<meta property=\"og:image\" content=\"https:\/\/www.pressenza.com\/wp-content\/uploads\/2019\/02\/Jeremy-Rifkin-foet.jpg\" \/>\n\t<meta property=\"og:image:width\" content=\"818\" \/>\n\t<meta property=\"og:image:height\" content=\"460\" \/>\n\t<meta property=\"og:image:type\" content=\"image\/jpeg\" \/>\n<meta name=\"author\" content=\"Natale Salvo\" \/>\n<meta name=\"twitter:card\" content=\"summary_large_image\" \/>\n<meta name=\"twitter:creator\" content=\"@PressenzaIPA\" \/>\n<meta name=\"twitter:site\" content=\"@PressenzaIPA\" \/>\n<meta name=\"twitter:label1\" content=\"Escrito por\" \/>\n\t<meta name=\"twitter:data1\" content=\"Natale Salvo\" \/>\n\t<meta name=\"twitter:label2\" content=\"Tiempo de lectura\" \/>\n\t<meta name=\"twitter:data2\" content=\"4 minutos\" \/>\n<script type=\"application\/ld+json\" class=\"yoast-schema-graph\">{\"@context\":\"https:\/\/schema.org\",\"@graph\":[{\"@type\":\"Article\",\"@id\":\"https:\/\/www.pressenza.com\/es\/2019\/02\/rifkin-reduccion-del-tiempo-de-trabajo-y-salario-social-contra-el-desempleo\/#article\",\"isPartOf\":{\"@id\":\"https:\/\/www.pressenza.com\/es\/2019\/02\/rifkin-reduccion-del-tiempo-de-trabajo-y-salario-social-contra-el-desempleo\/\"},\"author\":{\"name\":\"Natale Salvo\",\"@id\":\"https:\/\/www.pressenza.com\/es\/#\/schema\/person\/dfdba7d9ea928e4a93ced607c353757c\"},\"headline\":\"Rifkin: reducci\u00f3n del tiempo de trabajo y salario social contra el desempleo\",\"datePublished\":\"2019-02-28T01:58:56+00:00\",\"mainEntityOfPage\":{\"@id\":\"https:\/\/www.pressenza.com\/es\/2019\/02\/rifkin-reduccion-del-tiempo-de-trabajo-y-salario-social-contra-el-desempleo\/\"},\"wordCount\":713,\"publisher\":{\"@id\":\"https:\/\/www.pressenza.com\/es\/#organization\"},\"image\":{\"@id\":\"https:\/\/www.pressenza.com\/es\/2019\/02\/rifkin-reduccion-del-tiempo-de-trabajo-y-salario-social-contra-el-desempleo\/#primaryimage\"},\"thumbnailUrl\":\"https:\/\/www.pressenza.com\/wp-content\/uploads\/2019\/02\/Jeremy-Rifkin-foet.jpg\",\"keywords\":[\"desempleo\",\"Jeremy Rifkin\",\"trabajo\"],\"articleSection\":[\"Contenido Original\",\"Econom\u00eda\",\"Europa\",\"Pol\u00edtica\"],\"inLanguage\":\"es\"},{\"@type\":\"WebPage\",\"@id\":\"https:\/\/www.pressenza.com\/es\/2019\/02\/rifkin-reduccion-del-tiempo-de-trabajo-y-salario-social-contra-el-desempleo\/\",\"url\":\"https:\/\/www.pressenza.com\/es\/2019\/02\/rifkin-reduccion-del-tiempo-de-trabajo-y-salario-social-contra-el-desempleo\/\",\"name\":\"Rifkin: reducci\u00f3n del tiempo de trabajo y salario social contra el desempleo\",\"isPartOf\":{\"@id\":\"https:\/\/www.pressenza.com\/es\/#website\"},\"primaryImageOfPage\":{\"@id\":\"https:\/\/www.pressenza.com\/es\/2019\/02\/rifkin-reduccion-del-tiempo-de-trabajo-y-salario-social-contra-el-desempleo\/#primaryimage\"},\"image\":{\"@id\":\"https:\/\/www.pressenza.com\/es\/2019\/02\/rifkin-reduccion-del-tiempo-de-trabajo-y-salario-social-contra-el-desempleo\/#primaryimage\"},\"thumbnailUrl\":\"https:\/\/www.pressenza.com\/wp-content\/uploads\/2019\/02\/Jeremy-Rifkin-foet.jpg\",\"datePublished\":\"2019-02-28T01:58:56+00:00\",\"description\":\"Desde que, en 1995, el economista Jeremy Rifkin public\u00f3 el ensayo \\\"El fin del trabajo\\\", han pasado 23 a\u00f1os. Si, en 1995, sus hallazgos y sus temores sobre\",\"breadcrumb\":{\"@id\":\"https:\/\/www.pressenza.com\/es\/2019\/02\/rifkin-reduccion-del-tiempo-de-trabajo-y-salario-social-contra-el-desempleo\/#breadcrumb\"},\"inLanguage\":\"es\",\"potentialAction\":[{\"@type\":\"ReadAction\",\"target\":[\"https:\/\/www.pressenza.com\/es\/2019\/02\/rifkin-reduccion-del-tiempo-de-trabajo-y-salario-social-contra-el-desempleo\/\"]}]},{\"@type\":\"ImageObject\",\"inLanguage\":\"es\",\"@id\":\"https:\/\/www.pressenza.com\/es\/2019\/02\/rifkin-reduccion-del-tiempo-de-trabajo-y-salario-social-contra-el-desempleo\/#primaryimage\",\"url\":\"https:\/\/www.pressenza.com\/wp-content\/uploads\/2019\/02\/Jeremy-Rifkin-foet.jpg\",\"contentUrl\":\"https:\/\/www.pressenza.com\/wp-content\/uploads\/2019\/02\/Jeremy-Rifkin-foet.jpg\",\"width\":818,\"height\":460,\"caption\":\"Jeremy Rifkin\"},{\"@type\":\"BreadcrumbList\",\"@id\":\"https:\/\/www.pressenza.com\/es\/2019\/02\/rifkin-reduccion-del-tiempo-de-trabajo-y-salario-social-contra-el-desempleo\/#breadcrumb\",\"itemListElement\":[{\"@type\":\"ListItem\",\"position\":1,\"name\":\"Accueil\",\"item\":\"https:\/\/www.pressenza.com\/es\/\"},{\"@type\":\"ListItem\",\"position\":2,\"name\":\"Rifkin: reducci\u00f3n del tiempo de trabajo y salario social contra el desempleo\"}]},{\"@type\":\"WebSite\",\"@id\":\"https:\/\/www.pressenza.com\/es\/#website\",\"url\":\"https:\/\/www.pressenza.com\/es\/\",\"name\":\"Pressenza\",\"description\":\"International Press Agency\",\"publisher\":{\"@id\":\"https:\/\/www.pressenza.com\/es\/#organization\"},\"potentialAction\":[{\"@type\":\"SearchAction\",\"target\":{\"@type\":\"EntryPoint\",\"urlTemplate\":\"https:\/\/www.pressenza.com\/es\/?s={search_term_string}\"},\"query-input\":{\"@type\":\"PropertyValueSpecification\",\"valueRequired\":true,\"valueName\":\"search_term_string\"}}],\"inLanguage\":\"es\"},{\"@type\":\"Organization\",\"@id\":\"https:\/\/www.pressenza.com\/es\/#organization\",\"name\":\"Pressenza\",\"url\":\"https:\/\/www.pressenza.com\/es\/\",\"logo\":{\"@type\":\"ImageObject\",\"inLanguage\":\"es\",\"@id\":\"https:\/\/www.pressenza.com\/es\/#\/schema\/logo\/image\/\",\"url\":\"https:\/\/www.pressenza.com\/wp-content\/uploads\/2022\/10\/pressenza_logo_200x200.jpg\",\"contentUrl\":\"https:\/\/www.pressenza.com\/wp-content\/uploads\/2022\/10\/pressenza_logo_200x200.jpg\",\"width\":200,\"height\":200,\"caption\":\"Pressenza\"},\"image\":{\"@id\":\"https:\/\/www.pressenza.com\/es\/#\/schema\/logo\/image\/\"},\"sameAs\":[\"https:\/\/www.facebook.com\/PressenzaItalia\",\"https:\/\/x.com\/PressenzaIPA\"]},{\"@type\":\"Person\",\"@id\":\"https:\/\/www.pressenza.com\/es\/#\/schema\/person\/dfdba7d9ea928e4a93ced607c353757c\",\"name\":\"Natale Salvo\",\"description\":\"Nato e cresciuto nella terra del \u201cGattopardo\u201d, la Sicilia. Ha dedicato la propria esistenza all'impegno sociale. Allenatore di una squadretta di calcio di periferia, presidente del circolo di Legambiente, candidato sindaco per il Partito Umanista. Infine blogger d\u2019inchiesta; ha pagato le sue denunce di cattiva amministrazione con una persecuzione per via giudiziaria. E' autore del libro \\\"La rivoluzione copernicana chiamata Reddito di Base\\\", edito da Multimage, Firenze.\",\"url\":\"https:\/\/www.pressenza.com\/es\/author\/natale-salvo\/\"}]}<\/script>\n<!-- \/ Yoast SEO plugin. -->","yoast_head_json":{"title":"Rifkin: reducci\u00f3n del tiempo de trabajo y salario social contra el desempleo","description":"Desde que, en 1995, el economista Jeremy Rifkin public\u00f3 el ensayo \"El fin del trabajo\", han pasado 23 a\u00f1os. Si, en 1995, sus hallazgos y sus temores sobre","robots":{"index":"index","follow":"follow","max-snippet":"max-snippet:-1","max-image-preview":"max-image-preview:large","max-video-preview":"max-video-preview:-1"},"canonical":"https:\/\/www.pressenza.com\/es\/2019\/02\/rifkin-reduccion-del-tiempo-de-trabajo-y-salario-social-contra-el-desempleo\/","og_locale":"es_ES","og_type":"article","og_title":"Rifkin: reducci\u00f3n del tiempo de trabajo y salario social contra el desempleo","og_description":"Desde que, en 1995, el economista Jeremy Rifkin public\u00f3 el ensayo \"El fin del trabajo\", han pasado 23 a\u00f1os. Si, en 1995, sus hallazgos y sus temores sobre","og_url":"https:\/\/www.pressenza.com\/es\/2019\/02\/rifkin-reduccion-del-tiempo-de-trabajo-y-salario-social-contra-el-desempleo\/","og_site_name":"Pressenza","article_publisher":"https:\/\/www.facebook.com\/PressenzaItalia","article_published_time":"2019-02-28T01:58:56+00:00","og_image":[{"width":818,"height":460,"url":"https:\/\/www.pressenza.com\/wp-content\/uploads\/2019\/02\/Jeremy-Rifkin-foet.jpg","type":"image\/jpeg"}],"author":"Natale Salvo","twitter_card":"summary_large_image","twitter_creator":"@PressenzaIPA","twitter_site":"@PressenzaIPA","twitter_misc":{"Escrito por":"Natale Salvo","Tiempo de lectura":"4 minutos"},"schema":{"@context":"https:\/\/schema.org","@graph":[{"@type":"Article","@id":"https:\/\/www.pressenza.com\/es\/2019\/02\/rifkin-reduccion-del-tiempo-de-trabajo-y-salario-social-contra-el-desempleo\/#article","isPartOf":{"@id":"https:\/\/www.pressenza.com\/es\/2019\/02\/rifkin-reduccion-del-tiempo-de-trabajo-y-salario-social-contra-el-desempleo\/"},"author":{"name":"Natale Salvo","@id":"https:\/\/www.pressenza.com\/es\/#\/schema\/person\/dfdba7d9ea928e4a93ced607c353757c"},"headline":"Rifkin: reducci\u00f3n del tiempo de trabajo y salario social contra el desempleo","datePublished":"2019-02-28T01:58:56+00:00","mainEntityOfPage":{"@id":"https:\/\/www.pressenza.com\/es\/2019\/02\/rifkin-reduccion-del-tiempo-de-trabajo-y-salario-social-contra-el-desempleo\/"},"wordCount":713,"publisher":{"@id":"https:\/\/www.pressenza.com\/es\/#organization"},"image":{"@id":"https:\/\/www.pressenza.com\/es\/2019\/02\/rifkin-reduccion-del-tiempo-de-trabajo-y-salario-social-contra-el-desempleo\/#primaryimage"},"thumbnailUrl":"https:\/\/www.pressenza.com\/wp-content\/uploads\/2019\/02\/Jeremy-Rifkin-foet.jpg","keywords":["desempleo","Jeremy Rifkin","trabajo"],"articleSection":["Contenido Original","Econom\u00eda","Europa","Pol\u00edtica"],"inLanguage":"es"},{"@type":"WebPage","@id":"https:\/\/www.pressenza.com\/es\/2019\/02\/rifkin-reduccion-del-tiempo-de-trabajo-y-salario-social-contra-el-desempleo\/","url":"https:\/\/www.pressenza.com\/es\/2019\/02\/rifkin-reduccion-del-tiempo-de-trabajo-y-salario-social-contra-el-desempleo\/","name":"Rifkin: reducci\u00f3n del tiempo de trabajo y salario social contra el desempleo","isPartOf":{"@id":"https:\/\/www.pressenza.com\/es\/#website"},"primaryImageOfPage":{"@id":"https:\/\/www.pressenza.com\/es\/2019\/02\/rifkin-reduccion-del-tiempo-de-trabajo-y-salario-social-contra-el-desempleo\/#primaryimage"},"image":{"@id":"https:\/\/www.pressenza.com\/es\/2019\/02\/rifkin-reduccion-del-tiempo-de-trabajo-y-salario-social-contra-el-desempleo\/#primaryimage"},"thumbnailUrl":"https:\/\/www.pressenza.com\/wp-content\/uploads\/2019\/02\/Jeremy-Rifkin-foet.jpg","datePublished":"2019-02-28T01:58:56+00:00","description":"Desde que, en 1995, el economista Jeremy Rifkin public\u00f3 el ensayo \"El fin del trabajo\", han pasado 23 a\u00f1os. Si, en 1995, sus hallazgos y sus temores sobre","breadcrumb":{"@id":"https:\/\/www.pressenza.com\/es\/2019\/02\/rifkin-reduccion-del-tiempo-de-trabajo-y-salario-social-contra-el-desempleo\/#breadcrumb"},"inLanguage":"es","potentialAction":[{"@type":"ReadAction","target":["https:\/\/www.pressenza.com\/es\/2019\/02\/rifkin-reduccion-del-tiempo-de-trabajo-y-salario-social-contra-el-desempleo\/"]}]},{"@type":"ImageObject","inLanguage":"es","@id":"https:\/\/www.pressenza.com\/es\/2019\/02\/rifkin-reduccion-del-tiempo-de-trabajo-y-salario-social-contra-el-desempleo\/#primaryimage","url":"https:\/\/www.pressenza.com\/wp-content\/uploads\/2019\/02\/Jeremy-Rifkin-foet.jpg","contentUrl":"https:\/\/www.pressenza.com\/wp-content\/uploads\/2019\/02\/Jeremy-Rifkin-foet.jpg","width":818,"height":460,"caption":"Jeremy Rifkin"},{"@type":"BreadcrumbList","@id":"https:\/\/www.pressenza.com\/es\/2019\/02\/rifkin-reduccion-del-tiempo-de-trabajo-y-salario-social-contra-el-desempleo\/#breadcrumb","itemListElement":[{"@type":"ListItem","position":1,"name":"Accueil","item":"https:\/\/www.pressenza.com\/es\/"},{"@type":"ListItem","position":2,"name":"Rifkin: reducci\u00f3n del tiempo de trabajo y salario social contra el desempleo"}]},{"@type":"WebSite","@id":"https:\/\/www.pressenza.com\/es\/#website","url":"https:\/\/www.pressenza.com\/es\/","name":"Pressenza","description":"International Press Agency","publisher":{"@id":"https:\/\/www.pressenza.com\/es\/#organization"},"potentialAction":[{"@type":"SearchAction","target":{"@type":"EntryPoint","urlTemplate":"https:\/\/www.pressenza.com\/es\/?s={search_term_string}"},"query-input":{"@type":"PropertyValueSpecification","valueRequired":true,"valueName":"search_term_string"}}],"inLanguage":"es"},{"@type":"Organization","@id":"https:\/\/www.pressenza.com\/es\/#organization","name":"Pressenza","url":"https:\/\/www.pressenza.com\/es\/","logo":{"@type":"ImageObject","inLanguage":"es","@id":"https:\/\/www.pressenza.com\/es\/#\/schema\/logo\/image\/","url":"https:\/\/www.pressenza.com\/wp-content\/uploads\/2022\/10\/pressenza_logo_200x200.jpg","contentUrl":"https:\/\/www.pressenza.com\/wp-content\/uploads\/2022\/10\/pressenza_logo_200x200.jpg","width":200,"height":200,"caption":"Pressenza"},"image":{"@id":"https:\/\/www.pressenza.com\/es\/#\/schema\/logo\/image\/"},"sameAs":["https:\/\/www.facebook.com\/PressenzaItalia","https:\/\/x.com\/PressenzaIPA"]},{"@type":"Person","@id":"https:\/\/www.pressenza.com\/es\/#\/schema\/person\/dfdba7d9ea928e4a93ced607c353757c","name":"Natale Salvo","description":"Nato e cresciuto nella terra del \u201cGattopardo\u201d, la Sicilia. Ha dedicato la propria esistenza all'impegno sociale. Allenatore di una squadretta di calcio di periferia, presidente del circolo di Legambiente, candidato sindaco per il Partito Umanista. Infine blogger d\u2019inchiesta; ha pagato le sue denunce di cattiva amministrazione con una persecuzione per via giudiziaria. E' autore del libro \"La rivoluzione copernicana chiamata Reddito di Base\", edito da Multimage, Firenze.","url":"https:\/\/www.pressenza.com\/es\/author\/natale-salvo\/"}]}},"place":"","original_article_url":"","_links":{"self":[{"href":"https:\/\/www.pressenza.com\/es\/wp-json\/wp\/v2\/posts\/814070","targetHints":{"allow":["GET"]}}],"collection":[{"href":"https:\/\/www.pressenza.com\/es\/wp-json\/wp\/v2\/posts"}],"about":[{"href":"https:\/\/www.pressenza.com\/es\/wp-json\/wp\/v2\/types\/post"}],"author":[{"embeddable":true,"href":"https:\/\/www.pressenza.com\/es\/wp-json\/wp\/v2\/users\/1284"}],"replies":[{"embeddable":true,"href":"https:\/\/www.pressenza.com\/es\/wp-json\/wp\/v2\/comments?post=814070"}],"version-history":[{"count":0,"href":"https:\/\/www.pressenza.com\/es\/wp-json\/wp\/v2\/posts\/814070\/revisions"}],"wp:featuredmedia":[{"embeddable":true,"href":"https:\/\/www.pressenza.com\/es\/wp-json\/wp\/v2\/media\/813773"}],"wp:attachment":[{"href":"https:\/\/www.pressenza.com\/es\/wp-json\/wp\/v2\/media?parent=814070"}],"wp:term":[{"taxonomy":"category","embeddable":true,"href":"https:\/\/www.pressenza.com\/es\/wp-json\/wp\/v2\/categories?post=814070"},{"taxonomy":"post_tag","embeddable":true,"href":"https:\/\/www.pressenza.com\/es\/wp-json\/wp\/v2\/tags?post=814070"}],"curies":[{"name":"wp","href":"https:\/\/api.w.org\/{rel}","templated":true}]}}