{"id":812523,"date":"2019-02-24T18:45:43","date_gmt":"2019-02-24T18:45:43","guid":{"rendered":"https:\/\/www.pressenza.com\/?p=812523"},"modified":"2019-02-24T18:45:43","modified_gmt":"2019-02-24T18:45:43","slug":"el-caso-drita-o-el-rechazo-prefectoral-de-una-insercion-cumplida","status":"publish","type":"post","link":"https:\/\/www.pressenza.com\/es\/2019\/02\/el-caso-drita-o-el-rechazo-prefectoral-de-una-insercion-cumplida\/","title":{"rendered":"El caso Drita, o el rechazo prefectoral de una inserci\u00f3n cumplida"},"content":{"rendered":"<blockquote><p><strong>Drita mantiene una participaci\u00f3n muy activa en las asociaciones en Burdeos que ayudan a las personas en dificultades (*), particularmente las que ayudan a personas que vienen de su pa\u00eds, Albania. Diferentes organizaciones la solicitan como traductora: asociaciones, hospitales, en la prisi\u00f3n, en la polic\u00eda e incluso en la corte.<\/strong><\/p>\n<p><strong>Sin embargo, corre el riesgo de ser expulsada del territorio franc\u00e9s, luego de que la prefectura haya rechazado su solicitud de permiso de residencia, con el argumento de que \u00ablas circunstancias (&#8230;) no permiten concluir que (Drita) se ha integrado particularmente en la sociedad francesa.\u201d Para tomar la palabra del prefecto, las asociaciones organizaron una velada de integraci\u00f3n.<\/strong><\/p><\/blockquote>\n<p><iframe loading=\"lazy\" title=\"Pressenza Drita 201902\" width=\"500\" height=\"281\" src=\"https:\/\/www.youtube.com\/embed\/_Pzv8iMkNoo?feature=oembed\" frameborder=\"0\" allow=\"accelerometer; autoplay; clipboard-write; encrypted-media; gyroscope; picture-in-picture; web-share\" referrerpolicy=\"strict-origin-when-cross-origin\" allowfullscreen><\/iframe><\/p>\n<p><strong>Pressenza: \u00bfCu\u00e1l es tu historia? \u00bfPuedes explicarnos d\u00f3nde est\u00e1s ahora, lo que necesitas?<\/strong><\/p>\n<p><strong>Drita\u00a0:<\/strong>\u00a0Vengo de Albania, llegu\u00e9 a Burdeos el 1 de agosto de 2014 con mi familia porque en Albania me amenazaron con la ley del Kanun(**).<\/p>\n<p>Solicitamos asilo con mi familia y fuimos rechazados. Comenc\u00e9 a trabajar en septiembre de 2014 como traductora en una asociaci\u00f3n. Trabaj\u00e9 para diferentes asociaciones, instituciones, escuelas\u2026<\/p>\n<p>Nuestra solicitud de asilo fue rechazada porque para el Estado franc\u00e9s, Albania se encuentra entre uno de los pa\u00edses \u00abseguros\u00bb.<\/p>\n<p>El 4 de febrero recibimos la carta recomendada de que fuimos rechazados.<\/p>\n<p><strong>\u00bfLogras tener apoyo en Burdeos, \u00a0gente que te ayuda en todas las gestiones que realizas?<\/strong><\/p>\n<p>S\u00ed, hay un grupo de apoyo que se cre\u00f3 en octubre de 2018 cuando recibimos una orden de deportaci\u00f3n inmediata.<\/p>\n<p><strong>\u00bfEst\u00e1s en contacto con otras personas que se encuentran en la misma situaci\u00f3n que t\u00fa?<\/strong><\/p>\n<p>\u00a1Casi todos los albaneses est\u00e1n en esta situaci\u00f3n!<\/p>\n<p><strong>\u00bfQu\u00e9 es lo que planean hacer despu\u00e9s?<\/strong><\/p>\n<p>Con el grupo de apoyo tendremos una velada de integraci\u00f3n, ya que el prefecto dice que yo no me he integrado, aun cuando fui a una escuela en Francia, segu\u00ed una capacitaci\u00f3n de ayuda a los migrantes, una capacitaci\u00f3n legal sobre el derecho de los extranjeros, hice una pasant\u00eda y tuve un trabajo en otra organizaci\u00f3n en Burdeos.<\/p>\n<p><strong>\u00bfY ahora tambi\u00e9n est\u00e1s acreditada como traductora?<\/strong><\/p>\n<p>S\u00ed, hago traducciones, preparo la inscripci\u00f3n de refugiados para la prefectura y para la asistencia legal.<\/p>\n<p><strong>\u00bfExiste actualmente el temor de ser reportada inmediatamente?<\/strong><\/p>\n<p>S\u00ed, una deportaci\u00f3n inmediata fue escrita.<\/p>\n<p><strong><em>Gracias Drita por esta entrevista.<\/em><\/strong><\/p>\n<p>(*) Ver la p\u00e1gina Facebbok\u00a0<a href=\"https:\/\/www.facebook.com\/Aide-aux-personnes-%C3%A0-la-rue-Bordeaux-448961595460883\/\">Aides aux personnes \u00e0 la rue \u00e0 Bordeaux<\/a><\/p>\n<p>(**) El Kanun es una ley consuetudinaria que todav\u00eda se aplica en algunas zonas de Albania; define las reglas a seguir en situaciones de conflicto entre familias, que pueden llegar hasta el asesinato.<\/p>\n<hr \/>\n<p><em>Traducci\u00f3n del franc\u00e9s de Rosal\u00eda Briones<\/em><\/p>\n","protected":false},"excerpt":{"rendered":"<p>Drita mantiene una participaci\u00f3n muy activa en las asociaciones en Burdeos que ayudan a las personas en dificultades (*), particularmente las que ayudan a personas que vienen de su pa\u00eds, Albania. Diferentes organizaciones la solicitan como traductora: asociaciones, hospitales, en&hellip;<\/p>\n","protected":false},"author":926,"featured_media":811145,"comment_status":"closed","ping_status":"closed","sticky":false,"template":"","format":"standard","meta":{"footnotes":""},"categories":[11389,155,66,54574],"tags":[55575,46445,55604,451],"class_list":["post-812523","post","type-post","status-publish","format-standard","has-post-thumbnail","hentry","category-contenido-original","category-entrevistas","category-europa-es","category-migrantes-es","tag-asilo-es","tag-burdeos","tag-drita-es","tag-integracion"],"yoast_head":"<!-- This site is optimized with the Yoast SEO plugin v27.1.1 - https:\/\/yoast.com\/product\/yoast-seo-wordpress\/ -->\n<title>El caso Drita, o el rechazo prefectoral de una inserci\u00f3n cumplida<\/title>\n<meta name=\"description\" content=\"Drita mantiene una participaci\u00f3n muy activa en las asociaciones en Burdeos que ayudan a las personas en dificultades (*), particularmente las que ayudan a\" \/>\n<meta name=\"robots\" content=\"index, follow, max-snippet:-1, max-image-preview:large, max-video-preview:-1\" \/>\n<link rel=\"canonical\" href=\"https:\/\/www.pressenza.com\/es\/2019\/02\/el-caso-drita-o-el-rechazo-prefectoral-de-una-insercion-cumplida\/\" \/>\n<meta property=\"og:locale\" content=\"es_ES\" \/>\n<meta property=\"og:type\" content=\"article\" \/>\n<meta property=\"og:title\" content=\"El caso Drita, o el rechazo prefectoral de una inserci\u00f3n cumplida\" \/>\n<meta property=\"og:description\" content=\"Drita mantiene una participaci\u00f3n muy activa en las asociaciones en Burdeos que ayudan a las personas en dificultades (*), particularmente las que ayudan a\" \/>\n<meta property=\"og:url\" content=\"https:\/\/www.pressenza.com\/es\/2019\/02\/el-caso-drita-o-el-rechazo-prefectoral-de-una-insercion-cumplida\/\" \/>\n<meta property=\"og:site_name\" content=\"Pressenza\" \/>\n<meta property=\"article:publisher\" content=\"https:\/\/www.facebook.com\/PressenzaItalia\" \/>\n<meta property=\"article:published_time\" content=\"2019-02-24T18:45:43+00:00\" \/>\n<meta property=\"og:image\" content=\"https:\/\/www.pressenza.com\/wp-content\/uploads\/2019\/02\/drita.jpg\" \/>\n\t<meta property=\"og:image:width\" content=\"849\" \/>\n\t<meta property=\"og:image:height\" content=\"473\" \/>\n\t<meta property=\"og:image:type\" content=\"image\/jpeg\" \/>\n<meta name=\"author\" content=\"R\u00e9daction France\" \/>\n<meta name=\"twitter:card\" content=\"summary_large_image\" \/>\n<meta name=\"twitter:creator\" content=\"@PressenzaIPA\" \/>\n<meta name=\"twitter:site\" content=\"@PressenzaIPA\" \/>\n<meta name=\"twitter:label1\" content=\"Escrito por\" \/>\n\t<meta name=\"twitter:data1\" content=\"R\u00e9daction France\" \/>\n\t<meta name=\"twitter:label2\" content=\"Tiempo de lectura\" \/>\n\t<meta name=\"twitter:data2\" content=\"2 minutos\" \/>\n<script type=\"application\/ld+json\" class=\"yoast-schema-graph\">{\"@context\":\"https:\/\/schema.org\",\"@graph\":[{\"@type\":\"Article\",\"@id\":\"https:\/\/www.pressenza.com\/es\/2019\/02\/el-caso-drita-o-el-rechazo-prefectoral-de-una-insercion-cumplida\/#article\",\"isPartOf\":{\"@id\":\"https:\/\/www.pressenza.com\/es\/2019\/02\/el-caso-drita-o-el-rechazo-prefectoral-de-una-insercion-cumplida\/\"},\"author\":{\"name\":\"R\u00e9daction France\",\"@id\":\"https:\/\/www.pressenza.com\/es\/#\/schema\/person\/3c9fe6670cc2cffbd37562f87b98e869\"},\"headline\":\"El caso Drita, o el rechazo prefectoral de una inserci\u00f3n cumplida\",\"datePublished\":\"2019-02-24T18:45:43+00:00\",\"mainEntityOfPage\":{\"@id\":\"https:\/\/www.pressenza.com\/es\/2019\/02\/el-caso-drita-o-el-rechazo-prefectoral-de-una-insercion-cumplida\/\"},\"wordCount\":460,\"publisher\":{\"@id\":\"https:\/\/www.pressenza.com\/es\/#organization\"},\"image\":{\"@id\":\"https:\/\/www.pressenza.com\/es\/2019\/02\/el-caso-drita-o-el-rechazo-prefectoral-de-una-insercion-cumplida\/#primaryimage\"},\"thumbnailUrl\":\"https:\/\/www.pressenza.com\/wp-content\/uploads\/2019\/02\/drita.jpg\",\"keywords\":[\"asilo\",\"Burdeos\",\"Drita\",\"Integraci\u00f3n\"],\"articleSection\":[\"Contenido Original\",\"Entrevistas\",\"Europa\",\"Migrantes\"],\"inLanguage\":\"es\"},{\"@type\":\"WebPage\",\"@id\":\"https:\/\/www.pressenza.com\/es\/2019\/02\/el-caso-drita-o-el-rechazo-prefectoral-de-una-insercion-cumplida\/\",\"url\":\"https:\/\/www.pressenza.com\/es\/2019\/02\/el-caso-drita-o-el-rechazo-prefectoral-de-una-insercion-cumplida\/\",\"name\":\"El caso Drita, o el rechazo prefectoral de una inserci\u00f3n cumplida\",\"isPartOf\":{\"@id\":\"https:\/\/www.pressenza.com\/es\/#website\"},\"primaryImageOfPage\":{\"@id\":\"https:\/\/www.pressenza.com\/es\/2019\/02\/el-caso-drita-o-el-rechazo-prefectoral-de-una-insercion-cumplida\/#primaryimage\"},\"image\":{\"@id\":\"https:\/\/www.pressenza.com\/es\/2019\/02\/el-caso-drita-o-el-rechazo-prefectoral-de-una-insercion-cumplida\/#primaryimage\"},\"thumbnailUrl\":\"https:\/\/www.pressenza.com\/wp-content\/uploads\/2019\/02\/drita.jpg\",\"datePublished\":\"2019-02-24T18:45:43+00:00\",\"description\":\"Drita mantiene una participaci\u00f3n muy activa en las asociaciones en Burdeos que ayudan a las personas en dificultades (*), particularmente las que ayudan a\",\"breadcrumb\":{\"@id\":\"https:\/\/www.pressenza.com\/es\/2019\/02\/el-caso-drita-o-el-rechazo-prefectoral-de-una-insercion-cumplida\/#breadcrumb\"},\"inLanguage\":\"es\",\"potentialAction\":[{\"@type\":\"ReadAction\",\"target\":[\"https:\/\/www.pressenza.com\/es\/2019\/02\/el-caso-drita-o-el-rechazo-prefectoral-de-una-insercion-cumplida\/\"]}]},{\"@type\":\"ImageObject\",\"inLanguage\":\"es\",\"@id\":\"https:\/\/www.pressenza.com\/es\/2019\/02\/el-caso-drita-o-el-rechazo-prefectoral-de-una-insercion-cumplida\/#primaryimage\",\"url\":\"https:\/\/www.pressenza.com\/wp-content\/uploads\/2019\/02\/drita.jpg\",\"contentUrl\":\"https:\/\/www.pressenza.com\/wp-content\/uploads\/2019\/02\/drita.jpg\",\"width\":849,\"height\":473},{\"@type\":\"BreadcrumbList\",\"@id\":\"https:\/\/www.pressenza.com\/es\/2019\/02\/el-caso-drita-o-el-rechazo-prefectoral-de-una-insercion-cumplida\/#breadcrumb\",\"itemListElement\":[{\"@type\":\"ListItem\",\"position\":1,\"name\":\"Accueil\",\"item\":\"https:\/\/www.pressenza.com\/es\/\"},{\"@type\":\"ListItem\",\"position\":2,\"name\":\"El caso Drita, o el rechazo prefectoral de una inserci\u00f3n cumplida\"}]},{\"@type\":\"WebSite\",\"@id\":\"https:\/\/www.pressenza.com\/es\/#website\",\"url\":\"https:\/\/www.pressenza.com\/es\/\",\"name\":\"Pressenza\",\"description\":\"International Press Agency\",\"publisher\":{\"@id\":\"https:\/\/www.pressenza.com\/es\/#organization\"},\"potentialAction\":[{\"@type\":\"SearchAction\",\"target\":{\"@type\":\"EntryPoint\",\"urlTemplate\":\"https:\/\/www.pressenza.com\/es\/?s={search_term_string}\"},\"query-input\":{\"@type\":\"PropertyValueSpecification\",\"valueRequired\":true,\"valueName\":\"search_term_string\"}}],\"inLanguage\":\"es\"},{\"@type\":\"Organization\",\"@id\":\"https:\/\/www.pressenza.com\/es\/#organization\",\"name\":\"Pressenza\",\"url\":\"https:\/\/www.pressenza.com\/es\/\",\"logo\":{\"@type\":\"ImageObject\",\"inLanguage\":\"es\",\"@id\":\"https:\/\/www.pressenza.com\/es\/#\/schema\/logo\/image\/\",\"url\":\"https:\/\/www.pressenza.com\/wp-content\/uploads\/2022\/10\/pressenza_logo_200x200.jpg\",\"contentUrl\":\"https:\/\/www.pressenza.com\/wp-content\/uploads\/2022\/10\/pressenza_logo_200x200.jpg\",\"width\":200,\"height\":200,\"caption\":\"Pressenza\"},\"image\":{\"@id\":\"https:\/\/www.pressenza.com\/es\/#\/schema\/logo\/image\/\"},\"sameAs\":[\"https:\/\/www.facebook.com\/PressenzaItalia\",\"https:\/\/x.com\/PressenzaIPA\"]},{\"@type\":\"Person\",\"@id\":\"https:\/\/www.pressenza.com\/es\/#\/schema\/person\/3c9fe6670cc2cffbd37562f87b98e869\",\"name\":\"R\u00e9daction France\",\"description\":\"News published by the Pressenza bureau in France\",\"sameAs\":[\"http:\/\/www.pressenza.com\/fr\"],\"url\":\"https:\/\/www.pressenza.com\/es\/author\/redactionfrance\/\"}]}<\/script>\n<!-- \/ Yoast SEO plugin. -->","yoast_head_json":{"title":"El caso Drita, o el rechazo prefectoral de una inserci\u00f3n cumplida","description":"Drita mantiene una participaci\u00f3n muy activa en las asociaciones en Burdeos que ayudan a las personas en dificultades (*), particularmente las que ayudan a","robots":{"index":"index","follow":"follow","max-snippet":"max-snippet:-1","max-image-preview":"max-image-preview:large","max-video-preview":"max-video-preview:-1"},"canonical":"https:\/\/www.pressenza.com\/es\/2019\/02\/el-caso-drita-o-el-rechazo-prefectoral-de-una-insercion-cumplida\/","og_locale":"es_ES","og_type":"article","og_title":"El caso Drita, o el rechazo prefectoral de una inserci\u00f3n cumplida","og_description":"Drita mantiene una participaci\u00f3n muy activa en las asociaciones en Burdeos que ayudan a las personas en dificultades (*), particularmente las que ayudan a","og_url":"https:\/\/www.pressenza.com\/es\/2019\/02\/el-caso-drita-o-el-rechazo-prefectoral-de-una-insercion-cumplida\/","og_site_name":"Pressenza","article_publisher":"https:\/\/www.facebook.com\/PressenzaItalia","article_published_time":"2019-02-24T18:45:43+00:00","og_image":[{"width":849,"height":473,"url":"https:\/\/www.pressenza.com\/wp-content\/uploads\/2019\/02\/drita.jpg","type":"image\/jpeg"}],"author":"R\u00e9daction France","twitter_card":"summary_large_image","twitter_creator":"@PressenzaIPA","twitter_site":"@PressenzaIPA","twitter_misc":{"Escrito por":"R\u00e9daction France","Tiempo de lectura":"2 minutos"},"schema":{"@context":"https:\/\/schema.org","@graph":[{"@type":"Article","@id":"https:\/\/www.pressenza.com\/es\/2019\/02\/el-caso-drita-o-el-rechazo-prefectoral-de-una-insercion-cumplida\/#article","isPartOf":{"@id":"https:\/\/www.pressenza.com\/es\/2019\/02\/el-caso-drita-o-el-rechazo-prefectoral-de-una-insercion-cumplida\/"},"author":{"name":"R\u00e9daction France","@id":"https:\/\/www.pressenza.com\/es\/#\/schema\/person\/3c9fe6670cc2cffbd37562f87b98e869"},"headline":"El caso Drita, o el rechazo prefectoral de una inserci\u00f3n cumplida","datePublished":"2019-02-24T18:45:43+00:00","mainEntityOfPage":{"@id":"https:\/\/www.pressenza.com\/es\/2019\/02\/el-caso-drita-o-el-rechazo-prefectoral-de-una-insercion-cumplida\/"},"wordCount":460,"publisher":{"@id":"https:\/\/www.pressenza.com\/es\/#organization"},"image":{"@id":"https:\/\/www.pressenza.com\/es\/2019\/02\/el-caso-drita-o-el-rechazo-prefectoral-de-una-insercion-cumplida\/#primaryimage"},"thumbnailUrl":"https:\/\/www.pressenza.com\/wp-content\/uploads\/2019\/02\/drita.jpg","keywords":["asilo","Burdeos","Drita","Integraci\u00f3n"],"articleSection":["Contenido Original","Entrevistas","Europa","Migrantes"],"inLanguage":"es"},{"@type":"WebPage","@id":"https:\/\/www.pressenza.com\/es\/2019\/02\/el-caso-drita-o-el-rechazo-prefectoral-de-una-insercion-cumplida\/","url":"https:\/\/www.pressenza.com\/es\/2019\/02\/el-caso-drita-o-el-rechazo-prefectoral-de-una-insercion-cumplida\/","name":"El caso Drita, o el rechazo prefectoral de una inserci\u00f3n cumplida","isPartOf":{"@id":"https:\/\/www.pressenza.com\/es\/#website"},"primaryImageOfPage":{"@id":"https:\/\/www.pressenza.com\/es\/2019\/02\/el-caso-drita-o-el-rechazo-prefectoral-de-una-insercion-cumplida\/#primaryimage"},"image":{"@id":"https:\/\/www.pressenza.com\/es\/2019\/02\/el-caso-drita-o-el-rechazo-prefectoral-de-una-insercion-cumplida\/#primaryimage"},"thumbnailUrl":"https:\/\/www.pressenza.com\/wp-content\/uploads\/2019\/02\/drita.jpg","datePublished":"2019-02-24T18:45:43+00:00","description":"Drita mantiene una participaci\u00f3n muy activa en las asociaciones en Burdeos que ayudan a las personas en dificultades (*), particularmente las que ayudan a","breadcrumb":{"@id":"https:\/\/www.pressenza.com\/es\/2019\/02\/el-caso-drita-o-el-rechazo-prefectoral-de-una-insercion-cumplida\/#breadcrumb"},"inLanguage":"es","potentialAction":[{"@type":"ReadAction","target":["https:\/\/www.pressenza.com\/es\/2019\/02\/el-caso-drita-o-el-rechazo-prefectoral-de-una-insercion-cumplida\/"]}]},{"@type":"ImageObject","inLanguage":"es","@id":"https:\/\/www.pressenza.com\/es\/2019\/02\/el-caso-drita-o-el-rechazo-prefectoral-de-una-insercion-cumplida\/#primaryimage","url":"https:\/\/www.pressenza.com\/wp-content\/uploads\/2019\/02\/drita.jpg","contentUrl":"https:\/\/www.pressenza.com\/wp-content\/uploads\/2019\/02\/drita.jpg","width":849,"height":473},{"@type":"BreadcrumbList","@id":"https:\/\/www.pressenza.com\/es\/2019\/02\/el-caso-drita-o-el-rechazo-prefectoral-de-una-insercion-cumplida\/#breadcrumb","itemListElement":[{"@type":"ListItem","position":1,"name":"Accueil","item":"https:\/\/www.pressenza.com\/es\/"},{"@type":"ListItem","position":2,"name":"El caso Drita, o el rechazo prefectoral de una inserci\u00f3n cumplida"}]},{"@type":"WebSite","@id":"https:\/\/www.pressenza.com\/es\/#website","url":"https:\/\/www.pressenza.com\/es\/","name":"Pressenza","description":"International Press Agency","publisher":{"@id":"https:\/\/www.pressenza.com\/es\/#organization"},"potentialAction":[{"@type":"SearchAction","target":{"@type":"EntryPoint","urlTemplate":"https:\/\/www.pressenza.com\/es\/?s={search_term_string}"},"query-input":{"@type":"PropertyValueSpecification","valueRequired":true,"valueName":"search_term_string"}}],"inLanguage":"es"},{"@type":"Organization","@id":"https:\/\/www.pressenza.com\/es\/#organization","name":"Pressenza","url":"https:\/\/www.pressenza.com\/es\/","logo":{"@type":"ImageObject","inLanguage":"es","@id":"https:\/\/www.pressenza.com\/es\/#\/schema\/logo\/image\/","url":"https:\/\/www.pressenza.com\/wp-content\/uploads\/2022\/10\/pressenza_logo_200x200.jpg","contentUrl":"https:\/\/www.pressenza.com\/wp-content\/uploads\/2022\/10\/pressenza_logo_200x200.jpg","width":200,"height":200,"caption":"Pressenza"},"image":{"@id":"https:\/\/www.pressenza.com\/es\/#\/schema\/logo\/image\/"},"sameAs":["https:\/\/www.facebook.com\/PressenzaItalia","https:\/\/x.com\/PressenzaIPA"]},{"@type":"Person","@id":"https:\/\/www.pressenza.com\/es\/#\/schema\/person\/3c9fe6670cc2cffbd37562f87b98e869","name":"R\u00e9daction France","description":"News published by the Pressenza bureau in France","sameAs":["http:\/\/www.pressenza.com\/fr"],"url":"https:\/\/www.pressenza.com\/es\/author\/redactionfrance\/"}]}},"place":"Burdeos, Francia","original_article_url":"","_links":{"self":[{"href":"https:\/\/www.pressenza.com\/es\/wp-json\/wp\/v2\/posts\/812523","targetHints":{"allow":["GET"]}}],"collection":[{"href":"https:\/\/www.pressenza.com\/es\/wp-json\/wp\/v2\/posts"}],"about":[{"href":"https:\/\/www.pressenza.com\/es\/wp-json\/wp\/v2\/types\/post"}],"author":[{"embeddable":true,"href":"https:\/\/www.pressenza.com\/es\/wp-json\/wp\/v2\/users\/926"}],"replies":[{"embeddable":true,"href":"https:\/\/www.pressenza.com\/es\/wp-json\/wp\/v2\/comments?post=812523"}],"version-history":[{"count":0,"href":"https:\/\/www.pressenza.com\/es\/wp-json\/wp\/v2\/posts\/812523\/revisions"}],"wp:featuredmedia":[{"embeddable":true,"href":"https:\/\/www.pressenza.com\/es\/wp-json\/wp\/v2\/media\/811145"}],"wp:attachment":[{"href":"https:\/\/www.pressenza.com\/es\/wp-json\/wp\/v2\/media?parent=812523"}],"wp:term":[{"taxonomy":"category","embeddable":true,"href":"https:\/\/www.pressenza.com\/es\/wp-json\/wp\/v2\/categories?post=812523"},{"taxonomy":"post_tag","embeddable":true,"href":"https:\/\/www.pressenza.com\/es\/wp-json\/wp\/v2\/tags?post=812523"}],"curies":[{"name":"wp","href":"https:\/\/api.w.org\/{rel}","templated":true}]}}