{"id":812098,"date":"2019-02-23T23:49:43","date_gmt":"2019-02-23T23:49:43","guid":{"rendered":"https:\/\/www.pressenza.com\/?p=812098"},"modified":"2019-02-23T23:49:43","modified_gmt":"2019-02-23T23:49:43","slug":"francia-reportaje-fotografico-jovenes-en-huelga-escolar-por-el-cambio-climatico","status":"publish","type":"post","link":"https:\/\/www.pressenza.com\/es\/2019\/02\/francia-reportaje-fotografico-jovenes-en-huelga-escolar-por-el-cambio-climatico\/","title":{"rendered":"[Francia &#8211; Reportaje fotogr\u00e1fico] J\u00f3venes en huelga escolar por el cambio clim\u00e1tico"},"content":{"rendered":"<p>Varios miles de estudiantes de secundaria y universitarios marcharon este viernes 22 de febrero por el cambio clim\u00e1tico en las calles de Par\u00eds. Las manifestaciones de este segundo <em>d\u00eda de huelga clim\u00e1tica en Francia<\/em> ha contado con la presencia de estudiantes belgas, ingleses y alemanes, as\u00ed como de Greta Thunberg, una joven sueca de 16 a\u00f1os que lucha por crear conciencia sobre el cambio <em>clim\u00e1tico<\/em>: \u00ab<em>Seguiremos estando en huelga todas las semanas hasta que act\u00faen los pol\u00edticos<\/em>.\u00bb<\/p>\n<p>Este jueves 21 de febrero, Greta Thunberg intervino en la reuni\u00f3n mensual del Comit\u00e9 Econ\u00f3mico y Social Europeo. Aqu\u00ed se muestran algunos extractos de su discurso:<\/p>\n<p>\u00abSabemos que la mayor\u00eda de los pol\u00edticos no quieren hablar con nosotros. Bien. Nosotros tampoco queremos hablar con ellos.\u00bb<\/p>\n<p>\u00abM\u00e1s bien queremos que hablen con los cient\u00edficos, que los escuchen, porque nosotros solo estamos repitiendo lo que ellos han estado diciendo durante d\u00e9cadas. Queremos que el Acuerdo de Par\u00eds sobre el cambio clim\u00e1tico y el Grupo Intergubernamental de Expertos sobre el Cambio Clim\u00e1tico (IPCC) sean respetados. No exigimos nada m\u00e1s, solo seguir lo que nos dice la ciencia. \u00bb<\/p>\n<p>\u00abEstamos en huelga escolar porque hicimos nuestra tarea. Ustedes, los pol\u00edticos, no hicieron lo suyo. Estamos empezando a arreglar su desastre, y no nos detendremos hasta que as\u00ed sea.\u00bb<\/p>\n<p><em>Traducci\u00f3n del franc\u00e9s de Rosal\u00eda Briones<\/em><\/p>\n<p><em>Fotos de Mauricio Alvarez<\/em><\/p>\n<p><img loading=\"lazy\" decoding=\"async\" class=\"alignnone size-medium\" src=\"https:\/\/www.pressenza.com\/wp-content\/uploads\/2019\/02\/Marche-pour-le-climat-Greta-T._00002.jpg\" width=\"500\" height=\"667\" \/><\/p>\n<p><img loading=\"lazy\" decoding=\"async\" class=\"alignnone size-medium\" src=\"https:\/\/www.pressenza.com\/wp-content\/uploads\/2019\/02\/Marche-pour-le-climat-Greta-T._00003.jpg\" width=\"500\" height=\"667\" \/><\/p>\n<p><img loading=\"lazy\" decoding=\"async\" class=\"alignnone size-medium\" src=\"https:\/\/www.pressenza.com\/wp-content\/uploads\/2019\/02\/Marche-pour-le-climat-Greta-T._00004.jpg\" width=\"500\" height=\"667\" \/><\/p>\n<p><img loading=\"lazy\" decoding=\"async\" class=\"alignnone size-medium\" src=\"https:\/\/www.pressenza.com\/wp-content\/uploads\/2019\/02\/Marche-pour-le-climat-Greta-T._00005.jpg\" width=\"500\" height=\"667\" \/><\/p>\n<p><img loading=\"lazy\" decoding=\"async\" class=\"alignnone size-medium\" src=\"https:\/\/www.pressenza.com\/wp-content\/uploads\/2019\/02\/Marche-pour-le-climat-Greta-T._00006.jpg\" width=\"750\" height=\"563\" \/><\/p>\n<p><img loading=\"lazy\" decoding=\"async\" class=\"alignnone size-medium\" src=\"https:\/\/www.pressenza.com\/wp-content\/uploads\/2019\/02\/Marche-pour-le-climat-Greta-T._00007.jpg\" width=\"500\" height=\"667\" \/><\/p>\n<p><img loading=\"lazy\" decoding=\"async\" class=\"alignnone size-medium\" src=\"https:\/\/www.pressenza.com\/wp-content\/uploads\/2019\/02\/Marche-pour-le-climat-Greta-T._00014.jpg\" width=\"750\" height=\"500\" \/><\/p>\n<p><img loading=\"lazy\" decoding=\"async\" class=\"alignnone size-medium\" src=\"https:\/\/www.pressenza.com\/wp-content\/uploads\/2019\/02\/Marche-pour-le-climat-Greta-T._00015.jpg\" width=\"750\" height=\"500\" \/><\/p>\n<p><img loading=\"lazy\" decoding=\"async\" class=\"alignnone size-medium\" src=\"https:\/\/www.pressenza.com\/wp-content\/uploads\/2019\/02\/Marche-pour-le-climat-Greta-T._00017.jpg\" width=\"750\" height=\"563\" \/><\/p>\n<p>&nbsp;<\/p>\n<p><img loading=\"lazy\" decoding=\"async\" class=\"alignnone size-medium\" src=\"https:\/\/www.pressenza.com\/wp-content\/uploads\/2019\/02\/Marche-pour-le-climat-Greta-T._00018.jpg\" width=\"750\" height=\"563\" \/><\/p>\n<p><img loading=\"lazy\" decoding=\"async\" class=\"alignnone size-medium\" src=\"https:\/\/www.pressenza.com\/wp-content\/uploads\/2019\/02\/Marche-pour-le-climat-Greta-T._00020.jpg\" width=\"750\" height=\"563\" \/><\/p>\n","protected":false},"excerpt":{"rendered":"<p>Varios miles de estudiantes de secundaria y universitarios marcharon este viernes 22 de febrero por el cambio clim\u00e1tico en las calles de Par\u00eds. Las manifestaciones de este segundo d\u00eda de huelga clim\u00e1tica en Francia ha contado con la presencia de&hellip;<\/p>\n","protected":false},"author":926,"featured_media":811627,"comment_status":"closed","ping_status":"closed","sticky":false,"template":"","format":"standard","meta":{"footnotes":""},"categories":[11389,66,5667,46976],"tags":[55577,54909,54283,55588,26683],"class_list":["post-812098","post","type-post","status-publish","format-standard","has-post-thumbnail","hentry","category-contenido-original","category-europa-es","category-foto-reportajes","category-jovenes","tag-huelga-escolar","tag-clima-es","tag-greta-thunberg-es","tag-manifestacion-sobre-el-clima","tag-paris-en-es"],"yoast_head":"<!-- This site is optimized with the Yoast SEO plugin v27.1.1 - https:\/\/yoast.com\/product\/yoast-seo-wordpress\/ -->\n<title>[Francia - Reportaje fotogr\u00e1fico] J\u00f3venes en huelga escolar por el cambio clim\u00e1tico<\/title>\n<meta name=\"description\" content=\"Varios miles de estudiantes de secundaria y universitarios marcharon este viernes 22 de febrero por el cambio clim\u00e1tico en las calles de Par\u00eds. Las\" \/>\n<meta name=\"robots\" content=\"index, follow, max-snippet:-1, max-image-preview:large, max-video-preview:-1\" \/>\n<link rel=\"canonical\" href=\"https:\/\/www.pressenza.com\/es\/2019\/02\/francia-reportaje-fotografico-jovenes-en-huelga-escolar-por-el-cambio-climatico\/\" \/>\n<meta property=\"og:locale\" content=\"es_ES\" \/>\n<meta property=\"og:type\" content=\"article\" \/>\n<meta property=\"og:title\" content=\"[Francia - Reportaje fotogr\u00e1fico] J\u00f3venes en huelga escolar por el cambio clim\u00e1tico\" \/>\n<meta property=\"og:description\" content=\"Varios miles de estudiantes de secundaria y universitarios marcharon este viernes 22 de febrero por el cambio clim\u00e1tico en las calles de Par\u00eds. Las\" \/>\n<meta property=\"og:url\" content=\"https:\/\/www.pressenza.com\/es\/2019\/02\/francia-reportaje-fotografico-jovenes-en-huelga-escolar-por-el-cambio-climatico\/\" \/>\n<meta property=\"og:site_name\" content=\"Pressenza\" \/>\n<meta property=\"article:publisher\" content=\"https:\/\/www.facebook.com\/PressenzaItalia\" \/>\n<meta property=\"article:published_time\" content=\"2019-02-23T23:49:43+00:00\" \/>\n<meta property=\"og:image\" content=\"https:\/\/www.pressenza.com\/wp-content\/uploads\/2019\/02\/Marche-pour-le-climat-Greta-T._00001.jpg\" \/>\n\t<meta property=\"og:image:width\" content=\"750\" \/>\n\t<meta property=\"og:image:height\" content=\"563\" \/>\n\t<meta property=\"og:image:type\" content=\"image\/jpeg\" \/>\n<meta name=\"author\" content=\"R\u00e9daction France\" \/>\n<meta name=\"twitter:card\" content=\"summary_large_image\" \/>\n<meta name=\"twitter:creator\" content=\"@PressenzaIPA\" \/>\n<meta name=\"twitter:site\" content=\"@PressenzaIPA\" \/>\n<meta name=\"twitter:label1\" content=\"Escrito por\" \/>\n\t<meta name=\"twitter:data1\" content=\"R\u00e9daction France\" \/>\n\t<meta name=\"twitter:label2\" content=\"Tiempo de lectura\" \/>\n\t<meta name=\"twitter:data2\" content=\"1 minuto\" \/>\n<script type=\"application\/ld+json\" class=\"yoast-schema-graph\">{\"@context\":\"https:\/\/schema.org\",\"@graph\":[{\"@type\":\"Article\",\"@id\":\"https:\/\/www.pressenza.com\/es\/2019\/02\/francia-reportaje-fotografico-jovenes-en-huelga-escolar-por-el-cambio-climatico\/#article\",\"isPartOf\":{\"@id\":\"https:\/\/www.pressenza.com\/es\/2019\/02\/francia-reportaje-fotografico-jovenes-en-huelga-escolar-por-el-cambio-climatico\/\"},\"author\":{\"name\":\"R\u00e9daction France\",\"@id\":\"https:\/\/www.pressenza.com\/es\/#\/schema\/person\/3c9fe6670cc2cffbd37562f87b98e869\"},\"headline\":\"[Francia &#8211; Reportaje fotogr\u00e1fico] J\u00f3venes en huelga escolar por el cambio clim\u00e1tico\",\"datePublished\":\"2019-02-23T23:49:43+00:00\",\"mainEntityOfPage\":{\"@id\":\"https:\/\/www.pressenza.com\/es\/2019\/02\/francia-reportaje-fotografico-jovenes-en-huelga-escolar-por-el-cambio-climatico\/\"},\"wordCount\":256,\"publisher\":{\"@id\":\"https:\/\/www.pressenza.com\/es\/#organization\"},\"image\":{\"@id\":\"https:\/\/www.pressenza.com\/es\/2019\/02\/francia-reportaje-fotografico-jovenes-en-huelga-escolar-por-el-cambio-climatico\/#primaryimage\"},\"thumbnailUrl\":\"https:\/\/www.pressenza.com\/wp-content\/uploads\/2019\/02\/Marche-pour-le-climat-Greta-T._00001.jpg\",\"keywords\":[\"#Huelga Escolar\",\"clima\",\"Greta Thunberg\",\"manifestaci\u00f3n sobre el clima\",\"Paris\"],\"articleSection\":[\"Contenido Original\",\"Europa\",\"Fotorreportajes\",\"J\u00f3venes\"],\"inLanguage\":\"es\"},{\"@type\":\"WebPage\",\"@id\":\"https:\/\/www.pressenza.com\/es\/2019\/02\/francia-reportaje-fotografico-jovenes-en-huelga-escolar-por-el-cambio-climatico\/\",\"url\":\"https:\/\/www.pressenza.com\/es\/2019\/02\/francia-reportaje-fotografico-jovenes-en-huelga-escolar-por-el-cambio-climatico\/\",\"name\":\"[Francia - Reportaje fotogr\u00e1fico] J\u00f3venes en huelga escolar por el cambio clim\u00e1tico\",\"isPartOf\":{\"@id\":\"https:\/\/www.pressenza.com\/es\/#website\"},\"primaryImageOfPage\":{\"@id\":\"https:\/\/www.pressenza.com\/es\/2019\/02\/francia-reportaje-fotografico-jovenes-en-huelga-escolar-por-el-cambio-climatico\/#primaryimage\"},\"image\":{\"@id\":\"https:\/\/www.pressenza.com\/es\/2019\/02\/francia-reportaje-fotografico-jovenes-en-huelga-escolar-por-el-cambio-climatico\/#primaryimage\"},\"thumbnailUrl\":\"https:\/\/www.pressenza.com\/wp-content\/uploads\/2019\/02\/Marche-pour-le-climat-Greta-T._00001.jpg\",\"datePublished\":\"2019-02-23T23:49:43+00:00\",\"description\":\"Varios miles de estudiantes de secundaria y universitarios marcharon este viernes 22 de febrero por el cambio clim\u00e1tico en las calles de Par\u00eds. Las\",\"breadcrumb\":{\"@id\":\"https:\/\/www.pressenza.com\/es\/2019\/02\/francia-reportaje-fotografico-jovenes-en-huelga-escolar-por-el-cambio-climatico\/#breadcrumb\"},\"inLanguage\":\"es\",\"potentialAction\":[{\"@type\":\"ReadAction\",\"target\":[\"https:\/\/www.pressenza.com\/es\/2019\/02\/francia-reportaje-fotografico-jovenes-en-huelga-escolar-por-el-cambio-climatico\/\"]}]},{\"@type\":\"ImageObject\",\"inLanguage\":\"es\",\"@id\":\"https:\/\/www.pressenza.com\/es\/2019\/02\/francia-reportaje-fotografico-jovenes-en-huelga-escolar-por-el-cambio-climatico\/#primaryimage\",\"url\":\"https:\/\/www.pressenza.com\/wp-content\/uploads\/2019\/02\/Marche-pour-le-climat-Greta-T._00001.jpg\",\"contentUrl\":\"https:\/\/www.pressenza.com\/wp-content\/uploads\/2019\/02\/Marche-pour-le-climat-Greta-T._00001.jpg\",\"width\":750,\"height\":563,\"caption\":\"Francia, i giovani in sciopero scolastico sul cambiamento climatico\"},{\"@type\":\"BreadcrumbList\",\"@id\":\"https:\/\/www.pressenza.com\/es\/2019\/02\/francia-reportaje-fotografico-jovenes-en-huelga-escolar-por-el-cambio-climatico\/#breadcrumb\",\"itemListElement\":[{\"@type\":\"ListItem\",\"position\":1,\"name\":\"Accueil\",\"item\":\"https:\/\/www.pressenza.com\/es\/\"},{\"@type\":\"ListItem\",\"position\":2,\"name\":\"[Francia &#8211; Reportaje fotogr\u00e1fico] J\u00f3venes en huelga escolar por el cambio clim\u00e1tico\"}]},{\"@type\":\"WebSite\",\"@id\":\"https:\/\/www.pressenza.com\/es\/#website\",\"url\":\"https:\/\/www.pressenza.com\/es\/\",\"name\":\"Pressenza\",\"description\":\"International Press Agency\",\"publisher\":{\"@id\":\"https:\/\/www.pressenza.com\/es\/#organization\"},\"potentialAction\":[{\"@type\":\"SearchAction\",\"target\":{\"@type\":\"EntryPoint\",\"urlTemplate\":\"https:\/\/www.pressenza.com\/es\/?s={search_term_string}\"},\"query-input\":{\"@type\":\"PropertyValueSpecification\",\"valueRequired\":true,\"valueName\":\"search_term_string\"}}],\"inLanguage\":\"es\"},{\"@type\":\"Organization\",\"@id\":\"https:\/\/www.pressenza.com\/es\/#organization\",\"name\":\"Pressenza\",\"url\":\"https:\/\/www.pressenza.com\/es\/\",\"logo\":{\"@type\":\"ImageObject\",\"inLanguage\":\"es\",\"@id\":\"https:\/\/www.pressenza.com\/es\/#\/schema\/logo\/image\/\",\"url\":\"https:\/\/www.pressenza.com\/wp-content\/uploads\/2022\/10\/pressenza_logo_200x200.jpg\",\"contentUrl\":\"https:\/\/www.pressenza.com\/wp-content\/uploads\/2022\/10\/pressenza_logo_200x200.jpg\",\"width\":200,\"height\":200,\"caption\":\"Pressenza\"},\"image\":{\"@id\":\"https:\/\/www.pressenza.com\/es\/#\/schema\/logo\/image\/\"},\"sameAs\":[\"https:\/\/www.facebook.com\/PressenzaItalia\",\"https:\/\/x.com\/PressenzaIPA\"]},{\"@type\":\"Person\",\"@id\":\"https:\/\/www.pressenza.com\/es\/#\/schema\/person\/3c9fe6670cc2cffbd37562f87b98e869\",\"name\":\"R\u00e9daction France\",\"description\":\"News published by the Pressenza bureau in France\",\"sameAs\":[\"http:\/\/www.pressenza.com\/fr\"],\"url\":\"https:\/\/www.pressenza.com\/es\/author\/redactionfrance\/\"}]}<\/script>\n<!-- \/ Yoast SEO plugin. -->","yoast_head_json":{"title":"[Francia - Reportaje fotogr\u00e1fico] J\u00f3venes en huelga escolar por el cambio clim\u00e1tico","description":"Varios miles de estudiantes de secundaria y universitarios marcharon este viernes 22 de febrero por el cambio clim\u00e1tico en las calles de Par\u00eds. Las","robots":{"index":"index","follow":"follow","max-snippet":"max-snippet:-1","max-image-preview":"max-image-preview:large","max-video-preview":"max-video-preview:-1"},"canonical":"https:\/\/www.pressenza.com\/es\/2019\/02\/francia-reportaje-fotografico-jovenes-en-huelga-escolar-por-el-cambio-climatico\/","og_locale":"es_ES","og_type":"article","og_title":"[Francia - Reportaje fotogr\u00e1fico] J\u00f3venes en huelga escolar por el cambio clim\u00e1tico","og_description":"Varios miles de estudiantes de secundaria y universitarios marcharon este viernes 22 de febrero por el cambio clim\u00e1tico en las calles de Par\u00eds. Las","og_url":"https:\/\/www.pressenza.com\/es\/2019\/02\/francia-reportaje-fotografico-jovenes-en-huelga-escolar-por-el-cambio-climatico\/","og_site_name":"Pressenza","article_publisher":"https:\/\/www.facebook.com\/PressenzaItalia","article_published_time":"2019-02-23T23:49:43+00:00","og_image":[{"width":750,"height":563,"url":"https:\/\/www.pressenza.com\/wp-content\/uploads\/2019\/02\/Marche-pour-le-climat-Greta-T._00001.jpg","type":"image\/jpeg"}],"author":"R\u00e9daction France","twitter_card":"summary_large_image","twitter_creator":"@PressenzaIPA","twitter_site":"@PressenzaIPA","twitter_misc":{"Escrito por":"R\u00e9daction France","Tiempo de lectura":"1 minuto"},"schema":{"@context":"https:\/\/schema.org","@graph":[{"@type":"Article","@id":"https:\/\/www.pressenza.com\/es\/2019\/02\/francia-reportaje-fotografico-jovenes-en-huelga-escolar-por-el-cambio-climatico\/#article","isPartOf":{"@id":"https:\/\/www.pressenza.com\/es\/2019\/02\/francia-reportaje-fotografico-jovenes-en-huelga-escolar-por-el-cambio-climatico\/"},"author":{"name":"R\u00e9daction France","@id":"https:\/\/www.pressenza.com\/es\/#\/schema\/person\/3c9fe6670cc2cffbd37562f87b98e869"},"headline":"[Francia &#8211; Reportaje fotogr\u00e1fico] J\u00f3venes en huelga escolar por el cambio clim\u00e1tico","datePublished":"2019-02-23T23:49:43+00:00","mainEntityOfPage":{"@id":"https:\/\/www.pressenza.com\/es\/2019\/02\/francia-reportaje-fotografico-jovenes-en-huelga-escolar-por-el-cambio-climatico\/"},"wordCount":256,"publisher":{"@id":"https:\/\/www.pressenza.com\/es\/#organization"},"image":{"@id":"https:\/\/www.pressenza.com\/es\/2019\/02\/francia-reportaje-fotografico-jovenes-en-huelga-escolar-por-el-cambio-climatico\/#primaryimage"},"thumbnailUrl":"https:\/\/www.pressenza.com\/wp-content\/uploads\/2019\/02\/Marche-pour-le-climat-Greta-T._00001.jpg","keywords":["#Huelga Escolar","clima","Greta Thunberg","manifestaci\u00f3n sobre el clima","Paris"],"articleSection":["Contenido Original","Europa","Fotorreportajes","J\u00f3venes"],"inLanguage":"es"},{"@type":"WebPage","@id":"https:\/\/www.pressenza.com\/es\/2019\/02\/francia-reportaje-fotografico-jovenes-en-huelga-escolar-por-el-cambio-climatico\/","url":"https:\/\/www.pressenza.com\/es\/2019\/02\/francia-reportaje-fotografico-jovenes-en-huelga-escolar-por-el-cambio-climatico\/","name":"[Francia - Reportaje fotogr\u00e1fico] J\u00f3venes en huelga escolar por el cambio clim\u00e1tico","isPartOf":{"@id":"https:\/\/www.pressenza.com\/es\/#website"},"primaryImageOfPage":{"@id":"https:\/\/www.pressenza.com\/es\/2019\/02\/francia-reportaje-fotografico-jovenes-en-huelga-escolar-por-el-cambio-climatico\/#primaryimage"},"image":{"@id":"https:\/\/www.pressenza.com\/es\/2019\/02\/francia-reportaje-fotografico-jovenes-en-huelga-escolar-por-el-cambio-climatico\/#primaryimage"},"thumbnailUrl":"https:\/\/www.pressenza.com\/wp-content\/uploads\/2019\/02\/Marche-pour-le-climat-Greta-T._00001.jpg","datePublished":"2019-02-23T23:49:43+00:00","description":"Varios miles de estudiantes de secundaria y universitarios marcharon este viernes 22 de febrero por el cambio clim\u00e1tico en las calles de Par\u00eds. Las","breadcrumb":{"@id":"https:\/\/www.pressenza.com\/es\/2019\/02\/francia-reportaje-fotografico-jovenes-en-huelga-escolar-por-el-cambio-climatico\/#breadcrumb"},"inLanguage":"es","potentialAction":[{"@type":"ReadAction","target":["https:\/\/www.pressenza.com\/es\/2019\/02\/francia-reportaje-fotografico-jovenes-en-huelga-escolar-por-el-cambio-climatico\/"]}]},{"@type":"ImageObject","inLanguage":"es","@id":"https:\/\/www.pressenza.com\/es\/2019\/02\/francia-reportaje-fotografico-jovenes-en-huelga-escolar-por-el-cambio-climatico\/#primaryimage","url":"https:\/\/www.pressenza.com\/wp-content\/uploads\/2019\/02\/Marche-pour-le-climat-Greta-T._00001.jpg","contentUrl":"https:\/\/www.pressenza.com\/wp-content\/uploads\/2019\/02\/Marche-pour-le-climat-Greta-T._00001.jpg","width":750,"height":563,"caption":"Francia, i giovani in sciopero scolastico sul cambiamento climatico"},{"@type":"BreadcrumbList","@id":"https:\/\/www.pressenza.com\/es\/2019\/02\/francia-reportaje-fotografico-jovenes-en-huelga-escolar-por-el-cambio-climatico\/#breadcrumb","itemListElement":[{"@type":"ListItem","position":1,"name":"Accueil","item":"https:\/\/www.pressenza.com\/es\/"},{"@type":"ListItem","position":2,"name":"[Francia &#8211; Reportaje fotogr\u00e1fico] J\u00f3venes en huelga escolar por el cambio clim\u00e1tico"}]},{"@type":"WebSite","@id":"https:\/\/www.pressenza.com\/es\/#website","url":"https:\/\/www.pressenza.com\/es\/","name":"Pressenza","description":"International Press Agency","publisher":{"@id":"https:\/\/www.pressenza.com\/es\/#organization"},"potentialAction":[{"@type":"SearchAction","target":{"@type":"EntryPoint","urlTemplate":"https:\/\/www.pressenza.com\/es\/?s={search_term_string}"},"query-input":{"@type":"PropertyValueSpecification","valueRequired":true,"valueName":"search_term_string"}}],"inLanguage":"es"},{"@type":"Organization","@id":"https:\/\/www.pressenza.com\/es\/#organization","name":"Pressenza","url":"https:\/\/www.pressenza.com\/es\/","logo":{"@type":"ImageObject","inLanguage":"es","@id":"https:\/\/www.pressenza.com\/es\/#\/schema\/logo\/image\/","url":"https:\/\/www.pressenza.com\/wp-content\/uploads\/2022\/10\/pressenza_logo_200x200.jpg","contentUrl":"https:\/\/www.pressenza.com\/wp-content\/uploads\/2022\/10\/pressenza_logo_200x200.jpg","width":200,"height":200,"caption":"Pressenza"},"image":{"@id":"https:\/\/www.pressenza.com\/es\/#\/schema\/logo\/image\/"},"sameAs":["https:\/\/www.facebook.com\/PressenzaItalia","https:\/\/x.com\/PressenzaIPA"]},{"@type":"Person","@id":"https:\/\/www.pressenza.com\/es\/#\/schema\/person\/3c9fe6670cc2cffbd37562f87b98e869","name":"R\u00e9daction France","description":"News published by the Pressenza bureau in France","sameAs":["http:\/\/www.pressenza.com\/fr"],"url":"https:\/\/www.pressenza.com\/es\/author\/redactionfrance\/"}]}},"place":"Par\u00eds, Francia","original_article_url":"","_links":{"self":[{"href":"https:\/\/www.pressenza.com\/es\/wp-json\/wp\/v2\/posts\/812098","targetHints":{"allow":["GET"]}}],"collection":[{"href":"https:\/\/www.pressenza.com\/es\/wp-json\/wp\/v2\/posts"}],"about":[{"href":"https:\/\/www.pressenza.com\/es\/wp-json\/wp\/v2\/types\/post"}],"author":[{"embeddable":true,"href":"https:\/\/www.pressenza.com\/es\/wp-json\/wp\/v2\/users\/926"}],"replies":[{"embeddable":true,"href":"https:\/\/www.pressenza.com\/es\/wp-json\/wp\/v2\/comments?post=812098"}],"version-history":[{"count":0,"href":"https:\/\/www.pressenza.com\/es\/wp-json\/wp\/v2\/posts\/812098\/revisions"}],"wp:featuredmedia":[{"embeddable":true,"href":"https:\/\/www.pressenza.com\/es\/wp-json\/wp\/v2\/media\/811627"}],"wp:attachment":[{"href":"https:\/\/www.pressenza.com\/es\/wp-json\/wp\/v2\/media?parent=812098"}],"wp:term":[{"taxonomy":"category","embeddable":true,"href":"https:\/\/www.pressenza.com\/es\/wp-json\/wp\/v2\/categories?post=812098"},{"taxonomy":"post_tag","embeddable":true,"href":"https:\/\/www.pressenza.com\/es\/wp-json\/wp\/v2\/tags?post=812098"}],"curies":[{"name":"wp","href":"https:\/\/api.w.org\/{rel}","templated":true}]}}