{"id":812095,"date":"2019-02-23T23:41:28","date_gmt":"2019-02-23T23:41:28","guid":{"rendered":"https:\/\/www.pressenza.com\/?p=812095"},"modified":"2019-02-23T23:41:28","modified_gmt":"2019-02-23T23:41:28","slug":"alumnos-en-la-plaza-rechazamos-el-gobierno-partido-comunista-que-el-pd-partido-democratico-no-se-la-apropie-la-protesta-es-en-contra-suya","status":"publish","type":"post","link":"https:\/\/www.pressenza.com\/es\/2019\/02\/alumnos-en-la-plaza-rechazamos-el-gobierno-partido-comunista-que-el-pd-partido-democratico-no-se-la-apropie-la-protesta-es-en-contra-suya\/","title":{"rendered":"Alumnos en la plaza: \u00abRechazamos el gobierno\u00bb. Partido Comunista: \u201cQue el PD (Partido Democr\u00e1tico) no se la apropie: la protesta es en contra suya\u201d"},"content":{"rendered":"<div style=\"text-align: justify;\">\n<p>Los estudiantes vuelven a hacer o\u00edr sus voces en decenas de plazas de toda Italia. \u00abRechazamos el gobierno\u00bb es el eslogan de la convocatoria de manifestaci\u00f3n, <strong>organizada por el Frente de J\u00f3venes Comunistas (\u201cFgc\u201d<\/strong> en italiano), organizaci\u00f3n juvenil vinculada al <strong>Partido Comunista<\/strong> (PC). <strong>El evento se llev\u00f3 a cabo en casi 50 ciudades<\/strong> y alcanz\u00f3 los puntos m\u00e1s altos de participaci\u00f3n en <strong>Tur\u00edn<\/strong> (<a href=\"https:\/\/www.facebook.com\/simon.vial.92\/videos\/1166842970164000\/\">lugar donde comenz\u00f3 todo<\/a>), <strong>Roma, Bolonia, N\u00e1poles, Reggio Calabria, Mil\u00e1n, pero tambi\u00e9n Cosenza, Taranto, Mestre, Perugia, Padua, Spoleto y Palermo<\/strong>.<\/p>\n<p>Es entonces que volvemos a las calles para protestar contra el gobierno llamado <em>Amarillo-Verde<\/em> (Gobierno Conte) y los recortes en las comparaciones de la escuela p\u00fablica. \u00ab<strong>Los estudiantes en toda Italia rechazan al gobierno<\/strong>\u00ab, declar\u00f3 <strong>Alessandro Fiorucci<\/strong>, director de la escuela, en apoyo de las protestas. <strong>FGC<\/strong>.<\/p>\n<p>\u00ab<strong>El cambio anunciado por Salvini<\/strong> &#8211; contin\u00faa la nota &#8211; <strong>y Maio es una enorme broma<\/strong>. En la escuela, la maniobra amarillo-verde proporciona 4 mil millones de cortes y la \u00abnueva madurez\u00bb <strong>es la misma que desea el PD<\/strong>. Detr\u00e1s de los lemas del gobierno est\u00e1 la realidad concreta de los continuos colapsos en las escuelas y millones de estudiantes en peligro, pero Salvini prefiere aumentar la represi\u00f3n con c\u00e1maras y controles policiales. <strong>Tratan de dividirnos con propaganda racista para cubrir sus responsabilidades pol\u00edticas<\/strong>, pero sabemos que no hay ning\u00fan cambio de direcci\u00f3n en comparaci\u00f3n con el pasado. Hoy las plazas llenas de estudiantes lo dicen claramente: <strong>este gobierno es el enemigo de los j\u00f3venes<\/strong>\u201d.<\/p>\n<p><strong>Explotaciones, la PC no se encuentra ah\u00ed: \u00ablos estudiantes tambi\u00e9n protestan contra ellos\u00bb.<\/strong><\/p>\n<p>La protesta del Frente Juvenil Comunista llega a las puertas del Partido Dem\u00f3crata que, a trav\u00e9s de su \u00f3rgano oficial <em>&#8216;Democr\u00e1tica&#8217;<\/em>, <a href=\"https:\/\/www.democratica.com\/focus\/governo-bocciato-scuola\/\">utiliza una foto de Roma de la protesta #Bocciamoilgoverno<\/a> adapt\u00e1ndola (o, mejor, descontextualiz\u00e1ndola) a un art\u00edculo sobre protestas de las organizaciones estudiantiles romanas cercanas.<\/p>\n<p>El c\u00e1ustico <strong>Alessandro Mustillo<\/strong>, excandidato a la alcald\u00eda de Roma por el <strong>Partido Comunista<\/strong>: \u00abEl PD y la izquierda que gobiernan el Lacio intentan aprovecharse de esta protesta intentando reivindicarla pol\u00edticamente para sus fines electorales. <strong>Para ser claros<\/strong>, si no lo has notado<strong>, la protesta tambi\u00e9n es en contra suya<\/strong>\u00ab.<\/p>\n<p>Permanece el Partido Comunista: \u00ab<strong>Una protesta que no tiene nada que ver con la explotaci\u00f3n de los partidos de centroizquierda, corresponsable<\/strong> de a\u00f1os de pol\u00edticas de <strong>destrucci\u00f3n<\/strong> de <strong>escuelas p\u00fablicas<\/strong>, que hoy buscan reclamar su paternidad por cuestiones de mero retorno electoral. Lo que es hoy es un signo <strong>extremadamente positivo<\/strong> que muestra c\u00f3mo a trav\u00e9s del trabajo pol\u00edtico y la organizaci\u00f3n es posible construir una movilizaci\u00f3n de clases, criticando a este gobierno desde la \u00f3ptica de las clases populares y no terminando <strong>en el in\u00fatil electoralismo ret\u00f3rico del PD<\/strong> y las fuerzas de izquierda, que han aplicado las mismas medidas antipopulares al gobierno\u00bb.<\/p>\n<\/div>\n<p><em>Traducci\u00f3n del italiano: Ana Gabriela Vel\u00e1squez Proa\u00f1o<\/em><\/p>\n<p>&nbsp;<\/p>\n<div class=\"post-gallery\">\n\t\t\t<figure class=\"post-gallery-item\">\n\t\t\t\t<img decoding=\"async\" src=\"https:\/\/www.pressenza.com\/wp-content\/uploads\/2019\/02\/52450123_2258662034186576_6010248840270053376_o-720x540.jpg\" loading=\"lazy\">\n\t\t\t\t<figcaption>\n\t\t\t\t\t\n\t\t\t\t<\/figcaption>\n\t\t\t<\/figure>\n\t\t\t<figure class=\"post-gallery-item\">\n\t\t\t\t<img decoding=\"async\" src=\"https:\/\/www.pressenza.com\/wp-content\/uploads\/2019\/02\/Dz_t1WYWsAAj-2x-720x540.jpeg\" loading=\"lazy\">\n\t\t\t\t<figcaption>\n\t\t\t\t\t\n\t\t\t\t<\/figcaption>\n\t\t\t<\/figure>\n\t\t\t<figure class=\"post-gallery-item\">\n\t\t\t\t<img decoding=\"async\" src=\"https:\/\/www.pressenza.com\/wp-content\/uploads\/2019\/02\/Dz_vjXAWkAAF8I1-720x405.jpeg\" loading=\"lazy\">\n\t\t\t\t<figcaption>\n\t\t\t\t\t\n\t\t\t\t<\/figcaption>\n\t\t\t<\/figure>\n\t\t\t<figure class=\"post-gallery-item\">\n\t\t\t\t<img decoding=\"async\" src=\"https:\/\/www.pressenza.com\/wp-content\/uploads\/2019\/02\/52861327_2258661914186588_3158182430200823808_o-1-720x355.jpg\" loading=\"lazy\">\n\t\t\t\t<figcaption>\n\t\t\t\t\t\n\t\t\t\t<\/figcaption>\n\t\t\t<\/figure><\/div>\n","protected":false},"excerpt":{"rendered":"<p>Los estudiantes vuelven a hacer o\u00edr sus voces en decenas de plazas de toda Italia. \u00abRechazamos el gobierno\u00bb es el eslogan de la convocatoria de manifestaci\u00f3n, organizada por el Frente de J\u00f3venes Comunistas (\u201cFgc\u201d en italiano), organizaci\u00f3n juvenil vinculada al&hellip;<\/p>\n","protected":false},"author":1456,"featured_media":811338,"comment_status":"closed","ping_status":"closed","sticky":false,"template":"","format":"standard","meta":{"footnotes":""},"categories":[11389,66,74],"tags":[55584,55585,17569,55586,55587],"class_list":["post-812095","post","type-post","status-publish","format-standard","has-post-thumbnail","hentry","category-contenido-original","category-europa-es","category-politica-es","tag-22febrero","tag-bocciamoilgoverno-es","tag-escuela","tag-fgc-es","tag-pc-es"],"yoast_head":"<!-- This site is optimized with the Yoast SEO plugin v27.1.1 - https:\/\/yoast.com\/product\/yoast-seo-wordpress\/ -->\n<title>Alumnos en la plaza: &quot;Rechazamos el gobierno&quot;. Partido Comunista: \u201cQue el PD (Partido Democr\u00e1tico) no se la apropie: la protesta es en contra suya\u201d<\/title>\n<meta name=\"description\" content=\"Los estudiantes vuelven a hacer o\u00edr sus voces en decenas de plazas de toda Italia. &quot;Rechazamos el gobierno&quot; es el eslogan de la convocatoria de\" \/>\n<meta name=\"robots\" content=\"index, follow, max-snippet:-1, max-image-preview:large, max-video-preview:-1\" \/>\n<link rel=\"canonical\" href=\"https:\/\/www.pressenza.com\/es\/2019\/02\/alumnos-en-la-plaza-rechazamos-el-gobierno-partido-comunista-que-el-pd-partido-democratico-no-se-la-apropie-la-protesta-es-en-contra-suya\/\" \/>\n<meta property=\"og:locale\" content=\"es_ES\" \/>\n<meta property=\"og:type\" content=\"article\" \/>\n<meta property=\"og:title\" content=\"Alumnos en la plaza: &quot;Rechazamos el gobierno&quot;. Partido Comunista: \u201cQue el PD (Partido Democr\u00e1tico) no se la apropie: la protesta es en contra suya\u201d\" \/>\n<meta property=\"og:description\" content=\"Los estudiantes vuelven a hacer o\u00edr sus voces en decenas de plazas de toda Italia. &quot;Rechazamos el gobierno&quot; es el eslogan de la convocatoria de\" \/>\n<meta property=\"og:url\" content=\"https:\/\/www.pressenza.com\/es\/2019\/02\/alumnos-en-la-plaza-rechazamos-el-gobierno-partido-comunista-que-el-pd-partido-democratico-no-se-la-apropie-la-protesta-es-en-contra-suya\/\" \/>\n<meta property=\"og:site_name\" content=\"Pressenza\" \/>\n<meta property=\"article:publisher\" content=\"https:\/\/www.facebook.com\/PressenzaItalia\" \/>\n<meta property=\"article:published_time\" content=\"2019-02-23T23:41:28+00:00\" \/>\n<meta property=\"og:image\" content=\"https:\/\/www.pressenza.com\/wp-content\/uploads\/2019\/02\/53057825_2258670174185762_6925516163573088256_n.jpg\" \/>\n\t<meta property=\"og:image:width\" content=\"960\" \/>\n\t<meta property=\"og:image:height\" content=\"511\" \/>\n\t<meta property=\"og:image:type\" content=\"image\/jpeg\" \/>\n<meta name=\"author\" content=\"Marco Piccinelli\" \/>\n<meta name=\"twitter:card\" content=\"summary_large_image\" \/>\n<meta name=\"twitter:creator\" content=\"@PressenzaIPA\" \/>\n<meta name=\"twitter:site\" content=\"@PressenzaIPA\" \/>\n<meta name=\"twitter:label1\" content=\"Escrito por\" \/>\n\t<meta name=\"twitter:data1\" content=\"Marco Piccinelli\" \/>\n\t<meta name=\"twitter:label2\" content=\"Tiempo de lectura\" \/>\n\t<meta name=\"twitter:data2\" content=\"3 minutos\" \/>\n<script type=\"application\/ld+json\" class=\"yoast-schema-graph\">{\"@context\":\"https:\/\/schema.org\",\"@graph\":[{\"@type\":\"Article\",\"@id\":\"https:\/\/www.pressenza.com\/es\/2019\/02\/alumnos-en-la-plaza-rechazamos-el-gobierno-partido-comunista-que-el-pd-partido-democratico-no-se-la-apropie-la-protesta-es-en-contra-suya\/#article\",\"isPartOf\":{\"@id\":\"https:\/\/www.pressenza.com\/es\/2019\/02\/alumnos-en-la-plaza-rechazamos-el-gobierno-partido-comunista-que-el-pd-partido-democratico-no-se-la-apropie-la-protesta-es-en-contra-suya\/\"},\"author\":{\"name\":\"Marco Piccinelli\",\"@id\":\"https:\/\/www.pressenza.com\/es\/#\/schema\/person\/e7b9348384b4a58e20fa11262a749506\"},\"headline\":\"Alumnos en la plaza: \u00abRechazamos el gobierno\u00bb. Partido Comunista: \u201cQue el PD (Partido Democr\u00e1tico) no se la apropie: la protesta es en contra suya\u201d\",\"datePublished\":\"2019-02-23T23:41:28+00:00\",\"mainEntityOfPage\":{\"@id\":\"https:\/\/www.pressenza.com\/es\/2019\/02\/alumnos-en-la-plaza-rechazamos-el-gobierno-partido-comunista-que-el-pd-partido-democratico-no-se-la-apropie-la-protesta-es-en-contra-suya\/\"},\"wordCount\":540,\"publisher\":{\"@id\":\"https:\/\/www.pressenza.com\/es\/#organization\"},\"image\":{\"@id\":\"https:\/\/www.pressenza.com\/es\/2019\/02\/alumnos-en-la-plaza-rechazamos-el-gobierno-partido-comunista-que-el-pd-partido-democratico-no-se-la-apropie-la-protesta-es-en-contra-suya\/#primaryimage\"},\"thumbnailUrl\":\"https:\/\/www.pressenza.com\/wp-content\/uploads\/2019\/02\/53057825_2258670174185762_6925516163573088256_n.jpg\",\"keywords\":[\"22Febrero\",\"bocciamoilgoverno\",\"escuela\",\"Fgc\",\"PC\"],\"articleSection\":[\"Contenido Original\",\"Europa\",\"Pol\u00edtica\"],\"inLanguage\":\"es\"},{\"@type\":\"WebPage\",\"@id\":\"https:\/\/www.pressenza.com\/es\/2019\/02\/alumnos-en-la-plaza-rechazamos-el-gobierno-partido-comunista-que-el-pd-partido-democratico-no-se-la-apropie-la-protesta-es-en-contra-suya\/\",\"url\":\"https:\/\/www.pressenza.com\/es\/2019\/02\/alumnos-en-la-plaza-rechazamos-el-gobierno-partido-comunista-que-el-pd-partido-democratico-no-se-la-apropie-la-protesta-es-en-contra-suya\/\",\"name\":\"Alumnos en la plaza: \\\"Rechazamos el gobierno\\\". Partido Comunista: \u201cQue el PD (Partido Democr\u00e1tico) no se la apropie: la protesta es en contra suya\u201d\",\"isPartOf\":{\"@id\":\"https:\/\/www.pressenza.com\/es\/#website\"},\"primaryImageOfPage\":{\"@id\":\"https:\/\/www.pressenza.com\/es\/2019\/02\/alumnos-en-la-plaza-rechazamos-el-gobierno-partido-comunista-que-el-pd-partido-democratico-no-se-la-apropie-la-protesta-es-en-contra-suya\/#primaryimage\"},\"image\":{\"@id\":\"https:\/\/www.pressenza.com\/es\/2019\/02\/alumnos-en-la-plaza-rechazamos-el-gobierno-partido-comunista-que-el-pd-partido-democratico-no-se-la-apropie-la-protesta-es-en-contra-suya\/#primaryimage\"},\"thumbnailUrl\":\"https:\/\/www.pressenza.com\/wp-content\/uploads\/2019\/02\/53057825_2258670174185762_6925516163573088256_n.jpg\",\"datePublished\":\"2019-02-23T23:41:28+00:00\",\"description\":\"Los estudiantes vuelven a hacer o\u00edr sus voces en decenas de plazas de toda Italia. \\\"Rechazamos el gobierno\\\" es el eslogan de la convocatoria de\",\"breadcrumb\":{\"@id\":\"https:\/\/www.pressenza.com\/es\/2019\/02\/alumnos-en-la-plaza-rechazamos-el-gobierno-partido-comunista-que-el-pd-partido-democratico-no-se-la-apropie-la-protesta-es-en-contra-suya\/#breadcrumb\"},\"inLanguage\":\"es\",\"potentialAction\":[{\"@type\":\"ReadAction\",\"target\":[\"https:\/\/www.pressenza.com\/es\/2019\/02\/alumnos-en-la-plaza-rechazamos-el-gobierno-partido-comunista-que-el-pd-partido-democratico-no-se-la-apropie-la-protesta-es-en-contra-suya\/\"]}]},{\"@type\":\"ImageObject\",\"inLanguage\":\"es\",\"@id\":\"https:\/\/www.pressenza.com\/es\/2019\/02\/alumnos-en-la-plaza-rechazamos-el-gobierno-partido-comunista-que-el-pd-partido-democratico-no-se-la-apropie-la-protesta-es-en-contra-suya\/#primaryimage\",\"url\":\"https:\/\/www.pressenza.com\/wp-content\/uploads\/2019\/02\/53057825_2258670174185762_6925516163573088256_n.jpg\",\"contentUrl\":\"https:\/\/www.pressenza.com\/wp-content\/uploads\/2019\/02\/53057825_2258670174185762_6925516163573088256_n.jpg\",\"width\":960,\"height\":511},{\"@type\":\"BreadcrumbList\",\"@id\":\"https:\/\/www.pressenza.com\/es\/2019\/02\/alumnos-en-la-plaza-rechazamos-el-gobierno-partido-comunista-que-el-pd-partido-democratico-no-se-la-apropie-la-protesta-es-en-contra-suya\/#breadcrumb\",\"itemListElement\":[{\"@type\":\"ListItem\",\"position\":1,\"name\":\"Accueil\",\"item\":\"https:\/\/www.pressenza.com\/es\/\"},{\"@type\":\"ListItem\",\"position\":2,\"name\":\"Alumnos en la plaza: \u00abRechazamos el gobierno\u00bb. Partido Comunista: \u201cQue el PD (Partido Democr\u00e1tico) no se la apropie: la protesta es en contra suya\u201d\"}]},{\"@type\":\"WebSite\",\"@id\":\"https:\/\/www.pressenza.com\/es\/#website\",\"url\":\"https:\/\/www.pressenza.com\/es\/\",\"name\":\"Pressenza\",\"description\":\"International Press Agency\",\"publisher\":{\"@id\":\"https:\/\/www.pressenza.com\/es\/#organization\"},\"potentialAction\":[{\"@type\":\"SearchAction\",\"target\":{\"@type\":\"EntryPoint\",\"urlTemplate\":\"https:\/\/www.pressenza.com\/es\/?s={search_term_string}\"},\"query-input\":{\"@type\":\"PropertyValueSpecification\",\"valueRequired\":true,\"valueName\":\"search_term_string\"}}],\"inLanguage\":\"es\"},{\"@type\":\"Organization\",\"@id\":\"https:\/\/www.pressenza.com\/es\/#organization\",\"name\":\"Pressenza\",\"url\":\"https:\/\/www.pressenza.com\/es\/\",\"logo\":{\"@type\":\"ImageObject\",\"inLanguage\":\"es\",\"@id\":\"https:\/\/www.pressenza.com\/es\/#\/schema\/logo\/image\/\",\"url\":\"https:\/\/www.pressenza.com\/wp-content\/uploads\/2022\/10\/pressenza_logo_200x200.jpg\",\"contentUrl\":\"https:\/\/www.pressenza.com\/wp-content\/uploads\/2022\/10\/pressenza_logo_200x200.jpg\",\"width\":200,\"height\":200,\"caption\":\"Pressenza\"},\"image\":{\"@id\":\"https:\/\/www.pressenza.com\/es\/#\/schema\/logo\/image\/\"},\"sameAs\":[\"https:\/\/www.facebook.com\/PressenzaItalia\",\"https:\/\/x.com\/PressenzaIPA\"]},{\"@type\":\"Person\",\"@id\":\"https:\/\/www.pressenza.com\/es\/#\/schema\/person\/e7b9348384b4a58e20fa11262a749506\",\"name\":\"Marco Piccinelli\",\"description\":\"Insegnante di lettere alla scuola secondaria di secondo grado e giornalista. Ho scritto con Fabio Belli per Rogas Edizioni edizioni: \\\"Calcio e Martello. Storie e uomini del calcio socialista\\\", \\\"La Repubblica nel pallone\\\", \\\"C\u2019eravamo tanto a(r)mati\\\" e \\\"La pi\u00f9 forte - The Strongest e altre storie del calcio in Bolivia\\\". Sognatore, nicchista e felice di esserlo.\",\"url\":\"https:\/\/www.pressenza.com\/es\/author\/marco-piccinelli\/\"}]}<\/script>\n<!-- \/ Yoast SEO plugin. -->","yoast_head_json":{"title":"Alumnos en la plaza: \"Rechazamos el gobierno\". Partido Comunista: \u201cQue el PD (Partido Democr\u00e1tico) no se la apropie: la protesta es en contra suya\u201d","description":"Los estudiantes vuelven a hacer o\u00edr sus voces en decenas de plazas de toda Italia. \"Rechazamos el gobierno\" es el eslogan de la convocatoria de","robots":{"index":"index","follow":"follow","max-snippet":"max-snippet:-1","max-image-preview":"max-image-preview:large","max-video-preview":"max-video-preview:-1"},"canonical":"https:\/\/www.pressenza.com\/es\/2019\/02\/alumnos-en-la-plaza-rechazamos-el-gobierno-partido-comunista-que-el-pd-partido-democratico-no-se-la-apropie-la-protesta-es-en-contra-suya\/","og_locale":"es_ES","og_type":"article","og_title":"Alumnos en la plaza: \"Rechazamos el gobierno\". Partido Comunista: \u201cQue el PD (Partido Democr\u00e1tico) no se la apropie: la protesta es en contra suya\u201d","og_description":"Los estudiantes vuelven a hacer o\u00edr sus voces en decenas de plazas de toda Italia. \"Rechazamos el gobierno\" es el eslogan de la convocatoria de","og_url":"https:\/\/www.pressenza.com\/es\/2019\/02\/alumnos-en-la-plaza-rechazamos-el-gobierno-partido-comunista-que-el-pd-partido-democratico-no-se-la-apropie-la-protesta-es-en-contra-suya\/","og_site_name":"Pressenza","article_publisher":"https:\/\/www.facebook.com\/PressenzaItalia","article_published_time":"2019-02-23T23:41:28+00:00","og_image":[{"width":960,"height":511,"url":"https:\/\/www.pressenza.com\/wp-content\/uploads\/2019\/02\/53057825_2258670174185762_6925516163573088256_n.jpg","type":"image\/jpeg"}],"author":"Marco Piccinelli","twitter_card":"summary_large_image","twitter_creator":"@PressenzaIPA","twitter_site":"@PressenzaIPA","twitter_misc":{"Escrito por":"Marco Piccinelli","Tiempo de lectura":"3 minutos"},"schema":{"@context":"https:\/\/schema.org","@graph":[{"@type":"Article","@id":"https:\/\/www.pressenza.com\/es\/2019\/02\/alumnos-en-la-plaza-rechazamos-el-gobierno-partido-comunista-que-el-pd-partido-democratico-no-se-la-apropie-la-protesta-es-en-contra-suya\/#article","isPartOf":{"@id":"https:\/\/www.pressenza.com\/es\/2019\/02\/alumnos-en-la-plaza-rechazamos-el-gobierno-partido-comunista-que-el-pd-partido-democratico-no-se-la-apropie-la-protesta-es-en-contra-suya\/"},"author":{"name":"Marco Piccinelli","@id":"https:\/\/www.pressenza.com\/es\/#\/schema\/person\/e7b9348384b4a58e20fa11262a749506"},"headline":"Alumnos en la plaza: \u00abRechazamos el gobierno\u00bb. Partido Comunista: \u201cQue el PD (Partido Democr\u00e1tico) no se la apropie: la protesta es en contra suya\u201d","datePublished":"2019-02-23T23:41:28+00:00","mainEntityOfPage":{"@id":"https:\/\/www.pressenza.com\/es\/2019\/02\/alumnos-en-la-plaza-rechazamos-el-gobierno-partido-comunista-que-el-pd-partido-democratico-no-se-la-apropie-la-protesta-es-en-contra-suya\/"},"wordCount":540,"publisher":{"@id":"https:\/\/www.pressenza.com\/es\/#organization"},"image":{"@id":"https:\/\/www.pressenza.com\/es\/2019\/02\/alumnos-en-la-plaza-rechazamos-el-gobierno-partido-comunista-que-el-pd-partido-democratico-no-se-la-apropie-la-protesta-es-en-contra-suya\/#primaryimage"},"thumbnailUrl":"https:\/\/www.pressenza.com\/wp-content\/uploads\/2019\/02\/53057825_2258670174185762_6925516163573088256_n.jpg","keywords":["22Febrero","bocciamoilgoverno","escuela","Fgc","PC"],"articleSection":["Contenido Original","Europa","Pol\u00edtica"],"inLanguage":"es"},{"@type":"WebPage","@id":"https:\/\/www.pressenza.com\/es\/2019\/02\/alumnos-en-la-plaza-rechazamos-el-gobierno-partido-comunista-que-el-pd-partido-democratico-no-se-la-apropie-la-protesta-es-en-contra-suya\/","url":"https:\/\/www.pressenza.com\/es\/2019\/02\/alumnos-en-la-plaza-rechazamos-el-gobierno-partido-comunista-que-el-pd-partido-democratico-no-se-la-apropie-la-protesta-es-en-contra-suya\/","name":"Alumnos en la plaza: \"Rechazamos el gobierno\". Partido Comunista: \u201cQue el PD (Partido Democr\u00e1tico) no se la apropie: la protesta es en contra suya\u201d","isPartOf":{"@id":"https:\/\/www.pressenza.com\/es\/#website"},"primaryImageOfPage":{"@id":"https:\/\/www.pressenza.com\/es\/2019\/02\/alumnos-en-la-plaza-rechazamos-el-gobierno-partido-comunista-que-el-pd-partido-democratico-no-se-la-apropie-la-protesta-es-en-contra-suya\/#primaryimage"},"image":{"@id":"https:\/\/www.pressenza.com\/es\/2019\/02\/alumnos-en-la-plaza-rechazamos-el-gobierno-partido-comunista-que-el-pd-partido-democratico-no-se-la-apropie-la-protesta-es-en-contra-suya\/#primaryimage"},"thumbnailUrl":"https:\/\/www.pressenza.com\/wp-content\/uploads\/2019\/02\/53057825_2258670174185762_6925516163573088256_n.jpg","datePublished":"2019-02-23T23:41:28+00:00","description":"Los estudiantes vuelven a hacer o\u00edr sus voces en decenas de plazas de toda Italia. \"Rechazamos el gobierno\" es el eslogan de la convocatoria de","breadcrumb":{"@id":"https:\/\/www.pressenza.com\/es\/2019\/02\/alumnos-en-la-plaza-rechazamos-el-gobierno-partido-comunista-que-el-pd-partido-democratico-no-se-la-apropie-la-protesta-es-en-contra-suya\/#breadcrumb"},"inLanguage":"es","potentialAction":[{"@type":"ReadAction","target":["https:\/\/www.pressenza.com\/es\/2019\/02\/alumnos-en-la-plaza-rechazamos-el-gobierno-partido-comunista-que-el-pd-partido-democratico-no-se-la-apropie-la-protesta-es-en-contra-suya\/"]}]},{"@type":"ImageObject","inLanguage":"es","@id":"https:\/\/www.pressenza.com\/es\/2019\/02\/alumnos-en-la-plaza-rechazamos-el-gobierno-partido-comunista-que-el-pd-partido-democratico-no-se-la-apropie-la-protesta-es-en-contra-suya\/#primaryimage","url":"https:\/\/www.pressenza.com\/wp-content\/uploads\/2019\/02\/53057825_2258670174185762_6925516163573088256_n.jpg","contentUrl":"https:\/\/www.pressenza.com\/wp-content\/uploads\/2019\/02\/53057825_2258670174185762_6925516163573088256_n.jpg","width":960,"height":511},{"@type":"BreadcrumbList","@id":"https:\/\/www.pressenza.com\/es\/2019\/02\/alumnos-en-la-plaza-rechazamos-el-gobierno-partido-comunista-que-el-pd-partido-democratico-no-se-la-apropie-la-protesta-es-en-contra-suya\/#breadcrumb","itemListElement":[{"@type":"ListItem","position":1,"name":"Accueil","item":"https:\/\/www.pressenza.com\/es\/"},{"@type":"ListItem","position":2,"name":"Alumnos en la plaza: \u00abRechazamos el gobierno\u00bb. Partido Comunista: \u201cQue el PD (Partido Democr\u00e1tico) no se la apropie: la protesta es en contra suya\u201d"}]},{"@type":"WebSite","@id":"https:\/\/www.pressenza.com\/es\/#website","url":"https:\/\/www.pressenza.com\/es\/","name":"Pressenza","description":"International Press Agency","publisher":{"@id":"https:\/\/www.pressenza.com\/es\/#organization"},"potentialAction":[{"@type":"SearchAction","target":{"@type":"EntryPoint","urlTemplate":"https:\/\/www.pressenza.com\/es\/?s={search_term_string}"},"query-input":{"@type":"PropertyValueSpecification","valueRequired":true,"valueName":"search_term_string"}}],"inLanguage":"es"},{"@type":"Organization","@id":"https:\/\/www.pressenza.com\/es\/#organization","name":"Pressenza","url":"https:\/\/www.pressenza.com\/es\/","logo":{"@type":"ImageObject","inLanguage":"es","@id":"https:\/\/www.pressenza.com\/es\/#\/schema\/logo\/image\/","url":"https:\/\/www.pressenza.com\/wp-content\/uploads\/2022\/10\/pressenza_logo_200x200.jpg","contentUrl":"https:\/\/www.pressenza.com\/wp-content\/uploads\/2022\/10\/pressenza_logo_200x200.jpg","width":200,"height":200,"caption":"Pressenza"},"image":{"@id":"https:\/\/www.pressenza.com\/es\/#\/schema\/logo\/image\/"},"sameAs":["https:\/\/www.facebook.com\/PressenzaItalia","https:\/\/x.com\/PressenzaIPA"]},{"@type":"Person","@id":"https:\/\/www.pressenza.com\/es\/#\/schema\/person\/e7b9348384b4a58e20fa11262a749506","name":"Marco Piccinelli","description":"Insegnante di lettere alla scuola secondaria di secondo grado e giornalista. Ho scritto con Fabio Belli per Rogas Edizioni edizioni: \"Calcio e Martello. Storie e uomini del calcio socialista\", \"La Repubblica nel pallone\", \"C\u2019eravamo tanto a(r)mati\" e \"La pi\u00f9 forte - The Strongest e altre storie del calcio in Bolivia\". Sognatore, nicchista e felice di esserlo.","url":"https:\/\/www.pressenza.com\/es\/author\/marco-piccinelli\/"}]}},"place":"","original_article_url":"","_links":{"self":[{"href":"https:\/\/www.pressenza.com\/es\/wp-json\/wp\/v2\/posts\/812095","targetHints":{"allow":["GET"]}}],"collection":[{"href":"https:\/\/www.pressenza.com\/es\/wp-json\/wp\/v2\/posts"}],"about":[{"href":"https:\/\/www.pressenza.com\/es\/wp-json\/wp\/v2\/types\/post"}],"author":[{"embeddable":true,"href":"https:\/\/www.pressenza.com\/es\/wp-json\/wp\/v2\/users\/1456"}],"replies":[{"embeddable":true,"href":"https:\/\/www.pressenza.com\/es\/wp-json\/wp\/v2\/comments?post=812095"}],"version-history":[{"count":0,"href":"https:\/\/www.pressenza.com\/es\/wp-json\/wp\/v2\/posts\/812095\/revisions"}],"wp:featuredmedia":[{"embeddable":true,"href":"https:\/\/www.pressenza.com\/es\/wp-json\/wp\/v2\/media\/811338"}],"wp:attachment":[{"href":"https:\/\/www.pressenza.com\/es\/wp-json\/wp\/v2\/media?parent=812095"}],"wp:term":[{"taxonomy":"category","embeddable":true,"href":"https:\/\/www.pressenza.com\/es\/wp-json\/wp\/v2\/categories?post=812095"},{"taxonomy":"post_tag","embeddable":true,"href":"https:\/\/www.pressenza.com\/es\/wp-json\/wp\/v2\/tags?post=812095"}],"curies":[{"name":"wp","href":"https:\/\/api.w.org\/{rel}","templated":true}]}}