{"id":810008,"date":"2019-02-19T15:06:56","date_gmt":"2019-02-19T15:06:56","guid":{"rendered":"https:\/\/www.pressenza.com\/?p=810008"},"modified":"2019-02-19T15:06:56","modified_gmt":"2019-02-19T15:06:56","slug":"argentinas-vuelven-a-tomar-las-calles-a-favor-del-aborto-legal","status":"publish","type":"post","link":"https:\/\/www.pressenza.com\/es\/2019\/02\/argentinas-vuelven-a-tomar-las-calles-a-favor-del-aborto-legal\/","title":{"rendered":"Argentinas vuelven a tomar las calles a favor del aborto legal"},"content":{"rendered":"<p>Seis meses despu\u00e9s que el Senado desaprobara el proyecto de ley de Interrupci\u00f3n Voluntaria del Embarazo (IVE), las argentinas volver\u00e1n a tomar hoy las calles en un nuevo \u00bbpa\u00f1uelazo\u00bb por una lucha que cada vez se hace m\u00e1s latente.<\/p>\n<p>Aunque a\u00fan con una grieta visible y posturas intransigentes en algunos casos, desde que se ech\u00f3 abajo la iniciativa, el pa\u00f1uelo verde, devenido s\u00edmbolo de lucha de las mujeres que piden por el aborto legal, seguro y gratuito, se ve en todas partes y no solo lo portan las f\u00e9minas, tambi\u00e9n hombres.<\/p>\n<p>Este martes a las 19:00, hora local, la Plaza de los dos Congresos, la misma que aquella madrugada del 8 de agosto estuvo pendiente del debate en el Senado con la esperanza de un s\u00ed, volver\u00e1 a llenarse de pa\u00f1uelos en un nuevo grito por la despenalizaci\u00f3n del aborto.<\/p>\n<p>Desde Buenos Aires y en todo el pa\u00eds, ser\u00e1 una manifestaci\u00f3n al un\u00edsono en busca de hacer visible una ley que piden a gritos miles de mujeres que hoy se someten a este procedimiento de manera ilegal y sin condiciones, exponiendo sus vidas y en muchos casos terminando con ella.<\/p>\n<p>Organizaciones pol\u00edticas y sociales, dirigentes y militantes acompa\u00f1ar\u00e1n a las gestoras de la Campa\u00f1a por el aborto legal, seguro y gratuito, cuyo proyecto volver\u00e1 a ser impulsado este a\u00f1o y no quedar\u00e1 excepto de la campa\u00f1a electoral.<\/p>\n<p>La fecha coincide adem\u00e1s con aquel 19 de febrero del pasado a\u00f1o cuando se realiz\u00f3 el primer \u201cpa\u00f1uelazo\u201d federal, que marc\u00f3 las pautas para que el tema llegara una vez m\u00e1s y con fuerza al Poder Legislativo.<\/p>\n<p>Adem\u00e1s de pedir por la legalizaci\u00f3n de este m\u00e9todo de interrupci\u00f3n del embarazo, las argentinas tambi\u00e9n abogar\u00e1n por la implementaci\u00f3n en todo el pa\u00eds de la Ley 26.150 de Educaci\u00f3n Sexual Integral (ESI) en las escuelas y del Programa nacional de salud sexual y procreaci\u00f3n responsable.<\/p>\n<p>Este 19 de febrero, D\u00eda de Acci\u00f3n Verde por el Derecho al Aborto, nos encontramos frente al Congreso de la Naci\u00f3n para seguir exigiendo por nuestros derechos, se\u00f1ala la convocatoria.<\/p>\n<p>\u201cEducaci\u00f3n Sexual para decidir, anticonceptivos para no abortar y aborto legal para no morir\u201d, es la frase que retumba desde hace meses en las calles en la voz de adolescentes, j\u00f3venes y hasta mujeres de avanzada edad.<\/p>\n<p>Cifras dan cuenta que aproximadamente en esta tierra austral abortan anualmente de manera clandestina unas 500 mil mujeres y mueren m\u00e1s de 500.<\/p>\n<p>El aborto en Argentina es un delito descrito en el T\u00edtulo I, Cap\u00edtulo I Delitos contra la vida del C\u00f3digo Penal, que establece como aborto no punible el que se practicare a fin de evitar un peligro para la vida o salud de la mujer o el que interrumpiere un embarazo por violaci\u00f3n o de un atentado contra el pudor cometido sobre una mujer demente.<\/p>\n","protected":false},"excerpt":{"rendered":"<p>Seis meses despu\u00e9s que el Senado desaprobara el proyecto de ley de Interrupci\u00f3n Voluntaria del Embarazo (IVE), las argentinas volver\u00e1n a tomar hoy las calles en un nuevo \u00bbpa\u00f1uelazo\u00bb por una lucha que cada vez se hace m\u00e1s latente. Aunque&hellip;<\/p>\n","protected":false},"author":90,"featured_media":810009,"comment_status":"closed","ping_status":"closed","sticky":false,"template":"","format":"standard","meta":{"footnotes":""},"categories":[54515,1239,67],"tags":[5371,36148,26,4332,37410,1025],"class_list":["post-810008","post","type-post","status-publish","format-standard","has-post-thumbnail","hentry","category-genero-y-feminismos","category-salud","category-sudamerica","tag-aborto","tag-aborto-legal-seguro-y-gratuito","tag-argentina","tag-feminismo","tag-interrupcion-voluntaria-del-embarazo","tag-mujeres"],"yoast_head":"<!-- This site is optimized with the Yoast SEO plugin v27.1.1 - https:\/\/yoast.com\/product\/yoast-seo-wordpress\/ -->\n<title>Argentinas vuelven a tomar las calles a favor del aborto legal<\/title>\n<meta name=\"description\" content=\"Seis meses despu\u00e9s que el Senado desaprobara el proyecto de ley de Interrupci\u00f3n Voluntaria del Embarazo (IVE), las argentinas volver\u00e1n a tomar hoy las\" \/>\n<meta name=\"robots\" content=\"index, follow, max-snippet:-1, max-image-preview:large, max-video-preview:-1\" \/>\n<link rel=\"canonical\" href=\"https:\/\/www.pressenza.com\/es\/2019\/02\/argentinas-vuelven-a-tomar-las-calles-a-favor-del-aborto-legal\/\" \/>\n<meta property=\"og:locale\" content=\"es_ES\" \/>\n<meta property=\"og:type\" content=\"article\" \/>\n<meta property=\"og:title\" content=\"Argentinas vuelven a tomar las calles a favor del aborto legal\" \/>\n<meta property=\"og:description\" content=\"Seis meses despu\u00e9s que el Senado desaprobara el proyecto de ley de Interrupci\u00f3n Voluntaria del Embarazo (IVE), las argentinas volver\u00e1n a tomar hoy las\" \/>\n<meta property=\"og:url\" content=\"https:\/\/www.pressenza.com\/es\/2019\/02\/argentinas-vuelven-a-tomar-las-calles-a-favor-del-aborto-legal\/\" \/>\n<meta property=\"og:site_name\" content=\"Pressenza\" \/>\n<meta property=\"article:publisher\" content=\"https:\/\/www.facebook.com\/PressenzaItalia\" \/>\n<meta property=\"article:author\" content=\"https:\/\/www.facebook.com\/AgenciaPrensaLatina\" \/>\n<meta property=\"article:published_time\" content=\"2019-02-19T15:06:56+00:00\" \/>\n<meta property=\"og:image\" content=\"https:\/\/www.pressenza.com\/wp-content\/uploads\/2019\/02\/Argentina-aborto-legal.jpg\" \/>\n\t<meta property=\"og:image:width\" content=\"748\" \/>\n\t<meta property=\"og:image:height\" content=\"498\" \/>\n\t<meta property=\"og:image:type\" content=\"image\/jpeg\" \/>\n<meta name=\"author\" content=\"Prensa Latina\" \/>\n<meta name=\"twitter:card\" content=\"summary_large_image\" \/>\n<meta name=\"twitter:creator\" content=\"@prensalatina_cu\" \/>\n<meta name=\"twitter:site\" content=\"@PressenzaIPA\" \/>\n<meta name=\"twitter:label1\" content=\"Escrito por\" \/>\n\t<meta name=\"twitter:data1\" content=\"Prensa Latina\" \/>\n\t<meta name=\"twitter:label2\" content=\"Tiempo de lectura\" \/>\n\t<meta name=\"twitter:data2\" content=\"3 minutos\" \/>\n<script type=\"application\/ld+json\" class=\"yoast-schema-graph\">{\"@context\":\"https:\/\/schema.org\",\"@graph\":[{\"@type\":\"Article\",\"@id\":\"https:\/\/www.pressenza.com\/es\/2019\/02\/argentinas-vuelven-a-tomar-las-calles-a-favor-del-aborto-legal\/#article\",\"isPartOf\":{\"@id\":\"https:\/\/www.pressenza.com\/es\/2019\/02\/argentinas-vuelven-a-tomar-las-calles-a-favor-del-aborto-legal\/\"},\"author\":{\"name\":\"Prensa Latina\",\"@id\":\"https:\/\/www.pressenza.com\/es\/#\/schema\/person\/e35c78ffa242d98f4f49ccb18c8631de\"},\"headline\":\"Argentinas vuelven a tomar las calles a favor del aborto legal\",\"datePublished\":\"2019-02-19T15:06:56+00:00\",\"mainEntityOfPage\":{\"@id\":\"https:\/\/www.pressenza.com\/es\/2019\/02\/argentinas-vuelven-a-tomar-las-calles-a-favor-del-aborto-legal\/\"},\"wordCount\":515,\"publisher\":{\"@id\":\"https:\/\/www.pressenza.com\/es\/#organization\"},\"image\":{\"@id\":\"https:\/\/www.pressenza.com\/es\/2019\/02\/argentinas-vuelven-a-tomar-las-calles-a-favor-del-aborto-legal\/#primaryimage\"},\"thumbnailUrl\":\"https:\/\/www.pressenza.com\/wp-content\/uploads\/2019\/02\/Argentina-aborto-legal.jpg\",\"keywords\":[\"aborto\",\"aborto legal seguro y gratuito\",\"Argentina\",\"feminismo\",\"interrupci\u00f3n voluntaria del embarazo\",\"Mujeres\"],\"articleSection\":[\"G\u00e9nero y Feminismos\",\"Salud\",\"Sudam\u00e9rica\"],\"inLanguage\":\"es\"},{\"@type\":\"WebPage\",\"@id\":\"https:\/\/www.pressenza.com\/es\/2019\/02\/argentinas-vuelven-a-tomar-las-calles-a-favor-del-aborto-legal\/\",\"url\":\"https:\/\/www.pressenza.com\/es\/2019\/02\/argentinas-vuelven-a-tomar-las-calles-a-favor-del-aborto-legal\/\",\"name\":\"Argentinas vuelven a tomar las calles a favor del aborto legal\",\"isPartOf\":{\"@id\":\"https:\/\/www.pressenza.com\/es\/#website\"},\"primaryImageOfPage\":{\"@id\":\"https:\/\/www.pressenza.com\/es\/2019\/02\/argentinas-vuelven-a-tomar-las-calles-a-favor-del-aborto-legal\/#primaryimage\"},\"image\":{\"@id\":\"https:\/\/www.pressenza.com\/es\/2019\/02\/argentinas-vuelven-a-tomar-las-calles-a-favor-del-aborto-legal\/#primaryimage\"},\"thumbnailUrl\":\"https:\/\/www.pressenza.com\/wp-content\/uploads\/2019\/02\/Argentina-aborto-legal.jpg\",\"datePublished\":\"2019-02-19T15:06:56+00:00\",\"description\":\"Seis meses despu\u00e9s que el Senado desaprobara el proyecto de ley de Interrupci\u00f3n Voluntaria del Embarazo (IVE), las argentinas volver\u00e1n a tomar hoy las\",\"breadcrumb\":{\"@id\":\"https:\/\/www.pressenza.com\/es\/2019\/02\/argentinas-vuelven-a-tomar-las-calles-a-favor-del-aborto-legal\/#breadcrumb\"},\"inLanguage\":\"es\",\"potentialAction\":[{\"@type\":\"ReadAction\",\"target\":[\"https:\/\/www.pressenza.com\/es\/2019\/02\/argentinas-vuelven-a-tomar-las-calles-a-favor-del-aborto-legal\/\"]}]},{\"@type\":\"ImageObject\",\"inLanguage\":\"es\",\"@id\":\"https:\/\/www.pressenza.com\/es\/2019\/02\/argentinas-vuelven-a-tomar-las-calles-a-favor-del-aborto-legal\/#primaryimage\",\"url\":\"https:\/\/www.pressenza.com\/wp-content\/uploads\/2019\/02\/Argentina-aborto-legal.jpg\",\"contentUrl\":\"https:\/\/www.pressenza.com\/wp-content\/uploads\/2019\/02\/Argentina-aborto-legal.jpg\",\"width\":748,\"height\":498},{\"@type\":\"BreadcrumbList\",\"@id\":\"https:\/\/www.pressenza.com\/es\/2019\/02\/argentinas-vuelven-a-tomar-las-calles-a-favor-del-aborto-legal\/#breadcrumb\",\"itemListElement\":[{\"@type\":\"ListItem\",\"position\":1,\"name\":\"Accueil\",\"item\":\"https:\/\/www.pressenza.com\/es\/\"},{\"@type\":\"ListItem\",\"position\":2,\"name\":\"Argentinas vuelven a tomar las calles a favor del aborto legal\"}]},{\"@type\":\"WebSite\",\"@id\":\"https:\/\/www.pressenza.com\/es\/#website\",\"url\":\"https:\/\/www.pressenza.com\/es\/\",\"name\":\"Pressenza\",\"description\":\"International Press Agency\",\"publisher\":{\"@id\":\"https:\/\/www.pressenza.com\/es\/#organization\"},\"potentialAction\":[{\"@type\":\"SearchAction\",\"target\":{\"@type\":\"EntryPoint\",\"urlTemplate\":\"https:\/\/www.pressenza.com\/es\/?s={search_term_string}\"},\"query-input\":{\"@type\":\"PropertyValueSpecification\",\"valueRequired\":true,\"valueName\":\"search_term_string\"}}],\"inLanguage\":\"es\"},{\"@type\":\"Organization\",\"@id\":\"https:\/\/www.pressenza.com\/es\/#organization\",\"name\":\"Pressenza\",\"url\":\"https:\/\/www.pressenza.com\/es\/\",\"logo\":{\"@type\":\"ImageObject\",\"inLanguage\":\"es\",\"@id\":\"https:\/\/www.pressenza.com\/es\/#\/schema\/logo\/image\/\",\"url\":\"https:\/\/www.pressenza.com\/wp-content\/uploads\/2022\/10\/pressenza_logo_200x200.jpg\",\"contentUrl\":\"https:\/\/www.pressenza.com\/wp-content\/uploads\/2022\/10\/pressenza_logo_200x200.jpg\",\"width\":200,\"height\":200,\"caption\":\"Pressenza\"},\"image\":{\"@id\":\"https:\/\/www.pressenza.com\/es\/#\/schema\/logo\/image\/\"},\"sameAs\":[\"https:\/\/www.facebook.com\/PressenzaItalia\",\"https:\/\/x.com\/PressenzaIPA\"]},{\"@type\":\"Person\",\"@id\":\"https:\/\/www.pressenza.com\/es\/#\/schema\/person\/e35c78ffa242d98f4f49ccb18c8631de\",\"name\":\"Prensa Latina\",\"description\":\"www.prensa-latina.cu\",\"sameAs\":[\"https:\/\/www.facebook.com\/AgenciaPrensaLatina\",\"https:\/\/x.com\/prensalatina_cu\"],\"url\":\"https:\/\/www.pressenza.com\/es\/author\/prensa-latina\/\"}]}<\/script>\n<!-- \/ Yoast SEO plugin. -->","yoast_head_json":{"title":"Argentinas vuelven a tomar las calles a favor del aborto legal","description":"Seis meses despu\u00e9s que el Senado desaprobara el proyecto de ley de Interrupci\u00f3n Voluntaria del Embarazo (IVE), las argentinas volver\u00e1n a tomar hoy las","robots":{"index":"index","follow":"follow","max-snippet":"max-snippet:-1","max-image-preview":"max-image-preview:large","max-video-preview":"max-video-preview:-1"},"canonical":"https:\/\/www.pressenza.com\/es\/2019\/02\/argentinas-vuelven-a-tomar-las-calles-a-favor-del-aborto-legal\/","og_locale":"es_ES","og_type":"article","og_title":"Argentinas vuelven a tomar las calles a favor del aborto legal","og_description":"Seis meses despu\u00e9s que el Senado desaprobara el proyecto de ley de Interrupci\u00f3n Voluntaria del Embarazo (IVE), las argentinas volver\u00e1n a tomar hoy las","og_url":"https:\/\/www.pressenza.com\/es\/2019\/02\/argentinas-vuelven-a-tomar-las-calles-a-favor-del-aborto-legal\/","og_site_name":"Pressenza","article_publisher":"https:\/\/www.facebook.com\/PressenzaItalia","article_author":"https:\/\/www.facebook.com\/AgenciaPrensaLatina","article_published_time":"2019-02-19T15:06:56+00:00","og_image":[{"width":748,"height":498,"url":"https:\/\/www.pressenza.com\/wp-content\/uploads\/2019\/02\/Argentina-aborto-legal.jpg","type":"image\/jpeg"}],"author":"Prensa Latina","twitter_card":"summary_large_image","twitter_creator":"@prensalatina_cu","twitter_site":"@PressenzaIPA","twitter_misc":{"Escrito por":"Prensa Latina","Tiempo de lectura":"3 minutos"},"schema":{"@context":"https:\/\/schema.org","@graph":[{"@type":"Article","@id":"https:\/\/www.pressenza.com\/es\/2019\/02\/argentinas-vuelven-a-tomar-las-calles-a-favor-del-aborto-legal\/#article","isPartOf":{"@id":"https:\/\/www.pressenza.com\/es\/2019\/02\/argentinas-vuelven-a-tomar-las-calles-a-favor-del-aborto-legal\/"},"author":{"name":"Prensa Latina","@id":"https:\/\/www.pressenza.com\/es\/#\/schema\/person\/e35c78ffa242d98f4f49ccb18c8631de"},"headline":"Argentinas vuelven a tomar las calles a favor del aborto legal","datePublished":"2019-02-19T15:06:56+00:00","mainEntityOfPage":{"@id":"https:\/\/www.pressenza.com\/es\/2019\/02\/argentinas-vuelven-a-tomar-las-calles-a-favor-del-aborto-legal\/"},"wordCount":515,"publisher":{"@id":"https:\/\/www.pressenza.com\/es\/#organization"},"image":{"@id":"https:\/\/www.pressenza.com\/es\/2019\/02\/argentinas-vuelven-a-tomar-las-calles-a-favor-del-aborto-legal\/#primaryimage"},"thumbnailUrl":"https:\/\/www.pressenza.com\/wp-content\/uploads\/2019\/02\/Argentina-aborto-legal.jpg","keywords":["aborto","aborto legal seguro y gratuito","Argentina","feminismo","interrupci\u00f3n voluntaria del embarazo","Mujeres"],"articleSection":["G\u00e9nero y Feminismos","Salud","Sudam\u00e9rica"],"inLanguage":"es"},{"@type":"WebPage","@id":"https:\/\/www.pressenza.com\/es\/2019\/02\/argentinas-vuelven-a-tomar-las-calles-a-favor-del-aborto-legal\/","url":"https:\/\/www.pressenza.com\/es\/2019\/02\/argentinas-vuelven-a-tomar-las-calles-a-favor-del-aborto-legal\/","name":"Argentinas vuelven a tomar las calles a favor del aborto legal","isPartOf":{"@id":"https:\/\/www.pressenza.com\/es\/#website"},"primaryImageOfPage":{"@id":"https:\/\/www.pressenza.com\/es\/2019\/02\/argentinas-vuelven-a-tomar-las-calles-a-favor-del-aborto-legal\/#primaryimage"},"image":{"@id":"https:\/\/www.pressenza.com\/es\/2019\/02\/argentinas-vuelven-a-tomar-las-calles-a-favor-del-aborto-legal\/#primaryimage"},"thumbnailUrl":"https:\/\/www.pressenza.com\/wp-content\/uploads\/2019\/02\/Argentina-aborto-legal.jpg","datePublished":"2019-02-19T15:06:56+00:00","description":"Seis meses despu\u00e9s que el Senado desaprobara el proyecto de ley de Interrupci\u00f3n Voluntaria del Embarazo (IVE), las argentinas volver\u00e1n a tomar hoy las","breadcrumb":{"@id":"https:\/\/www.pressenza.com\/es\/2019\/02\/argentinas-vuelven-a-tomar-las-calles-a-favor-del-aborto-legal\/#breadcrumb"},"inLanguage":"es","potentialAction":[{"@type":"ReadAction","target":["https:\/\/www.pressenza.com\/es\/2019\/02\/argentinas-vuelven-a-tomar-las-calles-a-favor-del-aborto-legal\/"]}]},{"@type":"ImageObject","inLanguage":"es","@id":"https:\/\/www.pressenza.com\/es\/2019\/02\/argentinas-vuelven-a-tomar-las-calles-a-favor-del-aborto-legal\/#primaryimage","url":"https:\/\/www.pressenza.com\/wp-content\/uploads\/2019\/02\/Argentina-aborto-legal.jpg","contentUrl":"https:\/\/www.pressenza.com\/wp-content\/uploads\/2019\/02\/Argentina-aborto-legal.jpg","width":748,"height":498},{"@type":"BreadcrumbList","@id":"https:\/\/www.pressenza.com\/es\/2019\/02\/argentinas-vuelven-a-tomar-las-calles-a-favor-del-aborto-legal\/#breadcrumb","itemListElement":[{"@type":"ListItem","position":1,"name":"Accueil","item":"https:\/\/www.pressenza.com\/es\/"},{"@type":"ListItem","position":2,"name":"Argentinas vuelven a tomar las calles a favor del aborto legal"}]},{"@type":"WebSite","@id":"https:\/\/www.pressenza.com\/es\/#website","url":"https:\/\/www.pressenza.com\/es\/","name":"Pressenza","description":"International Press Agency","publisher":{"@id":"https:\/\/www.pressenza.com\/es\/#organization"},"potentialAction":[{"@type":"SearchAction","target":{"@type":"EntryPoint","urlTemplate":"https:\/\/www.pressenza.com\/es\/?s={search_term_string}"},"query-input":{"@type":"PropertyValueSpecification","valueRequired":true,"valueName":"search_term_string"}}],"inLanguage":"es"},{"@type":"Organization","@id":"https:\/\/www.pressenza.com\/es\/#organization","name":"Pressenza","url":"https:\/\/www.pressenza.com\/es\/","logo":{"@type":"ImageObject","inLanguage":"es","@id":"https:\/\/www.pressenza.com\/es\/#\/schema\/logo\/image\/","url":"https:\/\/www.pressenza.com\/wp-content\/uploads\/2022\/10\/pressenza_logo_200x200.jpg","contentUrl":"https:\/\/www.pressenza.com\/wp-content\/uploads\/2022\/10\/pressenza_logo_200x200.jpg","width":200,"height":200,"caption":"Pressenza"},"image":{"@id":"https:\/\/www.pressenza.com\/es\/#\/schema\/logo\/image\/"},"sameAs":["https:\/\/www.facebook.com\/PressenzaItalia","https:\/\/x.com\/PressenzaIPA"]},{"@type":"Person","@id":"https:\/\/www.pressenza.com\/es\/#\/schema\/person\/e35c78ffa242d98f4f49ccb18c8631de","name":"Prensa Latina","description":"www.prensa-latina.cu","sameAs":["https:\/\/www.facebook.com\/AgenciaPrensaLatina","https:\/\/x.com\/prensalatina_cu"],"url":"https:\/\/www.pressenza.com\/es\/author\/prensa-latina\/"}]}},"place":"Ciudad de Buenos Aires, Argentina","original_article_url":"https:\/\/www.prensa-latina.cu\/index.php?o=rn&id=254196&SEO=argentinas-vuelven-a-tomar-las-calles-a-favor-del-aborto-legal","_links":{"self":[{"href":"https:\/\/www.pressenza.com\/es\/wp-json\/wp\/v2\/posts\/810008","targetHints":{"allow":["GET"]}}],"collection":[{"href":"https:\/\/www.pressenza.com\/es\/wp-json\/wp\/v2\/posts"}],"about":[{"href":"https:\/\/www.pressenza.com\/es\/wp-json\/wp\/v2\/types\/post"}],"author":[{"embeddable":true,"href":"https:\/\/www.pressenza.com\/es\/wp-json\/wp\/v2\/users\/90"}],"replies":[{"embeddable":true,"href":"https:\/\/www.pressenza.com\/es\/wp-json\/wp\/v2\/comments?post=810008"}],"version-history":[{"count":0,"href":"https:\/\/www.pressenza.com\/es\/wp-json\/wp\/v2\/posts\/810008\/revisions"}],"wp:featuredmedia":[{"embeddable":true,"href":"https:\/\/www.pressenza.com\/es\/wp-json\/wp\/v2\/media\/810009"}],"wp:attachment":[{"href":"https:\/\/www.pressenza.com\/es\/wp-json\/wp\/v2\/media?parent=810008"}],"wp:term":[{"taxonomy":"category","embeddable":true,"href":"https:\/\/www.pressenza.com\/es\/wp-json\/wp\/v2\/categories?post=810008"},{"taxonomy":"post_tag","embeddable":true,"href":"https:\/\/www.pressenza.com\/es\/wp-json\/wp\/v2\/tags?post=810008"}],"curies":[{"name":"wp","href":"https:\/\/api.w.org\/{rel}","templated":true}]}}