{"id":809698,"date":"2019-02-18T19:01:05","date_gmt":"2019-02-18T19:01:05","guid":{"rendered":"https:\/\/www.pressenza.com\/?p=809698"},"modified":"2019-02-18T19:01:05","modified_gmt":"2019-02-18T19:01:05","slug":"venezuela-realizara-gran-concierto-por-la-paz-en-el-puente-simon-bolivar","status":"publish","type":"post","link":"https:\/\/www.pressenza.com\/es\/2019\/02\/venezuela-realizara-gran-concierto-por-la-paz-en-el-puente-simon-bolivar\/","title":{"rendered":"Venezuela realizar\u00e1 gran concierto por la paz en el Puente Sim\u00f3n Bol\u00edvar"},"content":{"rendered":"<p>Por Alba Ciudad<\/p>\n<p>El ministro de Comunicaciones de Venezuela, Jorge Rodr\u00edguez, anunci\u00f3 que este viernes 22 y s\u00e1bado 23 de febrero se realizar\u00e1 un inmenso concierto en el puente internacional Sim\u00f3n Bol\u00edvar, en el lado venezolano, con la participaci\u00f3n de una gran cantidad de artistas nacionales e internacionales que desean dar \u201cun mensaje para la vida y la paz\u201d al mundo entero.<\/p>\n<p>\u201cHemos acogido la propuesta de una gran cantidad de artistas venezolanos, que solicitaron hacer un encuentro cultural, un gran concierto por la paz, por la vida, con dos los lemas: uno, el t\u00edtulo de una bell\u00edsima canci\u00f3n de la cantautora colombiana Martha G\u00f3mez, que se denomina \u2018Para la guerra nada\u2019; y el otro llamado \u2018<em>Hands off Venezuela<\/em>\u2018 (Manos fuera de Venezuela)\u201d.<\/p>\n<p><iframe loading=\"lazy\" title=\"Jorge Rodr\u00edguez anuncia concierto en frontera Venezuela-Colombia el 22 y 23 febrero\" width=\"500\" height=\"375\" src=\"https:\/\/www.youtube.com\/embed\/hXqaTPzkEs4?feature=oembed\" frameborder=\"0\" allow=\"accelerometer; autoplay; clipboard-write; encrypted-media; gyroscope; picture-in-picture; web-share\" referrerpolicy=\"strict-origin-when-cross-origin\" allowfullscreen><\/iframe><\/p>\n<p>Indic\u00f3 que \u201chemos tenido que dedicar con los organizadores, dos d\u00edas para la realizaci\u00f3n de este inmenso concierto\u201d, debido a la inmensa cantidad de artistas venezolanos y de otras partes del mundo que quieren participar \u201cen este mensaje de amor, de solidaridad, de denuncia contra la agresi\u00f3n brutal a la que se intenta someter al pueblo venezolano\u201d.<\/p>\n<p>Para el 22 de febrero\u00a0<a href=\"http:\/\/albaciudad.org\/2019\/02\/villegas-concierto-cucuta-bendecir-agresion-militar-contra-venezuela\/\">tambi\u00e9n esta pautado un concierto en la ciudad de C\u00facuta<\/a>, organizado por el empresario brit\u00e1nico Richard Branson, due\u00f1o de las disqueras y empresas\u00a0<em>Virgin Group\u00a0<\/em>que agrupan a una parte de la industria cultural occidental, con el supuesto prop\u00f3sito de recaudar 100 millones de d\u00f3lares para \u201cpaliar la crisis humanitaria\u201d en Venezuela. Dicho concierto se realizar\u00e1, seg\u00fan las informaciones m\u00e1s recientes,\u00a0<a href=\"http:\/\/albaciudad.org\/2019\/02\/diosdado-cabello-a-marco-rubio-el-puente-las-tienditas-nunca-ha-entrado-en-operacion\/\">en el puente Las Tienditas<\/a>.<\/p>\n<p>Sobre ese concierto, el ministro venezolano de Cultura, Ernesto Villegas,\u00a0 <a href=\"http:\/\/albaciudad.org\/2019\/02\/villegas-concierto-cucuta-bendecir-agresion-militar-contra-venezuela\/\">\u00a0se\u00f1al\u00f3 este lunes<\/a>\u00a0que es \u201cun mecanismo de legitimaci\u00f3n cultural de la guerra muy peligroso y nefasto.\u00a0Est\u00e1n convocando a un concierto del lado colombiano de la frontera, donde est\u00e1n haciendo uso de celebridades de la industria cultural y de la far\u00e1ndula, para\u00a0bendecir la la agresi\u00f3n militar a Venezuela.\u00a0\u00a1Eso nunca se hab\u00eda visto!\u201d<\/p>\n<h3>Cajas de alimentos y jornadas de salud<\/h3>\n<p>Por otro lado, el ministro Rodr\u00edguez indic\u00f3 que los d\u00edas 22 y 23 se repartir\u00e1n 20 mil cajas de alimentos CLAP a habitantes de C\u00facuta,\u00a0y se har\u00e1n jornadas de atenci\u00f3n m\u00e9dica gratuita con pediatras, cirujanos y odont\u00f3logos, para atender situaciones ambulatorias y como una demostraci\u00f3n de apoyo al pueblo cucute\u00f1o y colombiano.<\/p>\n<p>\u201cPareciera que nadie atiende al pueblo de C\u00facuta\u201d,\u00a0del cual se\u00f1al\u00f3 que sufren muchas penurias y no recibe atenci\u00f3n de su propio presidente, Iv\u00e1n Duque. Se\u00f1al\u00f3 que el 40 por ciento de los cucute\u00f1os (casi 300 mil personas) est\u00e1n en situaci\u00f3n de\u00a0pobreza, y el 10 por ciento est\u00e1n en situaci\u00f3n de\u00a0pobreza extrema,\u00a0seg\u00fan cifras del Departamento administrativo Nacional de Estad\u00edstica de Colombia.<\/p>\n<p>El\u00a0desempleo\u00a0se acerca al 20 por ciento, y\u00a0casi 20 mil ni\u00f1os y ni\u00f1as trabajan en las calles.\u00a0Casi el 30 por ciento de los\u00a0hospitales de C\u00facuta\u00a0est\u00e1n en cierre t\u00e9cnico, un parto normal cuesta 500 d\u00f3lares y muchas veces las parturientas acuden al hospital de El Vig\u00eda o de Ure\u00f1a para ser atendidas, se\u00f1al\u00f3 Rodr\u00edguez.<\/p>\n<p>\u201cSi esta iniciativa que llevamos adelante la cristalizamos en esos dos d\u00edas, vamos a continuar atendiendo al pueblo de C\u00facuta\u201d que sufre \u201clas consecuencias del neoliberalismo salvaje\u201d, dijo Rodr\u00edguez.<\/p>\n<p>Record\u00f3 que en Venezuela viven 5 millones 800 mil colombianos \u201cque emigraron a este pa\u00eds huyendo de la guerra, del paramilitarismo, del narcotr\u00e1fico y la agresi\u00f3n permanente en m\u00e1s de 100 a\u00f1os de guerra\u201d. Igualmente, Venezuela recibi\u00f3 a ciudadanos espa\u00f1oles, italianos y de otros pa\u00edses que hu\u00edan de las guerras en sus respectivos pa\u00edses.<\/p>\n","protected":false},"excerpt":{"rendered":"<p>Por Alba Ciudad El ministro de Comunicaciones de Venezuela, Jorge Rodr\u00edguez, anunci\u00f3 que este viernes 22 y s\u00e1bado 23 de febrero se realizar\u00e1 un inmenso concierto en el puente internacional Sim\u00f3n Bol\u00edvar, en el lado venezolano, con la participaci\u00f3n de&hellip;<\/p>\n","protected":false},"author":87,"featured_media":809700,"comment_status":"closed","ping_status":"closed","sticky":false,"template":"","format":"standard","meta":{"footnotes":""},"categories":[39,1242,1243,67],"tags":[55342,47727,54807],"class_list":["post-809698","post","type-post","status-publish","format-standard","has-post-thumbnail","hentry","category-internacional","category-noviolencia-tema","category-paz-desarme","category-sudamerica","tag-concierto-por-la-paz","tag-paz-para-colombia","tag-paz-para-venezuela"],"yoast_head":"<!-- This site is optimized with the Yoast SEO plugin v27.1.1 - https:\/\/yoast.com\/product\/yoast-seo-wordpress\/ -->\n<title>Venezuela realizar\u00e1 gran concierto por la paz en el Puente Sim\u00f3n Bol\u00edvar<\/title>\n<meta name=\"description\" content=\"Por Alba Ciudad El ministro de Comunicaciones de Venezuela, Jorge Rodr\u00edguez, anunci\u00f3 que este viernes 22 y s\u00e1bado 23 de febrero se realizar\u00e1 un inmenso\" \/>\n<meta name=\"robots\" content=\"index, follow, max-snippet:-1, max-image-preview:large, max-video-preview:-1\" \/>\n<link rel=\"canonical\" href=\"https:\/\/www.pressenza.com\/es\/2019\/02\/venezuela-realizara-gran-concierto-por-la-paz-en-el-puente-simon-bolivar\/\" \/>\n<meta property=\"og:locale\" content=\"es_ES\" \/>\n<meta property=\"og:type\" content=\"article\" \/>\n<meta property=\"og:title\" content=\"Venezuela realizar\u00e1 gran concierto por la paz en el Puente Sim\u00f3n Bol\u00edvar\" \/>\n<meta property=\"og:description\" content=\"Por Alba Ciudad El ministro de Comunicaciones de Venezuela, Jorge Rodr\u00edguez, anunci\u00f3 que este viernes 22 y s\u00e1bado 23 de febrero se realizar\u00e1 un inmenso\" \/>\n<meta property=\"og:url\" content=\"https:\/\/www.pressenza.com\/es\/2019\/02\/venezuela-realizara-gran-concierto-por-la-paz-en-el-puente-simon-bolivar\/\" \/>\n<meta property=\"og:site_name\" content=\"Pressenza\" \/>\n<meta property=\"article:publisher\" content=\"https:\/\/www.facebook.com\/PressenzaItalia\" \/>\n<meta property=\"article:published_time\" content=\"2019-02-18T19:01:05+00:00\" \/>\n<meta property=\"og:image\" content=\"https:\/\/www.pressenza.com\/wp-content\/uploads\/2019\/02\/jorge-rodriguez.jpg\" \/>\n\t<meta property=\"og:image:width\" content=\"680\" \/>\n\t<meta property=\"og:image:height\" content=\"453\" \/>\n\t<meta property=\"og:image:type\" content=\"image\/jpeg\" \/>\n<meta name=\"author\" content=\"Redacci\u00f3n Argentina\" \/>\n<meta name=\"twitter:card\" content=\"summary_large_image\" \/>\n<meta name=\"twitter:creator\" content=\"@pressenza\" \/>\n<meta name=\"twitter:site\" content=\"@PressenzaIPA\" \/>\n<meta name=\"twitter:label1\" content=\"Escrito por\" \/>\n\t<meta name=\"twitter:data1\" content=\"Redacci\u00f3n Argentina\" \/>\n\t<meta name=\"twitter:label2\" content=\"Tiempo de lectura\" \/>\n\t<meta name=\"twitter:data2\" content=\"3 minutos\" \/>\n<script type=\"application\/ld+json\" class=\"yoast-schema-graph\">{\"@context\":\"https:\/\/schema.org\",\"@graph\":[{\"@type\":\"Article\",\"@id\":\"https:\/\/www.pressenza.com\/es\/2019\/02\/venezuela-realizara-gran-concierto-por-la-paz-en-el-puente-simon-bolivar\/#article\",\"isPartOf\":{\"@id\":\"https:\/\/www.pressenza.com\/es\/2019\/02\/venezuela-realizara-gran-concierto-por-la-paz-en-el-puente-simon-bolivar\/\"},\"author\":{\"name\":\"Redacci\u00f3n Argentina\",\"@id\":\"https:\/\/www.pressenza.com\/es\/#\/schema\/person\/0dda7d1b68267ad95b1e1d83abc98c89\"},\"headline\":\"Venezuela realizar\u00e1 gran concierto por la paz en el Puente Sim\u00f3n Bol\u00edvar\",\"datePublished\":\"2019-02-18T19:01:05+00:00\",\"mainEntityOfPage\":{\"@id\":\"https:\/\/www.pressenza.com\/es\/2019\/02\/venezuela-realizara-gran-concierto-por-la-paz-en-el-puente-simon-bolivar\/\"},\"wordCount\":653,\"publisher\":{\"@id\":\"https:\/\/www.pressenza.com\/es\/#organization\"},\"image\":{\"@id\":\"https:\/\/www.pressenza.com\/es\/2019\/02\/venezuela-realizara-gran-concierto-por-la-paz-en-el-puente-simon-bolivar\/#primaryimage\"},\"thumbnailUrl\":\"https:\/\/www.pressenza.com\/wp-content\/uploads\/2019\/02\/jorge-rodriguez.jpg\",\"keywords\":[\"Concierto por la paz\",\"paz para colombia\",\"Paz para Venezuela\"],\"articleSection\":[\"Internacional\",\"Noviolencia\",\"Paz y Desarme\",\"Sudam\u00e9rica\"],\"inLanguage\":\"es\"},{\"@type\":\"WebPage\",\"@id\":\"https:\/\/www.pressenza.com\/es\/2019\/02\/venezuela-realizara-gran-concierto-por-la-paz-en-el-puente-simon-bolivar\/\",\"url\":\"https:\/\/www.pressenza.com\/es\/2019\/02\/venezuela-realizara-gran-concierto-por-la-paz-en-el-puente-simon-bolivar\/\",\"name\":\"Venezuela realizar\u00e1 gran concierto por la paz en el Puente Sim\u00f3n Bol\u00edvar\",\"isPartOf\":{\"@id\":\"https:\/\/www.pressenza.com\/es\/#website\"},\"primaryImageOfPage\":{\"@id\":\"https:\/\/www.pressenza.com\/es\/2019\/02\/venezuela-realizara-gran-concierto-por-la-paz-en-el-puente-simon-bolivar\/#primaryimage\"},\"image\":{\"@id\":\"https:\/\/www.pressenza.com\/es\/2019\/02\/venezuela-realizara-gran-concierto-por-la-paz-en-el-puente-simon-bolivar\/#primaryimage\"},\"thumbnailUrl\":\"https:\/\/www.pressenza.com\/wp-content\/uploads\/2019\/02\/jorge-rodriguez.jpg\",\"datePublished\":\"2019-02-18T19:01:05+00:00\",\"description\":\"Por Alba Ciudad El ministro de Comunicaciones de Venezuela, Jorge Rodr\u00edguez, anunci\u00f3 que este viernes 22 y s\u00e1bado 23 de febrero se realizar\u00e1 un inmenso\",\"breadcrumb\":{\"@id\":\"https:\/\/www.pressenza.com\/es\/2019\/02\/venezuela-realizara-gran-concierto-por-la-paz-en-el-puente-simon-bolivar\/#breadcrumb\"},\"inLanguage\":\"es\",\"potentialAction\":[{\"@type\":\"ReadAction\",\"target\":[\"https:\/\/www.pressenza.com\/es\/2019\/02\/venezuela-realizara-gran-concierto-por-la-paz-en-el-puente-simon-bolivar\/\"]}]},{\"@type\":\"ImageObject\",\"inLanguage\":\"es\",\"@id\":\"https:\/\/www.pressenza.com\/es\/2019\/02\/venezuela-realizara-gran-concierto-por-la-paz-en-el-puente-simon-bolivar\/#primaryimage\",\"url\":\"https:\/\/www.pressenza.com\/wp-content\/uploads\/2019\/02\/jorge-rodriguez.jpg\",\"contentUrl\":\"https:\/\/www.pressenza.com\/wp-content\/uploads\/2019\/02\/jorge-rodriguez.jpg\",\"width\":680,\"height\":453},{\"@type\":\"BreadcrumbList\",\"@id\":\"https:\/\/www.pressenza.com\/es\/2019\/02\/venezuela-realizara-gran-concierto-por-la-paz-en-el-puente-simon-bolivar\/#breadcrumb\",\"itemListElement\":[{\"@type\":\"ListItem\",\"position\":1,\"name\":\"Accueil\",\"item\":\"https:\/\/www.pressenza.com\/es\/\"},{\"@type\":\"ListItem\",\"position\":2,\"name\":\"Venezuela realizar\u00e1 gran concierto por la paz en el Puente Sim\u00f3n Bol\u00edvar\"}]},{\"@type\":\"WebSite\",\"@id\":\"https:\/\/www.pressenza.com\/es\/#website\",\"url\":\"https:\/\/www.pressenza.com\/es\/\",\"name\":\"Pressenza\",\"description\":\"International Press Agency\",\"publisher\":{\"@id\":\"https:\/\/www.pressenza.com\/es\/#organization\"},\"potentialAction\":[{\"@type\":\"SearchAction\",\"target\":{\"@type\":\"EntryPoint\",\"urlTemplate\":\"https:\/\/www.pressenza.com\/es\/?s={search_term_string}\"},\"query-input\":{\"@type\":\"PropertyValueSpecification\",\"valueRequired\":true,\"valueName\":\"search_term_string\"}}],\"inLanguage\":\"es\"},{\"@type\":\"Organization\",\"@id\":\"https:\/\/www.pressenza.com\/es\/#organization\",\"name\":\"Pressenza\",\"url\":\"https:\/\/www.pressenza.com\/es\/\",\"logo\":{\"@type\":\"ImageObject\",\"inLanguage\":\"es\",\"@id\":\"https:\/\/www.pressenza.com\/es\/#\/schema\/logo\/image\/\",\"url\":\"https:\/\/www.pressenza.com\/wp-content\/uploads\/2022\/10\/pressenza_logo_200x200.jpg\",\"contentUrl\":\"https:\/\/www.pressenza.com\/wp-content\/uploads\/2022\/10\/pressenza_logo_200x200.jpg\",\"width\":200,\"height\":200,\"caption\":\"Pressenza\"},\"image\":{\"@id\":\"https:\/\/www.pressenza.com\/es\/#\/schema\/logo\/image\/\"},\"sameAs\":[\"https:\/\/www.facebook.com\/PressenzaItalia\",\"https:\/\/x.com\/PressenzaIPA\"]},{\"@type\":\"Person\",\"@id\":\"https:\/\/www.pressenza.com\/es\/#\/schema\/person\/0dda7d1b68267ad95b1e1d83abc98c89\",\"name\":\"Redacci\u00f3n Argentina\",\"description\":\"News from the Pressenza Bureau in Argentina.\",\"sameAs\":[\"https:\/\/x.com\/pressenza\"],\"url\":\"https:\/\/www.pressenza.com\/es\/author\/redaccion-argentina\/\"}]}<\/script>\n<!-- \/ Yoast SEO plugin. -->","yoast_head_json":{"title":"Venezuela realizar\u00e1 gran concierto por la paz en el Puente Sim\u00f3n Bol\u00edvar","description":"Por Alba Ciudad El ministro de Comunicaciones de Venezuela, Jorge Rodr\u00edguez, anunci\u00f3 que este viernes 22 y s\u00e1bado 23 de febrero se realizar\u00e1 un inmenso","robots":{"index":"index","follow":"follow","max-snippet":"max-snippet:-1","max-image-preview":"max-image-preview:large","max-video-preview":"max-video-preview:-1"},"canonical":"https:\/\/www.pressenza.com\/es\/2019\/02\/venezuela-realizara-gran-concierto-por-la-paz-en-el-puente-simon-bolivar\/","og_locale":"es_ES","og_type":"article","og_title":"Venezuela realizar\u00e1 gran concierto por la paz en el Puente Sim\u00f3n Bol\u00edvar","og_description":"Por Alba Ciudad El ministro de Comunicaciones de Venezuela, Jorge Rodr\u00edguez, anunci\u00f3 que este viernes 22 y s\u00e1bado 23 de febrero se realizar\u00e1 un inmenso","og_url":"https:\/\/www.pressenza.com\/es\/2019\/02\/venezuela-realizara-gran-concierto-por-la-paz-en-el-puente-simon-bolivar\/","og_site_name":"Pressenza","article_publisher":"https:\/\/www.facebook.com\/PressenzaItalia","article_published_time":"2019-02-18T19:01:05+00:00","og_image":[{"width":680,"height":453,"url":"https:\/\/www.pressenza.com\/wp-content\/uploads\/2019\/02\/jorge-rodriguez.jpg","type":"image\/jpeg"}],"author":"Redacci\u00f3n Argentina","twitter_card":"summary_large_image","twitter_creator":"@pressenza","twitter_site":"@PressenzaIPA","twitter_misc":{"Escrito por":"Redacci\u00f3n Argentina","Tiempo de lectura":"3 minutos"},"schema":{"@context":"https:\/\/schema.org","@graph":[{"@type":"Article","@id":"https:\/\/www.pressenza.com\/es\/2019\/02\/venezuela-realizara-gran-concierto-por-la-paz-en-el-puente-simon-bolivar\/#article","isPartOf":{"@id":"https:\/\/www.pressenza.com\/es\/2019\/02\/venezuela-realizara-gran-concierto-por-la-paz-en-el-puente-simon-bolivar\/"},"author":{"name":"Redacci\u00f3n Argentina","@id":"https:\/\/www.pressenza.com\/es\/#\/schema\/person\/0dda7d1b68267ad95b1e1d83abc98c89"},"headline":"Venezuela realizar\u00e1 gran concierto por la paz en el Puente Sim\u00f3n Bol\u00edvar","datePublished":"2019-02-18T19:01:05+00:00","mainEntityOfPage":{"@id":"https:\/\/www.pressenza.com\/es\/2019\/02\/venezuela-realizara-gran-concierto-por-la-paz-en-el-puente-simon-bolivar\/"},"wordCount":653,"publisher":{"@id":"https:\/\/www.pressenza.com\/es\/#organization"},"image":{"@id":"https:\/\/www.pressenza.com\/es\/2019\/02\/venezuela-realizara-gran-concierto-por-la-paz-en-el-puente-simon-bolivar\/#primaryimage"},"thumbnailUrl":"https:\/\/www.pressenza.com\/wp-content\/uploads\/2019\/02\/jorge-rodriguez.jpg","keywords":["Concierto por la paz","paz para colombia","Paz para Venezuela"],"articleSection":["Internacional","Noviolencia","Paz y Desarme","Sudam\u00e9rica"],"inLanguage":"es"},{"@type":"WebPage","@id":"https:\/\/www.pressenza.com\/es\/2019\/02\/venezuela-realizara-gran-concierto-por-la-paz-en-el-puente-simon-bolivar\/","url":"https:\/\/www.pressenza.com\/es\/2019\/02\/venezuela-realizara-gran-concierto-por-la-paz-en-el-puente-simon-bolivar\/","name":"Venezuela realizar\u00e1 gran concierto por la paz en el Puente Sim\u00f3n Bol\u00edvar","isPartOf":{"@id":"https:\/\/www.pressenza.com\/es\/#website"},"primaryImageOfPage":{"@id":"https:\/\/www.pressenza.com\/es\/2019\/02\/venezuela-realizara-gran-concierto-por-la-paz-en-el-puente-simon-bolivar\/#primaryimage"},"image":{"@id":"https:\/\/www.pressenza.com\/es\/2019\/02\/venezuela-realizara-gran-concierto-por-la-paz-en-el-puente-simon-bolivar\/#primaryimage"},"thumbnailUrl":"https:\/\/www.pressenza.com\/wp-content\/uploads\/2019\/02\/jorge-rodriguez.jpg","datePublished":"2019-02-18T19:01:05+00:00","description":"Por Alba Ciudad El ministro de Comunicaciones de Venezuela, Jorge Rodr\u00edguez, anunci\u00f3 que este viernes 22 y s\u00e1bado 23 de febrero se realizar\u00e1 un inmenso","breadcrumb":{"@id":"https:\/\/www.pressenza.com\/es\/2019\/02\/venezuela-realizara-gran-concierto-por-la-paz-en-el-puente-simon-bolivar\/#breadcrumb"},"inLanguage":"es","potentialAction":[{"@type":"ReadAction","target":["https:\/\/www.pressenza.com\/es\/2019\/02\/venezuela-realizara-gran-concierto-por-la-paz-en-el-puente-simon-bolivar\/"]}]},{"@type":"ImageObject","inLanguage":"es","@id":"https:\/\/www.pressenza.com\/es\/2019\/02\/venezuela-realizara-gran-concierto-por-la-paz-en-el-puente-simon-bolivar\/#primaryimage","url":"https:\/\/www.pressenza.com\/wp-content\/uploads\/2019\/02\/jorge-rodriguez.jpg","contentUrl":"https:\/\/www.pressenza.com\/wp-content\/uploads\/2019\/02\/jorge-rodriguez.jpg","width":680,"height":453},{"@type":"BreadcrumbList","@id":"https:\/\/www.pressenza.com\/es\/2019\/02\/venezuela-realizara-gran-concierto-por-la-paz-en-el-puente-simon-bolivar\/#breadcrumb","itemListElement":[{"@type":"ListItem","position":1,"name":"Accueil","item":"https:\/\/www.pressenza.com\/es\/"},{"@type":"ListItem","position":2,"name":"Venezuela realizar\u00e1 gran concierto por la paz en el Puente Sim\u00f3n Bol\u00edvar"}]},{"@type":"WebSite","@id":"https:\/\/www.pressenza.com\/es\/#website","url":"https:\/\/www.pressenza.com\/es\/","name":"Pressenza","description":"International Press Agency","publisher":{"@id":"https:\/\/www.pressenza.com\/es\/#organization"},"potentialAction":[{"@type":"SearchAction","target":{"@type":"EntryPoint","urlTemplate":"https:\/\/www.pressenza.com\/es\/?s={search_term_string}"},"query-input":{"@type":"PropertyValueSpecification","valueRequired":true,"valueName":"search_term_string"}}],"inLanguage":"es"},{"@type":"Organization","@id":"https:\/\/www.pressenza.com\/es\/#organization","name":"Pressenza","url":"https:\/\/www.pressenza.com\/es\/","logo":{"@type":"ImageObject","inLanguage":"es","@id":"https:\/\/www.pressenza.com\/es\/#\/schema\/logo\/image\/","url":"https:\/\/www.pressenza.com\/wp-content\/uploads\/2022\/10\/pressenza_logo_200x200.jpg","contentUrl":"https:\/\/www.pressenza.com\/wp-content\/uploads\/2022\/10\/pressenza_logo_200x200.jpg","width":200,"height":200,"caption":"Pressenza"},"image":{"@id":"https:\/\/www.pressenza.com\/es\/#\/schema\/logo\/image\/"},"sameAs":["https:\/\/www.facebook.com\/PressenzaItalia","https:\/\/x.com\/PressenzaIPA"]},{"@type":"Person","@id":"https:\/\/www.pressenza.com\/es\/#\/schema\/person\/0dda7d1b68267ad95b1e1d83abc98c89","name":"Redacci\u00f3n Argentina","description":"News from the Pressenza Bureau in Argentina.","sameAs":["https:\/\/x.com\/pressenza"],"url":"https:\/\/www.pressenza.com\/es\/author\/redaccion-argentina\/"}]}},"place":"Puente Internacional Sim\u00f3n Bol\u00edvar (frontera colombo-venezolana)","original_article_url":"http:\/\/albaciudad.org\/2019\/02\/gran-concierto-por-la-paz-22-23-febrero-puente-simon-bolivar\/","_links":{"self":[{"href":"https:\/\/www.pressenza.com\/es\/wp-json\/wp\/v2\/posts\/809698","targetHints":{"allow":["GET"]}}],"collection":[{"href":"https:\/\/www.pressenza.com\/es\/wp-json\/wp\/v2\/posts"}],"about":[{"href":"https:\/\/www.pressenza.com\/es\/wp-json\/wp\/v2\/types\/post"}],"author":[{"embeddable":true,"href":"https:\/\/www.pressenza.com\/es\/wp-json\/wp\/v2\/users\/87"}],"replies":[{"embeddable":true,"href":"https:\/\/www.pressenza.com\/es\/wp-json\/wp\/v2\/comments?post=809698"}],"version-history":[{"count":0,"href":"https:\/\/www.pressenza.com\/es\/wp-json\/wp\/v2\/posts\/809698\/revisions"}],"wp:featuredmedia":[{"embeddable":true,"href":"https:\/\/www.pressenza.com\/es\/wp-json\/wp\/v2\/media\/809700"}],"wp:attachment":[{"href":"https:\/\/www.pressenza.com\/es\/wp-json\/wp\/v2\/media?parent=809698"}],"wp:term":[{"taxonomy":"category","embeddable":true,"href":"https:\/\/www.pressenza.com\/es\/wp-json\/wp\/v2\/categories?post=809698"},{"taxonomy":"post_tag","embeddable":true,"href":"https:\/\/www.pressenza.com\/es\/wp-json\/wp\/v2\/tags?post=809698"}],"curies":[{"name":"wp","href":"https:\/\/api.w.org\/{rel}","templated":true}]}}