{"id":809643,"date":"2019-02-18T15:52:26","date_gmt":"2019-02-18T15:52:26","guid":{"rendered":"https:\/\/www.pressenza.com\/?p=809643"},"modified":"2019-02-18T15:52:26","modified_gmt":"2019-02-18T15:52:26","slug":"mineria-y-desastres-van-de-la-mano","status":"publish","type":"post","link":"https:\/\/www.pressenza.com\/es\/2019\/02\/mineria-y-desastres-van-de-la-mano\/","title":{"rendered":"Miner\u00eda y desastres\u00a0van de la mano"},"content":{"rendered":"<p><strong>El Programa para el Ambiente de Naciones Unidas (Pnuma-ONU) confirm\u00f3 el registro de 104 desastres de diques de colas desde 1990 hasta 2016. Entre las responsables figuran la multinacional Vale (Brasil) y la BHP Billiton (Inglaterra-Australia).<\/strong><\/p>\n<p>M\u00e1s de cien muertos, 200 desaparecidos y un pueblo sepultado bajo miles de toneladas de barro t\u00f3xico. Es el desastre de la minera Vale en Brumadinho (Brasil), ocurrido en enero pasado. Pero no es la \u00fanica tragedia de la megaminer\u00eda, que acarrea cientos de \u00abaccidentes\u00bb, muertos y grav\u00edsimos hechos de contaminaci\u00f3n. Datos de Naciones Unidas afirman que desde la d\u00e9cada del 90 la megaminer\u00eda provoc\u00f3 al menos 100 \u00abfallas-accidentes\u00bb, 27 de ellos \u00abmuy graves\u00bb (con m\u00e1s de 20 muertos). En Argentina, los derrames de Barrick Gold en San Juan y la contaminaci\u00f3n de Minera Alumbrera en Catamarca son las mayores preocupaciones.<\/p>\n<p>El Programa para el Ambiente de Naciones Unidas (Pnuma-ONU) confirm\u00f3 al menos 104 desastres de diques de colas (gigantescos basureros mineros) desde la d\u00e9cada del 90 hasta 2016. El informe de 70 p\u00e1ginas\u00a0publicado en 2017, se titula \u00abDique de colas: la seguridad es no accidente\u00bb.<\/p>\n<p>El informe proces\u00f3 informaci\u00f3n desde 1915 hasta 2016 y contabiliz\u00f3 en total 289 \u00abfallas\u00bb de diques mineros. 43 fueron \u00abmuy graves\u00bb, con m\u00e1s de 20 muertos y\/o derrame de m\u00e1s de un mill\u00f3n de metros c\u00fabicos.<\/p>\n<p>El antecedente directo a Brumadinho es el colapso del dique de la mina Samarco en noviembre 2015 (en la localidad de Bento Rod\u00edguez, tambi\u00e9n en Brasil), con 17 muertos y 200 desaparecidos. Las empresas responsables fueron las multinacionales Vale (Brasil) y BHP-Billiton (Inglaterra-Australia).<\/p>\n<p>En Agosto de 2014, en Canad\u00e1, colaps\u00f3 el dique de colas de la mina Mount Polley (de la empresa Imperial Metals) y provoc\u00f3 el mayor desastre minero de la historia de ese pa\u00eds. Derram\u00f3 m\u00e1s de 25 millones de metros c\u00fabicos de desechos mineros en el lago Polley.<\/p>\n<p>En 2014 la multinacional Grupo M\u00e9xico (del magnate Germ\u00e1n Larrea) provoc\u00f3 el mayor desastre minero del pa\u00eds con su minera Buenavista del Cobre, en la ciudad de Cananea. Derram\u00f3 40.000 metros c\u00fabicos de sulfato de cobre, contamin\u00f3 tres r\u00edos a lo largo de 250 kil\u00f3metros y dej\u00f3 sin agua a m\u00e1s de 22.000 personas.<\/p>\n<p>Marcelo Giraud es integrante de la Asamblea Popular por el Agua de Mendoza, ge\u00f3grafo y estudioso de los efectos de la mgaminer\u00eda. Afirm\u00f3 que los desastres de la multinacional Vale en Brasil no son excepciones. \u00abSabemos que la empresa Vale o el estado brasile\u00f1o no son particularmente m\u00e1s irresponsables que el resto. Vale act\u00faa como todas las otras empresas transnacionales de su tipo y el gobierno de Minas Gerais y Brasil no son ni m\u00e1s ni menos corruptos o irresponsables que los dem\u00e1s de Am\u00e9rica Latina\u00bb, aclar\u00f3.<\/p>\n<p>La Asamblea de J\u00e1chal (San Juan) escribi\u00f3 una carta abierta a las v\u00edctimas de Vale en Brasil. Record\u00f3 el derrame de Barrick Gold en la mina Veladero en 2015 (m\u00e1s de un mill\u00f3n de litros de soluci\u00f3n contaminada que llegaron a r\u00edos) y tambi\u00e9n resalt\u00f3 la situaci\u00f3n de Samarco en 2015 (Brasil): \u00abAmbos hechos no s\u00f3lo est\u00e1n impunes, tambi\u00e9n siguen contaminando, y lo hacen con la complicidad de gobiernos. La primarizacion de la econom\u00eda es tan brutal e impiadosa que podemos asegurar que Sudam\u00e9rica enfrenta un nuevo saqueo hist\u00f3rico. Y ac\u00e1 estamos nosotros, resistiendo a la destrucci\u00f3n de nuestras vidas\u00bb.<\/p>\n<div id=\"attachment_809656\" class=\"wp-caption alignnone\"><img loading=\"lazy\" decoding=\"async\" aria-describedby=\"caption-attachment-809656\" class=\"size-large wp-image-809656\" src=\"https:\/\/www.pressenza.com\/wp-content\/uploads\/2019\/02\/brumadinho-Lucas-Hallel-Ascom-Funai-720x480.jpg\" alt=\"\" width=\"720\" height=\"480\" srcset=\"https:\/\/www.pressenza.com\/wp-content\/uploads\/2019\/02\/brumadinho-Lucas-Hallel-Ascom-Funai-720x480.jpg 720w, https:\/\/www.pressenza.com\/wp-content\/uploads\/2019\/02\/brumadinho-Lucas-Hallel-Ascom-Funai-300x200.jpg 300w, https:\/\/www.pressenza.com\/wp-content\/uploads\/2019\/02\/brumadinho-Lucas-Hallel-Ascom-Funai-768x512.jpg 768w, https:\/\/www.pressenza.com\/wp-content\/uploads\/2019\/02\/brumadinho-Lucas-Hallel-Ascom-Funai.jpg 1024w\" sizes=\"auto, (max-width: 720px) 100vw, 720px\" \/><p id=\"caption-attachment-809656\" class=\"wp-caption-text\">Brumadinho. Foto de Lucas Hallel\/Ascom Funai<\/p><\/div>\n<p>En Catamarca funciona desde hace m\u00e1s de 20 a\u00f1os Minera Alumbrera (empresas Glencore Xstrata, Goldcorp y Yamana Gold). Su mineraloducto (un gran ca\u00f1o que lleva el concentrado a lo largo de cientos de kil\u00f3metros) tuvo al menos media docena de roturas y derrames. La compa\u00f1\u00eda reconoci\u00f3 la filtraci\u00f3n del dique de colas (que contamina napas subterr\u00e1neas). Y desde hace a\u00f1os los vecinos de Catamarca (muchos de ellos nucleados en la Asamblea El Algarrobo, de Andalgal\u00e1) alertan sobre el posible colapso del dique de colas (enorme basurero de 30 hect\u00e1reas y 150 metros de profundidad). El gobierno provincial, que siempre impuls\u00f3 la actividad minera y defendi\u00f3 el accionar de Alumbrera, dice que no hay riesgos. Pero nunca permiti\u00f3 el ingreso de peritos independientes para examinar el yacimiento. El mismo accionar del gobierno de Brasil ante la minera Vale.<\/p>\n<p>Horacio Machado Ar\u00e1oz forma parte del muy reducido grupo de acad\u00e9micos que vive en los territorios afectados por el extractivismo (Catamarca), camina junto a las asambleas socioambientales (forma parte del Colectivo Sumak Kawsay) y no teoriza desde escritorios de la ciudad. Investigador del Conicet, en su tesis doctoral \u00abNaturaleza mineral. Una ecolog\u00eda pol\u00edtica del colonialismo moderno\u00bb, analiz\u00f3 los peligros y riesgos de la miner\u00eda.<\/p>\n<p>De los casos de Am\u00e9rica Latina detalla el derrumbe en la mina El Soldado (Chile, 1965), con un saldo de 154 v\u00edctimas fatales. El colapso de la presa de la Planta Otapara (Per\u00fa, 1996) provoc\u00f3 el derrame de relaves sobre el r\u00edo Acar\u00ed (Arequipa). La rotura del dique de la Divisi\u00f3n Andina de Codelco (Chile, 2000), con un derrame de 5300 metros c\u00fabicos de relaves provoc\u00f3 muerte de ganado y anegamiento de cultivos. La fractura del dique de la mina Cerro Negro (Chile, 2003), con derrame de 50.000 toneladas de lodos t\u00f3xicos que contaminaron cursos de agua.<\/p>\n<p>Record\u00f3 que el colapso de los diques de colas no son los \u00fanicos peligros de la megaminer\u00eda. Agreg\u00f3 a la lista las filtraciones subterr\u00e1neas de esos diques, la falla en las tuber\u00edas, el derrame de sustancias qu\u00edmicas, el transporte de sustancias t\u00f3xicas y la contaminaci\u00f3n del aire producto de las explosiones, entre otras.<\/p>\n<p>A pesar de los numerosos desastres con muertos y contaminaci\u00f3n, gobiernos y empresas siguen publicitando la actividad como \u00abminer\u00eda sustentable\u00bb.<\/p>\n<h4>Un patr\u00f3n que favorece los desastres<\/h4>\n<p>El informe de Pnuma-ONU se\u00f1ala que desde la d\u00e9cada de 1970 (r\u00e9cord en roturas de diques de colas) el n\u00famero de casos ha ido en disminuci\u00f3n, pero aument\u00f3 la gravedad de los mismos, con derrames de cada vez mayor volumen y con m\u00e1s muertos. Tambi\u00e9n existe un patr\u00f3n que facilita los desastre mineros: leyes muy beneficiosas para las compa\u00f1\u00edas, escasas inspecciones, altas ganancias de las empresas, complicidad de gobiernos, incremento de la extracci\u00f3n-producci\u00f3n y multas peque\u00f1as por incumplir las normativas.<\/p>\n<p>Algunos pa\u00edses con desastres precisados en el informe fueron en Filipinas (Philex Mining Corp), Sud\u00e1frica (Merriespruit), Estados Unidos (mina Payne Creek), Guyana (mina Omai), Espa\u00f1a (Minera de Aznalc\u00f3llar, de la empresa sueca Boliden), Rumania (empresas Aurul SA-Esmeralda Exploration), Suecia (mina Aitik), China (mina de esta\u00f1o de Nandan), Rusia (Karamken), Hungr\u00eda (empresa Ajka Alumina).<\/p>\n","protected":false},"excerpt":{"rendered":"<p>El Programa para el Ambiente de Naciones Unidas (Pnuma-ONU) confirm\u00f3 el registro de 104 desastres de diques de colas desde 1990 hasta 2016. Entre las responsables figuran la multinacional Vale (Brasil) y la BHP Billiton (Inglaterra-Australia). M\u00e1s de cien muertos,&hellip;<\/p>\n","protected":false},"author":1210,"featured_media":809665,"comment_status":"closed","ping_status":"closed","sticky":false,"template":"","format":"standard","meta":{"footnotes":""},"categories":[11389,78,39,67],"tags":[42367,54869,7310,1544,18759,20160,20348,16971,16650],"class_list":["post-809643","post","type-post","status-publish","format-standard","has-post-thumbnail","hentry","category-contenido-original","category-medio-ambiente-ecologia","category-internacional","category-sudamerica","tag-alumbrera","tag-brumadinho-es","tag-contaminacion","tag-extractivismo","tag-industrias-extractivas","tag-jachal","tag-megamineria","tag-mineria","tag-vale-es"],"yoast_head":"<!-- This site is optimized with the Yoast SEO plugin v27.1.1 - https:\/\/yoast.com\/product\/yoast-seo-wordpress\/ -->\n<title>Miner\u00eda y desastres\u00a0van de la mano<\/title>\n<meta name=\"description\" content=\"El Programa para el Ambiente de Naciones Unidas (Pnuma-ONU) confirm\u00f3 el registro de 104 desastres de diques de colas desde 1990 hasta 2016. Entre las\" \/>\n<meta name=\"robots\" content=\"index, follow, max-snippet:-1, max-image-preview:large, max-video-preview:-1\" \/>\n<link rel=\"canonical\" href=\"https:\/\/www.pressenza.com\/es\/2019\/02\/mineria-y-desastres-van-de-la-mano\/\" \/>\n<meta property=\"og:locale\" content=\"es_ES\" \/>\n<meta property=\"og:type\" content=\"article\" \/>\n<meta property=\"og:title\" content=\"Miner\u00eda y desastres\u00a0van de la mano\" \/>\n<meta property=\"og:description\" content=\"El Programa para el Ambiente de Naciones Unidas (Pnuma-ONU) confirm\u00f3 el registro de 104 desastres de diques de colas desde 1990 hasta 2016. Entre las\" \/>\n<meta property=\"og:url\" content=\"https:\/\/www.pressenza.com\/es\/2019\/02\/mineria-y-desastres-van-de-la-mano\/\" \/>\n<meta property=\"og:site_name\" content=\"Pressenza\" \/>\n<meta property=\"article:publisher\" content=\"https:\/\/www.facebook.com\/PressenzaItalia\" \/>\n<meta property=\"article:published_time\" content=\"2019-02-18T15:52:26+00:00\" \/>\n<meta property=\"og:image\" content=\"https:\/\/www.pressenza.com\/wp-content\/uploads\/2019\/02\/brumadinho-corpo-de-bombeiros-de-minas-gerais.jpg\" \/>\n\t<meta property=\"og:image:width\" content=\"1024\" \/>\n\t<meta property=\"og:image:height\" content=\"683\" \/>\n\t<meta property=\"og:image:type\" content=\"image\/jpeg\" \/>\n<meta name=\"author\" content=\"Dar\u00edo Aranda\" \/>\n<meta name=\"twitter:card\" content=\"summary_large_image\" \/>\n<meta name=\"twitter:creator\" content=\"@PressenzaIPA\" \/>\n<meta name=\"twitter:site\" content=\"@PressenzaIPA\" \/>\n<meta name=\"twitter:label1\" content=\"Escrito por\" \/>\n\t<meta name=\"twitter:data1\" content=\"Dar\u00edo Aranda\" \/>\n\t<meta name=\"twitter:label2\" content=\"Tiempo de lectura\" \/>\n\t<meta name=\"twitter:data2\" content=\"6 minutos\" \/>\n<script type=\"application\/ld+json\" class=\"yoast-schema-graph\">{\"@context\":\"https:\/\/schema.org\",\"@graph\":[{\"@type\":\"Article\",\"@id\":\"https:\/\/www.pressenza.com\/es\/2019\/02\/mineria-y-desastres-van-de-la-mano\/#article\",\"isPartOf\":{\"@id\":\"https:\/\/www.pressenza.com\/es\/2019\/02\/mineria-y-desastres-van-de-la-mano\/\"},\"author\":{\"name\":\"Dar\u00edo Aranda\",\"@id\":\"https:\/\/www.pressenza.com\/es\/#\/schema\/person\/0e60cd529ef3ecd836a42735fa83478b\"},\"headline\":\"Miner\u00eda y desastres\u00a0van de la mano\",\"datePublished\":\"2019-02-18T15:52:26+00:00\",\"mainEntityOfPage\":{\"@id\":\"https:\/\/www.pressenza.com\/es\/2019\/02\/mineria-y-desastres-van-de-la-mano\/\"},\"wordCount\":1142,\"publisher\":{\"@id\":\"https:\/\/www.pressenza.com\/es\/#organization\"},\"image\":{\"@id\":\"https:\/\/www.pressenza.com\/es\/2019\/02\/mineria-y-desastres-van-de-la-mano\/#primaryimage\"},\"thumbnailUrl\":\"https:\/\/www.pressenza.com\/wp-content\/uploads\/2019\/02\/brumadinho-corpo-de-bombeiros-de-minas-gerais.jpg\",\"keywords\":[\"Alumbrera\",\"Brumadinho\",\"contaminaci\u00f3n\",\"extractivismo\",\"industrias extractivas\",\"J\u00e1chal\",\"megaminer\u00eda\",\"Miner\u00eda\",\"Vale\"],\"articleSection\":[\"Contenido Original\",\"Ecolog\u00eda y Medio Ambiente\",\"Internacional\",\"Sudam\u00e9rica\"],\"inLanguage\":\"es\"},{\"@type\":\"WebPage\",\"@id\":\"https:\/\/www.pressenza.com\/es\/2019\/02\/mineria-y-desastres-van-de-la-mano\/\",\"url\":\"https:\/\/www.pressenza.com\/es\/2019\/02\/mineria-y-desastres-van-de-la-mano\/\",\"name\":\"Miner\u00eda y desastres\u00a0van de la mano\",\"isPartOf\":{\"@id\":\"https:\/\/www.pressenza.com\/es\/#website\"},\"primaryImageOfPage\":{\"@id\":\"https:\/\/www.pressenza.com\/es\/2019\/02\/mineria-y-desastres-van-de-la-mano\/#primaryimage\"},\"image\":{\"@id\":\"https:\/\/www.pressenza.com\/es\/2019\/02\/mineria-y-desastres-van-de-la-mano\/#primaryimage\"},\"thumbnailUrl\":\"https:\/\/www.pressenza.com\/wp-content\/uploads\/2019\/02\/brumadinho-corpo-de-bombeiros-de-minas-gerais.jpg\",\"datePublished\":\"2019-02-18T15:52:26+00:00\",\"description\":\"El Programa para el Ambiente de Naciones Unidas (Pnuma-ONU) confirm\u00f3 el registro de 104 desastres de diques de colas desde 1990 hasta 2016. Entre las\",\"breadcrumb\":{\"@id\":\"https:\/\/www.pressenza.com\/es\/2019\/02\/mineria-y-desastres-van-de-la-mano\/#breadcrumb\"},\"inLanguage\":\"es\",\"potentialAction\":[{\"@type\":\"ReadAction\",\"target\":[\"https:\/\/www.pressenza.com\/es\/2019\/02\/mineria-y-desastres-van-de-la-mano\/\"]}]},{\"@type\":\"ImageObject\",\"inLanguage\":\"es\",\"@id\":\"https:\/\/www.pressenza.com\/es\/2019\/02\/mineria-y-desastres-van-de-la-mano\/#primaryimage\",\"url\":\"https:\/\/www.pressenza.com\/wp-content\/uploads\/2019\/02\/brumadinho-corpo-de-bombeiros-de-minas-gerais.jpg\",\"contentUrl\":\"https:\/\/www.pressenza.com\/wp-content\/uploads\/2019\/02\/brumadinho-corpo-de-bombeiros-de-minas-gerais.jpg\",\"width\":1024,\"height\":683},{\"@type\":\"BreadcrumbList\",\"@id\":\"https:\/\/www.pressenza.com\/es\/2019\/02\/mineria-y-desastres-van-de-la-mano\/#breadcrumb\",\"itemListElement\":[{\"@type\":\"ListItem\",\"position\":1,\"name\":\"Accueil\",\"item\":\"https:\/\/www.pressenza.com\/es\/\"},{\"@type\":\"ListItem\",\"position\":2,\"name\":\"Miner\u00eda y desastres\u00a0van de la mano\"}]},{\"@type\":\"WebSite\",\"@id\":\"https:\/\/www.pressenza.com\/es\/#website\",\"url\":\"https:\/\/www.pressenza.com\/es\/\",\"name\":\"Pressenza\",\"description\":\"International Press Agency\",\"publisher\":{\"@id\":\"https:\/\/www.pressenza.com\/es\/#organization\"},\"potentialAction\":[{\"@type\":\"SearchAction\",\"target\":{\"@type\":\"EntryPoint\",\"urlTemplate\":\"https:\/\/www.pressenza.com\/es\/?s={search_term_string}\"},\"query-input\":{\"@type\":\"PropertyValueSpecification\",\"valueRequired\":true,\"valueName\":\"search_term_string\"}}],\"inLanguage\":\"es\"},{\"@type\":\"Organization\",\"@id\":\"https:\/\/www.pressenza.com\/es\/#organization\",\"name\":\"Pressenza\",\"url\":\"https:\/\/www.pressenza.com\/es\/\",\"logo\":{\"@type\":\"ImageObject\",\"inLanguage\":\"es\",\"@id\":\"https:\/\/www.pressenza.com\/es\/#\/schema\/logo\/image\/\",\"url\":\"https:\/\/www.pressenza.com\/wp-content\/uploads\/2022\/10\/pressenza_logo_200x200.jpg\",\"contentUrl\":\"https:\/\/www.pressenza.com\/wp-content\/uploads\/2022\/10\/pressenza_logo_200x200.jpg\",\"width\":200,\"height\":200,\"caption\":\"Pressenza\"},\"image\":{\"@id\":\"https:\/\/www.pressenza.com\/es\/#\/schema\/logo\/image\/\"},\"sameAs\":[\"https:\/\/www.facebook.com\/PressenzaItalia\",\"https:\/\/x.com\/PressenzaIPA\"]},{\"@type\":\"Person\",\"@id\":\"https:\/\/www.pressenza.com\/es\/#\/schema\/person\/0e60cd529ef3ecd836a42735fa83478b\",\"name\":\"Dar\u00edo Aranda\",\"description\":\"Dar\u00edo Aranda (argentino, 1977) es periodista. Especializado en extractivismo (petr\u00f3leo, miner\u00eda, agronegocios y forestales), escribe sobre el acontecer de los pueblos ind\u00edgenas, organizaciones campesinas y asambleas socioambientales. www.darioaranda.com.ar\",\"url\":\"https:\/\/www.pressenza.com\/es\/author\/dario-aranda\/\"}]}<\/script>\n<!-- \/ Yoast SEO plugin. -->","yoast_head_json":{"title":"Miner\u00eda y desastres\u00a0van de la mano","description":"El Programa para el Ambiente de Naciones Unidas (Pnuma-ONU) confirm\u00f3 el registro de 104 desastres de diques de colas desde 1990 hasta 2016. Entre las","robots":{"index":"index","follow":"follow","max-snippet":"max-snippet:-1","max-image-preview":"max-image-preview:large","max-video-preview":"max-video-preview:-1"},"canonical":"https:\/\/www.pressenza.com\/es\/2019\/02\/mineria-y-desastres-van-de-la-mano\/","og_locale":"es_ES","og_type":"article","og_title":"Miner\u00eda y desastres\u00a0van de la mano","og_description":"El Programa para el Ambiente de Naciones Unidas (Pnuma-ONU) confirm\u00f3 el registro de 104 desastres de diques de colas desde 1990 hasta 2016. Entre las","og_url":"https:\/\/www.pressenza.com\/es\/2019\/02\/mineria-y-desastres-van-de-la-mano\/","og_site_name":"Pressenza","article_publisher":"https:\/\/www.facebook.com\/PressenzaItalia","article_published_time":"2019-02-18T15:52:26+00:00","og_image":[{"width":1024,"height":683,"url":"https:\/\/www.pressenza.com\/wp-content\/uploads\/2019\/02\/brumadinho-corpo-de-bombeiros-de-minas-gerais.jpg","type":"image\/jpeg"}],"author":"Dar\u00edo Aranda","twitter_card":"summary_large_image","twitter_creator":"@PressenzaIPA","twitter_site":"@PressenzaIPA","twitter_misc":{"Escrito por":"Dar\u00edo Aranda","Tiempo de lectura":"6 minutos"},"schema":{"@context":"https:\/\/schema.org","@graph":[{"@type":"Article","@id":"https:\/\/www.pressenza.com\/es\/2019\/02\/mineria-y-desastres-van-de-la-mano\/#article","isPartOf":{"@id":"https:\/\/www.pressenza.com\/es\/2019\/02\/mineria-y-desastres-van-de-la-mano\/"},"author":{"name":"Dar\u00edo Aranda","@id":"https:\/\/www.pressenza.com\/es\/#\/schema\/person\/0e60cd529ef3ecd836a42735fa83478b"},"headline":"Miner\u00eda y desastres\u00a0van de la mano","datePublished":"2019-02-18T15:52:26+00:00","mainEntityOfPage":{"@id":"https:\/\/www.pressenza.com\/es\/2019\/02\/mineria-y-desastres-van-de-la-mano\/"},"wordCount":1142,"publisher":{"@id":"https:\/\/www.pressenza.com\/es\/#organization"},"image":{"@id":"https:\/\/www.pressenza.com\/es\/2019\/02\/mineria-y-desastres-van-de-la-mano\/#primaryimage"},"thumbnailUrl":"https:\/\/www.pressenza.com\/wp-content\/uploads\/2019\/02\/brumadinho-corpo-de-bombeiros-de-minas-gerais.jpg","keywords":["Alumbrera","Brumadinho","contaminaci\u00f3n","extractivismo","industrias extractivas","J\u00e1chal","megaminer\u00eda","Miner\u00eda","Vale"],"articleSection":["Contenido Original","Ecolog\u00eda y Medio Ambiente","Internacional","Sudam\u00e9rica"],"inLanguage":"es"},{"@type":"WebPage","@id":"https:\/\/www.pressenza.com\/es\/2019\/02\/mineria-y-desastres-van-de-la-mano\/","url":"https:\/\/www.pressenza.com\/es\/2019\/02\/mineria-y-desastres-van-de-la-mano\/","name":"Miner\u00eda y desastres\u00a0van de la mano","isPartOf":{"@id":"https:\/\/www.pressenza.com\/es\/#website"},"primaryImageOfPage":{"@id":"https:\/\/www.pressenza.com\/es\/2019\/02\/mineria-y-desastres-van-de-la-mano\/#primaryimage"},"image":{"@id":"https:\/\/www.pressenza.com\/es\/2019\/02\/mineria-y-desastres-van-de-la-mano\/#primaryimage"},"thumbnailUrl":"https:\/\/www.pressenza.com\/wp-content\/uploads\/2019\/02\/brumadinho-corpo-de-bombeiros-de-minas-gerais.jpg","datePublished":"2019-02-18T15:52:26+00:00","description":"El Programa para el Ambiente de Naciones Unidas (Pnuma-ONU) confirm\u00f3 el registro de 104 desastres de diques de colas desde 1990 hasta 2016. Entre las","breadcrumb":{"@id":"https:\/\/www.pressenza.com\/es\/2019\/02\/mineria-y-desastres-van-de-la-mano\/#breadcrumb"},"inLanguage":"es","potentialAction":[{"@type":"ReadAction","target":["https:\/\/www.pressenza.com\/es\/2019\/02\/mineria-y-desastres-van-de-la-mano\/"]}]},{"@type":"ImageObject","inLanguage":"es","@id":"https:\/\/www.pressenza.com\/es\/2019\/02\/mineria-y-desastres-van-de-la-mano\/#primaryimage","url":"https:\/\/www.pressenza.com\/wp-content\/uploads\/2019\/02\/brumadinho-corpo-de-bombeiros-de-minas-gerais.jpg","contentUrl":"https:\/\/www.pressenza.com\/wp-content\/uploads\/2019\/02\/brumadinho-corpo-de-bombeiros-de-minas-gerais.jpg","width":1024,"height":683},{"@type":"BreadcrumbList","@id":"https:\/\/www.pressenza.com\/es\/2019\/02\/mineria-y-desastres-van-de-la-mano\/#breadcrumb","itemListElement":[{"@type":"ListItem","position":1,"name":"Accueil","item":"https:\/\/www.pressenza.com\/es\/"},{"@type":"ListItem","position":2,"name":"Miner\u00eda y desastres\u00a0van de la mano"}]},{"@type":"WebSite","@id":"https:\/\/www.pressenza.com\/es\/#website","url":"https:\/\/www.pressenza.com\/es\/","name":"Pressenza","description":"International Press Agency","publisher":{"@id":"https:\/\/www.pressenza.com\/es\/#organization"},"potentialAction":[{"@type":"SearchAction","target":{"@type":"EntryPoint","urlTemplate":"https:\/\/www.pressenza.com\/es\/?s={search_term_string}"},"query-input":{"@type":"PropertyValueSpecification","valueRequired":true,"valueName":"search_term_string"}}],"inLanguage":"es"},{"@type":"Organization","@id":"https:\/\/www.pressenza.com\/es\/#organization","name":"Pressenza","url":"https:\/\/www.pressenza.com\/es\/","logo":{"@type":"ImageObject","inLanguage":"es","@id":"https:\/\/www.pressenza.com\/es\/#\/schema\/logo\/image\/","url":"https:\/\/www.pressenza.com\/wp-content\/uploads\/2022\/10\/pressenza_logo_200x200.jpg","contentUrl":"https:\/\/www.pressenza.com\/wp-content\/uploads\/2022\/10\/pressenza_logo_200x200.jpg","width":200,"height":200,"caption":"Pressenza"},"image":{"@id":"https:\/\/www.pressenza.com\/es\/#\/schema\/logo\/image\/"},"sameAs":["https:\/\/www.facebook.com\/PressenzaItalia","https:\/\/x.com\/PressenzaIPA"]},{"@type":"Person","@id":"https:\/\/www.pressenza.com\/es\/#\/schema\/person\/0e60cd529ef3ecd836a42735fa83478b","name":"Dar\u00edo Aranda","description":"Dar\u00edo Aranda (argentino, 1977) es periodista. Especializado en extractivismo (petr\u00f3leo, miner\u00eda, agronegocios y forestales), escribe sobre el acontecer de los pueblos ind\u00edgenas, organizaciones campesinas y asambleas socioambientales. www.darioaranda.com.ar","url":"https:\/\/www.pressenza.com\/es\/author\/dario-aranda\/"}]}},"place":"Ciudad de Buenos Aires, Argentina","original_article_url":"","_links":{"self":[{"href":"https:\/\/www.pressenza.com\/es\/wp-json\/wp\/v2\/posts\/809643","targetHints":{"allow":["GET"]}}],"collection":[{"href":"https:\/\/www.pressenza.com\/es\/wp-json\/wp\/v2\/posts"}],"about":[{"href":"https:\/\/www.pressenza.com\/es\/wp-json\/wp\/v2\/types\/post"}],"author":[{"embeddable":true,"href":"https:\/\/www.pressenza.com\/es\/wp-json\/wp\/v2\/users\/1210"}],"replies":[{"embeddable":true,"href":"https:\/\/www.pressenza.com\/es\/wp-json\/wp\/v2\/comments?post=809643"}],"version-history":[{"count":0,"href":"https:\/\/www.pressenza.com\/es\/wp-json\/wp\/v2\/posts\/809643\/revisions"}],"wp:featuredmedia":[{"embeddable":true,"href":"https:\/\/www.pressenza.com\/es\/wp-json\/wp\/v2\/media\/809665"}],"wp:attachment":[{"href":"https:\/\/www.pressenza.com\/es\/wp-json\/wp\/v2\/media?parent=809643"}],"wp:term":[{"taxonomy":"category","embeddable":true,"href":"https:\/\/www.pressenza.com\/es\/wp-json\/wp\/v2\/categories?post=809643"},{"taxonomy":"post_tag","embeddable":true,"href":"https:\/\/www.pressenza.com\/es\/wp-json\/wp\/v2\/tags?post=809643"}],"curies":[{"name":"wp","href":"https:\/\/api.w.org\/{rel}","templated":true}]}}