{"id":809056,"date":"2019-02-17T15:27:10","date_gmt":"2019-02-17T15:27:10","guid":{"rendered":"https:\/\/www.pressenza.com\/?p=809056"},"modified":"2019-02-17T15:27:42","modified_gmt":"2019-02-17T15:27:42","slug":"809056","status":"publish","type":"post","link":"https:\/\/www.pressenza.com\/es\/2019\/02\/809056\/","title":{"rendered":"Gobierno haitiano promete di\u00e1logo y escuchar los reclamos populares"},"content":{"rendered":"<p>El gobierno haitiano est\u00e1 en shock. El presidente del Senado le pidi\u00f3 al presidente de la naci\u00f3n Jovenel Moise que abandone el mutismo y afronte la situaci\u00f3n ca\u00f3tica que se viven en las calles de la capital Puerto Pr\u00edncipe, pero tambi\u00e9n en varias ciudades m\u00e1s. No fue suficiente.<\/p>\n<p>Tras nueve jornadas de intensas protestas, contestadas con brutal represi\u00f3n, una decena de muertos y la claridad de que un gobierno votado por menos del 10 % de la poblaci\u00f3n no puede sostenerse mucho m\u00e1s.<\/p>\n<p>El Primer Ministro, el elegido de Moise para enfrentar esta crisis que se viene estirando desde hace meses, aunque en el caso de Hait\u00ed podr\u00edamos hablar de d\u00e9cadas, Jean-Henry C\u00e9ant llama a un di\u00e1logo real, del que surjan verdaderas reformas y pidi\u00f3 que se avance con el juicio por la estafa al pueblo haitiano de sus funcionarios con las ayudas de PetroCaribe.<\/p>\n<p>El desv\u00edo de fondos milmillonarios revelados por un informe de la justicia haitiana fue el detonante final de la ira y frustraci\u00f3n del pueblo de la isla. Las palabras de Moise de este jueves negando las persecuciones a la prensa y manteniendo un discurso de vaguedades convirtieron las siguientes 24 horas en un infierno.<\/p>\n<p>C\u00e9ant intenta poner pa\u00f1os fr\u00edos y calmar la crispaci\u00f3n. Asegur\u00f3 haber entendido que la inflaci\u00f3n y la corrupci\u00f3n son los principales temas a reconducir y manifest\u00f3 que \u201cpese a las dificultades que encontraron durante el proceso de di\u00e1logo con la oposici\u00f3n en diciembre pasado, es claro que el di\u00e1logo es la \u00fanica alternativa\u201d.<\/p>\n<p>La p\u00e9sima repartici\u00f3n de las riquezas del pa\u00eds y el mal gobierno tambi\u00e9n fueron asumidos por el Primer Ministro como urgencias a resolver.<\/p>\n<p>Desde el sector econ\u00f3mico aseguran que de no resolver los problemas cambiarios la ca\u00edda del gobierno ser\u00e1 inevitable por el nivel de aumento del costo de la vida de la poblaci\u00f3n y la imposibilidad del Estado de afrontar sus gastos presupuestarios, disparados por la subida del d\u00f3lar.<\/p>\n","protected":false},"excerpt":{"rendered":"<p>El gobierno haitiano est\u00e1 en shock. El presidente del Senado le pidi\u00f3 al presidente de la naci\u00f3n Jovenel Moise que abandone el mutismo y afronte la situaci\u00f3n ca\u00f3tica que se viven en las calles de la capital Puerto Pr\u00edncipe, pero&hellip;<\/p>\n","protected":false},"author":96,"featured_media":809057,"comment_status":"closed","ping_status":"closed","sticky":false,"template":"","format":"standard","meta":{"footnotes":""},"categories":[69,11389,74],"tags":[3665,54785,55283,55155,25779,702],"class_list":["post-809056","post","type-post","status-publish","format-standard","has-post-thumbnail","hentry","category-america-central","category-contenido-original","category-politica-es","tag-dialogo","tag-haiti-es-2","tag-jean-henry-ceant","tag-jovenel-moise-es","tag-protesta-social","tag-represion"],"yoast_head":"<!-- This site is optimized with the Yoast SEO plugin v27.1.1 - https:\/\/yoast.com\/product\/yoast-seo-wordpress\/ -->\n<title>Gobierno haitiano promete di\u00e1logo y escuchar los reclamos populares<\/title>\n<meta name=\"description\" content=\"El gobierno haitiano est\u00e1 en shock. El presidente del Senado le pidi\u00f3 al presidente de la naci\u00f3n Jovenel Moise que abandone el mutismo y afronte la\" \/>\n<meta name=\"robots\" content=\"index, follow, max-snippet:-1, max-image-preview:large, max-video-preview:-1\" \/>\n<link rel=\"canonical\" href=\"https:\/\/www.pressenza.com\/es\/2019\/02\/809056\/\" \/>\n<meta property=\"og:locale\" content=\"es_ES\" \/>\n<meta property=\"og:type\" content=\"article\" \/>\n<meta property=\"og:title\" content=\"Gobierno haitiano promete di\u00e1logo y escuchar los reclamos populares\" \/>\n<meta property=\"og:description\" content=\"El gobierno haitiano est\u00e1 en shock. El presidente del Senado le pidi\u00f3 al presidente de la naci\u00f3n Jovenel Moise que abandone el mutismo y afronte la\" \/>\n<meta property=\"og:url\" content=\"https:\/\/www.pressenza.com\/es\/2019\/02\/809056\/\" \/>\n<meta property=\"og:site_name\" content=\"Pressenza\" \/>\n<meta property=\"article:publisher\" content=\"https:\/\/www.facebook.com\/PressenzaItalia\" \/>\n<meta property=\"article:author\" content=\"https:\/\/www.facebook.com\/mariano.quiroga.779\" \/>\n<meta property=\"article:published_time\" content=\"2019-02-17T15:27:10+00:00\" \/>\n<meta property=\"article:modified_time\" content=\"2019-02-17T15:27:42+00:00\" \/>\n<meta property=\"og:image\" content=\"https:\/\/www.pressenza.com\/wp-content\/uploads\/2019\/02\/international-2693195_1280.jpg\" \/>\n\t<meta property=\"og:image:width\" content=\"1280\" \/>\n\t<meta property=\"og:image:height\" content=\"960\" \/>\n\t<meta property=\"og:image:type\" content=\"image\/jpeg\" \/>\n<meta name=\"author\" content=\"Mariano Quiroga\" \/>\n<meta name=\"twitter:card\" content=\"summary_large_image\" \/>\n<meta name=\"twitter:creator\" content=\"@MaruchoQuiroga\" \/>\n<meta name=\"twitter:site\" content=\"@PressenzaIPA\" \/>\n<meta name=\"twitter:label1\" content=\"Escrito por\" \/>\n\t<meta name=\"twitter:data1\" content=\"Mariano Quiroga\" \/>\n\t<meta name=\"twitter:label2\" content=\"Tiempo de lectura\" \/>\n\t<meta name=\"twitter:data2\" content=\"2 minutos\" \/>\n<script type=\"application\/ld+json\" class=\"yoast-schema-graph\">{\"@context\":\"https:\/\/schema.org\",\"@graph\":[{\"@type\":\"Article\",\"@id\":\"https:\/\/www.pressenza.com\/es\/2019\/02\/809056\/#article\",\"isPartOf\":{\"@id\":\"https:\/\/www.pressenza.com\/es\/2019\/02\/809056\/\"},\"author\":{\"name\":\"Mariano Quiroga\",\"@id\":\"https:\/\/www.pressenza.com\/es\/#\/schema\/person\/a0856fe41d8234b92503e6b28dc2585e\"},\"headline\":\"Gobierno haitiano promete di\u00e1logo y escuchar los reclamos populares\",\"datePublished\":\"2019-02-17T15:27:10+00:00\",\"dateModified\":\"2019-02-17T15:27:42+00:00\",\"mainEntityOfPage\":{\"@id\":\"https:\/\/www.pressenza.com\/es\/2019\/02\/809056\/\"},\"wordCount\":361,\"publisher\":{\"@id\":\"https:\/\/www.pressenza.com\/es\/#organization\"},\"image\":{\"@id\":\"https:\/\/www.pressenza.com\/es\/2019\/02\/809056\/#primaryimage\"},\"thumbnailUrl\":\"https:\/\/www.pressenza.com\/wp-content\/uploads\/2019\/02\/international-2693195_1280.jpg\",\"keywords\":[\"di\u00e1logo\",\"Haiti\",\"Jean-Henry C\u00e9ant\",\"Jovenel Mo\u00efse\",\"protesta social\",\"represi\u00f3n\"],\"articleSection\":[\"Am\u00e9rica Central\",\"Contenido Original\",\"Pol\u00edtica\"],\"inLanguage\":\"es\"},{\"@type\":\"WebPage\",\"@id\":\"https:\/\/www.pressenza.com\/es\/2019\/02\/809056\/\",\"url\":\"https:\/\/www.pressenza.com\/es\/2019\/02\/809056\/\",\"name\":\"Gobierno haitiano promete di\u00e1logo y escuchar los reclamos populares\",\"isPartOf\":{\"@id\":\"https:\/\/www.pressenza.com\/es\/#website\"},\"primaryImageOfPage\":{\"@id\":\"https:\/\/www.pressenza.com\/es\/2019\/02\/809056\/#primaryimage\"},\"image\":{\"@id\":\"https:\/\/www.pressenza.com\/es\/2019\/02\/809056\/#primaryimage\"},\"thumbnailUrl\":\"https:\/\/www.pressenza.com\/wp-content\/uploads\/2019\/02\/international-2693195_1280.jpg\",\"datePublished\":\"2019-02-17T15:27:10+00:00\",\"dateModified\":\"2019-02-17T15:27:42+00:00\",\"description\":\"El gobierno haitiano est\u00e1 en shock. El presidente del Senado le pidi\u00f3 al presidente de la naci\u00f3n Jovenel Moise que abandone el mutismo y afronte la\",\"breadcrumb\":{\"@id\":\"https:\/\/www.pressenza.com\/es\/2019\/02\/809056\/#breadcrumb\"},\"inLanguage\":\"es\",\"potentialAction\":[{\"@type\":\"ReadAction\",\"target\":[\"https:\/\/www.pressenza.com\/es\/2019\/02\/809056\/\"]}]},{\"@type\":\"ImageObject\",\"inLanguage\":\"es\",\"@id\":\"https:\/\/www.pressenza.com\/es\/2019\/02\/809056\/#primaryimage\",\"url\":\"https:\/\/www.pressenza.com\/wp-content\/uploads\/2019\/02\/international-2693195_1280.jpg\",\"contentUrl\":\"https:\/\/www.pressenza.com\/wp-content\/uploads\/2019\/02\/international-2693195_1280.jpg\",\"width\":1280,\"height\":960},{\"@type\":\"BreadcrumbList\",\"@id\":\"https:\/\/www.pressenza.com\/es\/2019\/02\/809056\/#breadcrumb\",\"itemListElement\":[{\"@type\":\"ListItem\",\"position\":1,\"name\":\"Accueil\",\"item\":\"https:\/\/www.pressenza.com\/es\/\"},{\"@type\":\"ListItem\",\"position\":2,\"name\":\"Gobierno haitiano promete di\u00e1logo y escuchar los reclamos populares\"}]},{\"@type\":\"WebSite\",\"@id\":\"https:\/\/www.pressenza.com\/es\/#website\",\"url\":\"https:\/\/www.pressenza.com\/es\/\",\"name\":\"Pressenza\",\"description\":\"International Press Agency\",\"publisher\":{\"@id\":\"https:\/\/www.pressenza.com\/es\/#organization\"},\"potentialAction\":[{\"@type\":\"SearchAction\",\"target\":{\"@type\":\"EntryPoint\",\"urlTemplate\":\"https:\/\/www.pressenza.com\/es\/?s={search_term_string}\"},\"query-input\":{\"@type\":\"PropertyValueSpecification\",\"valueRequired\":true,\"valueName\":\"search_term_string\"}}],\"inLanguage\":\"es\"},{\"@type\":\"Organization\",\"@id\":\"https:\/\/www.pressenza.com\/es\/#organization\",\"name\":\"Pressenza\",\"url\":\"https:\/\/www.pressenza.com\/es\/\",\"logo\":{\"@type\":\"ImageObject\",\"inLanguage\":\"es\",\"@id\":\"https:\/\/www.pressenza.com\/es\/#\/schema\/logo\/image\/\",\"url\":\"https:\/\/www.pressenza.com\/wp-content\/uploads\/2022\/10\/pressenza_logo_200x200.jpg\",\"contentUrl\":\"https:\/\/www.pressenza.com\/wp-content\/uploads\/2022\/10\/pressenza_logo_200x200.jpg\",\"width\":200,\"height\":200,\"caption\":\"Pressenza\"},\"image\":{\"@id\":\"https:\/\/www.pressenza.com\/es\/#\/schema\/logo\/image\/\"},\"sameAs\":[\"https:\/\/www.facebook.com\/PressenzaItalia\",\"https:\/\/x.com\/PressenzaIPA\"]},{\"@type\":\"Person\",\"@id\":\"https:\/\/www.pressenza.com\/es\/#\/schema\/person\/a0856fe41d8234b92503e6b28dc2585e\",\"name\":\"Mariano Quiroga\",\"description\":\"Born in Buenos Aires, Argentina, in 1976, Mariano is a journalist, poet and international editor for Pressenza. His career includes publications in different countries and languages. Currently he is presenter on radio programmes in Ecuador and Argentina. A humanist communicator specialising in international politics, his vocation has led him to seek to build bridges that allow relationships to be made between data, events, people and contexts in order to create an inclusive look that synthesises the noblest searches for social justice and humanisation of the planet.\",\"sameAs\":[\"https:\/\/www.facebook.com\/mariano.quiroga.779\",\"https:\/\/x.com\/MaruchoQuiroga\"],\"url\":\"https:\/\/www.pressenza.com\/es\/author\/mariano-quiroga\/\"}]}<\/script>\n<!-- \/ Yoast SEO plugin. -->","yoast_head_json":{"title":"Gobierno haitiano promete di\u00e1logo y escuchar los reclamos populares","description":"El gobierno haitiano est\u00e1 en shock. El presidente del Senado le pidi\u00f3 al presidente de la naci\u00f3n Jovenel Moise que abandone el mutismo y afronte la","robots":{"index":"index","follow":"follow","max-snippet":"max-snippet:-1","max-image-preview":"max-image-preview:large","max-video-preview":"max-video-preview:-1"},"canonical":"https:\/\/www.pressenza.com\/es\/2019\/02\/809056\/","og_locale":"es_ES","og_type":"article","og_title":"Gobierno haitiano promete di\u00e1logo y escuchar los reclamos populares","og_description":"El gobierno haitiano est\u00e1 en shock. El presidente del Senado le pidi\u00f3 al presidente de la naci\u00f3n Jovenel Moise que abandone el mutismo y afronte la","og_url":"https:\/\/www.pressenza.com\/es\/2019\/02\/809056\/","og_site_name":"Pressenza","article_publisher":"https:\/\/www.facebook.com\/PressenzaItalia","article_author":"https:\/\/www.facebook.com\/mariano.quiroga.779","article_published_time":"2019-02-17T15:27:10+00:00","article_modified_time":"2019-02-17T15:27:42+00:00","og_image":[{"width":1280,"height":960,"url":"https:\/\/www.pressenza.com\/wp-content\/uploads\/2019\/02\/international-2693195_1280.jpg","type":"image\/jpeg"}],"author":"Mariano Quiroga","twitter_card":"summary_large_image","twitter_creator":"@MaruchoQuiroga","twitter_site":"@PressenzaIPA","twitter_misc":{"Escrito por":"Mariano Quiroga","Tiempo de lectura":"2 minutos"},"schema":{"@context":"https:\/\/schema.org","@graph":[{"@type":"Article","@id":"https:\/\/www.pressenza.com\/es\/2019\/02\/809056\/#article","isPartOf":{"@id":"https:\/\/www.pressenza.com\/es\/2019\/02\/809056\/"},"author":{"name":"Mariano Quiroga","@id":"https:\/\/www.pressenza.com\/es\/#\/schema\/person\/a0856fe41d8234b92503e6b28dc2585e"},"headline":"Gobierno haitiano promete di\u00e1logo y escuchar los reclamos populares","datePublished":"2019-02-17T15:27:10+00:00","dateModified":"2019-02-17T15:27:42+00:00","mainEntityOfPage":{"@id":"https:\/\/www.pressenza.com\/es\/2019\/02\/809056\/"},"wordCount":361,"publisher":{"@id":"https:\/\/www.pressenza.com\/es\/#organization"},"image":{"@id":"https:\/\/www.pressenza.com\/es\/2019\/02\/809056\/#primaryimage"},"thumbnailUrl":"https:\/\/www.pressenza.com\/wp-content\/uploads\/2019\/02\/international-2693195_1280.jpg","keywords":["di\u00e1logo","Haiti","Jean-Henry C\u00e9ant","Jovenel Mo\u00efse","protesta social","represi\u00f3n"],"articleSection":["Am\u00e9rica Central","Contenido Original","Pol\u00edtica"],"inLanguage":"es"},{"@type":"WebPage","@id":"https:\/\/www.pressenza.com\/es\/2019\/02\/809056\/","url":"https:\/\/www.pressenza.com\/es\/2019\/02\/809056\/","name":"Gobierno haitiano promete di\u00e1logo y escuchar los reclamos populares","isPartOf":{"@id":"https:\/\/www.pressenza.com\/es\/#website"},"primaryImageOfPage":{"@id":"https:\/\/www.pressenza.com\/es\/2019\/02\/809056\/#primaryimage"},"image":{"@id":"https:\/\/www.pressenza.com\/es\/2019\/02\/809056\/#primaryimage"},"thumbnailUrl":"https:\/\/www.pressenza.com\/wp-content\/uploads\/2019\/02\/international-2693195_1280.jpg","datePublished":"2019-02-17T15:27:10+00:00","dateModified":"2019-02-17T15:27:42+00:00","description":"El gobierno haitiano est\u00e1 en shock. El presidente del Senado le pidi\u00f3 al presidente de la naci\u00f3n Jovenel Moise que abandone el mutismo y afronte la","breadcrumb":{"@id":"https:\/\/www.pressenza.com\/es\/2019\/02\/809056\/#breadcrumb"},"inLanguage":"es","potentialAction":[{"@type":"ReadAction","target":["https:\/\/www.pressenza.com\/es\/2019\/02\/809056\/"]}]},{"@type":"ImageObject","inLanguage":"es","@id":"https:\/\/www.pressenza.com\/es\/2019\/02\/809056\/#primaryimage","url":"https:\/\/www.pressenza.com\/wp-content\/uploads\/2019\/02\/international-2693195_1280.jpg","contentUrl":"https:\/\/www.pressenza.com\/wp-content\/uploads\/2019\/02\/international-2693195_1280.jpg","width":1280,"height":960},{"@type":"BreadcrumbList","@id":"https:\/\/www.pressenza.com\/es\/2019\/02\/809056\/#breadcrumb","itemListElement":[{"@type":"ListItem","position":1,"name":"Accueil","item":"https:\/\/www.pressenza.com\/es\/"},{"@type":"ListItem","position":2,"name":"Gobierno haitiano promete di\u00e1logo y escuchar los reclamos populares"}]},{"@type":"WebSite","@id":"https:\/\/www.pressenza.com\/es\/#website","url":"https:\/\/www.pressenza.com\/es\/","name":"Pressenza","description":"International Press Agency","publisher":{"@id":"https:\/\/www.pressenza.com\/es\/#organization"},"potentialAction":[{"@type":"SearchAction","target":{"@type":"EntryPoint","urlTemplate":"https:\/\/www.pressenza.com\/es\/?s={search_term_string}"},"query-input":{"@type":"PropertyValueSpecification","valueRequired":true,"valueName":"search_term_string"}}],"inLanguage":"es"},{"@type":"Organization","@id":"https:\/\/www.pressenza.com\/es\/#organization","name":"Pressenza","url":"https:\/\/www.pressenza.com\/es\/","logo":{"@type":"ImageObject","inLanguage":"es","@id":"https:\/\/www.pressenza.com\/es\/#\/schema\/logo\/image\/","url":"https:\/\/www.pressenza.com\/wp-content\/uploads\/2022\/10\/pressenza_logo_200x200.jpg","contentUrl":"https:\/\/www.pressenza.com\/wp-content\/uploads\/2022\/10\/pressenza_logo_200x200.jpg","width":200,"height":200,"caption":"Pressenza"},"image":{"@id":"https:\/\/www.pressenza.com\/es\/#\/schema\/logo\/image\/"},"sameAs":["https:\/\/www.facebook.com\/PressenzaItalia","https:\/\/x.com\/PressenzaIPA"]},{"@type":"Person","@id":"https:\/\/www.pressenza.com\/es\/#\/schema\/person\/a0856fe41d8234b92503e6b28dc2585e","name":"Mariano Quiroga","description":"Born in Buenos Aires, Argentina, in 1976, Mariano is a journalist, poet and international editor for Pressenza. His career includes publications in different countries and languages. Currently he is presenter on radio programmes in Ecuador and Argentina. A humanist communicator specialising in international politics, his vocation has led him to seek to build bridges that allow relationships to be made between data, events, people and contexts in order to create an inclusive look that synthesises the noblest searches for social justice and humanisation of the planet.","sameAs":["https:\/\/www.facebook.com\/mariano.quiroga.779","https:\/\/x.com\/MaruchoQuiroga"],"url":"https:\/\/www.pressenza.com\/es\/author\/mariano-quiroga\/"}]}},"place":"Ciudad de Buenos Aires, Argentina","original_article_url":"https:\/\/www.pichinchauniversal.com.ec\/gobierno-haitiano-promete-dialogo-y-escuchar-los-reclamos-populares\/","_links":{"self":[{"href":"https:\/\/www.pressenza.com\/es\/wp-json\/wp\/v2\/posts\/809056","targetHints":{"allow":["GET"]}}],"collection":[{"href":"https:\/\/www.pressenza.com\/es\/wp-json\/wp\/v2\/posts"}],"about":[{"href":"https:\/\/www.pressenza.com\/es\/wp-json\/wp\/v2\/types\/post"}],"author":[{"embeddable":true,"href":"https:\/\/www.pressenza.com\/es\/wp-json\/wp\/v2\/users\/96"}],"replies":[{"embeddable":true,"href":"https:\/\/www.pressenza.com\/es\/wp-json\/wp\/v2\/comments?post=809056"}],"version-history":[{"count":0,"href":"https:\/\/www.pressenza.com\/es\/wp-json\/wp\/v2\/posts\/809056\/revisions"}],"wp:featuredmedia":[{"embeddable":true,"href":"https:\/\/www.pressenza.com\/es\/wp-json\/wp\/v2\/media\/809057"}],"wp:attachment":[{"href":"https:\/\/www.pressenza.com\/es\/wp-json\/wp\/v2\/media?parent=809056"}],"wp:term":[{"taxonomy":"category","embeddable":true,"href":"https:\/\/www.pressenza.com\/es\/wp-json\/wp\/v2\/categories?post=809056"},{"taxonomy":"post_tag","embeddable":true,"href":"https:\/\/www.pressenza.com\/es\/wp-json\/wp\/v2\/tags?post=809056"}],"curies":[{"name":"wp","href":"https:\/\/api.w.org\/{rel}","templated":true}]}}