{"id":807347,"date":"2019-02-14T01:59:37","date_gmt":"2019-02-14T01:59:37","guid":{"rendered":"https:\/\/www.pressenza.com\/?p=807347"},"modified":"2019-02-14T02:01:30","modified_gmt":"2019-02-14T02:01:30","slug":"noches-de-silencio","status":"publish","type":"post","link":"https:\/\/www.pressenza.com\/es\/2019\/02\/noches-de-silencio\/","title":{"rendered":"Noches de silencio"},"content":{"rendered":"<p>Lo encontraron colgado de un \u00e1rbol en el campo alrededor de Lyon, Francia. La distancia de miles de kil\u00f3metros, los a\u00f1os pasados \u200b\u200b&#8230; el tiempo se hab\u00eda convertido en el lugar donde el pasado\u00a0 se hac\u00eda presente como promesa de un futuro peor. Si sobrevives, nunca lo olvidar\u00e1s, siempre estaremos contigo, dentro de ti, dijeron los monstruos. Y as\u00ed fue realmente. Los fantasmas del inmenso dolor formaban parte de \u00e9l y \u00e9l se hab\u00eda convertido en parte de ellos. Treinta d\u00edas sufriendo las torturas m\u00e1s terribles que un hombre puede sufrir y que un hombre puede practicar con otro hombre. Tito de Alencar Lima termin\u00f3 el servicio de los verdugos con sus propias manos. Fue arrestado en una convenci\u00f3n de estudiantes en 1969 e inmediatamente trasladado a la sede de la polic\u00eda pol\u00edtica dirigida por el ej\u00e9rcito. Su condici\u00f3n de fraile dominicano no lo salv\u00f3 de las humillaciones diarias, del hambre, del fr\u00edo, del dolor atroz. Si sobrevives, nunca olvidar\u00e1s &#8230; \u00c9l no olvid\u00f3.<\/p>\n<p>Dorothy Mae Stang, conocida como la hermana Dorothy, tuvo todo el tiempo para mirar a los dos hombres que la alcanzaron en el camino a casa, abri\u00f3 el evangelio que siempre llevaba consigo y ley\u00f3 algunas frases: bienaventurados los mansos porque ellos heredar\u00e1n la tierra &#8230; Seis disparos, uno en la cabeza, el 12 de febrero de 2005, la hermana Dorothy, incluso en el momento supremo de la muerte, segu\u00eda pensando en sus campesinos, los sin tierra, los desamparados de un pa\u00eds que hace todo lo posible por desaparecer, aniquilados f\u00edsicamente por una m\u00e1quina de represi\u00f3n sin comparaci\u00f3n en el mundo, una m\u00e1quina que primero los expuls\u00f3 de sus tierras y luego les niega cualquier medio de subsistencia que no est\u00e9 bajo las condiciones de la agroindustria. \u00abNo huir\u00e9 ni abandonar\u00e9 la lucha de estos campesinos que se quedan solos en medio del bosque. Tienen el derecho sagrado a una tierra donde puedan vivir y producir con dignidad, sin devastarla \u00ab.<\/p>\n<p>Fray Tito y la hermana Dorothy mueren con cuarenta a\u00f1os de diferencia, asesinados por la misma mano. Son el s\u00edmbolo de esa parte de la Iglesia cat\u00f3lica que nunca ha abandonado su verdadera vocaci\u00f3n. Y cuando se est\u00e1 del lado de los d\u00e9biles, los fuertes no perdonan. Lo vimos en la piel de los meninos de rua cuando fueron torturados ante nuestros ojos. Patadas, descargas el\u00e9ctricas en las manos, gritos e insultos. Su culpa: ser los m\u00e1s pobres entre los pobres. Los fuertes no perdonan. As\u00ed como las armas est\u00e1n hechas para disparar, el poder existe para reprimir. Y la represi\u00f3n puede ejercerse de mil maneras, incluso sin armas. A veces, solo la amenaza, o la apariencia de una amenaza, la intimidaci\u00f3n expl\u00edcita es el \u00faltimo recurso.<\/p>\n<p>El general Heleno, por ahora no puede negar y afirma que \u00abdebemos neutralizarlos\u00bb; pero dice que solo responder\u00e1 en caso de una convocatoria formal del parlamento: \u00abNuestra preocupaci\u00f3n por el S\u00ednodo es real y concreta, muchos de los temas que se tratar\u00e1n se refieren a la seguridad nacional\u00bb. Los obispos se reunir\u00e1n en Roma para discutir el tema \u00abAmazonia, nuevos caminos para la iglesia y una ecolog\u00eda integral: Ver el clamor de los pueblos amaz\u00f3nicos; Sentir el evangelio en el bosque; el grito de los indios es similar al grito del pueblo de Dios en Egipto; Actuar por la defensa de una iglesia con rostro amaz\u00f3nico\u00bb. Hoy, la misma iglesia que hace quinientos a\u00f1os comenz\u00f3 el genocidio cultural material de los pueblos aut\u00f3ctonos, finalmente se dio cuenta de que lado est\u00e1n los d\u00e9biles y, de alguna manera, quiere estar disponible para ellos. La represi\u00f3n del poder secular no tarda. Algunas murmuraciones informan a los peri\u00f3dicos sobre las intenciones del servicio secreto bajo las \u00f3rdenes de un general, heredero de los torturadores de Frei Tito y, como representante del ej\u00e9rcito, que siempre ha sido el protector del latifundio que le dispar\u00f3 a la hermana Dorothy en el rostro. Espiando a los obispos brasile\u00f1os y luego condicionando el desarrollo del s\u00ednodo. Se hablar\u00e1 de indios, de tierras, de sin tierras, de pueblos que exigen dignidad y justicia, de la ecolog\u00eda, del desarrollo econ\u00f3mico y, seg\u00fan los documentos filtrados a la prensa, \u00absectores de la Iglesia aliados con movimientos sociales y partidos de izquierda; integrantes del clero progresista pretenden aprovechar el s\u00ednodo para criticar al gobierno de Bolsonaro y obtener un impacto internacional\u00bb. No podemos permitirlo, debemos detenerlos. Es probable que el hecho de publicar informaci\u00f3n como esta sea parte de la estrategia de intimidaci\u00f3n, en s\u00ed misma una amenaza encubierta: sabemos todo sobre ustedes y es muy f\u00e1cil difundir noticias sobre pedofilia o malversaci\u00f3n.<\/p>\n<p>El fraile Tito se suicid\u00f3 porque los monstruos le prometieron no abandonarlo. La hermana Dorothy muri\u00f3 en un callej\u00f3n para defender a nuestra gente abandonada. El general Heleno filtr\u00f3 las noticias sobre el espionaje de obispos y religiosos y luego lo niega, pero admite el inter\u00e9s del gobierno en el s\u00ednodo. Los asesinos de la hermana Dorothy actuaron en beneficio de los latifundios protegidos por el gobierno que torturaron al fraile Tito; el general Heleno trabaja para un presidente que alaba p\u00fablicamente a los torturadores del fraile Tito y a los asesinos de la hermana Dorothy. Antes de ahorcarse, el pobre fraile escribi\u00f3 en la agenda que estas \u201cS\u00e3o noites de sil\u00eancio, Vozes que clamam num espa\u00e7o infinito, Um sil\u00eancio do homem y um sil\u00eancio de Deus\u00bb &#8211; \u00abSon noches de silencio, Voces que claman en un espacio infinito, Un silencio del hombre y un silencio de Dios\u00bb.<\/p>\n<p>Ha llegado el momento de escuchar.<\/p>\n<hr \/>\n<p><em>Traducido del italiano por Michelle Oviedo<\/em><\/p>\n","protected":false},"excerpt":{"rendered":"<p>Lo encontraron colgado de un \u00e1rbol en el campo alrededor de Lyon, Francia. La distancia de miles de kil\u00f3metros, los a\u00f1os pasados \u200b\u200b&#8230; el tiempo se hab\u00eda convertido en el lugar donde el pasado\u00a0 se hac\u00eda presente como promesa de&hellip;<\/p>\n","protected":false},"author":1567,"featured_media":807374,"comment_status":"closed","ping_status":"closed","sticky":false,"template":"","format":"standard","meta":{"footnotes":""},"categories":[20607],"tags":[2749,55147,54889,55148],"class_list":["post-807347","post","type-post","status-publish","format-standard","has-post-thumbnail","hentry","category-sin-categorizar","tag-brasil-es","tag-general-heleno","tag-jair-bolsonaro-es","tag-pueblos-amazonicos"],"yoast_head":"<!-- This site is optimized with the Yoast SEO plugin v27.1.1 - https:\/\/yoast.com\/product\/yoast-seo-wordpress\/ -->\n<title>Noches de silencio<\/title>\n<meta name=\"description\" content=\"Lo encontraron colgado de un \u00e1rbol en el campo alrededor de Lyon, Francia. La distancia de miles de kil\u00f3metros, los a\u00f1os pasados \u200b\u200b... el tiempo se hab\u00eda\" \/>\n<meta name=\"robots\" content=\"index, follow, max-snippet:-1, max-image-preview:large, max-video-preview:-1\" \/>\n<link rel=\"canonical\" href=\"https:\/\/www.pressenza.com\/es\/2019\/02\/noches-de-silencio\/\" \/>\n<meta property=\"og:locale\" content=\"es_ES\" \/>\n<meta property=\"og:type\" content=\"article\" \/>\n<meta property=\"og:title\" content=\"Noches de silencio\" \/>\n<meta property=\"og:description\" content=\"Lo encontraron colgado de un \u00e1rbol en el campo alrededor de Lyon, Francia. La distancia de miles de kil\u00f3metros, los a\u00f1os pasados \u200b\u200b... el tiempo se hab\u00eda\" \/>\n<meta property=\"og:url\" content=\"https:\/\/www.pressenza.com\/es\/2019\/02\/noches-de-silencio\/\" \/>\n<meta property=\"og:site_name\" content=\"Pressenza\" \/>\n<meta property=\"article:publisher\" content=\"https:\/\/www.facebook.com\/PressenzaItalia\" \/>\n<meta property=\"article:published_time\" content=\"2019-02-14T01:59:37+00:00\" \/>\n<meta property=\"article:modified_time\" content=\"2019-02-14T02:01:30+00:00\" \/>\n<meta property=\"og:image\" content=\"https:\/\/www.pressenza.com\/wp-content\/uploads\/2019\/02\/xpapa-e-amazzonici-vatican-news-720x405.jpeg.pagespeed.ic_.VhVIZ7YDwX.jpg\" \/>\n\t<meta property=\"og:image:width\" content=\"720\" \/>\n\t<meta property=\"og:image:height\" content=\"405\" \/>\n\t<meta property=\"og:image:type\" content=\"image\/jpeg\" \/>\n<meta name=\"author\" content=\"Paolo D&#039;Aprile\" \/>\n<meta name=\"twitter:card\" content=\"summary_large_image\" \/>\n<meta name=\"twitter:creator\" content=\"@PressenzaIPA\" \/>\n<meta name=\"twitter:site\" content=\"@PressenzaIPA\" \/>\n<meta name=\"twitter:label1\" content=\"Escrito por\" \/>\n\t<meta name=\"twitter:data1\" content=\"Paolo D&#039;Aprile\" \/>\n\t<meta name=\"twitter:label2\" content=\"Tiempo de lectura\" \/>\n\t<meta name=\"twitter:data2\" content=\"5 minutos\" \/>\n<script type=\"application\/ld+json\" class=\"yoast-schema-graph\">{\"@context\":\"https:\/\/schema.org\",\"@graph\":[{\"@type\":\"Article\",\"@id\":\"https:\/\/www.pressenza.com\/es\/2019\/02\/noches-de-silencio\/#article\",\"isPartOf\":{\"@id\":\"https:\/\/www.pressenza.com\/es\/2019\/02\/noches-de-silencio\/\"},\"author\":{\"name\":\"Paolo D'Aprile\",\"@id\":\"https:\/\/www.pressenza.com\/es\/#\/schema\/person\/b7683f6cc5b4992d9641abb1dd2b2c7a\"},\"headline\":\"Noches de silencio\",\"datePublished\":\"2019-02-14T01:59:37+00:00\",\"dateModified\":\"2019-02-14T02:01:30+00:00\",\"mainEntityOfPage\":{\"@id\":\"https:\/\/www.pressenza.com\/es\/2019\/02\/noches-de-silencio\/\"},\"wordCount\":987,\"publisher\":{\"@id\":\"https:\/\/www.pressenza.com\/es\/#organization\"},\"image\":{\"@id\":\"https:\/\/www.pressenza.com\/es\/2019\/02\/noches-de-silencio\/#primaryimage\"},\"thumbnailUrl\":\"https:\/\/www.pressenza.com\/wp-content\/uploads\/2019\/02\/xpapa-e-amazzonici-vatican-news-720x405.jpeg.pagespeed.ic_.VhVIZ7YDwX.jpg\",\"keywords\":[\"Brasil\",\"General Heleno\",\"Jair Bolsonaro\",\"pueblos amaz\u00f3nicos\"],\"articleSection\":[\"Sin categorizar\"],\"inLanguage\":\"es\"},{\"@type\":\"WebPage\",\"@id\":\"https:\/\/www.pressenza.com\/es\/2019\/02\/noches-de-silencio\/\",\"url\":\"https:\/\/www.pressenza.com\/es\/2019\/02\/noches-de-silencio\/\",\"name\":\"Noches de silencio\",\"isPartOf\":{\"@id\":\"https:\/\/www.pressenza.com\/es\/#website\"},\"primaryImageOfPage\":{\"@id\":\"https:\/\/www.pressenza.com\/es\/2019\/02\/noches-de-silencio\/#primaryimage\"},\"image\":{\"@id\":\"https:\/\/www.pressenza.com\/es\/2019\/02\/noches-de-silencio\/#primaryimage\"},\"thumbnailUrl\":\"https:\/\/www.pressenza.com\/wp-content\/uploads\/2019\/02\/xpapa-e-amazzonici-vatican-news-720x405.jpeg.pagespeed.ic_.VhVIZ7YDwX.jpg\",\"datePublished\":\"2019-02-14T01:59:37+00:00\",\"dateModified\":\"2019-02-14T02:01:30+00:00\",\"description\":\"Lo encontraron colgado de un \u00e1rbol en el campo alrededor de Lyon, Francia. La distancia de miles de kil\u00f3metros, los a\u00f1os pasados \u200b\u200b... el tiempo se hab\u00eda\",\"breadcrumb\":{\"@id\":\"https:\/\/www.pressenza.com\/es\/2019\/02\/noches-de-silencio\/#breadcrumb\"},\"inLanguage\":\"es\",\"potentialAction\":[{\"@type\":\"ReadAction\",\"target\":[\"https:\/\/www.pressenza.com\/es\/2019\/02\/noches-de-silencio\/\"]}]},{\"@type\":\"ImageObject\",\"inLanguage\":\"es\",\"@id\":\"https:\/\/www.pressenza.com\/es\/2019\/02\/noches-de-silencio\/#primaryimage\",\"url\":\"https:\/\/www.pressenza.com\/wp-content\/uploads\/2019\/02\/xpapa-e-amazzonici-vatican-news-720x405.jpeg.pagespeed.ic_.VhVIZ7YDwX.jpg\",\"contentUrl\":\"https:\/\/www.pressenza.com\/wp-content\/uploads\/2019\/02\/xpapa-e-amazzonici-vatican-news-720x405.jpeg.pagespeed.ic_.VhVIZ7YDwX.jpg\",\"width\":720,\"height\":405},{\"@type\":\"BreadcrumbList\",\"@id\":\"https:\/\/www.pressenza.com\/es\/2019\/02\/noches-de-silencio\/#breadcrumb\",\"itemListElement\":[{\"@type\":\"ListItem\",\"position\":1,\"name\":\"Accueil\",\"item\":\"https:\/\/www.pressenza.com\/es\/\"},{\"@type\":\"ListItem\",\"position\":2,\"name\":\"Noches de silencio\"}]},{\"@type\":\"WebSite\",\"@id\":\"https:\/\/www.pressenza.com\/es\/#website\",\"url\":\"https:\/\/www.pressenza.com\/es\/\",\"name\":\"Pressenza\",\"description\":\"International Press Agency\",\"publisher\":{\"@id\":\"https:\/\/www.pressenza.com\/es\/#organization\"},\"potentialAction\":[{\"@type\":\"SearchAction\",\"target\":{\"@type\":\"EntryPoint\",\"urlTemplate\":\"https:\/\/www.pressenza.com\/es\/?s={search_term_string}\"},\"query-input\":{\"@type\":\"PropertyValueSpecification\",\"valueRequired\":true,\"valueName\":\"search_term_string\"}}],\"inLanguage\":\"es\"},{\"@type\":\"Organization\",\"@id\":\"https:\/\/www.pressenza.com\/es\/#organization\",\"name\":\"Pressenza\",\"url\":\"https:\/\/www.pressenza.com\/es\/\",\"logo\":{\"@type\":\"ImageObject\",\"inLanguage\":\"es\",\"@id\":\"https:\/\/www.pressenza.com\/es\/#\/schema\/logo\/image\/\",\"url\":\"https:\/\/www.pressenza.com\/wp-content\/uploads\/2022\/10\/pressenza_logo_200x200.jpg\",\"contentUrl\":\"https:\/\/www.pressenza.com\/wp-content\/uploads\/2022\/10\/pressenza_logo_200x200.jpg\",\"width\":200,\"height\":200,\"caption\":\"Pressenza\"},\"image\":{\"@id\":\"https:\/\/www.pressenza.com\/es\/#\/schema\/logo\/image\/\"},\"sameAs\":[\"https:\/\/www.facebook.com\/PressenzaItalia\",\"https:\/\/x.com\/PressenzaIPA\"]},{\"@type\":\"Person\",\"@id\":\"https:\/\/www.pressenza.com\/es\/#\/schema\/person\/b7683f6cc5b4992d9641abb1dd2b2c7a\",\"name\":\"Paolo D'Aprile\",\"description\":\"Nasco nel 1963... sono un uomo di mezza et\u00e0! Vivo a S\u00e3o Paulo dal 1989 e il mio lavoro di fisioterapista mi ha portato in contatto con le situazioni estreme della citt\u00e0, dalle favelas ai \\\"meninos de rua\\\". Ho partecipato a vari progetti di inclusione attraverso l'esercizio dei diritti civili. Da grande voglio fare il calciatore, l'astronauta e il pompiere.\",\"url\":\"https:\/\/www.pressenza.com\/es\/author\/paolo-daprile\/\"}]}<\/script>\n<!-- \/ Yoast SEO plugin. -->","yoast_head_json":{"title":"Noches de silencio","description":"Lo encontraron colgado de un \u00e1rbol en el campo alrededor de Lyon, Francia. La distancia de miles de kil\u00f3metros, los a\u00f1os pasados \u200b\u200b... el tiempo se hab\u00eda","robots":{"index":"index","follow":"follow","max-snippet":"max-snippet:-1","max-image-preview":"max-image-preview:large","max-video-preview":"max-video-preview:-1"},"canonical":"https:\/\/www.pressenza.com\/es\/2019\/02\/noches-de-silencio\/","og_locale":"es_ES","og_type":"article","og_title":"Noches de silencio","og_description":"Lo encontraron colgado de un \u00e1rbol en el campo alrededor de Lyon, Francia. La distancia de miles de kil\u00f3metros, los a\u00f1os pasados \u200b\u200b... el tiempo se hab\u00eda","og_url":"https:\/\/www.pressenza.com\/es\/2019\/02\/noches-de-silencio\/","og_site_name":"Pressenza","article_publisher":"https:\/\/www.facebook.com\/PressenzaItalia","article_published_time":"2019-02-14T01:59:37+00:00","article_modified_time":"2019-02-14T02:01:30+00:00","og_image":[{"width":720,"height":405,"url":"https:\/\/www.pressenza.com\/wp-content\/uploads\/2019\/02\/xpapa-e-amazzonici-vatican-news-720x405.jpeg.pagespeed.ic_.VhVIZ7YDwX.jpg","type":"image\/jpeg"}],"author":"Paolo D'Aprile","twitter_card":"summary_large_image","twitter_creator":"@PressenzaIPA","twitter_site":"@PressenzaIPA","twitter_misc":{"Escrito por":"Paolo D'Aprile","Tiempo de lectura":"5 minutos"},"schema":{"@context":"https:\/\/schema.org","@graph":[{"@type":"Article","@id":"https:\/\/www.pressenza.com\/es\/2019\/02\/noches-de-silencio\/#article","isPartOf":{"@id":"https:\/\/www.pressenza.com\/es\/2019\/02\/noches-de-silencio\/"},"author":{"name":"Paolo D'Aprile","@id":"https:\/\/www.pressenza.com\/es\/#\/schema\/person\/b7683f6cc5b4992d9641abb1dd2b2c7a"},"headline":"Noches de silencio","datePublished":"2019-02-14T01:59:37+00:00","dateModified":"2019-02-14T02:01:30+00:00","mainEntityOfPage":{"@id":"https:\/\/www.pressenza.com\/es\/2019\/02\/noches-de-silencio\/"},"wordCount":987,"publisher":{"@id":"https:\/\/www.pressenza.com\/es\/#organization"},"image":{"@id":"https:\/\/www.pressenza.com\/es\/2019\/02\/noches-de-silencio\/#primaryimage"},"thumbnailUrl":"https:\/\/www.pressenza.com\/wp-content\/uploads\/2019\/02\/xpapa-e-amazzonici-vatican-news-720x405.jpeg.pagespeed.ic_.VhVIZ7YDwX.jpg","keywords":["Brasil","General Heleno","Jair Bolsonaro","pueblos amaz\u00f3nicos"],"articleSection":["Sin categorizar"],"inLanguage":"es"},{"@type":"WebPage","@id":"https:\/\/www.pressenza.com\/es\/2019\/02\/noches-de-silencio\/","url":"https:\/\/www.pressenza.com\/es\/2019\/02\/noches-de-silencio\/","name":"Noches de silencio","isPartOf":{"@id":"https:\/\/www.pressenza.com\/es\/#website"},"primaryImageOfPage":{"@id":"https:\/\/www.pressenza.com\/es\/2019\/02\/noches-de-silencio\/#primaryimage"},"image":{"@id":"https:\/\/www.pressenza.com\/es\/2019\/02\/noches-de-silencio\/#primaryimage"},"thumbnailUrl":"https:\/\/www.pressenza.com\/wp-content\/uploads\/2019\/02\/xpapa-e-amazzonici-vatican-news-720x405.jpeg.pagespeed.ic_.VhVIZ7YDwX.jpg","datePublished":"2019-02-14T01:59:37+00:00","dateModified":"2019-02-14T02:01:30+00:00","description":"Lo encontraron colgado de un \u00e1rbol en el campo alrededor de Lyon, Francia. La distancia de miles de kil\u00f3metros, los a\u00f1os pasados \u200b\u200b... el tiempo se hab\u00eda","breadcrumb":{"@id":"https:\/\/www.pressenza.com\/es\/2019\/02\/noches-de-silencio\/#breadcrumb"},"inLanguage":"es","potentialAction":[{"@type":"ReadAction","target":["https:\/\/www.pressenza.com\/es\/2019\/02\/noches-de-silencio\/"]}]},{"@type":"ImageObject","inLanguage":"es","@id":"https:\/\/www.pressenza.com\/es\/2019\/02\/noches-de-silencio\/#primaryimage","url":"https:\/\/www.pressenza.com\/wp-content\/uploads\/2019\/02\/xpapa-e-amazzonici-vatican-news-720x405.jpeg.pagespeed.ic_.VhVIZ7YDwX.jpg","contentUrl":"https:\/\/www.pressenza.com\/wp-content\/uploads\/2019\/02\/xpapa-e-amazzonici-vatican-news-720x405.jpeg.pagespeed.ic_.VhVIZ7YDwX.jpg","width":720,"height":405},{"@type":"BreadcrumbList","@id":"https:\/\/www.pressenza.com\/es\/2019\/02\/noches-de-silencio\/#breadcrumb","itemListElement":[{"@type":"ListItem","position":1,"name":"Accueil","item":"https:\/\/www.pressenza.com\/es\/"},{"@type":"ListItem","position":2,"name":"Noches de silencio"}]},{"@type":"WebSite","@id":"https:\/\/www.pressenza.com\/es\/#website","url":"https:\/\/www.pressenza.com\/es\/","name":"Pressenza","description":"International Press Agency","publisher":{"@id":"https:\/\/www.pressenza.com\/es\/#organization"},"potentialAction":[{"@type":"SearchAction","target":{"@type":"EntryPoint","urlTemplate":"https:\/\/www.pressenza.com\/es\/?s={search_term_string}"},"query-input":{"@type":"PropertyValueSpecification","valueRequired":true,"valueName":"search_term_string"}}],"inLanguage":"es"},{"@type":"Organization","@id":"https:\/\/www.pressenza.com\/es\/#organization","name":"Pressenza","url":"https:\/\/www.pressenza.com\/es\/","logo":{"@type":"ImageObject","inLanguage":"es","@id":"https:\/\/www.pressenza.com\/es\/#\/schema\/logo\/image\/","url":"https:\/\/www.pressenza.com\/wp-content\/uploads\/2022\/10\/pressenza_logo_200x200.jpg","contentUrl":"https:\/\/www.pressenza.com\/wp-content\/uploads\/2022\/10\/pressenza_logo_200x200.jpg","width":200,"height":200,"caption":"Pressenza"},"image":{"@id":"https:\/\/www.pressenza.com\/es\/#\/schema\/logo\/image\/"},"sameAs":["https:\/\/www.facebook.com\/PressenzaItalia","https:\/\/x.com\/PressenzaIPA"]},{"@type":"Person","@id":"https:\/\/www.pressenza.com\/es\/#\/schema\/person\/b7683f6cc5b4992d9641abb1dd2b2c7a","name":"Paolo D'Aprile","description":"Nasco nel 1963... sono un uomo di mezza et\u00e0! Vivo a S\u00e3o Paulo dal 1989 e il mio lavoro di fisioterapista mi ha portato in contatto con le situazioni estreme della citt\u00e0, dalle favelas ai \"meninos de rua\". Ho partecipato a vari progetti di inclusione attraverso l'esercizio dei diritti civili. Da grande voglio fare il calciatore, l'astronauta e il pompiere.","url":"https:\/\/www.pressenza.com\/es\/author\/paolo-daprile\/"}]}},"place":"Sao Paulo, Brasil","original_article_url":"","_links":{"self":[{"href":"https:\/\/www.pressenza.com\/es\/wp-json\/wp\/v2\/posts\/807347","targetHints":{"allow":["GET"]}}],"collection":[{"href":"https:\/\/www.pressenza.com\/es\/wp-json\/wp\/v2\/posts"}],"about":[{"href":"https:\/\/www.pressenza.com\/es\/wp-json\/wp\/v2\/types\/post"}],"author":[{"embeddable":true,"href":"https:\/\/www.pressenza.com\/es\/wp-json\/wp\/v2\/users\/1567"}],"replies":[{"embeddable":true,"href":"https:\/\/www.pressenza.com\/es\/wp-json\/wp\/v2\/comments?post=807347"}],"version-history":[{"count":0,"href":"https:\/\/www.pressenza.com\/es\/wp-json\/wp\/v2\/posts\/807347\/revisions"}],"wp:featuredmedia":[{"embeddable":true,"href":"https:\/\/www.pressenza.com\/es\/wp-json\/wp\/v2\/media\/807374"}],"wp:attachment":[{"href":"https:\/\/www.pressenza.com\/es\/wp-json\/wp\/v2\/media?parent=807347"}],"wp:term":[{"taxonomy":"category","embeddable":true,"href":"https:\/\/www.pressenza.com\/es\/wp-json\/wp\/v2\/categories?post=807347"},{"taxonomy":"post_tag","embeddable":true,"href":"https:\/\/www.pressenza.com\/es\/wp-json\/wp\/v2\/tags?post=807347"}],"curies":[{"name":"wp","href":"https:\/\/api.w.org\/{rel}","templated":true}]}}