{"id":805594,"date":"2019-02-11T08:11:33","date_gmt":"2019-02-11T08:11:33","guid":{"rendered":"https:\/\/www.pressenza.com\/?p=805594"},"modified":"2019-02-11T11:07:43","modified_gmt":"2019-02-11T11:07:43","slug":"can-masdeu-otra-manera-de-vivir-en-barcelona","status":"publish","type":"post","link":"https:\/\/www.pressenza.com\/es\/2019\/02\/can-masdeu-otra-manera-de-vivir-en-barcelona\/","title":{"rendered":"Can Masdeu, otra manera de vivir en Barcelona"},"content":{"rendered":"<p>Si nos adentramos en el Parque Natural de Collserola en Barcelona descubriremos este proyecto autogestionario y social, que pretende ser una alternativa al mundo del humo, el ruido y la velocidad.<\/p>\n<p>No quieren estar aislados de la sociedad sino ser una propuesta de cooperaci\u00f3n colectiva entre generaciones. Aprovechan terrenos en desuso y los dividen en parcelas que comparten con otros vecinos y cultivan de manera sostenible.<\/p>\n<p>Personas de todo el mundo vienen a Barcelona para conocer y participar de este proyecto que nos pone en sinton\u00eda con la naturaleza.<\/p>\n<p><img loading=\"lazy\" decoding=\"async\" class=\"alignnone size-full wp-image-805592\" src=\"https:\/\/www.pressenza.com\/wp-content\/uploads\/2019\/02\/CanMasdeu_15.jpg\" alt=\"\" width=\"2048\" height=\"1365\" srcset=\"https:\/\/www.pressenza.com\/wp-content\/uploads\/2019\/02\/CanMasdeu_15.jpg 2048w, https:\/\/www.pressenza.com\/wp-content\/uploads\/2019\/02\/CanMasdeu_15-300x200.jpg 300w, https:\/\/www.pressenza.com\/wp-content\/uploads\/2019\/02\/CanMasdeu_15-768x512.jpg 768w, https:\/\/www.pressenza.com\/wp-content\/uploads\/2019\/02\/CanMasdeu_15-720x480.jpg 720w\" sizes=\"auto, (max-width: 2048px) 100vw, 2048px\" \/><\/p>\n<p>Los participantes definen Can Masdeu como un acto de desobediencia creativa, una alternativa al modelo de vida establecido.<\/p>\n<p><img loading=\"lazy\" decoding=\"async\" class=\"alignnone size-full wp-image-805583\" src=\"https:\/\/www.pressenza.com\/wp-content\/uploads\/2019\/02\/CanMasdeu_14.jpg\" alt=\"\" width=\"2048\" height=\"1365\" srcset=\"https:\/\/www.pressenza.com\/wp-content\/uploads\/2019\/02\/CanMasdeu_14.jpg 2048w, https:\/\/www.pressenza.com\/wp-content\/uploads\/2019\/02\/CanMasdeu_14-300x200.jpg 300w, https:\/\/www.pressenza.com\/wp-content\/uploads\/2019\/02\/CanMasdeu_14-768x512.jpg 768w, https:\/\/www.pressenza.com\/wp-content\/uploads\/2019\/02\/CanMasdeu_14-720x480.jpg 720w\" sizes=\"auto, (max-width: 2048px) 100vw, 2048px\" \/><\/p>\n<p>\u201cNo queremos vivir aislados sino ser independientes\u201d, dice Martin, que es de Argentina y tambi\u00e9n forma parte del proyecto.<\/p>\n<p><img loading=\"lazy\" decoding=\"async\" class=\"alignnone size-full wp-image-805574\" src=\"https:\/\/www.pressenza.com\/wp-content\/uploads\/2019\/02\/CanMasdeu_13.jpg\" alt=\"\" width=\"2048\" height=\"1365\" srcset=\"https:\/\/www.pressenza.com\/wp-content\/uploads\/2019\/02\/CanMasdeu_13.jpg 2048w, https:\/\/www.pressenza.com\/wp-content\/uploads\/2019\/02\/CanMasdeu_13-300x200.jpg 300w, https:\/\/www.pressenza.com\/wp-content\/uploads\/2019\/02\/CanMasdeu_13-768x512.jpg 768w, https:\/\/www.pressenza.com\/wp-content\/uploads\/2019\/02\/CanMasdeu_13-720x480.jpg 720w\" sizes=\"auto, (max-width: 2048px) 100vw, 2048px\" \/><\/p>\n<p>\u201cEntendemos lo p\u00fablico como recuperaci\u00f3n de los espacios y recursos sustra\u00eddos a la l\u00f3gica mercantil y autogestionados por la comunidad\u201d. Como parte de esa l\u00f3gica social, tambi\u00e9n se llevan a cabo tertulias abiertas, asambleas, debates, videoforums\u2026 todo enfocado al di\u00e1logo.<\/p>\n<p><img loading=\"lazy\" decoding=\"async\" class=\"alignnone size-full wp-image-805565\" src=\"https:\/\/www.pressenza.com\/wp-content\/uploads\/2019\/02\/CanMasdeu_12.jpg\" alt=\"\" width=\"2048\" height=\"1365\" srcset=\"https:\/\/www.pressenza.com\/wp-content\/uploads\/2019\/02\/CanMasdeu_12.jpg 2048w, https:\/\/www.pressenza.com\/wp-content\/uploads\/2019\/02\/CanMasdeu_12-300x200.jpg 300w, https:\/\/www.pressenza.com\/wp-content\/uploads\/2019\/02\/CanMasdeu_12-768x512.jpg 768w, https:\/\/www.pressenza.com\/wp-content\/uploads\/2019\/02\/CanMasdeu_12-720x480.jpg 720w\" sizes=\"auto, (max-width: 2048px) 100vw, 2048px\" \/><\/p>\n<p>Claire es de Inglaterra, forma parte del proyecto y nos explica que, aunque no tienen el derecho legal sobre la Mas\u00eda, s\u00ed tienen el derecho social. El edificio de cuatro plantas llevaba m\u00e1s de medio siglo abandonado por su propietario, el Hospital de Sant Pau, hasta que fue ocupado y gestionado.<\/p>\n<p><img loading=\"lazy\" decoding=\"async\" class=\"alignnone size-full wp-image-805556\" src=\"https:\/\/www.pressenza.com\/wp-content\/uploads\/2019\/02\/CanMasdeu_11.jpg\" alt=\"\" width=\"2048\" height=\"1365\" srcset=\"https:\/\/www.pressenza.com\/wp-content\/uploads\/2019\/02\/CanMasdeu_11.jpg 2048w, https:\/\/www.pressenza.com\/wp-content\/uploads\/2019\/02\/CanMasdeu_11-300x200.jpg 300w, https:\/\/www.pressenza.com\/wp-content\/uploads\/2019\/02\/CanMasdeu_11-768x512.jpg 768w, https:\/\/www.pressenza.com\/wp-content\/uploads\/2019\/02\/CanMasdeu_11-720x480.jpg 720w\" sizes=\"auto, (max-width: 2048px) 100vw, 2048px\" \/><\/p>\n<p>En Can Masdeu todo va a otro ritmo. Se puede disfrutar de un espacio abierto y salvaje, a la vez que respirar hondo a pocos metros de la ciudad condal. Se intenta que todas las actividades sean de d\u00eda para que sean en un clima relajado y familiar.<\/p>\n<p><img loading=\"lazy\" decoding=\"async\" class=\"alignnone size-full wp-image-805547\" src=\"https:\/\/www.pressenza.com\/wp-content\/uploads\/2019\/02\/CanMasdeu_10.jpg\" alt=\"\" width=\"2048\" height=\"1365\" srcset=\"https:\/\/www.pressenza.com\/wp-content\/uploads\/2019\/02\/CanMasdeu_10.jpg 2048w, https:\/\/www.pressenza.com\/wp-content\/uploads\/2019\/02\/CanMasdeu_10-300x200.jpg 300w, https:\/\/www.pressenza.com\/wp-content\/uploads\/2019\/02\/CanMasdeu_10-768x512.jpg 768w, https:\/\/www.pressenza.com\/wp-content\/uploads\/2019\/02\/CanMasdeu_10-720x480.jpg 720w\" sizes=\"auto, (max-width: 2048px) 100vw, 2048px\" \/><\/p>\n<p>Hacen su propio pan en un horno de le\u00f1a y tambi\u00e9n su propio aceite y miel cuando pueden. Todo para consumo propio y para intentar no depender ni fomentar la cultura del consumismo.<\/p>\n<p><img loading=\"lazy\" decoding=\"async\" class=\"alignnone size-full wp-image-805538\" src=\"https:\/\/www.pressenza.com\/wp-content\/uploads\/2019\/02\/CanMasdeu_09.jpg\" alt=\"\" width=\"2048\" height=\"1365\" srcset=\"https:\/\/www.pressenza.com\/wp-content\/uploads\/2019\/02\/CanMasdeu_09.jpg 2048w, https:\/\/www.pressenza.com\/wp-content\/uploads\/2019\/02\/CanMasdeu_09-300x200.jpg 300w, https:\/\/www.pressenza.com\/wp-content\/uploads\/2019\/02\/CanMasdeu_09-768x512.jpg 768w, https:\/\/www.pressenza.com\/wp-content\/uploads\/2019\/02\/CanMasdeu_09-720x480.jpg 720w\" sizes=\"auto, (max-width: 2048px) 100vw, 2048px\" \/><\/p>\n<p>Este proyecto comenz\u00f3 en el a\u00f1o 2001 y conforma toda una red de colectivos que defienden que \u201cla tierra es de quien la trabaja\u201d.<\/p>\n<p><img loading=\"lazy\" decoding=\"async\" class=\"alignnone size-full wp-image-805529\" src=\"https:\/\/www.pressenza.com\/wp-content\/uploads\/2019\/02\/CanMasdeu_08.jpg\" alt=\"\" width=\"2048\" height=\"1365\" srcset=\"https:\/\/www.pressenza.com\/wp-content\/uploads\/2019\/02\/CanMasdeu_08.jpg 2048w, https:\/\/www.pressenza.com\/wp-content\/uploads\/2019\/02\/CanMasdeu_08-300x200.jpg 300w, https:\/\/www.pressenza.com\/wp-content\/uploads\/2019\/02\/CanMasdeu_08-768x512.jpg 768w, https:\/\/www.pressenza.com\/wp-content\/uploads\/2019\/02\/CanMasdeu_08-720x480.jpg 720w\" sizes=\"auto, (max-width: 2048px) 100vw, 2048px\" \/><\/p>\n<p>Uno de los vecinos del barrio trabaja en el huerto comunitario.<\/p>\n<p><img loading=\"lazy\" decoding=\"async\" class=\"alignnone size-full wp-image-805520\" src=\"https:\/\/www.pressenza.com\/wp-content\/uploads\/2019\/02\/CanMasdeu_07.jpg\" alt=\"\" width=\"2048\" height=\"1365\" srcset=\"https:\/\/www.pressenza.com\/wp-content\/uploads\/2019\/02\/CanMasdeu_07.jpg 2048w, https:\/\/www.pressenza.com\/wp-content\/uploads\/2019\/02\/CanMasdeu_07-300x200.jpg 300w, https:\/\/www.pressenza.com\/wp-content\/uploads\/2019\/02\/CanMasdeu_07-768x512.jpg 768w, https:\/\/www.pressenza.com\/wp-content\/uploads\/2019\/02\/CanMasdeu_07-720x480.jpg 720w\" sizes=\"auto, (max-width: 2048px) 100vw, 2048px\" \/><\/p>\n<p>Una de las premisas de Can Masdeu es seguir el ritmo de las estaciones frente al \u201cmundo del dinero, el humo, el ruido y la velocidad\u201d. All\u00ed los tiempos y procesos de la tierra se respetan.<\/p>\n<p><img loading=\"lazy\" decoding=\"async\" class=\"alignnone size-full wp-image-805511\" src=\"https:\/\/www.pressenza.com\/wp-content\/uploads\/2019\/02\/CanMasdeu_06.jpg\" alt=\"\" width=\"2048\" height=\"1365\" srcset=\"https:\/\/www.pressenza.com\/wp-content\/uploads\/2019\/02\/CanMasdeu_06.jpg 2048w, https:\/\/www.pressenza.com\/wp-content\/uploads\/2019\/02\/CanMasdeu_06-300x200.jpg 300w, https:\/\/www.pressenza.com\/wp-content\/uploads\/2019\/02\/CanMasdeu_06-768x512.jpg 768w, https:\/\/www.pressenza.com\/wp-content\/uploads\/2019\/02\/CanMasdeu_06-720x480.jpg 720w\" sizes=\"auto, (max-width: 2048px) 100vw, 2048px\" \/><\/p>\n<p>Los hu\u00e9spedes de Can Masdeu cultivan aproximadamente el 85% de las verduras que consumen.<\/p>\n<p><img loading=\"lazy\" decoding=\"async\" class=\"alignnone size-full wp-image-805502\" src=\"https:\/\/www.pressenza.com\/wp-content\/uploads\/2019\/02\/CanMasdeu_05.jpg\" alt=\"\" width=\"2048\" height=\"1365\" srcset=\"https:\/\/www.pressenza.com\/wp-content\/uploads\/2019\/02\/CanMasdeu_05.jpg 2048w, https:\/\/www.pressenza.com\/wp-content\/uploads\/2019\/02\/CanMasdeu_05-300x200.jpg 300w, https:\/\/www.pressenza.com\/wp-content\/uploads\/2019\/02\/CanMasdeu_05-768x512.jpg 768w, https:\/\/www.pressenza.com\/wp-content\/uploads\/2019\/02\/CanMasdeu_05-720x480.jpg 720w\" sizes=\"auto, (max-width: 2048px) 100vw, 2048px\" \/><\/p>\n<p>Los terrenos se los dividen junto con las personas del barrio que tambi\u00e9n participan y gestionan su propia parcela.<\/p>\n<p><img loading=\"lazy\" decoding=\"async\" class=\"alignnone size-full wp-image-805493\" src=\"https:\/\/www.pressenza.com\/wp-content\/uploads\/2019\/02\/CanMasdeu_04.jpg\" alt=\"\" width=\"2048\" height=\"1365\" srcset=\"https:\/\/www.pressenza.com\/wp-content\/uploads\/2019\/02\/CanMasdeu_04.jpg 2048w, https:\/\/www.pressenza.com\/wp-content\/uploads\/2019\/02\/CanMasdeu_04-300x200.jpg 300w, https:\/\/www.pressenza.com\/wp-content\/uploads\/2019\/02\/CanMasdeu_04-768x512.jpg 768w, https:\/\/www.pressenza.com\/wp-content\/uploads\/2019\/02\/CanMasdeu_04-720x480.jpg 720w\" sizes=\"auto, (max-width: 2048px) 100vw, 2048px\" \/><\/p>\n<p>Entre esas actividades sociales abiertas se encuentra el PIC (Punto de Interacci\u00f3n de Collserola), una oportunidad para conocer el proyecto desde dentro. Se trata de un d\u00eda de puertas abiertas en el que te explican c\u00f3mo se organizan, hacen una ruta guiada por los huertos y hay una comida popular.<\/p>\n<p><img loading=\"lazy\" decoding=\"async\" class=\"alignnone size-full wp-image-805484\" src=\"https:\/\/www.pressenza.com\/wp-content\/uploads\/2019\/02\/CanMasdeu_03.jpg\" alt=\"\" width=\"2048\" height=\"1365\" srcset=\"https:\/\/www.pressenza.com\/wp-content\/uploads\/2019\/02\/CanMasdeu_03.jpg 2048w, https:\/\/www.pressenza.com\/wp-content\/uploads\/2019\/02\/CanMasdeu_03-300x200.jpg 300w, https:\/\/www.pressenza.com\/wp-content\/uploads\/2019\/02\/CanMasdeu_03-768x512.jpg 768w, https:\/\/www.pressenza.com\/wp-content\/uploads\/2019\/02\/CanMasdeu_03-720x480.jpg 720w\" sizes=\"auto, (max-width: 2048px) 100vw, 2048px\" \/><\/p>\n<p>Can Masdeu se sit\u00faa en la Sierra de Collserola, a pocos metros de la ciudad. A pesar de llevar una vida ajena a \u201cla voracidad de una ciudad sin l\u00edmites\u201d, el proyecto tambi\u00e9n incluye actividades con vecinos del barrio.<\/p>\n<p><img loading=\"lazy\" decoding=\"async\" class=\"alignnone size-full wp-image-805475\" src=\"https:\/\/www.pressenza.com\/wp-content\/uploads\/2019\/02\/CanMasdeu_02.jpg\" alt=\"\" width=\"2048\" height=\"1365\" srcset=\"https:\/\/www.pressenza.com\/wp-content\/uploads\/2019\/02\/CanMasdeu_02.jpg 2048w, https:\/\/www.pressenza.com\/wp-content\/uploads\/2019\/02\/CanMasdeu_02-300x200.jpg 300w, https:\/\/www.pressenza.com\/wp-content\/uploads\/2019\/02\/CanMasdeu_02-768x512.jpg 768w, https:\/\/www.pressenza.com\/wp-content\/uploads\/2019\/02\/CanMasdeu_02-720x480.jpg 720w\" sizes=\"auto, (max-width: 2048px) 100vw, 2048px\" \/><\/p>\n<p>Activistas okupas fueron los que iniciaron este proyecto independiente pero ahora es mucho m\u00e1s que eso; una mas\u00eda en la que conviven adultos y ni\u00f1os, y en la que la tierra en desuso se ha transformado en un espacio agr\u00edcola y social.<\/p>\n<p><img loading=\"lazy\" decoding=\"async\" class=\"alignnone size-full wp-image-805466\" src=\"https:\/\/www.pressenza.com\/wp-content\/uploads\/2019\/02\/CanMasdeu_01.jpg\" alt=\"\" width=\"2048\" height=\"1365\" srcset=\"https:\/\/www.pressenza.com\/wp-content\/uploads\/2019\/02\/CanMasdeu_01.jpg 2048w, https:\/\/www.pressenza.com\/wp-content\/uploads\/2019\/02\/CanMasdeu_01-300x200.jpg 300w, https:\/\/www.pressenza.com\/wp-content\/uploads\/2019\/02\/CanMasdeu_01-768x512.jpg 768w, https:\/\/www.pressenza.com\/wp-content\/uploads\/2019\/02\/CanMasdeu_01-720x480.jpg 720w\" sizes=\"auto, (max-width: 2048px) 100vw, 2048px\" \/><\/p>\n<p>Can Masdeu funcionaba como una antigua leproser\u00eda y hace 18 a\u00f1os que lo transformaron en un centro social y autogestionario, referencia de vida comunitaria.<\/p>\n<p>Ester Medina<br \/>\nPhotojournalist | @ester_merro<br \/>\n(+34) 662013208<\/p>\n","protected":false},"excerpt":{"rendered":"<p>Si nos adentramos en el Parque Natural de Collserola en Barcelona descubriremos este proyecto autogestionario y social, que pretende ser una alternativa al mundo del humo, el ruido y la velocidad. No quieren estar aislados de la sociedad sino ser&hellip;<\/p>\n","protected":false},"author":1122,"featured_media":805565,"comment_status":"closed","ping_status":"closed","sticky":false,"template":"","format":"standard","meta":{"footnotes":""},"categories":[11389,78,66,5667],"tags":[54962,5124],"class_list":["post-805594","post","type-post","status-publish","format-standard","has-post-thumbnail","hentry","category-contenido-original","category-medio-ambiente-ecologia","category-europa-es","category-foto-reportajes","tag-can-masdeu-es","tag-ecologia-es"],"yoast_head":"<!-- This site is optimized with the Yoast SEO plugin v27.1.1 - https:\/\/yoast.com\/product\/yoast-seo-wordpress\/ -->\n<title>Can Masdeu, otra manera de vivir en Barcelona<\/title>\n<meta name=\"description\" content=\"Si nos adentramos en el Parque Natural de Collserola en Barcelona descubriremos este proyecto autogestionario y social, que pretende ser una alternativa\" \/>\n<meta name=\"robots\" content=\"index, follow, max-snippet:-1, max-image-preview:large, max-video-preview:-1\" \/>\n<link rel=\"canonical\" href=\"https:\/\/www.pressenza.com\/es\/2019\/02\/can-masdeu-otra-manera-de-vivir-en-barcelona\/\" \/>\n<meta property=\"og:locale\" content=\"es_ES\" \/>\n<meta property=\"og:type\" content=\"article\" \/>\n<meta property=\"og:title\" content=\"Can Masdeu, otra manera de vivir en Barcelona\" \/>\n<meta property=\"og:description\" content=\"Si nos adentramos en el Parque Natural de Collserola en Barcelona descubriremos este proyecto autogestionario y social, que pretende ser una alternativa\" \/>\n<meta property=\"og:url\" content=\"https:\/\/www.pressenza.com\/es\/2019\/02\/can-masdeu-otra-manera-de-vivir-en-barcelona\/\" \/>\n<meta property=\"og:site_name\" content=\"Pressenza\" \/>\n<meta property=\"article:publisher\" content=\"https:\/\/www.facebook.com\/PressenzaItalia\" \/>\n<meta property=\"article:author\" content=\"https:\/\/www.facebook.com\/Pressenza-Espaa-647854795301395\/timeline\/\" \/>\n<meta property=\"article:published_time\" content=\"2019-02-11T08:11:33+00:00\" \/>\n<meta property=\"article:modified_time\" content=\"2019-02-11T11:07:43+00:00\" \/>\n<meta property=\"og:image\" content=\"https:\/\/www.pressenza.com\/wp-content\/uploads\/2019\/02\/CanMasdeu_12.jpg\" \/>\n\t<meta property=\"og:image:width\" content=\"2048\" \/>\n\t<meta property=\"og:image:height\" content=\"1365\" \/>\n\t<meta property=\"og:image:type\" content=\"image\/jpeg\" \/>\n<meta name=\"author\" content=\"Redacci\u00f3n Barcelona\" \/>\n<meta name=\"twitter:card\" content=\"summary_large_image\" \/>\n<meta name=\"twitter:creator\" content=\"@pressenza\" \/>\n<meta name=\"twitter:site\" content=\"@PressenzaIPA\" \/>\n<meta name=\"twitter:label1\" content=\"Escrito por\" \/>\n\t<meta name=\"twitter:data1\" content=\"Redacci\u00f3n Barcelona\" \/>\n\t<meta name=\"twitter:label2\" content=\"Tiempo de lectura\" \/>\n\t<meta name=\"twitter:data2\" content=\"3 minutos\" \/>\n<script type=\"application\/ld+json\" class=\"yoast-schema-graph\">{\"@context\":\"https:\/\/schema.org\",\"@graph\":[{\"@type\":\"Article\",\"@id\":\"https:\/\/www.pressenza.com\/es\/2019\/02\/can-masdeu-otra-manera-de-vivir-en-barcelona\/#article\",\"isPartOf\":{\"@id\":\"https:\/\/www.pressenza.com\/es\/2019\/02\/can-masdeu-otra-manera-de-vivir-en-barcelona\/\"},\"author\":{\"name\":\"Redacci\u00f3n Barcelona\",\"@id\":\"https:\/\/www.pressenza.com\/es\/#\/schema\/person\/8abc53b92f3264e0dad4300d54ac73ff\"},\"headline\":\"Can Masdeu, otra manera de vivir en Barcelona\",\"datePublished\":\"2019-02-11T08:11:33+00:00\",\"dateModified\":\"2019-02-11T11:07:43+00:00\",\"mainEntityOfPage\":{\"@id\":\"https:\/\/www.pressenza.com\/es\/2019\/02\/can-masdeu-otra-manera-de-vivir-en-barcelona\/\"},\"wordCount\":597,\"publisher\":{\"@id\":\"https:\/\/www.pressenza.com\/es\/#organization\"},\"image\":{\"@id\":\"https:\/\/www.pressenza.com\/es\/2019\/02\/can-masdeu-otra-manera-de-vivir-en-barcelona\/#primaryimage\"},\"thumbnailUrl\":\"https:\/\/www.pressenza.com\/wp-content\/uploads\/2019\/02\/CanMasdeu_12.jpg\",\"keywords\":[\"Can Masdeu\",\"Ecolog\u00eda\"],\"articleSection\":[\"Contenido Original\",\"Ecolog\u00eda y Medio Ambiente\",\"Europa\",\"Fotorreportajes\"],\"inLanguage\":\"es\"},{\"@type\":\"WebPage\",\"@id\":\"https:\/\/www.pressenza.com\/es\/2019\/02\/can-masdeu-otra-manera-de-vivir-en-barcelona\/\",\"url\":\"https:\/\/www.pressenza.com\/es\/2019\/02\/can-masdeu-otra-manera-de-vivir-en-barcelona\/\",\"name\":\"Can Masdeu, otra manera de vivir en Barcelona\",\"isPartOf\":{\"@id\":\"https:\/\/www.pressenza.com\/es\/#website\"},\"primaryImageOfPage\":{\"@id\":\"https:\/\/www.pressenza.com\/es\/2019\/02\/can-masdeu-otra-manera-de-vivir-en-barcelona\/#primaryimage\"},\"image\":{\"@id\":\"https:\/\/www.pressenza.com\/es\/2019\/02\/can-masdeu-otra-manera-de-vivir-en-barcelona\/#primaryimage\"},\"thumbnailUrl\":\"https:\/\/www.pressenza.com\/wp-content\/uploads\/2019\/02\/CanMasdeu_12.jpg\",\"datePublished\":\"2019-02-11T08:11:33+00:00\",\"dateModified\":\"2019-02-11T11:07:43+00:00\",\"description\":\"Si nos adentramos en el Parque Natural de Collserola en Barcelona descubriremos este proyecto autogestionario y social, que pretende ser una alternativa\",\"breadcrumb\":{\"@id\":\"https:\/\/www.pressenza.com\/es\/2019\/02\/can-masdeu-otra-manera-de-vivir-en-barcelona\/#breadcrumb\"},\"inLanguage\":\"es\",\"potentialAction\":[{\"@type\":\"ReadAction\",\"target\":[\"https:\/\/www.pressenza.com\/es\/2019\/02\/can-masdeu-otra-manera-de-vivir-en-barcelona\/\"]}]},{\"@type\":\"ImageObject\",\"inLanguage\":\"es\",\"@id\":\"https:\/\/www.pressenza.com\/es\/2019\/02\/can-masdeu-otra-manera-de-vivir-en-barcelona\/#primaryimage\",\"url\":\"https:\/\/www.pressenza.com\/wp-content\/uploads\/2019\/02\/CanMasdeu_12.jpg\",\"contentUrl\":\"https:\/\/www.pressenza.com\/wp-content\/uploads\/2019\/02\/CanMasdeu_12.jpg\",\"width\":2048,\"height\":1365},{\"@type\":\"BreadcrumbList\",\"@id\":\"https:\/\/www.pressenza.com\/es\/2019\/02\/can-masdeu-otra-manera-de-vivir-en-barcelona\/#breadcrumb\",\"itemListElement\":[{\"@type\":\"ListItem\",\"position\":1,\"name\":\"Accueil\",\"item\":\"https:\/\/www.pressenza.com\/es\/\"},{\"@type\":\"ListItem\",\"position\":2,\"name\":\"Can Masdeu, otra manera de vivir en Barcelona\"}]},{\"@type\":\"WebSite\",\"@id\":\"https:\/\/www.pressenza.com\/es\/#website\",\"url\":\"https:\/\/www.pressenza.com\/es\/\",\"name\":\"Pressenza\",\"description\":\"International Press Agency\",\"publisher\":{\"@id\":\"https:\/\/www.pressenza.com\/es\/#organization\"},\"potentialAction\":[{\"@type\":\"SearchAction\",\"target\":{\"@type\":\"EntryPoint\",\"urlTemplate\":\"https:\/\/www.pressenza.com\/es\/?s={search_term_string}\"},\"query-input\":{\"@type\":\"PropertyValueSpecification\",\"valueRequired\":true,\"valueName\":\"search_term_string\"}}],\"inLanguage\":\"es\"},{\"@type\":\"Organization\",\"@id\":\"https:\/\/www.pressenza.com\/es\/#organization\",\"name\":\"Pressenza\",\"url\":\"https:\/\/www.pressenza.com\/es\/\",\"logo\":{\"@type\":\"ImageObject\",\"inLanguage\":\"es\",\"@id\":\"https:\/\/www.pressenza.com\/es\/#\/schema\/logo\/image\/\",\"url\":\"https:\/\/www.pressenza.com\/wp-content\/uploads\/2022\/10\/pressenza_logo_200x200.jpg\",\"contentUrl\":\"https:\/\/www.pressenza.com\/wp-content\/uploads\/2022\/10\/pressenza_logo_200x200.jpg\",\"width\":200,\"height\":200,\"caption\":\"Pressenza\"},\"image\":{\"@id\":\"https:\/\/www.pressenza.com\/es\/#\/schema\/logo\/image\/\"},\"sameAs\":[\"https:\/\/www.facebook.com\/PressenzaItalia\",\"https:\/\/x.com\/PressenzaIPA\"]},{\"@type\":\"Person\",\"@id\":\"https:\/\/www.pressenza.com\/es\/#\/schema\/person\/8abc53b92f3264e0dad4300d54ac73ff\",\"name\":\"Redacci\u00f3n Barcelona\",\"description\":\"News published by the Pressenza bureau in Barcelona, Spain\",\"sameAs\":[\"https:\/\/www.facebook.com\/Pressenza-Espaa-647854795301395\/timeline\/\",\"https:\/\/x.com\/pressenza\"],\"url\":\"https:\/\/www.pressenza.com\/es\/author\/redaccion-barcelona\/\"}]}<\/script>\n<!-- \/ Yoast SEO plugin. -->","yoast_head_json":{"title":"Can Masdeu, otra manera de vivir en Barcelona","description":"Si nos adentramos en el Parque Natural de Collserola en Barcelona descubriremos este proyecto autogestionario y social, que pretende ser una alternativa","robots":{"index":"index","follow":"follow","max-snippet":"max-snippet:-1","max-image-preview":"max-image-preview:large","max-video-preview":"max-video-preview:-1"},"canonical":"https:\/\/www.pressenza.com\/es\/2019\/02\/can-masdeu-otra-manera-de-vivir-en-barcelona\/","og_locale":"es_ES","og_type":"article","og_title":"Can Masdeu, otra manera de vivir en Barcelona","og_description":"Si nos adentramos en el Parque Natural de Collserola en Barcelona descubriremos este proyecto autogestionario y social, que pretende ser una alternativa","og_url":"https:\/\/www.pressenza.com\/es\/2019\/02\/can-masdeu-otra-manera-de-vivir-en-barcelona\/","og_site_name":"Pressenza","article_publisher":"https:\/\/www.facebook.com\/PressenzaItalia","article_author":"https:\/\/www.facebook.com\/Pressenza-Espaa-647854795301395\/timeline\/","article_published_time":"2019-02-11T08:11:33+00:00","article_modified_time":"2019-02-11T11:07:43+00:00","og_image":[{"width":2048,"height":1365,"url":"https:\/\/www.pressenza.com\/wp-content\/uploads\/2019\/02\/CanMasdeu_12.jpg","type":"image\/jpeg"}],"author":"Redacci\u00f3n Barcelona","twitter_card":"summary_large_image","twitter_creator":"@pressenza","twitter_site":"@PressenzaIPA","twitter_misc":{"Escrito por":"Redacci\u00f3n Barcelona","Tiempo de lectura":"3 minutos"},"schema":{"@context":"https:\/\/schema.org","@graph":[{"@type":"Article","@id":"https:\/\/www.pressenza.com\/es\/2019\/02\/can-masdeu-otra-manera-de-vivir-en-barcelona\/#article","isPartOf":{"@id":"https:\/\/www.pressenza.com\/es\/2019\/02\/can-masdeu-otra-manera-de-vivir-en-barcelona\/"},"author":{"name":"Redacci\u00f3n Barcelona","@id":"https:\/\/www.pressenza.com\/es\/#\/schema\/person\/8abc53b92f3264e0dad4300d54ac73ff"},"headline":"Can Masdeu, otra manera de vivir en Barcelona","datePublished":"2019-02-11T08:11:33+00:00","dateModified":"2019-02-11T11:07:43+00:00","mainEntityOfPage":{"@id":"https:\/\/www.pressenza.com\/es\/2019\/02\/can-masdeu-otra-manera-de-vivir-en-barcelona\/"},"wordCount":597,"publisher":{"@id":"https:\/\/www.pressenza.com\/es\/#organization"},"image":{"@id":"https:\/\/www.pressenza.com\/es\/2019\/02\/can-masdeu-otra-manera-de-vivir-en-barcelona\/#primaryimage"},"thumbnailUrl":"https:\/\/www.pressenza.com\/wp-content\/uploads\/2019\/02\/CanMasdeu_12.jpg","keywords":["Can Masdeu","Ecolog\u00eda"],"articleSection":["Contenido Original","Ecolog\u00eda y Medio Ambiente","Europa","Fotorreportajes"],"inLanguage":"es"},{"@type":"WebPage","@id":"https:\/\/www.pressenza.com\/es\/2019\/02\/can-masdeu-otra-manera-de-vivir-en-barcelona\/","url":"https:\/\/www.pressenza.com\/es\/2019\/02\/can-masdeu-otra-manera-de-vivir-en-barcelona\/","name":"Can Masdeu, otra manera de vivir en Barcelona","isPartOf":{"@id":"https:\/\/www.pressenza.com\/es\/#website"},"primaryImageOfPage":{"@id":"https:\/\/www.pressenza.com\/es\/2019\/02\/can-masdeu-otra-manera-de-vivir-en-barcelona\/#primaryimage"},"image":{"@id":"https:\/\/www.pressenza.com\/es\/2019\/02\/can-masdeu-otra-manera-de-vivir-en-barcelona\/#primaryimage"},"thumbnailUrl":"https:\/\/www.pressenza.com\/wp-content\/uploads\/2019\/02\/CanMasdeu_12.jpg","datePublished":"2019-02-11T08:11:33+00:00","dateModified":"2019-02-11T11:07:43+00:00","description":"Si nos adentramos en el Parque Natural de Collserola en Barcelona descubriremos este proyecto autogestionario y social, que pretende ser una alternativa","breadcrumb":{"@id":"https:\/\/www.pressenza.com\/es\/2019\/02\/can-masdeu-otra-manera-de-vivir-en-barcelona\/#breadcrumb"},"inLanguage":"es","potentialAction":[{"@type":"ReadAction","target":["https:\/\/www.pressenza.com\/es\/2019\/02\/can-masdeu-otra-manera-de-vivir-en-barcelona\/"]}]},{"@type":"ImageObject","inLanguage":"es","@id":"https:\/\/www.pressenza.com\/es\/2019\/02\/can-masdeu-otra-manera-de-vivir-en-barcelona\/#primaryimage","url":"https:\/\/www.pressenza.com\/wp-content\/uploads\/2019\/02\/CanMasdeu_12.jpg","contentUrl":"https:\/\/www.pressenza.com\/wp-content\/uploads\/2019\/02\/CanMasdeu_12.jpg","width":2048,"height":1365},{"@type":"BreadcrumbList","@id":"https:\/\/www.pressenza.com\/es\/2019\/02\/can-masdeu-otra-manera-de-vivir-en-barcelona\/#breadcrumb","itemListElement":[{"@type":"ListItem","position":1,"name":"Accueil","item":"https:\/\/www.pressenza.com\/es\/"},{"@type":"ListItem","position":2,"name":"Can Masdeu, otra manera de vivir en Barcelona"}]},{"@type":"WebSite","@id":"https:\/\/www.pressenza.com\/es\/#website","url":"https:\/\/www.pressenza.com\/es\/","name":"Pressenza","description":"International Press Agency","publisher":{"@id":"https:\/\/www.pressenza.com\/es\/#organization"},"potentialAction":[{"@type":"SearchAction","target":{"@type":"EntryPoint","urlTemplate":"https:\/\/www.pressenza.com\/es\/?s={search_term_string}"},"query-input":{"@type":"PropertyValueSpecification","valueRequired":true,"valueName":"search_term_string"}}],"inLanguage":"es"},{"@type":"Organization","@id":"https:\/\/www.pressenza.com\/es\/#organization","name":"Pressenza","url":"https:\/\/www.pressenza.com\/es\/","logo":{"@type":"ImageObject","inLanguage":"es","@id":"https:\/\/www.pressenza.com\/es\/#\/schema\/logo\/image\/","url":"https:\/\/www.pressenza.com\/wp-content\/uploads\/2022\/10\/pressenza_logo_200x200.jpg","contentUrl":"https:\/\/www.pressenza.com\/wp-content\/uploads\/2022\/10\/pressenza_logo_200x200.jpg","width":200,"height":200,"caption":"Pressenza"},"image":{"@id":"https:\/\/www.pressenza.com\/es\/#\/schema\/logo\/image\/"},"sameAs":["https:\/\/www.facebook.com\/PressenzaItalia","https:\/\/x.com\/PressenzaIPA"]},{"@type":"Person","@id":"https:\/\/www.pressenza.com\/es\/#\/schema\/person\/8abc53b92f3264e0dad4300d54ac73ff","name":"Redacci\u00f3n Barcelona","description":"News published by the Pressenza bureau in Barcelona, Spain","sameAs":["https:\/\/www.facebook.com\/Pressenza-Espaa-647854795301395\/timeline\/","https:\/\/x.com\/pressenza"],"url":"https:\/\/www.pressenza.com\/es\/author\/redaccion-barcelona\/"}]}},"place":"Barcelona - Ester Medina","original_article_url":"","_links":{"self":[{"href":"https:\/\/www.pressenza.com\/es\/wp-json\/wp\/v2\/posts\/805594","targetHints":{"allow":["GET"]}}],"collection":[{"href":"https:\/\/www.pressenza.com\/es\/wp-json\/wp\/v2\/posts"}],"about":[{"href":"https:\/\/www.pressenza.com\/es\/wp-json\/wp\/v2\/types\/post"}],"author":[{"embeddable":true,"href":"https:\/\/www.pressenza.com\/es\/wp-json\/wp\/v2\/users\/1122"}],"replies":[{"embeddable":true,"href":"https:\/\/www.pressenza.com\/es\/wp-json\/wp\/v2\/comments?post=805594"}],"version-history":[{"count":0,"href":"https:\/\/www.pressenza.com\/es\/wp-json\/wp\/v2\/posts\/805594\/revisions"}],"wp:featuredmedia":[{"embeddable":true,"href":"https:\/\/www.pressenza.com\/es\/wp-json\/wp\/v2\/media\/805565"}],"wp:attachment":[{"href":"https:\/\/www.pressenza.com\/es\/wp-json\/wp\/v2\/media?parent=805594"}],"wp:term":[{"taxonomy":"category","embeddable":true,"href":"https:\/\/www.pressenza.com\/es\/wp-json\/wp\/v2\/categories?post=805594"},{"taxonomy":"post_tag","embeddable":true,"href":"https:\/\/www.pressenza.com\/es\/wp-json\/wp\/v2\/tags?post=805594"}],"curies":[{"name":"wp","href":"https:\/\/api.w.org\/{rel}","templated":true}]}}