{"id":804706,"date":"2019-02-10T00:43:44","date_gmt":"2019-02-10T00:43:44","guid":{"rendered":"https:\/\/www.pressenza.com\/?p=804706"},"modified":"2019-02-10T00:43:44","modified_gmt":"2019-02-10T00:43:44","slug":"japoneses-rechazan-salida-de-ee-uu-de-acuerdo-nuclear","status":"publish","type":"post","link":"https:\/\/www.pressenza.com\/es\/2019\/02\/japoneses-rechazan-salida-de-ee-uu-de-acuerdo-nuclear\/","title":{"rendered":"Japoneses rechazan salida de EE.UU. de acuerdo nuclear"},"content":{"rendered":"<p>Un grupo de japoneses, incluidos sobrevivientes de las bombas at\u00f3micas, protestaron hoy contra la decisi\u00f3n de Estados Unidos de abandonar el Tratado de Armas Nucleares de mediano y corto alcance (INF) pactado con Rusia.<\/p>\n<p>Cerca de 80 manifestantes estuvieron este s\u00e1bado en el Parque de la Paz de Nagasaki durante una hora en rechazo a la salida de Estados Unidos del acuerdo firmado con la entonces Uni\u00f3n Sovi\u00e9tica en 1987.<\/p>\n<p>Algunos de los sobrevivientes de la bomba at\u00f3mica dijeron a la cadena NHK que el mundo es cada vez m\u00e1s vulnerable a los peligros de las armas nucleares y por eso no deben rendirse, para que Nagasaki ser la \u00faltima ciudad en sufrir ataque nuclear.<\/p>\n<p>Otro de los asistentes al acto de protesta dijo a los medios locales que si Estados Unidos piensa que Rusia viol\u00f3 el tratado, deber\u00eda resolver el problema a trav\u00e9s de la discusi\u00f3n en lugar de abandonar el acuerdo.<\/p>\n<p>Rusia rechaz\u00f3 rotundamente las infundadas y superficiales acusaciones lanzadas por el mandatario estadounidense, Donald Trump, el pasado d\u00eda 4 sobre un presunto incumplimiento por Rusia del INF.<\/p>\n<p>La semana pasada el gobierno norteamericano anunci\u00f3 su salida del INF, que estipulaba la eliminaci\u00f3n de todos los cohetes, nucleares o convencionales, de un alcance de entre 500 y cinco mil 500 kil\u00f3metros y de basificaci\u00f3n terrestre.<\/p>\n<p>Mientras tanto, el gobierno japon\u00e9s justifica la salida de Washington del tratado, aunque considera que debe establecerse un nuevo acuerdo con la participaci\u00f3n de Estados Unidos, Rusia, China y otros pa\u00edses interesados.<\/p>\n","protected":false},"excerpt":{"rendered":"<p>Un grupo de japoneses, incluidos sobrevivientes de las bombas at\u00f3micas, protestaron hoy contra la decisi\u00f3n de Estados Unidos de abandonar el Tratado de Armas Nucleares de mediano y corto alcance (INF) pactado con Rusia. Cerca de 80 manifestantes estuvieron este&hellip;<\/p>\n","protected":false},"author":90,"featured_media":804707,"comment_status":"closed","ping_status":"closed","sticky":false,"template":"","format":"standard","meta":{"footnotes":""},"categories":[65,76,66,39,68,1242,1243],"tags":[17959,16847,794,16766,383,22584,394,715,54019],"class_list":["post-804706","post","type-post","status-publish","format-standard","has-post-thumbnail","hentry","category-asia-es","category-relaciones-exteriores","category-europa-es","category-internacional","category-norteamerica","category-noviolencia-tema","category-paz-desarme","tag-activismo","tag-acuerdo-nuclear","tag-armamentismo","tag-ee-uu","tag-noviolencia","tag-paz-y-desarme","tag-protestas-sociales","tag-rusia","tag-trump-es"],"yoast_head":"<!-- This site is optimized with the Yoast SEO plugin v27.1.1 - https:\/\/yoast.com\/product\/yoast-seo-wordpress\/ -->\n<title>Japoneses rechazan salida de EE.UU. de acuerdo nuclear<\/title>\n<meta name=\"description\" content=\"Un grupo de japoneses, incluidos sobrevivientes de las bombas at\u00f3micas, protestaron hoy contra la decisi\u00f3n de Estados Unidos de abandonar el Tratado de\" \/>\n<meta name=\"robots\" content=\"index, follow, max-snippet:-1, max-image-preview:large, max-video-preview:-1\" \/>\n<link rel=\"canonical\" href=\"https:\/\/www.pressenza.com\/es\/2019\/02\/japoneses-rechazan-salida-de-ee-uu-de-acuerdo-nuclear\/\" \/>\n<meta property=\"og:locale\" content=\"es_ES\" \/>\n<meta property=\"og:type\" content=\"article\" \/>\n<meta property=\"og:title\" content=\"Japoneses rechazan salida de EE.UU. de acuerdo nuclear\" \/>\n<meta property=\"og:description\" content=\"Un grupo de japoneses, incluidos sobrevivientes de las bombas at\u00f3micas, protestaron hoy contra la decisi\u00f3n de Estados Unidos de abandonar el Tratado de\" \/>\n<meta property=\"og:url\" content=\"https:\/\/www.pressenza.com\/es\/2019\/02\/japoneses-rechazan-salida-de-ee-uu-de-acuerdo-nuclear\/\" \/>\n<meta property=\"og:site_name\" content=\"Pressenza\" \/>\n<meta property=\"article:publisher\" content=\"https:\/\/www.facebook.com\/PressenzaItalia\" \/>\n<meta property=\"article:author\" content=\"https:\/\/www.facebook.com\/AgenciaPrensaLatina\" \/>\n<meta property=\"article:published_time\" content=\"2019-02-10T00:43:44+00:00\" \/>\n<meta property=\"og:image\" content=\"https:\/\/www.pressenza.com\/wp-content\/uploads\/2019\/02\/111nf735-22-768x421.jpg\" \/>\n\t<meta property=\"og:image:width\" content=\"748\" \/>\n\t<meta property=\"og:image:height\" content=\"498\" \/>\n\t<meta property=\"og:image:type\" content=\"image\/jpeg\" \/>\n<meta name=\"author\" content=\"Prensa Latina\" \/>\n<meta name=\"twitter:card\" content=\"summary_large_image\" \/>\n<meta name=\"twitter:creator\" content=\"@prensalatina_cu\" \/>\n<meta name=\"twitter:site\" content=\"@PressenzaIPA\" \/>\n<meta name=\"twitter:label1\" content=\"Escrito por\" \/>\n\t<meta name=\"twitter:data1\" content=\"Prensa Latina\" \/>\n\t<meta name=\"twitter:label2\" content=\"Tiempo de lectura\" \/>\n\t<meta name=\"twitter:data2\" content=\"1 minuto\" \/>\n<script type=\"application\/ld+json\" class=\"yoast-schema-graph\">{\"@context\":\"https:\/\/schema.org\",\"@graph\":[{\"@type\":\"Article\",\"@id\":\"https:\/\/www.pressenza.com\/es\/2019\/02\/japoneses-rechazan-salida-de-ee-uu-de-acuerdo-nuclear\/#article\",\"isPartOf\":{\"@id\":\"https:\/\/www.pressenza.com\/es\/2019\/02\/japoneses-rechazan-salida-de-ee-uu-de-acuerdo-nuclear\/\"},\"author\":{\"name\":\"Prensa Latina\",\"@id\":\"https:\/\/www.pressenza.com\/es\/#\/schema\/person\/e35c78ffa242d98f4f49ccb18c8631de\"},\"headline\":\"Japoneses rechazan salida de EE.UU. de acuerdo nuclear\",\"datePublished\":\"2019-02-10T00:43:44+00:00\",\"mainEntityOfPage\":{\"@id\":\"https:\/\/www.pressenza.com\/es\/2019\/02\/japoneses-rechazan-salida-de-ee-uu-de-acuerdo-nuclear\/\"},\"wordCount\":270,\"publisher\":{\"@id\":\"https:\/\/www.pressenza.com\/es\/#organization\"},\"image\":{\"@id\":\"https:\/\/www.pressenza.com\/es\/2019\/02\/japoneses-rechazan-salida-de-ee-uu-de-acuerdo-nuclear\/#primaryimage\"},\"thumbnailUrl\":\"https:\/\/www.pressenza.com\/wp-content\/uploads\/2019\/02\/111nf735-22-768x421.jpg\",\"keywords\":[\"activismo\",\"acuerdo nuclear\",\"armamentismo\",\"EE.UU\",\"Noviolencia\",\"paz y desarme\",\"protestas sociales\",\"Rusia\",\"Trump\"],\"articleSection\":[\"Asia\",\"Asuntos internacionales\",\"Europa\",\"Internacional\",\"Norteam\u00e9rica\",\"Noviolencia\",\"Paz y Desarme\"],\"inLanguage\":\"es\"},{\"@type\":\"WebPage\",\"@id\":\"https:\/\/www.pressenza.com\/es\/2019\/02\/japoneses-rechazan-salida-de-ee-uu-de-acuerdo-nuclear\/\",\"url\":\"https:\/\/www.pressenza.com\/es\/2019\/02\/japoneses-rechazan-salida-de-ee-uu-de-acuerdo-nuclear\/\",\"name\":\"Japoneses rechazan salida de EE.UU. de acuerdo nuclear\",\"isPartOf\":{\"@id\":\"https:\/\/www.pressenza.com\/es\/#website\"},\"primaryImageOfPage\":{\"@id\":\"https:\/\/www.pressenza.com\/es\/2019\/02\/japoneses-rechazan-salida-de-ee-uu-de-acuerdo-nuclear\/#primaryimage\"},\"image\":{\"@id\":\"https:\/\/www.pressenza.com\/es\/2019\/02\/japoneses-rechazan-salida-de-ee-uu-de-acuerdo-nuclear\/#primaryimage\"},\"thumbnailUrl\":\"https:\/\/www.pressenza.com\/wp-content\/uploads\/2019\/02\/111nf735-22-768x421.jpg\",\"datePublished\":\"2019-02-10T00:43:44+00:00\",\"description\":\"Un grupo de japoneses, incluidos sobrevivientes de las bombas at\u00f3micas, protestaron hoy contra la decisi\u00f3n de Estados Unidos de abandonar el Tratado de\",\"breadcrumb\":{\"@id\":\"https:\/\/www.pressenza.com\/es\/2019\/02\/japoneses-rechazan-salida-de-ee-uu-de-acuerdo-nuclear\/#breadcrumb\"},\"inLanguage\":\"es\",\"potentialAction\":[{\"@type\":\"ReadAction\",\"target\":[\"https:\/\/www.pressenza.com\/es\/2019\/02\/japoneses-rechazan-salida-de-ee-uu-de-acuerdo-nuclear\/\"]}]},{\"@type\":\"ImageObject\",\"inLanguage\":\"es\",\"@id\":\"https:\/\/www.pressenza.com\/es\/2019\/02\/japoneses-rechazan-salida-de-ee-uu-de-acuerdo-nuclear\/#primaryimage\",\"url\":\"https:\/\/www.pressenza.com\/wp-content\/uploads\/2019\/02\/111nf735-22-768x421.jpg\",\"contentUrl\":\"https:\/\/www.pressenza.com\/wp-content\/uploads\/2019\/02\/111nf735-22-768x421.jpg\",\"width\":748,\"height\":498},{\"@type\":\"BreadcrumbList\",\"@id\":\"https:\/\/www.pressenza.com\/es\/2019\/02\/japoneses-rechazan-salida-de-ee-uu-de-acuerdo-nuclear\/#breadcrumb\",\"itemListElement\":[{\"@type\":\"ListItem\",\"position\":1,\"name\":\"Accueil\",\"item\":\"https:\/\/www.pressenza.com\/es\/\"},{\"@type\":\"ListItem\",\"position\":2,\"name\":\"Japoneses rechazan salida de EE.UU. de acuerdo nuclear\"}]},{\"@type\":\"WebSite\",\"@id\":\"https:\/\/www.pressenza.com\/es\/#website\",\"url\":\"https:\/\/www.pressenza.com\/es\/\",\"name\":\"Pressenza\",\"description\":\"International Press Agency\",\"publisher\":{\"@id\":\"https:\/\/www.pressenza.com\/es\/#organization\"},\"potentialAction\":[{\"@type\":\"SearchAction\",\"target\":{\"@type\":\"EntryPoint\",\"urlTemplate\":\"https:\/\/www.pressenza.com\/es\/?s={search_term_string}\"},\"query-input\":{\"@type\":\"PropertyValueSpecification\",\"valueRequired\":true,\"valueName\":\"search_term_string\"}}],\"inLanguage\":\"es\"},{\"@type\":\"Organization\",\"@id\":\"https:\/\/www.pressenza.com\/es\/#organization\",\"name\":\"Pressenza\",\"url\":\"https:\/\/www.pressenza.com\/es\/\",\"logo\":{\"@type\":\"ImageObject\",\"inLanguage\":\"es\",\"@id\":\"https:\/\/www.pressenza.com\/es\/#\/schema\/logo\/image\/\",\"url\":\"https:\/\/www.pressenza.com\/wp-content\/uploads\/2022\/10\/pressenza_logo_200x200.jpg\",\"contentUrl\":\"https:\/\/www.pressenza.com\/wp-content\/uploads\/2022\/10\/pressenza_logo_200x200.jpg\",\"width\":200,\"height\":200,\"caption\":\"Pressenza\"},\"image\":{\"@id\":\"https:\/\/www.pressenza.com\/es\/#\/schema\/logo\/image\/\"},\"sameAs\":[\"https:\/\/www.facebook.com\/PressenzaItalia\",\"https:\/\/x.com\/PressenzaIPA\"]},{\"@type\":\"Person\",\"@id\":\"https:\/\/www.pressenza.com\/es\/#\/schema\/person\/e35c78ffa242d98f4f49ccb18c8631de\",\"name\":\"Prensa Latina\",\"description\":\"www.prensa-latina.cu\",\"sameAs\":[\"https:\/\/www.facebook.com\/AgenciaPrensaLatina\",\"https:\/\/x.com\/prensalatina_cu\"],\"url\":\"https:\/\/www.pressenza.com\/es\/author\/prensa-latina\/\"}]}<\/script>\n<!-- \/ Yoast SEO plugin. -->","yoast_head_json":{"title":"Japoneses rechazan salida de EE.UU. de acuerdo nuclear","description":"Un grupo de japoneses, incluidos sobrevivientes de las bombas at\u00f3micas, protestaron hoy contra la decisi\u00f3n de Estados Unidos de abandonar el Tratado de","robots":{"index":"index","follow":"follow","max-snippet":"max-snippet:-1","max-image-preview":"max-image-preview:large","max-video-preview":"max-video-preview:-1"},"canonical":"https:\/\/www.pressenza.com\/es\/2019\/02\/japoneses-rechazan-salida-de-ee-uu-de-acuerdo-nuclear\/","og_locale":"es_ES","og_type":"article","og_title":"Japoneses rechazan salida de EE.UU. de acuerdo nuclear","og_description":"Un grupo de japoneses, incluidos sobrevivientes de las bombas at\u00f3micas, protestaron hoy contra la decisi\u00f3n de Estados Unidos de abandonar el Tratado de","og_url":"https:\/\/www.pressenza.com\/es\/2019\/02\/japoneses-rechazan-salida-de-ee-uu-de-acuerdo-nuclear\/","og_site_name":"Pressenza","article_publisher":"https:\/\/www.facebook.com\/PressenzaItalia","article_author":"https:\/\/www.facebook.com\/AgenciaPrensaLatina","article_published_time":"2019-02-10T00:43:44+00:00","og_image":[{"width":748,"height":498,"url":"https:\/\/www.pressenza.com\/wp-content\/uploads\/2019\/02\/111nf735-22-768x421.jpg","type":"image\/jpeg"}],"author":"Prensa Latina","twitter_card":"summary_large_image","twitter_creator":"@prensalatina_cu","twitter_site":"@PressenzaIPA","twitter_misc":{"Escrito por":"Prensa Latina","Tiempo de lectura":"1 minuto"},"schema":{"@context":"https:\/\/schema.org","@graph":[{"@type":"Article","@id":"https:\/\/www.pressenza.com\/es\/2019\/02\/japoneses-rechazan-salida-de-ee-uu-de-acuerdo-nuclear\/#article","isPartOf":{"@id":"https:\/\/www.pressenza.com\/es\/2019\/02\/japoneses-rechazan-salida-de-ee-uu-de-acuerdo-nuclear\/"},"author":{"name":"Prensa Latina","@id":"https:\/\/www.pressenza.com\/es\/#\/schema\/person\/e35c78ffa242d98f4f49ccb18c8631de"},"headline":"Japoneses rechazan salida de EE.UU. de acuerdo nuclear","datePublished":"2019-02-10T00:43:44+00:00","mainEntityOfPage":{"@id":"https:\/\/www.pressenza.com\/es\/2019\/02\/japoneses-rechazan-salida-de-ee-uu-de-acuerdo-nuclear\/"},"wordCount":270,"publisher":{"@id":"https:\/\/www.pressenza.com\/es\/#organization"},"image":{"@id":"https:\/\/www.pressenza.com\/es\/2019\/02\/japoneses-rechazan-salida-de-ee-uu-de-acuerdo-nuclear\/#primaryimage"},"thumbnailUrl":"https:\/\/www.pressenza.com\/wp-content\/uploads\/2019\/02\/111nf735-22-768x421.jpg","keywords":["activismo","acuerdo nuclear","armamentismo","EE.UU","Noviolencia","paz y desarme","protestas sociales","Rusia","Trump"],"articleSection":["Asia","Asuntos internacionales","Europa","Internacional","Norteam\u00e9rica","Noviolencia","Paz y Desarme"],"inLanguage":"es"},{"@type":"WebPage","@id":"https:\/\/www.pressenza.com\/es\/2019\/02\/japoneses-rechazan-salida-de-ee-uu-de-acuerdo-nuclear\/","url":"https:\/\/www.pressenza.com\/es\/2019\/02\/japoneses-rechazan-salida-de-ee-uu-de-acuerdo-nuclear\/","name":"Japoneses rechazan salida de EE.UU. de acuerdo nuclear","isPartOf":{"@id":"https:\/\/www.pressenza.com\/es\/#website"},"primaryImageOfPage":{"@id":"https:\/\/www.pressenza.com\/es\/2019\/02\/japoneses-rechazan-salida-de-ee-uu-de-acuerdo-nuclear\/#primaryimage"},"image":{"@id":"https:\/\/www.pressenza.com\/es\/2019\/02\/japoneses-rechazan-salida-de-ee-uu-de-acuerdo-nuclear\/#primaryimage"},"thumbnailUrl":"https:\/\/www.pressenza.com\/wp-content\/uploads\/2019\/02\/111nf735-22-768x421.jpg","datePublished":"2019-02-10T00:43:44+00:00","description":"Un grupo de japoneses, incluidos sobrevivientes de las bombas at\u00f3micas, protestaron hoy contra la decisi\u00f3n de Estados Unidos de abandonar el Tratado de","breadcrumb":{"@id":"https:\/\/www.pressenza.com\/es\/2019\/02\/japoneses-rechazan-salida-de-ee-uu-de-acuerdo-nuclear\/#breadcrumb"},"inLanguage":"es","potentialAction":[{"@type":"ReadAction","target":["https:\/\/www.pressenza.com\/es\/2019\/02\/japoneses-rechazan-salida-de-ee-uu-de-acuerdo-nuclear\/"]}]},{"@type":"ImageObject","inLanguage":"es","@id":"https:\/\/www.pressenza.com\/es\/2019\/02\/japoneses-rechazan-salida-de-ee-uu-de-acuerdo-nuclear\/#primaryimage","url":"https:\/\/www.pressenza.com\/wp-content\/uploads\/2019\/02\/111nf735-22-768x421.jpg","contentUrl":"https:\/\/www.pressenza.com\/wp-content\/uploads\/2019\/02\/111nf735-22-768x421.jpg","width":748,"height":498},{"@type":"BreadcrumbList","@id":"https:\/\/www.pressenza.com\/es\/2019\/02\/japoneses-rechazan-salida-de-ee-uu-de-acuerdo-nuclear\/#breadcrumb","itemListElement":[{"@type":"ListItem","position":1,"name":"Accueil","item":"https:\/\/www.pressenza.com\/es\/"},{"@type":"ListItem","position":2,"name":"Japoneses rechazan salida de EE.UU. de acuerdo nuclear"}]},{"@type":"WebSite","@id":"https:\/\/www.pressenza.com\/es\/#website","url":"https:\/\/www.pressenza.com\/es\/","name":"Pressenza","description":"International Press Agency","publisher":{"@id":"https:\/\/www.pressenza.com\/es\/#organization"},"potentialAction":[{"@type":"SearchAction","target":{"@type":"EntryPoint","urlTemplate":"https:\/\/www.pressenza.com\/es\/?s={search_term_string}"},"query-input":{"@type":"PropertyValueSpecification","valueRequired":true,"valueName":"search_term_string"}}],"inLanguage":"es"},{"@type":"Organization","@id":"https:\/\/www.pressenza.com\/es\/#organization","name":"Pressenza","url":"https:\/\/www.pressenza.com\/es\/","logo":{"@type":"ImageObject","inLanguage":"es","@id":"https:\/\/www.pressenza.com\/es\/#\/schema\/logo\/image\/","url":"https:\/\/www.pressenza.com\/wp-content\/uploads\/2022\/10\/pressenza_logo_200x200.jpg","contentUrl":"https:\/\/www.pressenza.com\/wp-content\/uploads\/2022\/10\/pressenza_logo_200x200.jpg","width":200,"height":200,"caption":"Pressenza"},"image":{"@id":"https:\/\/www.pressenza.com\/es\/#\/schema\/logo\/image\/"},"sameAs":["https:\/\/www.facebook.com\/PressenzaItalia","https:\/\/x.com\/PressenzaIPA"]},{"@type":"Person","@id":"https:\/\/www.pressenza.com\/es\/#\/schema\/person\/e35c78ffa242d98f4f49ccb18c8631de","name":"Prensa Latina","description":"www.prensa-latina.cu","sameAs":["https:\/\/www.facebook.com\/AgenciaPrensaLatina","https:\/\/x.com\/prensalatina_cu"],"url":"https:\/\/www.pressenza.com\/es\/author\/prensa-latina\/"}]}},"place":"Tokio, Jap\u00f3n","original_article_url":"https:\/\/www.prensa-latina.cu\/index.php?o=rn&id=251441&SEO=japoneses-rechazan-salida-de-ee.uu.-de-acuerdo-nuclear","_links":{"self":[{"href":"https:\/\/www.pressenza.com\/es\/wp-json\/wp\/v2\/posts\/804706","targetHints":{"allow":["GET"]}}],"collection":[{"href":"https:\/\/www.pressenza.com\/es\/wp-json\/wp\/v2\/posts"}],"about":[{"href":"https:\/\/www.pressenza.com\/es\/wp-json\/wp\/v2\/types\/post"}],"author":[{"embeddable":true,"href":"https:\/\/www.pressenza.com\/es\/wp-json\/wp\/v2\/users\/90"}],"replies":[{"embeddable":true,"href":"https:\/\/www.pressenza.com\/es\/wp-json\/wp\/v2\/comments?post=804706"}],"version-history":[{"count":0,"href":"https:\/\/www.pressenza.com\/es\/wp-json\/wp\/v2\/posts\/804706\/revisions"}],"wp:featuredmedia":[{"embeddable":true,"href":"https:\/\/www.pressenza.com\/es\/wp-json\/wp\/v2\/media\/804707"}],"wp:attachment":[{"href":"https:\/\/www.pressenza.com\/es\/wp-json\/wp\/v2\/media?parent=804706"}],"wp:term":[{"taxonomy":"category","embeddable":true,"href":"https:\/\/www.pressenza.com\/es\/wp-json\/wp\/v2\/categories?post=804706"},{"taxonomy":"post_tag","embeddable":true,"href":"https:\/\/www.pressenza.com\/es\/wp-json\/wp\/v2\/tags?post=804706"}],"curies":[{"name":"wp","href":"https:\/\/api.w.org\/{rel}","templated":true}]}}