{"id":804148,"date":"2019-02-08T19:36:30","date_gmt":"2019-02-08T19:36:30","guid":{"rendered":"https:\/\/www.pressenza.com\/?p=804148"},"modified":"2019-02-08T19:36:30","modified_gmt":"2019-02-08T19:36:30","slug":"msf-protesta-contra-falsas-acusaciones-de-la-alianza-saudi","status":"publish","type":"post","link":"https:\/\/www.pressenza.com\/es\/2019\/02\/msf-protesta-contra-falsas-acusaciones-de-la-alianza-saudi\/","title":{"rendered":"MSF protesta contra \u00abfalsas acusaciones\u00bb de la Alianza Saud\u00ed"},"content":{"rendered":"<p><strong>Un equipo de investigaci\u00f3n de la alianza militar de Arabia Saudita acusa a la organizaci\u00f3n humanitaria, M\u00e9dicos sin Fronteras (MSF), de ser c\u00f3mplice por el bombardeo en uno de sus centros de tratamiento del c\u00f3lera (CTC) en Yemen.<\/strong><\/p>\n<p>Como afirma la organizaci\u00f3n de ayuda internacional MSF en un comunicado de prensa llevado a cabo el 6 de febrero de 2019, las acusaciones emitidas por parte del Equipo Conjunto de Evaluaci\u00f3n de Lesiones JIAT (\u201cThe Joint Incident Assessment Team\u201d) establecido por Arabia Saudita y los Emiratos \u00c1rabes Unidos para investigar la destrucci\u00f3n de un centro de tratamiento del c\u00f3lera en la ciudad yemen\u00ed el 11 de junio de 2018 fueron claramente rechazadas. La organizaci\u00f3n m\u00e9dica exige que se vuelva a examinar el incidente y se revierta cualquier reclamo err\u00f3neo.<\/p>\n<p><strong>Complicidad en la destrucci\u00f3n de sus propias instalaciones<\/strong><\/p>\n<p>La comisi\u00f3n de investigaci\u00f3n culp\u00f3 a MSF en una conferencia de prensa el 16 de enero por destruir las instalaciones bombardeando la alianza militar, ya que los edificios no fueron designados como instalaciones m\u00e9dicas. De acuerdo al JIAT, tampoco se habr\u00eda recibido una solicitud de la organizaci\u00f3n de ayuda para la protecci\u00f3n del sitio al incluirlo en una lista de instalaciones no accesibles en la alianza militar. A la vez, la Comisi\u00f3n de Investigaci\u00f3n se refiere, entre otras cosas, a im\u00e1genes satelitales del 1 de diciembre de 2017 y del 3 de abril de 2018.<\/p>\n<p>Sin embargo, esta ilustraci\u00f3n contradice a la organizaci\u00f3n humanitaria. Seg\u00fan MSF, el sitio se habr\u00eda marcado \u00abcon tres logotipos distintivos\u00bb y se habr\u00eda informado a las autoridades competentes de los atacantes doce veces por escrito. El 12 de junio de 2018, poco despu\u00e9s de la destrucci\u00f3n de la instalaci\u00f3n, la organizaci\u00f3n de socorro hab\u00eda publicado fotos con fecha 28 de mayo de 2018, las cuales muestran el centro de tratamiento del c\u00f3lera con marcas de MSF en los tejados.<\/p>\n<p><strong>La responsabilidad recae en las partes en conflicto.<\/strong><\/p>\n<p>Seg\u00fan Teresa Sancristoval de M\u00e9dicos Sin Fronteras, las instalaciones m\u00e9dicas estar\u00edan protegidas por el derecho internacional humanitario y no deber\u00edan ser atacadas. \u00abEsto rige incluso si no estuvieran marcadas o si las ubicaciones no se comunicaron a las partes enfrentadas\u00bb, continu\u00f3 MSF en el comunicado de prensa. Ser\u00eda responsabilidad exclusiva de las partes en conflicto \u00abel tomar de manera proactiva todas las medidas necesarias para garantizar que las instalaciones protegidas no sean atacadas\u00bb. Adem\u00e1s, MSF rechaza la responsabilidad de los civiles o del personal m\u00e9dico para la protecci\u00f3n de la instalaci\u00f3n.<\/p>\n<p>No obstante, ni el personal y ni los pacientes murieron en la destrucci\u00f3n del centro en junio de 2018. El nuevo centro de tratamiento del c\u00f3lera ten\u00eda suministros suficientes para haber atendido a personas en un \u00e1rea de m\u00e1s de un mill\u00f3n de habitantes.<\/p>\n<p>Desde marzo de 2015, las instalaciones de MSF afirman haber sido cinco veces blanco de ataques a\u00e9reos de la coalici\u00f3n militar liderada por Arabia Saudita. Seg\u00fan los datos de la ONU, en Yemen, se registra m\u00e1s de 11 millones de personas necesitadas debido a la guerra. La monarqu\u00eda absoluta del Golfo, sin mandato de la ONU pero respaldada por Occidente, ha estado librando una guerra contra los rebeldes hut\u00edes patrocinados por Ir\u00e1n en el pa\u00eds vecino Yemen desde el 2015.<\/p>\n<p><strong><em>Fuentes:<\/em><\/strong><\/p>\n<p>Comunicado de prensa de MSF del 6 de febrero de 2019.<\/p>\n<p>[1]<a href=\"https:\/\/media.msf.org\/CS.aspx?VP3=SearchResult&amp;VBID=24BDQ5Z53QE\">https:\/\/media.msf.org\/CS.aspx?VP3=SearchResult&amp;VBID=24BDQ5Z53QE<\/a><br \/>\n[2]<a href=\"https:\/\/www.spa.gov.sa\/viewstory.php?lang=en&amp;newsid=1875235\">https:\/\/www.spa.gov.sa\/viewstory.php?lang=en&amp;newsid=1875235<\/a><br \/>\n[3]<a href=\"https:\/\/www.doctorswithoutborders.org\/what-we-do\/news-stories\/story\/yemen-airstrike-hits-msf-cholera-treatment-center-abs\">https:\/\/www.doctorswithoutborders.org\/what-we-do\/news-stories\/story\/yemen-airstrike-hits-msf-cholera-treatment-center-abs<\/a><\/p>\n<hr \/>\n<p><em>Traducci\u00f3n del alem\u00e1n por Sof\u00eda Yunga<\/em><\/p>\n","protected":false},"excerpt":{"rendered":"<p>Un equipo de investigaci\u00f3n de la alianza militar de Arabia Saudita acusa a la organizaci\u00f3n humanitaria, M\u00e9dicos sin Fronteras (MSF), de ser c\u00f3mplice por el bombardeo en uno de sus centros de tratamiento del c\u00f3lera (CTC) en Yemen. Como afirma&hellip;<\/p>\n","protected":false},"author":1403,"featured_media":803493,"comment_status":"closed","ping_status":"closed","sticky":false,"template":"","format":"standard","meta":{"footnotes":""},"categories":[11389,71,1243],"tags":[3514,21490,20602,54873,15530],"class_list":["post-804148","post","type-post","status-publish","format-standard","has-post-thumbnail","hentry","category-contenido-original","category-medio-oriente-es","category-paz-desarme","tag-arabia-saudita-es","tag-emiratos-arabes-unidos","tag-medicos-sin-fronteras","tag-msf-es","tag-yemen-es"],"yoast_head":"<!-- This site is optimized with the Yoast SEO plugin v27.1.1 - https:\/\/yoast.com\/product\/yoast-seo-wordpress\/ -->\n<title>MSF protesta contra &quot;falsas acusaciones&quot; de la Alianza Saud\u00ed<\/title>\n<meta name=\"description\" content=\"Un equipo de investigaci\u00f3n de la alianza militar de Arabia Saudita acusa a la organizaci\u00f3n humanitaria, M\u00e9dicos sin Fronteras (MSF), de ser c\u00f3mplice por\" \/>\n<meta name=\"robots\" content=\"index, follow, max-snippet:-1, max-image-preview:large, max-video-preview:-1\" \/>\n<link rel=\"canonical\" href=\"https:\/\/www.pressenza.com\/es\/2019\/02\/msf-protesta-contra-falsas-acusaciones-de-la-alianza-saudi\/\" \/>\n<meta property=\"og:locale\" content=\"es_ES\" \/>\n<meta property=\"og:type\" content=\"article\" \/>\n<meta property=\"og:title\" content=\"MSF protesta contra &quot;falsas acusaciones&quot; de la Alianza Saud\u00ed\" \/>\n<meta property=\"og:description\" content=\"Un equipo de investigaci\u00f3n de la alianza militar de Arabia Saudita acusa a la organizaci\u00f3n humanitaria, M\u00e9dicos sin Fronteras (MSF), de ser c\u00f3mplice por\" \/>\n<meta property=\"og:url\" content=\"https:\/\/www.pressenza.com\/es\/2019\/02\/msf-protesta-contra-falsas-acusaciones-de-la-alianza-saudi\/\" \/>\n<meta property=\"og:site_name\" content=\"Pressenza\" \/>\n<meta property=\"article:publisher\" content=\"https:\/\/www.facebook.com\/PressenzaItalia\" \/>\n<meta property=\"article:published_time\" content=\"2019-02-08T19:36:30+00:00\" \/>\n<meta property=\"og:image\" content=\"https:\/\/www.pressenza.com\/wp-content\/uploads\/2019\/02\/DfZ12vTUwAA4lNi.jpg-large.jpg\" \/>\n\t<meta property=\"og:image:width\" content=\"1080\" \/>\n\t<meta property=\"og:image:height\" content=\"810\" \/>\n\t<meta property=\"og:image:type\" content=\"image\/jpeg\" \/>\n<meta name=\"author\" content=\"Flo Osrainik\" \/>\n<meta name=\"twitter:card\" content=\"summary_large_image\" \/>\n<meta name=\"twitter:creator\" content=\"@PressenzaIPA\" \/>\n<meta name=\"twitter:site\" content=\"@PressenzaIPA\" \/>\n<meta name=\"twitter:label1\" content=\"Escrito por\" \/>\n\t<meta name=\"twitter:data1\" content=\"Flo Osrainik\" \/>\n\t<meta name=\"twitter:label2\" content=\"Tiempo de lectura\" \/>\n\t<meta name=\"twitter:data2\" content=\"3 minutos\" \/>\n<script type=\"application\/ld+json\" class=\"yoast-schema-graph\">{\"@context\":\"https:\/\/schema.org\",\"@graph\":[{\"@type\":\"Article\",\"@id\":\"https:\/\/www.pressenza.com\/es\/2019\/02\/msf-protesta-contra-falsas-acusaciones-de-la-alianza-saudi\/#article\",\"isPartOf\":{\"@id\":\"https:\/\/www.pressenza.com\/es\/2019\/02\/msf-protesta-contra-falsas-acusaciones-de-la-alianza-saudi\/\"},\"author\":{\"name\":\"Flo Osrainik\",\"@id\":\"https:\/\/www.pressenza.com\/es\/#\/schema\/person\/6b6b3fc4e3c1cec86c0413f7d1472dc8\"},\"headline\":\"MSF protesta contra \u00abfalsas acusaciones\u00bb de la Alianza Saud\u00ed\",\"datePublished\":\"2019-02-08T19:36:30+00:00\",\"mainEntityOfPage\":{\"@id\":\"https:\/\/www.pressenza.com\/es\/2019\/02\/msf-protesta-contra-falsas-acusaciones-de-la-alianza-saudi\/\"},\"wordCount\":632,\"publisher\":{\"@id\":\"https:\/\/www.pressenza.com\/es\/#organization\"},\"image\":{\"@id\":\"https:\/\/www.pressenza.com\/es\/2019\/02\/msf-protesta-contra-falsas-acusaciones-de-la-alianza-saudi\/#primaryimage\"},\"thumbnailUrl\":\"https:\/\/www.pressenza.com\/wp-content\/uploads\/2019\/02\/DfZ12vTUwAA4lNi.jpg-large.jpg\",\"keywords\":[\"Arabia Saudita\",\"Emiratos \u00c1rabes Unidos\",\"M\u00e9dicos Sin Fronteras\",\"MSF\",\"Yemen\"],\"articleSection\":[\"Contenido Original\",\"Medio Oriente\",\"Paz y Desarme\"],\"inLanguage\":\"es\"},{\"@type\":\"WebPage\",\"@id\":\"https:\/\/www.pressenza.com\/es\/2019\/02\/msf-protesta-contra-falsas-acusaciones-de-la-alianza-saudi\/\",\"url\":\"https:\/\/www.pressenza.com\/es\/2019\/02\/msf-protesta-contra-falsas-acusaciones-de-la-alianza-saudi\/\",\"name\":\"MSF protesta contra \\\"falsas acusaciones\\\" de la Alianza Saud\u00ed\",\"isPartOf\":{\"@id\":\"https:\/\/www.pressenza.com\/es\/#website\"},\"primaryImageOfPage\":{\"@id\":\"https:\/\/www.pressenza.com\/es\/2019\/02\/msf-protesta-contra-falsas-acusaciones-de-la-alianza-saudi\/#primaryimage\"},\"image\":{\"@id\":\"https:\/\/www.pressenza.com\/es\/2019\/02\/msf-protesta-contra-falsas-acusaciones-de-la-alianza-saudi\/#primaryimage\"},\"thumbnailUrl\":\"https:\/\/www.pressenza.com\/wp-content\/uploads\/2019\/02\/DfZ12vTUwAA4lNi.jpg-large.jpg\",\"datePublished\":\"2019-02-08T19:36:30+00:00\",\"description\":\"Un equipo de investigaci\u00f3n de la alianza militar de Arabia Saudita acusa a la organizaci\u00f3n humanitaria, M\u00e9dicos sin Fronteras (MSF), de ser c\u00f3mplice por\",\"breadcrumb\":{\"@id\":\"https:\/\/www.pressenza.com\/es\/2019\/02\/msf-protesta-contra-falsas-acusaciones-de-la-alianza-saudi\/#breadcrumb\"},\"inLanguage\":\"es\",\"potentialAction\":[{\"@type\":\"ReadAction\",\"target\":[\"https:\/\/www.pressenza.com\/es\/2019\/02\/msf-protesta-contra-falsas-acusaciones-de-la-alianza-saudi\/\"]}]},{\"@type\":\"ImageObject\",\"inLanguage\":\"es\",\"@id\":\"https:\/\/www.pressenza.com\/es\/2019\/02\/msf-protesta-contra-falsas-acusaciones-de-la-alianza-saudi\/#primaryimage\",\"url\":\"https:\/\/www.pressenza.com\/wp-content\/uploads\/2019\/02\/DfZ12vTUwAA4lNi.jpg-large.jpg\",\"contentUrl\":\"https:\/\/www.pressenza.com\/wp-content\/uploads\/2019\/02\/DfZ12vTUwAA4lNi.jpg-large.jpg\",\"width\":1080,\"height\":810},{\"@type\":\"BreadcrumbList\",\"@id\":\"https:\/\/www.pressenza.com\/es\/2019\/02\/msf-protesta-contra-falsas-acusaciones-de-la-alianza-saudi\/#breadcrumb\",\"itemListElement\":[{\"@type\":\"ListItem\",\"position\":1,\"name\":\"Accueil\",\"item\":\"https:\/\/www.pressenza.com\/es\/\"},{\"@type\":\"ListItem\",\"position\":2,\"name\":\"MSF protesta contra \u00abfalsas acusaciones\u00bb de la Alianza Saud\u00ed\"}]},{\"@type\":\"WebSite\",\"@id\":\"https:\/\/www.pressenza.com\/es\/#website\",\"url\":\"https:\/\/www.pressenza.com\/es\/\",\"name\":\"Pressenza\",\"description\":\"International Press Agency\",\"publisher\":{\"@id\":\"https:\/\/www.pressenza.com\/es\/#organization\"},\"potentialAction\":[{\"@type\":\"SearchAction\",\"target\":{\"@type\":\"EntryPoint\",\"urlTemplate\":\"https:\/\/www.pressenza.com\/es\/?s={search_term_string}\"},\"query-input\":{\"@type\":\"PropertyValueSpecification\",\"valueRequired\":true,\"valueName\":\"search_term_string\"}}],\"inLanguage\":\"es\"},{\"@type\":\"Organization\",\"@id\":\"https:\/\/www.pressenza.com\/es\/#organization\",\"name\":\"Pressenza\",\"url\":\"https:\/\/www.pressenza.com\/es\/\",\"logo\":{\"@type\":\"ImageObject\",\"inLanguage\":\"es\",\"@id\":\"https:\/\/www.pressenza.com\/es\/#\/schema\/logo\/image\/\",\"url\":\"https:\/\/www.pressenza.com\/wp-content\/uploads\/2022\/10\/pressenza_logo_200x200.jpg\",\"contentUrl\":\"https:\/\/www.pressenza.com\/wp-content\/uploads\/2022\/10\/pressenza_logo_200x200.jpg\",\"width\":200,\"height\":200,\"caption\":\"Pressenza\"},\"image\":{\"@id\":\"https:\/\/www.pressenza.com\/es\/#\/schema\/logo\/image\/\"},\"sameAs\":[\"https:\/\/www.facebook.com\/PressenzaItalia\",\"https:\/\/x.com\/PressenzaIPA\"]},{\"@type\":\"Person\",\"@id\":\"https:\/\/www.pressenza.com\/es\/#\/schema\/person\/6b6b3fc4e3c1cec86c0413f7d1472dc8\",\"name\":\"Flo Osrainik\",\"description\":\"Der in M\u00fcnchen geborene und aufgewachsene Deutsch-\u00d6sterreicher ist Redakteur und freier Journalist. Er wohnt, lebt und arbeitet in M\u00fcnchen und Istanbul. Seine Themen sind Gesellschaft &amp; Globales. Er hat unter anderem Beitr\u00e4ge f\u00fcr RT Deutsch, junge Welt, Telepolis, amerika21 und das Weblog NEOPresse verfasst. Au\u00dferdem ist er ehrenamtlicher Redakteur bei acTVism Munich und Mitglied bei Freischreiber.\",\"url\":\"https:\/\/www.pressenza.com\/es\/author\/flo-osrainik\/\"}]}<\/script>\n<!-- \/ Yoast SEO plugin. -->","yoast_head_json":{"title":"MSF protesta contra \"falsas acusaciones\" de la Alianza Saud\u00ed","description":"Un equipo de investigaci\u00f3n de la alianza militar de Arabia Saudita acusa a la organizaci\u00f3n humanitaria, M\u00e9dicos sin Fronteras (MSF), de ser c\u00f3mplice por","robots":{"index":"index","follow":"follow","max-snippet":"max-snippet:-1","max-image-preview":"max-image-preview:large","max-video-preview":"max-video-preview:-1"},"canonical":"https:\/\/www.pressenza.com\/es\/2019\/02\/msf-protesta-contra-falsas-acusaciones-de-la-alianza-saudi\/","og_locale":"es_ES","og_type":"article","og_title":"MSF protesta contra \"falsas acusaciones\" de la Alianza Saud\u00ed","og_description":"Un equipo de investigaci\u00f3n de la alianza militar de Arabia Saudita acusa a la organizaci\u00f3n humanitaria, M\u00e9dicos sin Fronteras (MSF), de ser c\u00f3mplice por","og_url":"https:\/\/www.pressenza.com\/es\/2019\/02\/msf-protesta-contra-falsas-acusaciones-de-la-alianza-saudi\/","og_site_name":"Pressenza","article_publisher":"https:\/\/www.facebook.com\/PressenzaItalia","article_published_time":"2019-02-08T19:36:30+00:00","og_image":[{"width":1080,"height":810,"url":"https:\/\/www.pressenza.com\/wp-content\/uploads\/2019\/02\/DfZ12vTUwAA4lNi.jpg-large.jpg","type":"image\/jpeg"}],"author":"Flo Osrainik","twitter_card":"summary_large_image","twitter_creator":"@PressenzaIPA","twitter_site":"@PressenzaIPA","twitter_misc":{"Escrito por":"Flo Osrainik","Tiempo de lectura":"3 minutos"},"schema":{"@context":"https:\/\/schema.org","@graph":[{"@type":"Article","@id":"https:\/\/www.pressenza.com\/es\/2019\/02\/msf-protesta-contra-falsas-acusaciones-de-la-alianza-saudi\/#article","isPartOf":{"@id":"https:\/\/www.pressenza.com\/es\/2019\/02\/msf-protesta-contra-falsas-acusaciones-de-la-alianza-saudi\/"},"author":{"name":"Flo Osrainik","@id":"https:\/\/www.pressenza.com\/es\/#\/schema\/person\/6b6b3fc4e3c1cec86c0413f7d1472dc8"},"headline":"MSF protesta contra \u00abfalsas acusaciones\u00bb de la Alianza Saud\u00ed","datePublished":"2019-02-08T19:36:30+00:00","mainEntityOfPage":{"@id":"https:\/\/www.pressenza.com\/es\/2019\/02\/msf-protesta-contra-falsas-acusaciones-de-la-alianza-saudi\/"},"wordCount":632,"publisher":{"@id":"https:\/\/www.pressenza.com\/es\/#organization"},"image":{"@id":"https:\/\/www.pressenza.com\/es\/2019\/02\/msf-protesta-contra-falsas-acusaciones-de-la-alianza-saudi\/#primaryimage"},"thumbnailUrl":"https:\/\/www.pressenza.com\/wp-content\/uploads\/2019\/02\/DfZ12vTUwAA4lNi.jpg-large.jpg","keywords":["Arabia Saudita","Emiratos \u00c1rabes Unidos","M\u00e9dicos Sin Fronteras","MSF","Yemen"],"articleSection":["Contenido Original","Medio Oriente","Paz y Desarme"],"inLanguage":"es"},{"@type":"WebPage","@id":"https:\/\/www.pressenza.com\/es\/2019\/02\/msf-protesta-contra-falsas-acusaciones-de-la-alianza-saudi\/","url":"https:\/\/www.pressenza.com\/es\/2019\/02\/msf-protesta-contra-falsas-acusaciones-de-la-alianza-saudi\/","name":"MSF protesta contra \"falsas acusaciones\" de la Alianza Saud\u00ed","isPartOf":{"@id":"https:\/\/www.pressenza.com\/es\/#website"},"primaryImageOfPage":{"@id":"https:\/\/www.pressenza.com\/es\/2019\/02\/msf-protesta-contra-falsas-acusaciones-de-la-alianza-saudi\/#primaryimage"},"image":{"@id":"https:\/\/www.pressenza.com\/es\/2019\/02\/msf-protesta-contra-falsas-acusaciones-de-la-alianza-saudi\/#primaryimage"},"thumbnailUrl":"https:\/\/www.pressenza.com\/wp-content\/uploads\/2019\/02\/DfZ12vTUwAA4lNi.jpg-large.jpg","datePublished":"2019-02-08T19:36:30+00:00","description":"Un equipo de investigaci\u00f3n de la alianza militar de Arabia Saudita acusa a la organizaci\u00f3n humanitaria, M\u00e9dicos sin Fronteras (MSF), de ser c\u00f3mplice por","breadcrumb":{"@id":"https:\/\/www.pressenza.com\/es\/2019\/02\/msf-protesta-contra-falsas-acusaciones-de-la-alianza-saudi\/#breadcrumb"},"inLanguage":"es","potentialAction":[{"@type":"ReadAction","target":["https:\/\/www.pressenza.com\/es\/2019\/02\/msf-protesta-contra-falsas-acusaciones-de-la-alianza-saudi\/"]}]},{"@type":"ImageObject","inLanguage":"es","@id":"https:\/\/www.pressenza.com\/es\/2019\/02\/msf-protesta-contra-falsas-acusaciones-de-la-alianza-saudi\/#primaryimage","url":"https:\/\/www.pressenza.com\/wp-content\/uploads\/2019\/02\/DfZ12vTUwAA4lNi.jpg-large.jpg","contentUrl":"https:\/\/www.pressenza.com\/wp-content\/uploads\/2019\/02\/DfZ12vTUwAA4lNi.jpg-large.jpg","width":1080,"height":810},{"@type":"BreadcrumbList","@id":"https:\/\/www.pressenza.com\/es\/2019\/02\/msf-protesta-contra-falsas-acusaciones-de-la-alianza-saudi\/#breadcrumb","itemListElement":[{"@type":"ListItem","position":1,"name":"Accueil","item":"https:\/\/www.pressenza.com\/es\/"},{"@type":"ListItem","position":2,"name":"MSF protesta contra \u00abfalsas acusaciones\u00bb de la Alianza Saud\u00ed"}]},{"@type":"WebSite","@id":"https:\/\/www.pressenza.com\/es\/#website","url":"https:\/\/www.pressenza.com\/es\/","name":"Pressenza","description":"International Press Agency","publisher":{"@id":"https:\/\/www.pressenza.com\/es\/#organization"},"potentialAction":[{"@type":"SearchAction","target":{"@type":"EntryPoint","urlTemplate":"https:\/\/www.pressenza.com\/es\/?s={search_term_string}"},"query-input":{"@type":"PropertyValueSpecification","valueRequired":true,"valueName":"search_term_string"}}],"inLanguage":"es"},{"@type":"Organization","@id":"https:\/\/www.pressenza.com\/es\/#organization","name":"Pressenza","url":"https:\/\/www.pressenza.com\/es\/","logo":{"@type":"ImageObject","inLanguage":"es","@id":"https:\/\/www.pressenza.com\/es\/#\/schema\/logo\/image\/","url":"https:\/\/www.pressenza.com\/wp-content\/uploads\/2022\/10\/pressenza_logo_200x200.jpg","contentUrl":"https:\/\/www.pressenza.com\/wp-content\/uploads\/2022\/10\/pressenza_logo_200x200.jpg","width":200,"height":200,"caption":"Pressenza"},"image":{"@id":"https:\/\/www.pressenza.com\/es\/#\/schema\/logo\/image\/"},"sameAs":["https:\/\/www.facebook.com\/PressenzaItalia","https:\/\/x.com\/PressenzaIPA"]},{"@type":"Person","@id":"https:\/\/www.pressenza.com\/es\/#\/schema\/person\/6b6b3fc4e3c1cec86c0413f7d1472dc8","name":"Flo Osrainik","description":"Der in M\u00fcnchen geborene und aufgewachsene Deutsch-\u00d6sterreicher ist Redakteur und freier Journalist. Er wohnt, lebt und arbeitet in M\u00fcnchen und Istanbul. Seine Themen sind Gesellschaft &amp; Globales. Er hat unter anderem Beitr\u00e4ge f\u00fcr RT Deutsch, junge Welt, Telepolis, amerika21 und das Weblog NEOPresse verfasst. Au\u00dferdem ist er ehrenamtlicher Redakteur bei acTVism Munich und Mitglied bei Freischreiber.","url":"https:\/\/www.pressenza.com\/es\/author\/flo-osrainik\/"}]}},"place":"","original_article_url":"","_links":{"self":[{"href":"https:\/\/www.pressenza.com\/es\/wp-json\/wp\/v2\/posts\/804148","targetHints":{"allow":["GET"]}}],"collection":[{"href":"https:\/\/www.pressenza.com\/es\/wp-json\/wp\/v2\/posts"}],"about":[{"href":"https:\/\/www.pressenza.com\/es\/wp-json\/wp\/v2\/types\/post"}],"author":[{"embeddable":true,"href":"https:\/\/www.pressenza.com\/es\/wp-json\/wp\/v2\/users\/1403"}],"replies":[{"embeddable":true,"href":"https:\/\/www.pressenza.com\/es\/wp-json\/wp\/v2\/comments?post=804148"}],"version-history":[{"count":0,"href":"https:\/\/www.pressenza.com\/es\/wp-json\/wp\/v2\/posts\/804148\/revisions"}],"wp:featuredmedia":[{"embeddable":true,"href":"https:\/\/www.pressenza.com\/es\/wp-json\/wp\/v2\/media\/803493"}],"wp:attachment":[{"href":"https:\/\/www.pressenza.com\/es\/wp-json\/wp\/v2\/media?parent=804148"}],"wp:term":[{"taxonomy":"category","embeddable":true,"href":"https:\/\/www.pressenza.com\/es\/wp-json\/wp\/v2\/categories?post=804148"},{"taxonomy":"post_tag","embeddable":true,"href":"https:\/\/www.pressenza.com\/es\/wp-json\/wp\/v2\/tags?post=804148"}],"curies":[{"name":"wp","href":"https:\/\/api.w.org\/{rel}","templated":true}]}}