{"id":803771,"date":"2019-02-08T03:37:39","date_gmt":"2019-02-08T03:37:39","guid":{"rendered":"https:\/\/www.pressenza.com\/?p=803771"},"modified":"2019-02-08T03:37:39","modified_gmt":"2019-02-08T03:37:39","slug":"los-15-de-stansted-no-pasaran-tiempo-en-la-carcel","status":"publish","type":"post","link":"https:\/\/www.pressenza.com\/es\/2019\/02\/los-15-de-stansted-no-pasaran-tiempo-en-la-carcel\/","title":{"rendered":"Los 15 de Stansted no pasar\u00e1n tiempo en la c\u00e1rcel"},"content":{"rendered":"<p>Los 15 de Stansted, un grupo de manifestantes en contra de la deportaci\u00f3n que impidieron un vuelo de deportaci\u00f3n ejecutado por el gobierno el a\u00f1o pasado, evitar\u00e1n ir a la c\u00e1rcel, ya que a 3 de ellos se les impondr\u00e1 sentencias suspendidas y 12 har\u00e1n servicio comunitario. Siendo sentenciados hoy por un juez del Tribunal de la Corona, se enteraron de su veredicto en diciembre despu\u00e9s de un juicio que dur\u00f3 desde el 1 de octubre hasta el 10 de diciembre. El jurado declar\u00f3 a los quince acusados \u200b\u200bculpables de la interrupci\u00f3n intencional de los servicios y de haber puesto en peligro un aer\u00f3dromo en virtud de la Ley de Seguridad A\u00e9rea y Mar\u00edtima de 1990, un uso controvertido de la ley con respecto al terrorismo.<\/p>\n<p>En un comunicado, los 15 de Stansted dijeron: \u00ab<em>Algo est\u00e1 muy mal<\/em> <em>en un pa\u00eds cuando se usa una legislaci\u00f3n terrorista draconiana contra las personas que protestan pac\u00edficamente, arrebata a otros de sus hogares en las incursiones de la madrugada, los encarcela sin l\u00edmite de tiempo y los obliga a subir a aviones en medio de la noche para llevarlos a lugares donde sus vidas podr\u00edan estar en riesgo.<\/em> <em>Todos y cada uno de nosotros deber\u00edamos estar muy preocupados por nuestra democracia y nuestro futuro. Exigimos que se anulen estas condenas y que el gobierno desmantele un sistema de inmigraci\u00f3n cruel y apenas legal, que destruye la vida de tanta gente.\u201d<\/em><\/p>\n<p><strong>Raj Chada, <\/strong>socio abogado de Hodge Jones &amp; Allen, quien represent\u00f3 a los 15 acusados, declar\u00f3<strong>: \u201c<\/strong><em>Estamos aliviados de que ninguno de nuestros clientes se enfrente a una sentencia de prisi\u00f3n, sin embargo hoy sigue siendo un d\u00eda triste para la justicia. Nuestros clientes impidieron que se retirara ilegalmente a personas del Reino Unido y nunca debieron haber sido acusados \u200b\u200ben virtud de la legislaci\u00f3n antiterrorista<\/em><strong>. <\/strong><em>Sostenemos que esto fue un abuso de poder por parte del Fiscal General y el Servicio de Procesamiento de la Corona (CPS) y continuaremos luchando en los tribunales de apelaci\u00f3n para anular estas condenas err\u00f3neas\u00bb.<\/em><\/p>\n<p><strong>Shami Chakrabarti, <\/strong>el Procurador General Laborista del Gabinete Sombra, en respuesta a la sentencia hacia los 15 de Stansted, dijo<strong>: <\/strong><em>\u00ab<\/em> <em>El hecho de que ninguno de los 15 de Stansted vayan a la c\u00e1rcel ser\u00e1 una cuesti\u00f3n de alivio para todos aquellos que valoran la disidencia pac\u00edfica, la proporcionalidad y el sentido com\u00fan. Sin embargo, sus convicciones sobre el terrorismo siguen siendo una preocupaci\u00f3n real con graves consecuencias para sus vidas.<\/em> <em>El pr\u00f3ximo gobierno laborista revisar\u00e1 las leyes para dar mayores garant\u00edas al derecho de disidencia pac\u00edfica. Debemos terminar con el ambiente hostil, no solo para las personas vulnerables, sino tambi\u00e9n para aquellos que las defienden\u201d.<\/em><\/p>\n<p><strong>Kate Allen, directora de la Amnist\u00eda Internacional del Reino Unido, dijo: \u201c<\/strong><em>La decisi\u00f3n de no encarcelar a estos valientes defensores de los derechos humanos es un alivio, pero no es suficiente. En primer lugar, nunca deber\u00edan haber enfrentado este cargo tan grave relacionado con el terrorismo. Siguen siendo condenados por un delito que simplemente no se ajusta a sus acciones y este juicio podr\u00eda tener un efecto escalofriante en la protesta pac\u00edfica en este pa\u00eds. <\/em><em>El caso de los 15 de Stansted corresponde a una tendencia en toda Europa, seg\u00fan la cual las personas que defienden a los migrantes y refugiados est\u00e1n enojadas, intimidadas y son criminalizadas por sus actos de solidaridad\u201d.<\/em><\/p>\n<p>Los activistas de la organizaci\u00f3n \u201cEnd Deportations\u201d escribieron en su <a href=\"https:\/\/www.facebook.com\/EDeportations\/\">P\u00e1gina de Facebook<\/a>: <em>\u00abIncluso cuando escuchamos que los 15 de Stansted no ir\u00e1n a la c\u00e1rcel, 40 negros que hab\u00edan cometido delitos menores durante su estancia en el Reino Unido estaban en un avi\u00f3n donde hab\u00edan sido arrastrados de sus cadenas para volver al lugar donde los due\u00f1os de esclavos hab\u00edan obligado a sus antepasados \u200b\u200ba vivir\u201d. <\/em><\/p>\n<p><em>\u201cEl Ministerio del Interior aplica un r\u00e9gimen de asilo e inmigraci\u00f3n brutal, racista, colonial y violento. Utilizan la pobreza como herramienta pol\u00edtica, la detenci\u00f3n para las personas que no cometieron delitos o cumplieron su condena si la tienen, la expulsi\u00f3n a situaciones de peligro y a pa\u00edses a los que no tienen conexi\u00f3n. Buscan despojar a las personas de su dignidad solo por la ofensa de tratar de ejercer la libertad de movimiento cuando estos son negros o de una etnia que no sea la blanca. En muchos casos, esto les sucede a personas que huyen de la guerra, del desastre clim\u00e1tico o de la pobreza que causamos en sus pa\u00edses de origen a trav\u00e9s de la explotaci\u00f3n colonial. En todos los casos, a seres humanos que merecen nuestra bienvenida, compasi\u00f3n y respeto. <\/em><\/p>\n<p><em>So\u00f1amos con un mundo sin fronteras. La libertad de movimiento no solo para los europeos y occidentales. Mientras tanto, pedimos que se detenga la peor violencia del r\u00e9gimen fronterizo del Reino Unido. <\/em><\/p>\n<p><em>Como de costumbre los negocios en el Ministerio del Interior significan muerte e injusticia grave y debemos detenerlos\u201d.<\/em><\/p>\n<p><em><img loading=\"lazy\" decoding=\"async\" class=\"wp-image-802567 size-full alignnone\" src=\"https:\/\/www.pressenza.com\/wp-content\/uploads\/2019\/02\/xNo-human-is-illegal.jpg.pagespeed.ic.wzx_akvmuv.jpg\" sizes=\"auto, (max-width: 2048px) 100vw, 2048px\" srcset=\"https:\/\/www.pressenza.com\/wp-content\/uploads\/2019\/02\/xNo-human-is-illegal.jpg.pagespeed.ic.wzx_akvmuv.jpg 2048w, https:\/\/www.pressenza.com\/wp-content\/uploads\/2019\/02\/xNo-human-is-illegal-300x200.jpg.pagespeed.ic.sWAaYLugNp.jpg 300w, https:\/\/www.pressenza.com\/wp-content\/uploads\/2019\/02\/xNo-human-is-illegal-768x513.jpg.pagespeed.ic.A15uxEvWef.jpg 768w, https:\/\/www.pressenza.com\/wp-content\/uploads\/2019\/02\/xNo-human-is-illegal-720x481.jpg.pagespeed.ic.Yq589v7jxq.jpg 720w\" alt=\"\" width=\"2048\" height=\"1367\" \/><\/em><\/p>\n<p><img loading=\"lazy\" decoding=\"async\" class=\"wp-image-802576 size-full alignnone\" src=\"https:\/\/www.pressenza.com\/wp-content\/uploads\/2019\/02\/xend-deportations.jpg.pagespeed.ic.ZEAwMYJ4Ny.jpg\" sizes=\"auto, (max-width: 960px) 100vw, 960px\" srcset=\"https:\/\/www.pressenza.com\/wp-content\/uploads\/2019\/02\/xend-deportations.jpg.pagespeed.ic.ZEAwMYJ4Ny.jpg 960w, https:\/\/www.pressenza.com\/wp-content\/uploads\/2019\/02\/end-deportations-150x150.jpg 150w, https:\/\/www.pressenza.com\/wp-content\/uploads\/2019\/02\/xend-deportations-300x300.jpg.pagespeed.ic.-VjJLEpJe0.jpg 300w, https:\/\/www.pressenza.com\/wp-content\/uploads\/2019\/02\/xend-deportations-768x768.jpg.pagespeed.ic.PMZc3sghOy.jpg 768w, https:\/\/www.pressenza.com\/wp-content\/uploads\/2019\/02\/xend-deportations-720x720.jpg.pagespeed.ic.6eENN0bIbX.jpg 720w\" alt=\"\" width=\"960\" height=\"960\" \/><\/p>\n<hr \/>\n<p><em>Traducido del ingl\u00e9s por Rosal\u00eda Briones<\/em><\/p>\n","protected":false},"excerpt":{"rendered":"<p>Los 15 de Stansted, un grupo de manifestantes en contra de la deportaci\u00f3n que impidieron un vuelo de deportaci\u00f3n ejecutado por el gobierno el a\u00f1o pasado, evitar\u00e1n ir a la c\u00e1rcel, ya que a 3 de ellos se les impondr\u00e1&hellip;<\/p>\n","protected":false},"author":1013,"featured_media":802605,"comment_status":"closed","ping_status":"closed","sticky":false,"template":"","format":"standard","meta":{"footnotes":""},"categories":[11389,66,54574],"tags":[45533,54837,54836],"class_list":["post-803771","post","type-post","status-publish","format-standard","has-post-thumbnail","hentry","category-contenido-original","category-europa-es","category-migrantes-es","tag-ministerio-del-interior","tag-stansted-15-es","tag-vuelos-de-deportacion"],"yoast_head":"<!-- This site is optimized with the Yoast SEO plugin v27.1.1 - https:\/\/yoast.com\/product\/yoast-seo-wordpress\/ -->\n<title>Los 15 de Stansted no pasar\u00e1n tiempo en la c\u00e1rcel<\/title>\n<meta name=\"description\" content=\"Los 15 de Stansted, un grupo de manifestantes en contra de la deportaci\u00f3n que impidieron un vuelo de deportaci\u00f3n ejecutado por el gobierno el a\u00f1o pasado,\" \/>\n<meta name=\"robots\" content=\"index, follow, max-snippet:-1, max-image-preview:large, max-video-preview:-1\" \/>\n<link rel=\"canonical\" href=\"https:\/\/www.pressenza.com\/es\/2019\/02\/los-15-de-stansted-no-pasaran-tiempo-en-la-carcel\/\" \/>\n<meta property=\"og:locale\" content=\"es_ES\" \/>\n<meta property=\"og:type\" content=\"article\" \/>\n<meta property=\"og:title\" content=\"Los 15 de Stansted no pasar\u00e1n tiempo en la c\u00e1rcel\" \/>\n<meta property=\"og:description\" content=\"Los 15 de Stansted, un grupo de manifestantes en contra de la deportaci\u00f3n que impidieron un vuelo de deportaci\u00f3n ejecutado por el gobierno el a\u00f1o pasado,\" \/>\n<meta property=\"og:url\" content=\"https:\/\/www.pressenza.com\/es\/2019\/02\/los-15-de-stansted-no-pasaran-tiempo-en-la-carcel\/\" \/>\n<meta property=\"og:site_name\" content=\"Pressenza\" \/>\n<meta property=\"article:publisher\" content=\"https:\/\/www.facebook.com\/PressenzaItalia\" \/>\n<meta property=\"article:author\" content=\"https:\/\/www.facebook.com\/PressenzaEnglish\/\" \/>\n<meta property=\"article:published_time\" content=\"2019-02-08T03:37:39+00:00\" \/>\n<meta property=\"og:image\" content=\"https:\/\/www.pressenza.com\/wp-content\/uploads\/2019\/02\/Stansted-15-right-to-remain.png\" \/>\n\t<meta property=\"og:image:width\" content=\"725\" \/>\n\t<meta property=\"og:image:height\" content=\"582\" \/>\n\t<meta property=\"og:image:type\" content=\"image\/png\" \/>\n<meta name=\"author\" content=\"Pressenza London\" \/>\n<meta name=\"twitter:card\" content=\"summary_large_image\" \/>\n<meta name=\"twitter:creator\" content=\"@PressenzaIPA\" \/>\n<meta name=\"twitter:site\" content=\"@PressenzaIPA\" \/>\n<meta name=\"twitter:label1\" content=\"Escrito por\" \/>\n\t<meta name=\"twitter:data1\" content=\"Pressenza London\" \/>\n\t<meta name=\"twitter:label2\" content=\"Tiempo de lectura\" \/>\n\t<meta name=\"twitter:data2\" content=\"4 minutos\" \/>\n<script type=\"application\/ld+json\" class=\"yoast-schema-graph\">{\"@context\":\"https:\/\/schema.org\",\"@graph\":[{\"@type\":\"Article\",\"@id\":\"https:\/\/www.pressenza.com\/es\/2019\/02\/los-15-de-stansted-no-pasaran-tiempo-en-la-carcel\/#article\",\"isPartOf\":{\"@id\":\"https:\/\/www.pressenza.com\/es\/2019\/02\/los-15-de-stansted-no-pasaran-tiempo-en-la-carcel\/\"},\"author\":{\"name\":\"Pressenza London\",\"@id\":\"https:\/\/www.pressenza.com\/es\/#\/schema\/person\/17c976cc856ec7e8e3f8cdd1a45eb1b0\"},\"headline\":\"Los 15 de Stansted no pasar\u00e1n tiempo en la c\u00e1rcel\",\"datePublished\":\"2019-02-08T03:37:39+00:00\",\"mainEntityOfPage\":{\"@id\":\"https:\/\/www.pressenza.com\/es\/2019\/02\/los-15-de-stansted-no-pasaran-tiempo-en-la-carcel\/\"},\"wordCount\":875,\"publisher\":{\"@id\":\"https:\/\/www.pressenza.com\/es\/#organization\"},\"image\":{\"@id\":\"https:\/\/www.pressenza.com\/es\/2019\/02\/los-15-de-stansted-no-pasaran-tiempo-en-la-carcel\/#primaryimage\"},\"thumbnailUrl\":\"https:\/\/www.pressenza.com\/wp-content\/uploads\/2019\/02\/Stansted-15-right-to-remain.png\",\"keywords\":[\"Ministerio del Interior\",\"Stansted 15\",\"vuelos de deportaci\u00f3n\"],\"articleSection\":[\"Contenido Original\",\"Europa\",\"Migrantes\"],\"inLanguage\":\"es\"},{\"@type\":\"WebPage\",\"@id\":\"https:\/\/www.pressenza.com\/es\/2019\/02\/los-15-de-stansted-no-pasaran-tiempo-en-la-carcel\/\",\"url\":\"https:\/\/www.pressenza.com\/es\/2019\/02\/los-15-de-stansted-no-pasaran-tiempo-en-la-carcel\/\",\"name\":\"Los 15 de Stansted no pasar\u00e1n tiempo en la c\u00e1rcel\",\"isPartOf\":{\"@id\":\"https:\/\/www.pressenza.com\/es\/#website\"},\"primaryImageOfPage\":{\"@id\":\"https:\/\/www.pressenza.com\/es\/2019\/02\/los-15-de-stansted-no-pasaran-tiempo-en-la-carcel\/#primaryimage\"},\"image\":{\"@id\":\"https:\/\/www.pressenza.com\/es\/2019\/02\/los-15-de-stansted-no-pasaran-tiempo-en-la-carcel\/#primaryimage\"},\"thumbnailUrl\":\"https:\/\/www.pressenza.com\/wp-content\/uploads\/2019\/02\/Stansted-15-right-to-remain.png\",\"datePublished\":\"2019-02-08T03:37:39+00:00\",\"description\":\"Los 15 de Stansted, un grupo de manifestantes en contra de la deportaci\u00f3n que impidieron un vuelo de deportaci\u00f3n ejecutado por el gobierno el a\u00f1o pasado,\",\"breadcrumb\":{\"@id\":\"https:\/\/www.pressenza.com\/es\/2019\/02\/los-15-de-stansted-no-pasaran-tiempo-en-la-carcel\/#breadcrumb\"},\"inLanguage\":\"es\",\"potentialAction\":[{\"@type\":\"ReadAction\",\"target\":[\"https:\/\/www.pressenza.com\/es\/2019\/02\/los-15-de-stansted-no-pasaran-tiempo-en-la-carcel\/\"]}]},{\"@type\":\"ImageObject\",\"inLanguage\":\"es\",\"@id\":\"https:\/\/www.pressenza.com\/es\/2019\/02\/los-15-de-stansted-no-pasaran-tiempo-en-la-carcel\/#primaryimage\",\"url\":\"https:\/\/www.pressenza.com\/wp-content\/uploads\/2019\/02\/Stansted-15-right-to-remain.png\",\"contentUrl\":\"https:\/\/www.pressenza.com\/wp-content\/uploads\/2019\/02\/Stansted-15-right-to-remain.png\",\"width\":725,\"height\":582,\"caption\":\"The Stansted 15 will not spend time in jail\"},{\"@type\":\"BreadcrumbList\",\"@id\":\"https:\/\/www.pressenza.com\/es\/2019\/02\/los-15-de-stansted-no-pasaran-tiempo-en-la-carcel\/#breadcrumb\",\"itemListElement\":[{\"@type\":\"ListItem\",\"position\":1,\"name\":\"Accueil\",\"item\":\"https:\/\/www.pressenza.com\/es\/\"},{\"@type\":\"ListItem\",\"position\":2,\"name\":\"Los 15 de Stansted no pasar\u00e1n tiempo en la c\u00e1rcel\"}]},{\"@type\":\"WebSite\",\"@id\":\"https:\/\/www.pressenza.com\/es\/#website\",\"url\":\"https:\/\/www.pressenza.com\/es\/\",\"name\":\"Pressenza\",\"description\":\"International Press Agency\",\"publisher\":{\"@id\":\"https:\/\/www.pressenza.com\/es\/#organization\"},\"potentialAction\":[{\"@type\":\"SearchAction\",\"target\":{\"@type\":\"EntryPoint\",\"urlTemplate\":\"https:\/\/www.pressenza.com\/es\/?s={search_term_string}\"},\"query-input\":{\"@type\":\"PropertyValueSpecification\",\"valueRequired\":true,\"valueName\":\"search_term_string\"}}],\"inLanguage\":\"es\"},{\"@type\":\"Organization\",\"@id\":\"https:\/\/www.pressenza.com\/es\/#organization\",\"name\":\"Pressenza\",\"url\":\"https:\/\/www.pressenza.com\/es\/\",\"logo\":{\"@type\":\"ImageObject\",\"inLanguage\":\"es\",\"@id\":\"https:\/\/www.pressenza.com\/es\/#\/schema\/logo\/image\/\",\"url\":\"https:\/\/www.pressenza.com\/wp-content\/uploads\/2022\/10\/pressenza_logo_200x200.jpg\",\"contentUrl\":\"https:\/\/www.pressenza.com\/wp-content\/uploads\/2022\/10\/pressenza_logo_200x200.jpg\",\"width\":200,\"height\":200,\"caption\":\"Pressenza\"},\"image\":{\"@id\":\"https:\/\/www.pressenza.com\/es\/#\/schema\/logo\/image\/\"},\"sameAs\":[\"https:\/\/www.facebook.com\/PressenzaItalia\",\"https:\/\/x.com\/PressenzaIPA\"]},{\"@type\":\"Person\",\"@id\":\"https:\/\/www.pressenza.com\/es\/#\/schema\/person\/17c976cc856ec7e8e3f8cdd1a45eb1b0\",\"name\":\"Pressenza London\",\"description\":\"News published by the Pressenza Bureau in London, United Kingdom\",\"sameAs\":[\"https:\/\/www.facebook.com\/PressenzaEnglish\/\",\"https:\/\/x.com\/PressenzaIPA\"],\"url\":\"https:\/\/www.pressenza.com\/es\/author\/pressenza-london\/\"}]}<\/script>\n<!-- \/ Yoast SEO plugin. -->","yoast_head_json":{"title":"Los 15 de Stansted no pasar\u00e1n tiempo en la c\u00e1rcel","description":"Los 15 de Stansted, un grupo de manifestantes en contra de la deportaci\u00f3n que impidieron un vuelo de deportaci\u00f3n ejecutado por el gobierno el a\u00f1o pasado,","robots":{"index":"index","follow":"follow","max-snippet":"max-snippet:-1","max-image-preview":"max-image-preview:large","max-video-preview":"max-video-preview:-1"},"canonical":"https:\/\/www.pressenza.com\/es\/2019\/02\/los-15-de-stansted-no-pasaran-tiempo-en-la-carcel\/","og_locale":"es_ES","og_type":"article","og_title":"Los 15 de Stansted no pasar\u00e1n tiempo en la c\u00e1rcel","og_description":"Los 15 de Stansted, un grupo de manifestantes en contra de la deportaci\u00f3n que impidieron un vuelo de deportaci\u00f3n ejecutado por el gobierno el a\u00f1o pasado,","og_url":"https:\/\/www.pressenza.com\/es\/2019\/02\/los-15-de-stansted-no-pasaran-tiempo-en-la-carcel\/","og_site_name":"Pressenza","article_publisher":"https:\/\/www.facebook.com\/PressenzaItalia","article_author":"https:\/\/www.facebook.com\/PressenzaEnglish\/","article_published_time":"2019-02-08T03:37:39+00:00","og_image":[{"width":725,"height":582,"url":"https:\/\/www.pressenza.com\/wp-content\/uploads\/2019\/02\/Stansted-15-right-to-remain.png","type":"image\/png"}],"author":"Pressenza London","twitter_card":"summary_large_image","twitter_creator":"@PressenzaIPA","twitter_site":"@PressenzaIPA","twitter_misc":{"Escrito por":"Pressenza London","Tiempo de lectura":"4 minutos"},"schema":{"@context":"https:\/\/schema.org","@graph":[{"@type":"Article","@id":"https:\/\/www.pressenza.com\/es\/2019\/02\/los-15-de-stansted-no-pasaran-tiempo-en-la-carcel\/#article","isPartOf":{"@id":"https:\/\/www.pressenza.com\/es\/2019\/02\/los-15-de-stansted-no-pasaran-tiempo-en-la-carcel\/"},"author":{"name":"Pressenza London","@id":"https:\/\/www.pressenza.com\/es\/#\/schema\/person\/17c976cc856ec7e8e3f8cdd1a45eb1b0"},"headline":"Los 15 de Stansted no pasar\u00e1n tiempo en la c\u00e1rcel","datePublished":"2019-02-08T03:37:39+00:00","mainEntityOfPage":{"@id":"https:\/\/www.pressenza.com\/es\/2019\/02\/los-15-de-stansted-no-pasaran-tiempo-en-la-carcel\/"},"wordCount":875,"publisher":{"@id":"https:\/\/www.pressenza.com\/es\/#organization"},"image":{"@id":"https:\/\/www.pressenza.com\/es\/2019\/02\/los-15-de-stansted-no-pasaran-tiempo-en-la-carcel\/#primaryimage"},"thumbnailUrl":"https:\/\/www.pressenza.com\/wp-content\/uploads\/2019\/02\/Stansted-15-right-to-remain.png","keywords":["Ministerio del Interior","Stansted 15","vuelos de deportaci\u00f3n"],"articleSection":["Contenido Original","Europa","Migrantes"],"inLanguage":"es"},{"@type":"WebPage","@id":"https:\/\/www.pressenza.com\/es\/2019\/02\/los-15-de-stansted-no-pasaran-tiempo-en-la-carcel\/","url":"https:\/\/www.pressenza.com\/es\/2019\/02\/los-15-de-stansted-no-pasaran-tiempo-en-la-carcel\/","name":"Los 15 de Stansted no pasar\u00e1n tiempo en la c\u00e1rcel","isPartOf":{"@id":"https:\/\/www.pressenza.com\/es\/#website"},"primaryImageOfPage":{"@id":"https:\/\/www.pressenza.com\/es\/2019\/02\/los-15-de-stansted-no-pasaran-tiempo-en-la-carcel\/#primaryimage"},"image":{"@id":"https:\/\/www.pressenza.com\/es\/2019\/02\/los-15-de-stansted-no-pasaran-tiempo-en-la-carcel\/#primaryimage"},"thumbnailUrl":"https:\/\/www.pressenza.com\/wp-content\/uploads\/2019\/02\/Stansted-15-right-to-remain.png","datePublished":"2019-02-08T03:37:39+00:00","description":"Los 15 de Stansted, un grupo de manifestantes en contra de la deportaci\u00f3n que impidieron un vuelo de deportaci\u00f3n ejecutado por el gobierno el a\u00f1o pasado,","breadcrumb":{"@id":"https:\/\/www.pressenza.com\/es\/2019\/02\/los-15-de-stansted-no-pasaran-tiempo-en-la-carcel\/#breadcrumb"},"inLanguage":"es","potentialAction":[{"@type":"ReadAction","target":["https:\/\/www.pressenza.com\/es\/2019\/02\/los-15-de-stansted-no-pasaran-tiempo-en-la-carcel\/"]}]},{"@type":"ImageObject","inLanguage":"es","@id":"https:\/\/www.pressenza.com\/es\/2019\/02\/los-15-de-stansted-no-pasaran-tiempo-en-la-carcel\/#primaryimage","url":"https:\/\/www.pressenza.com\/wp-content\/uploads\/2019\/02\/Stansted-15-right-to-remain.png","contentUrl":"https:\/\/www.pressenza.com\/wp-content\/uploads\/2019\/02\/Stansted-15-right-to-remain.png","width":725,"height":582,"caption":"The Stansted 15 will not spend time in jail"},{"@type":"BreadcrumbList","@id":"https:\/\/www.pressenza.com\/es\/2019\/02\/los-15-de-stansted-no-pasaran-tiempo-en-la-carcel\/#breadcrumb","itemListElement":[{"@type":"ListItem","position":1,"name":"Accueil","item":"https:\/\/www.pressenza.com\/es\/"},{"@type":"ListItem","position":2,"name":"Los 15 de Stansted no pasar\u00e1n tiempo en la c\u00e1rcel"}]},{"@type":"WebSite","@id":"https:\/\/www.pressenza.com\/es\/#website","url":"https:\/\/www.pressenza.com\/es\/","name":"Pressenza","description":"International Press Agency","publisher":{"@id":"https:\/\/www.pressenza.com\/es\/#organization"},"potentialAction":[{"@type":"SearchAction","target":{"@type":"EntryPoint","urlTemplate":"https:\/\/www.pressenza.com\/es\/?s={search_term_string}"},"query-input":{"@type":"PropertyValueSpecification","valueRequired":true,"valueName":"search_term_string"}}],"inLanguage":"es"},{"@type":"Organization","@id":"https:\/\/www.pressenza.com\/es\/#organization","name":"Pressenza","url":"https:\/\/www.pressenza.com\/es\/","logo":{"@type":"ImageObject","inLanguage":"es","@id":"https:\/\/www.pressenza.com\/es\/#\/schema\/logo\/image\/","url":"https:\/\/www.pressenza.com\/wp-content\/uploads\/2022\/10\/pressenza_logo_200x200.jpg","contentUrl":"https:\/\/www.pressenza.com\/wp-content\/uploads\/2022\/10\/pressenza_logo_200x200.jpg","width":200,"height":200,"caption":"Pressenza"},"image":{"@id":"https:\/\/www.pressenza.com\/es\/#\/schema\/logo\/image\/"},"sameAs":["https:\/\/www.facebook.com\/PressenzaItalia","https:\/\/x.com\/PressenzaIPA"]},{"@type":"Person","@id":"https:\/\/www.pressenza.com\/es\/#\/schema\/person\/17c976cc856ec7e8e3f8cdd1a45eb1b0","name":"Pressenza London","description":"News published by the Pressenza Bureau in London, United Kingdom","sameAs":["https:\/\/www.facebook.com\/PressenzaEnglish\/","https:\/\/x.com\/PressenzaIPA"],"url":"https:\/\/www.pressenza.com\/es\/author\/pressenza-london\/"}]}},"place":"","original_article_url":"","_links":{"self":[{"href":"https:\/\/www.pressenza.com\/es\/wp-json\/wp\/v2\/posts\/803771","targetHints":{"allow":["GET"]}}],"collection":[{"href":"https:\/\/www.pressenza.com\/es\/wp-json\/wp\/v2\/posts"}],"about":[{"href":"https:\/\/www.pressenza.com\/es\/wp-json\/wp\/v2\/types\/post"}],"author":[{"embeddable":true,"href":"https:\/\/www.pressenza.com\/es\/wp-json\/wp\/v2\/users\/1013"}],"replies":[{"embeddable":true,"href":"https:\/\/www.pressenza.com\/es\/wp-json\/wp\/v2\/comments?post=803771"}],"version-history":[{"count":0,"href":"https:\/\/www.pressenza.com\/es\/wp-json\/wp\/v2\/posts\/803771\/revisions"}],"wp:featuredmedia":[{"embeddable":true,"href":"https:\/\/www.pressenza.com\/es\/wp-json\/wp\/v2\/media\/802605"}],"wp:attachment":[{"href":"https:\/\/www.pressenza.com\/es\/wp-json\/wp\/v2\/media?parent=803771"}],"wp:term":[{"taxonomy":"category","embeddable":true,"href":"https:\/\/www.pressenza.com\/es\/wp-json\/wp\/v2\/categories?post=803771"},{"taxonomy":"post_tag","embeddable":true,"href":"https:\/\/www.pressenza.com\/es\/wp-json\/wp\/v2\/tags?post=803771"}],"curies":[{"name":"wp","href":"https:\/\/api.w.org\/{rel}","templated":true}]}}