{"id":803653,"date":"2019-02-07T20:33:41","date_gmt":"2019-02-07T20:33:41","guid":{"rendered":"https:\/\/www.pressenza.com\/?p=803653"},"modified":"2019-02-07T20:33:41","modified_gmt":"2019-02-07T20:33:41","slug":"bashe-nuhem-referente-qom-nosotras-tambien-tenemos-mucho-que-decir","status":"publish","type":"post","link":"https:\/\/www.pressenza.com\/es\/2019\/02\/bashe-nuhem-referente-qom-nosotras-tambien-tenemos-mucho-que-decir\/","title":{"rendered":"Bashe Nuhem, referente qom: \u201cNosotras tambi\u00e9n tenemos mucho que decir\u201d"},"content":{"rendered":"<p>Entre el 9 y el 10 de agosto de 2018, se realiz\u00f3 el <strong>Segundo Seminario de Reflexi\u00f3n sobre Genocidio Ind\u00edgena en el Chaco Argentino<\/strong>, en Resistencia (Chaco) organizado por la Fundaci\u00f3n Napalp\u00ed e investigadoras\/es del CONICET. En la presentaci\u00f3n del programa pod\u00eda leerse: \u201cHay formas de violencia que no se visibilizan en masacres acotadas en tiempo y espacio, sino que silenciosamente emiten mensajes hacia ciertas v\u00edctimas, pero tambi\u00e9n hacia sus victimarios. Las poblaciones ind\u00edgenas sufren esas formas de violencia que en la larga duraci\u00f3n constituyen genocidios latentes, silenciosos e invisibles.\u201d<\/p>\n<p>All\u00ed la encontr\u00e9 a Bashe Nuhem (M\u00f3nica Charole), entre otras\/os referentes, l\u00edderes, docentes y activistas ind\u00edgenas que participaron o se acercaron para escuchar los debates de las mesas tem\u00e1ticas que abarcaron una diversidad de problem\u00e1ticas, entre ellas las violencias sexuales y de g\u00e9nero contra ni\u00f1as, j\u00f3venes y mujeres ind\u00edgenas en las provincias de Chaco, Salta y Jujuy.<\/p>\n<p>Bashe es una conocida referente qom, oriunda del Impenetrable, activista en las redes de comunicadores ind\u00edgenas, feminista, realizadora audiovisual y una de las organizadoras de los Festivales de Cine Ind\u00edgena que se realiza en Resistencia desde hace varios a\u00f1os. Hab\u00eda pasado tan solo un d\u00eda de la \u00faltima masiva vigilia que esperaba la aprobaci\u00f3n final del proyecto de Ley de Interrupci\u00f3n Voluntaria del Embarazo, que lamentablemente y debido a los posicionamientos retr\u00f3grados y patriarcales ya conocidos, no fue aprobado. Intrigada por si (y c\u00f3mo) se hab\u00eda desarrollado el debate por el derecho al aborto en algunas comunidades ind\u00edgenas del Chaco, tuvimos con Bashe la breve conversaci\u00f3n que sigue.<\/p>\n<p><strong>\u2013Bashe \u00bfde qu\u00e9 parte de la provincia del Chaco sos? \u00bfNacida y criada d\u00f3nde?<\/strong><\/p>\n<p><strong>\u2013<\/strong>Bueno, yo soy de la zona del Impenetrable. Nac\u00ed ah\u00ed y ah\u00ed me cri\u00e9. Pertenezco al pueblo qom, soy comunicadora social y tuve la suerte de poder estudiar la carrera, ac\u00e1 en Resistencia. Aparte de eso soy docente y actualmente estoy trabajando desde hace 8 a\u00f1os, en la coordinaci\u00f3n general de una organizaci\u00f3n que se dedica a temas \u00fanicamente de comunicaci\u00f3n ind\u00edgena. Nosotros acompa\u00f1amos todos los procesos que tienen que ver con la comunicaci\u00f3n y ya van a hacer tres a\u00f1os que estamos dictando talleres direccionados a todo el tema de g\u00e9nero. Nosotras \u2013al menos quienes estamos dentro de la organizaci\u00f3n y nos reconocemos como mujeres\u2013, celebramos que los compa\u00f1eros, hermanos y hermanas, acepten que toquemos temas tan controvertidos y que muchas veces no se tocan.<\/p>\n<p><strong> \u2013\u00bfComo cu\u00e1les?<\/strong><\/p>\n<p><strong>\u2013<\/strong>El tema de la trata, el tema de las violaciones e inclusive el problema de los abusos que hay dentro de las familias, un tema bastante complejo. Estos d\u00edas escuch\u00e9 a un senador decir que \u201cno es tan violento cuando la mujer padece esa situaci\u00f3n dentro de la familia\u201d y ahora por suerte se le est\u00e1 pidiendo la renuncia, se estaban juntando firmas. Bueno, la cuesti\u00f3n es que nosotras venimos trabajando en poder romper esta estigmatizaci\u00f3n que pesa sobre las mujeres, pues nosotras tambi\u00e9n tenemos mucho que decir. La participaci\u00f3n, si bien sigue siendo dif\u00edcil, vemos que tiene avances importantes.<\/p>\n<p><strong>\u2013\u00bfPodemos decir que la provincia del Chaco es pionera es promover algunos espacios para que las mujeres ind\u00edgenas comiencen a organizarse? <\/strong><\/p>\n<p><strong>\u2013<\/strong>Si, puede ser en parte, pero eso es m\u00e1s el producto de las propias luchas nuestras, como mujeres, porque a nosotras nunca nos facilitaron nada y eso las mujeres no ind\u00edgenas tambi\u00e9n lo padecen. Partiendo desde el sufragio nos niegan de todo\u2026 Nosotras como organizaci\u00f3n de comunicadores ind\u00edgenas tambi\u00e9n venimos llevando esta bandera de la despenalizaci\u00f3n del aborto, apoyando la despenalizaci\u00f3n, que lamentablemente no se dio. Pero esto no quiere decir que vamos a bajar nuestros brazos, porque as\u00ed como han dicho muchas compa\u00f1eras con las que venimos trabajando de manera conjunta en el escenario de la comunicaci\u00f3n, a nosotras nunca nos regalaron nada, siempre hemos estado en la calle para conquistar nuestros derechos y esto para nosotras reci\u00e9n comienza. Reci\u00e9n empieza y esta marea verde no da ni un paso atr\u00e1s.<\/p>\n<p><strong>\u2013Te quer\u00eda pedir si me podes volver a contar que pas\u00f3 con esa marcha que gener\u00f3 ciertos conflictos en una comunidad del Impenetrable.<\/strong><\/p>\n<p>Sucedi\u00f3 en la zona del Impenetrable, en un paraje que se llama Palo Santo. Ah\u00ed se hizo una peque\u00f1a marcha en favor de las dos vidas\u2026 Bueno, a nosotros nos sorprendi\u00f3 esta posici\u00f3n repentina por parte de algunas compa\u00f1eras porque en su momento, cuando nosotros hablamos del tema en la radio comunitaria, muchas compa\u00f1eras comenzaron a hablarlo tambi\u00e9n y eso es un avance, pero una colega periodista, Alejandra (no voy a dar el apellido), ella anduvo recorriendo la zona y diciendo a las comunidades, especialmente a las mujeres, que si apoyaban la despenalizaci\u00f3n del aborto, ni bien se aprobase \u2013si llegase el caso de aprobarse\u2013, todas las mujeres que estaban a favor de la despenalizaci\u00f3n, mujeres ind\u00edgenas, iban a ser \u201carrestadas\u201d al d\u00eda siguiente. A m\u00ed me parece una estupidez y una irresponsabilidad por parte de la compa\u00f1era, colega, difundir este tipo de comentarios que no son as\u00ed: las que estudiamos la materia, que sabemos tambi\u00e9n en profundidad el proyecto, sabemos que esto no es as\u00ed y sabemos que, por parte de los que defienden las dos vidas, tratan de intimidar a las comunidades y lamentablemente, adem\u00e1s existe la intimidaci\u00f3n por parte de las iglesias.<\/p>\n<p><strong> \u2013\u00bfCrees que esta compa\u00f1era pudo estar influenciada por alguna iglesia? <\/strong><\/p>\n<p>Si, ella es cat\u00f3lica, pero no solamente recorri\u00f3 esta zona, sino que tambi\u00e9n fue para Miraflores, donde viven mayoritariamente comunidades wichi. No tuvo \u00e9xito, porque hay posicionamientos distintos en este tema por la despenalizaci\u00f3n del aborto, pero me parece perfecto que haya dos l\u00edneas distintas de pensamiento, enriquece el debate. Yo invito a que las compa\u00f1eras que est\u00e1n en contra de la despenalizaci\u00f3n debatan con nosotras, nos expliquen c\u00f3mo van a salvar las dos vidas ahora que se ha negado la ley propuesta por el movimiento feminista, que empiecen a estudiar y a proponer \u2013que es lo falt\u00f3 durante todo este debate. Hemos escuchado cualquier estupidez estos meses de campa\u00f1a donde estuvimos apoyando la despenalizaci\u00f3n del aborto, hemos escuchado solamente agresiones y no propuestas concretas.<\/p>\n<p><strong>\u2013Bashe, en este sentido \u00bfqu\u00e9 podemos hacer el resto de las compa\u00f1eras que venimos siguiendo, comprendiendo los procesos organizativos y las problem\u00e1ticas que vienen discutiendo las mujeres originarias de distintos puntos del pa\u00eds, para darle visibilidad a esto que est\u00e1 ocurriendo? Pues, por lo que est\u00e1s contando, algunas mujeres originarias tambi\u00e9n est\u00e1n discutiendo la despenalizaci\u00f3n del aborto, hay debates y posicionamientos dentro de las comunidades; a pesar de la presi\u00f3n de las iglesias las mujeres toman posicionamientos aunque muchas veces no se pueden pronunciar en los espacios p\u00fablicos.<\/strong><\/p>\n<p><strong>\u2013<\/strong>A mi me parece tambi\u00e9n que es tiempo de seguir organiz\u00e1ndonos y romper esta barrera del miedo. A mi me cost\u00f3 mucho hablar de mi situaci\u00f3n personal, porque he padecido violencia sexual, me ha llevado muchos a\u00f1os poder contarlo pero ahora no me da pudor de decir \u201cyo fui v\u00edctima\u201d y a mi no me la cont\u00f3 nadie, yo la viv\u00ed\u2026<\/p>\n<p><strong>\u2013\u00bfA qu\u00e9 edad?<\/strong><\/p>\n<p>Yo ten\u00eda 18 a\u00f1os cuando me violaron 5 personas, lo que me dej\u00f3 un a\u00f1o sin poder levantarme de la cama. Fue una situaci\u00f3n bastante compleja, pero ac\u00e1 estoy y trabajando mucho en el tema del empoderamiento con las hermanas, con las compa\u00f1eras de los espacios, donde siempre estamos trabajando desde las comunidades ind\u00edgenas. Por eso siempre es importante contar con medios propios y que tambi\u00e9n los comunicadores y las comunicadoras empiecen a tratar estos temas. Si bien siguen siendo muy tab\u00fa dentro de las comunidades, ac\u00e1 en el norte de este pa\u00eds que es Argentina, lo estamos tratando el tema y si bien es dif\u00edcil, eso no quita que nosotras siempre vamos a estar ah\u00ed, al pie del ca\u00f1\u00f3n, defendiendo esto, lo que nosotras y nosotros hemos construido, la lucha y la conquista del derecho.<\/p>\n","protected":false},"excerpt":{"rendered":"<p>Entre el 9 y el 10 de agosto de 2018, se realiz\u00f3 el Segundo Seminario de Reflexi\u00f3n sobre Genocidio Ind\u00edgena en el Chaco Argentino, en Resistencia (Chaco) organizado por la Fundaci\u00f3n Napalp\u00ed e investigadoras\/es del CONICET. En la presentaci\u00f3n del&hellip;<\/p>\n","protected":false},"author":1611,"featured_media":803657,"comment_status":"closed","ping_status":"closed","sticky":false,"template":"","format":"standard","meta":{"footnotes":""},"categories":[11389,155,54515,80,67],"tags":[26,17291,4581,4332,10315,54148,54082,27815,22210,3058,18507],"class_list":["post-803653","post","type-post","status-publish","format-standard","has-post-thumbnail","hentry","category-contenido-original","category-entrevistas","category-genero-y-feminismos","category-pueblos-originarios","category-sudamerica","tag-argentina","tag-chaco","tag-comunicacion","tag-feminismo","tag-genocidio-es","tag-impenetrable","tag-indigenas-es","tag-mujer","tag-pueblos-originarios","tag-qom","tag-territorios"],"yoast_head":"<!-- This site is optimized with the Yoast SEO plugin v27.1.1 - https:\/\/yoast.com\/product\/yoast-seo-wordpress\/ -->\n<title>Bashe Nuhem, referente qom: \u201cNosotras tambi\u00e9n tenemos mucho que decir\u201d<\/title>\n<meta name=\"description\" content=\"Entre el 9 y el 10 de agosto de 2018, se realiz\u00f3 el Segundo Seminario de Reflexi\u00f3n sobre Genocidio Ind\u00edgena en el Chaco Argentino, en Resistencia (Chaco)\" \/>\n<meta name=\"robots\" content=\"index, follow, max-snippet:-1, max-image-preview:large, max-video-preview:-1\" \/>\n<link rel=\"canonical\" href=\"https:\/\/www.pressenza.com\/es\/2019\/02\/bashe-nuhem-referente-qom-nosotras-tambien-tenemos-mucho-que-decir\/\" \/>\n<meta property=\"og:locale\" content=\"es_ES\" \/>\n<meta property=\"og:type\" content=\"article\" \/>\n<meta property=\"og:title\" content=\"Bashe Nuhem, referente qom: \u201cNosotras tambi\u00e9n tenemos mucho que decir\u201d\" \/>\n<meta property=\"og:description\" content=\"Entre el 9 y el 10 de agosto de 2018, se realiz\u00f3 el Segundo Seminario de Reflexi\u00f3n sobre Genocidio Ind\u00edgena en el Chaco Argentino, en Resistencia (Chaco)\" \/>\n<meta property=\"og:url\" content=\"https:\/\/www.pressenza.com\/es\/2019\/02\/bashe-nuhem-referente-qom-nosotras-tambien-tenemos-mucho-que-decir\/\" \/>\n<meta property=\"og:site_name\" content=\"Pressenza\" \/>\n<meta property=\"article:publisher\" content=\"https:\/\/www.facebook.com\/PressenzaItalia\" \/>\n<meta property=\"article:published_time\" content=\"2019-02-07T20:33:41+00:00\" \/>\n<meta property=\"og:image\" content=\"https:\/\/www.pressenza.com\/wp-content\/uploads\/2019\/02\/Bashe-Nuhem.jpg\" \/>\n\t<meta property=\"og:image:width\" content=\"720\" \/>\n\t<meta property=\"og:image:height\" content=\"527\" \/>\n\t<meta property=\"og:image:type\" content=\"image\/jpeg\" \/>\n<meta name=\"author\" content=\"Mariana G\u00f3mez\" \/>\n<meta name=\"twitter:card\" content=\"summary_large_image\" \/>\n<meta name=\"twitter:creator\" content=\"@PressenzaIPA\" \/>\n<meta name=\"twitter:site\" content=\"@PressenzaIPA\" \/>\n<meta name=\"twitter:label1\" content=\"Escrito por\" \/>\n\t<meta name=\"twitter:data1\" content=\"Mariana G\u00f3mez\" \/>\n\t<meta name=\"twitter:label2\" content=\"Tiempo de lectura\" \/>\n\t<meta name=\"twitter:data2\" content=\"7 minutos\" \/>\n<script type=\"application\/ld+json\" class=\"yoast-schema-graph\">{\"@context\":\"https:\/\/schema.org\",\"@graph\":[{\"@type\":\"Article\",\"@id\":\"https:\/\/www.pressenza.com\/es\/2019\/02\/bashe-nuhem-referente-qom-nosotras-tambien-tenemos-mucho-que-decir\/#article\",\"isPartOf\":{\"@id\":\"https:\/\/www.pressenza.com\/es\/2019\/02\/bashe-nuhem-referente-qom-nosotras-tambien-tenemos-mucho-que-decir\/\"},\"author\":{\"name\":\"Mariana G\u00f3mez\",\"@id\":\"https:\/\/www.pressenza.com\/es\/#\/schema\/person\/2e1e5985dfe20e50738035a0209a11ba\"},\"headline\":\"Bashe Nuhem, referente qom: \u201cNosotras tambi\u00e9n tenemos mucho que decir\u201d\",\"datePublished\":\"2019-02-07T20:33:41+00:00\",\"mainEntityOfPage\":{\"@id\":\"https:\/\/www.pressenza.com\/es\/2019\/02\/bashe-nuhem-referente-qom-nosotras-tambien-tenemos-mucho-que-decir\/\"},\"wordCount\":1411,\"publisher\":{\"@id\":\"https:\/\/www.pressenza.com\/es\/#organization\"},\"image\":{\"@id\":\"https:\/\/www.pressenza.com\/es\/2019\/02\/bashe-nuhem-referente-qom-nosotras-tambien-tenemos-mucho-que-decir\/#primaryimage\"},\"thumbnailUrl\":\"https:\/\/www.pressenza.com\/wp-content\/uploads\/2019\/02\/Bashe-Nuhem.jpg\",\"keywords\":[\"Argentina\",\"Chaco\",\"comunicaci\u00f3n\",\"feminismo\",\"Genocidio\",\"Impenetrable\",\"indigenas\",\"mujer\",\"Pueblos Originarios\",\"Qom\",\"territorios\"],\"articleSection\":[\"Contenido Original\",\"Entrevistas\",\"G\u00e9nero y Feminismos\",\"Pueblos Originarios\",\"Sudam\u00e9rica\"],\"inLanguage\":\"es\"},{\"@type\":\"WebPage\",\"@id\":\"https:\/\/www.pressenza.com\/es\/2019\/02\/bashe-nuhem-referente-qom-nosotras-tambien-tenemos-mucho-que-decir\/\",\"url\":\"https:\/\/www.pressenza.com\/es\/2019\/02\/bashe-nuhem-referente-qom-nosotras-tambien-tenemos-mucho-que-decir\/\",\"name\":\"Bashe Nuhem, referente qom: \u201cNosotras tambi\u00e9n tenemos mucho que decir\u201d\",\"isPartOf\":{\"@id\":\"https:\/\/www.pressenza.com\/es\/#website\"},\"primaryImageOfPage\":{\"@id\":\"https:\/\/www.pressenza.com\/es\/2019\/02\/bashe-nuhem-referente-qom-nosotras-tambien-tenemos-mucho-que-decir\/#primaryimage\"},\"image\":{\"@id\":\"https:\/\/www.pressenza.com\/es\/2019\/02\/bashe-nuhem-referente-qom-nosotras-tambien-tenemos-mucho-que-decir\/#primaryimage\"},\"thumbnailUrl\":\"https:\/\/www.pressenza.com\/wp-content\/uploads\/2019\/02\/Bashe-Nuhem.jpg\",\"datePublished\":\"2019-02-07T20:33:41+00:00\",\"description\":\"Entre el 9 y el 10 de agosto de 2018, se realiz\u00f3 el Segundo Seminario de Reflexi\u00f3n sobre Genocidio Ind\u00edgena en el Chaco Argentino, en Resistencia (Chaco)\",\"breadcrumb\":{\"@id\":\"https:\/\/www.pressenza.com\/es\/2019\/02\/bashe-nuhem-referente-qom-nosotras-tambien-tenemos-mucho-que-decir\/#breadcrumb\"},\"inLanguage\":\"es\",\"potentialAction\":[{\"@type\":\"ReadAction\",\"target\":[\"https:\/\/www.pressenza.com\/es\/2019\/02\/bashe-nuhem-referente-qom-nosotras-tambien-tenemos-mucho-que-decir\/\"]}]},{\"@type\":\"ImageObject\",\"inLanguage\":\"es\",\"@id\":\"https:\/\/www.pressenza.com\/es\/2019\/02\/bashe-nuhem-referente-qom-nosotras-tambien-tenemos-mucho-que-decir\/#primaryimage\",\"url\":\"https:\/\/www.pressenza.com\/wp-content\/uploads\/2019\/02\/Bashe-Nuhem.jpg\",\"contentUrl\":\"https:\/\/www.pressenza.com\/wp-content\/uploads\/2019\/02\/Bashe-Nuhem.jpg\",\"width\":720,\"height\":527},{\"@type\":\"BreadcrumbList\",\"@id\":\"https:\/\/www.pressenza.com\/es\/2019\/02\/bashe-nuhem-referente-qom-nosotras-tambien-tenemos-mucho-que-decir\/#breadcrumb\",\"itemListElement\":[{\"@type\":\"ListItem\",\"position\":1,\"name\":\"Accueil\",\"item\":\"https:\/\/www.pressenza.com\/es\/\"},{\"@type\":\"ListItem\",\"position\":2,\"name\":\"Bashe Nuhem, referente qom: \u201cNosotras tambi\u00e9n tenemos mucho que decir\u201d\"}]},{\"@type\":\"WebSite\",\"@id\":\"https:\/\/www.pressenza.com\/es\/#website\",\"url\":\"https:\/\/www.pressenza.com\/es\/\",\"name\":\"Pressenza\",\"description\":\"International Press Agency\",\"publisher\":{\"@id\":\"https:\/\/www.pressenza.com\/es\/#organization\"},\"potentialAction\":[{\"@type\":\"SearchAction\",\"target\":{\"@type\":\"EntryPoint\",\"urlTemplate\":\"https:\/\/www.pressenza.com\/es\/?s={search_term_string}\"},\"query-input\":{\"@type\":\"PropertyValueSpecification\",\"valueRequired\":true,\"valueName\":\"search_term_string\"}}],\"inLanguage\":\"es\"},{\"@type\":\"Organization\",\"@id\":\"https:\/\/www.pressenza.com\/es\/#organization\",\"name\":\"Pressenza\",\"url\":\"https:\/\/www.pressenza.com\/es\/\",\"logo\":{\"@type\":\"ImageObject\",\"inLanguage\":\"es\",\"@id\":\"https:\/\/www.pressenza.com\/es\/#\/schema\/logo\/image\/\",\"url\":\"https:\/\/www.pressenza.com\/wp-content\/uploads\/2022\/10\/pressenza_logo_200x200.jpg\",\"contentUrl\":\"https:\/\/www.pressenza.com\/wp-content\/uploads\/2022\/10\/pressenza_logo_200x200.jpg\",\"width\":200,\"height\":200,\"caption\":\"Pressenza\"},\"image\":{\"@id\":\"https:\/\/www.pressenza.com\/es\/#\/schema\/logo\/image\/\"},\"sameAs\":[\"https:\/\/www.facebook.com\/PressenzaItalia\",\"https:\/\/x.com\/PressenzaIPA\"]},{\"@type\":\"Person\",\"@id\":\"https:\/\/www.pressenza.com\/es\/#\/schema\/person\/2e1e5985dfe20e50738035a0209a11ba\",\"name\":\"Mariana G\u00f3mez\",\"description\":\"Mariana G\u00f3mez es licenciada y doctora en Antropolog\u00eda (UBA). Se interesa en e investiga especialmente problem\u00e1ticas de g\u00e9nero y pueblos ind\u00edgenas: procesos identitarios de las mujeres originarias, sus formas de participaci\u00f3n pol\u00edtica, construcci\u00f3n general de g\u00e9nero, etc. Es autora del libro Guerreras y t\u00edmidas doncellas del Pilcomayo. Las mujeres tobas (qom) del oeste de Formosa (Biblos, 2016) y de otros trabajos disponibles en esta direcci\u00f3n: https:\/\/xn--facultaddefilosofayletras-8xc.academia.edu\/MarianaG%C3%B3mez\",\"url\":\"https:\/\/www.pressenza.com\/es\/author\/mariana-gomez\/\"}]}<\/script>\n<!-- \/ Yoast SEO plugin. -->","yoast_head_json":{"title":"Bashe Nuhem, referente qom: \u201cNosotras tambi\u00e9n tenemos mucho que decir\u201d","description":"Entre el 9 y el 10 de agosto de 2018, se realiz\u00f3 el Segundo Seminario de Reflexi\u00f3n sobre Genocidio Ind\u00edgena en el Chaco Argentino, en Resistencia (Chaco)","robots":{"index":"index","follow":"follow","max-snippet":"max-snippet:-1","max-image-preview":"max-image-preview:large","max-video-preview":"max-video-preview:-1"},"canonical":"https:\/\/www.pressenza.com\/es\/2019\/02\/bashe-nuhem-referente-qom-nosotras-tambien-tenemos-mucho-que-decir\/","og_locale":"es_ES","og_type":"article","og_title":"Bashe Nuhem, referente qom: \u201cNosotras tambi\u00e9n tenemos mucho que decir\u201d","og_description":"Entre el 9 y el 10 de agosto de 2018, se realiz\u00f3 el Segundo Seminario de Reflexi\u00f3n sobre Genocidio Ind\u00edgena en el Chaco Argentino, en Resistencia (Chaco)","og_url":"https:\/\/www.pressenza.com\/es\/2019\/02\/bashe-nuhem-referente-qom-nosotras-tambien-tenemos-mucho-que-decir\/","og_site_name":"Pressenza","article_publisher":"https:\/\/www.facebook.com\/PressenzaItalia","article_published_time":"2019-02-07T20:33:41+00:00","og_image":[{"width":720,"height":527,"url":"https:\/\/www.pressenza.com\/wp-content\/uploads\/2019\/02\/Bashe-Nuhem.jpg","type":"image\/jpeg"}],"author":"Mariana G\u00f3mez","twitter_card":"summary_large_image","twitter_creator":"@PressenzaIPA","twitter_site":"@PressenzaIPA","twitter_misc":{"Escrito por":"Mariana G\u00f3mez","Tiempo de lectura":"7 minutos"},"schema":{"@context":"https:\/\/schema.org","@graph":[{"@type":"Article","@id":"https:\/\/www.pressenza.com\/es\/2019\/02\/bashe-nuhem-referente-qom-nosotras-tambien-tenemos-mucho-que-decir\/#article","isPartOf":{"@id":"https:\/\/www.pressenza.com\/es\/2019\/02\/bashe-nuhem-referente-qom-nosotras-tambien-tenemos-mucho-que-decir\/"},"author":{"name":"Mariana G\u00f3mez","@id":"https:\/\/www.pressenza.com\/es\/#\/schema\/person\/2e1e5985dfe20e50738035a0209a11ba"},"headline":"Bashe Nuhem, referente qom: \u201cNosotras tambi\u00e9n tenemos mucho que decir\u201d","datePublished":"2019-02-07T20:33:41+00:00","mainEntityOfPage":{"@id":"https:\/\/www.pressenza.com\/es\/2019\/02\/bashe-nuhem-referente-qom-nosotras-tambien-tenemos-mucho-que-decir\/"},"wordCount":1411,"publisher":{"@id":"https:\/\/www.pressenza.com\/es\/#organization"},"image":{"@id":"https:\/\/www.pressenza.com\/es\/2019\/02\/bashe-nuhem-referente-qom-nosotras-tambien-tenemos-mucho-que-decir\/#primaryimage"},"thumbnailUrl":"https:\/\/www.pressenza.com\/wp-content\/uploads\/2019\/02\/Bashe-Nuhem.jpg","keywords":["Argentina","Chaco","comunicaci\u00f3n","feminismo","Genocidio","Impenetrable","indigenas","mujer","Pueblos Originarios","Qom","territorios"],"articleSection":["Contenido Original","Entrevistas","G\u00e9nero y Feminismos","Pueblos Originarios","Sudam\u00e9rica"],"inLanguage":"es"},{"@type":"WebPage","@id":"https:\/\/www.pressenza.com\/es\/2019\/02\/bashe-nuhem-referente-qom-nosotras-tambien-tenemos-mucho-que-decir\/","url":"https:\/\/www.pressenza.com\/es\/2019\/02\/bashe-nuhem-referente-qom-nosotras-tambien-tenemos-mucho-que-decir\/","name":"Bashe Nuhem, referente qom: \u201cNosotras tambi\u00e9n tenemos mucho que decir\u201d","isPartOf":{"@id":"https:\/\/www.pressenza.com\/es\/#website"},"primaryImageOfPage":{"@id":"https:\/\/www.pressenza.com\/es\/2019\/02\/bashe-nuhem-referente-qom-nosotras-tambien-tenemos-mucho-que-decir\/#primaryimage"},"image":{"@id":"https:\/\/www.pressenza.com\/es\/2019\/02\/bashe-nuhem-referente-qom-nosotras-tambien-tenemos-mucho-que-decir\/#primaryimage"},"thumbnailUrl":"https:\/\/www.pressenza.com\/wp-content\/uploads\/2019\/02\/Bashe-Nuhem.jpg","datePublished":"2019-02-07T20:33:41+00:00","description":"Entre el 9 y el 10 de agosto de 2018, se realiz\u00f3 el Segundo Seminario de Reflexi\u00f3n sobre Genocidio Ind\u00edgena en el Chaco Argentino, en Resistencia (Chaco)","breadcrumb":{"@id":"https:\/\/www.pressenza.com\/es\/2019\/02\/bashe-nuhem-referente-qom-nosotras-tambien-tenemos-mucho-que-decir\/#breadcrumb"},"inLanguage":"es","potentialAction":[{"@type":"ReadAction","target":["https:\/\/www.pressenza.com\/es\/2019\/02\/bashe-nuhem-referente-qom-nosotras-tambien-tenemos-mucho-que-decir\/"]}]},{"@type":"ImageObject","inLanguage":"es","@id":"https:\/\/www.pressenza.com\/es\/2019\/02\/bashe-nuhem-referente-qom-nosotras-tambien-tenemos-mucho-que-decir\/#primaryimage","url":"https:\/\/www.pressenza.com\/wp-content\/uploads\/2019\/02\/Bashe-Nuhem.jpg","contentUrl":"https:\/\/www.pressenza.com\/wp-content\/uploads\/2019\/02\/Bashe-Nuhem.jpg","width":720,"height":527},{"@type":"BreadcrumbList","@id":"https:\/\/www.pressenza.com\/es\/2019\/02\/bashe-nuhem-referente-qom-nosotras-tambien-tenemos-mucho-que-decir\/#breadcrumb","itemListElement":[{"@type":"ListItem","position":1,"name":"Accueil","item":"https:\/\/www.pressenza.com\/es\/"},{"@type":"ListItem","position":2,"name":"Bashe Nuhem, referente qom: \u201cNosotras tambi\u00e9n tenemos mucho que decir\u201d"}]},{"@type":"WebSite","@id":"https:\/\/www.pressenza.com\/es\/#website","url":"https:\/\/www.pressenza.com\/es\/","name":"Pressenza","description":"International Press Agency","publisher":{"@id":"https:\/\/www.pressenza.com\/es\/#organization"},"potentialAction":[{"@type":"SearchAction","target":{"@type":"EntryPoint","urlTemplate":"https:\/\/www.pressenza.com\/es\/?s={search_term_string}"},"query-input":{"@type":"PropertyValueSpecification","valueRequired":true,"valueName":"search_term_string"}}],"inLanguage":"es"},{"@type":"Organization","@id":"https:\/\/www.pressenza.com\/es\/#organization","name":"Pressenza","url":"https:\/\/www.pressenza.com\/es\/","logo":{"@type":"ImageObject","inLanguage":"es","@id":"https:\/\/www.pressenza.com\/es\/#\/schema\/logo\/image\/","url":"https:\/\/www.pressenza.com\/wp-content\/uploads\/2022\/10\/pressenza_logo_200x200.jpg","contentUrl":"https:\/\/www.pressenza.com\/wp-content\/uploads\/2022\/10\/pressenza_logo_200x200.jpg","width":200,"height":200,"caption":"Pressenza"},"image":{"@id":"https:\/\/www.pressenza.com\/es\/#\/schema\/logo\/image\/"},"sameAs":["https:\/\/www.facebook.com\/PressenzaItalia","https:\/\/x.com\/PressenzaIPA"]},{"@type":"Person","@id":"https:\/\/www.pressenza.com\/es\/#\/schema\/person\/2e1e5985dfe20e50738035a0209a11ba","name":"Mariana G\u00f3mez","description":"Mariana G\u00f3mez es licenciada y doctora en Antropolog\u00eda (UBA). Se interesa en e investiga especialmente problem\u00e1ticas de g\u00e9nero y pueblos ind\u00edgenas: procesos identitarios de las mujeres originarias, sus formas de participaci\u00f3n pol\u00edtica, construcci\u00f3n general de g\u00e9nero, etc. Es autora del libro Guerreras y t\u00edmidas doncellas del Pilcomayo. Las mujeres tobas (qom) del oeste de Formosa (Biblos, 2016) y de otros trabajos disponibles en esta direcci\u00f3n: https:\/\/xn--facultaddefilosofayletras-8xc.academia.edu\/MarianaG%C3%B3mez","url":"https:\/\/www.pressenza.com\/es\/author\/mariana-gomez\/"}]}},"place":"Ciudad de Buenos Aires, Argentina","original_article_url":"","_links":{"self":[{"href":"https:\/\/www.pressenza.com\/es\/wp-json\/wp\/v2\/posts\/803653","targetHints":{"allow":["GET"]}}],"collection":[{"href":"https:\/\/www.pressenza.com\/es\/wp-json\/wp\/v2\/posts"}],"about":[{"href":"https:\/\/www.pressenza.com\/es\/wp-json\/wp\/v2\/types\/post"}],"author":[{"embeddable":true,"href":"https:\/\/www.pressenza.com\/es\/wp-json\/wp\/v2\/users\/1611"}],"replies":[{"embeddable":true,"href":"https:\/\/www.pressenza.com\/es\/wp-json\/wp\/v2\/comments?post=803653"}],"version-history":[{"count":0,"href":"https:\/\/www.pressenza.com\/es\/wp-json\/wp\/v2\/posts\/803653\/revisions"}],"wp:featuredmedia":[{"embeddable":true,"href":"https:\/\/www.pressenza.com\/es\/wp-json\/wp\/v2\/media\/803657"}],"wp:attachment":[{"href":"https:\/\/www.pressenza.com\/es\/wp-json\/wp\/v2\/media?parent=803653"}],"wp:term":[{"taxonomy":"category","embeddable":true,"href":"https:\/\/www.pressenza.com\/es\/wp-json\/wp\/v2\/categories?post=803653"},{"taxonomy":"post_tag","embeddable":true,"href":"https:\/\/www.pressenza.com\/es\/wp-json\/wp\/v2\/tags?post=803653"}],"curies":[{"name":"wp","href":"https:\/\/api.w.org\/{rel}","templated":true}]}}