{"id":802068,"date":"2019-02-05T12:24:12","date_gmt":"2019-02-05T12:24:12","guid":{"rendered":"https:\/\/www.pressenza.com\/?p=802068"},"modified":"2019-02-06T20:49:37","modified_gmt":"2019-02-06T20:49:37","slug":"no-vamos-a-volver-al-biologicismo","status":"publish","type":"post","link":"https:\/\/www.pressenza.com\/es\/2019\/02\/no-vamos-a-volver-al-biologicismo\/","title":{"rendered":"No vamos a volver al biologicismo"},"content":{"rendered":"<p><em>Por<strong> Lx Negrx<\/strong><\/em><\/p>\n<p><strong>\u00bfQu\u00e9 dicen cuando dicen que el 8M es o deber\u00eda ser s\u00f3lo de mujeres? \u00bfQu\u00e9 se dice cuando esas palabras vienen cargadas de un biologicismo trans excluyente de los espacios de construcci\u00f3n colectiva? \u00bfPor qu\u00e9 hay feministas que se sienten m\u00e1s o menos habilitadxs a determinar cu\u00e1l o qui\u00e9n es el sujeto pol\u00edtico del feminismo? En principio, deber\u00edamos pensar qu\u00e9 esconden ciertos mensajes cargados de odio, excluyentes, descalificantes. Porque esos viejos discursos \u201cnuevos\u201d, no son s\u00f3lo palabras lanzadas al vac\u00edo. Tienen una historia, tienen una continuidad y si algo aprendimos les feministas es a tejer con nuestro pasado y nuestro\u00a0futuro.<\/strong><\/p>\n<p>Un sector del feminismo que se autodenomina feminismo radical tiene como base ideol\u00f3gica una posici\u00f3n biologicista. Esto implica lo siguiente: pensar un sistema de repartici\u00f3n de lugares\/privilegios en la organizaci\u00f3n social y pol\u00edtica desde una concepci\u00f3n netamente biol\u00f3gica. \u00bfSuena raro? No, para nada, ya lo ha hecho el nazismo en su momento y es uno de los motores hist\u00f3ricos del racismo en general. Implica que habemos cuerpos y vidas, que tenemos diferentes valores en escalas que van desde \u201clo deseable\u201d a lo aniquilable. Que hay quienes somos reconocides como sujetos de derecho y actorxs pol\u00edticos y quienes no llegamos a esa categor\u00eda de humanidad necesaria.<\/p>\n<p>Y si bien, estos sectores del feminismo suelen apuntar abiertamente a las personas trans femeninas, masculinas, no binarias, ag\u00e9nero, g\u00e9neros fluidos y a las travas, como ajenxs al movimiento y a quienes quieren fuera de \u00e9l, tambi\u00e9n esconden en su discurso una moral sexual que indirectamente apunta a todxs quienes no tengan pr\u00e1cticas heterosexuales. Claro, es una moral que se aplica menos punitivamente al resto de las disidencias que a trans y travas, pero que en definitiva privilegia la heterosexualidad como forma de vinculaci\u00f3n sexual v\u00e1lida y jam\u00e1s es evaluada como una forma m\u00e1s de opresi\u00f3n.<\/p>\n<p>De esta manera y reproduciendo l\u00f3gicas patriarcales, estos sectores del feminismo plantean que personas trans, travas y otras identidades no heg\u00e9monicas (es decir distintas a mujeres cis) deben ser excluidas de los movimientos feministas. No se nos reconoce como sujetxs pol\u00edticos del feminismo y mucho menos como aliadxs ante las opresiones a las que el patriarcado nos somete a todxs.<\/p>\n<p>Cabr\u00eda preguntarnos entonces: \u00bfC\u00f3mo es posible un feminismo que piensa \u00fanicamente a las cis mujeres (privilegiando a las heterosexuales dentro de \u00e9l) como el sujeto pol\u00edtico del mismo feminismo que pretende cambiarlo todo? Bueno, es evidente que no todo quiere ser cambiado. Como un movimiento que lejos de cambiarlo todo \u2013todo eso que nos mata\u2013 s\u00f3lo viene a disciplinar nuestros cuerpos, nuestras camas y nuestros deseos. Suena bastante a otra miope pol\u00edtica identitaria que lejos de querer emanciparnos de todo a todxs, s\u00f3lo quiere disputar su peque\u00f1a porci\u00f3n de poder en la fiesta capitalista y que para ello legitima un separatismo esencialista o biologicista, como medida de todas las cosas. Como si la portaci\u00f3n de vulva fuera de alguna forma, la garant\u00eda de que compartimos opresiones y que lxs dem\u00e1s, por no poseerla o por identificarse como trans masculinidad, no binarix, etc, encarnaran directamente al mism\u00edsimo patriarcado.<\/p>\n<p>Imag\u00ednense, amigues feministas, que este mismo recurso se aplicara a personas negras. Si hubiera en la entrada a nuestros espacios de organizaci\u00f3n una escala crom\u00e1tica de tonalidades que admitiesen s\u00f3lo a blanquitxs. \u00bfLo bancar\u00edamos? \u00bfLlamar\u00edamos a nuestrxs compas negrxs a \u201cser tolerantes\u201d con las ideolog\u00edas que se plasman en dicha escala? Porque adem\u00e1s sucede eso, se nos tilda de intolerantes a quienes denunciamos estas violencias. Pareciera que hay que respetar las opiniones de aquellas que vienen a decirnos qui\u00e9nes podemos o no habitar y producir el feminismo.<\/p>\n<p>En la primer asamblea del 8M del a\u00f1o pasado, un grupo de lesbianas y personas trans, pidieron a la Asamblea que se pronunciara antibiologicista y se denunciaran la violencias de las que eran v\u00edctimas (especialmente) trans y travas por parte de estos sectores radicales. A la fecha seguimos proponiendo lo mismo, no podemos apoyar a un feminismo esencialista, biologicista y trans excluyente que privilegie unas vidas sobre otras. Cambiarlo todo incluye poner fin a los discursos de odio que se reproducen en nuestros propios espacios.<\/p>\n","protected":false},"excerpt":{"rendered":"<p>Por Lx Negrx \u00bfQu\u00e9 dicen cuando dicen que el 8M es o deber\u00eda ser s\u00f3lo de mujeres? \u00bfQu\u00e9 se dice cuando esas palabras vienen cargadas de un biologicismo trans excluyente de los espacios de construcci\u00f3n colectiva? \u00bfPor qu\u00e9 hay feministas&hellip;<\/p>\n","protected":false},"author":1254,"featured_media":802069,"comment_status":"closed","ping_status":"closed","sticky":false,"template":"","format":"standard","meta":{"footnotes":""},"categories":[1241,54515,161,67],"tags":[54360,44232,503,1025],"class_list":["post-802068","post","type-post","status-publish","format-standard","has-post-thumbnail","hentry","category-diversidad","category-genero-y-feminismos","category-opiniones","category-sudamerica","tag-8m-es","tag-feminismos","tag-genero","tag-mujeres"],"yoast_head":"<!-- This site is optimized with the Yoast SEO plugin v27.1.1 - https:\/\/yoast.com\/product\/yoast-seo-wordpress\/ -->\n<title>No vamos a volver al biologicismo<\/title>\n<meta name=\"description\" content=\"Por Lx Negrx \u00bfQu\u00e9 dicen cuando dicen que el 8M es o deber\u00eda ser s\u00f3lo de mujeres? \u00bfQu\u00e9 se dice cuando esas palabras vienen cargadas de un biologicismo\" \/>\n<meta name=\"robots\" content=\"index, follow, max-snippet:-1, max-image-preview:large, max-video-preview:-1\" \/>\n<link rel=\"canonical\" href=\"https:\/\/www.pressenza.com\/es\/2019\/02\/no-vamos-a-volver-al-biologicismo\/\" \/>\n<meta property=\"og:locale\" content=\"es_ES\" \/>\n<meta property=\"og:type\" content=\"article\" \/>\n<meta property=\"og:title\" content=\"No vamos a volver al biologicismo\" \/>\n<meta property=\"og:description\" content=\"Por Lx Negrx \u00bfQu\u00e9 dicen cuando dicen que el 8M es o deber\u00eda ser s\u00f3lo de mujeres? \u00bfQu\u00e9 se dice cuando esas palabras vienen cargadas de un biologicismo\" \/>\n<meta property=\"og:url\" content=\"https:\/\/www.pressenza.com\/es\/2019\/02\/no-vamos-a-volver-al-biologicismo\/\" \/>\n<meta property=\"og:site_name\" content=\"Pressenza\" \/>\n<meta property=\"article:publisher\" content=\"https:\/\/www.facebook.com\/PressenzaItalia\" \/>\n<meta property=\"article:author\" content=\"https:\/\/www.facebook.com\/pressenza\" \/>\n<meta property=\"article:published_time\" content=\"2019-02-05T12:24:12+00:00\" \/>\n<meta property=\"article:modified_time\" content=\"2019-02-06T20:49:37+00:00\" \/>\n<meta property=\"og:image\" content=\"https:\/\/www.pressenza.com\/wp-content\/uploads\/2019\/02\/mujeres-LBTGI-emergentes.jpg\" \/>\n\t<meta property=\"og:image:width\" content=\"1024\" \/>\n\t<meta property=\"og:image:height\" content=\"682\" \/>\n\t<meta property=\"og:image:type\" content=\"image\/jpeg\" \/>\n<meta name=\"author\" content=\"Redacci\u00f3n Mar del Plata\" \/>\n<meta name=\"twitter:card\" content=\"summary_large_image\" \/>\n<meta name=\"twitter:creator\" content=\"@Pressenza\" \/>\n<meta name=\"twitter:site\" content=\"@PressenzaIPA\" \/>\n<meta name=\"twitter:label1\" content=\"Escrito por\" \/>\n\t<meta name=\"twitter:data1\" content=\"Redacci\u00f3n Mar del Plata\" \/>\n\t<meta name=\"twitter:label2\" content=\"Tiempo de lectura\" \/>\n\t<meta name=\"twitter:data2\" content=\"4 minutos\" \/>\n<script type=\"application\/ld+json\" class=\"yoast-schema-graph\">{\"@context\":\"https:\/\/schema.org\",\"@graph\":[{\"@type\":\"Article\",\"@id\":\"https:\/\/www.pressenza.com\/es\/2019\/02\/no-vamos-a-volver-al-biologicismo\/#article\",\"isPartOf\":{\"@id\":\"https:\/\/www.pressenza.com\/es\/2019\/02\/no-vamos-a-volver-al-biologicismo\/\"},\"author\":{\"name\":\"Redacci\u00f3n Mar del Plata\",\"@id\":\"https:\/\/www.pressenza.com\/es\/#\/schema\/person\/738658b5125ecea661a8a0b96dba8b69\"},\"headline\":\"No vamos a volver al biologicismo\",\"datePublished\":\"2019-02-05T12:24:12+00:00\",\"dateModified\":\"2019-02-06T20:49:37+00:00\",\"mainEntityOfPage\":{\"@id\":\"https:\/\/www.pressenza.com\/es\/2019\/02\/no-vamos-a-volver-al-biologicismo\/\"},\"wordCount\":746,\"publisher\":{\"@id\":\"https:\/\/www.pressenza.com\/es\/#organization\"},\"image\":{\"@id\":\"https:\/\/www.pressenza.com\/es\/2019\/02\/no-vamos-a-volver-al-biologicismo\/#primaryimage\"},\"thumbnailUrl\":\"https:\/\/www.pressenza.com\/wp-content\/uploads\/2019\/02\/mujeres-LBTGI-emergentes.jpg\",\"keywords\":[\"8M\",\"feminismos\",\"G\u00e9nero\",\"Mujeres\"],\"articleSection\":[\"Diversidad\",\"G\u00e9nero y Feminismos\",\"Opiniones\",\"Sudam\u00e9rica\"],\"inLanguage\":\"es\"},{\"@type\":\"WebPage\",\"@id\":\"https:\/\/www.pressenza.com\/es\/2019\/02\/no-vamos-a-volver-al-biologicismo\/\",\"url\":\"https:\/\/www.pressenza.com\/es\/2019\/02\/no-vamos-a-volver-al-biologicismo\/\",\"name\":\"No vamos a volver al biologicismo\",\"isPartOf\":{\"@id\":\"https:\/\/www.pressenza.com\/es\/#website\"},\"primaryImageOfPage\":{\"@id\":\"https:\/\/www.pressenza.com\/es\/2019\/02\/no-vamos-a-volver-al-biologicismo\/#primaryimage\"},\"image\":{\"@id\":\"https:\/\/www.pressenza.com\/es\/2019\/02\/no-vamos-a-volver-al-biologicismo\/#primaryimage\"},\"thumbnailUrl\":\"https:\/\/www.pressenza.com\/wp-content\/uploads\/2019\/02\/mujeres-LBTGI-emergentes.jpg\",\"datePublished\":\"2019-02-05T12:24:12+00:00\",\"dateModified\":\"2019-02-06T20:49:37+00:00\",\"description\":\"Por Lx Negrx \u00bfQu\u00e9 dicen cuando dicen que el 8M es o deber\u00eda ser s\u00f3lo de mujeres? \u00bfQu\u00e9 se dice cuando esas palabras vienen cargadas de un biologicismo\",\"breadcrumb\":{\"@id\":\"https:\/\/www.pressenza.com\/es\/2019\/02\/no-vamos-a-volver-al-biologicismo\/#breadcrumb\"},\"inLanguage\":\"es\",\"potentialAction\":[{\"@type\":\"ReadAction\",\"target\":[\"https:\/\/www.pressenza.com\/es\/2019\/02\/no-vamos-a-volver-al-biologicismo\/\"]}]},{\"@type\":\"ImageObject\",\"inLanguage\":\"es\",\"@id\":\"https:\/\/www.pressenza.com\/es\/2019\/02\/no-vamos-a-volver-al-biologicismo\/#primaryimage\",\"url\":\"https:\/\/www.pressenza.com\/wp-content\/uploads\/2019\/02\/mujeres-LBTGI-emergentes.jpg\",\"contentUrl\":\"https:\/\/www.pressenza.com\/wp-content\/uploads\/2019\/02\/mujeres-LBTGI-emergentes.jpg\",\"width\":1024,\"height\":682},{\"@type\":\"BreadcrumbList\",\"@id\":\"https:\/\/www.pressenza.com\/es\/2019\/02\/no-vamos-a-volver-al-biologicismo\/#breadcrumb\",\"itemListElement\":[{\"@type\":\"ListItem\",\"position\":1,\"name\":\"Accueil\",\"item\":\"https:\/\/www.pressenza.com\/es\/\"},{\"@type\":\"ListItem\",\"position\":2,\"name\":\"No vamos a volver al biologicismo\"}]},{\"@type\":\"WebSite\",\"@id\":\"https:\/\/www.pressenza.com\/es\/#website\",\"url\":\"https:\/\/www.pressenza.com\/es\/\",\"name\":\"Pressenza\",\"description\":\"International Press Agency\",\"publisher\":{\"@id\":\"https:\/\/www.pressenza.com\/es\/#organization\"},\"potentialAction\":[{\"@type\":\"SearchAction\",\"target\":{\"@type\":\"EntryPoint\",\"urlTemplate\":\"https:\/\/www.pressenza.com\/es\/?s={search_term_string}\"},\"query-input\":{\"@type\":\"PropertyValueSpecification\",\"valueRequired\":true,\"valueName\":\"search_term_string\"}}],\"inLanguage\":\"es\"},{\"@type\":\"Organization\",\"@id\":\"https:\/\/www.pressenza.com\/es\/#organization\",\"name\":\"Pressenza\",\"url\":\"https:\/\/www.pressenza.com\/es\/\",\"logo\":{\"@type\":\"ImageObject\",\"inLanguage\":\"es\",\"@id\":\"https:\/\/www.pressenza.com\/es\/#\/schema\/logo\/image\/\",\"url\":\"https:\/\/www.pressenza.com\/wp-content\/uploads\/2022\/10\/pressenza_logo_200x200.jpg\",\"contentUrl\":\"https:\/\/www.pressenza.com\/wp-content\/uploads\/2022\/10\/pressenza_logo_200x200.jpg\",\"width\":200,\"height\":200,\"caption\":\"Pressenza\"},\"image\":{\"@id\":\"https:\/\/www.pressenza.com\/es\/#\/schema\/logo\/image\/\"},\"sameAs\":[\"https:\/\/www.facebook.com\/PressenzaItalia\",\"https:\/\/x.com\/PressenzaIPA\"]},{\"@type\":\"Person\",\"@id\":\"https:\/\/www.pressenza.com\/es\/#\/schema\/person\/738658b5125ecea661a8a0b96dba8b69\",\"name\":\"Redacci\u00f3n Mar del Plata\",\"description\":\"News published by the Pressenza bureau in Mar Del Plata, Argentina\",\"sameAs\":[\"https:\/\/www.facebook.com\/pressenza\",\"https:\/\/x.com\/Pressenza\"],\"url\":\"https:\/\/www.pressenza.com\/es\/author\/redaccion-mar-del-plata\/\"}]}<\/script>\n<!-- \/ Yoast SEO plugin. -->","yoast_head_json":{"title":"No vamos a volver al biologicismo","description":"Por Lx Negrx \u00bfQu\u00e9 dicen cuando dicen que el 8M es o deber\u00eda ser s\u00f3lo de mujeres? \u00bfQu\u00e9 se dice cuando esas palabras vienen cargadas de un biologicismo","robots":{"index":"index","follow":"follow","max-snippet":"max-snippet:-1","max-image-preview":"max-image-preview:large","max-video-preview":"max-video-preview:-1"},"canonical":"https:\/\/www.pressenza.com\/es\/2019\/02\/no-vamos-a-volver-al-biologicismo\/","og_locale":"es_ES","og_type":"article","og_title":"No vamos a volver al biologicismo","og_description":"Por Lx Negrx \u00bfQu\u00e9 dicen cuando dicen que el 8M es o deber\u00eda ser s\u00f3lo de mujeres? \u00bfQu\u00e9 se dice cuando esas palabras vienen cargadas de un biologicismo","og_url":"https:\/\/www.pressenza.com\/es\/2019\/02\/no-vamos-a-volver-al-biologicismo\/","og_site_name":"Pressenza","article_publisher":"https:\/\/www.facebook.com\/PressenzaItalia","article_author":"https:\/\/www.facebook.com\/pressenza","article_published_time":"2019-02-05T12:24:12+00:00","article_modified_time":"2019-02-06T20:49:37+00:00","og_image":[{"width":1024,"height":682,"url":"https:\/\/www.pressenza.com\/wp-content\/uploads\/2019\/02\/mujeres-LBTGI-emergentes.jpg","type":"image\/jpeg"}],"author":"Redacci\u00f3n Mar del Plata","twitter_card":"summary_large_image","twitter_creator":"@Pressenza","twitter_site":"@PressenzaIPA","twitter_misc":{"Escrito por":"Redacci\u00f3n Mar del Plata","Tiempo de lectura":"4 minutos"},"schema":{"@context":"https:\/\/schema.org","@graph":[{"@type":"Article","@id":"https:\/\/www.pressenza.com\/es\/2019\/02\/no-vamos-a-volver-al-biologicismo\/#article","isPartOf":{"@id":"https:\/\/www.pressenza.com\/es\/2019\/02\/no-vamos-a-volver-al-biologicismo\/"},"author":{"name":"Redacci\u00f3n Mar del Plata","@id":"https:\/\/www.pressenza.com\/es\/#\/schema\/person\/738658b5125ecea661a8a0b96dba8b69"},"headline":"No vamos a volver al biologicismo","datePublished":"2019-02-05T12:24:12+00:00","dateModified":"2019-02-06T20:49:37+00:00","mainEntityOfPage":{"@id":"https:\/\/www.pressenza.com\/es\/2019\/02\/no-vamos-a-volver-al-biologicismo\/"},"wordCount":746,"publisher":{"@id":"https:\/\/www.pressenza.com\/es\/#organization"},"image":{"@id":"https:\/\/www.pressenza.com\/es\/2019\/02\/no-vamos-a-volver-al-biologicismo\/#primaryimage"},"thumbnailUrl":"https:\/\/www.pressenza.com\/wp-content\/uploads\/2019\/02\/mujeres-LBTGI-emergentes.jpg","keywords":["8M","feminismos","G\u00e9nero","Mujeres"],"articleSection":["Diversidad","G\u00e9nero y Feminismos","Opiniones","Sudam\u00e9rica"],"inLanguage":"es"},{"@type":"WebPage","@id":"https:\/\/www.pressenza.com\/es\/2019\/02\/no-vamos-a-volver-al-biologicismo\/","url":"https:\/\/www.pressenza.com\/es\/2019\/02\/no-vamos-a-volver-al-biologicismo\/","name":"No vamos a volver al biologicismo","isPartOf":{"@id":"https:\/\/www.pressenza.com\/es\/#website"},"primaryImageOfPage":{"@id":"https:\/\/www.pressenza.com\/es\/2019\/02\/no-vamos-a-volver-al-biologicismo\/#primaryimage"},"image":{"@id":"https:\/\/www.pressenza.com\/es\/2019\/02\/no-vamos-a-volver-al-biologicismo\/#primaryimage"},"thumbnailUrl":"https:\/\/www.pressenza.com\/wp-content\/uploads\/2019\/02\/mujeres-LBTGI-emergentes.jpg","datePublished":"2019-02-05T12:24:12+00:00","dateModified":"2019-02-06T20:49:37+00:00","description":"Por Lx Negrx \u00bfQu\u00e9 dicen cuando dicen que el 8M es o deber\u00eda ser s\u00f3lo de mujeres? \u00bfQu\u00e9 se dice cuando esas palabras vienen cargadas de un biologicismo","breadcrumb":{"@id":"https:\/\/www.pressenza.com\/es\/2019\/02\/no-vamos-a-volver-al-biologicismo\/#breadcrumb"},"inLanguage":"es","potentialAction":[{"@type":"ReadAction","target":["https:\/\/www.pressenza.com\/es\/2019\/02\/no-vamos-a-volver-al-biologicismo\/"]}]},{"@type":"ImageObject","inLanguage":"es","@id":"https:\/\/www.pressenza.com\/es\/2019\/02\/no-vamos-a-volver-al-biologicismo\/#primaryimage","url":"https:\/\/www.pressenza.com\/wp-content\/uploads\/2019\/02\/mujeres-LBTGI-emergentes.jpg","contentUrl":"https:\/\/www.pressenza.com\/wp-content\/uploads\/2019\/02\/mujeres-LBTGI-emergentes.jpg","width":1024,"height":682},{"@type":"BreadcrumbList","@id":"https:\/\/www.pressenza.com\/es\/2019\/02\/no-vamos-a-volver-al-biologicismo\/#breadcrumb","itemListElement":[{"@type":"ListItem","position":1,"name":"Accueil","item":"https:\/\/www.pressenza.com\/es\/"},{"@type":"ListItem","position":2,"name":"No vamos a volver al biologicismo"}]},{"@type":"WebSite","@id":"https:\/\/www.pressenza.com\/es\/#website","url":"https:\/\/www.pressenza.com\/es\/","name":"Pressenza","description":"International Press Agency","publisher":{"@id":"https:\/\/www.pressenza.com\/es\/#organization"},"potentialAction":[{"@type":"SearchAction","target":{"@type":"EntryPoint","urlTemplate":"https:\/\/www.pressenza.com\/es\/?s={search_term_string}"},"query-input":{"@type":"PropertyValueSpecification","valueRequired":true,"valueName":"search_term_string"}}],"inLanguage":"es"},{"@type":"Organization","@id":"https:\/\/www.pressenza.com\/es\/#organization","name":"Pressenza","url":"https:\/\/www.pressenza.com\/es\/","logo":{"@type":"ImageObject","inLanguage":"es","@id":"https:\/\/www.pressenza.com\/es\/#\/schema\/logo\/image\/","url":"https:\/\/www.pressenza.com\/wp-content\/uploads\/2022\/10\/pressenza_logo_200x200.jpg","contentUrl":"https:\/\/www.pressenza.com\/wp-content\/uploads\/2022\/10\/pressenza_logo_200x200.jpg","width":200,"height":200,"caption":"Pressenza"},"image":{"@id":"https:\/\/www.pressenza.com\/es\/#\/schema\/logo\/image\/"},"sameAs":["https:\/\/www.facebook.com\/PressenzaItalia","https:\/\/x.com\/PressenzaIPA"]},{"@type":"Person","@id":"https:\/\/www.pressenza.com\/es\/#\/schema\/person\/738658b5125ecea661a8a0b96dba8b69","name":"Redacci\u00f3n Mar del Plata","description":"News published by the Pressenza bureau in Mar Del Plata, Argentina","sameAs":["https:\/\/www.facebook.com\/pressenza","https:\/\/x.com\/Pressenza"],"url":"https:\/\/www.pressenza.com\/es\/author\/redaccion-mar-del-plata\/"}]}},"place":"Mar del Plata, Argentina.","original_article_url":"https:\/\/emergentes.com.ar\/no-vamos-a-volver-al-biologicismo-47fe6b7b690c?fbclid=IwAR1ebYX_W592rqLXPLB62hUZ5nV9rSdTDbDww74tFJ6laeqHgaS6na5QCn8","_links":{"self":[{"href":"https:\/\/www.pressenza.com\/es\/wp-json\/wp\/v2\/posts\/802068","targetHints":{"allow":["GET"]}}],"collection":[{"href":"https:\/\/www.pressenza.com\/es\/wp-json\/wp\/v2\/posts"}],"about":[{"href":"https:\/\/www.pressenza.com\/es\/wp-json\/wp\/v2\/types\/post"}],"author":[{"embeddable":true,"href":"https:\/\/www.pressenza.com\/es\/wp-json\/wp\/v2\/users\/1254"}],"replies":[{"embeddable":true,"href":"https:\/\/www.pressenza.com\/es\/wp-json\/wp\/v2\/comments?post=802068"}],"version-history":[{"count":0,"href":"https:\/\/www.pressenza.com\/es\/wp-json\/wp\/v2\/posts\/802068\/revisions"}],"wp:featuredmedia":[{"embeddable":true,"href":"https:\/\/www.pressenza.com\/es\/wp-json\/wp\/v2\/media\/802069"}],"wp:attachment":[{"href":"https:\/\/www.pressenza.com\/es\/wp-json\/wp\/v2\/media?parent=802068"}],"wp:term":[{"taxonomy":"category","embeddable":true,"href":"https:\/\/www.pressenza.com\/es\/wp-json\/wp\/v2\/categories?post=802068"},{"taxonomy":"post_tag","embeddable":true,"href":"https:\/\/www.pressenza.com\/es\/wp-json\/wp\/v2\/tags?post=802068"}],"curies":[{"name":"wp","href":"https:\/\/api.w.org\/{rel}","templated":true}]}}