{"id":802018,"date":"2019-02-05T02:47:18","date_gmt":"2019-02-05T02:47:18","guid":{"rendered":"https:\/\/www.pressenza.com\/?p=802018"},"modified":"2019-02-05T02:47:55","modified_gmt":"2019-02-05T02:47:55","slug":"elecciones-en-el-salvador-el-fmln-ha-sufrido-el-mas-fuerte-reves-en-tiempos-electorales","status":"publish","type":"post","link":"https:\/\/www.pressenza.com\/es\/2019\/02\/elecciones-en-el-salvador-el-fmln-ha-sufrido-el-mas-fuerte-reves-en-tiempos-electorales\/","title":{"rendered":"Elecciones en El Salvador: \u00abEl FMLN ha sufrido el m\u00e1s fuerte rev\u00e9s en tiempos electorales\u00bb"},"content":{"rendered":"<p><em>Por<strong> Pedro Brieger<\/strong><\/em><\/p>\n<p><strong>El Salvador. Franklin Selva, experto en encuestas pol\u00edticas: \u201cEl FMLN perdi\u00f3 la oportunidad delegada por el voto endosado por m\u00e1s de 1.3 millones de votantes en 2009\u201d<\/strong><\/p>\n<p>El domingo 3 de febrero se realizaron las elecciones presidenciales en El Salvador donde triunf\u00f3 en primera vuelta con el 53% de los votos Nayib Bukele, el candidato del partido GANA. El tradicional partido de derecha ARENA qued\u00f3 en segundo lugar con casi el 32% de los votos y el\u00a0Frente Farabundo Mart\u00ed para la Liberaci\u00f3n Nacional \u2013FMLN\u2013, despu\u00e9s de m\u00e1s de una d\u00e9cada en el gobierno,\u00a0 obtuvo el 14% de los votos, quedando en tercer lugar. Sin embargo, en las elecciones legislativas realizadas en 2018 GANA apenas sali\u00f3 en tercer lugar detr\u00e1s del FMLN y ARENA, que se convirti\u00f3 en la primera minor\u00eda sin lograr la mayor\u00eda absoluta.<\/p>\n<p>Para entender el por qu\u00e9 de la victoria de Nayib Bukele, los cambios del electorado y la ca\u00edda del FMLN, NODAL dialog\u00f3 con Franklin Selva, comunicador social y experto en encuestas pol\u00edticas.<\/p>\n<p><strong>\u2013En las elecciones presidenciales de 2014, el Frente Farabundo Mart\u00ed para la Liberaci\u00f3n Nacional hab\u00eda triunfado con m\u00e1s del 50% de los votos en segunda vuelta \u00bfC\u00f3mo se explica la derrota del\u00a0FMLN en los recientes comicios celebrados en El Salvador?<\/strong><\/p>\n<p>\u2013Recientemente El Salvador vivi\u00f3 una jornada electoral muy at\u00edpica, no en el sentido del proceso o la forma de votar, m\u00e1s bien en los m\u00e9todos de convocatoria y presentaci\u00f3n de propuestas, si as\u00ed se quiere ver. Esta vez el FMLN, la fuerza pol\u00edtica de izquierda m\u00e1s grande y organizada en la historia de El Salvador, ha sufrido el m\u00e1s fuerte rev\u00e9s en tiempos electorales. Justo al cumplirse 25 a\u00f1os de su primera participaci\u00f3n electoral despu\u00e9s de la transici\u00f3n de guerrilla a partido pol\u00edtico.<\/p>\n<p>Los mensajes son claros: El FMLN perdi\u00f3 la oportunidad delegada por el voto endosado por m\u00e1s de 1.3 millones de votantes en 2009, elecci\u00f3n que gan\u00f3 y lo llev\u00f3 por primera vez a la silla presidencial, con un candidato for\u00e1neo, bajo el lema de la esperanza. En esa ocasi\u00f3n, el Frente tuvo que ir a la contienda contra toda la derecha unida bajo una sola bandera: La de ARENA. En 2014, la elecci\u00f3n presidencial signific\u00f3 para el FMLN casi 1.5 millones de votantes en la segunda vuelta, hasta entonces, ARENA, que ven\u00eda de una ruptura interna, segu\u00eda siendo su principal contrincante. Abajo, en un tercer lugar, GANA el partido que naci\u00f3 como \u201cla nueva derecha\u201d despu\u00e9s de la derrota de ARENA hab\u00eda acumulado apenas 307 mil votos. Cinco a\u00f1os despu\u00e9s, con una derrota hist\u00f3rica, el FMLN que perdi\u00f3 1.1 millones de votos, respecto a la \u00faltima presidencial de 2014, frente a GANA, que no dud\u00f3 en servir como veh\u00edculo electoral para ofrecer una nueva opci\u00f3n que las encuestas ya daban como favorita.<\/p>\n<p><strong>\u2013\u00bfDe qu\u00e9 manera el presidente electo Nayib Bukele logr\u00f3 pasar en menos de un a\u00f1o del 6% del electorado al 53%? \u00bfQu\u00e9 factores incidieron en este giro de la pol\u00edtica salvadore\u00f1a donde el triunfo qued\u00f3 en manos de un candidato que no representaba ni a la izquierda ni a la derecha tradicional?<\/strong><\/p>\n<p>\u2013Dos elementos comunicacionales fueron claves para el retorno de la derecha al pa\u00eds: El desgaste de las opciones pol\u00edticas y el discurso de la no ideolog\u00eda.\u00a0 El mensaje fue contundente. La gente no vot\u00f3 por la derecha tradicional, vot\u00f3 por la derecha que llevaba a un candidato nacido y promovido por la izquierda y que luego fue expulsado. Fue as\u00ed y no puede negarse. Un candidato que se ocult\u00f3 de los debates, pero que conect\u00f3 con los votantes, que dise\u00f1\u00f3 una campa\u00f1a virtual, y que cre\u00f3 l\u00edneas discursivas sencillas pero impactantes, casi siempre contradictorias, pero como siempre, olvidadas entre el mar de informaci\u00f3n.<\/p>\n<p>La campa\u00f1a electoral, medi\u00e1tica y comunicacionalmente plantea nuevos retos en materia de discurso. Masivamente y a manera de tener referencias cualitativas, las mediaciones se crearon bajo el discurso de un \u201cvoto de castigo\u201d no al partido o sus programas sociales, sino a una direcci\u00f3n que sigue teniendo muchos de los mismos rostros desde hace m\u00e1s de 30 a\u00f1os. La gente no protest\u00f3 por las transformaciones sociales, sino que pregunt\u00f3 por qu\u00e9 no se pudo ser m\u00e1s radical para aplicar medidas econ\u00f3micas que transformaran la realidad impuesta por un sistema neoliberal. Se quedaron esperando una reforma fiscal que apretara al gran capital.<\/p>\n<p>La falta de un liderazgo facilit\u00f3 la evoluci\u00f3n de un nuevo tipo de discurso apegado a la efervescencia de las fakenews, a la rapidez con la que la \u201cmemecracia\u201d comenz\u00f3 a facilitar la comprensi\u00f3n de un mensaje y la aparici\u00f3n de influenciadores que se ubican en los estratos medios, que adem\u00e1s de no verse directamente beneficiados de los programas sociales, se vieron afectados en alg\u00fan momento con las medidas econ\u00f3micas desacertadas como el ajuste de subsidios y la falta de una garant\u00eda previsional que ya es una realidad no s\u00f3lo en El Salvador, sino que es punto de quiebre de la econom\u00eda mundial.<\/p>\n<p><strong>\u2013Ante este panorama donde las izquierdas y los progresismos de la regi\u00f3n, a excepci\u00f3n de casos puntuales, no logran conquistar a las y los votantes \u00bfCu\u00e1l es el desaf\u00edo que tienen por delante para reposicionarse en Am\u00e9rica Latina?<\/strong><\/p>\n<p>\u2013El reto de la izquierda latinoamericana es duro, cercada por nuevos gobiernos de extrema derecha y el resurgimiento de las alternativas pol\u00edticas representadas por \u201cempresarios exitosos\u201d y las movidas judiciales que conllevan a procesos constitucionales at\u00edpicos que quitan y ponen presidentes interinos. La desvinculaci\u00f3n con los movimientos sociales y los c\u00edrculos de pensamiento cr\u00edtico y espacios de debate permitieron la difusi\u00f3n del discurso de desgaste con muchos y pocos argumentos. \u00a0La conducta coherente, el pensamiento cr\u00edtico para crear militancia popular exige esta vez tocar fibras sensibles y estructurales de la izquierda. No puede \u00fanicamente se\u00f1alarse culpables, sino tambi\u00e9n asumir los retos, pero estos llevan consigo el abandono del discurso ret\u00f3rico, la vinculaci\u00f3n y adaptaci\u00f3n a las nuevas formas de comunicar y entender los procesos sociales.<\/p>\n<p><strong>\u2013\u00bfQu\u00e9 sigue en la izquierda: replantearse, reordenarse o reinventarse?<\/strong><\/p>\n<p>\u2013El relevo generacional no es opcional, es una condici\u00f3n necesaria para la transformaci\u00f3n y coherencia en el discurso que la gente probablemente a\u00fan espera de la izquierda.<\/p>\n","protected":false},"excerpt":{"rendered":"<p>Por Pedro Brieger El Salvador. Franklin Selva, experto en encuestas pol\u00edticas: \u201cEl FMLN perdi\u00f3 la oportunidad delegada por el voto endosado por m\u00e1s de 1.3 millones de votantes en 2009\u201d El domingo 3 de febrero se realizaron las elecciones presidenciales&hellip;<\/p>\n","protected":false},"author":1075,"featured_media":801932,"comment_status":"closed","ping_status":"closed","sticky":false,"template":"","format":"standard","meta":{"footnotes":""},"categories":[69,155,74],"tags":[54550,12175,403,1375],"class_list":["post-802018","post","type-post","status-publish","format-standard","has-post-thumbnail","hentry","category-america-central","category-entrevistas","category-politica-es","tag-bukele-es","tag-el-salvador-es","tag-elecciones","tag-izquierda"],"yoast_head":"<!-- This site is optimized with the Yoast SEO plugin v27.1.1 - https:\/\/yoast.com\/product\/yoast-seo-wordpress\/ -->\n<title>Elecciones en El Salvador: &quot;El FMLN ha sufrido el m\u00e1s fuerte rev\u00e9s en tiempos electorales&quot;<\/title>\n<meta name=\"description\" content=\"Por Pedro Brieger El Salvador. Franklin Selva, experto en encuestas pol\u00edticas: \u201cEl FMLN perdi\u00f3 la oportunidad delegada por el voto endosado por m\u00e1s de 1.3\" \/>\n<meta name=\"robots\" content=\"index, follow, max-snippet:-1, max-image-preview:large, max-video-preview:-1\" \/>\n<link rel=\"canonical\" href=\"https:\/\/www.pressenza.com\/es\/2019\/02\/elecciones-en-el-salvador-el-fmln-ha-sufrido-el-mas-fuerte-reves-en-tiempos-electorales\/\" \/>\n<meta property=\"og:locale\" content=\"es_ES\" \/>\n<meta property=\"og:type\" content=\"article\" \/>\n<meta property=\"og:title\" content=\"Elecciones en El Salvador: &quot;El FMLN ha sufrido el m\u00e1s fuerte rev\u00e9s en tiempos electorales&quot;\" \/>\n<meta property=\"og:description\" content=\"Por Pedro Brieger El Salvador. Franklin Selva, experto en encuestas pol\u00edticas: \u201cEl FMLN perdi\u00f3 la oportunidad delegada por el voto endosado por m\u00e1s de 1.3\" \/>\n<meta property=\"og:url\" content=\"https:\/\/www.pressenza.com\/es\/2019\/02\/elecciones-en-el-salvador-el-fmln-ha-sufrido-el-mas-fuerte-reves-en-tiempos-electorales\/\" \/>\n<meta property=\"og:site_name\" content=\"Pressenza\" \/>\n<meta property=\"article:publisher\" content=\"https:\/\/www.facebook.com\/PressenzaItalia\" \/>\n<meta property=\"article:author\" content=\"https:\/\/www.facebook.com\/pages\/NODAL\/504497112975235\" \/>\n<meta property=\"article:published_time\" content=\"2019-02-05T02:47:18+00:00\" \/>\n<meta property=\"article:modified_time\" content=\"2019-02-05T02:47:55+00:00\" \/>\n<meta property=\"og:image\" content=\"https:\/\/www.pressenza.com\/wp-content\/uploads\/2019\/02\/Nayib-Bukele-captura-pantalla-euronews.jpg\" \/>\n\t<meta property=\"og:image:width\" content=\"1024\" \/>\n\t<meta property=\"og:image:height\" content=\"576\" \/>\n\t<meta property=\"og:image:type\" content=\"image\/jpeg\" \/>\n<meta name=\"author\" content=\"Noticias de Am\u00e9rica Latina y el Caribe\" \/>\n<meta name=\"twitter:card\" content=\"summary_large_image\" \/>\n<meta name=\"twitter:creator\" content=\"@infoNodal\" \/>\n<meta name=\"twitter:site\" content=\"@PressenzaIPA\" \/>\n<meta name=\"twitter:label1\" content=\"Escrito por\" \/>\n\t<meta name=\"twitter:data1\" content=\"Noticias de Am\u00e9rica Latina y el Caribe\" \/>\n\t<meta name=\"twitter:label2\" content=\"Tiempo de lectura\" \/>\n\t<meta name=\"twitter:data2\" content=\"5 minutos\" \/>\n<script type=\"application\/ld+json\" class=\"yoast-schema-graph\">{\"@context\":\"https:\/\/schema.org\",\"@graph\":[{\"@type\":\"Article\",\"@id\":\"https:\/\/www.pressenza.com\/es\/2019\/02\/elecciones-en-el-salvador-el-fmln-ha-sufrido-el-mas-fuerte-reves-en-tiempos-electorales\/#article\",\"isPartOf\":{\"@id\":\"https:\/\/www.pressenza.com\/es\/2019\/02\/elecciones-en-el-salvador-el-fmln-ha-sufrido-el-mas-fuerte-reves-en-tiempos-electorales\/\"},\"author\":{\"name\":\"Noticias de Am\u00e9rica Latina y el Caribe\",\"@id\":\"https:\/\/www.pressenza.com\/es\/#\/schema\/person\/2589ceb48064b9d4249652e5d275a2ec\"},\"headline\":\"Elecciones en El Salvador: \u00abEl FMLN ha sufrido el m\u00e1s fuerte rev\u00e9s en tiempos electorales\u00bb\",\"datePublished\":\"2019-02-05T02:47:18+00:00\",\"dateModified\":\"2019-02-05T02:47:55+00:00\",\"mainEntityOfPage\":{\"@id\":\"https:\/\/www.pressenza.com\/es\/2019\/02\/elecciones-en-el-salvador-el-fmln-ha-sufrido-el-mas-fuerte-reves-en-tiempos-electorales\/\"},\"wordCount\":1109,\"publisher\":{\"@id\":\"https:\/\/www.pressenza.com\/es\/#organization\"},\"image\":{\"@id\":\"https:\/\/www.pressenza.com\/es\/2019\/02\/elecciones-en-el-salvador-el-fmln-ha-sufrido-el-mas-fuerte-reves-en-tiempos-electorales\/#primaryimage\"},\"thumbnailUrl\":\"https:\/\/www.pressenza.com\/wp-content\/uploads\/2019\/02\/Nayib-Bukele-captura-pantalla-euronews.jpg\",\"keywords\":[\"Bukele\",\"El Salvador\",\"elecciones\",\"izquierda\"],\"articleSection\":[\"Am\u00e9rica Central\",\"Entrevistas\",\"Pol\u00edtica\"],\"inLanguage\":\"es\"},{\"@type\":\"WebPage\",\"@id\":\"https:\/\/www.pressenza.com\/es\/2019\/02\/elecciones-en-el-salvador-el-fmln-ha-sufrido-el-mas-fuerte-reves-en-tiempos-electorales\/\",\"url\":\"https:\/\/www.pressenza.com\/es\/2019\/02\/elecciones-en-el-salvador-el-fmln-ha-sufrido-el-mas-fuerte-reves-en-tiempos-electorales\/\",\"name\":\"Elecciones en El Salvador: \\\"El FMLN ha sufrido el m\u00e1s fuerte rev\u00e9s en tiempos electorales\\\"\",\"isPartOf\":{\"@id\":\"https:\/\/www.pressenza.com\/es\/#website\"},\"primaryImageOfPage\":{\"@id\":\"https:\/\/www.pressenza.com\/es\/2019\/02\/elecciones-en-el-salvador-el-fmln-ha-sufrido-el-mas-fuerte-reves-en-tiempos-electorales\/#primaryimage\"},\"image\":{\"@id\":\"https:\/\/www.pressenza.com\/es\/2019\/02\/elecciones-en-el-salvador-el-fmln-ha-sufrido-el-mas-fuerte-reves-en-tiempos-electorales\/#primaryimage\"},\"thumbnailUrl\":\"https:\/\/www.pressenza.com\/wp-content\/uploads\/2019\/02\/Nayib-Bukele-captura-pantalla-euronews.jpg\",\"datePublished\":\"2019-02-05T02:47:18+00:00\",\"dateModified\":\"2019-02-05T02:47:55+00:00\",\"description\":\"Por Pedro Brieger El Salvador. Franklin Selva, experto en encuestas pol\u00edticas: \u201cEl FMLN perdi\u00f3 la oportunidad delegada por el voto endosado por m\u00e1s de 1.3\",\"breadcrumb\":{\"@id\":\"https:\/\/www.pressenza.com\/es\/2019\/02\/elecciones-en-el-salvador-el-fmln-ha-sufrido-el-mas-fuerte-reves-en-tiempos-electorales\/#breadcrumb\"},\"inLanguage\":\"es\",\"potentialAction\":[{\"@type\":\"ReadAction\",\"target\":[\"https:\/\/www.pressenza.com\/es\/2019\/02\/elecciones-en-el-salvador-el-fmln-ha-sufrido-el-mas-fuerte-reves-en-tiempos-electorales\/\"]}]},{\"@type\":\"ImageObject\",\"inLanguage\":\"es\",\"@id\":\"https:\/\/www.pressenza.com\/es\/2019\/02\/elecciones-en-el-salvador-el-fmln-ha-sufrido-el-mas-fuerte-reves-en-tiempos-electorales\/#primaryimage\",\"url\":\"https:\/\/www.pressenza.com\/wp-content\/uploads\/2019\/02\/Nayib-Bukele-captura-pantalla-euronews.jpg\",\"contentUrl\":\"https:\/\/www.pressenza.com\/wp-content\/uploads\/2019\/02\/Nayib-Bukele-captura-pantalla-euronews.jpg\",\"width\":1024,\"height\":576},{\"@type\":\"BreadcrumbList\",\"@id\":\"https:\/\/www.pressenza.com\/es\/2019\/02\/elecciones-en-el-salvador-el-fmln-ha-sufrido-el-mas-fuerte-reves-en-tiempos-electorales\/#breadcrumb\",\"itemListElement\":[{\"@type\":\"ListItem\",\"position\":1,\"name\":\"Accueil\",\"item\":\"https:\/\/www.pressenza.com\/es\/\"},{\"@type\":\"ListItem\",\"position\":2,\"name\":\"Elecciones en El Salvador: \u00abEl FMLN ha sufrido el m\u00e1s fuerte rev\u00e9s en tiempos electorales\u00bb\"}]},{\"@type\":\"WebSite\",\"@id\":\"https:\/\/www.pressenza.com\/es\/#website\",\"url\":\"https:\/\/www.pressenza.com\/es\/\",\"name\":\"Pressenza\",\"description\":\"International Press Agency\",\"publisher\":{\"@id\":\"https:\/\/www.pressenza.com\/es\/#organization\"},\"potentialAction\":[{\"@type\":\"SearchAction\",\"target\":{\"@type\":\"EntryPoint\",\"urlTemplate\":\"https:\/\/www.pressenza.com\/es\/?s={search_term_string}\"},\"query-input\":{\"@type\":\"PropertyValueSpecification\",\"valueRequired\":true,\"valueName\":\"search_term_string\"}}],\"inLanguage\":\"es\"},{\"@type\":\"Organization\",\"@id\":\"https:\/\/www.pressenza.com\/es\/#organization\",\"name\":\"Pressenza\",\"url\":\"https:\/\/www.pressenza.com\/es\/\",\"logo\":{\"@type\":\"ImageObject\",\"inLanguage\":\"es\",\"@id\":\"https:\/\/www.pressenza.com\/es\/#\/schema\/logo\/image\/\",\"url\":\"https:\/\/www.pressenza.com\/wp-content\/uploads\/2022\/10\/pressenza_logo_200x200.jpg\",\"contentUrl\":\"https:\/\/www.pressenza.com\/wp-content\/uploads\/2022\/10\/pressenza_logo_200x200.jpg\",\"width\":200,\"height\":200,\"caption\":\"Pressenza\"},\"image\":{\"@id\":\"https:\/\/www.pressenza.com\/es\/#\/schema\/logo\/image\/\"},\"sameAs\":[\"https:\/\/www.facebook.com\/PressenzaItalia\",\"https:\/\/x.com\/PressenzaIPA\"]},{\"@type\":\"Person\",\"@id\":\"https:\/\/www.pressenza.com\/es\/#\/schema\/person\/2589ceb48064b9d4249652e5d275a2ec\",\"name\":\"Noticias de Am\u00e9rica Latina y el Caribe\",\"description\":\"Primer portal de noticias de Am\u00e9rica Latina y el Caribe. Director: Pedro Brieger Con el apoyo de la Fundaci\u00f3n para la Integraci\u00f3n Latinoamericana (FILA) www.nodal.am\",\"sameAs\":[\"https:\/\/www.facebook.com\/pages\/NODAL\/504497112975235\",\"https:\/\/x.com\/infoNodal\"],\"url\":\"https:\/\/www.pressenza.com\/es\/author\/nodal\/\"}]}<\/script>\n<!-- \/ Yoast SEO plugin. -->","yoast_head_json":{"title":"Elecciones en El Salvador: \"El FMLN ha sufrido el m\u00e1s fuerte rev\u00e9s en tiempos electorales\"","description":"Por Pedro Brieger El Salvador. Franklin Selva, experto en encuestas pol\u00edticas: \u201cEl FMLN perdi\u00f3 la oportunidad delegada por el voto endosado por m\u00e1s de 1.3","robots":{"index":"index","follow":"follow","max-snippet":"max-snippet:-1","max-image-preview":"max-image-preview:large","max-video-preview":"max-video-preview:-1"},"canonical":"https:\/\/www.pressenza.com\/es\/2019\/02\/elecciones-en-el-salvador-el-fmln-ha-sufrido-el-mas-fuerte-reves-en-tiempos-electorales\/","og_locale":"es_ES","og_type":"article","og_title":"Elecciones en El Salvador: \"El FMLN ha sufrido el m\u00e1s fuerte rev\u00e9s en tiempos electorales\"","og_description":"Por Pedro Brieger El Salvador. Franklin Selva, experto en encuestas pol\u00edticas: \u201cEl FMLN perdi\u00f3 la oportunidad delegada por el voto endosado por m\u00e1s de 1.3","og_url":"https:\/\/www.pressenza.com\/es\/2019\/02\/elecciones-en-el-salvador-el-fmln-ha-sufrido-el-mas-fuerte-reves-en-tiempos-electorales\/","og_site_name":"Pressenza","article_publisher":"https:\/\/www.facebook.com\/PressenzaItalia","article_author":"https:\/\/www.facebook.com\/pages\/NODAL\/504497112975235","article_published_time":"2019-02-05T02:47:18+00:00","article_modified_time":"2019-02-05T02:47:55+00:00","og_image":[{"width":1024,"height":576,"url":"https:\/\/www.pressenza.com\/wp-content\/uploads\/2019\/02\/Nayib-Bukele-captura-pantalla-euronews.jpg","type":"image\/jpeg"}],"author":"Noticias de Am\u00e9rica Latina y el Caribe","twitter_card":"summary_large_image","twitter_creator":"@infoNodal","twitter_site":"@PressenzaIPA","twitter_misc":{"Escrito por":"Noticias de Am\u00e9rica Latina y el Caribe","Tiempo de lectura":"5 minutos"},"schema":{"@context":"https:\/\/schema.org","@graph":[{"@type":"Article","@id":"https:\/\/www.pressenza.com\/es\/2019\/02\/elecciones-en-el-salvador-el-fmln-ha-sufrido-el-mas-fuerte-reves-en-tiempos-electorales\/#article","isPartOf":{"@id":"https:\/\/www.pressenza.com\/es\/2019\/02\/elecciones-en-el-salvador-el-fmln-ha-sufrido-el-mas-fuerte-reves-en-tiempos-electorales\/"},"author":{"name":"Noticias de Am\u00e9rica Latina y el Caribe","@id":"https:\/\/www.pressenza.com\/es\/#\/schema\/person\/2589ceb48064b9d4249652e5d275a2ec"},"headline":"Elecciones en El Salvador: \u00abEl FMLN ha sufrido el m\u00e1s fuerte rev\u00e9s en tiempos electorales\u00bb","datePublished":"2019-02-05T02:47:18+00:00","dateModified":"2019-02-05T02:47:55+00:00","mainEntityOfPage":{"@id":"https:\/\/www.pressenza.com\/es\/2019\/02\/elecciones-en-el-salvador-el-fmln-ha-sufrido-el-mas-fuerte-reves-en-tiempos-electorales\/"},"wordCount":1109,"publisher":{"@id":"https:\/\/www.pressenza.com\/es\/#organization"},"image":{"@id":"https:\/\/www.pressenza.com\/es\/2019\/02\/elecciones-en-el-salvador-el-fmln-ha-sufrido-el-mas-fuerte-reves-en-tiempos-electorales\/#primaryimage"},"thumbnailUrl":"https:\/\/www.pressenza.com\/wp-content\/uploads\/2019\/02\/Nayib-Bukele-captura-pantalla-euronews.jpg","keywords":["Bukele","El Salvador","elecciones","izquierda"],"articleSection":["Am\u00e9rica Central","Entrevistas","Pol\u00edtica"],"inLanguage":"es"},{"@type":"WebPage","@id":"https:\/\/www.pressenza.com\/es\/2019\/02\/elecciones-en-el-salvador-el-fmln-ha-sufrido-el-mas-fuerte-reves-en-tiempos-electorales\/","url":"https:\/\/www.pressenza.com\/es\/2019\/02\/elecciones-en-el-salvador-el-fmln-ha-sufrido-el-mas-fuerte-reves-en-tiempos-electorales\/","name":"Elecciones en El Salvador: \"El FMLN ha sufrido el m\u00e1s fuerte rev\u00e9s en tiempos electorales\"","isPartOf":{"@id":"https:\/\/www.pressenza.com\/es\/#website"},"primaryImageOfPage":{"@id":"https:\/\/www.pressenza.com\/es\/2019\/02\/elecciones-en-el-salvador-el-fmln-ha-sufrido-el-mas-fuerte-reves-en-tiempos-electorales\/#primaryimage"},"image":{"@id":"https:\/\/www.pressenza.com\/es\/2019\/02\/elecciones-en-el-salvador-el-fmln-ha-sufrido-el-mas-fuerte-reves-en-tiempos-electorales\/#primaryimage"},"thumbnailUrl":"https:\/\/www.pressenza.com\/wp-content\/uploads\/2019\/02\/Nayib-Bukele-captura-pantalla-euronews.jpg","datePublished":"2019-02-05T02:47:18+00:00","dateModified":"2019-02-05T02:47:55+00:00","description":"Por Pedro Brieger El Salvador. Franklin Selva, experto en encuestas pol\u00edticas: \u201cEl FMLN perdi\u00f3 la oportunidad delegada por el voto endosado por m\u00e1s de 1.3","breadcrumb":{"@id":"https:\/\/www.pressenza.com\/es\/2019\/02\/elecciones-en-el-salvador-el-fmln-ha-sufrido-el-mas-fuerte-reves-en-tiempos-electorales\/#breadcrumb"},"inLanguage":"es","potentialAction":[{"@type":"ReadAction","target":["https:\/\/www.pressenza.com\/es\/2019\/02\/elecciones-en-el-salvador-el-fmln-ha-sufrido-el-mas-fuerte-reves-en-tiempos-electorales\/"]}]},{"@type":"ImageObject","inLanguage":"es","@id":"https:\/\/www.pressenza.com\/es\/2019\/02\/elecciones-en-el-salvador-el-fmln-ha-sufrido-el-mas-fuerte-reves-en-tiempos-electorales\/#primaryimage","url":"https:\/\/www.pressenza.com\/wp-content\/uploads\/2019\/02\/Nayib-Bukele-captura-pantalla-euronews.jpg","contentUrl":"https:\/\/www.pressenza.com\/wp-content\/uploads\/2019\/02\/Nayib-Bukele-captura-pantalla-euronews.jpg","width":1024,"height":576},{"@type":"BreadcrumbList","@id":"https:\/\/www.pressenza.com\/es\/2019\/02\/elecciones-en-el-salvador-el-fmln-ha-sufrido-el-mas-fuerte-reves-en-tiempos-electorales\/#breadcrumb","itemListElement":[{"@type":"ListItem","position":1,"name":"Accueil","item":"https:\/\/www.pressenza.com\/es\/"},{"@type":"ListItem","position":2,"name":"Elecciones en El Salvador: \u00abEl FMLN ha sufrido el m\u00e1s fuerte rev\u00e9s en tiempos electorales\u00bb"}]},{"@type":"WebSite","@id":"https:\/\/www.pressenza.com\/es\/#website","url":"https:\/\/www.pressenza.com\/es\/","name":"Pressenza","description":"International Press Agency","publisher":{"@id":"https:\/\/www.pressenza.com\/es\/#organization"},"potentialAction":[{"@type":"SearchAction","target":{"@type":"EntryPoint","urlTemplate":"https:\/\/www.pressenza.com\/es\/?s={search_term_string}"},"query-input":{"@type":"PropertyValueSpecification","valueRequired":true,"valueName":"search_term_string"}}],"inLanguage":"es"},{"@type":"Organization","@id":"https:\/\/www.pressenza.com\/es\/#organization","name":"Pressenza","url":"https:\/\/www.pressenza.com\/es\/","logo":{"@type":"ImageObject","inLanguage":"es","@id":"https:\/\/www.pressenza.com\/es\/#\/schema\/logo\/image\/","url":"https:\/\/www.pressenza.com\/wp-content\/uploads\/2022\/10\/pressenza_logo_200x200.jpg","contentUrl":"https:\/\/www.pressenza.com\/wp-content\/uploads\/2022\/10\/pressenza_logo_200x200.jpg","width":200,"height":200,"caption":"Pressenza"},"image":{"@id":"https:\/\/www.pressenza.com\/es\/#\/schema\/logo\/image\/"},"sameAs":["https:\/\/www.facebook.com\/PressenzaItalia","https:\/\/x.com\/PressenzaIPA"]},{"@type":"Person","@id":"https:\/\/www.pressenza.com\/es\/#\/schema\/person\/2589ceb48064b9d4249652e5d275a2ec","name":"Noticias de Am\u00e9rica Latina y el Caribe","description":"Primer portal de noticias de Am\u00e9rica Latina y el Caribe. Director: Pedro Brieger Con el apoyo de la Fundaci\u00f3n para la Integraci\u00f3n Latinoamericana (FILA) www.nodal.am","sameAs":["https:\/\/www.facebook.com\/pages\/NODAL\/504497112975235","https:\/\/x.com\/infoNodal"],"url":"https:\/\/www.pressenza.com\/es\/author\/nodal\/"}]}},"place":"Ciudad de Buenos Aires, Argentina","original_article_url":"https:\/\/www.nodal.am\/2019\/02\/el-salvador-franklin-selva-experto-en-encuestas-politicas-el-fmln-perdio-la-oportunidad-delegada-por-el-voto-endosado-por-mas-de-1-3-millones-de-votantes-en-2009\/","_links":{"self":[{"href":"https:\/\/www.pressenza.com\/es\/wp-json\/wp\/v2\/posts\/802018","targetHints":{"allow":["GET"]}}],"collection":[{"href":"https:\/\/www.pressenza.com\/es\/wp-json\/wp\/v2\/posts"}],"about":[{"href":"https:\/\/www.pressenza.com\/es\/wp-json\/wp\/v2\/types\/post"}],"author":[{"embeddable":true,"href":"https:\/\/www.pressenza.com\/es\/wp-json\/wp\/v2\/users\/1075"}],"replies":[{"embeddable":true,"href":"https:\/\/www.pressenza.com\/es\/wp-json\/wp\/v2\/comments?post=802018"}],"version-history":[{"count":0,"href":"https:\/\/www.pressenza.com\/es\/wp-json\/wp\/v2\/posts\/802018\/revisions"}],"wp:featuredmedia":[{"embeddable":true,"href":"https:\/\/www.pressenza.com\/es\/wp-json\/wp\/v2\/media\/801932"}],"wp:attachment":[{"href":"https:\/\/www.pressenza.com\/es\/wp-json\/wp\/v2\/media?parent=802018"}],"wp:term":[{"taxonomy":"category","embeddable":true,"href":"https:\/\/www.pressenza.com\/es\/wp-json\/wp\/v2\/categories?post=802018"},{"taxonomy":"post_tag","embeddable":true,"href":"https:\/\/www.pressenza.com\/es\/wp-json\/wp\/v2\/tags?post=802018"}],"curies":[{"name":"wp","href":"https:\/\/api.w.org\/{rel}","templated":true}]}}