{"id":802002,"date":"2019-02-05T02:42:31","date_gmt":"2019-02-05T02:42:31","guid":{"rendered":"https:\/\/www.pressenza.com\/?p=802002"},"modified":"2019-02-14T01:07:07","modified_gmt":"2019-02-14T01:07:07","slug":"comienza-un-ano-de-celebraciones-en-punta-de-vacas-argentina-con-motivo-del-quincuagesimo-aniversario-de-la-guia-espiritual-silo","status":"publish","type":"post","link":"https:\/\/www.pressenza.com\/es\/2019\/02\/comienza-un-ano-de-celebraciones-en-punta-de-vacas-argentina-con-motivo-del-quincuagesimo-aniversario-de-la-guia-espiritual-silo\/","title":{"rendered":"Silo, 50 a\u00f1os de espiritualidad: inicio de un a\u00f1o de celebraciones en Punta de Vacas, Argentina"},"content":{"rendered":"<p><em>Texto: Tito de Casas y Tony Robinson, Fotos: <a href=\"https:\/\/www.flickr.com\/photos\/rafa2010\/albums\/72157702202204202\/with\/39691037803\/\">Rafael Edwards<\/a><\/em><\/p>\n<p>Durante la primera semana de enero de 2019, siloistas de todo el mundo se reunieron en Punta de Vacas \u2013 en el que actualmente se encuentra un <a href=\"http:\/\/www.parquepuntadevacas.net\/\">Parque de Estudio y Reflexi\u00f3n<\/a> &#8211; para comenzar un a\u00f1o de celebraciones que se\u00f1alan el a\u00f1o de 1969 en el que el argentino Mario Rodr\u00edguez Cobos, mejor conocido como Silo, el gu\u00eda y fundador del Movimiento Humanista, escap\u00f3 por primera vez a su retiro de monta\u00f1a construido a mano para trabajar en lo que se convirtieron en algunos de los textos principales de su doctrina: La Mirada Interna y La Curaci\u00f3n del Sufrimiento.<\/p>\n<p><a href=\"https:\/\/www.pressenza.com\/wp-content\/uploads\/2019\/02\/1969-00-00-Silo-en-la-Ermita-01.jpg\"><img loading=\"lazy\" decoding=\"async\" class=\"alignnone size-full wp-image-799418\" src=\"https:\/\/www.pressenza.com\/wp-content\/uploads\/2019\/02\/1969-00-00-Silo-en-la-Ermita-01.jpg\" alt=\"\" width=\"452\" height=\"389\" srcset=\"https:\/\/www.pressenza.com\/wp-content\/uploads\/2019\/02\/1969-00-00-Silo-en-la-Ermita-01.jpg 452w, https:\/\/www.pressenza.com\/wp-content\/uploads\/2019\/02\/1969-00-00-Silo-en-la-Ermita-01-300x258.jpg 300w\" sizes=\"auto, (max-width: 452px) 100vw, 452px\" \/><\/a><\/p>\n<p>Alojados en hoteles cercanos desde Uspallata hasta Puente del Inca, vinieron unos 700 amigos de Chile, Argentina, Per\u00fa, Ecuador, Bolivia, Brasil, M\u00e9xico, Estados Unidos, Espa\u00f1a, Francia, Italia, Alemania, Hungr\u00eda y la Rep\u00fablica Checa, entre otros para celebrar la ocasi\u00f3n hist\u00f3rica.<\/p>\n<p>\u00abLa Mirada Interna\u00bb fue el primer libro publicado con el nombre de \u00abSilo\u00bb y terminar\u00eda circulando alrededor del mundo a principios de los a\u00f1os 70 en manos de j\u00f3venes inspirados en su mensaje y traducido a docenas de idiomas. M\u00e1s adelante, con la adici\u00f3n de dos secciones adicionales: El Paisaje Interno y El Paisaje Humano, toda la obra circular\u00eda bajo el nombre de \u00ab<a href=\"http:\/\/silo.net\/es\/collected_works\/humanize_the_earth\">Humanizar la Tierra<\/a>\u00ab.<\/p>\n<blockquote><p><strong>Aqu\u00ed se cuenta c\u00f3mo al sin-sentido de la vida se lo convierte en sentido y plenitud.<\/strong><strong> Aqu\u00ed hay alegr\u00eda, amor al cuerpo, a la naturaleza, a la humanidad y al esp\u00edritu.<\/strong><strong> Aqu\u00ed se reniega de los sacrificios, del sentimiento de culpa y de las amenazas de ultratumba.<\/strong><strong> Aqu\u00ed no se opone lo terreno a lo eterno.<\/strong><strong> Aqu\u00ed se habla de la revelaci\u00f3n interior a la que llega todo aquel que cuidadosamente medita en humilde b\u00fasqueda.<\/strong><\/p><\/blockquote>\n<p>El 4 de mayo de 1969, Silo finalmente baj\u00f3 de su retiro para dar su discurso sobre La <a href=\"http:\/\/silo.net\/es\/present_milestone\/index\">Curaci\u00f3n del Sufrimiento<\/a>, que ocasionar\u00eda un movimiento global (el primero de su tipo) de seguidores dedicados que promov\u00edan una doctrina de transformaci\u00f3n simult\u00e1nea personal y social, a trav\u00e9s de una metodolog\u00eda de noviolencia activa.<\/p>\n<blockquote><p><strong>Sufres porque temes perder lo que tienes, o por lo que ya has perdido, o por lo que desesperas alcanzar. Sufres porque no tienes, o porque sientes temor en general&#8230; He ah\u00ed los grandes enemigos del hombre: el temor a la enfermedad, el temor a la pobreza, el temor a la muerte, el temor a la soledad.<\/strong><\/p><\/blockquote>\n<p>Durante los d\u00edas de la reuni\u00f3n, las personas participaron en las ceremonias expuestas en el libro <em><a href=\"http:\/\/silo.net\/es\/message\/index\">El Mensaje de Silo<\/a><\/em>, para intercambiar sus experiencias en las comunidades de Mensajeros de todo el mundo y para escuchar a los que estuvieron all\u00ed el 4 de mayo de 1969 y en los primeros d\u00edas cuando se estaba desarrollando su doctrina.<\/p>\n<p>Parte de su proyecto, que emergi\u00f3 en la fase final de su trabajo, fue el establecimiento de una red de Parques de Estudio y Reflexi\u00f3n, de los cuales hay alrededor de 50 desde India hasta California, y que se est\u00e1 propagando. El Parque Punta de Vacas, siendo el lugar desde donde se origin\u00f3 todo el movimiento, siempre ha sido un hogar espiritual y acoger\u00e1 varios eventos conmemorativos durante todo el a\u00f1o.<\/p>\n<p>Silo, el hombre, muri\u00f3 en 2010, pero su ense\u00f1anza sigue viva.<\/p>\n<p><em>Traducido del ingl\u00e9s por Michelle Oviedo<\/em><\/p>\n<div class=\"post-gallery\">\n\t\t\t<figure class=\"post-gallery-item\">\n\t\t\t\t<img decoding=\"async\" src=\"https:\/\/www.pressenza.com\/wp-content\/uploads\/2019\/02\/2019-01-Punta-de-Vacas-10-720x508.jpg\" loading=\"lazy\">\n\t\t\t\t<figcaption>\n\t\t\t\t\t\n\t\t\t\t<\/figcaption>\n\t\t\t<\/figure>\n\t\t\t<figure class=\"post-gallery-item\">\n\t\t\t\t<img decoding=\"async\" src=\"https:\/\/www.pressenza.com\/wp-content\/uploads\/2019\/02\/2019-01-Punta-de-Vacas-09-720x432.jpg\" loading=\"lazy\">\n\t\t\t\t<figcaption>\n\t\t\t\t\t\n\t\t\t\t<\/figcaption>\n\t\t\t<\/figure>\n\t\t\t<figure class=\"post-gallery-item\">\n\t\t\t\t<img decoding=\"async\" src=\"https:\/\/www.pressenza.com\/wp-content\/uploads\/2019\/02\/2019-01-Punta-de-Vacas-08-720x521.jpg\" loading=\"lazy\">\n\t\t\t\t<figcaption>\n\t\t\t\t\t\n\t\t\t\t<\/figcaption>\n\t\t\t<\/figure>\n\t\t\t<figure class=\"post-gallery-item\">\n\t\t\t\t<img decoding=\"async\" src=\"https:\/\/www.pressenza.com\/wp-content\/uploads\/2019\/02\/2019-01-Punta-de-Vacas-06-720x405.jpg\" loading=\"lazy\">\n\t\t\t\t<figcaption>\n\t\t\t\t\t\n\t\t\t\t<\/figcaption>\n\t\t\t<\/figure>\n\t\t\t<figure class=\"post-gallery-item\">\n\t\t\t\t<img decoding=\"async\" src=\"https:\/\/www.pressenza.com\/wp-content\/uploads\/2019\/02\/2019-01-Punta-de-Vacas-05-720x524.jpg\" loading=\"lazy\">\n\t\t\t\t<figcaption>\n\t\t\t\t\t\n\t\t\t\t<\/figcaption>\n\t\t\t<\/figure>\n\t\t\t<figure class=\"post-gallery-item\">\n\t\t\t\t<img decoding=\"async\" src=\"https:\/\/www.pressenza.com\/wp-content\/uploads\/2019\/02\/2019-01-Punta-de-Vacas-04-720x325.jpg\" loading=\"lazy\">\n\t\t\t\t<figcaption>\n\t\t\t\t\t\n\t\t\t\t<\/figcaption>\n\t\t\t<\/figure>\n\t\t\t<figure class=\"post-gallery-item\">\n\t\t\t\t<img decoding=\"async\" src=\"https:\/\/www.pressenza.com\/wp-content\/uploads\/2019\/02\/2019-01-Punta-de-Vacas-03-720x503.jpg\" loading=\"lazy\">\n\t\t\t\t<figcaption>\n\t\t\t\t\t\n\t\t\t\t<\/figcaption>\n\t\t\t<\/figure>\n\t\t\t<figure class=\"post-gallery-item\">\n\t\t\t\t<img decoding=\"async\" src=\"https:\/\/www.pressenza.com\/wp-content\/uploads\/2019\/02\/2019-01-Punta-de-Vacas-02-720x461.jpg\" loading=\"lazy\">\n\t\t\t\t<figcaption>\n\t\t\t\t\t\n\t\t\t\t<\/figcaption>\n\t\t\t<\/figure>\n\t\t\t<figure class=\"post-gallery-item\">\n\t\t\t\t<img decoding=\"async\" src=\"https:\/\/www.pressenza.com\/wp-content\/uploads\/2019\/02\/2019-01-Punta-de-Vacas-01-720x475.jpg\" loading=\"lazy\">\n\t\t\t\t<figcaption>\n\t\t\t\t\t\n\t\t\t\t<\/figcaption>\n\t\t\t<\/figure><\/div>\n<p>&nbsp;<\/p>\n","protected":false},"excerpt":{"rendered":"<p>Texto: Tito de Casas y Tony Robinson, Fotos: Rafael Edwards Durante la primera semana de enero de 2019, siloistas de todo el mundo se reunieron en Punta de Vacas \u2013 en el que actualmente se encuentra un Parque de Estudio&hellip;<\/p>\n","protected":false},"author":66,"featured_media":799462,"comment_status":"closed","ping_status":"closed","sticky":false,"template":"","format":"standard","meta":{"footnotes":""},"categories":[11389,1240,39],"tags":[26,546,49946,4814,543],"class_list":["post-802002","post","type-post","status-publish","format-standard","has-post-thumbnail","hentry","category-contenido-original","category-humanismo-espiritualidad","category-internacional","tag-argentina","tag-el-mensaje-de-silo","tag-humanist-movement-es","tag-movimiento-humanista","tag-silo-es"],"yoast_head":"<!-- This site is optimized with the Yoast SEO plugin v27.1.1 - https:\/\/yoast.com\/product\/yoast-seo-wordpress\/ -->\n<title>Silo, 50 a\u00f1os de espiritualidad: inicio de un a\u00f1o de celebraciones en Punta de Vacas, Argentina<\/title>\n<meta name=\"description\" content=\"Texto: Tito de Casas y Tony Robinson, Fotos: Rafael Edwards Durante la primera semana de enero de 2019, siloistas de todo el mundo se reunieron en Punta\" \/>\n<meta name=\"robots\" content=\"index, follow, max-snippet:-1, max-image-preview:large, max-video-preview:-1\" \/>\n<link rel=\"canonical\" href=\"https:\/\/www.pressenza.com\/es\/2019\/02\/comienza-un-ano-de-celebraciones-en-punta-de-vacas-argentina-con-motivo-del-quincuagesimo-aniversario-de-la-guia-espiritual-silo\/\" \/>\n<meta property=\"og:locale\" content=\"es_ES\" \/>\n<meta property=\"og:type\" content=\"article\" \/>\n<meta property=\"og:title\" content=\"Silo, 50 a\u00f1os de espiritualidad: inicio de un a\u00f1o de celebraciones en Punta de Vacas, Argentina\" \/>\n<meta property=\"og:description\" content=\"Texto: Tito de Casas y Tony Robinson, Fotos: Rafael Edwards Durante la primera semana de enero de 2019, siloistas de todo el mundo se reunieron en Punta\" \/>\n<meta property=\"og:url\" content=\"https:\/\/www.pressenza.com\/es\/2019\/02\/comienza-un-ano-de-celebraciones-en-punta-de-vacas-argentina-con-motivo-del-quincuagesimo-aniversario-de-la-guia-espiritual-silo\/\" \/>\n<meta property=\"og:site_name\" content=\"Pressenza\" \/>\n<meta property=\"article:publisher\" content=\"https:\/\/www.facebook.com\/PressenzaItalia\" \/>\n<meta property=\"article:author\" content=\"https:\/\/www.facebook.com\/silvia.swinden\" \/>\n<meta property=\"article:published_time\" content=\"2019-02-05T02:42:31+00:00\" \/>\n<meta property=\"article:modified_time\" content=\"2019-02-14T01:07:07+00:00\" \/>\n<meta property=\"og:image\" content=\"https:\/\/www.pressenza.com\/wp-content\/uploads\/2019\/02\/2019-01-Punta-de-Vacas-07.jpg\" \/>\n\t<meta property=\"og:image:width\" content=\"1600\" \/>\n\t<meta property=\"og:image:height\" content=\"980\" \/>\n\t<meta property=\"og:image:type\" content=\"image\/jpeg\" \/>\n<meta name=\"author\" content=\"Silvia Swinden\" \/>\n<meta name=\"twitter:card\" content=\"summary_large_image\" \/>\n<meta name=\"twitter:creator\" content=\"@PressenzaIPA\" \/>\n<meta name=\"twitter:site\" content=\"@PressenzaIPA\" \/>\n<meta name=\"twitter:label1\" content=\"Escrito por\" \/>\n\t<meta name=\"twitter:data1\" content=\"Silvia Swinden\" \/>\n\t<meta name=\"twitter:label2\" content=\"Tiempo de lectura\" \/>\n\t<meta name=\"twitter:data2\" content=\"3 minutos\" \/>\n<script type=\"application\/ld+json\" class=\"yoast-schema-graph\">{\"@context\":\"https:\/\/schema.org\",\"@graph\":[{\"@type\":\"Article\",\"@id\":\"https:\/\/www.pressenza.com\/es\/2019\/02\/comienza-un-ano-de-celebraciones-en-punta-de-vacas-argentina-con-motivo-del-quincuagesimo-aniversario-de-la-guia-espiritual-silo\/#article\",\"isPartOf\":{\"@id\":\"https:\/\/www.pressenza.com\/es\/2019\/02\/comienza-un-ano-de-celebraciones-en-punta-de-vacas-argentina-con-motivo-del-quincuagesimo-aniversario-de-la-guia-espiritual-silo\/\"},\"author\":{\"name\":\"Silvia Swinden\",\"@id\":\"https:\/\/www.pressenza.com\/es\/#\/schema\/person\/3e897a9ceda3579beea4bb9a93021e17\"},\"headline\":\"Silo, 50 a\u00f1os de espiritualidad: inicio de un a\u00f1o de celebraciones en Punta de Vacas, Argentina\",\"datePublished\":\"2019-02-05T02:42:31+00:00\",\"dateModified\":\"2019-02-14T01:07:07+00:00\",\"mainEntityOfPage\":{\"@id\":\"https:\/\/www.pressenza.com\/es\/2019\/02\/comienza-un-ano-de-celebraciones-en-punta-de-vacas-argentina-con-motivo-del-quincuagesimo-aniversario-de-la-guia-espiritual-silo\/\"},\"wordCount\":594,\"publisher\":{\"@id\":\"https:\/\/www.pressenza.com\/es\/#organization\"},\"image\":{\"@id\":\"https:\/\/www.pressenza.com\/es\/2019\/02\/comienza-un-ano-de-celebraciones-en-punta-de-vacas-argentina-con-motivo-del-quincuagesimo-aniversario-de-la-guia-espiritual-silo\/#primaryimage\"},\"thumbnailUrl\":\"https:\/\/www.pressenza.com\/wp-content\/uploads\/2019\/02\/2019-01-Punta-de-Vacas-07.jpg\",\"keywords\":[\"Argentina\",\"El Mensaje de Silo\",\"Humanist Movement\",\"Movimiento Humanista\",\"Silo\"],\"articleSection\":[\"Contenido Original\",\"Humanismo y Espiritualidad\",\"Internacional\"],\"inLanguage\":\"es\"},{\"@type\":\"WebPage\",\"@id\":\"https:\/\/www.pressenza.com\/es\/2019\/02\/comienza-un-ano-de-celebraciones-en-punta-de-vacas-argentina-con-motivo-del-quincuagesimo-aniversario-de-la-guia-espiritual-silo\/\",\"url\":\"https:\/\/www.pressenza.com\/es\/2019\/02\/comienza-un-ano-de-celebraciones-en-punta-de-vacas-argentina-con-motivo-del-quincuagesimo-aniversario-de-la-guia-espiritual-silo\/\",\"name\":\"Silo, 50 a\u00f1os de espiritualidad: inicio de un a\u00f1o de celebraciones en Punta de Vacas, Argentina\",\"isPartOf\":{\"@id\":\"https:\/\/www.pressenza.com\/es\/#website\"},\"primaryImageOfPage\":{\"@id\":\"https:\/\/www.pressenza.com\/es\/2019\/02\/comienza-un-ano-de-celebraciones-en-punta-de-vacas-argentina-con-motivo-del-quincuagesimo-aniversario-de-la-guia-espiritual-silo\/#primaryimage\"},\"image\":{\"@id\":\"https:\/\/www.pressenza.com\/es\/2019\/02\/comienza-un-ano-de-celebraciones-en-punta-de-vacas-argentina-con-motivo-del-quincuagesimo-aniversario-de-la-guia-espiritual-silo\/#primaryimage\"},\"thumbnailUrl\":\"https:\/\/www.pressenza.com\/wp-content\/uploads\/2019\/02\/2019-01-Punta-de-Vacas-07.jpg\",\"datePublished\":\"2019-02-05T02:42:31+00:00\",\"dateModified\":\"2019-02-14T01:07:07+00:00\",\"description\":\"Texto: Tito de Casas y Tony Robinson, Fotos: Rafael Edwards Durante la primera semana de enero de 2019, siloistas de todo el mundo se reunieron en Punta\",\"breadcrumb\":{\"@id\":\"https:\/\/www.pressenza.com\/es\/2019\/02\/comienza-un-ano-de-celebraciones-en-punta-de-vacas-argentina-con-motivo-del-quincuagesimo-aniversario-de-la-guia-espiritual-silo\/#breadcrumb\"},\"inLanguage\":\"es\",\"potentialAction\":[{\"@type\":\"ReadAction\",\"target\":[\"https:\/\/www.pressenza.com\/es\/2019\/02\/comienza-un-ano-de-celebraciones-en-punta-de-vacas-argentina-con-motivo-del-quincuagesimo-aniversario-de-la-guia-espiritual-silo\/\"]}]},{\"@type\":\"ImageObject\",\"inLanguage\":\"es\",\"@id\":\"https:\/\/www.pressenza.com\/es\/2019\/02\/comienza-un-ano-de-celebraciones-en-punta-de-vacas-argentina-con-motivo-del-quincuagesimo-aniversario-de-la-guia-espiritual-silo\/#primaryimage\",\"url\":\"https:\/\/www.pressenza.com\/wp-content\/uploads\/2019\/02\/2019-01-Punta-de-Vacas-07.jpg\",\"contentUrl\":\"https:\/\/www.pressenza.com\/wp-content\/uploads\/2019\/02\/2019-01-Punta-de-Vacas-07.jpg\",\"width\":1600,\"height\":980},{\"@type\":\"BreadcrumbList\",\"@id\":\"https:\/\/www.pressenza.com\/es\/2019\/02\/comienza-un-ano-de-celebraciones-en-punta-de-vacas-argentina-con-motivo-del-quincuagesimo-aniversario-de-la-guia-espiritual-silo\/#breadcrumb\",\"itemListElement\":[{\"@type\":\"ListItem\",\"position\":1,\"name\":\"Accueil\",\"item\":\"https:\/\/www.pressenza.com\/es\/\"},{\"@type\":\"ListItem\",\"position\":2,\"name\":\"Silo, 50 a\u00f1os de espiritualidad: inicio de un a\u00f1o de celebraciones en Punta de Vacas, Argentina\"}]},{\"@type\":\"WebSite\",\"@id\":\"https:\/\/www.pressenza.com\/es\/#website\",\"url\":\"https:\/\/www.pressenza.com\/es\/\",\"name\":\"Pressenza\",\"description\":\"International Press Agency\",\"publisher\":{\"@id\":\"https:\/\/www.pressenza.com\/es\/#organization\"},\"potentialAction\":[{\"@type\":\"SearchAction\",\"target\":{\"@type\":\"EntryPoint\",\"urlTemplate\":\"https:\/\/www.pressenza.com\/es\/?s={search_term_string}\"},\"query-input\":{\"@type\":\"PropertyValueSpecification\",\"valueRequired\":true,\"valueName\":\"search_term_string\"}}],\"inLanguage\":\"es\"},{\"@type\":\"Organization\",\"@id\":\"https:\/\/www.pressenza.com\/es\/#organization\",\"name\":\"Pressenza\",\"url\":\"https:\/\/www.pressenza.com\/es\/\",\"logo\":{\"@type\":\"ImageObject\",\"inLanguage\":\"es\",\"@id\":\"https:\/\/www.pressenza.com\/es\/#\/schema\/logo\/image\/\",\"url\":\"https:\/\/www.pressenza.com\/wp-content\/uploads\/2022\/10\/pressenza_logo_200x200.jpg\",\"contentUrl\":\"https:\/\/www.pressenza.com\/wp-content\/uploads\/2022\/10\/pressenza_logo_200x200.jpg\",\"width\":200,\"height\":200,\"caption\":\"Pressenza\"},\"image\":{\"@id\":\"https:\/\/www.pressenza.com\/es\/#\/schema\/logo\/image\/\"},\"sameAs\":[\"https:\/\/www.facebook.com\/PressenzaItalia\",\"https:\/\/x.com\/PressenzaIPA\"]},{\"@type\":\"Person\",\"@id\":\"https:\/\/www.pressenza.com\/es\/#\/schema\/person\/3e897a9ceda3579beea4bb9a93021e17\",\"name\":\"Silvia Swinden\",\"description\":\"Silvia Swinden - Author of \u201cFrom Monkey Sapiens to Homo Intentional: The Phenomenology of the Nonviolent Revolution\u201d \u2013 Adonis &amp; Abbey, London 2006. Pressenza London Editor\",\"sameAs\":[\"https:\/\/www.facebook.com\/silvia.swinden\"],\"url\":\"https:\/\/www.pressenza.com\/es\/author\/silvia-swinden\/\"}]}<\/script>\n<!-- \/ Yoast SEO plugin. -->","yoast_head_json":{"title":"Silo, 50 a\u00f1os de espiritualidad: inicio de un a\u00f1o de celebraciones en Punta de Vacas, Argentina","description":"Texto: Tito de Casas y Tony Robinson, Fotos: Rafael Edwards Durante la primera semana de enero de 2019, siloistas de todo el mundo se reunieron en Punta","robots":{"index":"index","follow":"follow","max-snippet":"max-snippet:-1","max-image-preview":"max-image-preview:large","max-video-preview":"max-video-preview:-1"},"canonical":"https:\/\/www.pressenza.com\/es\/2019\/02\/comienza-un-ano-de-celebraciones-en-punta-de-vacas-argentina-con-motivo-del-quincuagesimo-aniversario-de-la-guia-espiritual-silo\/","og_locale":"es_ES","og_type":"article","og_title":"Silo, 50 a\u00f1os de espiritualidad: inicio de un a\u00f1o de celebraciones en Punta de Vacas, Argentina","og_description":"Texto: Tito de Casas y Tony Robinson, Fotos: Rafael Edwards Durante la primera semana de enero de 2019, siloistas de todo el mundo se reunieron en Punta","og_url":"https:\/\/www.pressenza.com\/es\/2019\/02\/comienza-un-ano-de-celebraciones-en-punta-de-vacas-argentina-con-motivo-del-quincuagesimo-aniversario-de-la-guia-espiritual-silo\/","og_site_name":"Pressenza","article_publisher":"https:\/\/www.facebook.com\/PressenzaItalia","article_author":"https:\/\/www.facebook.com\/silvia.swinden","article_published_time":"2019-02-05T02:42:31+00:00","article_modified_time":"2019-02-14T01:07:07+00:00","og_image":[{"width":1600,"height":980,"url":"https:\/\/www.pressenza.com\/wp-content\/uploads\/2019\/02\/2019-01-Punta-de-Vacas-07.jpg","type":"image\/jpeg"}],"author":"Silvia Swinden","twitter_card":"summary_large_image","twitter_creator":"@PressenzaIPA","twitter_site":"@PressenzaIPA","twitter_misc":{"Escrito por":"Silvia Swinden","Tiempo de lectura":"3 minutos"},"schema":{"@context":"https:\/\/schema.org","@graph":[{"@type":"Article","@id":"https:\/\/www.pressenza.com\/es\/2019\/02\/comienza-un-ano-de-celebraciones-en-punta-de-vacas-argentina-con-motivo-del-quincuagesimo-aniversario-de-la-guia-espiritual-silo\/#article","isPartOf":{"@id":"https:\/\/www.pressenza.com\/es\/2019\/02\/comienza-un-ano-de-celebraciones-en-punta-de-vacas-argentina-con-motivo-del-quincuagesimo-aniversario-de-la-guia-espiritual-silo\/"},"author":{"name":"Silvia Swinden","@id":"https:\/\/www.pressenza.com\/es\/#\/schema\/person\/3e897a9ceda3579beea4bb9a93021e17"},"headline":"Silo, 50 a\u00f1os de espiritualidad: inicio de un a\u00f1o de celebraciones en Punta de Vacas, Argentina","datePublished":"2019-02-05T02:42:31+00:00","dateModified":"2019-02-14T01:07:07+00:00","mainEntityOfPage":{"@id":"https:\/\/www.pressenza.com\/es\/2019\/02\/comienza-un-ano-de-celebraciones-en-punta-de-vacas-argentina-con-motivo-del-quincuagesimo-aniversario-de-la-guia-espiritual-silo\/"},"wordCount":594,"publisher":{"@id":"https:\/\/www.pressenza.com\/es\/#organization"},"image":{"@id":"https:\/\/www.pressenza.com\/es\/2019\/02\/comienza-un-ano-de-celebraciones-en-punta-de-vacas-argentina-con-motivo-del-quincuagesimo-aniversario-de-la-guia-espiritual-silo\/#primaryimage"},"thumbnailUrl":"https:\/\/www.pressenza.com\/wp-content\/uploads\/2019\/02\/2019-01-Punta-de-Vacas-07.jpg","keywords":["Argentina","El Mensaje de Silo","Humanist Movement","Movimiento Humanista","Silo"],"articleSection":["Contenido Original","Humanismo y Espiritualidad","Internacional"],"inLanguage":"es"},{"@type":"WebPage","@id":"https:\/\/www.pressenza.com\/es\/2019\/02\/comienza-un-ano-de-celebraciones-en-punta-de-vacas-argentina-con-motivo-del-quincuagesimo-aniversario-de-la-guia-espiritual-silo\/","url":"https:\/\/www.pressenza.com\/es\/2019\/02\/comienza-un-ano-de-celebraciones-en-punta-de-vacas-argentina-con-motivo-del-quincuagesimo-aniversario-de-la-guia-espiritual-silo\/","name":"Silo, 50 a\u00f1os de espiritualidad: inicio de un a\u00f1o de celebraciones en Punta de Vacas, Argentina","isPartOf":{"@id":"https:\/\/www.pressenza.com\/es\/#website"},"primaryImageOfPage":{"@id":"https:\/\/www.pressenza.com\/es\/2019\/02\/comienza-un-ano-de-celebraciones-en-punta-de-vacas-argentina-con-motivo-del-quincuagesimo-aniversario-de-la-guia-espiritual-silo\/#primaryimage"},"image":{"@id":"https:\/\/www.pressenza.com\/es\/2019\/02\/comienza-un-ano-de-celebraciones-en-punta-de-vacas-argentina-con-motivo-del-quincuagesimo-aniversario-de-la-guia-espiritual-silo\/#primaryimage"},"thumbnailUrl":"https:\/\/www.pressenza.com\/wp-content\/uploads\/2019\/02\/2019-01-Punta-de-Vacas-07.jpg","datePublished":"2019-02-05T02:42:31+00:00","dateModified":"2019-02-14T01:07:07+00:00","description":"Texto: Tito de Casas y Tony Robinson, Fotos: Rafael Edwards Durante la primera semana de enero de 2019, siloistas de todo el mundo se reunieron en Punta","breadcrumb":{"@id":"https:\/\/www.pressenza.com\/es\/2019\/02\/comienza-un-ano-de-celebraciones-en-punta-de-vacas-argentina-con-motivo-del-quincuagesimo-aniversario-de-la-guia-espiritual-silo\/#breadcrumb"},"inLanguage":"es","potentialAction":[{"@type":"ReadAction","target":["https:\/\/www.pressenza.com\/es\/2019\/02\/comienza-un-ano-de-celebraciones-en-punta-de-vacas-argentina-con-motivo-del-quincuagesimo-aniversario-de-la-guia-espiritual-silo\/"]}]},{"@type":"ImageObject","inLanguage":"es","@id":"https:\/\/www.pressenza.com\/es\/2019\/02\/comienza-un-ano-de-celebraciones-en-punta-de-vacas-argentina-con-motivo-del-quincuagesimo-aniversario-de-la-guia-espiritual-silo\/#primaryimage","url":"https:\/\/www.pressenza.com\/wp-content\/uploads\/2019\/02\/2019-01-Punta-de-Vacas-07.jpg","contentUrl":"https:\/\/www.pressenza.com\/wp-content\/uploads\/2019\/02\/2019-01-Punta-de-Vacas-07.jpg","width":1600,"height":980},{"@type":"BreadcrumbList","@id":"https:\/\/www.pressenza.com\/es\/2019\/02\/comienza-un-ano-de-celebraciones-en-punta-de-vacas-argentina-con-motivo-del-quincuagesimo-aniversario-de-la-guia-espiritual-silo\/#breadcrumb","itemListElement":[{"@type":"ListItem","position":1,"name":"Accueil","item":"https:\/\/www.pressenza.com\/es\/"},{"@type":"ListItem","position":2,"name":"Silo, 50 a\u00f1os de espiritualidad: inicio de un a\u00f1o de celebraciones en Punta de Vacas, Argentina"}]},{"@type":"WebSite","@id":"https:\/\/www.pressenza.com\/es\/#website","url":"https:\/\/www.pressenza.com\/es\/","name":"Pressenza","description":"International Press Agency","publisher":{"@id":"https:\/\/www.pressenza.com\/es\/#organization"},"potentialAction":[{"@type":"SearchAction","target":{"@type":"EntryPoint","urlTemplate":"https:\/\/www.pressenza.com\/es\/?s={search_term_string}"},"query-input":{"@type":"PropertyValueSpecification","valueRequired":true,"valueName":"search_term_string"}}],"inLanguage":"es"},{"@type":"Organization","@id":"https:\/\/www.pressenza.com\/es\/#organization","name":"Pressenza","url":"https:\/\/www.pressenza.com\/es\/","logo":{"@type":"ImageObject","inLanguage":"es","@id":"https:\/\/www.pressenza.com\/es\/#\/schema\/logo\/image\/","url":"https:\/\/www.pressenza.com\/wp-content\/uploads\/2022\/10\/pressenza_logo_200x200.jpg","contentUrl":"https:\/\/www.pressenza.com\/wp-content\/uploads\/2022\/10\/pressenza_logo_200x200.jpg","width":200,"height":200,"caption":"Pressenza"},"image":{"@id":"https:\/\/www.pressenza.com\/es\/#\/schema\/logo\/image\/"},"sameAs":["https:\/\/www.facebook.com\/PressenzaItalia","https:\/\/x.com\/PressenzaIPA"]},{"@type":"Person","@id":"https:\/\/www.pressenza.com\/es\/#\/schema\/person\/3e897a9ceda3579beea4bb9a93021e17","name":"Silvia Swinden","description":"Silvia Swinden - Author of \u201cFrom Monkey Sapiens to Homo Intentional: The Phenomenology of the Nonviolent Revolution\u201d \u2013 Adonis &amp; Abbey, London 2006. Pressenza London Editor","sameAs":["https:\/\/www.facebook.com\/silvia.swinden"],"url":"https:\/\/www.pressenza.com\/es\/author\/silvia-swinden\/"}]}},"place":"Punta de Vacas, Argentina","original_article_url":"","_links":{"self":[{"href":"https:\/\/www.pressenza.com\/es\/wp-json\/wp\/v2\/posts\/802002","targetHints":{"allow":["GET"]}}],"collection":[{"href":"https:\/\/www.pressenza.com\/es\/wp-json\/wp\/v2\/posts"}],"about":[{"href":"https:\/\/www.pressenza.com\/es\/wp-json\/wp\/v2\/types\/post"}],"author":[{"embeddable":true,"href":"https:\/\/www.pressenza.com\/es\/wp-json\/wp\/v2\/users\/66"}],"replies":[{"embeddable":true,"href":"https:\/\/www.pressenza.com\/es\/wp-json\/wp\/v2\/comments?post=802002"}],"version-history":[{"count":0,"href":"https:\/\/www.pressenza.com\/es\/wp-json\/wp\/v2\/posts\/802002\/revisions"}],"wp:featuredmedia":[{"embeddable":true,"href":"https:\/\/www.pressenza.com\/es\/wp-json\/wp\/v2\/media\/799462"}],"wp:attachment":[{"href":"https:\/\/www.pressenza.com\/es\/wp-json\/wp\/v2\/media?parent=802002"}],"wp:term":[{"taxonomy":"category","embeddable":true,"href":"https:\/\/www.pressenza.com\/es\/wp-json\/wp\/v2\/categories?post=802002"},{"taxonomy":"post_tag","embeddable":true,"href":"https:\/\/www.pressenza.com\/es\/wp-json\/wp\/v2\/tags?post=802002"}],"curies":[{"name":"wp","href":"https:\/\/api.w.org\/{rel}","templated":true}]}}