{"id":799819,"date":"2019-02-01T22:09:02","date_gmt":"2019-02-01T22:09:02","guid":{"rendered":"https:\/\/www.pressenza.com\/?p=799819"},"modified":"2019-02-06T20:50:15","modified_gmt":"2019-02-06T20:50:15","slug":"en-la-lengua-mapuche-no-existe-la-palabra-muerte","status":"publish","type":"post","link":"https:\/\/www.pressenza.com\/es\/2019\/02\/en-la-lengua-mapuche-no-existe-la-palabra-muerte\/","title":{"rendered":"En la lengua mapuche no existe la palabra muerte"},"content":{"rendered":"<p><em>Por<strong> Ver\u00f3nica Azpiroz Cle\u00f1an*<\/strong><\/em><\/p>\n<p>Esta ma\u00f1ana mi abuela, Manuela D\u00edaz de Cle\u00f1an, inici\u00f3 su viaje final al <em>wenu mapu<\/em>, al espacio azul. Dicen los antiguos que subi\u00f3 en su <em>sulky<\/em>, lleno de zapallos, camotes y sandias. En los bolsillos llev\u00f3 muchas semillas. Entre ellas ma\u00edz y trigo para no pasar hambre. Dicen que la esperan los Antiguos. Habr\u00e1 gran asado de lech\u00f3n y cordero estos cuatro d\u00edas all\u00e1, porque eso le gustaba comer y seguramente alg\u00fan pavito tambi\u00e9n.<\/p>\n<p>Su transformaci\u00f3n en puro esp\u00edritu inici\u00f3 hoy, 26 de enero y se completar\u00e1 en cuatro d\u00edas. Espero escuchar el <em>tue tue<\/em>, para avisarme que ya lleg\u00f3 bien. Que hubo encuentro con su linaje ancestral.<\/p>\n<p>Evidentemente su descanso no ser\u00e1 alrededor de la Laguna La Azotea, cementerio hist\u00f3rico mapuche a\u00fan sin habilitar en Los Toldos. Todos sabemos que ese conflicto no est\u00e1 resuelto y es una deuda pendiente de la gesti\u00f3n actual y de la que vendr\u00e1: reconocer los espacios sagrados y los rituales mortuorios de la naci\u00f3n mapuche como un derecho. Derecho a Buen Vivir y derecho a Buen Morir.<\/p>\n<p>El Estado prohibi\u00f3 al pueblo mapuche enterrar a su gente en La Azotea, desde 1901 y el responsable de perpetuar este impedimento hoy, es el Municipio de General Viamonte.<\/p>\n<p>Mi abuela ser\u00e1 despojada, a\u00fan en su entierro, de su cultura\u2013su territorio. Su esp\u00edritu volver\u00e1 en amaneceres y atardeceres luminosos, rodeado de cantos de grillos, ranas, calandrias, chaj\u00e1s, de teros y de zorros.<\/p>\n<p>En los amaneceres \u2013de ni\u00f1a\u2013 siempre vi a mi abuela hacer su <em>jejipun<\/em>, su oraci\u00f3n de la ma\u00f1ana en una ventana de su cocina que daba al <em>pwel,<\/em> al este, en su hermosa casa de adobe llena de flores. Nunca la vi pobre a la casa de mi abuela. La sent\u00ed hermosa. Un patio de tierra barrido por las ma\u00f1ana por ella, lleno de gallinas que tambi\u00e9n alimentaba con su ma\u00edz. Nunca me explic\u00f3 por qu\u00e9 hac\u00eda su <em>jejipun<\/em> con yerba. Pero, s\u00ed. La v\u00ed hacerlo.<\/p>\n<p>Manuela fue madre de ocho hijos y abuela de treinta y cinco nietos, bisabuela de m\u00e1s de diez bisnietos. Soy la primera de todas sus nietas. Manuela fue una mujer elegante. Sus p\u00f3mulos sobresalientes mostraron siempre su cara de <em>kulxug<\/em>, aunque ella no asum\u00eda su ser mujer mapuche p\u00fablicamente. Su rostro lo anunciaba y su tez morena tambi\u00e9n. Su cotidianeidad la hablaba: mujer mapuche que organiza y ordena su entorno.<\/p>\n<p>Vivi\u00f3 una relaci\u00f3n de g\u00e9nero dif\u00edcil con mi abuelo. Como todas las mujeres mapuche, aprendi\u00f3 a callar sus miedos en los silencios del atardecer. Eran m\u00e1s peligrosos los <em>wigka<\/em> que vinieran a sacarle el campo, que el viejo que aveces volv\u00eda borracho a la noche a casa. Entendi\u00f3 perfectamente cu\u00e1l era el verdadero peligro. Aprendi\u00f3 a defender su territorio con su agricultura: carneaba, pelaba gallinas, hac\u00eda con su grasa unto sin sal para el cuidado de su familia. En las noches de tormenta sab\u00eda qu\u00e9 hacer para dialogar con los <em>pu newen<\/em> para que no afectara su casa, sus animales.<\/p>\n<p>Manuela no supo leer y escribir en castellano. Pero supo el lenguaje de su tierra: cuid\u00f3 la semilla antigua, la atesor\u00f3 y resembr\u00f3 siempre. A\u00fan hoy, despu\u00e9s de cinco a\u00f1os de regresar al territorio yo no s\u00e9 cultivar la huerta como ella. Desde las cuatro de la ma\u00f1ana carp\u00eda su quinta para alimentar sus hijos. \u00bfCu\u00e1ntas mujeres mapuche actualmente cuidan las semillas, las cultivan y alimentan sus hijos?<\/p>\n<p>Un entierro digno, para m\u00ed es un entierro con los rituales de la cultura a la cual perteneci\u00f3. No lo entendieron as\u00ed sus hijos. Les gan\u00f3 la colonizaci\u00f3n. El borramiento de la identidad mapuche en la muerte y en el nacimiento, es uno de los pilares que el cristianismo instal\u00f3 en nuestro territorio. Cruces al morir, y dolor al parir. S\u00edmbolos y creencias que se reproducen y se reproducen. El otro gran rasgo de la evangelizaci\u00f3n es el autoritarismo. La catolicidad es eso: la pretensi\u00f3n de universalizar una creencia y sus rituales, por encima de las otras religiones y creencias.<\/p>\n<p>\u00bfQu\u00e9 se dispara en las familias mapuche para llevar a su familiar muerto en un caj\u00f3n con una cruz y ver quiz\u00e1s un cura con alguna cara de circunstancia, haciendo rituales inentendibles y leyendo frases inertes para la cultura mapuche? \u00bfCu\u00e1l ser\u00e1 el salvajismo que la cristiandad conden\u00f3 para que el Estado se hiciera eco de universalizar ese modo de morir y ser enterrado? \u00bfQui\u00e9nes son los salvajes, hoy?<\/p>\n<p>Nosotros en estos cuatro d\u00edas de viaje de mi abuela al encuentro con sus ancestros, comeremos lo que a ella le gustaba. Tomaremos vino blanco en su memoria, su preferido, vino blanco. Haremos nuestros rituales porque a pesar del intento del borramiento de la identidad, algunxs de sus nietxs y bisnietos amamos la forma mapuche de entendimiento de la vida y de la muerte. Sin l\u00e1grimas, sin vac\u00edos, sino con una profunda reflexi\u00f3n sobre los ciclos de la vida, los ciclos naturales que acompasamos con nuestra existencia y el ciclo que Manuela termin\u00f3 e inici\u00f3.<\/p>\n<p>No existe la palabra muerte en la lengua mapuche para describir ese estado en las personas. Cuando alguien muere, se dice <em>\u201cmapulug\u00fcn\u201d<\/em>. <em>Mapulug\u00fcn<\/em> es volverse territorio. Manuela, ya es territorio\u2013vida. Por eso, con Kajf\u00fckura seguiremos afirmando que no hay muerte: \u201cEn los hijos, de mis hijos me levantar\u00e9\u201d. <em>K\u00fcme rupu \u00f1i chuchu<\/em> Manuela! <em>Pewmagen \u00f1i p\u00fcj\u00fc remapuchegei\u00f1<\/em><\/p>\n<hr \/>\n<p>* Ver\u00f3nica Azpiroz Cle\u00f1an es integrante de la Comunidad Mapuche Epu Lafken, Los Toldos.<\/p>\n","protected":false},"excerpt":{"rendered":"<p>Por Ver\u00f3nica Azpiroz Cle\u00f1an* Esta ma\u00f1ana mi abuela, Manuela D\u00edaz de Cle\u00f1an, inici\u00f3 su viaje final al wenu mapu, al espacio azul. Dicen los antiguos que subi\u00f3 en su sulky, lleno de zapallos, camotes y sandias. En los bolsillos llev\u00f3&hellip;<\/p>\n","protected":false},"author":1256,"featured_media":799820,"comment_status":"closed","ping_status":"closed","sticky":false,"template":"","format":"standard","meta":{"footnotes":""},"categories":[75,54515,80,67],"tags":[503,54082,26584,936,1046,27815,22210,18507],"class_list":["post-799819","post","type-post","status-publish","format-standard","has-post-thumbnail","hentry","category-cultura-es","category-genero-y-feminismos","category-pueblos-originarios","category-sudamerica","tag-genero","tag-indigenas-es","tag-mapuce","tag-mapuche-es","tag-muerte","tag-mujer","tag-pueblos-originarios","tag-territorios"],"yoast_head":"<!-- This site is optimized with the Yoast SEO plugin v27.1.1 - https:\/\/yoast.com\/product\/yoast-seo-wordpress\/ -->\n<title>En la lengua mapuche no existe la palabra muerte<\/title>\n<meta name=\"description\" content=\"Por Ver\u00f3nica Azpiroz Cle\u00f1an* Esta ma\u00f1ana mi abuela, Manuela D\u00edaz de Cle\u00f1an, inici\u00f3 su viaje final al wenu mapu, al espacio azul. Dicen los antiguos que\" \/>\n<meta name=\"robots\" content=\"index, follow, max-snippet:-1, max-image-preview:large, max-video-preview:-1\" \/>\n<link rel=\"canonical\" href=\"https:\/\/www.pressenza.com\/es\/2019\/02\/en-la-lengua-mapuche-no-existe-la-palabra-muerte\/\" \/>\n<meta property=\"og:locale\" content=\"es_ES\" \/>\n<meta property=\"og:type\" content=\"article\" \/>\n<meta property=\"og:title\" content=\"En la lengua mapuche no existe la palabra muerte\" \/>\n<meta property=\"og:description\" content=\"Por Ver\u00f3nica Azpiroz Cle\u00f1an* Esta ma\u00f1ana mi abuela, Manuela D\u00edaz de Cle\u00f1an, inici\u00f3 su viaje final al wenu mapu, al espacio azul. Dicen los antiguos que\" \/>\n<meta property=\"og:url\" content=\"https:\/\/www.pressenza.com\/es\/2019\/02\/en-la-lengua-mapuche-no-existe-la-palabra-muerte\/\" \/>\n<meta property=\"og:site_name\" content=\"Pressenza\" \/>\n<meta property=\"article:publisher\" content=\"https:\/\/www.facebook.com\/PressenzaItalia\" \/>\n<meta property=\"article:author\" content=\"https:\/\/www.facebook.com\/servindinoticias\/?fref=ts\" \/>\n<meta property=\"article:published_time\" content=\"2019-02-01T22:09:02+00:00\" \/>\n<meta property=\"article:modified_time\" content=\"2019-02-06T20:50:15+00:00\" \/>\n<meta property=\"og:image\" content=\"https:\/\/www.pressenza.com\/wp-content\/uploads\/2019\/02\/Mujeres-mapuche-CC0.jpg\" \/>\n\t<meta property=\"og:image:width\" content=\"1024\" \/>\n\t<meta property=\"og:image:height\" content=\"714\" \/>\n\t<meta property=\"og:image:type\" content=\"image\/jpeg\" \/>\n<meta name=\"author\" content=\"SERVINDI\" \/>\n<meta name=\"twitter:card\" content=\"summary_large_image\" \/>\n<meta name=\"twitter:creator\" content=\"@servindi\" \/>\n<meta name=\"twitter:site\" content=\"@PressenzaIPA\" \/>\n<meta name=\"twitter:label1\" content=\"Escrito por\" \/>\n\t<meta name=\"twitter:data1\" content=\"SERVINDI\" \/>\n\t<meta name=\"twitter:label2\" content=\"Tiempo de lectura\" \/>\n\t<meta name=\"twitter:data2\" content=\"5 minutos\" \/>\n<script type=\"application\/ld+json\" class=\"yoast-schema-graph\">{\"@context\":\"https:\/\/schema.org\",\"@graph\":[{\"@type\":\"Article\",\"@id\":\"https:\/\/www.pressenza.com\/es\/2019\/02\/en-la-lengua-mapuche-no-existe-la-palabra-muerte\/#article\",\"isPartOf\":{\"@id\":\"https:\/\/www.pressenza.com\/es\/2019\/02\/en-la-lengua-mapuche-no-existe-la-palabra-muerte\/\"},\"author\":{\"name\":\"SERVINDI\",\"@id\":\"https:\/\/www.pressenza.com\/es\/#\/schema\/person\/6f7bffaf2962fc89e55e93589c50d908\"},\"headline\":\"En la lengua mapuche no existe la palabra muerte\",\"datePublished\":\"2019-02-01T22:09:02+00:00\",\"dateModified\":\"2019-02-06T20:50:15+00:00\",\"mainEntityOfPage\":{\"@id\":\"https:\/\/www.pressenza.com\/es\/2019\/02\/en-la-lengua-mapuche-no-existe-la-palabra-muerte\/\"},\"wordCount\":972,\"publisher\":{\"@id\":\"https:\/\/www.pressenza.com\/es\/#organization\"},\"image\":{\"@id\":\"https:\/\/www.pressenza.com\/es\/2019\/02\/en-la-lengua-mapuche-no-existe-la-palabra-muerte\/#primaryimage\"},\"thumbnailUrl\":\"https:\/\/www.pressenza.com\/wp-content\/uploads\/2019\/02\/Mujeres-mapuche-CC0.jpg\",\"keywords\":[\"G\u00e9nero\",\"indigenas\",\"mapuce\",\"mapuche\",\"muerte\",\"mujer\",\"Pueblos Originarios\",\"territorios\"],\"articleSection\":[\"Cultura y Medios\",\"G\u00e9nero y Feminismos\",\"Pueblos Originarios\",\"Sudam\u00e9rica\"],\"inLanguage\":\"es\"},{\"@type\":\"WebPage\",\"@id\":\"https:\/\/www.pressenza.com\/es\/2019\/02\/en-la-lengua-mapuche-no-existe-la-palabra-muerte\/\",\"url\":\"https:\/\/www.pressenza.com\/es\/2019\/02\/en-la-lengua-mapuche-no-existe-la-palabra-muerte\/\",\"name\":\"En la lengua mapuche no existe la palabra muerte\",\"isPartOf\":{\"@id\":\"https:\/\/www.pressenza.com\/es\/#website\"},\"primaryImageOfPage\":{\"@id\":\"https:\/\/www.pressenza.com\/es\/2019\/02\/en-la-lengua-mapuche-no-existe-la-palabra-muerte\/#primaryimage\"},\"image\":{\"@id\":\"https:\/\/www.pressenza.com\/es\/2019\/02\/en-la-lengua-mapuche-no-existe-la-palabra-muerte\/#primaryimage\"},\"thumbnailUrl\":\"https:\/\/www.pressenza.com\/wp-content\/uploads\/2019\/02\/Mujeres-mapuche-CC0.jpg\",\"datePublished\":\"2019-02-01T22:09:02+00:00\",\"dateModified\":\"2019-02-06T20:50:15+00:00\",\"description\":\"Por Ver\u00f3nica Azpiroz Cle\u00f1an* Esta ma\u00f1ana mi abuela, Manuela D\u00edaz de Cle\u00f1an, inici\u00f3 su viaje final al wenu mapu, al espacio azul. Dicen los antiguos que\",\"breadcrumb\":{\"@id\":\"https:\/\/www.pressenza.com\/es\/2019\/02\/en-la-lengua-mapuche-no-existe-la-palabra-muerte\/#breadcrumb\"},\"inLanguage\":\"es\",\"potentialAction\":[{\"@type\":\"ReadAction\",\"target\":[\"https:\/\/www.pressenza.com\/es\/2019\/02\/en-la-lengua-mapuche-no-existe-la-palabra-muerte\/\"]}]},{\"@type\":\"ImageObject\",\"inLanguage\":\"es\",\"@id\":\"https:\/\/www.pressenza.com\/es\/2019\/02\/en-la-lengua-mapuche-no-existe-la-palabra-muerte\/#primaryimage\",\"url\":\"https:\/\/www.pressenza.com\/wp-content\/uploads\/2019\/02\/Mujeres-mapuche-CC0.jpg\",\"contentUrl\":\"https:\/\/www.pressenza.com\/wp-content\/uploads\/2019\/02\/Mujeres-mapuche-CC0.jpg\",\"width\":1024,\"height\":714},{\"@type\":\"BreadcrumbList\",\"@id\":\"https:\/\/www.pressenza.com\/es\/2019\/02\/en-la-lengua-mapuche-no-existe-la-palabra-muerte\/#breadcrumb\",\"itemListElement\":[{\"@type\":\"ListItem\",\"position\":1,\"name\":\"Accueil\",\"item\":\"https:\/\/www.pressenza.com\/es\/\"},{\"@type\":\"ListItem\",\"position\":2,\"name\":\"En la lengua mapuche no existe la palabra muerte\"}]},{\"@type\":\"WebSite\",\"@id\":\"https:\/\/www.pressenza.com\/es\/#website\",\"url\":\"https:\/\/www.pressenza.com\/es\/\",\"name\":\"Pressenza\",\"description\":\"International Press Agency\",\"publisher\":{\"@id\":\"https:\/\/www.pressenza.com\/es\/#organization\"},\"potentialAction\":[{\"@type\":\"SearchAction\",\"target\":{\"@type\":\"EntryPoint\",\"urlTemplate\":\"https:\/\/www.pressenza.com\/es\/?s={search_term_string}\"},\"query-input\":{\"@type\":\"PropertyValueSpecification\",\"valueRequired\":true,\"valueName\":\"search_term_string\"}}],\"inLanguage\":\"es\"},{\"@type\":\"Organization\",\"@id\":\"https:\/\/www.pressenza.com\/es\/#organization\",\"name\":\"Pressenza\",\"url\":\"https:\/\/www.pressenza.com\/es\/\",\"logo\":{\"@type\":\"ImageObject\",\"inLanguage\":\"es\",\"@id\":\"https:\/\/www.pressenza.com\/es\/#\/schema\/logo\/image\/\",\"url\":\"https:\/\/www.pressenza.com\/wp-content\/uploads\/2022\/10\/pressenza_logo_200x200.jpg\",\"contentUrl\":\"https:\/\/www.pressenza.com\/wp-content\/uploads\/2022\/10\/pressenza_logo_200x200.jpg\",\"width\":200,\"height\":200,\"caption\":\"Pressenza\"},\"image\":{\"@id\":\"https:\/\/www.pressenza.com\/es\/#\/schema\/logo\/image\/\"},\"sameAs\":[\"https:\/\/www.facebook.com\/PressenzaItalia\",\"https:\/\/x.com\/PressenzaIPA\"]},{\"@type\":\"Person\",\"@id\":\"https:\/\/www.pressenza.com\/es\/#\/schema\/person\/6f7bffaf2962fc89e55e93589c50d908\",\"name\":\"SERVINDI\",\"description\":\"Conscientes de nuestro rol de apoyo y acompa\u00f1amiento operamos como una agencia de noticias y elaboramos notas informativas, informes especiales, entrevistas y producciones de audio y v\u00eddeo, relacionadas al acontecer ind\u00edgena y ambiental nacional y mundial. www.servindi.org\",\"sameAs\":[\"https:\/\/www.facebook.com\/servindinoticias\/?fref=ts\",\"https:\/\/x.com\/servindi\"],\"url\":\"https:\/\/www.pressenza.com\/es\/author\/servindi\/\"}]}<\/script>\n<!-- \/ Yoast SEO plugin. -->","yoast_head_json":{"title":"En la lengua mapuche no existe la palabra muerte","description":"Por Ver\u00f3nica Azpiroz Cle\u00f1an* Esta ma\u00f1ana mi abuela, Manuela D\u00edaz de Cle\u00f1an, inici\u00f3 su viaje final al wenu mapu, al espacio azul. Dicen los antiguos que","robots":{"index":"index","follow":"follow","max-snippet":"max-snippet:-1","max-image-preview":"max-image-preview:large","max-video-preview":"max-video-preview:-1"},"canonical":"https:\/\/www.pressenza.com\/es\/2019\/02\/en-la-lengua-mapuche-no-existe-la-palabra-muerte\/","og_locale":"es_ES","og_type":"article","og_title":"En la lengua mapuche no existe la palabra muerte","og_description":"Por Ver\u00f3nica Azpiroz Cle\u00f1an* Esta ma\u00f1ana mi abuela, Manuela D\u00edaz de Cle\u00f1an, inici\u00f3 su viaje final al wenu mapu, al espacio azul. Dicen los antiguos que","og_url":"https:\/\/www.pressenza.com\/es\/2019\/02\/en-la-lengua-mapuche-no-existe-la-palabra-muerte\/","og_site_name":"Pressenza","article_publisher":"https:\/\/www.facebook.com\/PressenzaItalia","article_author":"https:\/\/www.facebook.com\/servindinoticias\/?fref=ts","article_published_time":"2019-02-01T22:09:02+00:00","article_modified_time":"2019-02-06T20:50:15+00:00","og_image":[{"width":1024,"height":714,"url":"https:\/\/www.pressenza.com\/wp-content\/uploads\/2019\/02\/Mujeres-mapuche-CC0.jpg","type":"image\/jpeg"}],"author":"SERVINDI","twitter_card":"summary_large_image","twitter_creator":"@servindi","twitter_site":"@PressenzaIPA","twitter_misc":{"Escrito por":"SERVINDI","Tiempo de lectura":"5 minutos"},"schema":{"@context":"https:\/\/schema.org","@graph":[{"@type":"Article","@id":"https:\/\/www.pressenza.com\/es\/2019\/02\/en-la-lengua-mapuche-no-existe-la-palabra-muerte\/#article","isPartOf":{"@id":"https:\/\/www.pressenza.com\/es\/2019\/02\/en-la-lengua-mapuche-no-existe-la-palabra-muerte\/"},"author":{"name":"SERVINDI","@id":"https:\/\/www.pressenza.com\/es\/#\/schema\/person\/6f7bffaf2962fc89e55e93589c50d908"},"headline":"En la lengua mapuche no existe la palabra muerte","datePublished":"2019-02-01T22:09:02+00:00","dateModified":"2019-02-06T20:50:15+00:00","mainEntityOfPage":{"@id":"https:\/\/www.pressenza.com\/es\/2019\/02\/en-la-lengua-mapuche-no-existe-la-palabra-muerte\/"},"wordCount":972,"publisher":{"@id":"https:\/\/www.pressenza.com\/es\/#organization"},"image":{"@id":"https:\/\/www.pressenza.com\/es\/2019\/02\/en-la-lengua-mapuche-no-existe-la-palabra-muerte\/#primaryimage"},"thumbnailUrl":"https:\/\/www.pressenza.com\/wp-content\/uploads\/2019\/02\/Mujeres-mapuche-CC0.jpg","keywords":["G\u00e9nero","indigenas","mapuce","mapuche","muerte","mujer","Pueblos Originarios","territorios"],"articleSection":["Cultura y Medios","G\u00e9nero y Feminismos","Pueblos Originarios","Sudam\u00e9rica"],"inLanguage":"es"},{"@type":"WebPage","@id":"https:\/\/www.pressenza.com\/es\/2019\/02\/en-la-lengua-mapuche-no-existe-la-palabra-muerte\/","url":"https:\/\/www.pressenza.com\/es\/2019\/02\/en-la-lengua-mapuche-no-existe-la-palabra-muerte\/","name":"En la lengua mapuche no existe la palabra muerte","isPartOf":{"@id":"https:\/\/www.pressenza.com\/es\/#website"},"primaryImageOfPage":{"@id":"https:\/\/www.pressenza.com\/es\/2019\/02\/en-la-lengua-mapuche-no-existe-la-palabra-muerte\/#primaryimage"},"image":{"@id":"https:\/\/www.pressenza.com\/es\/2019\/02\/en-la-lengua-mapuche-no-existe-la-palabra-muerte\/#primaryimage"},"thumbnailUrl":"https:\/\/www.pressenza.com\/wp-content\/uploads\/2019\/02\/Mujeres-mapuche-CC0.jpg","datePublished":"2019-02-01T22:09:02+00:00","dateModified":"2019-02-06T20:50:15+00:00","description":"Por Ver\u00f3nica Azpiroz Cle\u00f1an* Esta ma\u00f1ana mi abuela, Manuela D\u00edaz de Cle\u00f1an, inici\u00f3 su viaje final al wenu mapu, al espacio azul. Dicen los antiguos que","breadcrumb":{"@id":"https:\/\/www.pressenza.com\/es\/2019\/02\/en-la-lengua-mapuche-no-existe-la-palabra-muerte\/#breadcrumb"},"inLanguage":"es","potentialAction":[{"@type":"ReadAction","target":["https:\/\/www.pressenza.com\/es\/2019\/02\/en-la-lengua-mapuche-no-existe-la-palabra-muerte\/"]}]},{"@type":"ImageObject","inLanguage":"es","@id":"https:\/\/www.pressenza.com\/es\/2019\/02\/en-la-lengua-mapuche-no-existe-la-palabra-muerte\/#primaryimage","url":"https:\/\/www.pressenza.com\/wp-content\/uploads\/2019\/02\/Mujeres-mapuche-CC0.jpg","contentUrl":"https:\/\/www.pressenza.com\/wp-content\/uploads\/2019\/02\/Mujeres-mapuche-CC0.jpg","width":1024,"height":714},{"@type":"BreadcrumbList","@id":"https:\/\/www.pressenza.com\/es\/2019\/02\/en-la-lengua-mapuche-no-existe-la-palabra-muerte\/#breadcrumb","itemListElement":[{"@type":"ListItem","position":1,"name":"Accueil","item":"https:\/\/www.pressenza.com\/es\/"},{"@type":"ListItem","position":2,"name":"En la lengua mapuche no existe la palabra muerte"}]},{"@type":"WebSite","@id":"https:\/\/www.pressenza.com\/es\/#website","url":"https:\/\/www.pressenza.com\/es\/","name":"Pressenza","description":"International Press Agency","publisher":{"@id":"https:\/\/www.pressenza.com\/es\/#organization"},"potentialAction":[{"@type":"SearchAction","target":{"@type":"EntryPoint","urlTemplate":"https:\/\/www.pressenza.com\/es\/?s={search_term_string}"},"query-input":{"@type":"PropertyValueSpecification","valueRequired":true,"valueName":"search_term_string"}}],"inLanguage":"es"},{"@type":"Organization","@id":"https:\/\/www.pressenza.com\/es\/#organization","name":"Pressenza","url":"https:\/\/www.pressenza.com\/es\/","logo":{"@type":"ImageObject","inLanguage":"es","@id":"https:\/\/www.pressenza.com\/es\/#\/schema\/logo\/image\/","url":"https:\/\/www.pressenza.com\/wp-content\/uploads\/2022\/10\/pressenza_logo_200x200.jpg","contentUrl":"https:\/\/www.pressenza.com\/wp-content\/uploads\/2022\/10\/pressenza_logo_200x200.jpg","width":200,"height":200,"caption":"Pressenza"},"image":{"@id":"https:\/\/www.pressenza.com\/es\/#\/schema\/logo\/image\/"},"sameAs":["https:\/\/www.facebook.com\/PressenzaItalia","https:\/\/x.com\/PressenzaIPA"]},{"@type":"Person","@id":"https:\/\/www.pressenza.com\/es\/#\/schema\/person\/6f7bffaf2962fc89e55e93589c50d908","name":"SERVINDI","description":"Conscientes de nuestro rol de apoyo y acompa\u00f1amiento operamos como una agencia de noticias y elaboramos notas informativas, informes especiales, entrevistas y producciones de audio y v\u00eddeo, relacionadas al acontecer ind\u00edgena y ambiental nacional y mundial. www.servindi.org","sameAs":["https:\/\/www.facebook.com\/servindinoticias\/?fref=ts","https:\/\/x.com\/servindi"],"url":"https:\/\/www.pressenza.com\/es\/author\/servindi\/"}]}},"place":"Los Toldos, Argentina","original_article_url":"https:\/\/www.servindi.org\/actualidad-opinion\/31\/01\/2019\/en-la-lengua-mapuche-no-existe-la-palabra-muerte","_links":{"self":[{"href":"https:\/\/www.pressenza.com\/es\/wp-json\/wp\/v2\/posts\/799819","targetHints":{"allow":["GET"]}}],"collection":[{"href":"https:\/\/www.pressenza.com\/es\/wp-json\/wp\/v2\/posts"}],"about":[{"href":"https:\/\/www.pressenza.com\/es\/wp-json\/wp\/v2\/types\/post"}],"author":[{"embeddable":true,"href":"https:\/\/www.pressenza.com\/es\/wp-json\/wp\/v2\/users\/1256"}],"replies":[{"embeddable":true,"href":"https:\/\/www.pressenza.com\/es\/wp-json\/wp\/v2\/comments?post=799819"}],"version-history":[{"count":0,"href":"https:\/\/www.pressenza.com\/es\/wp-json\/wp\/v2\/posts\/799819\/revisions"}],"wp:featuredmedia":[{"embeddable":true,"href":"https:\/\/www.pressenza.com\/es\/wp-json\/wp\/v2\/media\/799820"}],"wp:attachment":[{"href":"https:\/\/www.pressenza.com\/es\/wp-json\/wp\/v2\/media?parent=799819"}],"wp:term":[{"taxonomy":"category","embeddable":true,"href":"https:\/\/www.pressenza.com\/es\/wp-json\/wp\/v2\/categories?post=799819"},{"taxonomy":"post_tag","embeddable":true,"href":"https:\/\/www.pressenza.com\/es\/wp-json\/wp\/v2\/tags?post=799819"}],"curies":[{"name":"wp","href":"https:\/\/api.w.org\/{rel}","templated":true}]}}