{"id":7977,"date":"2012-01-19T00:00:00","date_gmt":"2012-01-19T00:00:00","guid":{"rendered":""},"modified":"2012-01-19T19:13:15","modified_gmt":"2012-01-19T19:13:15","slug":"comenzamosxx","status":"publish","type":"post","link":"https:\/\/www.pressenza.com\/es\/2012\/01\/comenzamosxx\/","title":{"rendered":"Comenzamos!!"},"content":{"rendered":"<p>El proyecto de ley propiciado por el Ejecutivo busca espec\u00edficamente detener a quienes intenten *\u00bbparalizar o interrumpir alg\u00fan servicio p\u00fablico, tales como los hospitalarios, los de emergencia y los de electricidad, combustibles, agua potable, comunicaciones o transporte\u00bb*, entre otros.<\/p>\n<p>El art\u00edculo 269 estipula que *\u00bbser\u00e1n castigados con la pena de presidio menor en su grado medio (Esto es una sanci\u00f3n privativa de libertad de 541 a 3 a\u00f1os) quienes participen en des\u00f3rdenes o cualquier otro acto de fuerza o violencia\u00bb*.<\/p>\n<p>Gabriel Boric, actual presidente de la Federaci\u00f3n de Estudiantes de la Universidad de Chile, expres\u00f3 que la actitud del Gobierno es contradictoria puesto que anuncia que tiene intenciones de dialogar, pero con ejemplos como este da *\u00bbpu\u00f1aladas por la espalda\u00bb*, ya que la ley criminaliza la protesta social.<\/p>\n<p>Hemos comenzado un a\u00f1o que parece ser\u00e1 bien movidito&#8230;<\/p>\n","protected":false},"excerpt":{"rendered":"<p>Con la primera movilizaci\u00f3n se rechaza esta tarde en Chile el proyecto de ley impulsado por el Ministro Hinzpeter que pretende sancionar las manifestaciones que \u00abalteren el orden p\u00fablico\u00bb.<br \/>\nLos estudiantes universitarios, encabezados por los nuevos dirigentes de sus federaciones, concurrieron en Santiago a las afueras de los Tribunales de Justicia expresando su irritaci\u00f3n.<\/p>\n","protected":false},"author":22,"featured_media":0,"comment_status":"closed","ping_status":"open","sticky":false,"template":"","format":"standard","meta":{"footnotes":""},"categories":[74,67],"tags":[],"class_list":["post-7977","post","type-post","status-publish","format-standard","hentry","category-politica-es","category-sudamerica"],"yoast_head":"<!-- This site is optimized with the Yoast SEO plugin v27.1.1 - https:\/\/yoast.com\/product\/yoast-seo-wordpress\/ -->\n<title>Comenzamos!!<\/title>\n<meta name=\"description\" content=\"Con la primera movilizaci\u00f3n se rechaza esta tarde en Chile el proyecto de ley impulsado por el Ministro Hinzpeter que pretende sancionar las manifestaciones que &quot;alteren el orden p\u00fablico&quot;. Los estudiantes universitarios, encabezados por los nuevos dirigentes de sus federaciones, concurrieron en Santiago a las afueras de los Tribunales de Justicia expresando su irritaci\u00f3n.\" \/>\n<meta name=\"robots\" content=\"index, follow, max-snippet:-1, max-image-preview:large, max-video-preview:-1\" \/>\n<link rel=\"canonical\" href=\"https:\/\/www.pressenza.com\/es\/2012\/01\/comenzamosxx\/\" \/>\n<meta property=\"og:locale\" content=\"es_ES\" \/>\n<meta property=\"og:type\" content=\"article\" \/>\n<meta property=\"og:title\" content=\"Comenzamos!!\" \/>\n<meta property=\"og:description\" content=\"Con la primera movilizaci\u00f3n se rechaza esta tarde en Chile el proyecto de ley impulsado por el Ministro Hinzpeter que pretende sancionar las manifestaciones que &quot;alteren el orden p\u00fablico&quot;. Los estudiantes universitarios, encabezados por los nuevos dirigentes de sus federaciones, concurrieron en Santiago a las afueras de los Tribunales de Justicia expresando su irritaci\u00f3n.\" \/>\n<meta property=\"og:url\" content=\"https:\/\/www.pressenza.com\/es\/2012\/01\/comenzamosxx\/\" \/>\n<meta property=\"og:site_name\" content=\"Pressenza\" \/>\n<meta property=\"article:publisher\" content=\"https:\/\/www.facebook.com\/PressenzaItalia\" \/>\n<meta property=\"article:author\" content=\"https:\/\/www.facebook.com\/pia.figueroa?ref=tn_tnmn\" \/>\n<meta property=\"article:published_time\" content=\"2012-01-19T00:00:00+00:00\" \/>\n<meta property=\"article:modified_time\" content=\"2012-01-19T19:13:15+00:00\" \/>\n<meta name=\"author\" content=\"P\u00eda Figueroa\" \/>\n<meta name=\"twitter:card\" content=\"summary_large_image\" \/>\n<meta name=\"twitter:creator\" content=\"@piafigueroa\" \/>\n<meta name=\"twitter:site\" content=\"@PressenzaIPA\" \/>\n<meta name=\"twitter:label1\" content=\"Escrito por\" \/>\n\t<meta name=\"twitter:data1\" content=\"P\u00eda Figueroa\" \/>\n\t<meta name=\"twitter:label2\" content=\"Tiempo de lectura\" \/>\n\t<meta name=\"twitter:data2\" content=\"1 minuto\" \/>\n<script type=\"application\/ld+json\" class=\"yoast-schema-graph\">{\"@context\":\"https:\/\/schema.org\",\"@graph\":[{\"@type\":\"Article\",\"@id\":\"https:\/\/www.pressenza.com\/es\/2012\/01\/comenzamosxx\/#article\",\"isPartOf\":{\"@id\":\"https:\/\/www.pressenza.com\/es\/2012\/01\/comenzamosxx\/\"},\"author\":{\"name\":\"P\u00eda Figueroa\",\"@id\":\"https:\/\/www.pressenza.com\/es\/#\/schema\/person\/8bb53ec73ef39ceec36ca0128a0ccd41\"},\"headline\":\"Comenzamos!!\",\"datePublished\":\"2012-01-19T00:00:00+00:00\",\"dateModified\":\"2012-01-19T19:13:15+00:00\",\"mainEntityOfPage\":{\"@id\":\"https:\/\/www.pressenza.com\/es\/2012\/01\/comenzamosxx\/\"},\"wordCount\":146,\"publisher\":{\"@id\":\"https:\/\/www.pressenza.com\/es\/#organization\"},\"articleSection\":[\"Pol\u00edtica\",\"Sudam\u00e9rica\"],\"inLanguage\":\"es\"},{\"@type\":\"WebPage\",\"@id\":\"https:\/\/www.pressenza.com\/es\/2012\/01\/comenzamosxx\/\",\"url\":\"https:\/\/www.pressenza.com\/es\/2012\/01\/comenzamosxx\/\",\"name\":\"Comenzamos!!\",\"isPartOf\":{\"@id\":\"https:\/\/www.pressenza.com\/es\/#website\"},\"datePublished\":\"2012-01-19T00:00:00+00:00\",\"dateModified\":\"2012-01-19T19:13:15+00:00\",\"description\":\"Con la primera movilizaci\u00f3n se rechaza esta tarde en Chile el proyecto de ley impulsado por el Ministro Hinzpeter que pretende sancionar las manifestaciones que \\\"alteren el orden p\u00fablico\\\". Los estudiantes universitarios, encabezados por los nuevos dirigentes de sus federaciones, concurrieron en Santiago a las afueras de los Tribunales de Justicia expresando su irritaci\u00f3n.\",\"breadcrumb\":{\"@id\":\"https:\/\/www.pressenza.com\/es\/2012\/01\/comenzamosxx\/#breadcrumb\"},\"inLanguage\":\"es\",\"potentialAction\":[{\"@type\":\"ReadAction\",\"target\":[\"https:\/\/www.pressenza.com\/es\/2012\/01\/comenzamosxx\/\"]}]},{\"@type\":\"BreadcrumbList\",\"@id\":\"https:\/\/www.pressenza.com\/es\/2012\/01\/comenzamosxx\/#breadcrumb\",\"itemListElement\":[{\"@type\":\"ListItem\",\"position\":1,\"name\":\"Accueil\",\"item\":\"https:\/\/www.pressenza.com\/es\/\"},{\"@type\":\"ListItem\",\"position\":2,\"name\":\"Comenzamos!!\"}]},{\"@type\":\"WebSite\",\"@id\":\"https:\/\/www.pressenza.com\/es\/#website\",\"url\":\"https:\/\/www.pressenza.com\/es\/\",\"name\":\"Pressenza\",\"description\":\"International Press Agency\",\"publisher\":{\"@id\":\"https:\/\/www.pressenza.com\/es\/#organization\"},\"potentialAction\":[{\"@type\":\"SearchAction\",\"target\":{\"@type\":\"EntryPoint\",\"urlTemplate\":\"https:\/\/www.pressenza.com\/es\/?s={search_term_string}\"},\"query-input\":{\"@type\":\"PropertyValueSpecification\",\"valueRequired\":true,\"valueName\":\"search_term_string\"}}],\"inLanguage\":\"es\"},{\"@type\":\"Organization\",\"@id\":\"https:\/\/www.pressenza.com\/es\/#organization\",\"name\":\"Pressenza\",\"url\":\"https:\/\/www.pressenza.com\/es\/\",\"logo\":{\"@type\":\"ImageObject\",\"inLanguage\":\"es\",\"@id\":\"https:\/\/www.pressenza.com\/es\/#\/schema\/logo\/image\/\",\"url\":\"https:\/\/www.pressenza.com\/wp-content\/uploads\/2022\/10\/pressenza_logo_200x200.jpg\",\"contentUrl\":\"https:\/\/www.pressenza.com\/wp-content\/uploads\/2022\/10\/pressenza_logo_200x200.jpg\",\"width\":200,\"height\":200,\"caption\":\"Pressenza\"},\"image\":{\"@id\":\"https:\/\/www.pressenza.com\/es\/#\/schema\/logo\/image\/\"},\"sameAs\":[\"https:\/\/www.facebook.com\/PressenzaItalia\",\"https:\/\/x.com\/PressenzaIPA\"]},{\"@type\":\"Person\",\"@id\":\"https:\/\/www.pressenza.com\/es\/#\/schema\/person\/8bb53ec73ef39ceec36ca0128a0ccd41\",\"name\":\"P\u00eda Figueroa\",\"description\":\"Founder of Pressenza, life-long humanist, author of several monographs and books.\",\"sameAs\":[\"https:\/\/www.facebook.com\/pia.figueroa?ref=tn_tnmn\",\"https:\/\/x.com\/piafigueroa\"],\"url\":\"https:\/\/www.pressenza.com\/es\/author\/pia-figueroa\/\"}]}<\/script>\n<!-- \/ Yoast SEO plugin. -->","yoast_head_json":{"title":"Comenzamos!!","description":"Con la primera movilizaci\u00f3n se rechaza esta tarde en Chile el proyecto de ley impulsado por el Ministro Hinzpeter que pretende sancionar las manifestaciones que \"alteren el orden p\u00fablico\". Los estudiantes universitarios, encabezados por los nuevos dirigentes de sus federaciones, concurrieron en Santiago a las afueras de los Tribunales de Justicia expresando su irritaci\u00f3n.","robots":{"index":"index","follow":"follow","max-snippet":"max-snippet:-1","max-image-preview":"max-image-preview:large","max-video-preview":"max-video-preview:-1"},"canonical":"https:\/\/www.pressenza.com\/es\/2012\/01\/comenzamosxx\/","og_locale":"es_ES","og_type":"article","og_title":"Comenzamos!!","og_description":"Con la primera movilizaci\u00f3n se rechaza esta tarde en Chile el proyecto de ley impulsado por el Ministro Hinzpeter que pretende sancionar las manifestaciones que \"alteren el orden p\u00fablico\". Los estudiantes universitarios, encabezados por los nuevos dirigentes de sus federaciones, concurrieron en Santiago a las afueras de los Tribunales de Justicia expresando su irritaci\u00f3n.","og_url":"https:\/\/www.pressenza.com\/es\/2012\/01\/comenzamosxx\/","og_site_name":"Pressenza","article_publisher":"https:\/\/www.facebook.com\/PressenzaItalia","article_author":"https:\/\/www.facebook.com\/pia.figueroa?ref=tn_tnmn","article_published_time":"2012-01-19T00:00:00+00:00","article_modified_time":"2012-01-19T19:13:15+00:00","author":"P\u00eda Figueroa","twitter_card":"summary_large_image","twitter_creator":"@piafigueroa","twitter_site":"@PressenzaIPA","twitter_misc":{"Escrito por":"P\u00eda Figueroa","Tiempo de lectura":"1 minuto"},"schema":{"@context":"https:\/\/schema.org","@graph":[{"@type":"Article","@id":"https:\/\/www.pressenza.com\/es\/2012\/01\/comenzamosxx\/#article","isPartOf":{"@id":"https:\/\/www.pressenza.com\/es\/2012\/01\/comenzamosxx\/"},"author":{"name":"P\u00eda Figueroa","@id":"https:\/\/www.pressenza.com\/es\/#\/schema\/person\/8bb53ec73ef39ceec36ca0128a0ccd41"},"headline":"Comenzamos!!","datePublished":"2012-01-19T00:00:00+00:00","dateModified":"2012-01-19T19:13:15+00:00","mainEntityOfPage":{"@id":"https:\/\/www.pressenza.com\/es\/2012\/01\/comenzamosxx\/"},"wordCount":146,"publisher":{"@id":"https:\/\/www.pressenza.com\/es\/#organization"},"articleSection":["Pol\u00edtica","Sudam\u00e9rica"],"inLanguage":"es"},{"@type":"WebPage","@id":"https:\/\/www.pressenza.com\/es\/2012\/01\/comenzamosxx\/","url":"https:\/\/www.pressenza.com\/es\/2012\/01\/comenzamosxx\/","name":"Comenzamos!!","isPartOf":{"@id":"https:\/\/www.pressenza.com\/es\/#website"},"datePublished":"2012-01-19T00:00:00+00:00","dateModified":"2012-01-19T19:13:15+00:00","description":"Con la primera movilizaci\u00f3n se rechaza esta tarde en Chile el proyecto de ley impulsado por el Ministro Hinzpeter que pretende sancionar las manifestaciones que \"alteren el orden p\u00fablico\". Los estudiantes universitarios, encabezados por los nuevos dirigentes de sus federaciones, concurrieron en Santiago a las afueras de los Tribunales de Justicia expresando su irritaci\u00f3n.","breadcrumb":{"@id":"https:\/\/www.pressenza.com\/es\/2012\/01\/comenzamosxx\/#breadcrumb"},"inLanguage":"es","potentialAction":[{"@type":"ReadAction","target":["https:\/\/www.pressenza.com\/es\/2012\/01\/comenzamosxx\/"]}]},{"@type":"BreadcrumbList","@id":"https:\/\/www.pressenza.com\/es\/2012\/01\/comenzamosxx\/#breadcrumb","itemListElement":[{"@type":"ListItem","position":1,"name":"Accueil","item":"https:\/\/www.pressenza.com\/es\/"},{"@type":"ListItem","position":2,"name":"Comenzamos!!"}]},{"@type":"WebSite","@id":"https:\/\/www.pressenza.com\/es\/#website","url":"https:\/\/www.pressenza.com\/es\/","name":"Pressenza","description":"International Press Agency","publisher":{"@id":"https:\/\/www.pressenza.com\/es\/#organization"},"potentialAction":[{"@type":"SearchAction","target":{"@type":"EntryPoint","urlTemplate":"https:\/\/www.pressenza.com\/es\/?s={search_term_string}"},"query-input":{"@type":"PropertyValueSpecification","valueRequired":true,"valueName":"search_term_string"}}],"inLanguage":"es"},{"@type":"Organization","@id":"https:\/\/www.pressenza.com\/es\/#organization","name":"Pressenza","url":"https:\/\/www.pressenza.com\/es\/","logo":{"@type":"ImageObject","inLanguage":"es","@id":"https:\/\/www.pressenza.com\/es\/#\/schema\/logo\/image\/","url":"https:\/\/www.pressenza.com\/wp-content\/uploads\/2022\/10\/pressenza_logo_200x200.jpg","contentUrl":"https:\/\/www.pressenza.com\/wp-content\/uploads\/2022\/10\/pressenza_logo_200x200.jpg","width":200,"height":200,"caption":"Pressenza"},"image":{"@id":"https:\/\/www.pressenza.com\/es\/#\/schema\/logo\/image\/"},"sameAs":["https:\/\/www.facebook.com\/PressenzaItalia","https:\/\/x.com\/PressenzaIPA"]},{"@type":"Person","@id":"https:\/\/www.pressenza.com\/es\/#\/schema\/person\/8bb53ec73ef39ceec36ca0128a0ccd41","name":"P\u00eda Figueroa","description":"Founder of Pressenza, life-long humanist, author of several monographs and books.","sameAs":["https:\/\/www.facebook.com\/pia.figueroa?ref=tn_tnmn","https:\/\/x.com\/piafigueroa"],"url":"https:\/\/www.pressenza.com\/es\/author\/pia-figueroa\/"}]}},"place":"Santiago","original_article_url":"","_links":{"self":[{"href":"https:\/\/www.pressenza.com\/es\/wp-json\/wp\/v2\/posts\/7977","targetHints":{"allow":["GET"]}}],"collection":[{"href":"https:\/\/www.pressenza.com\/es\/wp-json\/wp\/v2\/posts"}],"about":[{"href":"https:\/\/www.pressenza.com\/es\/wp-json\/wp\/v2\/types\/post"}],"author":[{"embeddable":true,"href":"https:\/\/www.pressenza.com\/es\/wp-json\/wp\/v2\/users\/22"}],"replies":[{"embeddable":true,"href":"https:\/\/www.pressenza.com\/es\/wp-json\/wp\/v2\/comments?post=7977"}],"version-history":[{"count":0,"href":"https:\/\/www.pressenza.com\/es\/wp-json\/wp\/v2\/posts\/7977\/revisions"}],"wp:attachment":[{"href":"https:\/\/www.pressenza.com\/es\/wp-json\/wp\/v2\/media?parent=7977"}],"wp:term":[{"taxonomy":"category","embeddable":true,"href":"https:\/\/www.pressenza.com\/es\/wp-json\/wp\/v2\/categories?post=7977"},{"taxonomy":"post_tag","embeddable":true,"href":"https:\/\/www.pressenza.com\/es\/wp-json\/wp\/v2\/tags?post=7977"}],"curies":[{"name":"wp","href":"https:\/\/api.w.org\/{rel}","templated":true}]}}