{"id":796122,"date":"2019-01-26T20:19:30","date_gmt":"2019-01-26T20:19:30","guid":{"rendered":"https:\/\/www.pressenza.com\/?p=796122"},"modified":"2019-01-26T20:19:30","modified_gmt":"2019-01-26T20:19:30","slug":"amlo-liquida-border-patrol-mexicana-e-ignora-a-trump","status":"publish","type":"post","link":"https:\/\/www.pressenza.com\/es\/2019\/01\/amlo-liquida-border-patrol-mexicana-e-ignora-a-trump\/","title":{"rendered":"AMLO liquida \u201cBorder Patrol\u201d mexicana e ignora a Trump"},"content":{"rendered":"<p>Por Luis Carlos Rodr\u00edguez Gonz\u00e1lez<\/p>\n<p>El gobierno de Andr\u00e9s Manuel L\u00f3pez Obrador defini\u00f3 su pol\u00edtica migratoria con Centroam\u00e9rica e ignor\u00f3 las cr\u00edticas, reclamos, amenazas y twitazos de Donald Trump. La tercera caravana migrante entr\u00f3 por la frontera del R\u00edo Suchiate sin necesidad de portazos, de violencia, de detenciones y del uso de las fuerzas federales mexicanas como ocurri\u00f3 en los \u00faltimos d\u00edas del gobierno de Enrique Pe\u00f1a.<\/p>\n<p>Bien por el nuevo gobierno mexicano luego de algunos comprensibles tropiezos y declaraciones desafortunadas. Primero del gabinete de transici\u00f3n respecto a la pol\u00edtica migratoria. Caso concreto el del hoy secretario de Seguridad P\u00fablica Federal, Alfonso Durazo, quien d\u00edas despu\u00e9s del triunfo de L\u00f3pez Obrador anunci\u00f3 la creaci\u00f3n de una polic\u00eda fronteriza \u201caltamente especializada\u201d que \u201cincluye impedir que las personas migrantes indocumentadas y los traficantes de personas crucen M\u00e9xico\u201d.<\/p>\n<p>Adem\u00e1s de la oleada de criticas por parte de organizaciones no gubernamentales, al interior del nuevo gabinete presidencial no cayeron bien estas declaraciones, sobre todo entre personajes como el subsecretario de Derechos Humanos de la Segob, Alejandro Encinas, quien desde su reciente paso por el Senado, en el gobierno de transici\u00f3n y ahora en su nuevo cargo, ha sido un defensor de los derechos de los migrantes.<\/p>\n<p>Lo que el viento a Ju\u00e1rez le hicieron al nuevo inquilino de Palacio Nacional las arengas y amenazas de Donald Trump, respecto de frenar desde M\u00e9xico a la nueva caravana migrante. Sin aspavientos, sin confrontarlo, m\u00e1s bien ignor\u00e1ndolo, L\u00f3pez Obrador ya defini\u00f3 lo que se espera sea la pol\u00edtica migratoria del sexenio. Puertas abiertas, respeto a los derechos humanos y un paso ordenado por nuestro pa\u00eds.<\/p>\n<p>Incluso en d\u00edas pasados, cuando un grupo de este \u00e9xodo ingres\u00f3 a M\u00e9xico, corearon el nombre de L\u00f3pez Obrador como agradecimiento al buen trato que recibido por parte de las autoridades migratorias.<\/p>\n<p>Nunca m\u00e1s la \u201cBorder Patrol\u201d mexicana. Eso es lo que se espera y al parecer es el rumbo que se ha marcado, ello luego de la visita esta semana de la secretaria de Gobernaci\u00f3n, Olga S\u00e1nchez Cordero, al municipio de Suchiate, en Chiapas, donde se reuni\u00f3 con integrantes de esta caravana migrante. Sonrisas, apretones de manos, solidaridad y calidez. Cero persecuci\u00f3n o criminalizaci\u00f3n.<\/p>\n<p>\u201cEl gobierno del presidente Andr\u00e9s Manuel L\u00f3pez Obrador ha extendido una mano generosa a esta emergencia humanitaria, las caravanas y ha aceptado el ingreso ordenado, seguro, regular de miles de hermanos centroamericanos\u201d, poste\u00f3 en redes sociales la funcionaria, quien dijo que hasta el momento el nuevo gobierno federal ha permitido el ingreso regular al pa\u00eds de ocho mil 727 personas migrantes de pa\u00edses de Centroam\u00e9rica y Sudam\u00e9rica.<\/p>\n<p>L\u00f3pez Obrador literalmente est\u00e1 liquidando, dando sepultura a la versi\u00f3n mexicana de la \u201cBorder Patrol\u201d en que convirtieron en los \u00faltimos tres sexenios a los agentes migratorios, polic\u00edas y marinos. Hay confianza en que no seremos m\u00e1s el gendarme migratorio de Estados Unidos. Tal Cual.<\/p>\n","protected":false},"excerpt":{"rendered":"<p>Por Luis Carlos Rodr\u00edguez Gonz\u00e1lez El gobierno de Andr\u00e9s Manuel L\u00f3pez Obrador defini\u00f3 su pol\u00edtica migratoria con Centroam\u00e9rica e ignor\u00f3 las cr\u00edticas, reclamos, amenazas y twitazos de Donald Trump. La tercera caravana migrante entr\u00f3 por la frontera del R\u00edo Suchiate&hellip;<\/p>\n","protected":false},"author":1430,"featured_media":796141,"comment_status":"closed","ping_status":"closed","sticky":false,"template":"","format":"standard","meta":{"footnotes":""},"categories":[79,68,161],"tags":[42960,51138,1321],"class_list":["post-796122","post","type-post","status-publish","format-standard","has-post-thumbnail","hentry","category-derechos-humanos","category-norteamerica","category-opiniones","tag-amlo","tag-caravana-de-migrantes","tag-mexico"],"yoast_head":"<!-- This site is optimized with the Yoast SEO plugin v27.1.1 - https:\/\/yoast.com\/product\/yoast-seo-wordpress\/ -->\n<title>AMLO liquida \u201cBorder Patrol\u201d mexicana e ignora a Trump<\/title>\n<meta name=\"description\" content=\"Por Luis Carlos Rodr\u00edguez Gonz\u00e1lez El gobierno de Andr\u00e9s Manuel L\u00f3pez Obrador defini\u00f3 su pol\u00edtica migratoria con Centroam\u00e9rica e ignor\u00f3 las cr\u00edticas,\" \/>\n<meta name=\"robots\" content=\"index, follow, max-snippet:-1, max-image-preview:large, max-video-preview:-1\" \/>\n<link rel=\"canonical\" href=\"https:\/\/www.pressenza.com\/es\/2019\/01\/amlo-liquida-border-patrol-mexicana-e-ignora-a-trump\/\" \/>\n<meta property=\"og:locale\" content=\"es_ES\" \/>\n<meta property=\"og:type\" content=\"article\" \/>\n<meta property=\"og:title\" content=\"AMLO liquida \u201cBorder Patrol\u201d mexicana e ignora a Trump\" \/>\n<meta property=\"og:description\" content=\"Por Luis Carlos Rodr\u00edguez Gonz\u00e1lez El gobierno de Andr\u00e9s Manuel L\u00f3pez Obrador defini\u00f3 su pol\u00edtica migratoria con Centroam\u00e9rica e ignor\u00f3 las cr\u00edticas,\" \/>\n<meta property=\"og:url\" content=\"https:\/\/www.pressenza.com\/es\/2019\/01\/amlo-liquida-border-patrol-mexicana-e-ignora-a-trump\/\" \/>\n<meta property=\"og:site_name\" content=\"Pressenza\" \/>\n<meta property=\"article:publisher\" content=\"https:\/\/www.facebook.com\/PressenzaItalia\" \/>\n<meta property=\"article:published_time\" content=\"2019-01-26T20:19:30+00:00\" \/>\n<meta property=\"og:image\" content=\"https:\/\/www.pressenza.com\/wp-content\/uploads\/2019\/01\/Portada-AMLO-Foto-Sirio-oficial-de-Andr\u00e9s-Manuel-L\u00f3pez-Obrador-1600x-1-min.jpg\" \/>\n\t<meta property=\"og:image:width\" content=\"1600\" \/>\n\t<meta property=\"og:image:height\" content=\"1006\" \/>\n\t<meta property=\"og:image:type\" content=\"image\/jpeg\" \/>\n<meta name=\"author\" content=\"SomosMass99\" \/>\n<meta name=\"twitter:card\" content=\"summary_large_image\" \/>\n<meta name=\"twitter:creator\" content=\"@PressenzaIPA\" \/>\n<meta name=\"twitter:site\" content=\"@PressenzaIPA\" \/>\n<meta name=\"twitter:label1\" content=\"Escrito por\" \/>\n\t<meta name=\"twitter:data1\" content=\"SomosMass99\" \/>\n\t<meta name=\"twitter:label2\" content=\"Tiempo de lectura\" \/>\n\t<meta name=\"twitter:data2\" content=\"3 minutos\" \/>\n<script type=\"application\/ld+json\" class=\"yoast-schema-graph\">{\"@context\":\"https:\/\/schema.org\",\"@graph\":[{\"@type\":\"Article\",\"@id\":\"https:\/\/www.pressenza.com\/es\/2019\/01\/amlo-liquida-border-patrol-mexicana-e-ignora-a-trump\/#article\",\"isPartOf\":{\"@id\":\"https:\/\/www.pressenza.com\/es\/2019\/01\/amlo-liquida-border-patrol-mexicana-e-ignora-a-trump\/\"},\"author\":{\"name\":\"SomosMass99\",\"@id\":\"https:\/\/www.pressenza.com\/es\/#\/schema\/person\/c31d688dee2bfdac32c7c8ec93bdf873\"},\"headline\":\"AMLO liquida \u201cBorder Patrol\u201d mexicana e ignora a Trump\",\"datePublished\":\"2019-01-26T20:19:30+00:00\",\"mainEntityOfPage\":{\"@id\":\"https:\/\/www.pressenza.com\/es\/2019\/01\/amlo-liquida-border-patrol-mexicana-e-ignora-a-trump\/\"},\"wordCount\":529,\"publisher\":{\"@id\":\"https:\/\/www.pressenza.com\/es\/#organization\"},\"image\":{\"@id\":\"https:\/\/www.pressenza.com\/es\/2019\/01\/amlo-liquida-border-patrol-mexicana-e-ignora-a-trump\/#primaryimage\"},\"thumbnailUrl\":\"https:\/\/www.pressenza.com\/wp-content\/uploads\/2019\/01\/Portada-AMLO-Foto-Sirio-oficial-de-Andr\u00e9s-Manuel-L\u00f3pez-Obrador-1600x-1-min.jpg\",\"keywords\":[\"AMLO\",\"caravana de migrantes\",\"M\u00e9xico\"],\"articleSection\":[\"Derechos Humanos\",\"Norteam\u00e9rica\",\"Opiniones\"],\"inLanguage\":\"es\"},{\"@type\":\"WebPage\",\"@id\":\"https:\/\/www.pressenza.com\/es\/2019\/01\/amlo-liquida-border-patrol-mexicana-e-ignora-a-trump\/\",\"url\":\"https:\/\/www.pressenza.com\/es\/2019\/01\/amlo-liquida-border-patrol-mexicana-e-ignora-a-trump\/\",\"name\":\"AMLO liquida \u201cBorder Patrol\u201d mexicana e ignora a Trump\",\"isPartOf\":{\"@id\":\"https:\/\/www.pressenza.com\/es\/#website\"},\"primaryImageOfPage\":{\"@id\":\"https:\/\/www.pressenza.com\/es\/2019\/01\/amlo-liquida-border-patrol-mexicana-e-ignora-a-trump\/#primaryimage\"},\"image\":{\"@id\":\"https:\/\/www.pressenza.com\/es\/2019\/01\/amlo-liquida-border-patrol-mexicana-e-ignora-a-trump\/#primaryimage\"},\"thumbnailUrl\":\"https:\/\/www.pressenza.com\/wp-content\/uploads\/2019\/01\/Portada-AMLO-Foto-Sirio-oficial-de-Andr\u00e9s-Manuel-L\u00f3pez-Obrador-1600x-1-min.jpg\",\"datePublished\":\"2019-01-26T20:19:30+00:00\",\"description\":\"Por Luis Carlos Rodr\u00edguez Gonz\u00e1lez El gobierno de Andr\u00e9s Manuel L\u00f3pez Obrador defini\u00f3 su pol\u00edtica migratoria con Centroam\u00e9rica e ignor\u00f3 las cr\u00edticas,\",\"breadcrumb\":{\"@id\":\"https:\/\/www.pressenza.com\/es\/2019\/01\/amlo-liquida-border-patrol-mexicana-e-ignora-a-trump\/#breadcrumb\"},\"inLanguage\":\"es\",\"potentialAction\":[{\"@type\":\"ReadAction\",\"target\":[\"https:\/\/www.pressenza.com\/es\/2019\/01\/amlo-liquida-border-patrol-mexicana-e-ignora-a-trump\/\"]}]},{\"@type\":\"ImageObject\",\"inLanguage\":\"es\",\"@id\":\"https:\/\/www.pressenza.com\/es\/2019\/01\/amlo-liquida-border-patrol-mexicana-e-ignora-a-trump\/#primaryimage\",\"url\":\"https:\/\/www.pressenza.com\/wp-content\/uploads\/2019\/01\/Portada-AMLO-Foto-Sirio-oficial-de-Andr\u00e9s-Manuel-L\u00f3pez-Obrador-1600x-1-min.jpg\",\"contentUrl\":\"https:\/\/www.pressenza.com\/wp-content\/uploads\/2019\/01\/Portada-AMLO-Foto-Sirio-oficial-de-Andr\u00e9s-Manuel-L\u00f3pez-Obrador-1600x-1-min.jpg\",\"width\":1600,\"height\":1006},{\"@type\":\"BreadcrumbList\",\"@id\":\"https:\/\/www.pressenza.com\/es\/2019\/01\/amlo-liquida-border-patrol-mexicana-e-ignora-a-trump\/#breadcrumb\",\"itemListElement\":[{\"@type\":\"ListItem\",\"position\":1,\"name\":\"Accueil\",\"item\":\"https:\/\/www.pressenza.com\/es\/\"},{\"@type\":\"ListItem\",\"position\":2,\"name\":\"AMLO liquida \u201cBorder Patrol\u201d mexicana e ignora a Trump\"}]},{\"@type\":\"WebSite\",\"@id\":\"https:\/\/www.pressenza.com\/es\/#website\",\"url\":\"https:\/\/www.pressenza.com\/es\/\",\"name\":\"Pressenza\",\"description\":\"International Press Agency\",\"publisher\":{\"@id\":\"https:\/\/www.pressenza.com\/es\/#organization\"},\"potentialAction\":[{\"@type\":\"SearchAction\",\"target\":{\"@type\":\"EntryPoint\",\"urlTemplate\":\"https:\/\/www.pressenza.com\/es\/?s={search_term_string}\"},\"query-input\":{\"@type\":\"PropertyValueSpecification\",\"valueRequired\":true,\"valueName\":\"search_term_string\"}}],\"inLanguage\":\"es\"},{\"@type\":\"Organization\",\"@id\":\"https:\/\/www.pressenza.com\/es\/#organization\",\"name\":\"Pressenza\",\"url\":\"https:\/\/www.pressenza.com\/es\/\",\"logo\":{\"@type\":\"ImageObject\",\"inLanguage\":\"es\",\"@id\":\"https:\/\/www.pressenza.com\/es\/#\/schema\/logo\/image\/\",\"url\":\"https:\/\/www.pressenza.com\/wp-content\/uploads\/2022\/10\/pressenza_logo_200x200.jpg\",\"contentUrl\":\"https:\/\/www.pressenza.com\/wp-content\/uploads\/2022\/10\/pressenza_logo_200x200.jpg\",\"width\":200,\"height\":200,\"caption\":\"Pressenza\"},\"image\":{\"@id\":\"https:\/\/www.pressenza.com\/es\/#\/schema\/logo\/image\/\"},\"sameAs\":[\"https:\/\/www.facebook.com\/PressenzaItalia\",\"https:\/\/x.com\/PressenzaIPA\"]},{\"@type\":\"Person\",\"@id\":\"https:\/\/www.pressenza.com\/es\/#\/schema\/person\/c31d688dee2bfdac32c7c8ec93bdf873\",\"name\":\"SomosMass99\",\"description\":\"SomosMass99 surge en M\u00e9xico como un proyecto period\u00edstico digital que busca incidir en la realidad pol\u00edtica, social y cultural\",\"sameAs\":[\"http:\/\/www.somosmass99.com.mx\/\"],\"url\":\"https:\/\/www.pressenza.com\/es\/author\/somosmass99\/\"}]}<\/script>\n<!-- \/ Yoast SEO plugin. -->","yoast_head_json":{"title":"AMLO liquida \u201cBorder Patrol\u201d mexicana e ignora a Trump","description":"Por Luis Carlos Rodr\u00edguez Gonz\u00e1lez El gobierno de Andr\u00e9s Manuel L\u00f3pez Obrador defini\u00f3 su pol\u00edtica migratoria con Centroam\u00e9rica e ignor\u00f3 las cr\u00edticas,","robots":{"index":"index","follow":"follow","max-snippet":"max-snippet:-1","max-image-preview":"max-image-preview:large","max-video-preview":"max-video-preview:-1"},"canonical":"https:\/\/www.pressenza.com\/es\/2019\/01\/amlo-liquida-border-patrol-mexicana-e-ignora-a-trump\/","og_locale":"es_ES","og_type":"article","og_title":"AMLO liquida \u201cBorder Patrol\u201d mexicana e ignora a Trump","og_description":"Por Luis Carlos Rodr\u00edguez Gonz\u00e1lez El gobierno de Andr\u00e9s Manuel L\u00f3pez Obrador defini\u00f3 su pol\u00edtica migratoria con Centroam\u00e9rica e ignor\u00f3 las cr\u00edticas,","og_url":"https:\/\/www.pressenza.com\/es\/2019\/01\/amlo-liquida-border-patrol-mexicana-e-ignora-a-trump\/","og_site_name":"Pressenza","article_publisher":"https:\/\/www.facebook.com\/PressenzaItalia","article_published_time":"2019-01-26T20:19:30+00:00","og_image":[{"width":1600,"height":1006,"url":"https:\/\/www.pressenza.com\/wp-content\/uploads\/2019\/01\/Portada-AMLO-Foto-Sirio-oficial-de-Andr\u00e9s-Manuel-L\u00f3pez-Obrador-1600x-1-min.jpg","type":"image\/jpeg"}],"author":"SomosMass99","twitter_card":"summary_large_image","twitter_creator":"@PressenzaIPA","twitter_site":"@PressenzaIPA","twitter_misc":{"Escrito por":"SomosMass99","Tiempo de lectura":"3 minutos"},"schema":{"@context":"https:\/\/schema.org","@graph":[{"@type":"Article","@id":"https:\/\/www.pressenza.com\/es\/2019\/01\/amlo-liquida-border-patrol-mexicana-e-ignora-a-trump\/#article","isPartOf":{"@id":"https:\/\/www.pressenza.com\/es\/2019\/01\/amlo-liquida-border-patrol-mexicana-e-ignora-a-trump\/"},"author":{"name":"SomosMass99","@id":"https:\/\/www.pressenza.com\/es\/#\/schema\/person\/c31d688dee2bfdac32c7c8ec93bdf873"},"headline":"AMLO liquida \u201cBorder Patrol\u201d mexicana e ignora a Trump","datePublished":"2019-01-26T20:19:30+00:00","mainEntityOfPage":{"@id":"https:\/\/www.pressenza.com\/es\/2019\/01\/amlo-liquida-border-patrol-mexicana-e-ignora-a-trump\/"},"wordCount":529,"publisher":{"@id":"https:\/\/www.pressenza.com\/es\/#organization"},"image":{"@id":"https:\/\/www.pressenza.com\/es\/2019\/01\/amlo-liquida-border-patrol-mexicana-e-ignora-a-trump\/#primaryimage"},"thumbnailUrl":"https:\/\/www.pressenza.com\/wp-content\/uploads\/2019\/01\/Portada-AMLO-Foto-Sirio-oficial-de-Andr\u00e9s-Manuel-L\u00f3pez-Obrador-1600x-1-min.jpg","keywords":["AMLO","caravana de migrantes","M\u00e9xico"],"articleSection":["Derechos Humanos","Norteam\u00e9rica","Opiniones"],"inLanguage":"es"},{"@type":"WebPage","@id":"https:\/\/www.pressenza.com\/es\/2019\/01\/amlo-liquida-border-patrol-mexicana-e-ignora-a-trump\/","url":"https:\/\/www.pressenza.com\/es\/2019\/01\/amlo-liquida-border-patrol-mexicana-e-ignora-a-trump\/","name":"AMLO liquida \u201cBorder Patrol\u201d mexicana e ignora a Trump","isPartOf":{"@id":"https:\/\/www.pressenza.com\/es\/#website"},"primaryImageOfPage":{"@id":"https:\/\/www.pressenza.com\/es\/2019\/01\/amlo-liquida-border-patrol-mexicana-e-ignora-a-trump\/#primaryimage"},"image":{"@id":"https:\/\/www.pressenza.com\/es\/2019\/01\/amlo-liquida-border-patrol-mexicana-e-ignora-a-trump\/#primaryimage"},"thumbnailUrl":"https:\/\/www.pressenza.com\/wp-content\/uploads\/2019\/01\/Portada-AMLO-Foto-Sirio-oficial-de-Andr\u00e9s-Manuel-L\u00f3pez-Obrador-1600x-1-min.jpg","datePublished":"2019-01-26T20:19:30+00:00","description":"Por Luis Carlos Rodr\u00edguez Gonz\u00e1lez El gobierno de Andr\u00e9s Manuel L\u00f3pez Obrador defini\u00f3 su pol\u00edtica migratoria con Centroam\u00e9rica e ignor\u00f3 las cr\u00edticas,","breadcrumb":{"@id":"https:\/\/www.pressenza.com\/es\/2019\/01\/amlo-liquida-border-patrol-mexicana-e-ignora-a-trump\/#breadcrumb"},"inLanguage":"es","potentialAction":[{"@type":"ReadAction","target":["https:\/\/www.pressenza.com\/es\/2019\/01\/amlo-liquida-border-patrol-mexicana-e-ignora-a-trump\/"]}]},{"@type":"ImageObject","inLanguage":"es","@id":"https:\/\/www.pressenza.com\/es\/2019\/01\/amlo-liquida-border-patrol-mexicana-e-ignora-a-trump\/#primaryimage","url":"https:\/\/www.pressenza.com\/wp-content\/uploads\/2019\/01\/Portada-AMLO-Foto-Sirio-oficial-de-Andr\u00e9s-Manuel-L\u00f3pez-Obrador-1600x-1-min.jpg","contentUrl":"https:\/\/www.pressenza.com\/wp-content\/uploads\/2019\/01\/Portada-AMLO-Foto-Sirio-oficial-de-Andr\u00e9s-Manuel-L\u00f3pez-Obrador-1600x-1-min.jpg","width":1600,"height":1006},{"@type":"BreadcrumbList","@id":"https:\/\/www.pressenza.com\/es\/2019\/01\/amlo-liquida-border-patrol-mexicana-e-ignora-a-trump\/#breadcrumb","itemListElement":[{"@type":"ListItem","position":1,"name":"Accueil","item":"https:\/\/www.pressenza.com\/es\/"},{"@type":"ListItem","position":2,"name":"AMLO liquida \u201cBorder Patrol\u201d mexicana e ignora a Trump"}]},{"@type":"WebSite","@id":"https:\/\/www.pressenza.com\/es\/#website","url":"https:\/\/www.pressenza.com\/es\/","name":"Pressenza","description":"International Press Agency","publisher":{"@id":"https:\/\/www.pressenza.com\/es\/#organization"},"potentialAction":[{"@type":"SearchAction","target":{"@type":"EntryPoint","urlTemplate":"https:\/\/www.pressenza.com\/es\/?s={search_term_string}"},"query-input":{"@type":"PropertyValueSpecification","valueRequired":true,"valueName":"search_term_string"}}],"inLanguage":"es"},{"@type":"Organization","@id":"https:\/\/www.pressenza.com\/es\/#organization","name":"Pressenza","url":"https:\/\/www.pressenza.com\/es\/","logo":{"@type":"ImageObject","inLanguage":"es","@id":"https:\/\/www.pressenza.com\/es\/#\/schema\/logo\/image\/","url":"https:\/\/www.pressenza.com\/wp-content\/uploads\/2022\/10\/pressenza_logo_200x200.jpg","contentUrl":"https:\/\/www.pressenza.com\/wp-content\/uploads\/2022\/10\/pressenza_logo_200x200.jpg","width":200,"height":200,"caption":"Pressenza"},"image":{"@id":"https:\/\/www.pressenza.com\/es\/#\/schema\/logo\/image\/"},"sameAs":["https:\/\/www.facebook.com\/PressenzaItalia","https:\/\/x.com\/PressenzaIPA"]},{"@type":"Person","@id":"https:\/\/www.pressenza.com\/es\/#\/schema\/person\/c31d688dee2bfdac32c7c8ec93bdf873","name":"SomosMass99","description":"SomosMass99 surge en M\u00e9xico como un proyecto period\u00edstico digital que busca incidir en la realidad pol\u00edtica, social y cultural","sameAs":["http:\/\/www.somosmass99.com.mx\/"],"url":"https:\/\/www.pressenza.com\/es\/author\/somosmass99\/"}]}},"place":"Ciudad de M\u00e9xico, M\u00e9xico","original_article_url":"http:\/\/www.somosmass99.com.mx\/amlo-liquida-border-patrol-mexicana-e-ignora-a-trump\/","_links":{"self":[{"href":"https:\/\/www.pressenza.com\/es\/wp-json\/wp\/v2\/posts\/796122","targetHints":{"allow":["GET"]}}],"collection":[{"href":"https:\/\/www.pressenza.com\/es\/wp-json\/wp\/v2\/posts"}],"about":[{"href":"https:\/\/www.pressenza.com\/es\/wp-json\/wp\/v2\/types\/post"}],"author":[{"embeddable":true,"href":"https:\/\/www.pressenza.com\/es\/wp-json\/wp\/v2\/users\/1430"}],"replies":[{"embeddable":true,"href":"https:\/\/www.pressenza.com\/es\/wp-json\/wp\/v2\/comments?post=796122"}],"version-history":[{"count":0,"href":"https:\/\/www.pressenza.com\/es\/wp-json\/wp\/v2\/posts\/796122\/revisions"}],"wp:featuredmedia":[{"embeddable":true,"href":"https:\/\/www.pressenza.com\/es\/wp-json\/wp\/v2\/media\/796141"}],"wp:attachment":[{"href":"https:\/\/www.pressenza.com\/es\/wp-json\/wp\/v2\/media?parent=796122"}],"wp:term":[{"taxonomy":"category","embeddable":true,"href":"https:\/\/www.pressenza.com\/es\/wp-json\/wp\/v2\/categories?post=796122"},{"taxonomy":"post_tag","embeddable":true,"href":"https:\/\/www.pressenza.com\/es\/wp-json\/wp\/v2\/tags?post=796122"}],"curies":[{"name":"wp","href":"https:\/\/api.w.org\/{rel}","templated":true}]}}