{"id":795586,"date":"2019-01-25T01:53:53","date_gmt":"2019-01-25T01:53:53","guid":{"rendered":"https:\/\/www.pressenza.com\/?p=795586"},"modified":"2019-01-25T01:53:53","modified_gmt":"2019-01-25T01:53:53","slug":"rafael-correa-sobre-venezuela-esta-sucediendo-en-el-mundo-algo-insolito","status":"publish","type":"post","link":"https:\/\/www.pressenza.com\/es\/2019\/01\/rafael-correa-sobre-venezuela-esta-sucediendo-en-el-mundo-algo-insolito\/","title":{"rendered":"Rafael Correa sobre Venezuela: \u00abEst\u00e1 sucediendo en el mundo algo ins\u00f3lito\u00bb"},"content":{"rendered":"<p>El expresidente de Ecuador estima que lo que sucede en Latinoam\u00e9rica es \u00abun nuevo Plan Condor\u00bb.<\/p>\n<p>https:\/\/www.youtube.com\/watch?time_continue=15&#038;v=rO2ggCWReGI<\/p>\n<p>El expresidente de Ecuador, Rafael Correa, ha manifestado a RT que el reconocimiento de diferentes pa\u00edses al autoproclamado presidente interino de Venezuela, <a href=\"https:\/\/actualidad.rt.com\/actualidad\/303044-minuto-guaido-autoproclamarse-presidente-encargado-venezuela\" target=\"_blank\" rel=\"noopener noreferrer\">Juan Guaid\u00f3<\/a>, es un fen\u00f3meno \u00abins\u00f3lito\u00bb al que el mundo debe reaccionar.<\/p>\n<p>Este antiguo mandatario se ha sorprendido del <strong>\u00abprecedente que est\u00e1 sembrando\u00bb<\/strong> despu\u00e9s de reconocer a Guaid\u00f3 \u00ab11 pa\u00edses latinoamericanos y el propio EE.UU.\u00bb ignorando \u00abtoda la Constituci\u00f3n, toda la ley, todo el procedimiento\u00bb.<\/p>\n<p>Correa ha advertido que este precedente se podr\u00eda expandir a cualquier Gobierno \u00abdemocr\u00e1tico o no democr\u00e1tico como le d\u00e9 la gana\u00bb a la Casa Blanca y ha instado a Rusia, China, Europa y el mundo a <strong>\u00abreaccionar\u00bb<\/strong>.<\/p>\n<p>Asimismo, ha descrito como una situaci\u00f3n \u00abvergonzosa\u00bb y \u00ab<strong>claudicaci\u00f3n al imperialismo<\/strong>, a la influencia del norte\u00bb el reconocimiento de Juan Guaid\u00f3 por parte de una decena de pa\u00edses latinoamericanos.<\/p>\n<p>Quien fue presidente de Ecuador ha atribuido este consenso para desconocer al presidente constitucional de Venezuela, Nicol\u00e1s Maduro, a la restauraci\u00f3n conservadora en la regi\u00f3n, que describi\u00f3 como <strong>\u00abun nuevo Plan Condor\u00bb<\/strong> en el que \u00abno se utilizan militares, asesinatos, desapariciones&#8230; porque no los necesitan, pero no excluyamos esa posibilidad\u00bb.<\/p>\n","protected":false},"excerpt":{"rendered":"<p>El expresidente de Ecuador estima que lo que sucede en Latinoam\u00e9rica es \u00abun nuevo Plan Condor\u00bb. https:\/\/www.youtube.com\/watch?time_continue=15&#038;v=rO2ggCWReGI El expresidente de Ecuador, Rafael Correa, ha manifestado a RT que el reconocimiento de diferentes pa\u00edses al autoproclamado presidente interino de Venezuela, Juan&hellip;<\/p>\n","protected":false},"author":1181,"featured_media":795588,"comment_status":"closed","ping_status":"closed","sticky":false,"template":"","format":"standard","meta":{"footnotes":""},"categories":[155,74,67,25678],"tags":[36794,54018,9230,1126],"class_list":["post-795586","post","type-post","status-publish","format-standard","has-post-thumbnail","hentry","category-entrevistas","category-politica-es","category-sudamerica","category-video-es","tag-crisis-en-venezuela","tag-guaido","tag-nicolas-maduro-es-en-es","tag-rafael-correa"],"yoast_head":"<!-- This site is optimized with the Yoast SEO plugin v27.1.1 - https:\/\/yoast.com\/product\/yoast-seo-wordpress\/ -->\n<title>Rafael Correa sobre Venezuela: &quot;Est\u00e1 sucediendo en el mundo algo ins\u00f3lito&quot;<\/title>\n<meta name=\"description\" content=\"El expresidente de Ecuador estima que lo que sucede en Latinoam\u00e9rica es &quot;un nuevo Plan Condor&quot;.\" \/>\n<meta name=\"robots\" content=\"index, follow, max-snippet:-1, max-image-preview:large, max-video-preview:-1\" \/>\n<link rel=\"canonical\" href=\"https:\/\/www.pressenza.com\/es\/2019\/01\/rafael-correa-sobre-venezuela-esta-sucediendo-en-el-mundo-algo-insolito\/\" \/>\n<meta property=\"og:locale\" content=\"es_ES\" \/>\n<meta property=\"og:type\" content=\"article\" \/>\n<meta property=\"og:title\" content=\"Rafael Correa sobre Venezuela: &quot;Est\u00e1 sucediendo en el mundo algo ins\u00f3lito&quot;\" \/>\n<meta property=\"og:description\" content=\"El expresidente de Ecuador estima que lo que sucede en Latinoam\u00e9rica es &quot;un nuevo Plan Condor&quot;.\" \/>\n<meta property=\"og:url\" content=\"https:\/\/www.pressenza.com\/es\/2019\/01\/rafael-correa-sobre-venezuela-esta-sucediendo-en-el-mundo-algo-insolito\/\" \/>\n<meta property=\"og:site_name\" content=\"Pressenza\" \/>\n<meta property=\"article:publisher\" content=\"https:\/\/www.facebook.com\/PressenzaItalia\" \/>\n<meta property=\"article:author\" content=\"https:\/\/www.facebook.com\/RTnews\" \/>\n<meta property=\"article:published_time\" content=\"2019-01-25T01:53:53+00:00\" \/>\n<meta property=\"og:image\" content=\"https:\/\/www.pressenza.com\/wp-content\/uploads\/2019\/01\/5c48daede9180f61738b4567.jpg\" \/>\n\t<meta property=\"og:image:width\" content=\"460\" \/>\n\t<meta property=\"og:image:height\" content=\"258\" \/>\n\t<meta property=\"og:image:type\" content=\"image\/jpeg\" \/>\n<meta name=\"author\" content=\"RT\" \/>\n<meta name=\"twitter:card\" content=\"summary_large_image\" \/>\n<meta name=\"twitter:creator\" content=\"@RT_com\" \/>\n<meta name=\"twitter:site\" content=\"@PressenzaIPA\" \/>\n<meta name=\"twitter:label1\" content=\"Escrito por\" \/>\n\t<meta name=\"twitter:data1\" content=\"RT\" \/>\n\t<meta name=\"twitter:label2\" content=\"Tiempo de lectura\" \/>\n\t<meta name=\"twitter:data2\" content=\"1 minuto\" \/>\n<script type=\"application\/ld+json\" class=\"yoast-schema-graph\">{\"@context\":\"https:\/\/schema.org\",\"@graph\":[{\"@type\":\"Article\",\"@id\":\"https:\/\/www.pressenza.com\/es\/2019\/01\/rafael-correa-sobre-venezuela-esta-sucediendo-en-el-mundo-algo-insolito\/#article\",\"isPartOf\":{\"@id\":\"https:\/\/www.pressenza.com\/es\/2019\/01\/rafael-correa-sobre-venezuela-esta-sucediendo-en-el-mundo-algo-insolito\/\"},\"author\":{\"name\":\"RT\",\"@id\":\"https:\/\/www.pressenza.com\/es\/#\/schema\/person\/a9bc3bac2cc72cc81fc57959c714a38e\"},\"headline\":\"Rafael Correa sobre Venezuela: \u00abEst\u00e1 sucediendo en el mundo algo ins\u00f3lito\u00bb\",\"datePublished\":\"2019-01-25T01:53:53+00:00\",\"mainEntityOfPage\":{\"@id\":\"https:\/\/www.pressenza.com\/es\/2019\/01\/rafael-correa-sobre-venezuela-esta-sucediendo-en-el-mundo-algo-insolito\/\"},\"wordCount\":238,\"publisher\":{\"@id\":\"https:\/\/www.pressenza.com\/es\/#organization\"},\"image\":{\"@id\":\"https:\/\/www.pressenza.com\/es\/2019\/01\/rafael-correa-sobre-venezuela-esta-sucediendo-en-el-mundo-algo-insolito\/#primaryimage\"},\"thumbnailUrl\":\"https:\/\/www.pressenza.com\/wp-content\/uploads\/2019\/01\/5c48daede9180f61738b4567.jpg\",\"keywords\":[\"Crisis en Venezuela\",\"Guaid\u00f3\",\"Nicol\u00e1s Maduro\",\"Rafael Correa\"],\"articleSection\":[\"Entrevistas\",\"Pol\u00edtica\",\"Sudam\u00e9rica\",\"Video\"],\"inLanguage\":\"es\"},{\"@type\":\"WebPage\",\"@id\":\"https:\/\/www.pressenza.com\/es\/2019\/01\/rafael-correa-sobre-venezuela-esta-sucediendo-en-el-mundo-algo-insolito\/\",\"url\":\"https:\/\/www.pressenza.com\/es\/2019\/01\/rafael-correa-sobre-venezuela-esta-sucediendo-en-el-mundo-algo-insolito\/\",\"name\":\"Rafael Correa sobre Venezuela: \\\"Est\u00e1 sucediendo en el mundo algo ins\u00f3lito\\\"\",\"isPartOf\":{\"@id\":\"https:\/\/www.pressenza.com\/es\/#website\"},\"primaryImageOfPage\":{\"@id\":\"https:\/\/www.pressenza.com\/es\/2019\/01\/rafael-correa-sobre-venezuela-esta-sucediendo-en-el-mundo-algo-insolito\/#primaryimage\"},\"image\":{\"@id\":\"https:\/\/www.pressenza.com\/es\/2019\/01\/rafael-correa-sobre-venezuela-esta-sucediendo-en-el-mundo-algo-insolito\/#primaryimage\"},\"thumbnailUrl\":\"https:\/\/www.pressenza.com\/wp-content\/uploads\/2019\/01\/5c48daede9180f61738b4567.jpg\",\"datePublished\":\"2019-01-25T01:53:53+00:00\",\"description\":\"El expresidente de Ecuador estima que lo que sucede en Latinoam\u00e9rica es \\\"un nuevo Plan Condor\\\".\",\"breadcrumb\":{\"@id\":\"https:\/\/www.pressenza.com\/es\/2019\/01\/rafael-correa-sobre-venezuela-esta-sucediendo-en-el-mundo-algo-insolito\/#breadcrumb\"},\"inLanguage\":\"es\",\"potentialAction\":[{\"@type\":\"ReadAction\",\"target\":[\"https:\/\/www.pressenza.com\/es\/2019\/01\/rafael-correa-sobre-venezuela-esta-sucediendo-en-el-mundo-algo-insolito\/\"]}]},{\"@type\":\"ImageObject\",\"inLanguage\":\"es\",\"@id\":\"https:\/\/www.pressenza.com\/es\/2019\/01\/rafael-correa-sobre-venezuela-esta-sucediendo-en-el-mundo-algo-insolito\/#primaryimage\",\"url\":\"https:\/\/www.pressenza.com\/wp-content\/uploads\/2019\/01\/5c48daede9180f61738b4567.jpg\",\"contentUrl\":\"https:\/\/www.pressenza.com\/wp-content\/uploads\/2019\/01\/5c48daede9180f61738b4567.jpg\",\"width\":460,\"height\":258},{\"@type\":\"BreadcrumbList\",\"@id\":\"https:\/\/www.pressenza.com\/es\/2019\/01\/rafael-correa-sobre-venezuela-esta-sucediendo-en-el-mundo-algo-insolito\/#breadcrumb\",\"itemListElement\":[{\"@type\":\"ListItem\",\"position\":1,\"name\":\"Accueil\",\"item\":\"https:\/\/www.pressenza.com\/es\/\"},{\"@type\":\"ListItem\",\"position\":2,\"name\":\"Rafael Correa sobre Venezuela: \u00abEst\u00e1 sucediendo en el mundo algo ins\u00f3lito\u00bb\"}]},{\"@type\":\"WebSite\",\"@id\":\"https:\/\/www.pressenza.com\/es\/#website\",\"url\":\"https:\/\/www.pressenza.com\/es\/\",\"name\":\"Pressenza\",\"description\":\"International Press Agency\",\"publisher\":{\"@id\":\"https:\/\/www.pressenza.com\/es\/#organization\"},\"potentialAction\":[{\"@type\":\"SearchAction\",\"target\":{\"@type\":\"EntryPoint\",\"urlTemplate\":\"https:\/\/www.pressenza.com\/es\/?s={search_term_string}\"},\"query-input\":{\"@type\":\"PropertyValueSpecification\",\"valueRequired\":true,\"valueName\":\"search_term_string\"}}],\"inLanguage\":\"es\"},{\"@type\":\"Organization\",\"@id\":\"https:\/\/www.pressenza.com\/es\/#organization\",\"name\":\"Pressenza\",\"url\":\"https:\/\/www.pressenza.com\/es\/\",\"logo\":{\"@type\":\"ImageObject\",\"inLanguage\":\"es\",\"@id\":\"https:\/\/www.pressenza.com\/es\/#\/schema\/logo\/image\/\",\"url\":\"https:\/\/www.pressenza.com\/wp-content\/uploads\/2022\/10\/pressenza_logo_200x200.jpg\",\"contentUrl\":\"https:\/\/www.pressenza.com\/wp-content\/uploads\/2022\/10\/pressenza_logo_200x200.jpg\",\"width\":200,\"height\":200,\"caption\":\"Pressenza\"},\"image\":{\"@id\":\"https:\/\/www.pressenza.com\/es\/#\/schema\/logo\/image\/\"},\"sameAs\":[\"https:\/\/www.facebook.com\/PressenzaItalia\",\"https:\/\/x.com\/PressenzaIPA\"]},{\"@type\":\"Person\",\"@id\":\"https:\/\/www.pressenza.com\/es\/#\/schema\/person\/a9bc3bac2cc72cc81fc57959c714a38e\",\"name\":\"RT\",\"description\":\"With its first channel launched in December 2005, the RT network now consists of three global news channels broadcasting in English, Spanish and Arabic, RT America broadcasting from a Washington, DC studio, RT UK airing from London, and a documentary channel RTDoc \u2013 in English and Russian. Today RT has a global reach of over 700 million people in 100+ countries. Articles and photographs by RT on Pressenza do not fall under the Creative Commons license are are not reproducible in any way. RT news covers the major issues of our time for viewers wishing to question more and delivers stories often missed by the mainstream media to create news with an edge. RT provides an alternative perspective on major global events, and acquaints an international audience with the Russian viewpoint. rt.com\",\"sameAs\":[\"http:\/\/www.rt.com\",\"https:\/\/www.facebook.com\/RTnews\",\"https:\/\/x.com\/RT_com\"],\"url\":\"https:\/\/www.pressenza.com\/es\/author\/russia-today\/\"}]}<\/script>\n<!-- \/ Yoast SEO plugin. -->","yoast_head_json":{"title":"Rafael Correa sobre Venezuela: \"Est\u00e1 sucediendo en el mundo algo ins\u00f3lito\"","description":"El expresidente de Ecuador estima que lo que sucede en Latinoam\u00e9rica es \"un nuevo Plan Condor\".","robots":{"index":"index","follow":"follow","max-snippet":"max-snippet:-1","max-image-preview":"max-image-preview:large","max-video-preview":"max-video-preview:-1"},"canonical":"https:\/\/www.pressenza.com\/es\/2019\/01\/rafael-correa-sobre-venezuela-esta-sucediendo-en-el-mundo-algo-insolito\/","og_locale":"es_ES","og_type":"article","og_title":"Rafael Correa sobre Venezuela: \"Est\u00e1 sucediendo en el mundo algo ins\u00f3lito\"","og_description":"El expresidente de Ecuador estima que lo que sucede en Latinoam\u00e9rica es \"un nuevo Plan Condor\".","og_url":"https:\/\/www.pressenza.com\/es\/2019\/01\/rafael-correa-sobre-venezuela-esta-sucediendo-en-el-mundo-algo-insolito\/","og_site_name":"Pressenza","article_publisher":"https:\/\/www.facebook.com\/PressenzaItalia","article_author":"https:\/\/www.facebook.com\/RTnews","article_published_time":"2019-01-25T01:53:53+00:00","og_image":[{"width":460,"height":258,"url":"https:\/\/www.pressenza.com\/wp-content\/uploads\/2019\/01\/5c48daede9180f61738b4567.jpg","type":"image\/jpeg"}],"author":"RT","twitter_card":"summary_large_image","twitter_creator":"@RT_com","twitter_site":"@PressenzaIPA","twitter_misc":{"Escrito por":"RT","Tiempo de lectura":"1 minuto"},"schema":{"@context":"https:\/\/schema.org","@graph":[{"@type":"Article","@id":"https:\/\/www.pressenza.com\/es\/2019\/01\/rafael-correa-sobre-venezuela-esta-sucediendo-en-el-mundo-algo-insolito\/#article","isPartOf":{"@id":"https:\/\/www.pressenza.com\/es\/2019\/01\/rafael-correa-sobre-venezuela-esta-sucediendo-en-el-mundo-algo-insolito\/"},"author":{"name":"RT","@id":"https:\/\/www.pressenza.com\/es\/#\/schema\/person\/a9bc3bac2cc72cc81fc57959c714a38e"},"headline":"Rafael Correa sobre Venezuela: \u00abEst\u00e1 sucediendo en el mundo algo ins\u00f3lito\u00bb","datePublished":"2019-01-25T01:53:53+00:00","mainEntityOfPage":{"@id":"https:\/\/www.pressenza.com\/es\/2019\/01\/rafael-correa-sobre-venezuela-esta-sucediendo-en-el-mundo-algo-insolito\/"},"wordCount":238,"publisher":{"@id":"https:\/\/www.pressenza.com\/es\/#organization"},"image":{"@id":"https:\/\/www.pressenza.com\/es\/2019\/01\/rafael-correa-sobre-venezuela-esta-sucediendo-en-el-mundo-algo-insolito\/#primaryimage"},"thumbnailUrl":"https:\/\/www.pressenza.com\/wp-content\/uploads\/2019\/01\/5c48daede9180f61738b4567.jpg","keywords":["Crisis en Venezuela","Guaid\u00f3","Nicol\u00e1s Maduro","Rafael Correa"],"articleSection":["Entrevistas","Pol\u00edtica","Sudam\u00e9rica","Video"],"inLanguage":"es"},{"@type":"WebPage","@id":"https:\/\/www.pressenza.com\/es\/2019\/01\/rafael-correa-sobre-venezuela-esta-sucediendo-en-el-mundo-algo-insolito\/","url":"https:\/\/www.pressenza.com\/es\/2019\/01\/rafael-correa-sobre-venezuela-esta-sucediendo-en-el-mundo-algo-insolito\/","name":"Rafael Correa sobre Venezuela: \"Est\u00e1 sucediendo en el mundo algo ins\u00f3lito\"","isPartOf":{"@id":"https:\/\/www.pressenza.com\/es\/#website"},"primaryImageOfPage":{"@id":"https:\/\/www.pressenza.com\/es\/2019\/01\/rafael-correa-sobre-venezuela-esta-sucediendo-en-el-mundo-algo-insolito\/#primaryimage"},"image":{"@id":"https:\/\/www.pressenza.com\/es\/2019\/01\/rafael-correa-sobre-venezuela-esta-sucediendo-en-el-mundo-algo-insolito\/#primaryimage"},"thumbnailUrl":"https:\/\/www.pressenza.com\/wp-content\/uploads\/2019\/01\/5c48daede9180f61738b4567.jpg","datePublished":"2019-01-25T01:53:53+00:00","description":"El expresidente de Ecuador estima que lo que sucede en Latinoam\u00e9rica es \"un nuevo Plan Condor\".","breadcrumb":{"@id":"https:\/\/www.pressenza.com\/es\/2019\/01\/rafael-correa-sobre-venezuela-esta-sucediendo-en-el-mundo-algo-insolito\/#breadcrumb"},"inLanguage":"es","potentialAction":[{"@type":"ReadAction","target":["https:\/\/www.pressenza.com\/es\/2019\/01\/rafael-correa-sobre-venezuela-esta-sucediendo-en-el-mundo-algo-insolito\/"]}]},{"@type":"ImageObject","inLanguage":"es","@id":"https:\/\/www.pressenza.com\/es\/2019\/01\/rafael-correa-sobre-venezuela-esta-sucediendo-en-el-mundo-algo-insolito\/#primaryimage","url":"https:\/\/www.pressenza.com\/wp-content\/uploads\/2019\/01\/5c48daede9180f61738b4567.jpg","contentUrl":"https:\/\/www.pressenza.com\/wp-content\/uploads\/2019\/01\/5c48daede9180f61738b4567.jpg","width":460,"height":258},{"@type":"BreadcrumbList","@id":"https:\/\/www.pressenza.com\/es\/2019\/01\/rafael-correa-sobre-venezuela-esta-sucediendo-en-el-mundo-algo-insolito\/#breadcrumb","itemListElement":[{"@type":"ListItem","position":1,"name":"Accueil","item":"https:\/\/www.pressenza.com\/es\/"},{"@type":"ListItem","position":2,"name":"Rafael Correa sobre Venezuela: \u00abEst\u00e1 sucediendo en el mundo algo ins\u00f3lito\u00bb"}]},{"@type":"WebSite","@id":"https:\/\/www.pressenza.com\/es\/#website","url":"https:\/\/www.pressenza.com\/es\/","name":"Pressenza","description":"International Press Agency","publisher":{"@id":"https:\/\/www.pressenza.com\/es\/#organization"},"potentialAction":[{"@type":"SearchAction","target":{"@type":"EntryPoint","urlTemplate":"https:\/\/www.pressenza.com\/es\/?s={search_term_string}"},"query-input":{"@type":"PropertyValueSpecification","valueRequired":true,"valueName":"search_term_string"}}],"inLanguage":"es"},{"@type":"Organization","@id":"https:\/\/www.pressenza.com\/es\/#organization","name":"Pressenza","url":"https:\/\/www.pressenza.com\/es\/","logo":{"@type":"ImageObject","inLanguage":"es","@id":"https:\/\/www.pressenza.com\/es\/#\/schema\/logo\/image\/","url":"https:\/\/www.pressenza.com\/wp-content\/uploads\/2022\/10\/pressenza_logo_200x200.jpg","contentUrl":"https:\/\/www.pressenza.com\/wp-content\/uploads\/2022\/10\/pressenza_logo_200x200.jpg","width":200,"height":200,"caption":"Pressenza"},"image":{"@id":"https:\/\/www.pressenza.com\/es\/#\/schema\/logo\/image\/"},"sameAs":["https:\/\/www.facebook.com\/PressenzaItalia","https:\/\/x.com\/PressenzaIPA"]},{"@type":"Person","@id":"https:\/\/www.pressenza.com\/es\/#\/schema\/person\/a9bc3bac2cc72cc81fc57959c714a38e","name":"RT","description":"With its first channel launched in December 2005, the RT network now consists of three global news channels broadcasting in English, Spanish and Arabic, RT America broadcasting from a Washington, DC studio, RT UK airing from London, and a documentary channel RTDoc \u2013 in English and Russian. Today RT has a global reach of over 700 million people in 100+ countries. Articles and photographs by RT on Pressenza do not fall under the Creative Commons license are are not reproducible in any way. RT news covers the major issues of our time for viewers wishing to question more and delivers stories often missed by the mainstream media to create news with an edge. RT provides an alternative perspective on major global events, and acquaints an international audience with the Russian viewpoint. rt.com","sameAs":["http:\/\/www.rt.com","https:\/\/www.facebook.com\/RTnews","https:\/\/x.com\/RT_com"],"url":"https:\/\/www.pressenza.com\/es\/author\/russia-today\/"}]}},"place":"Caracas, Venezuela","original_article_url":"https:\/\/actualidad.rt.com\/actualidad\/303212-rafael-correa-venezuela-suceder-mundo-insolito","_links":{"self":[{"href":"https:\/\/www.pressenza.com\/es\/wp-json\/wp\/v2\/posts\/795586","targetHints":{"allow":["GET"]}}],"collection":[{"href":"https:\/\/www.pressenza.com\/es\/wp-json\/wp\/v2\/posts"}],"about":[{"href":"https:\/\/www.pressenza.com\/es\/wp-json\/wp\/v2\/types\/post"}],"author":[{"embeddable":true,"href":"https:\/\/www.pressenza.com\/es\/wp-json\/wp\/v2\/users\/1181"}],"replies":[{"embeddable":true,"href":"https:\/\/www.pressenza.com\/es\/wp-json\/wp\/v2\/comments?post=795586"}],"version-history":[{"count":0,"href":"https:\/\/www.pressenza.com\/es\/wp-json\/wp\/v2\/posts\/795586\/revisions"}],"wp:featuredmedia":[{"embeddable":true,"href":"https:\/\/www.pressenza.com\/es\/wp-json\/wp\/v2\/media\/795588"}],"wp:attachment":[{"href":"https:\/\/www.pressenza.com\/es\/wp-json\/wp\/v2\/media?parent=795586"}],"wp:term":[{"taxonomy":"category","embeddable":true,"href":"https:\/\/www.pressenza.com\/es\/wp-json\/wp\/v2\/categories?post=795586"},{"taxonomy":"post_tag","embeddable":true,"href":"https:\/\/www.pressenza.com\/es\/wp-json\/wp\/v2\/tags?post=795586"}],"curies":[{"name":"wp","href":"https:\/\/api.w.org\/{rel}","templated":true}]}}