{"id":793246,"date":"2019-01-21T21:23:30","date_gmt":"2019-01-21T21:23:30","guid":{"rendered":"https:\/\/www.pressenza.com\/?p=793246"},"modified":"2019-02-06T21:07:36","modified_gmt":"2019-02-06T21:07:36","slug":"los-seres-humanos-estamos-destruyendo-la-vida-en-la-tierra-pero-nos-enganamos-a-nosotros-mismos-de-que-no-es-asi","status":"publish","type":"post","link":"https:\/\/www.pressenza.com\/es\/2019\/01\/los-seres-humanos-estamos-destruyendo-la-vida-en-la-tierra-pero-nos-enganamos-a-nosotros-mismos-de-que-no-es-asi\/","title":{"rendered":"Los seres humanos estamos destruyendo la vida en la Tierra, pero nos enga\u00f1amos a nosotros mismos de que no es as\u00ed"},"content":{"rendered":"<p>Es f\u00e1cil identificar la violencia continua e interminable que se est\u00e1 infligiendo a la vida en la Tierra. Esto va desde la gran multiplicidad de ataques infligidos a nuestros ni\u00f1os y a la bi\u00f3sfera hasta las interminables guerras y otras violencias militares, as\u00ed como la explotaci\u00f3n grotesca de muchos pueblos que viven en \u00c1frica, Asia y Am\u00e9rica Central y del Sur. Pero para una lista (muy incompleta) de 40 puntos, v\u00e9ase <a href=\"https:\/\/www.pressenza.com\/es\/2019\/01\/reflexiones-sobre-2018-pronosticos-2019\/\">\u00abReflexiones sobre 2018, pron\u00f3sticos 2019\u00bb<\/a>.<\/p>\n<p>Sin embargo, a pesar del hecho obvio de que son los seres humanos los que est\u00e1n infligiendo toda esta violencia, es virtualmente imposible hacer que la gente preste atenci\u00f3n a este hecho simple e incontrovertible y preguntarse por qu\u00e9, precisamente, los seres humanos se est\u00e1n comportando de manera tan violenta y destructiva. \u00bfY podemos abordar eficazmente esta causa?<\/p>\n<p>Por supuesto, una parte de este problema es la existencia de muchas ideas que compiten entre s\u00ed sobre las causas de la violencia. Por ejemplo, algunas ideolog\u00edas atribuyen la causa a una manifestaci\u00f3n estructural particular de la violencia, como el patriarcado (que genera un sistema de violencia y explotaci\u00f3n basado en el g\u00e9nero) o el capitalismo (que genera un sistema de clases de violencia y explotaci\u00f3n). Sin embargo, ninguna de estas ideolog\u00edas explica por qu\u00e9 los seres humanos participan en estructuras de violencia y explotaci\u00f3n en primer lugar. Seguramente una persona que no fuera violenta y explotadora en principio, rechazar\u00eda de plano tales estructuras violentas y explotadoras y trabajar\u00eda para crear estructuras no violentas e igualitarias en su lugar.<\/p>\n<p>Pero la mayor\u00eda de la gente realmente acepta el enga\u00f1o de que los seres humanos son innatamente disfuncionales y violentos, y esto debe ser contenido y controlado por los procesos de socializaci\u00f3n, las leyes, los sistemas legales, las fuerzas policiales y las prisiones o, en el \u00e1mbito internacional, por medidas tales como las sanciones econ\u00f3micas y la violencia militar. Es raro el individuo que percibe la flagrante disfuncionalidad y violencia de la socializaci\u00f3n, las leyes, los sistemas legales, las fuerzas policiales, las prisiones, las sanciones econ\u00f3micas y la violencia militar, y c\u00f3mo estas instituciones y su violencia sirven a los intereses de las \u00e9lites.<\/p>\n<p>Por lo tanto, los seres humanos est\u00e1n atrapados en un ciclo de intentos de abordar la amplia gama de manifestaciones del comportamiento humano violento -las guerras, la cat\u00e1strofe clim\u00e1tica, la destrucci\u00f3n del medio ambiente, la explotaci\u00f3n econ\u00f3mica de amplios sectores de la poblaci\u00f3n humana (mujeres, pueblos ind\u00edgenas, pueblos trabajadores&#8230;), las dictaduras y ocupaciones militares- sin saber qu\u00e9 es lo que, fundamentalmente, causa los comportamientos humanos disfuncionales y violentos y atrae a muchas personas a participar en (y beneficiarse de) la violencia cualquiera que sea la forma que esta adopte.<\/p>\n<p>Bueno, a m\u00ed me aburre ver que las mismas manifestaciones de violencia se repiten sin cesar porque no entendemos ni abordamos la causa fundamental (y por eso incluso los esfuerzos bien intencionados para abordarla en una variedad de contextos est\u00e1n condenados al fracaso). \u00bfQu\u00e9 hay de usted?<\/p>\n<p>Adem\u00e1s, me resulta aburrido escuchar (o leer) a la gente que se enga\u00f1a a s\u00ed misma sin cesar sobre la violencia; esto es, se enga\u00f1a a s\u00ed misma de que no est\u00e1 ocurriendo, \u00absiempre fue as\u00ed\u00bb, \u00abno es tan malo como parece\u00bb, \u00abno se puede hacer nada\u00bb, \u00abhay otra explicaci\u00f3n\u00bb, que ya estoy \u00abhaciendo lo suficiente\u00bb, y as\u00ed sucesivamente.<\/p>\n<p>Para ilustrar lo anterior, perm\u00edtanme escribir algunos ejemplos m\u00e1s frecuentes de personas que se enga\u00f1an a s\u00ed mismas sobre su causa. Es posible que usted mismo haya escuchado delirios como estos; puede que conozca a algunos de los muchos otros.<\/p>\n<ol>\n<li>\u00abEl ni\u00f1o merec\u00eda el castigo\u00bb.<\/li>\n<li>\u00abElla se lo busc\u00f3\u00bb.<\/li>\n<li>La violencia es innata: est\u00e1 \u00aben nuestra naturaleza\u00bb.<\/li>\n<li>\u00abLa guerra es inevitable\u00bb.<\/li>\n<li>La gente en \u00c1frica\/Asia\/Am\u00e9rica Central\/Sudam\u00e9rica \u00absiempre ha sido pobre\u00bb.<\/li>\n<li>\u00abEl clima no ha cambiado, as\u00ed era cuando yo era ni\u00f1o\u00bb.<\/li>\n<li>\u00abNo podemos controlar a la madre naturaleza\u00bb.<\/li>\n<li>\u00abLa naturaleza es abundante\u00bb.<\/li>\n<\/ol>\n<p>Por supuesto, el estado delirante m\u00e1s com\u00fan es aquel en el que la mayor\u00eda de las personas est\u00e1n atrapadas: simplemente no est\u00e1n prestando una atenci\u00f3n significativa a los temas cr\u00edticos y no tienen conocimiento (ni opini\u00f3n informada) sobre ellos, sino que se dejan distraer de la realidad por los diversos canales de la \u00e9lite utilizados para hacerlo, tales como los medios informativos pertenecientes a la corporaciones.<\/p>\n<p>Entonces, \u00bfpor qu\u00e9 la mayor\u00eda de la gente se enga\u00f1a a s\u00ed misma en lugar de observar cuidadosamente la realidad, buscar y analizar la evidencia en relaci\u00f3n con ella, y luego comportarse de manera apropiada y poderosa en respuesta?<\/p>\n<p>Porque est\u00e1n (inconscientemente) aterrorizados.<\/p>\n<p>\u00ab\u00bfEso es todo?\u00bb, me podr\u00eda decir. \u00abSeguramente la explicaci\u00f3n para el comportamiento humano disfuncional (y violento) \u00a1es m\u00e1s compleja que eso! Adem\u00e1s, cuando observo a la gente haciendo el tipo de comportamientos disfuncionales y violentos que menciona arriba, no parecen asustados, y mucho menos aterrorizados\u00bb.<\/p>\n<p>As\u00ed que perm\u00edtanme explicar por qu\u00e9 la explicaci\u00f3n anterior -que la mayor\u00eda de los seres humanos viven en el enga\u00f1o, se comportan disfuncional y violentamente, no observan y analizan la realidad y para luego comportarse poderosamente en respuesta a ella, porque est\u00e1n aterrorizados- es la explicaci\u00f3n completa y por qu\u00e9 las personas que est\u00e1n completamente aterrorizadas no \u00abparecen asustadas\u00bb.<\/p>\n<p>En el momento del nacimiento, el individuo humano tiene el potencial gen\u00e9tico de buscar y perseguir poderosamente su propio destino \u00fanico mediante el desarrollo progresivo de un complejo conjunto de capacidades para observar y escuchar, pensar y sentir, analizar y evaluar, planificar y elaborar estrategias, y comportarse con conciencia y poder en respuesta a su aguda percepci\u00f3n de la realidad y a la gu\u00eda que le da su conciencia.<\/p>\n<p>Sin embargo, en lugar de nutrir este potencial para que el ni\u00f1o crezca profundamente en contacto con su conciencia, sintiendo capacidades, pensamientos, sentimientos y otras facultades necesarias para buscar y recorrer con fuerza su propio y \u00fanico camino, los adultos significativos en la vida del ni\u00f1o comienzan inmediatamente a \u00absocializar\u00bb (es decir, a aterrorizar) al ni\u00f1o para que se conforme con las normas cultural y socialmente aceptables de pensamiento y comportamiento sobre la base de que un ser humano es m\u00e1s o menos id\u00e9ntico a otro (dar o tomar algunas variaciones menores entre las razas, los idiomas&#8230;).<\/p>\n<p>La idea de que cada mente humana puede ser \u00fanica en la forma en que cada cuerpo es \u00fanico (mientras se ajusta a un patr\u00f3n general en relaci\u00f3n con la forma, la altura y otras caracter\u00edsticas f\u00edsicas) nunca se le ocurre a nadie. La idea de que su hijo podr\u00eda tener el potencial de ser tan creativo, poderoso y \u00fanico como Leonardo Da Vinci, Mary Wollstonecraft, Sojourner Truth, Albert Einstein, Mohandas K. Gandhi o Rosalind Franklin nunca entra en la mente de un padre t\u00edpico.<\/p>\n<p>En cambio, criamos y ense\u00f1amos a los ni\u00f1os a ajustarse a una secuencia interminable de creencias y normas de comportamiento sobre la base de que \u00abuna talla sirve para todos\u00bb porque estamos literalmente (pero inconscientemente) aterrorizados de que nuestro hijo pueda ser \u00abdiferente\u00bb o, horror de los horrores, \u00a1\u00fanico! Y recompensamos con creces a las personas que se conforman y pueden demostrar su conformidad aprobando, a menudo literalmente, la interminable serie de pruebas socialmente aprobadas, formales y de otro tipo, que hemos establecido. V\u00e9ase, por ejemplo, <a href=\"https:\/\/feelingsfirstblog.wordpress.com\/school-or-education\/\">\u00ab\u00bfQueremos escuela o educaci\u00f3n?\u00bb<\/a>.<\/p>\n<p>Lo \u00faltimo que queremos es un individuo que piense, sienta y se comporte sin miedo, como ellos mismos decidan es lo mejor para s\u00ed mismos, quiz\u00e1s incluso porque su conciencia lo dicta. Pero cuando act\u00faan por su propia voluntad, los castigamos para asegurarnos de que el comportamiento generado por su \u00abYo\u00bb \u00fanico sea, si es posible, aterrorizado de ellos.<\/p>\n<p>Por supuesto, hay \u00abbuenas razones\u00bb para hacer esto. Si queremos estudiantes, soldados, empleados y ciudadanos obedientes, es la f\u00f3rmula perfecta. Aterrorizar al ni\u00f1o cuando es peque\u00f1o y la obediencia a un conjunto de creencias y comportamientos aprobados por los padres y la sociedad, est\u00e1 pr\u00e1cticamente garantizada.<\/p>\n<p>Igualmente importante es que, al comenzar esta embestida contra los ni\u00f1os desde el momento de su nacimiento, crezcan completamente inconscientes del hecho de que fueron aterrorizados para no convertirse en su \u00abVerdadero Ser\u00bb y buscar su propio destino \u00fanico con el fin de poder ser esclavos de su sociedad, desempe\u00f1ando alguna funci\u00f3n, servil o incluso \u00abprofesional\u00bb, despu\u00e9s de haberse sometido a un entrenamiento suficiente. El esclavo que nunca cuestiona su papel es un verdadero esclavo. \u00a1Y eso es lo que queremos!<\/p>\n<p>Igualmente importante, la persona que ha entregado temerosamente su Ser en el altar de la supervivencia f\u00edsica no puede observar ni escuchar el miedo expresado por nadie m\u00e1s, incluyendo a sus propios hijos. As\u00ed que simplemente \u00abno se dan cuenta\u00bb de ello.<\/p>\n<p>Entonces, \u00bfqu\u00e9 hacemos exactamente para que el Ser individual de cada ser humano sea aplastado y est\u00e9 demasiado aterrorizado, se odie a s\u00ed mismo y se sienta impotente para seguir su propio camino en la vida, observar y escuchar honestamente a sus propios hijos y considerar con atenci\u00f3n el estado de nuestro mundo y actuar poderosamente en respuesta?<\/p>\n<p>Infligimos una enorme y continua violencia sobre el ni\u00f1o, comenzando inmediatamente despu\u00e9s de su nacimiento.<\/p>\n<p>\u00ab\u00bfC\u00f3mo?\u00bb, se preguntar\u00e1n. \u00abNo le grito ni le pego a mi hijo. Y nunca lo castigo\u00bb.<\/p>\n<p>Bueno, si eso es cierto, es un buen comienzo.<\/p>\n<p>Pero, desafortunadamente, es mucho m\u00e1s complejo que estos tipos obvios de violencia y, aunque parezca extra\u00f1o, no es s\u00f3lo la violencia \u00abvisible\u00bb (como golpear, gritar y abusar sexualmente) a la que normalmente llamamos \u00abviolencia\u00bb la que causa el da\u00f1o principal, aunque es extremadamente da\u00f1ina. \u00a0El mayor componente del da\u00f1o proviene de la violencia \u00abinvisible\u00bb y \u00abtotalmente invisible\u00bb que los adultos infligimos inconscientemente a los ni\u00f1os durante el curso ordinario del d\u00eda. Tr\u00e1gicamente, la mayor parte de esta violencia ocurre en el hogar familiar y en la escuela. Vea <a href=\"http:\/\/tinyurl.com\/whyviolence\">\u00ab\u00bfPor qu\u00e9 la violencia?\u00bb<\/a> y <a href=\"http:\/\/anitamckone.wordpress.com\/articles-2\/fearless-and-fearful-psychology\/\">\u00abPsicolog\u00eda del valor y psicolog\u00eda del temor: principios y pr\u00e1ctica\u00bb<\/a>.<\/p>\n<p>Entonces, \u00bfqu\u00e9 es la violencia \u00abinvisible\u00bb? Son las \u00abpeque\u00f1as cosas\u00bb que hacemos todos los d\u00edas, en parte porque estamos \u00abdemasiado ocupados\u00bb. Por ejemplo, cuando no tenemos tiempo para escuchar y valorar los pensamientos y sentimientos de un ni\u00f1o, \u00e9ste aprende a no escucharse a s\u00ed mismo, destruyendo as\u00ed su sistema de comunicaci\u00f3n interna. Cuando no dejamos que un ni\u00f1o diga lo que quiere (o lo ignoramos cuando lo hace), el ni\u00f1o desarrolla disfuncionalidades de comunicaci\u00f3n y de comportamiento mientras trata de satisfacer sus propias necesidades (para las cuales, como estrategia b\u00e1sica de supervivencia, est\u00e1 gen\u00e9ticamente programado).<\/p>\n<p>Cuando reprochamos, condenamos, insultamos, nos burlamos, abochornamos, avergonzamos, humillamos, nos mofamos, instigamos, hacemos sentir culpable, enga\u00f1amos, mentimos, sobornamos, chantajeamos, moralizamos y\/o juzgamos a un ni\u00f1o, socavamos su sentido de autoestima y le ense\u00f1amos a reprochar, condenar, insultar, burlarse, abochornar, avergonzar, humillar, mofarse, instigar, hacer que otro se sienta culpable, enga\u00f1ar, mentir, sobornar, chantajear, moralizar y\/o juzgar.<\/p>\n<p>El resultado fundamental de ser bombardeado a lo largo de su infancia por esta violencia \u00abinvisible\u00bb es que el ni\u00f1o est\u00e1 totalmente abrumado por sentimientos de miedo, dolor, ira y tristeza (entre muchos otros). Sin embargo, las madres, los padres, los maestros y otros adultos tambi\u00e9n interfieren activamente con la expresi\u00f3n de estos sentimientos y las respuestas conductuales que son generadas naturalmente por ellos, y es esta violencia \u00abtotalmente invisible\u00bb la que explica por qu\u00e9 los resultados conductuales disfuncionales realmente ocurren.<\/p>\n<p>Por ejemplo, al ignorar a un ni\u00f1o cuando expresa sus sentimientos, al consolarlo, tranquilizarlo o distraerlo cuando expresa sus sentimientos, al re\u00edrse o ridiculizarlo, al aterrorizarlo para que no exprese sus sentimientos (por ejemplo, al gritarle cuando llora o se enoja), y\/o al controlar violentamente una conducta generada por sus sentimientos (por ejemplo, al pegarle, restringirlo o encerrarlo en una habitaci\u00f3n), el ni\u00f1o no tiene otra opci\u00f3n que reprimir inconscientemente su conciencia de estos sentimientos.<\/p>\n<p>Sin embargo, una vez que un ni\u00f1o ha sido aterrorizado para que suprima la conciencia de sus sentimientos (en lugar de que se le permita tener sentimientos y actuar en consecuencia), el ni\u00f1o tambi\u00e9n ha suprimido inconscientemente su conciencia de la realidad que caus\u00f3 estos sentimientos. Esto tiene muchos resultados que son desastrosos para el individuo, para la sociedad y para la naturaleza, porque ahora suprimir\u00e1 f\u00e1cilmente su conciencia de los sentimientos que le dir\u00edan c\u00f3mo actuar m\u00e1s funcionalmente en cualquier circunstancia dada y progresivamente adquirir\u00e1n una variedad fenomenal de comportamientos disfuncionales, incluyendo algunos que son violentos hacia s\u00ed mismos, hacia otros y\/o hacia la Tierra.<\/p>\n<p>De lo anterior se desprende tambi\u00e9n que nunca se debe utilizar el castigo. \u00abCastigo\u00bb, por supuesto, es una de las palabras que usamos para ocultar nuestra conciencia del hecho de que estamos usando la violencia. La violencia, incluso cuando la llamamos \u00abcastigo\u00bb, asusta a ni\u00f1os y adultos por igual y no puede provocar una respuesta conductual funcional. V\u00e9ase <a href=\"https:\/\/feelingsfirstblog.wordpress.com\/punishment\/\">\u00abEl castigo es violento y contraproducente\u00bb<\/a>.<\/p>\n<p>Si alguien se comporta de manera disfuncional, necesita ser escuchado, profundamente, para que pueda empezar a ser consciente de los sentimientos (que siempre incluir\u00e1n el miedo y, a menudo, el terror) que condujeron a la conducta disfuncional en primer lugar. Luego necesitan sentir y expresar estos sentimientos (incluyendo cualquier enojo) de una manera segura. S\u00f3lo entonces ser\u00e1 posible un cambio de comportamiento en la direcci\u00f3n de la funcionalidad. V\u00e9ase <a href=\"https:\/\/feelingsfirstblog.wordpress.com\/nisteling\/\">\u00abNisteling: El arte de escuchar profundamente\u00bb<\/a>.<\/p>\n<p>Pero estos comportamientos de adultos que ha descrito no parecen tan malos. \u00bfPodr\u00eda ser el resultado tan desastroso como usted dice? El problema es que hay cientos de estos comportamientos cotidianos \u00abordinarios\u00bb que destruyen la individualidad del ni\u00f1o. Es \u00abmuerte por mil cortes\u00bb y la mayor\u00eda de los ni\u00f1os simplemente no sobreviven como individuos conscientes de s\u00ed mismos. \u00bfY por qu\u00e9 hacemos esto? Como se mencion\u00f3 anteriormente, lo hacemos para que cada ni\u00f1o encaje en nuestro modelo de \u00abel ciudadano perfecto\u00bb: es decir, un estudiante obediente y trabajador, un empleado\/soldado confiable y flexible, y un ciudadano sumiso y respetuoso de la ley.<\/p>\n<p>Adem\u00e1s, una vez que destruimos la individualidad de un ni\u00f1o, esto tiene muchos efectos de flujo. Por ejemplo, una vez que aterrorizas a un ni\u00f1o para que acepte cierta informaci\u00f3n sobre s\u00ed mismo, sobre otras personas o sobre el estado del mundo, el ni\u00f1o se vuelve inconscientemente temeroso de tratar con nueva informaci\u00f3n, especialmente si esta informaci\u00f3n es contradictoria con lo que ha sido aterrorizado a creer. Como resultado, el ni\u00f1o inconscientemente descartar\u00e1 nueva informaci\u00f3n de la mano.<\/p>\n<p>En resumen, el ni\u00f1o ha sido aterrorizado de tal manera que ya no es capaz de aprender (o su capacidad de aprendizaje se ve seriamente disminuida al excluir cualquier informaci\u00f3n que no sea una simple extensi\u00f3n de lo que ya \u00abconoce\u00bb). Fundamentalmente, el ni\u00f1o es ahora incapaz de observar cuidadosamente la realidad, analizar las pruebas en relaci\u00f3n con esa realidad y responder estrat\u00e9gicamente para que los conflictos y los problemas se acerquen a la resoluci\u00f3n. Es decir, el ni\u00f1o est\u00e1 ahora atrapado inconscientemente, creyendo y comport\u00e1ndose precisamente dentro del espectro de creencias y comportamientos socialmente aprobados con que la sociedad le aterrorizaba para que aceptara, por muy disfuncionales y violentos que fueran esos sistemas de creencias y esos comportamientos.<\/p>\n<p>En los pa\u00edses industrializados, por ejemplo, esto incluir\u00e1 invariablemente el consumo excesivo, que es un comportamiento est\u00e1ndar (pero muy disfuncional y violento), particularmente dado el estado actual de la bi\u00f3sfera. Vea <a href=\"https:\/\/feelingsfirstblog.wordpress.com\/key-articles\/love-denied\/\">\u00abAmor negado: la psicolog\u00eda del materialismo, la violencia y la guerra\u00bb<\/a>.<\/p>\n<p><strong>Respondiendo poderosamente a la realidad <\/strong><\/p>\n<p>Entonces, \u00bfc\u00f3mo nutrimos a los ni\u00f1os para que se conviertan en el individuo \u00fanico y poderoso que es su derecho de nacimiento? Alguien que sea capaz de identificar claramente qu\u00e9 es lo que necesita y qu\u00e9 resultados funcionan para \u00e9l, y que no aprenda a comprometerse progresivamente hasta que no quede nada de su identidad \u00fanica; alguien, en definitiva, tan impotente, que sea incapaz de considerarse a s\u00ed mismo, a los dem\u00e1s y al estado de la bi\u00f3sfera. Alguien que vive en el enga\u00f1o.<\/p>\n<p>Bueno, si quiere un ni\u00f1o poderoso, puede leer lo que se requiere en <a href=\"https:\/\/feelingsfirstblog.wordpress.com\/my-promise-to-children\/\">\u00abMi promesa a los ni\u00f1os\u00bb<\/a>.<\/p>\n<p>Si despu\u00e9s de leer esta \u00abpromesa\u00bb, usted se siente incapaz de nutrir adecuadamente a los ni\u00f1os, podr\u00eda considerar realizar la curaci\u00f3n necesaria para que pueda hacerlo. Vea <a href=\"https:\/\/feelingsfirstblog.wordpress.com\/putting-feelings-first\/\">\u00abPoniendo los sentimientos primero\u00bb<\/a>.<\/p>\n<p>Si ya se siente libre de los delirios que afligen a la mayor\u00eda de las personas y es capaz de responder poderosamente al estado de nuestro mundo, entonces considere unirse a los que participan en la estrategia de quince a\u00f1os esbozada en <a href=\"http:\/\/tinyurl.com\/flametree\">\u00abEl Proyecto \u00c1rbol de Fuego para salvar la vida en la Tierra\u00bb<\/a> y firmar el compromiso en l\u00ednea de <a href=\"https:\/\/thepeoplesnonviolencecharter.wordpress.com\/espanol\/\">\u201cLa Carta de los Pueblos para la Creaci\u00f3n de un Mundo No Violento\u201d<\/a>.<\/p>\n<p>Si es lo suficientemente poderoso como para hacer campa\u00f1a a favor del cambio contra una o m\u00e1s de las manifestaciones de violencia en curso en el mundo, considere la posibilidad de hacerlo estrat\u00e9gicamente para que tenga el m\u00e1ximo impacto. Vea \u00a0<a href=\"https:\/\/nonviolentstrategy.wordpress.com\/\">Estrategia de Campa\u00f1a No Violenta<\/a>.<\/p>\n<p>Y si ninguna de las opciones que he ofrecido de forma apremiante apela a su criterio, preg\u00fantese si realmente quiere ayudar a poner fin a la violencia o simplemente enga\u00f1arse a s\u00ed mismo como todas las personas que describ\u00ed anteriormente.<\/p>\n<p><em>Traducido del ingl\u00e9s por Mar\u00eda Cristina S\u00e1nchez<\/em><\/p>\n","protected":false},"excerpt":{"rendered":"<p>Es f\u00e1cil identificar la violencia continua e interminable que se est\u00e1 infligiendo a la vida en la Tierra. Esto va desde la gran multiplicidad de ataques infligidos a nuestros ni\u00f1os y a la bi\u00f3sfera hasta las interminables guerras y otras&hellip;<\/p>\n","protected":false},"author":1136,"featured_media":790294,"comment_status":"closed","ping_status":"closed","sticky":false,"template":"","format":"standard","meta":{"footnotes":""},"categories":[11389,39,1242,161],"tags":[53927,393,11597,4754,623],"class_list":["post-793246","post","type-post","status-publish","format-standard","has-post-thumbnail","hentry","category-contenido-original","category-internacional","category-noviolencia-tema","category-opiniones","tag-biosfera","tag-educacion","tag-guerras","tag-ninos","tag-violencia"],"yoast_head":"<!-- This site is optimized with the Yoast SEO plugin v27.1.1 - https:\/\/yoast.com\/product\/yoast-seo-wordpress\/ -->\n<title>Los seres humanos estamos destruyendo la vida en la Tierra, pero nos enga\u00f1amos a nosotros mismos de que no es as\u00ed<\/title>\n<meta name=\"description\" content=\"Es f\u00e1cil identificar la violencia continua e interminable que se est\u00e1 infligiendo a la vida en la Tierra. Esto va desde la gran multiplicidad de ataques\" \/>\n<meta name=\"robots\" content=\"index, follow, max-snippet:-1, max-image-preview:large, max-video-preview:-1\" \/>\n<link rel=\"canonical\" href=\"https:\/\/www.pressenza.com\/es\/2019\/01\/los-seres-humanos-estamos-destruyendo-la-vida-en-la-tierra-pero-nos-enganamos-a-nosotros-mismos-de-que-no-es-asi\/\" \/>\n<meta property=\"og:locale\" content=\"es_ES\" \/>\n<meta property=\"og:type\" content=\"article\" \/>\n<meta property=\"og:title\" content=\"Los seres humanos estamos destruyendo la vida en la Tierra, pero nos enga\u00f1amos a nosotros mismos de que no es as\u00ed\" \/>\n<meta property=\"og:description\" content=\"Es f\u00e1cil identificar la violencia continua e interminable que se est\u00e1 infligiendo a la vida en la Tierra. Esto va desde la gran multiplicidad de ataques\" \/>\n<meta property=\"og:url\" content=\"https:\/\/www.pressenza.com\/es\/2019\/01\/los-seres-humanos-estamos-destruyendo-la-vida-en-la-tierra-pero-nos-enganamos-a-nosotros-mismos-de-que-no-es-asi\/\" \/>\n<meta property=\"og:site_name\" content=\"Pressenza\" \/>\n<meta property=\"article:publisher\" content=\"https:\/\/www.facebook.com\/PressenzaItalia\" \/>\n<meta property=\"article:published_time\" content=\"2019-01-21T21:23:30+00:00\" \/>\n<meta property=\"article:modified_time\" content=\"2019-02-06T21:07:36+00:00\" \/>\n<meta property=\"og:image\" content=\"https:\/\/www.pressenza.com\/wp-content\/uploads\/2019\/01\/IMG_20181012_142027.jpg\" \/>\n\t<meta property=\"og:image:width\" content=\"2048\" \/>\n\t<meta property=\"og:image:height\" content=\"1536\" \/>\n\t<meta property=\"og:image:type\" content=\"image\/jpeg\" \/>\n<meta name=\"author\" content=\"Robert Burrowes\" \/>\n<meta name=\"twitter:card\" content=\"summary_large_image\" \/>\n<meta name=\"twitter:creator\" content=\"@PressenzaIPA\" \/>\n<meta name=\"twitter:site\" content=\"@PressenzaIPA\" \/>\n<meta name=\"twitter:label1\" content=\"Escrito por\" \/>\n\t<meta name=\"twitter:data1\" content=\"Robert Burrowes\" \/>\n\t<meta name=\"twitter:label2\" content=\"Tiempo de lectura\" \/>\n\t<meta name=\"twitter:data2\" content=\"15 minutos\" \/>\n<script type=\"application\/ld+json\" class=\"yoast-schema-graph\">{\"@context\":\"https:\/\/schema.org\",\"@graph\":[{\"@type\":\"Article\",\"@id\":\"https:\/\/www.pressenza.com\/es\/2019\/01\/los-seres-humanos-estamos-destruyendo-la-vida-en-la-tierra-pero-nos-enganamos-a-nosotros-mismos-de-que-no-es-asi\/#article\",\"isPartOf\":{\"@id\":\"https:\/\/www.pressenza.com\/es\/2019\/01\/los-seres-humanos-estamos-destruyendo-la-vida-en-la-tierra-pero-nos-enganamos-a-nosotros-mismos-de-que-no-es-asi\/\"},\"author\":{\"name\":\"Robert Burrowes\",\"@id\":\"https:\/\/www.pressenza.com\/es\/#\/schema\/person\/117b3f5fe7dadc820d75508b5201b758\"},\"headline\":\"Los seres humanos estamos destruyendo la vida en la Tierra, pero nos enga\u00f1amos a nosotros mismos de que no es as\u00ed\",\"datePublished\":\"2019-01-21T21:23:30+00:00\",\"dateModified\":\"2019-02-06T21:07:36+00:00\",\"mainEntityOfPage\":{\"@id\":\"https:\/\/www.pressenza.com\/es\/2019\/01\/los-seres-humanos-estamos-destruyendo-la-vida-en-la-tierra-pero-nos-enganamos-a-nosotros-mismos-de-que-no-es-asi\/\"},\"wordCount\":3057,\"publisher\":{\"@id\":\"https:\/\/www.pressenza.com\/es\/#organization\"},\"image\":{\"@id\":\"https:\/\/www.pressenza.com\/es\/2019\/01\/los-seres-humanos-estamos-destruyendo-la-vida-en-la-tierra-pero-nos-enganamos-a-nosotros-mismos-de-que-no-es-asi\/#primaryimage\"},\"thumbnailUrl\":\"https:\/\/www.pressenza.com\/wp-content\/uploads\/2019\/01\/IMG_20181012_142027.jpg\",\"keywords\":[\"bi\u00f3sfera\",\"Educaci\u00f3n\",\"guerras\",\"NI\u00d1OS\",\"Violencia\"],\"articleSection\":[\"Contenido Original\",\"Internacional\",\"Noviolencia\",\"Opiniones\"],\"inLanguage\":\"es\"},{\"@type\":\"WebPage\",\"@id\":\"https:\/\/www.pressenza.com\/es\/2019\/01\/los-seres-humanos-estamos-destruyendo-la-vida-en-la-tierra-pero-nos-enganamos-a-nosotros-mismos-de-que-no-es-asi\/\",\"url\":\"https:\/\/www.pressenza.com\/es\/2019\/01\/los-seres-humanos-estamos-destruyendo-la-vida-en-la-tierra-pero-nos-enganamos-a-nosotros-mismos-de-que-no-es-asi\/\",\"name\":\"Los seres humanos estamos destruyendo la vida en la Tierra, pero nos enga\u00f1amos a nosotros mismos de que no es as\u00ed\",\"isPartOf\":{\"@id\":\"https:\/\/www.pressenza.com\/es\/#website\"},\"primaryImageOfPage\":{\"@id\":\"https:\/\/www.pressenza.com\/es\/2019\/01\/los-seres-humanos-estamos-destruyendo-la-vida-en-la-tierra-pero-nos-enganamos-a-nosotros-mismos-de-que-no-es-asi\/#primaryimage\"},\"image\":{\"@id\":\"https:\/\/www.pressenza.com\/es\/2019\/01\/los-seres-humanos-estamos-destruyendo-la-vida-en-la-tierra-pero-nos-enganamos-a-nosotros-mismos-de-que-no-es-asi\/#primaryimage\"},\"thumbnailUrl\":\"https:\/\/www.pressenza.com\/wp-content\/uploads\/2019\/01\/IMG_20181012_142027.jpg\",\"datePublished\":\"2019-01-21T21:23:30+00:00\",\"dateModified\":\"2019-02-06T21:07:36+00:00\",\"description\":\"Es f\u00e1cil identificar la violencia continua e interminable que se est\u00e1 infligiendo a la vida en la Tierra. Esto va desde la gran multiplicidad de ataques\",\"breadcrumb\":{\"@id\":\"https:\/\/www.pressenza.com\/es\/2019\/01\/los-seres-humanos-estamos-destruyendo-la-vida-en-la-tierra-pero-nos-enganamos-a-nosotros-mismos-de-que-no-es-asi\/#breadcrumb\"},\"inLanguage\":\"es\",\"potentialAction\":[{\"@type\":\"ReadAction\",\"target\":[\"https:\/\/www.pressenza.com\/es\/2019\/01\/los-seres-humanos-estamos-destruyendo-la-vida-en-la-tierra-pero-nos-enganamos-a-nosotros-mismos-de-que-no-es-asi\/\"]}]},{\"@type\":\"ImageObject\",\"inLanguage\":\"es\",\"@id\":\"https:\/\/www.pressenza.com\/es\/2019\/01\/los-seres-humanos-estamos-destruyendo-la-vida-en-la-tierra-pero-nos-enganamos-a-nosotros-mismos-de-que-no-es-asi\/#primaryimage\",\"url\":\"https:\/\/www.pressenza.com\/wp-content\/uploads\/2019\/01\/IMG_20181012_142027.jpg\",\"contentUrl\":\"https:\/\/www.pressenza.com\/wp-content\/uploads\/2019\/01\/IMG_20181012_142027.jpg\",\"width\":2048,\"height\":1536},{\"@type\":\"BreadcrumbList\",\"@id\":\"https:\/\/www.pressenza.com\/es\/2019\/01\/los-seres-humanos-estamos-destruyendo-la-vida-en-la-tierra-pero-nos-enganamos-a-nosotros-mismos-de-que-no-es-asi\/#breadcrumb\",\"itemListElement\":[{\"@type\":\"ListItem\",\"position\":1,\"name\":\"Accueil\",\"item\":\"https:\/\/www.pressenza.com\/es\/\"},{\"@type\":\"ListItem\",\"position\":2,\"name\":\"Los seres humanos estamos destruyendo la vida en la Tierra, pero nos enga\u00f1amos a nosotros mismos de que no es as\u00ed\"}]},{\"@type\":\"WebSite\",\"@id\":\"https:\/\/www.pressenza.com\/es\/#website\",\"url\":\"https:\/\/www.pressenza.com\/es\/\",\"name\":\"Pressenza\",\"description\":\"International Press Agency\",\"publisher\":{\"@id\":\"https:\/\/www.pressenza.com\/es\/#organization\"},\"potentialAction\":[{\"@type\":\"SearchAction\",\"target\":{\"@type\":\"EntryPoint\",\"urlTemplate\":\"https:\/\/www.pressenza.com\/es\/?s={search_term_string}\"},\"query-input\":{\"@type\":\"PropertyValueSpecification\",\"valueRequired\":true,\"valueName\":\"search_term_string\"}}],\"inLanguage\":\"es\"},{\"@type\":\"Organization\",\"@id\":\"https:\/\/www.pressenza.com\/es\/#organization\",\"name\":\"Pressenza\",\"url\":\"https:\/\/www.pressenza.com\/es\/\",\"logo\":{\"@type\":\"ImageObject\",\"inLanguage\":\"es\",\"@id\":\"https:\/\/www.pressenza.com\/es\/#\/schema\/logo\/image\/\",\"url\":\"https:\/\/www.pressenza.com\/wp-content\/uploads\/2022\/10\/pressenza_logo_200x200.jpg\",\"contentUrl\":\"https:\/\/www.pressenza.com\/wp-content\/uploads\/2022\/10\/pressenza_logo_200x200.jpg\",\"width\":200,\"height\":200,\"caption\":\"Pressenza\"},\"image\":{\"@id\":\"https:\/\/www.pressenza.com\/es\/#\/schema\/logo\/image\/\"},\"sameAs\":[\"https:\/\/www.facebook.com\/PressenzaItalia\",\"https:\/\/x.com\/PressenzaIPA\"]},{\"@type\":\"Person\",\"@id\":\"https:\/\/www.pressenza.com\/es\/#\/schema\/person\/117b3f5fe7dadc820d75508b5201b758\",\"name\":\"Robert Burrowes\",\"description\":\"Robert J. Burrowes has a lifetime commitment to understanding and ending human violence. He has done extensive research since 1966 in an effort to understand why human beings are violent and has been a nonviolent activist since 1981. He is the author of 'Why Violence?' His email address is flametree@riseup.net and his website is at http:\/\/robertjburrowes.wordpress.com\",\"url\":\"https:\/\/www.pressenza.com\/es\/author\/robert-burrowes\/\"}]}<\/script>\n<!-- \/ Yoast SEO plugin. -->","yoast_head_json":{"title":"Los seres humanos estamos destruyendo la vida en la Tierra, pero nos enga\u00f1amos a nosotros mismos de que no es as\u00ed","description":"Es f\u00e1cil identificar la violencia continua e interminable que se est\u00e1 infligiendo a la vida en la Tierra. Esto va desde la gran multiplicidad de ataques","robots":{"index":"index","follow":"follow","max-snippet":"max-snippet:-1","max-image-preview":"max-image-preview:large","max-video-preview":"max-video-preview:-1"},"canonical":"https:\/\/www.pressenza.com\/es\/2019\/01\/los-seres-humanos-estamos-destruyendo-la-vida-en-la-tierra-pero-nos-enganamos-a-nosotros-mismos-de-que-no-es-asi\/","og_locale":"es_ES","og_type":"article","og_title":"Los seres humanos estamos destruyendo la vida en la Tierra, pero nos enga\u00f1amos a nosotros mismos de que no es as\u00ed","og_description":"Es f\u00e1cil identificar la violencia continua e interminable que se est\u00e1 infligiendo a la vida en la Tierra. Esto va desde la gran multiplicidad de ataques","og_url":"https:\/\/www.pressenza.com\/es\/2019\/01\/los-seres-humanos-estamos-destruyendo-la-vida-en-la-tierra-pero-nos-enganamos-a-nosotros-mismos-de-que-no-es-asi\/","og_site_name":"Pressenza","article_publisher":"https:\/\/www.facebook.com\/PressenzaItalia","article_published_time":"2019-01-21T21:23:30+00:00","article_modified_time":"2019-02-06T21:07:36+00:00","og_image":[{"width":2048,"height":1536,"url":"https:\/\/www.pressenza.com\/wp-content\/uploads\/2019\/01\/IMG_20181012_142027.jpg","type":"image\/jpeg"}],"author":"Robert Burrowes","twitter_card":"summary_large_image","twitter_creator":"@PressenzaIPA","twitter_site":"@PressenzaIPA","twitter_misc":{"Escrito por":"Robert Burrowes","Tiempo de lectura":"15 minutos"},"schema":{"@context":"https:\/\/schema.org","@graph":[{"@type":"Article","@id":"https:\/\/www.pressenza.com\/es\/2019\/01\/los-seres-humanos-estamos-destruyendo-la-vida-en-la-tierra-pero-nos-enganamos-a-nosotros-mismos-de-que-no-es-asi\/#article","isPartOf":{"@id":"https:\/\/www.pressenza.com\/es\/2019\/01\/los-seres-humanos-estamos-destruyendo-la-vida-en-la-tierra-pero-nos-enganamos-a-nosotros-mismos-de-que-no-es-asi\/"},"author":{"name":"Robert Burrowes","@id":"https:\/\/www.pressenza.com\/es\/#\/schema\/person\/117b3f5fe7dadc820d75508b5201b758"},"headline":"Los seres humanos estamos destruyendo la vida en la Tierra, pero nos enga\u00f1amos a nosotros mismos de que no es as\u00ed","datePublished":"2019-01-21T21:23:30+00:00","dateModified":"2019-02-06T21:07:36+00:00","mainEntityOfPage":{"@id":"https:\/\/www.pressenza.com\/es\/2019\/01\/los-seres-humanos-estamos-destruyendo-la-vida-en-la-tierra-pero-nos-enganamos-a-nosotros-mismos-de-que-no-es-asi\/"},"wordCount":3057,"publisher":{"@id":"https:\/\/www.pressenza.com\/es\/#organization"},"image":{"@id":"https:\/\/www.pressenza.com\/es\/2019\/01\/los-seres-humanos-estamos-destruyendo-la-vida-en-la-tierra-pero-nos-enganamos-a-nosotros-mismos-de-que-no-es-asi\/#primaryimage"},"thumbnailUrl":"https:\/\/www.pressenza.com\/wp-content\/uploads\/2019\/01\/IMG_20181012_142027.jpg","keywords":["bi\u00f3sfera","Educaci\u00f3n","guerras","NI\u00d1OS","Violencia"],"articleSection":["Contenido Original","Internacional","Noviolencia","Opiniones"],"inLanguage":"es"},{"@type":"WebPage","@id":"https:\/\/www.pressenza.com\/es\/2019\/01\/los-seres-humanos-estamos-destruyendo-la-vida-en-la-tierra-pero-nos-enganamos-a-nosotros-mismos-de-que-no-es-asi\/","url":"https:\/\/www.pressenza.com\/es\/2019\/01\/los-seres-humanos-estamos-destruyendo-la-vida-en-la-tierra-pero-nos-enganamos-a-nosotros-mismos-de-que-no-es-asi\/","name":"Los seres humanos estamos destruyendo la vida en la Tierra, pero nos enga\u00f1amos a nosotros mismos de que no es as\u00ed","isPartOf":{"@id":"https:\/\/www.pressenza.com\/es\/#website"},"primaryImageOfPage":{"@id":"https:\/\/www.pressenza.com\/es\/2019\/01\/los-seres-humanos-estamos-destruyendo-la-vida-en-la-tierra-pero-nos-enganamos-a-nosotros-mismos-de-que-no-es-asi\/#primaryimage"},"image":{"@id":"https:\/\/www.pressenza.com\/es\/2019\/01\/los-seres-humanos-estamos-destruyendo-la-vida-en-la-tierra-pero-nos-enganamos-a-nosotros-mismos-de-que-no-es-asi\/#primaryimage"},"thumbnailUrl":"https:\/\/www.pressenza.com\/wp-content\/uploads\/2019\/01\/IMG_20181012_142027.jpg","datePublished":"2019-01-21T21:23:30+00:00","dateModified":"2019-02-06T21:07:36+00:00","description":"Es f\u00e1cil identificar la violencia continua e interminable que se est\u00e1 infligiendo a la vida en la Tierra. Esto va desde la gran multiplicidad de ataques","breadcrumb":{"@id":"https:\/\/www.pressenza.com\/es\/2019\/01\/los-seres-humanos-estamos-destruyendo-la-vida-en-la-tierra-pero-nos-enganamos-a-nosotros-mismos-de-que-no-es-asi\/#breadcrumb"},"inLanguage":"es","potentialAction":[{"@type":"ReadAction","target":["https:\/\/www.pressenza.com\/es\/2019\/01\/los-seres-humanos-estamos-destruyendo-la-vida-en-la-tierra-pero-nos-enganamos-a-nosotros-mismos-de-que-no-es-asi\/"]}]},{"@type":"ImageObject","inLanguage":"es","@id":"https:\/\/www.pressenza.com\/es\/2019\/01\/los-seres-humanos-estamos-destruyendo-la-vida-en-la-tierra-pero-nos-enganamos-a-nosotros-mismos-de-que-no-es-asi\/#primaryimage","url":"https:\/\/www.pressenza.com\/wp-content\/uploads\/2019\/01\/IMG_20181012_142027.jpg","contentUrl":"https:\/\/www.pressenza.com\/wp-content\/uploads\/2019\/01\/IMG_20181012_142027.jpg","width":2048,"height":1536},{"@type":"BreadcrumbList","@id":"https:\/\/www.pressenza.com\/es\/2019\/01\/los-seres-humanos-estamos-destruyendo-la-vida-en-la-tierra-pero-nos-enganamos-a-nosotros-mismos-de-que-no-es-asi\/#breadcrumb","itemListElement":[{"@type":"ListItem","position":1,"name":"Accueil","item":"https:\/\/www.pressenza.com\/es\/"},{"@type":"ListItem","position":2,"name":"Los seres humanos estamos destruyendo la vida en la Tierra, pero nos enga\u00f1amos a nosotros mismos de que no es as\u00ed"}]},{"@type":"WebSite","@id":"https:\/\/www.pressenza.com\/es\/#website","url":"https:\/\/www.pressenza.com\/es\/","name":"Pressenza","description":"International Press Agency","publisher":{"@id":"https:\/\/www.pressenza.com\/es\/#organization"},"potentialAction":[{"@type":"SearchAction","target":{"@type":"EntryPoint","urlTemplate":"https:\/\/www.pressenza.com\/es\/?s={search_term_string}"},"query-input":{"@type":"PropertyValueSpecification","valueRequired":true,"valueName":"search_term_string"}}],"inLanguage":"es"},{"@type":"Organization","@id":"https:\/\/www.pressenza.com\/es\/#organization","name":"Pressenza","url":"https:\/\/www.pressenza.com\/es\/","logo":{"@type":"ImageObject","inLanguage":"es","@id":"https:\/\/www.pressenza.com\/es\/#\/schema\/logo\/image\/","url":"https:\/\/www.pressenza.com\/wp-content\/uploads\/2022\/10\/pressenza_logo_200x200.jpg","contentUrl":"https:\/\/www.pressenza.com\/wp-content\/uploads\/2022\/10\/pressenza_logo_200x200.jpg","width":200,"height":200,"caption":"Pressenza"},"image":{"@id":"https:\/\/www.pressenza.com\/es\/#\/schema\/logo\/image\/"},"sameAs":["https:\/\/www.facebook.com\/PressenzaItalia","https:\/\/x.com\/PressenzaIPA"]},{"@type":"Person","@id":"https:\/\/www.pressenza.com\/es\/#\/schema\/person\/117b3f5fe7dadc820d75508b5201b758","name":"Robert Burrowes","description":"Robert J. Burrowes has a lifetime commitment to understanding and ending human violence. He has done extensive research since 1966 in an effort to understand why human beings are violent and has been a nonviolent activist since 1981. He is the author of 'Why Violence?' His email address is flametree@riseup.net and his website is at http:\/\/robertjburrowes.wordpress.com","url":"https:\/\/www.pressenza.com\/es\/author\/robert-burrowes\/"}]}},"place":"Australia","original_article_url":"","_links":{"self":[{"href":"https:\/\/www.pressenza.com\/es\/wp-json\/wp\/v2\/posts\/793246","targetHints":{"allow":["GET"]}}],"collection":[{"href":"https:\/\/www.pressenza.com\/es\/wp-json\/wp\/v2\/posts"}],"about":[{"href":"https:\/\/www.pressenza.com\/es\/wp-json\/wp\/v2\/types\/post"}],"author":[{"embeddable":true,"href":"https:\/\/www.pressenza.com\/es\/wp-json\/wp\/v2\/users\/1136"}],"replies":[{"embeddable":true,"href":"https:\/\/www.pressenza.com\/es\/wp-json\/wp\/v2\/comments?post=793246"}],"version-history":[{"count":0,"href":"https:\/\/www.pressenza.com\/es\/wp-json\/wp\/v2\/posts\/793246\/revisions"}],"wp:featuredmedia":[{"embeddable":true,"href":"https:\/\/www.pressenza.com\/es\/wp-json\/wp\/v2\/media\/790294"}],"wp:attachment":[{"href":"https:\/\/www.pressenza.com\/es\/wp-json\/wp\/v2\/media?parent=793246"}],"wp:term":[{"taxonomy":"category","embeddable":true,"href":"https:\/\/www.pressenza.com\/es\/wp-json\/wp\/v2\/categories?post=793246"},{"taxonomy":"post_tag","embeddable":true,"href":"https:\/\/www.pressenza.com\/es\/wp-json\/wp\/v2\/tags?post=793246"}],"curies":[{"name":"wp","href":"https:\/\/api.w.org\/{rel}","templated":true}]}}