{"id":793013,"date":"2019-01-21T17:16:08","date_gmt":"2019-01-21T17:16:08","guid":{"rendered":"https:\/\/www.pressenza.com\/?p=793013"},"modified":"2019-01-21T17:16:08","modified_gmt":"2019-01-21T17:16:08","slug":"otra-caravana-de-hondurenos-sale-hacia-eeuu-en-busca-de-mejores-condiciones-de-vida","status":"publish","type":"post","link":"https:\/\/www.pressenza.com\/es\/2019\/01\/otra-caravana-de-hondurenos-sale-hacia-eeuu-en-busca-de-mejores-condiciones-de-vida\/","title":{"rendered":"Otra caravana de hondure\u00f1os sale hacia EEUU en busca de mejores condiciones de vida"},"content":{"rendered":"<p>Otra caravana de hondure\u00f1os parti\u00f3 este domingo en una larga traves\u00eda hacia Estados Unidos en busca de mejores condiciones de vida, pese a las pol\u00edticas del presidente Donald Trump para bloquear el paso a las tres anteriores, informaron las autoridades.<\/p>\n<p>Con pocas pertenencias, varios grupos de personas fueron llegando desde la tarde del s\u00e1bado a la terminal de autobuses de San Pedro Sula, ubicada 180 km al norte de la capital, de donde salieron este domingo.<\/p>\n<p>En grupos peque\u00f1os, unas 400 personas iniciaron la caminata a la orilla de la carretera que conduce a la frontera con Guatemala.<\/p>\n<p>La polic\u00eda indic\u00f3 en un comunicado que de ese grupo, 153 personas llegaron en tres autobuses a la aduana de Agua Caliente, en Guatemala.<\/p>\n<p>A esas personas \u201cse les hizo saber que tienen que realizar un prechequeo\u201d en la oficina de Migraci\u00f3n para poder cruzar la frontera a Guatemala, a\u00f1adi\u00f3 el comunicado.<\/p>\n<p>En la madrugada del martes, una tercera caravana hab\u00eda salido tambi\u00e9n de la terminal de San Pedro Sula con cerca de 2,000 personas, de las cuales cientos cruzaron el s\u00e1bado a M\u00e9xico por el puesto fronterizo de Tec\u00fan Um\u00e1n, en Guatemala.<\/p>\n<p>El 13 de octubre parti\u00f3 la primera caravana de San Pedro Sula con cerca de 2,000 hondure\u00f1os y cuatro d\u00edas despu\u00e9s sali\u00f3 la segunda con menos integrantes desde el sur del pa\u00eds.<\/p>\n<p>Estas caravanas han provocado la irritaci\u00f3n del presidente estadounidense que quiere construir un muro en la frontera entre su pa\u00eds y M\u00e9xico para bloquear a los migrantes.<\/p>\n<p>La seguridad de la frontera y la construcci\u00f3n del muro han provocado una confrontaci\u00f3n entre el presidente republicano y los dem\u00f3cratas que mantienen el cierre parcial del gobierno estadounidense.<\/p>\n","protected":false},"excerpt":{"rendered":"<p>Otra caravana de hondure\u00f1os parti\u00f3 este domingo en una larga traves\u00eda hacia Estados Unidos en busca de mejores condiciones de vida, pese a las pol\u00edticas del presidente Donald Trump para bloquear el paso a las tres anteriores, informaron las autoridades.&hellip;<\/p>\n","protected":false},"author":1075,"featured_media":793033,"comment_status":"closed","ping_status":"closed","sticky":false,"template":"","format":"standard","meta":{"footnotes":""},"categories":[69,79,68],"tags":[51138,26187,4341],"class_list":["post-793013","post","type-post","status-publish","format-standard","has-post-thumbnail","hentry","category-america-central","category-derechos-humanos","category-norteamerica","tag-caravana-de-migrantes","tag-donald-trump-es","tag-honduras-es"],"yoast_head":"<!-- This site is optimized with the Yoast SEO plugin v27.1.1 - https:\/\/yoast.com\/product\/yoast-seo-wordpress\/ -->\n<title>Otra caravana de hondure\u00f1os sale hacia EEUU en busca de mejores condiciones de vida<\/title>\n<meta name=\"description\" content=\"Otra caravana de hondure\u00f1os parti\u00f3 este domingo en una larga traves\u00eda hacia Estados Unidos en busca de mejores condiciones de vida, pese a las pol\u00edticas\" \/>\n<meta name=\"robots\" content=\"index, follow, max-snippet:-1, max-image-preview:large, max-video-preview:-1\" \/>\n<link rel=\"canonical\" href=\"https:\/\/www.pressenza.com\/es\/2019\/01\/otra-caravana-de-hondurenos-sale-hacia-eeuu-en-busca-de-mejores-condiciones-de-vida\/\" \/>\n<meta property=\"og:locale\" content=\"es_ES\" \/>\n<meta property=\"og:type\" content=\"article\" \/>\n<meta property=\"og:title\" content=\"Otra caravana de hondure\u00f1os sale hacia EEUU en busca de mejores condiciones de vida\" \/>\n<meta property=\"og:description\" content=\"Otra caravana de hondure\u00f1os parti\u00f3 este domingo en una larga traves\u00eda hacia Estados Unidos en busca de mejores condiciones de vida, pese a las pol\u00edticas\" \/>\n<meta property=\"og:url\" content=\"https:\/\/www.pressenza.com\/es\/2019\/01\/otra-caravana-de-hondurenos-sale-hacia-eeuu-en-busca-de-mejores-condiciones-de-vida\/\" \/>\n<meta property=\"og:site_name\" content=\"Pressenza\" \/>\n<meta property=\"article:publisher\" content=\"https:\/\/www.facebook.com\/PressenzaItalia\" \/>\n<meta property=\"article:author\" content=\"https:\/\/www.facebook.com\/pages\/NODAL\/504497112975235\" \/>\n<meta property=\"article:published_time\" content=\"2019-01-21T17:16:08+00:00\" \/>\n<meta property=\"og:image\" content=\"https:\/\/www.pressenza.com\/wp-content\/uploads\/2019\/01\/xmigrantes-centroamericanos-720x405.jpg.pagespeed.ic_.YaS56yYkwF.jpg\" \/>\n\t<meta property=\"og:image:width\" content=\"720\" \/>\n\t<meta property=\"og:image:height\" content=\"405\" \/>\n\t<meta property=\"og:image:type\" content=\"image\/jpeg\" \/>\n<meta name=\"author\" content=\"Noticias de Am\u00e9rica Latina y el Caribe\" \/>\n<meta name=\"twitter:card\" content=\"summary_large_image\" \/>\n<meta name=\"twitter:creator\" content=\"@infoNodal\" \/>\n<meta name=\"twitter:site\" content=\"@PressenzaIPA\" \/>\n<meta name=\"twitter:label1\" content=\"Escrito por\" \/>\n\t<meta name=\"twitter:data1\" content=\"Noticias de Am\u00e9rica Latina y el Caribe\" \/>\n\t<meta name=\"twitter:label2\" content=\"Tiempo de lectura\" \/>\n\t<meta name=\"twitter:data2\" content=\"1 minuto\" \/>\n<script type=\"application\/ld+json\" class=\"yoast-schema-graph\">{\"@context\":\"https:\/\/schema.org\",\"@graph\":[{\"@type\":\"Article\",\"@id\":\"https:\/\/www.pressenza.com\/es\/2019\/01\/otra-caravana-de-hondurenos-sale-hacia-eeuu-en-busca-de-mejores-condiciones-de-vida\/#article\",\"isPartOf\":{\"@id\":\"https:\/\/www.pressenza.com\/es\/2019\/01\/otra-caravana-de-hondurenos-sale-hacia-eeuu-en-busca-de-mejores-condiciones-de-vida\/\"},\"author\":{\"name\":\"Noticias de Am\u00e9rica Latina y el Caribe\",\"@id\":\"https:\/\/www.pressenza.com\/es\/#\/schema\/person\/2589ceb48064b9d4249652e5d275a2ec\"},\"headline\":\"Otra caravana de hondure\u00f1os sale hacia EEUU en busca de mejores condiciones de vida\",\"datePublished\":\"2019-01-21T17:16:08+00:00\",\"mainEntityOfPage\":{\"@id\":\"https:\/\/www.pressenza.com\/es\/2019\/01\/otra-caravana-de-hondurenos-sale-hacia-eeuu-en-busca-de-mejores-condiciones-de-vida\/\"},\"wordCount\":312,\"publisher\":{\"@id\":\"https:\/\/www.pressenza.com\/es\/#organization\"},\"image\":{\"@id\":\"https:\/\/www.pressenza.com\/es\/2019\/01\/otra-caravana-de-hondurenos-sale-hacia-eeuu-en-busca-de-mejores-condiciones-de-vida\/#primaryimage\"},\"thumbnailUrl\":\"https:\/\/www.pressenza.com\/wp-content\/uploads\/2019\/01\/xmigrantes-centroamericanos-720x405.jpg.pagespeed.ic_.YaS56yYkwF.jpg\",\"keywords\":[\"caravana de migrantes\",\"Donald Trump\",\"Honduras\"],\"articleSection\":[\"Am\u00e9rica Central\",\"Derechos Humanos\",\"Norteam\u00e9rica\"],\"inLanguage\":\"es\"},{\"@type\":\"WebPage\",\"@id\":\"https:\/\/www.pressenza.com\/es\/2019\/01\/otra-caravana-de-hondurenos-sale-hacia-eeuu-en-busca-de-mejores-condiciones-de-vida\/\",\"url\":\"https:\/\/www.pressenza.com\/es\/2019\/01\/otra-caravana-de-hondurenos-sale-hacia-eeuu-en-busca-de-mejores-condiciones-de-vida\/\",\"name\":\"Otra caravana de hondure\u00f1os sale hacia EEUU en busca de mejores condiciones de vida\",\"isPartOf\":{\"@id\":\"https:\/\/www.pressenza.com\/es\/#website\"},\"primaryImageOfPage\":{\"@id\":\"https:\/\/www.pressenza.com\/es\/2019\/01\/otra-caravana-de-hondurenos-sale-hacia-eeuu-en-busca-de-mejores-condiciones-de-vida\/#primaryimage\"},\"image\":{\"@id\":\"https:\/\/www.pressenza.com\/es\/2019\/01\/otra-caravana-de-hondurenos-sale-hacia-eeuu-en-busca-de-mejores-condiciones-de-vida\/#primaryimage\"},\"thumbnailUrl\":\"https:\/\/www.pressenza.com\/wp-content\/uploads\/2019\/01\/xmigrantes-centroamericanos-720x405.jpg.pagespeed.ic_.YaS56yYkwF.jpg\",\"datePublished\":\"2019-01-21T17:16:08+00:00\",\"description\":\"Otra caravana de hondure\u00f1os parti\u00f3 este domingo en una larga traves\u00eda hacia Estados Unidos en busca de mejores condiciones de vida, pese a las pol\u00edticas\",\"breadcrumb\":{\"@id\":\"https:\/\/www.pressenza.com\/es\/2019\/01\/otra-caravana-de-hondurenos-sale-hacia-eeuu-en-busca-de-mejores-condiciones-de-vida\/#breadcrumb\"},\"inLanguage\":\"es\",\"potentialAction\":[{\"@type\":\"ReadAction\",\"target\":[\"https:\/\/www.pressenza.com\/es\/2019\/01\/otra-caravana-de-hondurenos-sale-hacia-eeuu-en-busca-de-mejores-condiciones-de-vida\/\"]}]},{\"@type\":\"ImageObject\",\"inLanguage\":\"es\",\"@id\":\"https:\/\/www.pressenza.com\/es\/2019\/01\/otra-caravana-de-hondurenos-sale-hacia-eeuu-en-busca-de-mejores-condiciones-de-vida\/#primaryimage\",\"url\":\"https:\/\/www.pressenza.com\/wp-content\/uploads\/2019\/01\/xmigrantes-centroamericanos-720x405.jpg.pagespeed.ic_.YaS56yYkwF.jpg\",\"contentUrl\":\"https:\/\/www.pressenza.com\/wp-content\/uploads\/2019\/01\/xmigrantes-centroamericanos-720x405.jpg.pagespeed.ic_.YaS56yYkwF.jpg\",\"width\":720,\"height\":405},{\"@type\":\"BreadcrumbList\",\"@id\":\"https:\/\/www.pressenza.com\/es\/2019\/01\/otra-caravana-de-hondurenos-sale-hacia-eeuu-en-busca-de-mejores-condiciones-de-vida\/#breadcrumb\",\"itemListElement\":[{\"@type\":\"ListItem\",\"position\":1,\"name\":\"Accueil\",\"item\":\"https:\/\/www.pressenza.com\/es\/\"},{\"@type\":\"ListItem\",\"position\":2,\"name\":\"Otra caravana de hondure\u00f1os sale hacia EEUU en busca de mejores condiciones de vida\"}]},{\"@type\":\"WebSite\",\"@id\":\"https:\/\/www.pressenza.com\/es\/#website\",\"url\":\"https:\/\/www.pressenza.com\/es\/\",\"name\":\"Pressenza\",\"description\":\"International Press Agency\",\"publisher\":{\"@id\":\"https:\/\/www.pressenza.com\/es\/#organization\"},\"potentialAction\":[{\"@type\":\"SearchAction\",\"target\":{\"@type\":\"EntryPoint\",\"urlTemplate\":\"https:\/\/www.pressenza.com\/es\/?s={search_term_string}\"},\"query-input\":{\"@type\":\"PropertyValueSpecification\",\"valueRequired\":true,\"valueName\":\"search_term_string\"}}],\"inLanguage\":\"es\"},{\"@type\":\"Organization\",\"@id\":\"https:\/\/www.pressenza.com\/es\/#organization\",\"name\":\"Pressenza\",\"url\":\"https:\/\/www.pressenza.com\/es\/\",\"logo\":{\"@type\":\"ImageObject\",\"inLanguage\":\"es\",\"@id\":\"https:\/\/www.pressenza.com\/es\/#\/schema\/logo\/image\/\",\"url\":\"https:\/\/www.pressenza.com\/wp-content\/uploads\/2022\/10\/pressenza_logo_200x200.jpg\",\"contentUrl\":\"https:\/\/www.pressenza.com\/wp-content\/uploads\/2022\/10\/pressenza_logo_200x200.jpg\",\"width\":200,\"height\":200,\"caption\":\"Pressenza\"},\"image\":{\"@id\":\"https:\/\/www.pressenza.com\/es\/#\/schema\/logo\/image\/\"},\"sameAs\":[\"https:\/\/www.facebook.com\/PressenzaItalia\",\"https:\/\/x.com\/PressenzaIPA\"]},{\"@type\":\"Person\",\"@id\":\"https:\/\/www.pressenza.com\/es\/#\/schema\/person\/2589ceb48064b9d4249652e5d275a2ec\",\"name\":\"Noticias de Am\u00e9rica Latina y el Caribe\",\"description\":\"Primer portal de noticias de Am\u00e9rica Latina y el Caribe. Director: Pedro Brieger Con el apoyo de la Fundaci\u00f3n para la Integraci\u00f3n Latinoamericana (FILA) www.nodal.am\",\"sameAs\":[\"https:\/\/www.facebook.com\/pages\/NODAL\/504497112975235\",\"https:\/\/x.com\/infoNodal\"],\"url\":\"https:\/\/www.pressenza.com\/es\/author\/nodal\/\"}]}<\/script>\n<!-- \/ Yoast SEO plugin. -->","yoast_head_json":{"title":"Otra caravana de hondure\u00f1os sale hacia EEUU en busca de mejores condiciones de vida","description":"Otra caravana de hondure\u00f1os parti\u00f3 este domingo en una larga traves\u00eda hacia Estados Unidos en busca de mejores condiciones de vida, pese a las pol\u00edticas","robots":{"index":"index","follow":"follow","max-snippet":"max-snippet:-1","max-image-preview":"max-image-preview:large","max-video-preview":"max-video-preview:-1"},"canonical":"https:\/\/www.pressenza.com\/es\/2019\/01\/otra-caravana-de-hondurenos-sale-hacia-eeuu-en-busca-de-mejores-condiciones-de-vida\/","og_locale":"es_ES","og_type":"article","og_title":"Otra caravana de hondure\u00f1os sale hacia EEUU en busca de mejores condiciones de vida","og_description":"Otra caravana de hondure\u00f1os parti\u00f3 este domingo en una larga traves\u00eda hacia Estados Unidos en busca de mejores condiciones de vida, pese a las pol\u00edticas","og_url":"https:\/\/www.pressenza.com\/es\/2019\/01\/otra-caravana-de-hondurenos-sale-hacia-eeuu-en-busca-de-mejores-condiciones-de-vida\/","og_site_name":"Pressenza","article_publisher":"https:\/\/www.facebook.com\/PressenzaItalia","article_author":"https:\/\/www.facebook.com\/pages\/NODAL\/504497112975235","article_published_time":"2019-01-21T17:16:08+00:00","og_image":[{"width":720,"height":405,"url":"https:\/\/www.pressenza.com\/wp-content\/uploads\/2019\/01\/xmigrantes-centroamericanos-720x405.jpg.pagespeed.ic_.YaS56yYkwF.jpg","type":"image\/jpeg"}],"author":"Noticias de Am\u00e9rica Latina y el Caribe","twitter_card":"summary_large_image","twitter_creator":"@infoNodal","twitter_site":"@PressenzaIPA","twitter_misc":{"Escrito por":"Noticias de Am\u00e9rica Latina y el Caribe","Tiempo de lectura":"1 minuto"},"schema":{"@context":"https:\/\/schema.org","@graph":[{"@type":"Article","@id":"https:\/\/www.pressenza.com\/es\/2019\/01\/otra-caravana-de-hondurenos-sale-hacia-eeuu-en-busca-de-mejores-condiciones-de-vida\/#article","isPartOf":{"@id":"https:\/\/www.pressenza.com\/es\/2019\/01\/otra-caravana-de-hondurenos-sale-hacia-eeuu-en-busca-de-mejores-condiciones-de-vida\/"},"author":{"name":"Noticias de Am\u00e9rica Latina y el Caribe","@id":"https:\/\/www.pressenza.com\/es\/#\/schema\/person\/2589ceb48064b9d4249652e5d275a2ec"},"headline":"Otra caravana de hondure\u00f1os sale hacia EEUU en busca de mejores condiciones de vida","datePublished":"2019-01-21T17:16:08+00:00","mainEntityOfPage":{"@id":"https:\/\/www.pressenza.com\/es\/2019\/01\/otra-caravana-de-hondurenos-sale-hacia-eeuu-en-busca-de-mejores-condiciones-de-vida\/"},"wordCount":312,"publisher":{"@id":"https:\/\/www.pressenza.com\/es\/#organization"},"image":{"@id":"https:\/\/www.pressenza.com\/es\/2019\/01\/otra-caravana-de-hondurenos-sale-hacia-eeuu-en-busca-de-mejores-condiciones-de-vida\/#primaryimage"},"thumbnailUrl":"https:\/\/www.pressenza.com\/wp-content\/uploads\/2019\/01\/xmigrantes-centroamericanos-720x405.jpg.pagespeed.ic_.YaS56yYkwF.jpg","keywords":["caravana de migrantes","Donald Trump","Honduras"],"articleSection":["Am\u00e9rica Central","Derechos Humanos","Norteam\u00e9rica"],"inLanguage":"es"},{"@type":"WebPage","@id":"https:\/\/www.pressenza.com\/es\/2019\/01\/otra-caravana-de-hondurenos-sale-hacia-eeuu-en-busca-de-mejores-condiciones-de-vida\/","url":"https:\/\/www.pressenza.com\/es\/2019\/01\/otra-caravana-de-hondurenos-sale-hacia-eeuu-en-busca-de-mejores-condiciones-de-vida\/","name":"Otra caravana de hondure\u00f1os sale hacia EEUU en busca de mejores condiciones de vida","isPartOf":{"@id":"https:\/\/www.pressenza.com\/es\/#website"},"primaryImageOfPage":{"@id":"https:\/\/www.pressenza.com\/es\/2019\/01\/otra-caravana-de-hondurenos-sale-hacia-eeuu-en-busca-de-mejores-condiciones-de-vida\/#primaryimage"},"image":{"@id":"https:\/\/www.pressenza.com\/es\/2019\/01\/otra-caravana-de-hondurenos-sale-hacia-eeuu-en-busca-de-mejores-condiciones-de-vida\/#primaryimage"},"thumbnailUrl":"https:\/\/www.pressenza.com\/wp-content\/uploads\/2019\/01\/xmigrantes-centroamericanos-720x405.jpg.pagespeed.ic_.YaS56yYkwF.jpg","datePublished":"2019-01-21T17:16:08+00:00","description":"Otra caravana de hondure\u00f1os parti\u00f3 este domingo en una larga traves\u00eda hacia Estados Unidos en busca de mejores condiciones de vida, pese a las pol\u00edticas","breadcrumb":{"@id":"https:\/\/www.pressenza.com\/es\/2019\/01\/otra-caravana-de-hondurenos-sale-hacia-eeuu-en-busca-de-mejores-condiciones-de-vida\/#breadcrumb"},"inLanguage":"es","potentialAction":[{"@type":"ReadAction","target":["https:\/\/www.pressenza.com\/es\/2019\/01\/otra-caravana-de-hondurenos-sale-hacia-eeuu-en-busca-de-mejores-condiciones-de-vida\/"]}]},{"@type":"ImageObject","inLanguage":"es","@id":"https:\/\/www.pressenza.com\/es\/2019\/01\/otra-caravana-de-hondurenos-sale-hacia-eeuu-en-busca-de-mejores-condiciones-de-vida\/#primaryimage","url":"https:\/\/www.pressenza.com\/wp-content\/uploads\/2019\/01\/xmigrantes-centroamericanos-720x405.jpg.pagespeed.ic_.YaS56yYkwF.jpg","contentUrl":"https:\/\/www.pressenza.com\/wp-content\/uploads\/2019\/01\/xmigrantes-centroamericanos-720x405.jpg.pagespeed.ic_.YaS56yYkwF.jpg","width":720,"height":405},{"@type":"BreadcrumbList","@id":"https:\/\/www.pressenza.com\/es\/2019\/01\/otra-caravana-de-hondurenos-sale-hacia-eeuu-en-busca-de-mejores-condiciones-de-vida\/#breadcrumb","itemListElement":[{"@type":"ListItem","position":1,"name":"Accueil","item":"https:\/\/www.pressenza.com\/es\/"},{"@type":"ListItem","position":2,"name":"Otra caravana de hondure\u00f1os sale hacia EEUU en busca de mejores condiciones de vida"}]},{"@type":"WebSite","@id":"https:\/\/www.pressenza.com\/es\/#website","url":"https:\/\/www.pressenza.com\/es\/","name":"Pressenza","description":"International Press Agency","publisher":{"@id":"https:\/\/www.pressenza.com\/es\/#organization"},"potentialAction":[{"@type":"SearchAction","target":{"@type":"EntryPoint","urlTemplate":"https:\/\/www.pressenza.com\/es\/?s={search_term_string}"},"query-input":{"@type":"PropertyValueSpecification","valueRequired":true,"valueName":"search_term_string"}}],"inLanguage":"es"},{"@type":"Organization","@id":"https:\/\/www.pressenza.com\/es\/#organization","name":"Pressenza","url":"https:\/\/www.pressenza.com\/es\/","logo":{"@type":"ImageObject","inLanguage":"es","@id":"https:\/\/www.pressenza.com\/es\/#\/schema\/logo\/image\/","url":"https:\/\/www.pressenza.com\/wp-content\/uploads\/2022\/10\/pressenza_logo_200x200.jpg","contentUrl":"https:\/\/www.pressenza.com\/wp-content\/uploads\/2022\/10\/pressenza_logo_200x200.jpg","width":200,"height":200,"caption":"Pressenza"},"image":{"@id":"https:\/\/www.pressenza.com\/es\/#\/schema\/logo\/image\/"},"sameAs":["https:\/\/www.facebook.com\/PressenzaItalia","https:\/\/x.com\/PressenzaIPA"]},{"@type":"Person","@id":"https:\/\/www.pressenza.com\/es\/#\/schema\/person\/2589ceb48064b9d4249652e5d275a2ec","name":"Noticias de Am\u00e9rica Latina y el Caribe","description":"Primer portal de noticias de Am\u00e9rica Latina y el Caribe. Director: Pedro Brieger Con el apoyo de la Fundaci\u00f3n para la Integraci\u00f3n Latinoamericana (FILA) www.nodal.am","sameAs":["https:\/\/www.facebook.com\/pages\/NODAL\/504497112975235","https:\/\/x.com\/infoNodal"],"url":"https:\/\/www.pressenza.com\/es\/author\/nodal\/"}]}},"place":"Honduras","original_article_url":"https:\/\/www.nodal.am\/2019\/01\/una-nueva-caravana-de-migrantes-hondurenos-sale-rumbo-a-eeuu\/","_links":{"self":[{"href":"https:\/\/www.pressenza.com\/es\/wp-json\/wp\/v2\/posts\/793013","targetHints":{"allow":["GET"]}}],"collection":[{"href":"https:\/\/www.pressenza.com\/es\/wp-json\/wp\/v2\/posts"}],"about":[{"href":"https:\/\/www.pressenza.com\/es\/wp-json\/wp\/v2\/types\/post"}],"author":[{"embeddable":true,"href":"https:\/\/www.pressenza.com\/es\/wp-json\/wp\/v2\/users\/1075"}],"replies":[{"embeddable":true,"href":"https:\/\/www.pressenza.com\/es\/wp-json\/wp\/v2\/comments?post=793013"}],"version-history":[{"count":0,"href":"https:\/\/www.pressenza.com\/es\/wp-json\/wp\/v2\/posts\/793013\/revisions"}],"wp:featuredmedia":[{"embeddable":true,"href":"https:\/\/www.pressenza.com\/es\/wp-json\/wp\/v2\/media\/793033"}],"wp:attachment":[{"href":"https:\/\/www.pressenza.com\/es\/wp-json\/wp\/v2\/media?parent=793013"}],"wp:term":[{"taxonomy":"category","embeddable":true,"href":"https:\/\/www.pressenza.com\/es\/wp-json\/wp\/v2\/categories?post=793013"},{"taxonomy":"post_tag","embeddable":true,"href":"https:\/\/www.pressenza.com\/es\/wp-json\/wp\/v2\/tags?post=793013"}],"curies":[{"name":"wp","href":"https:\/\/api.w.org\/{rel}","templated":true}]}}