{"id":792849,"date":"2019-01-21T15:51:12","date_gmt":"2019-01-21T15:51:12","guid":{"rendered":"https:\/\/www.pressenza.com\/?p=792849"},"modified":"2019-01-21T15:51:12","modified_gmt":"2019-01-21T15:51:12","slug":"may-presenta-plan-b-del-brexit-ante-el-parlamento","status":"publish","type":"post","link":"https:\/\/www.pressenza.com\/es\/2019\/01\/may-presenta-plan-b-del-brexit-ante-el-parlamento\/","title":{"rendered":"May presenta \u00abplan B\u00bb del \u00abbrexit\u00bb ante el Parlamento"},"content":{"rendered":"<p>La primera ministra brit\u00e1nica, la conservadora Theresa May, presenta este lunes (21.01.2019), ante la C\u00e1mara de los Comunes, su plan alternativo para el \u00abbrexit\u00bb o salida del Reino Unido de la Uni\u00f3n Europea (UE), tras el rechazo parlamentario al acuerdo negociado con Bruselas para regular este proceso.<\/p>\n<p>La jefa del Gobierno dar\u00e1 a conocer su nueva hoja de ruta a partir de las 15.30 GMT, despu\u00e9s de haber mantenido en los \u00faltimos d\u00edas contactos con l\u00edderes de otros partidos y los ministros. Este \u00abplan B\u00bb ser\u00e1 votado el pr\u00f3ximo 29 de enero, al t\u00e9rmino de un debate que durar\u00e1 varias horas y cuando se espera que los diputados presenten diversas enmiendas.<\/p>\n<p><strong>La salvaguarda irlandesa de la discordia<\/strong><\/p>\n<p><a href=\"https:\/\/www.dw.com\/es\/parlamento-brit\u00e1nico-dice-no-al-acuerdo-del-brexit\/a-47093984\">El acuerdo negociado entre Londres y Bruselas fue rechazado<\/a> de manera abrumadora por los Comunes el pasado 15 de enero, semanas antes de que se materialice el \u00abbrexit\u00bb, el pr\u00f3ximo 29 de marzo.<\/p>\n<p>Los medios brit\u00e1nicos destacan esta ma\u00f1ana que May parece empe\u00f1ada en defender su acuerdo y hace esfuerzos para resolver la salvaguarda o \u00abgarant\u00eda\u00bb dise\u00f1ada para evitar una frontera f\u00edsica entre las dos Irlandas, algo rechazado por los conservadores m\u00e1s euoresc\u00e9pticos y los aliados del Partido Democr\u00e1tico Unionista norirland\u00e9s (DUP).<\/p>\n<p>Al parecer, May quiere demostrarle a la UE que su acuerdo puede ser aprobado por el Parlamento si se retira la salvaguarda, ya que de esa manera tendr\u00eda el apoyo de los rebeldes \u00abtories\u00bb y del DUP.<\/p>\n<p>La salvaguarda es rechazada por los diputados porque temen que deje atado al Reino Unido a las estructuras del bloque europeo en contra de su voluntad, en caso de que Londres y Bruselas tarden m\u00e1s de lo esperado en sellar un acuerdo comercial durante el per\u00edodo de transici\u00f3n, del 29 de marzo de 2019 hasta finales de 2020.<\/p>\n<p>La primera ministra mantuvo el domingo contactos con sus ministros de cara a la presentaci\u00f3n de este \u00abplan B\u00bb. De acuerdo con la prensa, el nuevo plan de May consistir\u00eda en firmar un tratado bilateral con la Rep\u00fablica de Irlanda, que permita eliminar la salvaguarda del acuerdo negociado con Bruselas.<\/p>\n<p><a href=\"https:\/\/www.dw.com\/es\/may-presenta-plan-b-del-brexit-ante-el-parlamento\/a-47162146\">Leer m\u00e1s<\/a><\/p>\n","protected":false},"excerpt":{"rendered":"<p>La primera ministra brit\u00e1nica, la conservadora Theresa May, presenta este lunes (21.01.2019), ante la C\u00e1mara de los Comunes, su plan alternativo para el \u00abbrexit\u00bb o salida del Reino Unido de la Uni\u00f3n Europea (UE), tras el rechazo parlamentario al acuerdo&hellip;<\/p>\n","protected":false},"author":993,"featured_media":792860,"comment_status":"closed","ping_status":"closed","sticky":false,"template":"","format":"standard","meta":{"footnotes":""},"categories":[81,66],"tags":[26484,5660,1793,28705],"class_list":["post-792849","post","type-post","status-publish","format-standard","has-post-thumbnail","hentry","category-economia-es","category-europa-es","tag-brexit","tag-irlanda","tag-reino-unido","tag-theresa-may"],"yoast_head":"<!-- This site is optimized with the Yoast SEO plugin v27.1.1 - https:\/\/yoast.com\/product\/yoast-seo-wordpress\/ -->\n<title>May presenta &quot;plan B&quot; del &quot;brexit&quot; ante el Parlamento<\/title>\n<meta name=\"description\" content=\"La primera ministra brit\u00e1nica, la conservadora Theresa May, presenta este lunes (21.01.2019), ante la C\u00e1mara de los Comunes, su plan alternativo para el\" \/>\n<meta name=\"robots\" content=\"index, follow, max-snippet:-1, max-image-preview:large, max-video-preview:-1\" \/>\n<link rel=\"canonical\" href=\"https:\/\/www.pressenza.com\/es\/2019\/01\/may-presenta-plan-b-del-brexit-ante-el-parlamento\/\" \/>\n<meta property=\"og:locale\" content=\"es_ES\" \/>\n<meta property=\"og:type\" content=\"article\" \/>\n<meta property=\"og:title\" content=\"May presenta &quot;plan B&quot; del &quot;brexit&quot; ante el Parlamento\" \/>\n<meta property=\"og:description\" content=\"La primera ministra brit\u00e1nica, la conservadora Theresa May, presenta este lunes (21.01.2019), ante la C\u00e1mara de los Comunes, su plan alternativo para el\" \/>\n<meta property=\"og:url\" content=\"https:\/\/www.pressenza.com\/es\/2019\/01\/may-presenta-plan-b-del-brexit-ante-el-parlamento\/\" \/>\n<meta property=\"og:site_name\" content=\"Pressenza\" \/>\n<meta property=\"article:publisher\" content=\"https:\/\/www.facebook.com\/PressenzaItalia\" \/>\n<meta property=\"article:published_time\" content=\"2019-01-21T15:51:12+00:00\" \/>\n<meta property=\"og:image\" content=\"https:\/\/www.pressenza.com\/wp-content\/uploads\/2019\/01\/47114108_303.jpg\" \/>\n\t<meta property=\"og:image:width\" content=\"700\" \/>\n\t<meta property=\"og:image:height\" content=\"394\" \/>\n\t<meta property=\"og:image:type\" content=\"image\/jpeg\" \/>\n<meta name=\"author\" content=\"Deutsche Welle\" \/>\n<meta name=\"twitter:card\" content=\"summary_large_image\" \/>\n<meta name=\"twitter:creator\" content=\"@PressenzaIPA\" \/>\n<meta name=\"twitter:site\" content=\"@PressenzaIPA\" \/>\n<meta name=\"twitter:label1\" content=\"Escrito por\" \/>\n\t<meta name=\"twitter:data1\" content=\"Deutsche Welle\" \/>\n\t<meta name=\"twitter:label2\" content=\"Tiempo de lectura\" \/>\n\t<meta name=\"twitter:data2\" content=\"2 minutos\" \/>\n<script type=\"application\/ld+json\" class=\"yoast-schema-graph\">{\"@context\":\"https:\/\/schema.org\",\"@graph\":[{\"@type\":\"Article\",\"@id\":\"https:\/\/www.pressenza.com\/es\/2019\/01\/may-presenta-plan-b-del-brexit-ante-el-parlamento\/#article\",\"isPartOf\":{\"@id\":\"https:\/\/www.pressenza.com\/es\/2019\/01\/may-presenta-plan-b-del-brexit-ante-el-parlamento\/\"},\"author\":{\"name\":\"Deutsche Welle\",\"@id\":\"https:\/\/www.pressenza.com\/es\/#\/schema\/person\/b7c775911f2c9a1b8c7225b94e2e9f37\"},\"headline\":\"May presenta \u00abplan B\u00bb del \u00abbrexit\u00bb ante el Parlamento\",\"datePublished\":\"2019-01-21T15:51:12+00:00\",\"mainEntityOfPage\":{\"@id\":\"https:\/\/www.pressenza.com\/es\/2019\/01\/may-presenta-plan-b-del-brexit-ante-el-parlamento\/\"},\"wordCount\":374,\"publisher\":{\"@id\":\"https:\/\/www.pressenza.com\/es\/#organization\"},\"image\":{\"@id\":\"https:\/\/www.pressenza.com\/es\/2019\/01\/may-presenta-plan-b-del-brexit-ante-el-parlamento\/#primaryimage\"},\"thumbnailUrl\":\"https:\/\/www.pressenza.com\/wp-content\/uploads\/2019\/01\/47114108_303.jpg\",\"keywords\":[\"Brexit\",\"Irlanda\",\"Reino Unido\",\"Theresa May\"],\"articleSection\":[\"Econom\u00eda\",\"Europa\"],\"inLanguage\":\"es\"},{\"@type\":\"WebPage\",\"@id\":\"https:\/\/www.pressenza.com\/es\/2019\/01\/may-presenta-plan-b-del-brexit-ante-el-parlamento\/\",\"url\":\"https:\/\/www.pressenza.com\/es\/2019\/01\/may-presenta-plan-b-del-brexit-ante-el-parlamento\/\",\"name\":\"May presenta \\\"plan B\\\" del \\\"brexit\\\" ante el Parlamento\",\"isPartOf\":{\"@id\":\"https:\/\/www.pressenza.com\/es\/#website\"},\"primaryImageOfPage\":{\"@id\":\"https:\/\/www.pressenza.com\/es\/2019\/01\/may-presenta-plan-b-del-brexit-ante-el-parlamento\/#primaryimage\"},\"image\":{\"@id\":\"https:\/\/www.pressenza.com\/es\/2019\/01\/may-presenta-plan-b-del-brexit-ante-el-parlamento\/#primaryimage\"},\"thumbnailUrl\":\"https:\/\/www.pressenza.com\/wp-content\/uploads\/2019\/01\/47114108_303.jpg\",\"datePublished\":\"2019-01-21T15:51:12+00:00\",\"description\":\"La primera ministra brit\u00e1nica, la conservadora Theresa May, presenta este lunes (21.01.2019), ante la C\u00e1mara de los Comunes, su plan alternativo para el\",\"breadcrumb\":{\"@id\":\"https:\/\/www.pressenza.com\/es\/2019\/01\/may-presenta-plan-b-del-brexit-ante-el-parlamento\/#breadcrumb\"},\"inLanguage\":\"es\",\"potentialAction\":[{\"@type\":\"ReadAction\",\"target\":[\"https:\/\/www.pressenza.com\/es\/2019\/01\/may-presenta-plan-b-del-brexit-ante-el-parlamento\/\"]}]},{\"@type\":\"ImageObject\",\"inLanguage\":\"es\",\"@id\":\"https:\/\/www.pressenza.com\/es\/2019\/01\/may-presenta-plan-b-del-brexit-ante-el-parlamento\/#primaryimage\",\"url\":\"https:\/\/www.pressenza.com\/wp-content\/uploads\/2019\/01\/47114108_303.jpg\",\"contentUrl\":\"https:\/\/www.pressenza.com\/wp-content\/uploads\/2019\/01\/47114108_303.jpg\",\"width\":700,\"height\":394},{\"@type\":\"BreadcrumbList\",\"@id\":\"https:\/\/www.pressenza.com\/es\/2019\/01\/may-presenta-plan-b-del-brexit-ante-el-parlamento\/#breadcrumb\",\"itemListElement\":[{\"@type\":\"ListItem\",\"position\":1,\"name\":\"Accueil\",\"item\":\"https:\/\/www.pressenza.com\/es\/\"},{\"@type\":\"ListItem\",\"position\":2,\"name\":\"May presenta \u00abplan B\u00bb del \u00abbrexit\u00bb ante el Parlamento\"}]},{\"@type\":\"WebSite\",\"@id\":\"https:\/\/www.pressenza.com\/es\/#website\",\"url\":\"https:\/\/www.pressenza.com\/es\/\",\"name\":\"Pressenza\",\"description\":\"International Press Agency\",\"publisher\":{\"@id\":\"https:\/\/www.pressenza.com\/es\/#organization\"},\"potentialAction\":[{\"@type\":\"SearchAction\",\"target\":{\"@type\":\"EntryPoint\",\"urlTemplate\":\"https:\/\/www.pressenza.com\/es\/?s={search_term_string}\"},\"query-input\":{\"@type\":\"PropertyValueSpecification\",\"valueRequired\":true,\"valueName\":\"search_term_string\"}}],\"inLanguage\":\"es\"},{\"@type\":\"Organization\",\"@id\":\"https:\/\/www.pressenza.com\/es\/#organization\",\"name\":\"Pressenza\",\"url\":\"https:\/\/www.pressenza.com\/es\/\",\"logo\":{\"@type\":\"ImageObject\",\"inLanguage\":\"es\",\"@id\":\"https:\/\/www.pressenza.com\/es\/#\/schema\/logo\/image\/\",\"url\":\"https:\/\/www.pressenza.com\/wp-content\/uploads\/2022\/10\/pressenza_logo_200x200.jpg\",\"contentUrl\":\"https:\/\/www.pressenza.com\/wp-content\/uploads\/2022\/10\/pressenza_logo_200x200.jpg\",\"width\":200,\"height\":200,\"caption\":\"Pressenza\"},\"image\":{\"@id\":\"https:\/\/www.pressenza.com\/es\/#\/schema\/logo\/image\/\"},\"sameAs\":[\"https:\/\/www.facebook.com\/PressenzaItalia\",\"https:\/\/x.com\/PressenzaIPA\"]},{\"@type\":\"Person\",\"@id\":\"https:\/\/www.pressenza.com\/es\/#\/schema\/person\/b7c775911f2c9a1b8c7225b94e2e9f37\",\"name\":\"Deutsche Welle\",\"description\":\"Articles and photographs by Deutsche Welle on Pressenza do not fall under the Creative Commons licence and are not reproducible in any way. www.dw.com\",\"sameAs\":[\"http:\/\/www.dw.com\"],\"url\":\"https:\/\/www.pressenza.com\/es\/author\/deutsche-welle\/\"}]}<\/script>\n<!-- \/ Yoast SEO plugin. -->","yoast_head_json":{"title":"May presenta \"plan B\" del \"brexit\" ante el Parlamento","description":"La primera ministra brit\u00e1nica, la conservadora Theresa May, presenta este lunes (21.01.2019), ante la C\u00e1mara de los Comunes, su plan alternativo para el","robots":{"index":"index","follow":"follow","max-snippet":"max-snippet:-1","max-image-preview":"max-image-preview:large","max-video-preview":"max-video-preview:-1"},"canonical":"https:\/\/www.pressenza.com\/es\/2019\/01\/may-presenta-plan-b-del-brexit-ante-el-parlamento\/","og_locale":"es_ES","og_type":"article","og_title":"May presenta \"plan B\" del \"brexit\" ante el Parlamento","og_description":"La primera ministra brit\u00e1nica, la conservadora Theresa May, presenta este lunes (21.01.2019), ante la C\u00e1mara de los Comunes, su plan alternativo para el","og_url":"https:\/\/www.pressenza.com\/es\/2019\/01\/may-presenta-plan-b-del-brexit-ante-el-parlamento\/","og_site_name":"Pressenza","article_publisher":"https:\/\/www.facebook.com\/PressenzaItalia","article_published_time":"2019-01-21T15:51:12+00:00","og_image":[{"width":700,"height":394,"url":"https:\/\/www.pressenza.com\/wp-content\/uploads\/2019\/01\/47114108_303.jpg","type":"image\/jpeg"}],"author":"Deutsche Welle","twitter_card":"summary_large_image","twitter_creator":"@PressenzaIPA","twitter_site":"@PressenzaIPA","twitter_misc":{"Escrito por":"Deutsche Welle","Tiempo de lectura":"2 minutos"},"schema":{"@context":"https:\/\/schema.org","@graph":[{"@type":"Article","@id":"https:\/\/www.pressenza.com\/es\/2019\/01\/may-presenta-plan-b-del-brexit-ante-el-parlamento\/#article","isPartOf":{"@id":"https:\/\/www.pressenza.com\/es\/2019\/01\/may-presenta-plan-b-del-brexit-ante-el-parlamento\/"},"author":{"name":"Deutsche Welle","@id":"https:\/\/www.pressenza.com\/es\/#\/schema\/person\/b7c775911f2c9a1b8c7225b94e2e9f37"},"headline":"May presenta \u00abplan B\u00bb del \u00abbrexit\u00bb ante el Parlamento","datePublished":"2019-01-21T15:51:12+00:00","mainEntityOfPage":{"@id":"https:\/\/www.pressenza.com\/es\/2019\/01\/may-presenta-plan-b-del-brexit-ante-el-parlamento\/"},"wordCount":374,"publisher":{"@id":"https:\/\/www.pressenza.com\/es\/#organization"},"image":{"@id":"https:\/\/www.pressenza.com\/es\/2019\/01\/may-presenta-plan-b-del-brexit-ante-el-parlamento\/#primaryimage"},"thumbnailUrl":"https:\/\/www.pressenza.com\/wp-content\/uploads\/2019\/01\/47114108_303.jpg","keywords":["Brexit","Irlanda","Reino Unido","Theresa May"],"articleSection":["Econom\u00eda","Europa"],"inLanguage":"es"},{"@type":"WebPage","@id":"https:\/\/www.pressenza.com\/es\/2019\/01\/may-presenta-plan-b-del-brexit-ante-el-parlamento\/","url":"https:\/\/www.pressenza.com\/es\/2019\/01\/may-presenta-plan-b-del-brexit-ante-el-parlamento\/","name":"May presenta \"plan B\" del \"brexit\" ante el Parlamento","isPartOf":{"@id":"https:\/\/www.pressenza.com\/es\/#website"},"primaryImageOfPage":{"@id":"https:\/\/www.pressenza.com\/es\/2019\/01\/may-presenta-plan-b-del-brexit-ante-el-parlamento\/#primaryimage"},"image":{"@id":"https:\/\/www.pressenza.com\/es\/2019\/01\/may-presenta-plan-b-del-brexit-ante-el-parlamento\/#primaryimage"},"thumbnailUrl":"https:\/\/www.pressenza.com\/wp-content\/uploads\/2019\/01\/47114108_303.jpg","datePublished":"2019-01-21T15:51:12+00:00","description":"La primera ministra brit\u00e1nica, la conservadora Theresa May, presenta este lunes (21.01.2019), ante la C\u00e1mara de los Comunes, su plan alternativo para el","breadcrumb":{"@id":"https:\/\/www.pressenza.com\/es\/2019\/01\/may-presenta-plan-b-del-brexit-ante-el-parlamento\/#breadcrumb"},"inLanguage":"es","potentialAction":[{"@type":"ReadAction","target":["https:\/\/www.pressenza.com\/es\/2019\/01\/may-presenta-plan-b-del-brexit-ante-el-parlamento\/"]}]},{"@type":"ImageObject","inLanguage":"es","@id":"https:\/\/www.pressenza.com\/es\/2019\/01\/may-presenta-plan-b-del-brexit-ante-el-parlamento\/#primaryimage","url":"https:\/\/www.pressenza.com\/wp-content\/uploads\/2019\/01\/47114108_303.jpg","contentUrl":"https:\/\/www.pressenza.com\/wp-content\/uploads\/2019\/01\/47114108_303.jpg","width":700,"height":394},{"@type":"BreadcrumbList","@id":"https:\/\/www.pressenza.com\/es\/2019\/01\/may-presenta-plan-b-del-brexit-ante-el-parlamento\/#breadcrumb","itemListElement":[{"@type":"ListItem","position":1,"name":"Accueil","item":"https:\/\/www.pressenza.com\/es\/"},{"@type":"ListItem","position":2,"name":"May presenta \u00abplan B\u00bb del \u00abbrexit\u00bb ante el Parlamento"}]},{"@type":"WebSite","@id":"https:\/\/www.pressenza.com\/es\/#website","url":"https:\/\/www.pressenza.com\/es\/","name":"Pressenza","description":"International Press Agency","publisher":{"@id":"https:\/\/www.pressenza.com\/es\/#organization"},"potentialAction":[{"@type":"SearchAction","target":{"@type":"EntryPoint","urlTemplate":"https:\/\/www.pressenza.com\/es\/?s={search_term_string}"},"query-input":{"@type":"PropertyValueSpecification","valueRequired":true,"valueName":"search_term_string"}}],"inLanguage":"es"},{"@type":"Organization","@id":"https:\/\/www.pressenza.com\/es\/#organization","name":"Pressenza","url":"https:\/\/www.pressenza.com\/es\/","logo":{"@type":"ImageObject","inLanguage":"es","@id":"https:\/\/www.pressenza.com\/es\/#\/schema\/logo\/image\/","url":"https:\/\/www.pressenza.com\/wp-content\/uploads\/2022\/10\/pressenza_logo_200x200.jpg","contentUrl":"https:\/\/www.pressenza.com\/wp-content\/uploads\/2022\/10\/pressenza_logo_200x200.jpg","width":200,"height":200,"caption":"Pressenza"},"image":{"@id":"https:\/\/www.pressenza.com\/es\/#\/schema\/logo\/image\/"},"sameAs":["https:\/\/www.facebook.com\/PressenzaItalia","https:\/\/x.com\/PressenzaIPA"]},{"@type":"Person","@id":"https:\/\/www.pressenza.com\/es\/#\/schema\/person\/b7c775911f2c9a1b8c7225b94e2e9f37","name":"Deutsche Welle","description":"Articles and photographs by Deutsche Welle on Pressenza do not fall under the Creative Commons licence and are not reproducible in any way. www.dw.com","sameAs":["http:\/\/www.dw.com"],"url":"https:\/\/www.pressenza.com\/es\/author\/deutsche-welle\/"}]}},"place":"Londres, Reino Unido","original_article_url":"https:\/\/www.dw.com\/es\/may-presenta-plan-b-del-brexit-ante-el-parlamento\/a-47162146","_links":{"self":[{"href":"https:\/\/www.pressenza.com\/es\/wp-json\/wp\/v2\/posts\/792849","targetHints":{"allow":["GET"]}}],"collection":[{"href":"https:\/\/www.pressenza.com\/es\/wp-json\/wp\/v2\/posts"}],"about":[{"href":"https:\/\/www.pressenza.com\/es\/wp-json\/wp\/v2\/types\/post"}],"author":[{"embeddable":true,"href":"https:\/\/www.pressenza.com\/es\/wp-json\/wp\/v2\/users\/993"}],"replies":[{"embeddable":true,"href":"https:\/\/www.pressenza.com\/es\/wp-json\/wp\/v2\/comments?post=792849"}],"version-history":[{"count":0,"href":"https:\/\/www.pressenza.com\/es\/wp-json\/wp\/v2\/posts\/792849\/revisions"}],"wp:featuredmedia":[{"embeddable":true,"href":"https:\/\/www.pressenza.com\/es\/wp-json\/wp\/v2\/media\/792860"}],"wp:attachment":[{"href":"https:\/\/www.pressenza.com\/es\/wp-json\/wp\/v2\/media?parent=792849"}],"wp:term":[{"taxonomy":"category","embeddable":true,"href":"https:\/\/www.pressenza.com\/es\/wp-json\/wp\/v2\/categories?post=792849"},{"taxonomy":"post_tag","embeddable":true,"href":"https:\/\/www.pressenza.com\/es\/wp-json\/wp\/v2\/tags?post=792849"}],"curies":[{"name":"wp","href":"https:\/\/api.w.org\/{rel}","templated":true}]}}