{"id":792485,"date":"2019-01-21T11:09:13","date_gmt":"2019-01-21T11:09:13","guid":{"rendered":"https:\/\/www.pressenza.com\/?p=792485"},"modified":"2019-01-21T11:09:13","modified_gmt":"2019-01-21T11:09:13","slug":"diputada-espanola-amenaza-con-retirar-apoyo-al-gobierno-si-sigue-impidiendo-al-open-arms-salir-de-barcelona","status":"publish","type":"post","link":"https:\/\/www.pressenza.com\/es\/2019\/01\/diputada-espanola-amenaza-con-retirar-apoyo-al-gobierno-si-sigue-impidiendo-al-open-arms-salir-de-barcelona\/","title":{"rendered":"Diputada espa\u00f1ola amenaza con retirar apoyo al gobierno si sigue impidiendo al Open Arms salir de Barcelona"},"content":{"rendered":"<blockquote><p>La diputada en el Congreso espa\u00f1ol, Marta Sibina, ha colgado un v\u00eddeo en su cuenta de Twitter en el que amenaza con retirar su apoyo a los Presupuestos Generales del Estado que pretende aprobar ma\u00f1ana 22 de enero Pedro S\u00e1nchez, si \u00e9ste se mantiene en la postura de no dejar zarpar al Open Arms.<\/p><\/blockquote>\n<p class=\"title style-scope ytd-video-primary-info-renderer\">Con el t\u00edtulo, <strong>Advertencia: \u00abO el Gobierno cede o caer\u00e1 este martes 22\u00bb<\/strong>, Marta Sibina -diputada por En Com\u00fa Podem en el Congreso de los Diputados- ha amenazado al gobierno del socialista Pedro S\u00e1nchez con dejar de votar a favor de todas sus propuestas, incluidos los Presupuestos Generales del Estado, si se mantiene en la postura de no dejar salir del puerto de Barcelona al barco <a href=\"https:\/\/www.openarms.es\/es\">Open Arms<\/a>, que se ocupa de rescatar migrantes en el Mediterr\u00e1neo.<\/p>\n<p><iframe loading=\"lazy\" title=\"Advertencia: &quot;O el Gobierno cede o caer\u00e1 este martes 22&quot;.\" width=\"500\" height=\"281\" src=\"https:\/\/www.youtube.com\/embed\/KmYE8DQyzas?feature=oembed\" frameborder=\"0\" allow=\"accelerometer; autoplay; clipboard-write; encrypted-media; gyroscope; picture-in-picture; web-share\" referrerpolicy=\"strict-origin-when-cross-origin\" allowfullscreen><\/iframe><\/p>\n<p>&nbsp;<\/p>\n<p>&nbsp;<\/p>\n<p>&nbsp;<\/p>\n<p>&nbsp;<\/p>\n","protected":false},"excerpt":{"rendered":"<p>La diputada en el Congreso espa\u00f1ol, Marta Sibina, ha colgado un v\u00eddeo en su cuenta de Twitter en el que amenaza con retirar su apoyo a los Presupuestos Generales del Estado que pretende aprobar ma\u00f1ana 22 de enero Pedro S\u00e1nchez,&hellip;<\/p>\n","protected":false},"author":94,"featured_media":792510,"comment_status":"closed","ping_status":"closed","sticky":false,"template":"","format":"standard","meta":{"footnotes":""},"categories":[11389,79,66,74,63],"tags":[1065,53179,4441,1014,23804,44459,53903,4817],"class_list":["post-792485","post","type-post","status-publish","format-standard","has-post-thumbnail","hentry","category-contenido-original","category-derechos-humanos","category-europa-es","category-politica-es","category-region-es","tag-espana","tag-marta-sibina","tag-mediterraneo","tag-migraciones","tag-muertes","tag-open-arms","tag-salvar-vidas","tag-union-europea"],"yoast_head":"<!-- This site is optimized with the Yoast SEO plugin v27.1.1 - https:\/\/yoast.com\/product\/yoast-seo-wordpress\/ -->\n<title>Diputada espa\u00f1ola amenaza con retirar apoyo al gobierno si sigue impidiendo al Open Arms salir de Barcelona<\/title>\n<meta name=\"description\" content=\"La diputada en el Congreso espa\u00f1ol, Marta Sibina, ha colgado un v\u00eddeo en su cuenta de Twitter en el que amenaza con retirar su apoyo a los Presupuestos\" \/>\n<meta name=\"robots\" content=\"index, follow, max-snippet:-1, max-image-preview:large, max-video-preview:-1\" \/>\n<link rel=\"canonical\" href=\"https:\/\/www.pressenza.com\/es\/2019\/01\/diputada-espanola-amenaza-con-retirar-apoyo-al-gobierno-si-sigue-impidiendo-al-open-arms-salir-de-barcelona\/\" \/>\n<meta property=\"og:locale\" content=\"es_ES\" \/>\n<meta property=\"og:type\" content=\"article\" \/>\n<meta property=\"og:title\" content=\"Diputada espa\u00f1ola amenaza con retirar apoyo al gobierno si sigue impidiendo al Open Arms salir de Barcelona\" \/>\n<meta property=\"og:description\" content=\"La diputada en el Congreso espa\u00f1ol, Marta Sibina, ha colgado un v\u00eddeo en su cuenta de Twitter en el que amenaza con retirar su apoyo a los Presupuestos\" \/>\n<meta property=\"og:url\" content=\"https:\/\/www.pressenza.com\/es\/2019\/01\/diputada-espanola-amenaza-con-retirar-apoyo-al-gobierno-si-sigue-impidiendo-al-open-arms-salir-de-barcelona\/\" \/>\n<meta property=\"og:site_name\" content=\"Pressenza\" \/>\n<meta property=\"article:publisher\" content=\"https:\/\/www.facebook.com\/PressenzaItalia\" \/>\n<meta property=\"article:author\" content=\"https:\/\/www.facebook.com\/pressenza\" \/>\n<meta property=\"article:published_time\" content=\"2019-01-21T11:09:13+00:00\" \/>\n<meta property=\"og:image\" content=\"https:\/\/www.pressenza.com\/wp-content\/uploads\/2019\/01\/Marta-Sibina-intervencion-Congreso_EDIIMA20181211_0431_19.jpg\" \/>\n\t<meta property=\"og:image:width\" content=\"643\" \/>\n\t<meta property=\"og:image:height\" content=\"362\" \/>\n\t<meta property=\"og:image:type\" content=\"image\/jpeg\" \/>\n<meta name=\"author\" content=\"Redacci\u00f3n Madrid\" \/>\n<meta name=\"twitter:card\" content=\"summary_large_image\" \/>\n<meta name=\"twitter:creator\" content=\"@pressenza\" \/>\n<meta name=\"twitter:site\" content=\"@PressenzaIPA\" \/>\n<meta name=\"twitter:label1\" content=\"Escrito por\" \/>\n\t<meta name=\"twitter:data1\" content=\"Redacci\u00f3n Madrid\" \/>\n\t<meta name=\"twitter:label2\" content=\"Tiempo de lectura\" \/>\n\t<meta name=\"twitter:data2\" content=\"1 minuto\" \/>\n<script type=\"application\/ld+json\" class=\"yoast-schema-graph\">{\"@context\":\"https:\/\/schema.org\",\"@graph\":[{\"@type\":\"Article\",\"@id\":\"https:\/\/www.pressenza.com\/es\/2019\/01\/diputada-espanola-amenaza-con-retirar-apoyo-al-gobierno-si-sigue-impidiendo-al-open-arms-salir-de-barcelona\/#article\",\"isPartOf\":{\"@id\":\"https:\/\/www.pressenza.com\/es\/2019\/01\/diputada-espanola-amenaza-con-retirar-apoyo-al-gobierno-si-sigue-impidiendo-al-open-arms-salir-de-barcelona\/\"},\"author\":{\"name\":\"Redacci\u00f3n Madrid\",\"@id\":\"https:\/\/www.pressenza.com\/es\/#\/schema\/person\/828fc40eeca2ad7be3630e5a46adba94\"},\"headline\":\"Diputada espa\u00f1ola amenaza con retirar apoyo al gobierno si sigue impidiendo al Open Arms salir de Barcelona\",\"datePublished\":\"2019-01-21T11:09:13+00:00\",\"mainEntityOfPage\":{\"@id\":\"https:\/\/www.pressenza.com\/es\/2019\/01\/diputada-espanola-amenaza-con-retirar-apoyo-al-gobierno-si-sigue-impidiendo-al-open-arms-salir-de-barcelona\/\"},\"wordCount\":163,\"publisher\":{\"@id\":\"https:\/\/www.pressenza.com\/es\/#organization\"},\"image\":{\"@id\":\"https:\/\/www.pressenza.com\/es\/2019\/01\/diputada-espanola-amenaza-con-retirar-apoyo-al-gobierno-si-sigue-impidiendo-al-open-arms-salir-de-barcelona\/#primaryimage\"},\"thumbnailUrl\":\"https:\/\/www.pressenza.com\/wp-content\/uploads\/2019\/01\/Marta-Sibina-intervencion-Congreso_EDIIMA20181211_0431_19.jpg\",\"keywords\":[\"Espa\u00f1a\",\"Marta Sibina\",\"Mediterraneo\",\"migraciones\",\"muertes\",\"Open Arms\",\"salvar vidas\",\"Uni\u00f3n Europea\"],\"articleSection\":[\"Contenido Original\",\"Derechos Humanos\",\"Europa\",\"Pol\u00edtica\",\"Regi\u00f3n\"],\"inLanguage\":\"es\"},{\"@type\":\"WebPage\",\"@id\":\"https:\/\/www.pressenza.com\/es\/2019\/01\/diputada-espanola-amenaza-con-retirar-apoyo-al-gobierno-si-sigue-impidiendo-al-open-arms-salir-de-barcelona\/\",\"url\":\"https:\/\/www.pressenza.com\/es\/2019\/01\/diputada-espanola-amenaza-con-retirar-apoyo-al-gobierno-si-sigue-impidiendo-al-open-arms-salir-de-barcelona\/\",\"name\":\"Diputada espa\u00f1ola amenaza con retirar apoyo al gobierno si sigue impidiendo al Open Arms salir de Barcelona\",\"isPartOf\":{\"@id\":\"https:\/\/www.pressenza.com\/es\/#website\"},\"primaryImageOfPage\":{\"@id\":\"https:\/\/www.pressenza.com\/es\/2019\/01\/diputada-espanola-amenaza-con-retirar-apoyo-al-gobierno-si-sigue-impidiendo-al-open-arms-salir-de-barcelona\/#primaryimage\"},\"image\":{\"@id\":\"https:\/\/www.pressenza.com\/es\/2019\/01\/diputada-espanola-amenaza-con-retirar-apoyo-al-gobierno-si-sigue-impidiendo-al-open-arms-salir-de-barcelona\/#primaryimage\"},\"thumbnailUrl\":\"https:\/\/www.pressenza.com\/wp-content\/uploads\/2019\/01\/Marta-Sibina-intervencion-Congreso_EDIIMA20181211_0431_19.jpg\",\"datePublished\":\"2019-01-21T11:09:13+00:00\",\"description\":\"La diputada en el Congreso espa\u00f1ol, Marta Sibina, ha colgado un v\u00eddeo en su cuenta de Twitter en el que amenaza con retirar su apoyo a los Presupuestos\",\"breadcrumb\":{\"@id\":\"https:\/\/www.pressenza.com\/es\/2019\/01\/diputada-espanola-amenaza-con-retirar-apoyo-al-gobierno-si-sigue-impidiendo-al-open-arms-salir-de-barcelona\/#breadcrumb\"},\"inLanguage\":\"es\",\"potentialAction\":[{\"@type\":\"ReadAction\",\"target\":[\"https:\/\/www.pressenza.com\/es\/2019\/01\/diputada-espanola-amenaza-con-retirar-apoyo-al-gobierno-si-sigue-impidiendo-al-open-arms-salir-de-barcelona\/\"]}]},{\"@type\":\"ImageObject\",\"inLanguage\":\"es\",\"@id\":\"https:\/\/www.pressenza.com\/es\/2019\/01\/diputada-espanola-amenaza-con-retirar-apoyo-al-gobierno-si-sigue-impidiendo-al-open-arms-salir-de-barcelona\/#primaryimage\",\"url\":\"https:\/\/www.pressenza.com\/wp-content\/uploads\/2019\/01\/Marta-Sibina-intervencion-Congreso_EDIIMA20181211_0431_19.jpg\",\"contentUrl\":\"https:\/\/www.pressenza.com\/wp-content\/uploads\/2019\/01\/Marta-Sibina-intervencion-Congreso_EDIIMA20181211_0431_19.jpg\",\"width\":643,\"height\":362},{\"@type\":\"BreadcrumbList\",\"@id\":\"https:\/\/www.pressenza.com\/es\/2019\/01\/diputada-espanola-amenaza-con-retirar-apoyo-al-gobierno-si-sigue-impidiendo-al-open-arms-salir-de-barcelona\/#breadcrumb\",\"itemListElement\":[{\"@type\":\"ListItem\",\"position\":1,\"name\":\"Accueil\",\"item\":\"https:\/\/www.pressenza.com\/es\/\"},{\"@type\":\"ListItem\",\"position\":2,\"name\":\"Diputada espa\u00f1ola amenaza con retirar apoyo al gobierno si sigue impidiendo al Open Arms salir de Barcelona\"}]},{\"@type\":\"WebSite\",\"@id\":\"https:\/\/www.pressenza.com\/es\/#website\",\"url\":\"https:\/\/www.pressenza.com\/es\/\",\"name\":\"Pressenza\",\"description\":\"International Press Agency\",\"publisher\":{\"@id\":\"https:\/\/www.pressenza.com\/es\/#organization\"},\"potentialAction\":[{\"@type\":\"SearchAction\",\"target\":{\"@type\":\"EntryPoint\",\"urlTemplate\":\"https:\/\/www.pressenza.com\/es\/?s={search_term_string}\"},\"query-input\":{\"@type\":\"PropertyValueSpecification\",\"valueRequired\":true,\"valueName\":\"search_term_string\"}}],\"inLanguage\":\"es\"},{\"@type\":\"Organization\",\"@id\":\"https:\/\/www.pressenza.com\/es\/#organization\",\"name\":\"Pressenza\",\"url\":\"https:\/\/www.pressenza.com\/es\/\",\"logo\":{\"@type\":\"ImageObject\",\"inLanguage\":\"es\",\"@id\":\"https:\/\/www.pressenza.com\/es\/#\/schema\/logo\/image\/\",\"url\":\"https:\/\/www.pressenza.com\/wp-content\/uploads\/2022\/10\/pressenza_logo_200x200.jpg\",\"contentUrl\":\"https:\/\/www.pressenza.com\/wp-content\/uploads\/2022\/10\/pressenza_logo_200x200.jpg\",\"width\":200,\"height\":200,\"caption\":\"Pressenza\"},\"image\":{\"@id\":\"https:\/\/www.pressenza.com\/es\/#\/schema\/logo\/image\/\"},\"sameAs\":[\"https:\/\/www.facebook.com\/PressenzaItalia\",\"https:\/\/x.com\/PressenzaIPA\"]},{\"@type\":\"Person\",\"@id\":\"https:\/\/www.pressenza.com\/es\/#\/schema\/person\/828fc40eeca2ad7be3630e5a46adba94\",\"name\":\"Redacci\u00f3n Madrid\",\"description\":\"News from the Pressenza Bureau in Madrid, Spain\",\"sameAs\":[\"https:\/\/www.facebook.com\/pressenza\",\"https:\/\/x.com\/pressenza\"],\"url\":\"https:\/\/www.pressenza.com\/es\/author\/redaccion-madrid\/\"}]}<\/script>\n<!-- \/ Yoast SEO plugin. -->","yoast_head_json":{"title":"Diputada espa\u00f1ola amenaza con retirar apoyo al gobierno si sigue impidiendo al Open Arms salir de Barcelona","description":"La diputada en el Congreso espa\u00f1ol, Marta Sibina, ha colgado un v\u00eddeo en su cuenta de Twitter en el que amenaza con retirar su apoyo a los Presupuestos","robots":{"index":"index","follow":"follow","max-snippet":"max-snippet:-1","max-image-preview":"max-image-preview:large","max-video-preview":"max-video-preview:-1"},"canonical":"https:\/\/www.pressenza.com\/es\/2019\/01\/diputada-espanola-amenaza-con-retirar-apoyo-al-gobierno-si-sigue-impidiendo-al-open-arms-salir-de-barcelona\/","og_locale":"es_ES","og_type":"article","og_title":"Diputada espa\u00f1ola amenaza con retirar apoyo al gobierno si sigue impidiendo al Open Arms salir de Barcelona","og_description":"La diputada en el Congreso espa\u00f1ol, Marta Sibina, ha colgado un v\u00eddeo en su cuenta de Twitter en el que amenaza con retirar su apoyo a los Presupuestos","og_url":"https:\/\/www.pressenza.com\/es\/2019\/01\/diputada-espanola-amenaza-con-retirar-apoyo-al-gobierno-si-sigue-impidiendo-al-open-arms-salir-de-barcelona\/","og_site_name":"Pressenza","article_publisher":"https:\/\/www.facebook.com\/PressenzaItalia","article_author":"https:\/\/www.facebook.com\/pressenza","article_published_time":"2019-01-21T11:09:13+00:00","og_image":[{"width":643,"height":362,"url":"https:\/\/www.pressenza.com\/wp-content\/uploads\/2019\/01\/Marta-Sibina-intervencion-Congreso_EDIIMA20181211_0431_19.jpg","type":"image\/jpeg"}],"author":"Redacci\u00f3n Madrid","twitter_card":"summary_large_image","twitter_creator":"@pressenza","twitter_site":"@PressenzaIPA","twitter_misc":{"Escrito por":"Redacci\u00f3n Madrid","Tiempo de lectura":"1 minuto"},"schema":{"@context":"https:\/\/schema.org","@graph":[{"@type":"Article","@id":"https:\/\/www.pressenza.com\/es\/2019\/01\/diputada-espanola-amenaza-con-retirar-apoyo-al-gobierno-si-sigue-impidiendo-al-open-arms-salir-de-barcelona\/#article","isPartOf":{"@id":"https:\/\/www.pressenza.com\/es\/2019\/01\/diputada-espanola-amenaza-con-retirar-apoyo-al-gobierno-si-sigue-impidiendo-al-open-arms-salir-de-barcelona\/"},"author":{"name":"Redacci\u00f3n Madrid","@id":"https:\/\/www.pressenza.com\/es\/#\/schema\/person\/828fc40eeca2ad7be3630e5a46adba94"},"headline":"Diputada espa\u00f1ola amenaza con retirar apoyo al gobierno si sigue impidiendo al Open Arms salir de Barcelona","datePublished":"2019-01-21T11:09:13+00:00","mainEntityOfPage":{"@id":"https:\/\/www.pressenza.com\/es\/2019\/01\/diputada-espanola-amenaza-con-retirar-apoyo-al-gobierno-si-sigue-impidiendo-al-open-arms-salir-de-barcelona\/"},"wordCount":163,"publisher":{"@id":"https:\/\/www.pressenza.com\/es\/#organization"},"image":{"@id":"https:\/\/www.pressenza.com\/es\/2019\/01\/diputada-espanola-amenaza-con-retirar-apoyo-al-gobierno-si-sigue-impidiendo-al-open-arms-salir-de-barcelona\/#primaryimage"},"thumbnailUrl":"https:\/\/www.pressenza.com\/wp-content\/uploads\/2019\/01\/Marta-Sibina-intervencion-Congreso_EDIIMA20181211_0431_19.jpg","keywords":["Espa\u00f1a","Marta Sibina","Mediterraneo","migraciones","muertes","Open Arms","salvar vidas","Uni\u00f3n Europea"],"articleSection":["Contenido Original","Derechos Humanos","Europa","Pol\u00edtica","Regi\u00f3n"],"inLanguage":"es"},{"@type":"WebPage","@id":"https:\/\/www.pressenza.com\/es\/2019\/01\/diputada-espanola-amenaza-con-retirar-apoyo-al-gobierno-si-sigue-impidiendo-al-open-arms-salir-de-barcelona\/","url":"https:\/\/www.pressenza.com\/es\/2019\/01\/diputada-espanola-amenaza-con-retirar-apoyo-al-gobierno-si-sigue-impidiendo-al-open-arms-salir-de-barcelona\/","name":"Diputada espa\u00f1ola amenaza con retirar apoyo al gobierno si sigue impidiendo al Open Arms salir de Barcelona","isPartOf":{"@id":"https:\/\/www.pressenza.com\/es\/#website"},"primaryImageOfPage":{"@id":"https:\/\/www.pressenza.com\/es\/2019\/01\/diputada-espanola-amenaza-con-retirar-apoyo-al-gobierno-si-sigue-impidiendo-al-open-arms-salir-de-barcelona\/#primaryimage"},"image":{"@id":"https:\/\/www.pressenza.com\/es\/2019\/01\/diputada-espanola-amenaza-con-retirar-apoyo-al-gobierno-si-sigue-impidiendo-al-open-arms-salir-de-barcelona\/#primaryimage"},"thumbnailUrl":"https:\/\/www.pressenza.com\/wp-content\/uploads\/2019\/01\/Marta-Sibina-intervencion-Congreso_EDIIMA20181211_0431_19.jpg","datePublished":"2019-01-21T11:09:13+00:00","description":"La diputada en el Congreso espa\u00f1ol, Marta Sibina, ha colgado un v\u00eddeo en su cuenta de Twitter en el que amenaza con retirar su apoyo a los Presupuestos","breadcrumb":{"@id":"https:\/\/www.pressenza.com\/es\/2019\/01\/diputada-espanola-amenaza-con-retirar-apoyo-al-gobierno-si-sigue-impidiendo-al-open-arms-salir-de-barcelona\/#breadcrumb"},"inLanguage":"es","potentialAction":[{"@type":"ReadAction","target":["https:\/\/www.pressenza.com\/es\/2019\/01\/diputada-espanola-amenaza-con-retirar-apoyo-al-gobierno-si-sigue-impidiendo-al-open-arms-salir-de-barcelona\/"]}]},{"@type":"ImageObject","inLanguage":"es","@id":"https:\/\/www.pressenza.com\/es\/2019\/01\/diputada-espanola-amenaza-con-retirar-apoyo-al-gobierno-si-sigue-impidiendo-al-open-arms-salir-de-barcelona\/#primaryimage","url":"https:\/\/www.pressenza.com\/wp-content\/uploads\/2019\/01\/Marta-Sibina-intervencion-Congreso_EDIIMA20181211_0431_19.jpg","contentUrl":"https:\/\/www.pressenza.com\/wp-content\/uploads\/2019\/01\/Marta-Sibina-intervencion-Congreso_EDIIMA20181211_0431_19.jpg","width":643,"height":362},{"@type":"BreadcrumbList","@id":"https:\/\/www.pressenza.com\/es\/2019\/01\/diputada-espanola-amenaza-con-retirar-apoyo-al-gobierno-si-sigue-impidiendo-al-open-arms-salir-de-barcelona\/#breadcrumb","itemListElement":[{"@type":"ListItem","position":1,"name":"Accueil","item":"https:\/\/www.pressenza.com\/es\/"},{"@type":"ListItem","position":2,"name":"Diputada espa\u00f1ola amenaza con retirar apoyo al gobierno si sigue impidiendo al Open Arms salir de Barcelona"}]},{"@type":"WebSite","@id":"https:\/\/www.pressenza.com\/es\/#website","url":"https:\/\/www.pressenza.com\/es\/","name":"Pressenza","description":"International Press Agency","publisher":{"@id":"https:\/\/www.pressenza.com\/es\/#organization"},"potentialAction":[{"@type":"SearchAction","target":{"@type":"EntryPoint","urlTemplate":"https:\/\/www.pressenza.com\/es\/?s={search_term_string}"},"query-input":{"@type":"PropertyValueSpecification","valueRequired":true,"valueName":"search_term_string"}}],"inLanguage":"es"},{"@type":"Organization","@id":"https:\/\/www.pressenza.com\/es\/#organization","name":"Pressenza","url":"https:\/\/www.pressenza.com\/es\/","logo":{"@type":"ImageObject","inLanguage":"es","@id":"https:\/\/www.pressenza.com\/es\/#\/schema\/logo\/image\/","url":"https:\/\/www.pressenza.com\/wp-content\/uploads\/2022\/10\/pressenza_logo_200x200.jpg","contentUrl":"https:\/\/www.pressenza.com\/wp-content\/uploads\/2022\/10\/pressenza_logo_200x200.jpg","width":200,"height":200,"caption":"Pressenza"},"image":{"@id":"https:\/\/www.pressenza.com\/es\/#\/schema\/logo\/image\/"},"sameAs":["https:\/\/www.facebook.com\/PressenzaItalia","https:\/\/x.com\/PressenzaIPA"]},{"@type":"Person","@id":"https:\/\/www.pressenza.com\/es\/#\/schema\/person\/828fc40eeca2ad7be3630e5a46adba94","name":"Redacci\u00f3n Madrid","description":"News from the Pressenza Bureau in Madrid, Spain","sameAs":["https:\/\/www.facebook.com\/pressenza","https:\/\/x.com\/pressenza"],"url":"https:\/\/www.pressenza.com\/es\/author\/redaccion-madrid\/"}]}},"place":"Barcelona","original_article_url":"","_links":{"self":[{"href":"https:\/\/www.pressenza.com\/es\/wp-json\/wp\/v2\/posts\/792485","targetHints":{"allow":["GET"]}}],"collection":[{"href":"https:\/\/www.pressenza.com\/es\/wp-json\/wp\/v2\/posts"}],"about":[{"href":"https:\/\/www.pressenza.com\/es\/wp-json\/wp\/v2\/types\/post"}],"author":[{"embeddable":true,"href":"https:\/\/www.pressenza.com\/es\/wp-json\/wp\/v2\/users\/94"}],"replies":[{"embeddable":true,"href":"https:\/\/www.pressenza.com\/es\/wp-json\/wp\/v2\/comments?post=792485"}],"version-history":[{"count":0,"href":"https:\/\/www.pressenza.com\/es\/wp-json\/wp\/v2\/posts\/792485\/revisions"}],"wp:featuredmedia":[{"embeddable":true,"href":"https:\/\/www.pressenza.com\/es\/wp-json\/wp\/v2\/media\/792510"}],"wp:attachment":[{"href":"https:\/\/www.pressenza.com\/es\/wp-json\/wp\/v2\/media?parent=792485"}],"wp:term":[{"taxonomy":"category","embeddable":true,"href":"https:\/\/www.pressenza.com\/es\/wp-json\/wp\/v2\/categories?post=792485"},{"taxonomy":"post_tag","embeddable":true,"href":"https:\/\/www.pressenza.com\/es\/wp-json\/wp\/v2\/tags?post=792485"}],"curies":[{"name":"wp","href":"https:\/\/api.w.org\/{rel}","templated":true}]}}