{"id":792334,"date":"2019-01-20T22:15:54","date_gmt":"2019-01-20T22:15:54","guid":{"rendered":"https:\/\/www.pressenza.com\/?p=792334"},"modified":"2019-02-06T18:45:55","modified_gmt":"2019-02-06T18:45:55","slug":"la-marcha-de-las-mujeres-exhibe-su-nuevo-poder-politico-en-estados-unidos","status":"publish","type":"post","link":"https:\/\/www.pressenza.com\/es\/2019\/01\/la-marcha-de-las-mujeres-exhibe-su-nuevo-poder-politico-en-estados-unidos\/","title":{"rendered":"La marcha de las mujeres exhibe su nuevo poder pol\u00edtico en Estados Unidos"},"content":{"rendered":"<h3>La tercera marcha de las mujeres celebra los avances en las \u00faltimas elecciones y vuelve a llenar cientos de ciudades en Estados Unidos.<\/h3>\n<p>La llamada Marcha de las Mujeres sali\u00f3 este s\u00e1bado por tercera vez a las calles en cientos de ciudades de Estados Unidos. El movimiento, que empez\u00f3 en las redes sociales y se hizo real en las calles con la llegada de Donald Trump al poder, cumple a\u00f1os al mismo tiempo que su Presidencia.<\/p>\n<p>Adem\u00e1s, las recientes elecciones legislativas, que han llevado a un n\u00famero r\u00e9cord de mujeres al centro del poder en Washington, han servido como prueba de que el movimiento, representa corrientes profundas de este pa\u00eds que ya no se pueden parar.<\/p>\n<p>En Washington, la Plaza de la Libertad estaba abarrotada de gente sobre las 10 de la ma\u00f1ana locales. El permiso oficial para la manifestaci\u00f3n esperaba alrededor de 10.000 personas. El cierre parcial del Gobierno, que lleva 28 d\u00edas, oblig\u00f3 a cambiar la ruta de la manifestaci\u00f3n, que no pudo llegar hasta el Capitolio y se tuvo que conformar con dar vueltas a la redonda. El cierre estuvo especialmente presente entre los carteles que levantaban los sindicalistas.<\/p>\n<p>La oposici\u00f3n a Trump es el hilo conductor de todos los grupos que componen este movimiento. Un poco m\u00e1s lejos, aparec\u00edan varias pancartas del mandatario republicano con su hom\u00f3logo ruso, Vladimir Putin. Trump como t\u00edtere, como perro, como una presa cazada. Otros alzaban la imagen del fiscal especial Robert Mueller, a cargo de la investigaci\u00f3n de la trama rusa, con la leyenda \u201cSe acercan las acusaciones\u201d, con el estilo de letra de la serie\u00a0<em>Juego de Tronos<\/em>. Entre todos esos letreros colmados de carga pol\u00edtica, aparec\u00eda un rostro familiar con los ojos cerrados, el traje azul y la mano alzada: Christine Blasey Ford, la mujer que acus\u00f3 al juez Brett Kavanaugh de abuso sexual. \u201cNo podr\u00e1n callarnos, doctora Ford\u201d.<\/p>\n","protected":false},"excerpt":{"rendered":"<p>La tercera marcha de las mujeres celebra los avances en las \u00faltimas elecciones y vuelve a llenar cientos de ciudades en Estados Unidos. La llamada Marcha de las Mujeres sali\u00f3 este s\u00e1bado por tercera vez a las calles en cientos&hellip;<\/p>\n","protected":false},"author":1557,"featured_media":792335,"comment_status":"closed","ping_status":"closed","sticky":false,"template":"","format":"standard","meta":{"footnotes":""},"categories":[54515,68,74],"tags":[16766,26463,1025,26018],"class_list":["post-792334","post","type-post","status-publish","format-standard","has-post-thumbnail","hentry","category-genero-y-feminismos","category-norteamerica","category-politica-es","tag-ee-uu","tag-marcha-de-mujeres","tag-mujeres","tag-protestas"],"yoast_head":"<!-- This site is optimized with the Yoast SEO plugin v27.1.1 - https:\/\/yoast.com\/product\/yoast-seo-wordpress\/ -->\n<title>La marcha de las mujeres exhibe su nuevo poder pol\u00edtico en Estados Unidos<\/title>\n<meta name=\"description\" content=\"La tercera marcha de las mujeres celebra los avances en las \u00faltimas elecciones y vuelve a llenar cientos de ciudades en Estados Unidos. La llamada Marcha\" \/>\n<meta name=\"robots\" content=\"index, follow, max-snippet:-1, max-image-preview:large, max-video-preview:-1\" \/>\n<link rel=\"canonical\" href=\"https:\/\/www.pressenza.com\/es\/2019\/01\/la-marcha-de-las-mujeres-exhibe-su-nuevo-poder-politico-en-estados-unidos\/\" \/>\n<meta property=\"og:locale\" content=\"es_ES\" \/>\n<meta property=\"og:type\" content=\"article\" \/>\n<meta property=\"og:title\" content=\"La marcha de las mujeres exhibe su nuevo poder pol\u00edtico en Estados Unidos\" \/>\n<meta property=\"og:description\" content=\"La tercera marcha de las mujeres celebra los avances en las \u00faltimas elecciones y vuelve a llenar cientos de ciudades en Estados Unidos. La llamada Marcha\" \/>\n<meta property=\"og:url\" content=\"https:\/\/www.pressenza.com\/es\/2019\/01\/la-marcha-de-las-mujeres-exhibe-su-nuevo-poder-politico-en-estados-unidos\/\" \/>\n<meta property=\"og:site_name\" content=\"Pressenza\" \/>\n<meta property=\"article:publisher\" content=\"https:\/\/www.facebook.com\/PressenzaItalia\" \/>\n<meta property=\"article:published_time\" content=\"2019-01-20T22:15:54+00:00\" \/>\n<meta property=\"article:modified_time\" content=\"2019-02-06T18:45:55+00:00\" \/>\n<meta property=\"og:image\" content=\"https:\/\/www.pressenza.com\/wp-content\/uploads\/2019\/01\/5a65c3bbd9d3e-1024x683.jpg\" \/>\n\t<meta property=\"og:image:width\" content=\"800\" \/>\n\t<meta property=\"og:image:height\" content=\"533\" \/>\n\t<meta property=\"og:image:type\" content=\"image\/jpeg\" \/>\n<meta name=\"author\" content=\"Diario Clever\" \/>\n<meta name=\"twitter:card\" content=\"summary_large_image\" \/>\n<meta name=\"twitter:creator\" content=\"@PressenzaIPA\" \/>\n<meta name=\"twitter:site\" content=\"@PressenzaIPA\" \/>\n<meta name=\"twitter:label1\" content=\"Escrito por\" \/>\n\t<meta name=\"twitter:data1\" content=\"Diario Clever\" \/>\n\t<meta name=\"twitter:label2\" content=\"Tiempo de lectura\" \/>\n\t<meta name=\"twitter:data2\" content=\"2 minutos\" \/>\n<script type=\"application\/ld+json\" class=\"yoast-schema-graph\">{\"@context\":\"https:\/\/schema.org\",\"@graph\":[{\"@type\":\"Article\",\"@id\":\"https:\/\/www.pressenza.com\/es\/2019\/01\/la-marcha-de-las-mujeres-exhibe-su-nuevo-poder-politico-en-estados-unidos\/#article\",\"isPartOf\":{\"@id\":\"https:\/\/www.pressenza.com\/es\/2019\/01\/la-marcha-de-las-mujeres-exhibe-su-nuevo-poder-politico-en-estados-unidos\/\"},\"author\":{\"name\":\"Diario Clever\",\"@id\":\"https:\/\/www.pressenza.com\/es\/#\/schema\/person\/15a1153af1127c772b6a38bf4282bd19\"},\"headline\":\"La marcha de las mujeres exhibe su nuevo poder pol\u00edtico en Estados Unidos\",\"datePublished\":\"2019-01-20T22:15:54+00:00\",\"dateModified\":\"2019-02-06T18:45:55+00:00\",\"mainEntityOfPage\":{\"@id\":\"https:\/\/www.pressenza.com\/es\/2019\/01\/la-marcha-de-las-mujeres-exhibe-su-nuevo-poder-politico-en-estados-unidos\/\"},\"wordCount\":341,\"publisher\":{\"@id\":\"https:\/\/www.pressenza.com\/es\/#organization\"},\"image\":{\"@id\":\"https:\/\/www.pressenza.com\/es\/2019\/01\/la-marcha-de-las-mujeres-exhibe-su-nuevo-poder-politico-en-estados-unidos\/#primaryimage\"},\"thumbnailUrl\":\"https:\/\/www.pressenza.com\/wp-content\/uploads\/2019\/01\/5a65c3bbd9d3e-1024x683.jpg\",\"keywords\":[\"EE.UU\",\"Marcha de Mujeres\",\"Mujeres\",\"protestas\"],\"articleSection\":[\"G\u00e9nero y Feminismos\",\"Norteam\u00e9rica\",\"Pol\u00edtica\"],\"inLanguage\":\"es\"},{\"@type\":\"WebPage\",\"@id\":\"https:\/\/www.pressenza.com\/es\/2019\/01\/la-marcha-de-las-mujeres-exhibe-su-nuevo-poder-politico-en-estados-unidos\/\",\"url\":\"https:\/\/www.pressenza.com\/es\/2019\/01\/la-marcha-de-las-mujeres-exhibe-su-nuevo-poder-politico-en-estados-unidos\/\",\"name\":\"La marcha de las mujeres exhibe su nuevo poder pol\u00edtico en Estados Unidos\",\"isPartOf\":{\"@id\":\"https:\/\/www.pressenza.com\/es\/#website\"},\"primaryImageOfPage\":{\"@id\":\"https:\/\/www.pressenza.com\/es\/2019\/01\/la-marcha-de-las-mujeres-exhibe-su-nuevo-poder-politico-en-estados-unidos\/#primaryimage\"},\"image\":{\"@id\":\"https:\/\/www.pressenza.com\/es\/2019\/01\/la-marcha-de-las-mujeres-exhibe-su-nuevo-poder-politico-en-estados-unidos\/#primaryimage\"},\"thumbnailUrl\":\"https:\/\/www.pressenza.com\/wp-content\/uploads\/2019\/01\/5a65c3bbd9d3e-1024x683.jpg\",\"datePublished\":\"2019-01-20T22:15:54+00:00\",\"dateModified\":\"2019-02-06T18:45:55+00:00\",\"description\":\"La tercera marcha de las mujeres celebra los avances en las \u00faltimas elecciones y vuelve a llenar cientos de ciudades en Estados Unidos. La llamada Marcha\",\"breadcrumb\":{\"@id\":\"https:\/\/www.pressenza.com\/es\/2019\/01\/la-marcha-de-las-mujeres-exhibe-su-nuevo-poder-politico-en-estados-unidos\/#breadcrumb\"},\"inLanguage\":\"es\",\"potentialAction\":[{\"@type\":\"ReadAction\",\"target\":[\"https:\/\/www.pressenza.com\/es\/2019\/01\/la-marcha-de-las-mujeres-exhibe-su-nuevo-poder-politico-en-estados-unidos\/\"]}]},{\"@type\":\"ImageObject\",\"inLanguage\":\"es\",\"@id\":\"https:\/\/www.pressenza.com\/es\/2019\/01\/la-marcha-de-las-mujeres-exhibe-su-nuevo-poder-politico-en-estados-unidos\/#primaryimage\",\"url\":\"https:\/\/www.pressenza.com\/wp-content\/uploads\/2019\/01\/5a65c3bbd9d3e-1024x683.jpg\",\"contentUrl\":\"https:\/\/www.pressenza.com\/wp-content\/uploads\/2019\/01\/5a65c3bbd9d3e-1024x683.jpg\",\"width\":800,\"height\":533},{\"@type\":\"BreadcrumbList\",\"@id\":\"https:\/\/www.pressenza.com\/es\/2019\/01\/la-marcha-de-las-mujeres-exhibe-su-nuevo-poder-politico-en-estados-unidos\/#breadcrumb\",\"itemListElement\":[{\"@type\":\"ListItem\",\"position\":1,\"name\":\"Accueil\",\"item\":\"https:\/\/www.pressenza.com\/es\/\"},{\"@type\":\"ListItem\",\"position\":2,\"name\":\"La marcha de las mujeres exhibe su nuevo poder pol\u00edtico en Estados Unidos\"}]},{\"@type\":\"WebSite\",\"@id\":\"https:\/\/www.pressenza.com\/es\/#website\",\"url\":\"https:\/\/www.pressenza.com\/es\/\",\"name\":\"Pressenza\",\"description\":\"International Press Agency\",\"publisher\":{\"@id\":\"https:\/\/www.pressenza.com\/es\/#organization\"},\"potentialAction\":[{\"@type\":\"SearchAction\",\"target\":{\"@type\":\"EntryPoint\",\"urlTemplate\":\"https:\/\/www.pressenza.com\/es\/?s={search_term_string}\"},\"query-input\":{\"@type\":\"PropertyValueSpecification\",\"valueRequired\":true,\"valueName\":\"search_term_string\"}}],\"inLanguage\":\"es\"},{\"@type\":\"Organization\",\"@id\":\"https:\/\/www.pressenza.com\/es\/#organization\",\"name\":\"Pressenza\",\"url\":\"https:\/\/www.pressenza.com\/es\/\",\"logo\":{\"@type\":\"ImageObject\",\"inLanguage\":\"es\",\"@id\":\"https:\/\/www.pressenza.com\/es\/#\/schema\/logo\/image\/\",\"url\":\"https:\/\/www.pressenza.com\/wp-content\/uploads\/2022\/10\/pressenza_logo_200x200.jpg\",\"contentUrl\":\"https:\/\/www.pressenza.com\/wp-content\/uploads\/2022\/10\/pressenza_logo_200x200.jpg\",\"width\":200,\"height\":200,\"caption\":\"Pressenza\"},\"image\":{\"@id\":\"https:\/\/www.pressenza.com\/es\/#\/schema\/logo\/image\/\"},\"sameAs\":[\"https:\/\/www.facebook.com\/PressenzaItalia\",\"https:\/\/x.com\/PressenzaIPA\"]},{\"@type\":\"Person\",\"@id\":\"https:\/\/www.pressenza.com\/es\/#\/schema\/person\/15a1153af1127c772b6a38bf4282bd19\",\"name\":\"Diario Clever\",\"description\":\"CLEVER es una nueva plataforma digital que nace como alternativa a los medios de comunicaci\u00f3n tradicionales del Chile. Es un medio digital con especial vocaci\u00f3n a lo audiovisual, creando un espacio de progresismo, amante de la diversidad, tolerante, liberal y democr\u00e1tico.\",\"sameAs\":[\"http:\/\/www.diarioclever.cl\/\"],\"url\":\"https:\/\/www.pressenza.com\/es\/author\/diario-clever\/\"}]}<\/script>\n<!-- \/ Yoast SEO plugin. -->","yoast_head_json":{"title":"La marcha de las mujeres exhibe su nuevo poder pol\u00edtico en Estados Unidos","description":"La tercera marcha de las mujeres celebra los avances en las \u00faltimas elecciones y vuelve a llenar cientos de ciudades en Estados Unidos. La llamada Marcha","robots":{"index":"index","follow":"follow","max-snippet":"max-snippet:-1","max-image-preview":"max-image-preview:large","max-video-preview":"max-video-preview:-1"},"canonical":"https:\/\/www.pressenza.com\/es\/2019\/01\/la-marcha-de-las-mujeres-exhibe-su-nuevo-poder-politico-en-estados-unidos\/","og_locale":"es_ES","og_type":"article","og_title":"La marcha de las mujeres exhibe su nuevo poder pol\u00edtico en Estados Unidos","og_description":"La tercera marcha de las mujeres celebra los avances en las \u00faltimas elecciones y vuelve a llenar cientos de ciudades en Estados Unidos. La llamada Marcha","og_url":"https:\/\/www.pressenza.com\/es\/2019\/01\/la-marcha-de-las-mujeres-exhibe-su-nuevo-poder-politico-en-estados-unidos\/","og_site_name":"Pressenza","article_publisher":"https:\/\/www.facebook.com\/PressenzaItalia","article_published_time":"2019-01-20T22:15:54+00:00","article_modified_time":"2019-02-06T18:45:55+00:00","og_image":[{"width":800,"height":533,"url":"https:\/\/www.pressenza.com\/wp-content\/uploads\/2019\/01\/5a65c3bbd9d3e-1024x683.jpg","type":"image\/jpeg"}],"author":"Diario Clever","twitter_card":"summary_large_image","twitter_creator":"@PressenzaIPA","twitter_site":"@PressenzaIPA","twitter_misc":{"Escrito por":"Diario Clever","Tiempo de lectura":"2 minutos"},"schema":{"@context":"https:\/\/schema.org","@graph":[{"@type":"Article","@id":"https:\/\/www.pressenza.com\/es\/2019\/01\/la-marcha-de-las-mujeres-exhibe-su-nuevo-poder-politico-en-estados-unidos\/#article","isPartOf":{"@id":"https:\/\/www.pressenza.com\/es\/2019\/01\/la-marcha-de-las-mujeres-exhibe-su-nuevo-poder-politico-en-estados-unidos\/"},"author":{"name":"Diario Clever","@id":"https:\/\/www.pressenza.com\/es\/#\/schema\/person\/15a1153af1127c772b6a38bf4282bd19"},"headline":"La marcha de las mujeres exhibe su nuevo poder pol\u00edtico en Estados Unidos","datePublished":"2019-01-20T22:15:54+00:00","dateModified":"2019-02-06T18:45:55+00:00","mainEntityOfPage":{"@id":"https:\/\/www.pressenza.com\/es\/2019\/01\/la-marcha-de-las-mujeres-exhibe-su-nuevo-poder-politico-en-estados-unidos\/"},"wordCount":341,"publisher":{"@id":"https:\/\/www.pressenza.com\/es\/#organization"},"image":{"@id":"https:\/\/www.pressenza.com\/es\/2019\/01\/la-marcha-de-las-mujeres-exhibe-su-nuevo-poder-politico-en-estados-unidos\/#primaryimage"},"thumbnailUrl":"https:\/\/www.pressenza.com\/wp-content\/uploads\/2019\/01\/5a65c3bbd9d3e-1024x683.jpg","keywords":["EE.UU","Marcha de Mujeres","Mujeres","protestas"],"articleSection":["G\u00e9nero y Feminismos","Norteam\u00e9rica","Pol\u00edtica"],"inLanguage":"es"},{"@type":"WebPage","@id":"https:\/\/www.pressenza.com\/es\/2019\/01\/la-marcha-de-las-mujeres-exhibe-su-nuevo-poder-politico-en-estados-unidos\/","url":"https:\/\/www.pressenza.com\/es\/2019\/01\/la-marcha-de-las-mujeres-exhibe-su-nuevo-poder-politico-en-estados-unidos\/","name":"La marcha de las mujeres exhibe su nuevo poder pol\u00edtico en Estados Unidos","isPartOf":{"@id":"https:\/\/www.pressenza.com\/es\/#website"},"primaryImageOfPage":{"@id":"https:\/\/www.pressenza.com\/es\/2019\/01\/la-marcha-de-las-mujeres-exhibe-su-nuevo-poder-politico-en-estados-unidos\/#primaryimage"},"image":{"@id":"https:\/\/www.pressenza.com\/es\/2019\/01\/la-marcha-de-las-mujeres-exhibe-su-nuevo-poder-politico-en-estados-unidos\/#primaryimage"},"thumbnailUrl":"https:\/\/www.pressenza.com\/wp-content\/uploads\/2019\/01\/5a65c3bbd9d3e-1024x683.jpg","datePublished":"2019-01-20T22:15:54+00:00","dateModified":"2019-02-06T18:45:55+00:00","description":"La tercera marcha de las mujeres celebra los avances en las \u00faltimas elecciones y vuelve a llenar cientos de ciudades en Estados Unidos. La llamada Marcha","breadcrumb":{"@id":"https:\/\/www.pressenza.com\/es\/2019\/01\/la-marcha-de-las-mujeres-exhibe-su-nuevo-poder-politico-en-estados-unidos\/#breadcrumb"},"inLanguage":"es","potentialAction":[{"@type":"ReadAction","target":["https:\/\/www.pressenza.com\/es\/2019\/01\/la-marcha-de-las-mujeres-exhibe-su-nuevo-poder-politico-en-estados-unidos\/"]}]},{"@type":"ImageObject","inLanguage":"es","@id":"https:\/\/www.pressenza.com\/es\/2019\/01\/la-marcha-de-las-mujeres-exhibe-su-nuevo-poder-politico-en-estados-unidos\/#primaryimage","url":"https:\/\/www.pressenza.com\/wp-content\/uploads\/2019\/01\/5a65c3bbd9d3e-1024x683.jpg","contentUrl":"https:\/\/www.pressenza.com\/wp-content\/uploads\/2019\/01\/5a65c3bbd9d3e-1024x683.jpg","width":800,"height":533},{"@type":"BreadcrumbList","@id":"https:\/\/www.pressenza.com\/es\/2019\/01\/la-marcha-de-las-mujeres-exhibe-su-nuevo-poder-politico-en-estados-unidos\/#breadcrumb","itemListElement":[{"@type":"ListItem","position":1,"name":"Accueil","item":"https:\/\/www.pressenza.com\/es\/"},{"@type":"ListItem","position":2,"name":"La marcha de las mujeres exhibe su nuevo poder pol\u00edtico en Estados Unidos"}]},{"@type":"WebSite","@id":"https:\/\/www.pressenza.com\/es\/#website","url":"https:\/\/www.pressenza.com\/es\/","name":"Pressenza","description":"International Press Agency","publisher":{"@id":"https:\/\/www.pressenza.com\/es\/#organization"},"potentialAction":[{"@type":"SearchAction","target":{"@type":"EntryPoint","urlTemplate":"https:\/\/www.pressenza.com\/es\/?s={search_term_string}"},"query-input":{"@type":"PropertyValueSpecification","valueRequired":true,"valueName":"search_term_string"}}],"inLanguage":"es"},{"@type":"Organization","@id":"https:\/\/www.pressenza.com\/es\/#organization","name":"Pressenza","url":"https:\/\/www.pressenza.com\/es\/","logo":{"@type":"ImageObject","inLanguage":"es","@id":"https:\/\/www.pressenza.com\/es\/#\/schema\/logo\/image\/","url":"https:\/\/www.pressenza.com\/wp-content\/uploads\/2022\/10\/pressenza_logo_200x200.jpg","contentUrl":"https:\/\/www.pressenza.com\/wp-content\/uploads\/2022\/10\/pressenza_logo_200x200.jpg","width":200,"height":200,"caption":"Pressenza"},"image":{"@id":"https:\/\/www.pressenza.com\/es\/#\/schema\/logo\/image\/"},"sameAs":["https:\/\/www.facebook.com\/PressenzaItalia","https:\/\/x.com\/PressenzaIPA"]},{"@type":"Person","@id":"https:\/\/www.pressenza.com\/es\/#\/schema\/person\/15a1153af1127c772b6a38bf4282bd19","name":"Diario Clever","description":"CLEVER es una nueva plataforma digital que nace como alternativa a los medios de comunicaci\u00f3n tradicionales del Chile. Es un medio digital con especial vocaci\u00f3n a lo audiovisual, creando un espacio de progresismo, amante de la diversidad, tolerante, liberal y democr\u00e1tico.","sameAs":["http:\/\/www.diarioclever.cl\/"],"url":"https:\/\/www.pressenza.com\/es\/author\/diario-clever\/"}]}},"place":"","original_article_url":"http:\/\/www.diarioclever.cl\/la-marcha-de-las-mujeres-exhibe-su-nuevo-poder-politico-en-estados-unidos\/","_links":{"self":[{"href":"https:\/\/www.pressenza.com\/es\/wp-json\/wp\/v2\/posts\/792334","targetHints":{"allow":["GET"]}}],"collection":[{"href":"https:\/\/www.pressenza.com\/es\/wp-json\/wp\/v2\/posts"}],"about":[{"href":"https:\/\/www.pressenza.com\/es\/wp-json\/wp\/v2\/types\/post"}],"author":[{"embeddable":true,"href":"https:\/\/www.pressenza.com\/es\/wp-json\/wp\/v2\/users\/1557"}],"replies":[{"embeddable":true,"href":"https:\/\/www.pressenza.com\/es\/wp-json\/wp\/v2\/comments?post=792334"}],"version-history":[{"count":0,"href":"https:\/\/www.pressenza.com\/es\/wp-json\/wp\/v2\/posts\/792334\/revisions"}],"wp:featuredmedia":[{"embeddable":true,"href":"https:\/\/www.pressenza.com\/es\/wp-json\/wp\/v2\/media\/792335"}],"wp:attachment":[{"href":"https:\/\/www.pressenza.com\/es\/wp-json\/wp\/v2\/media?parent=792334"}],"wp:term":[{"taxonomy":"category","embeddable":true,"href":"https:\/\/www.pressenza.com\/es\/wp-json\/wp\/v2\/categories?post=792334"},{"taxonomy":"post_tag","embeddable":true,"href":"https:\/\/www.pressenza.com\/es\/wp-json\/wp\/v2\/tags?post=792334"}],"curies":[{"name":"wp","href":"https:\/\/api.w.org\/{rel}","templated":true}]}}