{"id":791159,"date":"2019-01-19T16:25:46","date_gmt":"2019-01-19T16:25:46","guid":{"rendered":"https:\/\/www.pressenza.com\/?p=791159"},"modified":"2019-01-19T16:29:05","modified_gmt":"2019-01-19T16:29:05","slug":"que-cese-la-horrible-noche-en-colombia","status":"publish","type":"post","link":"https:\/\/www.pressenza.com\/es\/2019\/01\/que-cese-la-horrible-noche-en-colombia\/","title":{"rendered":"Que cese la horrible noche en Colombia"},"content":{"rendered":"<p><em>El crimen de Maritza Quiroz, los l\u00edderes y lideresas sociales y reclamantes de tierras deben ser esclarecidos, los culpables, no solo los gatilleros, deben responder por sus delitos.<\/em><\/p>\n<p><em><strong>Por Piedad C\u00f3rdoba<\/strong><\/em><\/p>\n<p>Maritza Quiroz era menuda, con el aire de dignidad que acompa\u00f1a a quienes han sufrido los rigores de la injusticia. La violencia, que se ha hecho el peor de los vicios colombianos, la oblig\u00f3 a dejar su tierra, tambi\u00e9n le arrebat\u00f3 a su esposo. Pero ella se sobrepuso al miedo, a la desesperanza. Con serenidad y prudencia, ajena a protagonismos, asumi\u00f3 el liderazgo\u00a0de las mujeres afrodescendientes v\u00edctimas de desplazamiento en la zona rural de Santa Marta y fue suplente de la Mesa de V\u00edctimas de la ciudad. Ese esfuerzo por el derecho a trabajar la tierra para ganarse el sustento, le cost\u00f3 la vida. Su ausencia, afecta a las comunidades del Magdalena, a las v\u00edctimas de desplazamiento y a los reclamantes de tierras, pero sobre todo a sus cuatro hijos, ahora hu\u00e9rfanos y con el futuro en vilo. No es justo que esto contin\u00fae sucediendo, que el gobierno siga sin intervenir, que contin\u00fae sin ejercer su mandato constitucional, el de proteger el bienestar y la vida de sus ciudadanos. De nada valen los p\u00e9sames, de nada la ef\u00edmera indignaci\u00f3n en Twitter, plagada de lugares comunes. Son vac\u00edos los discursos que prometen soluciones, as\u00ed como las reuniones de las que no salen medidas efectivas para detener el de sangre. As\u00ed mismo, en nada contribuye la indiferencia c\u00f3mplice de una sociedad que se reh\u00fasa a entender que esto es asunto de todos. Esa apat\u00eda contribuye a que estos colombianos contin\u00faen siendo exterminados. La muerte de Maritza Quiroz, como la de todos y todas aquellas que la han antecedido es una absoluta verg\u00fcenza para nuestra sociedad y debemos intervenir.<\/p>\n<p>Desde mayo de 2018, las autoridades hab\u00edan declarado una alerta sobre los riesgos que se cern\u00edan para las personas como Maritza Quiroz en la zona rural de Santa Marta. En esta regi\u00f3n, se encuentran Los Pachencas, entre otros. Se trata de unos delincuentes descendientes del Bloque Tayrona que sembr\u00f3 de terror paramilitar al Magdalena. De acuerdo con un documento del Ministerio P\u00fablico, este grupo ejerce poder y control absoluto en la regi\u00f3n cercana a Santa Marta, \u00bfc\u00f3mo es esto posible? En otro aparte del informe, se indica que los miembros de este grupo tienen especial inter\u00e9s en temas de tierras, cita que por cada negocio de finca ra\u00edz cobran un gravamen del 10 %. Asimismo, los negocios que m\u00e1s les interesan son los que involucran a extranjeros. Los delincuentes les piden a los due\u00f1os que suban el valor de los inmuebles para as\u00ed lucrarse de cada negocio, a quienes se reh\u00fasan, los amenazan.<\/p>\n<p>A estos factores se suma que entre 2011 y 2017 se instauraron 511 solicitudes de reclamaci\u00f3n de tierra en esta regi\u00f3n. En el informe se indica que micro focalizar los predios afectados es una tarea dispendiosa debido a la constante presencia de grupos armados ilegales, en particular, en el corregimiento de Guachaca.<\/p>\n<p>A Maritza Quiroz, los violentos la encontraron en la parcela que el Incoder le hab\u00eda asignado a ella y a otras ocho mujeres para sembrar. A diferencia de las otras reclamantes, Maritza s\u00ed se decidi\u00f3 a cultivar. Lo hizo, pese al peligro, para poder sobrevivir, porque su situaci\u00f3n econ\u00f3mica era dif\u00edcil y tambi\u00e9n porque era una mujer campesina, heredera de una tradici\u00f3n ancestral que seguro llevaba en la sangre. Por eso tambi\u00e9n, hac\u00eda parte de un programa de la Alcald\u00eda de Santa Marta, La Sierra vuelve a sembrar. Los asesinos llegaron de madrugada y la ultimaron sin concesiones, sin temor, porque saben que los protege un manto de terror y de complicidad que los mantiene impunes.<\/p>\n<p>De acuerdo a las autoridades, Maritza Quiroz no hab\u00eda reportado amenazas, pero s\u00ed lo hab\u00edan hecho las dem\u00e1s mujeres del predio de San Isidro. Su asesinato es uno m\u00e1s de los 566 que seg\u00fan Indepaz se han perpetrado desde el primero de enero de 2016 hasta el 10 de enero de 2019. De ellos, 252 fueron cometidos en 2018. Cr\u00edmenes contra personas honradas, trabajadoras del campo, que solo quer\u00edan cultivar y cosechar la tierra, fuente de su sustento y el de sus familias. Ciudadanos que ten\u00edan derechos constitucionales, a quienes el Estado deb\u00eda proteger y garantizar salud, educaci\u00f3n, seguridad, pero a quienes abandon\u00f3, conden\u00e1ndolos a la pobreza y la violencia. C\u00f3mo podemos, los colombianos y colombianas mantenernos impasibles ante esta tragedia. C\u00f3mo podremos vernos al espejo de la historia y saber que no hicimos nada por detener esta agresi\u00f3n sistem\u00e1tica contra nuestros compatriotas.<\/p>\n<p><strong>Colombia debe recuperar su capacidad de asombro ante la violencia,\u00a0<\/strong><strong>de indignaci\u00f3n ante la injusticia<\/strong><\/p>\n<p>Maritza Quiroz, como Alan Eder Mostacilla, Wilson P\u00e9rez Ascanio, Jos\u00e9 Rafael Solano Gonz\u00e1lez, Gilberto Valencia, Wilmer Antonio Miranda Cabrera, Miguel Antonio Guti\u00e9rrez son las primeras v\u00edctimas de 2019. Qu\u00e9 ser\u00e1 de sus familias, cu\u00e1ntas otras familias colombianas quedar\u00e1n hu\u00e9rfanas, cu\u00e1ntos destinos m\u00e1s ser\u00e1n truncados por la brutalidad de estos delincuentes, brazos armados de intereses nefastos. Hasta cu\u00e1ndo el gobierno seguir\u00e1 sin actuar, pese a la multitud de informes y reportes de organizaciones independientes, internacionales y del propio Estado que se\u00f1alan la magnitud y gravedad de la situaci\u00f3n. C\u00f3mo es posible que estas muertes no susciten una reacci\u00f3n inmediata por parte del Estado y la sociedad civil.<\/p>\n<p>Colombia debe recuperar su capacidad de asombro ante la violencia, de indignaci\u00f3n ante la injusticia. Debe aprender a exigir equidad para todos sus ciudadanos, sin importar g\u00e9nero o condici\u00f3n social, raza, o ideolog\u00eda. Como sociedad no podemos permitir que se perpet\u00fae la violencia contra nuestros compatriotas m\u00e1s vulnerables por el solo hecho de querer vivir en condiciones dignas. De igual manera, la reivindicaci\u00f3n de los derechos civiles y humanos no puede seguir siendo motivo para ser perseguido o asesinado impunemente en Colombia. C\u00f3mo es esto posible, c\u00f3mo se puede justificar.<\/p>\n<p>El crimen contra Maritza Quiroz, as\u00ed como contra todos los y las defensoras y defensores de derechos humanos, l\u00edderes y lideresas sociales y reclamantes de tierras deben ser esclarecidos, deben detenerse. Los culpables, no solo los gatilleros, deben responder por sus delitos. El pa\u00eds debe exigirlo, de lo contrario estaremos perpetuando el ciclo de la violencia. Nuestro silencio e impasividad alienta y justifica la intimidaci\u00f3n contra estos colombianos y colombianas. Entonces, debemos preguntarnos como sociedad si ese es el camino que queremos seguir recorriendo, si es que acaso no hemos aprendido nada y vamos a seguir sembrando tormentas y cultivando tumbas. \u00bfEs ese el legado que queremos dejar para el futuro?<\/p>\n","protected":false},"excerpt":{"rendered":"<p>El crimen de Maritza Quiroz, los l\u00edderes y lideresas sociales y reclamantes de tierras deben ser esclarecidos, los culpables, no solo los gatilleros, deben responder por sus delitos. Por Piedad C\u00f3rdoba Maritza Quiroz era menuda, con el aire de dignidad&hellip;<\/p>\n","protected":false},"author":1053,"featured_media":791160,"comment_status":"closed","ping_status":"closed","sticky":false,"template":"","format":"standard","meta":{"footnotes":""},"categories":[79,161,67],"tags":[42907,30,12416,53827,29274,16453],"class_list":["post-791159","post","type-post","status-publish","format-standard","has-post-thumbnail","hentry","category-derechos-humanos","category-opiniones","category-sudamerica","tag-asesinato-de-lideres-sociales","tag-colombia","tag-criminalizacion-de-la-protesta","tag-defensores-de-derechos-humanos","tag-persecucion-politica","tag-piedad-cordoba"],"yoast_head":"<!-- This site is optimized with the Yoast SEO plugin v27.1.1 - https:\/\/yoast.com\/product\/yoast-seo-wordpress\/ -->\n<title>Que cese la horrible noche en Colombia<\/title>\n<meta name=\"description\" content=\"El crimen de Maritza Quiroz, los l\u00edderes y lideresas sociales y reclamantes de tierras deben ser esclarecidos, los culpables, no solo los gatilleros,\" \/>\n<meta name=\"robots\" content=\"index, follow, max-snippet:-1, max-image-preview:large, max-video-preview:-1\" \/>\n<link rel=\"canonical\" href=\"https:\/\/www.pressenza.com\/es\/2019\/01\/que-cese-la-horrible-noche-en-colombia\/\" \/>\n<meta property=\"og:locale\" content=\"es_ES\" \/>\n<meta property=\"og:type\" content=\"article\" \/>\n<meta property=\"og:title\" content=\"Que cese la horrible noche en Colombia\" \/>\n<meta property=\"og:description\" content=\"El crimen de Maritza Quiroz, los l\u00edderes y lideresas sociales y reclamantes de tierras deben ser esclarecidos, los culpables, no solo los gatilleros,\" \/>\n<meta property=\"og:url\" content=\"https:\/\/www.pressenza.com\/es\/2019\/01\/que-cese-la-horrible-noche-en-colombia\/\" \/>\n<meta property=\"og:site_name\" content=\"Pressenza\" \/>\n<meta property=\"article:publisher\" content=\"https:\/\/www.facebook.com\/PressenzaItalia\" \/>\n<meta property=\"article:published_time\" content=\"2019-01-19T16:25:46+00:00\" \/>\n<meta property=\"article:modified_time\" content=\"2019-01-19T16:29:05+00:00\" \/>\n<meta property=\"og:image\" content=\"https:\/\/www.pressenza.com\/wp-content\/uploads\/2019\/01\/maritza-queiroz-d-1.jpg\" \/>\n\t<meta property=\"og:image:width\" content=\"750\" \/>\n\t<meta property=\"og:image:height\" content=\"420\" \/>\n\t<meta property=\"og:image:type\" content=\"image\/jpeg\" \/>\n<meta name=\"author\" content=\"Redacci\u00f3n Colombia\" \/>\n<meta name=\"twitter:card\" content=\"summary_large_image\" \/>\n<meta name=\"twitter:creator\" content=\"@PressenzaIPA\" \/>\n<meta name=\"twitter:site\" content=\"@PressenzaIPA\" \/>\n<meta name=\"twitter:label1\" content=\"Escrito por\" \/>\n\t<meta name=\"twitter:data1\" content=\"Redacci\u00f3n Colombia\" \/>\n\t<meta name=\"twitter:label2\" content=\"Tiempo de lectura\" \/>\n\t<meta name=\"twitter:data2\" content=\"6 minutos\" \/>\n<script type=\"application\/ld+json\" class=\"yoast-schema-graph\">{\"@context\":\"https:\/\/schema.org\",\"@graph\":[{\"@type\":\"Article\",\"@id\":\"https:\/\/www.pressenza.com\/es\/2019\/01\/que-cese-la-horrible-noche-en-colombia\/#article\",\"isPartOf\":{\"@id\":\"https:\/\/www.pressenza.com\/es\/2019\/01\/que-cese-la-horrible-noche-en-colombia\/\"},\"author\":{\"name\":\"Redacci\u00f3n Colombia\",\"@id\":\"https:\/\/www.pressenza.com\/es\/#\/schema\/person\/7c8ee170a4502d638436c91e385315f2\"},\"headline\":\"Que cese la horrible noche en Colombia\",\"datePublished\":\"2019-01-19T16:25:46+00:00\",\"dateModified\":\"2019-01-19T16:29:05+00:00\",\"mainEntityOfPage\":{\"@id\":\"https:\/\/www.pressenza.com\/es\/2019\/01\/que-cese-la-horrible-noche-en-colombia\/\"},\"wordCount\":1162,\"publisher\":{\"@id\":\"https:\/\/www.pressenza.com\/es\/#organization\"},\"image\":{\"@id\":\"https:\/\/www.pressenza.com\/es\/2019\/01\/que-cese-la-horrible-noche-en-colombia\/#primaryimage\"},\"thumbnailUrl\":\"https:\/\/www.pressenza.com\/wp-content\/uploads\/2019\/01\/maritza-queiroz-d-1.jpg\",\"keywords\":[\"asesinato de l\u00edderes sociales\",\"Colombia\",\"Criminalizaci\u00f3n de la protesta\",\"defensores de derechos humanos\",\"persecuci\u00f3n pol\u00edtica\",\"Piedad C\u00f3rdoba\"],\"articleSection\":[\"Derechos Humanos\",\"Opiniones\",\"Sudam\u00e9rica\"],\"inLanguage\":\"es\"},{\"@type\":\"WebPage\",\"@id\":\"https:\/\/www.pressenza.com\/es\/2019\/01\/que-cese-la-horrible-noche-en-colombia\/\",\"url\":\"https:\/\/www.pressenza.com\/es\/2019\/01\/que-cese-la-horrible-noche-en-colombia\/\",\"name\":\"Que cese la horrible noche en Colombia\",\"isPartOf\":{\"@id\":\"https:\/\/www.pressenza.com\/es\/#website\"},\"primaryImageOfPage\":{\"@id\":\"https:\/\/www.pressenza.com\/es\/2019\/01\/que-cese-la-horrible-noche-en-colombia\/#primaryimage\"},\"image\":{\"@id\":\"https:\/\/www.pressenza.com\/es\/2019\/01\/que-cese-la-horrible-noche-en-colombia\/#primaryimage\"},\"thumbnailUrl\":\"https:\/\/www.pressenza.com\/wp-content\/uploads\/2019\/01\/maritza-queiroz-d-1.jpg\",\"datePublished\":\"2019-01-19T16:25:46+00:00\",\"dateModified\":\"2019-01-19T16:29:05+00:00\",\"description\":\"El crimen de Maritza Quiroz, los l\u00edderes y lideresas sociales y reclamantes de tierras deben ser esclarecidos, los culpables, no solo los gatilleros,\",\"breadcrumb\":{\"@id\":\"https:\/\/www.pressenza.com\/es\/2019\/01\/que-cese-la-horrible-noche-en-colombia\/#breadcrumb\"},\"inLanguage\":\"es\",\"potentialAction\":[{\"@type\":\"ReadAction\",\"target\":[\"https:\/\/www.pressenza.com\/es\/2019\/01\/que-cese-la-horrible-noche-en-colombia\/\"]}]},{\"@type\":\"ImageObject\",\"inLanguage\":\"es\",\"@id\":\"https:\/\/www.pressenza.com\/es\/2019\/01\/que-cese-la-horrible-noche-en-colombia\/#primaryimage\",\"url\":\"https:\/\/www.pressenza.com\/wp-content\/uploads\/2019\/01\/maritza-queiroz-d-1.jpg\",\"contentUrl\":\"https:\/\/www.pressenza.com\/wp-content\/uploads\/2019\/01\/maritza-queiroz-d-1.jpg\",\"width\":750,\"height\":420},{\"@type\":\"BreadcrumbList\",\"@id\":\"https:\/\/www.pressenza.com\/es\/2019\/01\/que-cese-la-horrible-noche-en-colombia\/#breadcrumb\",\"itemListElement\":[{\"@type\":\"ListItem\",\"position\":1,\"name\":\"Accueil\",\"item\":\"https:\/\/www.pressenza.com\/es\/\"},{\"@type\":\"ListItem\",\"position\":2,\"name\":\"Que cese la horrible noche en Colombia\"}]},{\"@type\":\"WebSite\",\"@id\":\"https:\/\/www.pressenza.com\/es\/#website\",\"url\":\"https:\/\/www.pressenza.com\/es\/\",\"name\":\"Pressenza\",\"description\":\"International Press Agency\",\"publisher\":{\"@id\":\"https:\/\/www.pressenza.com\/es\/#organization\"},\"potentialAction\":[{\"@type\":\"SearchAction\",\"target\":{\"@type\":\"EntryPoint\",\"urlTemplate\":\"https:\/\/www.pressenza.com\/es\/?s={search_term_string}\"},\"query-input\":{\"@type\":\"PropertyValueSpecification\",\"valueRequired\":true,\"valueName\":\"search_term_string\"}}],\"inLanguage\":\"es\"},{\"@type\":\"Organization\",\"@id\":\"https:\/\/www.pressenza.com\/es\/#organization\",\"name\":\"Pressenza\",\"url\":\"https:\/\/www.pressenza.com\/es\/\",\"logo\":{\"@type\":\"ImageObject\",\"inLanguage\":\"es\",\"@id\":\"https:\/\/www.pressenza.com\/es\/#\/schema\/logo\/image\/\",\"url\":\"https:\/\/www.pressenza.com\/wp-content\/uploads\/2022\/10\/pressenza_logo_200x200.jpg\",\"contentUrl\":\"https:\/\/www.pressenza.com\/wp-content\/uploads\/2022\/10\/pressenza_logo_200x200.jpg\",\"width\":200,\"height\":200,\"caption\":\"Pressenza\"},\"image\":{\"@id\":\"https:\/\/www.pressenza.com\/es\/#\/schema\/logo\/image\/\"},\"sameAs\":[\"https:\/\/www.facebook.com\/PressenzaItalia\",\"https:\/\/x.com\/PressenzaIPA\"]},{\"@type\":\"Person\",\"@id\":\"https:\/\/www.pressenza.com\/es\/#\/schema\/person\/7c8ee170a4502d638436c91e385315f2\",\"name\":\"Redacci\u00f3n Colombia\",\"description\":\"News published by the Pressenza bureau in Colombia\",\"url\":\"https:\/\/www.pressenza.com\/es\/author\/redaccion-colombia\/\"}]}<\/script>\n<!-- \/ Yoast SEO plugin. -->","yoast_head_json":{"title":"Que cese la horrible noche en Colombia","description":"El crimen de Maritza Quiroz, los l\u00edderes y lideresas sociales y reclamantes de tierras deben ser esclarecidos, los culpables, no solo los gatilleros,","robots":{"index":"index","follow":"follow","max-snippet":"max-snippet:-1","max-image-preview":"max-image-preview:large","max-video-preview":"max-video-preview:-1"},"canonical":"https:\/\/www.pressenza.com\/es\/2019\/01\/que-cese-la-horrible-noche-en-colombia\/","og_locale":"es_ES","og_type":"article","og_title":"Que cese la horrible noche en Colombia","og_description":"El crimen de Maritza Quiroz, los l\u00edderes y lideresas sociales y reclamantes de tierras deben ser esclarecidos, los culpables, no solo los gatilleros,","og_url":"https:\/\/www.pressenza.com\/es\/2019\/01\/que-cese-la-horrible-noche-en-colombia\/","og_site_name":"Pressenza","article_publisher":"https:\/\/www.facebook.com\/PressenzaItalia","article_published_time":"2019-01-19T16:25:46+00:00","article_modified_time":"2019-01-19T16:29:05+00:00","og_image":[{"width":750,"height":420,"url":"https:\/\/www.pressenza.com\/wp-content\/uploads\/2019\/01\/maritza-queiroz-d-1.jpg","type":"image\/jpeg"}],"author":"Redacci\u00f3n Colombia","twitter_card":"summary_large_image","twitter_creator":"@PressenzaIPA","twitter_site":"@PressenzaIPA","twitter_misc":{"Escrito por":"Redacci\u00f3n Colombia","Tiempo de lectura":"6 minutos"},"schema":{"@context":"https:\/\/schema.org","@graph":[{"@type":"Article","@id":"https:\/\/www.pressenza.com\/es\/2019\/01\/que-cese-la-horrible-noche-en-colombia\/#article","isPartOf":{"@id":"https:\/\/www.pressenza.com\/es\/2019\/01\/que-cese-la-horrible-noche-en-colombia\/"},"author":{"name":"Redacci\u00f3n Colombia","@id":"https:\/\/www.pressenza.com\/es\/#\/schema\/person\/7c8ee170a4502d638436c91e385315f2"},"headline":"Que cese la horrible noche en Colombia","datePublished":"2019-01-19T16:25:46+00:00","dateModified":"2019-01-19T16:29:05+00:00","mainEntityOfPage":{"@id":"https:\/\/www.pressenza.com\/es\/2019\/01\/que-cese-la-horrible-noche-en-colombia\/"},"wordCount":1162,"publisher":{"@id":"https:\/\/www.pressenza.com\/es\/#organization"},"image":{"@id":"https:\/\/www.pressenza.com\/es\/2019\/01\/que-cese-la-horrible-noche-en-colombia\/#primaryimage"},"thumbnailUrl":"https:\/\/www.pressenza.com\/wp-content\/uploads\/2019\/01\/maritza-queiroz-d-1.jpg","keywords":["asesinato de l\u00edderes sociales","Colombia","Criminalizaci\u00f3n de la protesta","defensores de derechos humanos","persecuci\u00f3n pol\u00edtica","Piedad C\u00f3rdoba"],"articleSection":["Derechos Humanos","Opiniones","Sudam\u00e9rica"],"inLanguage":"es"},{"@type":"WebPage","@id":"https:\/\/www.pressenza.com\/es\/2019\/01\/que-cese-la-horrible-noche-en-colombia\/","url":"https:\/\/www.pressenza.com\/es\/2019\/01\/que-cese-la-horrible-noche-en-colombia\/","name":"Que cese la horrible noche en Colombia","isPartOf":{"@id":"https:\/\/www.pressenza.com\/es\/#website"},"primaryImageOfPage":{"@id":"https:\/\/www.pressenza.com\/es\/2019\/01\/que-cese-la-horrible-noche-en-colombia\/#primaryimage"},"image":{"@id":"https:\/\/www.pressenza.com\/es\/2019\/01\/que-cese-la-horrible-noche-en-colombia\/#primaryimage"},"thumbnailUrl":"https:\/\/www.pressenza.com\/wp-content\/uploads\/2019\/01\/maritza-queiroz-d-1.jpg","datePublished":"2019-01-19T16:25:46+00:00","dateModified":"2019-01-19T16:29:05+00:00","description":"El crimen de Maritza Quiroz, los l\u00edderes y lideresas sociales y reclamantes de tierras deben ser esclarecidos, los culpables, no solo los gatilleros,","breadcrumb":{"@id":"https:\/\/www.pressenza.com\/es\/2019\/01\/que-cese-la-horrible-noche-en-colombia\/#breadcrumb"},"inLanguage":"es","potentialAction":[{"@type":"ReadAction","target":["https:\/\/www.pressenza.com\/es\/2019\/01\/que-cese-la-horrible-noche-en-colombia\/"]}]},{"@type":"ImageObject","inLanguage":"es","@id":"https:\/\/www.pressenza.com\/es\/2019\/01\/que-cese-la-horrible-noche-en-colombia\/#primaryimage","url":"https:\/\/www.pressenza.com\/wp-content\/uploads\/2019\/01\/maritza-queiroz-d-1.jpg","contentUrl":"https:\/\/www.pressenza.com\/wp-content\/uploads\/2019\/01\/maritza-queiroz-d-1.jpg","width":750,"height":420},{"@type":"BreadcrumbList","@id":"https:\/\/www.pressenza.com\/es\/2019\/01\/que-cese-la-horrible-noche-en-colombia\/#breadcrumb","itemListElement":[{"@type":"ListItem","position":1,"name":"Accueil","item":"https:\/\/www.pressenza.com\/es\/"},{"@type":"ListItem","position":2,"name":"Que cese la horrible noche en Colombia"}]},{"@type":"WebSite","@id":"https:\/\/www.pressenza.com\/es\/#website","url":"https:\/\/www.pressenza.com\/es\/","name":"Pressenza","description":"International Press Agency","publisher":{"@id":"https:\/\/www.pressenza.com\/es\/#organization"},"potentialAction":[{"@type":"SearchAction","target":{"@type":"EntryPoint","urlTemplate":"https:\/\/www.pressenza.com\/es\/?s={search_term_string}"},"query-input":{"@type":"PropertyValueSpecification","valueRequired":true,"valueName":"search_term_string"}}],"inLanguage":"es"},{"@type":"Organization","@id":"https:\/\/www.pressenza.com\/es\/#organization","name":"Pressenza","url":"https:\/\/www.pressenza.com\/es\/","logo":{"@type":"ImageObject","inLanguage":"es","@id":"https:\/\/www.pressenza.com\/es\/#\/schema\/logo\/image\/","url":"https:\/\/www.pressenza.com\/wp-content\/uploads\/2022\/10\/pressenza_logo_200x200.jpg","contentUrl":"https:\/\/www.pressenza.com\/wp-content\/uploads\/2022\/10\/pressenza_logo_200x200.jpg","width":200,"height":200,"caption":"Pressenza"},"image":{"@id":"https:\/\/www.pressenza.com\/es\/#\/schema\/logo\/image\/"},"sameAs":["https:\/\/www.facebook.com\/PressenzaItalia","https:\/\/x.com\/PressenzaIPA"]},{"@type":"Person","@id":"https:\/\/www.pressenza.com\/es\/#\/schema\/person\/7c8ee170a4502d638436c91e385315f2","name":"Redacci\u00f3n Colombia","description":"News published by the Pressenza bureau in Colombia","url":"https:\/\/www.pressenza.com\/es\/author\/redaccion-colombia\/"}]}},"place":"Piedad C\u00f3rdoba - las2orillas.co","original_article_url":"https:\/\/www.las2orillas.co\/que-cese-la-horrible-noche\/#.XENMV2Ll-c8.whatsapp","_links":{"self":[{"href":"https:\/\/www.pressenza.com\/es\/wp-json\/wp\/v2\/posts\/791159","targetHints":{"allow":["GET"]}}],"collection":[{"href":"https:\/\/www.pressenza.com\/es\/wp-json\/wp\/v2\/posts"}],"about":[{"href":"https:\/\/www.pressenza.com\/es\/wp-json\/wp\/v2\/types\/post"}],"author":[{"embeddable":true,"href":"https:\/\/www.pressenza.com\/es\/wp-json\/wp\/v2\/users\/1053"}],"replies":[{"embeddable":true,"href":"https:\/\/www.pressenza.com\/es\/wp-json\/wp\/v2\/comments?post=791159"}],"version-history":[{"count":0,"href":"https:\/\/www.pressenza.com\/es\/wp-json\/wp\/v2\/posts\/791159\/revisions"}],"wp:featuredmedia":[{"embeddable":true,"href":"https:\/\/www.pressenza.com\/es\/wp-json\/wp\/v2\/media\/791160"}],"wp:attachment":[{"href":"https:\/\/www.pressenza.com\/es\/wp-json\/wp\/v2\/media?parent=791159"}],"wp:term":[{"taxonomy":"category","embeddable":true,"href":"https:\/\/www.pressenza.com\/es\/wp-json\/wp\/v2\/categories?post=791159"},{"taxonomy":"post_tag","embeddable":true,"href":"https:\/\/www.pressenza.com\/es\/wp-json\/wp\/v2\/tags?post=791159"}],"curies":[{"name":"wp","href":"https:\/\/api.w.org\/{rel}","templated":true}]}}